{"id":1106,"date":"2022-05-26T13:42:17","date_gmt":"2022-05-26T13:42:17","guid":{"rendered":"https:\/\/www.retedeldono.it\/magazine\/?p=1106"},"modified":"2022-07-21T13:25:47","modified_gmt":"2022-07-21T13:25:47","slug":"donor-hero-mascotte-dono-alieno-pensa-altri","status":"publish","type":"post","link":"https:\/\/www.retedeldono.it\/magazine\/donor-hero-mascotte-dono-alieno-pensa-altri\/","title":{"rendered":"Donor Hero: coraggio e inclusione in prima linea"},"content":{"rendered":"\r\n<p>Luned\u00ec abbiamo celebrato la chiusura della prima edizione di <a href=\"https:\/\/www.donorhero.it\/\" target=\"_blank\" rel=\"noreferrer noopener\">Donor Hero<\/a>, gli eroi del dono nascono a scuola. L\u2019evento \u00e8 stato il momento giusto per premiare i giovani alunni che hanno partecipato al concorso per dare un volto a Donor Hero.<\/p>\r\n\r\n\r\n\r\n<p>Il vincitore ha proposto un simpatico personaggio che in un colpo d\u2019occhio ricorda che solidariet\u00e0 e cittadinanza attiva non sono cose da grandi, ma valori che interessano anche i pi\u00f9 piccoli.\u00a0<\/p>\r\n\r\n\r\n\r\n<p><strong>Il progetto Donor Hero<\/strong><\/p>\r\n\r\n\r\n\r\n<p>Ideato da noi di Rete del Dono insieme a Fundraiser per Passione, Donor Hero \u00e8 un <strong><a href=\"https:\/\/blog.retedeldono.it\/it\/donor-hero-eroi-del-dono-a-scuola\">percorso didattico interdisciplinare<\/a><\/strong> di avvicinamento al dono che parte dal gioco e approda al compito di realt\u00e0, con l\u2019attivazione concreta di una campagna di fundraising. Compilando il form di registrazione, ogni classe accede al <strong>Kit scaricabile<\/strong> (la traccia di supporto per tutti gli insegnanti che comprende 7 moduli didattici) e rimane aggiornata sui momenti di <strong>Sharing experience<\/strong> e di condivisione del lavoro in itinere.<\/p>\r\n\r\n\r\n\r\n<p><strong>Protagonisti in prima persona<\/strong><\/p>\r\n\r\n\r\n\r\n<p>Al Concorso per scegliere la Mascotte di Donor Hero hanno partecipato ben 67 disegni dei bambini di 5 delle classi partecipanti al progetto. Gli alunni, a percorso didattico in corso, nei loro lavori hanno riversato e rielaborato con grande creativit\u00e0 molti dei contenuti su cui hanno riflettuto: il valore di collaborazione, circolarit\u00e0 e gratuit\u00e0 e l\u2019importanza degli Obiettivi dell\u2019Agenda 2030. Segno che per loro non sono solo nozioni, ma parti della realt\u00e0 che vogliono vivere concretamente e in cui vogliono mettersi in gioco.<\/p>\r\n\r\n\r\n\r\n<p><strong>I disegni finalisti<\/strong><\/p>\r\n\r\n\r\n\r\n<p>Sono stati 10 i disegni finalisti, valutati da Nicola Bedogni (Presidente Assif), Rita Dal Molin (Direttrice CSV Vicenza), Elena Giunta (Direttrice di SHIFT), Laura Lugli (Direttrice Fundraiserperpassione) e Valeria Vitali (Co-founder Rete del Dono). Gaia, della IV A dell\u2019Istituto Orsoline di San Carlo (Milano) ha colpito la giuria perch\u00e9 sottolinea l\u2019importanza di coltivare le relazioni e coinvolgere gli altri nel fundraising. Il compagno Leonardo, invece, ben rappresenta la felicit\u00e0 che porta il donare. Alice Angelina, della V A della Scuola primaria G. Giusti (Vicenza), ha pensato a un\u2019eroina dinamica e attenta ai temi ambientali, mentre la compagna Gemma parla del valore della pace, cos\u00ec di attualit\u00e0. Giovanni, della IV C dell\u2019Istituto Orsoline di San Carlo, pensa al dono come un \u201caggiustatutto\u201d del mondo e Lorenzo si concentra su problemi apparentemente lontani da lui come la mancanza d\u2019acqua. Nella IV B Mia immagina un supereroe coniglio scattante, Rachele una volpe intelligente, Gemma una ragazza pronta a fare la differenza, perch\u00e9 il cambiamento del mondo parte dalle piccole azioni che pu\u00f2 fare ciascuno di noi.<\/p>\r\n\r\n\r\n\r\n<p><strong>D.H., la mascotte<\/strong><\/p>\r\n\r\n\r\n\r\n<p>Coraggio, amicizia, gentilezza, condivisione, felicit\u00e0, amore, libert\u00e0. Sette messaggi, come i sette moduli del progetto Donor Hero e i sette \u201ctentacoli\u201d che sparano regali di D.H., l\u2019alieno blu e giallo che \u00e8 stato scelto come mascotte. L\u2019autore \u00e8 Leone, della IV B dell\u2019Istituto Orsoline di San Carlo: ha pensato a un personaggio inclusivo, perch\u00e9 possono riconoscervi tutti i bambini e le bambine, e che trasmette una grande attenzione agli altri con i suoi tre occhi che guardano in tutte le direzioni. Un disegno che, insieme agli altri, d\u00e0 l\u2019idea di quanto il percorso abbia colpito i ragazzi: \u201cDonor Hero ha entusiasmato i nostri alunni e ha arricchito noi e le loro famiglie parlando di aspetti concreti che normalmente non si trattano a scuola\u201d dice Loredana, insegnante della V A della Scuola primaria G. Giusti. La classe, grazie alla raccolta fondi che ha lanciato come ultima tappa del progetto, ha fornito la cancelleria per i bambini ucraini profughi a Vicenza.<strong><a href=\"https:\/\/blog.retedeldono.it\/it\/scuola-donor-hero\" target=\"_blank\" rel=\"noreferrer noopener\"> Perch\u00e8 gli eroi del dono nascono a scuola<\/a><\/strong>. Proprio come il nostro D.H.<\/p>\r\n","protected":false},"excerpt":{"rendered":"<p>Luned\u00ec abbiamo celebrato la chiusura della prima edizione di Donor Hero, gli eroi del dono nascono a scuola. L\u2019evento \u00e8 stato il momento giusto per premiare i giovani alunni che&#8230;<\/p>\n","protected":false},"author":11,"featured_media":1108,"comment_status":"open","ping_status":"open","sticky":false,"template":"","format":"standard","meta":{"_acf_changed":false,"footnotes":""},"categories":[17],"tags":[],"class_list":{"0":"post-1106","1":"post","2":"type-post","3":"status-publish","4":"format-standard","5":"has-post-thumbnail","7":"category-fundraising"},"acf":{"homepage_rdd":false},"yoast_head":"<!-- This site is optimized with the Yoast SEO plugin v27.5 - https:\/\/yoast.com\/product\/yoast-seo-wordpress\/ -->\n<title>Donor Hero, la &quot;mascotte del dono&quot; \u00e8 un alieno che pensa agli altri<\/title>\n<meta name=\"description\" content=\"Donor Hero, il progetto che porta nelle scuole il tema del dono, taglia il traguardo di quest&#039;anno con una novit\u00e0: nasce la mascotte D.H.\" \/>\n<meta name=\"robots\" content=\"index, follow, max-snippet:-1, max-image-preview:large, max-video-preview:-1\" \/>\n<link rel=\"canonical\" href=\"https:\/\/www.retedeldono.it\/magazine\/donor-hero-mascotte-dono-alieno-pensa-altri\/\" \/>\n<meta property=\"og:locale\" content=\"it_IT\" \/>\n<meta property=\"og:type\" content=\"article\" \/>\n<meta property=\"og:title\" content=\"Donor Hero, la &quot;mascotte del dono&quot; \u00e8 un alieno che pensa agli altri\" \/>\n<meta property=\"og:description\" content=\"Donor Hero, il progetto che porta nelle scuole il tema del dono, taglia il traguardo di quest&#039;anno con una novit\u00e0: nasce la mascotte D.H.\" \/>\n<meta property=\"og:url\" content=\"https:\/\/www.retedeldono.it\/magazine\/donor-hero-mascotte-dono-alieno-pensa-altri\/\" \/>\n<meta property=\"og:site_name\" content=\"Rete del Dono Magazine\" \/>\n<meta property=\"article:publisher\" content=\"https:\/\/www.facebook.com\/retedeldono\/\" \/>\n<meta property=\"article:published_time\" content=\"2022-05-26T13:42:17+00:00\" \/>\n<meta property=\"article:modified_time\" content=\"2022-07-21T13:25:47+00:00\" \/>\n<meta property=\"og:image\" content=\"https:\/\/magazine.retedeldono.it\/wp-content\/uploads\/2022\/05\/donor-hero-mascotte-dono-alieno-pensa-altri.png\" \/>\n\t<meta property=\"og:image:width\" content=\"562\" \/>\n\t<meta property=\"og:image:height\" content=\"415\" \/>\n\t<meta property=\"og:image:type\" content=\"image\/png\" \/>\n<meta name=\"author\" content=\"Elisa Rosso\" \/>\n<meta name=\"twitter:card\" content=\"summary_large_image\" \/>\n<meta name=\"twitter:label1\" content=\"Scritto da\" \/>\n\t<meta name=\"twitter:data1\" content=\"Elisa Rosso\" \/>\n\t<meta name=\"twitter:label2\" content=\"Tempo di lettura stimato\" \/>\n\t<meta name=\"twitter:data2\" content=\"4 minuti\" \/>\n<script type=\"application\/ld+json\" class=\"yoast-schema-graph\">{\"@context\":\"https:\\\/\\\/schema.org\",\"@graph\":[{\"@type\":\"Article\",\"@id\":\"https:\\\/\\\/www.retedeldono.it\\\/magazine\\\/donor-hero-mascotte-dono-alieno-pensa-altri\\\/#article\",\"isPartOf\":{\"@id\":\"https:\\\/\\\/www.retedeldono.it\\\/magazine\\\/donor-hero-mascotte-dono-alieno-pensa-altri\\\/\"},\"author\":{\"name\":\"Elisa Rosso\",\"@id\":\"https:\\\/\\\/www.retedeldono.it\\\/magazine\\\/#\\\/schema\\\/person\\\/dd55a2becb70a4059624bae094c03583\"},\"headline\":\"Donor Hero: coraggio e inclusione in prima linea\",\"datePublished\":\"2022-05-26T13:42:17+00:00\",\"dateModified\":\"2022-07-21T13:25:47+00:00\",\"mainEntityOfPage\":{\"@id\":\"https:\\\/\\\/www.retedeldono.it\\\/magazine\\\/donor-hero-mascotte-dono-alieno-pensa-altri\\\/\"},\"wordCount\":610,\"commentCount\":0,\"image\":{\"@id\":\"https:\\\/\\\/www.retedeldono.it\\\/magazine\\\/donor-hero-mascotte-dono-alieno-pensa-altri\\\/#primaryimage\"},\"thumbnailUrl\":\"https:\\\/\\\/magazine.retedeldono.it\\\/wp-content\\\/uploads\\\/2022\\\/05\\\/donor-hero-mascotte-dono-alieno-pensa-altri.png\",\"articleSection\":[\"Fundraising\"],\"inLanguage\":\"it-IT\",\"potentialAction\":[{\"@type\":\"CommentAction\",\"name\":\"Comment\",\"target\":[\"https:\\\/\\\/www.retedeldono.it\\\/magazine\\\/donor-hero-mascotte-dono-alieno-pensa-altri\\\/#respond\"]}]},{\"@type\":\"WebPage\",\"@id\":\"https:\\\/\\\/www.retedeldono.it\\\/magazine\\\/donor-hero-mascotte-dono-alieno-pensa-altri\\\/\",\"url\":\"https:\\\/\\\/www.retedeldono.it\\\/magazine\\\/donor-hero-mascotte-dono-alieno-pensa-altri\\\/\",\"name\":\"Donor Hero, la \\\"mascotte del dono\\\" \u00e8 un alieno che pensa agli altri\",\"isPartOf\":{\"@id\":\"https:\\\/\\\/www.retedeldono.it\\\/magazine\\\/#website\"},\"primaryImageOfPage\":{\"@id\":\"https:\\\/\\\/www.retedeldono.it\\\/magazine\\\/donor-hero-mascotte-dono-alieno-pensa-altri\\\/#primaryimage\"},\"image\":{\"@id\":\"https:\\\/\\\/www.retedeldono.it\\\/magazine\\\/donor-hero-mascotte-dono-alieno-pensa-altri\\\/#primaryimage\"},\"thumbnailUrl\":\"https:\\\/\\\/magazine.retedeldono.it\\\/wp-content\\\/uploads\\\/2022\\\/05\\\/donor-hero-mascotte-dono-alieno-pensa-altri.png\",\"datePublished\":\"2022-05-26T13:42:17+00:00\",\"dateModified\":\"2022-07-21T13:25:47+00:00\",\"author\":{\"@id\":\"https:\\\/\\\/www.retedeldono.it\\\/magazine\\\/#\\\/schema\\\/person\\\/dd55a2becb70a4059624bae094c03583\"},\"description\":\"Donor Hero, il progetto che porta nelle scuole il tema del dono, taglia il traguardo di quest'anno con una novit\u00e0: nasce la mascotte D.H.\",\"breadcrumb\":{\"@id\":\"https:\\\/\\\/www.retedeldono.it\\\/magazine\\\/donor-hero-mascotte-dono-alieno-pensa-altri\\\/#breadcrumb\"},\"inLanguage\":\"it-IT\",\"potentialAction\":[{\"@type\":\"ReadAction\",\"target\":[\"https:\\\/\\\/www.retedeldono.it\\\/magazine\\\/donor-hero-mascotte-dono-alieno-pensa-altri\\\/\"]}]},{\"@type\":\"ImageObject\",\"inLanguage\":\"it-IT\",\"@id\":\"https:\\\/\\\/www.retedeldono.it\\\/magazine\\\/donor-hero-mascotte-dono-alieno-pensa-altri\\\/#primaryimage\",\"url\":\"https:\\\/\\\/magazine.retedeldono.it\\\/wp-content\\\/uploads\\\/2022\\\/05\\\/donor-hero-mascotte-dono-alieno-pensa-altri.png\",\"contentUrl\":\"https:\\\/\\\/magazine.retedeldono.it\\\/wp-content\\\/uploads\\\/2022\\\/05\\\/donor-hero-mascotte-dono-alieno-pensa-altri.png\",\"width\":562,\"height\":415,\"caption\":\"donor-hero-mascotte-dono-alieno-pensa-altri\"},{\"@type\":\"BreadcrumbList\",\"@id\":\"https:\\\/\\\/www.retedeldono.it\\\/magazine\\\/donor-hero-mascotte-dono-alieno-pensa-altri\\\/#breadcrumb\",\"itemListElement\":[{\"@type\":\"ListItem\",\"position\":1,\"name\":\"Home\",\"item\":\"https:\\\/\\\/www.retedeldono.it\\\/magazine\\\/\"},{\"@type\":\"ListItem\",\"position\":2,\"name\":\"Donor Hero: coraggio e inclusione in prima linea\"}]},{\"@type\":\"WebSite\",\"@id\":\"https:\\\/\\\/www.retedeldono.it\\\/magazine\\\/#website\",\"url\":\"https:\\\/\\\/www.retedeldono.it\\\/magazine\\\/\",\"name\":\"Rete del Dono Magazine\",\"description\":\"Rete del Dono Magazine\",\"potentialAction\":[{\"@type\":\"SearchAction\",\"target\":{\"@type\":\"EntryPoint\",\"urlTemplate\":\"https:\\\/\\\/www.retedeldono.it\\\/magazine\\\/?s={search_term_string}\"},\"query-input\":{\"@type\":\"PropertyValueSpecification\",\"valueRequired\":true,\"valueName\":\"search_term_string\"}}],\"inLanguage\":\"it-IT\"},{\"@type\":\"Person\",\"@id\":\"https:\\\/\\\/www.retedeldono.it\\\/magazine\\\/#\\\/schema\\\/person\\\/dd55a2becb70a4059624bae094c03583\",\"name\":\"Elisa Rosso\",\"image\":{\"@type\":\"ImageObject\",\"inLanguage\":\"it-IT\",\"@id\":\"https:\\\/\\\/secure.gravatar.com\\\/avatar\\\/3aec3818a0581b1c60c2bac3ae3e55d7a00f7084134cbdd18bc732f3d8a8b93f?s=96&d=mm&r=g\",\"url\":\"https:\\\/\\\/secure.gravatar.com\\\/avatar\\\/3aec3818a0581b1c60c2bac3ae3e55d7a00f7084134cbdd18bc732f3d8a8b93f?s=96&d=mm&r=g\",\"contentUrl\":\"https:\\\/\\\/secure.gravatar.com\\\/avatar\\\/3aec3818a0581b1c60c2bac3ae3e55d7a00f7084134cbdd18bc732f3d8a8b93f?s=96&d=mm&r=g\",\"caption\":\"Elisa Rosso\"},\"description\":\"Laureata in Scienze Internazionali e Diplomatiche presso Universit\u00e0 di Torino, lavora da sempre nel non profit e nel sociale con un significativa esperienza nel settore raccolta fondi di grandi e piccole ONP (Amnesty International e NutriAid). Nell\u2019autunno 2016 approda in Rete del Dono, dove si occupa di dare assistenza e consulenza alle ONP e alle Fondazioni per la promozione dei loro progetti e l'ottimizzazione delle campagne di raccolta fondi.\",\"url\":\"https:\\\/\\\/www.retedeldono.it\\\/magazine\\\/author\\\/elisa-rosso\\\/\"}]}<\/script>\n<!-- \/ Yoast SEO plugin. -->","yoast_head_json":{"title":"Donor Hero, la \"mascotte del dono\" \u00e8 un alieno che pensa agli altri","description":"Donor Hero, il progetto che porta nelle scuole il tema del dono, taglia il traguardo di quest'anno con una novit\u00e0: nasce la mascotte D.H.","robots":{"index":"index","follow":"follow","max-snippet":"max-snippet:-1","max-image-preview":"max-image-preview:large","max-video-preview":"max-video-preview:-1"},"canonical":"https:\/\/www.retedeldono.it\/magazine\/donor-hero-mascotte-dono-alieno-pensa-altri\/","og_locale":"it_IT","og_type":"article","og_title":"Donor Hero, la \"mascotte del dono\" \u00e8 un alieno che pensa agli altri","og_description":"Donor Hero, il progetto che porta nelle scuole il tema del dono, taglia il traguardo di quest'anno con una novit\u00e0: nasce la mascotte D.H.","og_url":"https:\/\/www.retedeldono.it\/magazine\/donor-hero-mascotte-dono-alieno-pensa-altri\/","og_site_name":"Rete del Dono Magazine","article_publisher":"https:\/\/www.facebook.com\/retedeldono\/","article_published_time":"2022-05-26T13:42:17+00:00","article_modified_time":"2022-07-21T13:25:47+00:00","og_image":[{"width":562,"height":415,"url":"https:\/\/magazine.retedeldono.it\/wp-content\/uploads\/2022\/05\/donor-hero-mascotte-dono-alieno-pensa-altri.png","type":"image\/png"}],"author":"Elisa Rosso","twitter_card":"summary_large_image","twitter_misc":{"Scritto da":"Elisa Rosso","Tempo di lettura stimato":"4 minuti"},"schema":{"@context":"https:\/\/schema.org","@graph":[{"@type":"Article","@id":"https:\/\/www.retedeldono.it\/magazine\/donor-hero-mascotte-dono-alieno-pensa-altri\/#article","isPartOf":{"@id":"https:\/\/www.retedeldono.it\/magazine\/donor-hero-mascotte-dono-alieno-pensa-altri\/"},"author":{"name":"Elisa Rosso","@id":"https:\/\/www.retedeldono.it\/magazine\/#\/schema\/person\/dd55a2becb70a4059624bae094c03583"},"headline":"Donor Hero: coraggio e inclusione in prima linea","datePublished":"2022-05-26T13:42:17+00:00","dateModified":"2022-07-21T13:25:47+00:00","mainEntityOfPage":{"@id":"https:\/\/www.retedeldono.it\/magazine\/donor-hero-mascotte-dono-alieno-pensa-altri\/"},"wordCount":610,"commentCount":0,"image":{"@id":"https:\/\/www.retedeldono.it\/magazine\/donor-hero-mascotte-dono-alieno-pensa-altri\/#primaryimage"},"thumbnailUrl":"https:\/\/magazine.retedeldono.it\/wp-content\/uploads\/2022\/05\/donor-hero-mascotte-dono-alieno-pensa-altri.png","articleSection":["Fundraising"],"inLanguage":"it-IT","potentialAction":[{"@type":"CommentAction","name":"Comment","target":["https:\/\/www.retedeldono.it\/magazine\/donor-hero-mascotte-dono-alieno-pensa-altri\/#respond"]}]},{"@type":"WebPage","@id":"https:\/\/www.retedeldono.it\/magazine\/donor-hero-mascotte-dono-alieno-pensa-altri\/","url":"https:\/\/www.retedeldono.it\/magazine\/donor-hero-mascotte-dono-alieno-pensa-altri\/","name":"Donor Hero, la \"mascotte del dono\" \u00e8 un alieno che pensa agli altri","isPartOf":{"@id":"https:\/\/www.retedeldono.it\/magazine\/#website"},"primaryImageOfPage":{"@id":"https:\/\/www.retedeldono.it\/magazine\/donor-hero-mascotte-dono-alieno-pensa-altri\/#primaryimage"},"image":{"@id":"https:\/\/www.retedeldono.it\/magazine\/donor-hero-mascotte-dono-alieno-pensa-altri\/#primaryimage"},"thumbnailUrl":"https:\/\/magazine.retedeldono.it\/wp-content\/uploads\/2022\/05\/donor-hero-mascotte-dono-alieno-pensa-altri.png","datePublished":"2022-05-26T13:42:17+00:00","dateModified":"2022-07-21T13:25:47+00:00","author":{"@id":"https:\/\/www.retedeldono.it\/magazine\/#\/schema\/person\/dd55a2becb70a4059624bae094c03583"},"description":"Donor Hero, il progetto che porta nelle scuole il tema del dono, taglia il traguardo di quest'anno con una novit\u00e0: nasce la mascotte D.H.","breadcrumb":{"@id":"https:\/\/www.retedeldono.it\/magazine\/donor-hero-mascotte-dono-alieno-pensa-altri\/#breadcrumb"},"inLanguage":"it-IT","potentialAction":[{"@type":"ReadAction","target":["https:\/\/www.retedeldono.it\/magazine\/donor-hero-mascotte-dono-alieno-pensa-altri\/"]}]},{"@type":"ImageObject","inLanguage":"it-IT","@id":"https:\/\/www.retedeldono.it\/magazine\/donor-hero-mascotte-dono-alieno-pensa-altri\/#primaryimage","url":"https:\/\/magazine.retedeldono.it\/wp-content\/uploads\/2022\/05\/donor-hero-mascotte-dono-alieno-pensa-altri.png","contentUrl":"https:\/\/magazine.retedeldono.it\/wp-content\/uploads\/2022\/05\/donor-hero-mascotte-dono-alieno-pensa-altri.png","width":562,"height":415,"caption":"donor-hero-mascotte-dono-alieno-pensa-altri"},{"@type":"BreadcrumbList","@id":"https:\/\/www.retedeldono.it\/magazine\/donor-hero-mascotte-dono-alieno-pensa-altri\/#breadcrumb","itemListElement":[{"@type":"ListItem","position":1,"name":"Home","item":"https:\/\/www.retedeldono.it\/magazine\/"},{"@type":"ListItem","position":2,"name":"Donor Hero: coraggio e inclusione in prima linea"}]},{"@type":"WebSite","@id":"https:\/\/www.retedeldono.it\/magazine\/#website","url":"https:\/\/www.retedeldono.it\/magazine\/","name":"Rete del Dono Magazine","description":"Rete del Dono Magazine","potentialAction":[{"@type":"SearchAction","target":{"@type":"EntryPoint","urlTemplate":"https:\/\/www.retedeldono.it\/magazine\/?s={search_term_string}"},"query-input":{"@type":"PropertyValueSpecification","valueRequired":true,"valueName":"search_term_string"}}],"inLanguage":"it-IT"},{"@type":"Person","@id":"https:\/\/www.retedeldono.it\/magazine\/#\/schema\/person\/dd55a2becb70a4059624bae094c03583","name":"Elisa Rosso","image":{"@type":"ImageObject","inLanguage":"it-IT","@id":"https:\/\/secure.gravatar.com\/avatar\/3aec3818a0581b1c60c2bac3ae3e55d7a00f7084134cbdd18bc732f3d8a8b93f?s=96&d=mm&r=g","url":"https:\/\/secure.gravatar.com\/avatar\/3aec3818a0581b1c60c2bac3ae3e55d7a00f7084134cbdd18bc732f3d8a8b93f?s=96&d=mm&r=g","contentUrl":"https:\/\/secure.gravatar.com\/avatar\/3aec3818a0581b1c60c2bac3ae3e55d7a00f7084134cbdd18bc732f3d8a8b93f?s=96&d=mm&r=g","caption":"Elisa Rosso"},"description":"Laureata in Scienze Internazionali e Diplomatiche presso Universit\u00e0 di Torino, lavora da sempre nel non profit e nel sociale con un significativa esperienza nel settore raccolta fondi di grandi e piccole ONP (Amnesty International e NutriAid). Nell\u2019autunno 2016 approda in Rete del Dono, dove si occupa di dare assistenza e consulenza alle ONP e alle Fondazioni per la promozione dei loro progetti e l'ottimizzazione delle campagne di raccolta fondi.","url":"https:\/\/www.retedeldono.it\/magazine\/author\/elisa-rosso\/"}]}},"_links":{"self":[{"href":"https:\/\/www.retedeldono.it\/magazine\/wp-json\/wp\/v2\/posts\/1106","targetHints":{"allow":["GET"]}}],"collection":[{"href":"https:\/\/www.retedeldono.it\/magazine\/wp-json\/wp\/v2\/posts"}],"about":[{"href":"https:\/\/www.retedeldono.it\/magazine\/wp-json\/wp\/v2\/types\/post"}],"author":[{"embeddable":true,"href":"https:\/\/www.retedeldono.it\/magazine\/wp-json\/wp\/v2\/users\/11"}],"replies":[{"embeddable":true,"href":"https:\/\/www.retedeldono.it\/magazine\/wp-json\/wp\/v2\/comments?post=1106"}],"version-history":[{"count":0,"href":"https:\/\/www.retedeldono.it\/magazine\/wp-json\/wp\/v2\/posts\/1106\/revisions"}],"wp:featuredmedia":[{"embeddable":true,"href":"https:\/\/www.retedeldono.it\/magazine\/wp-json\/wp\/v2\/media\/1108"}],"wp:attachment":[{"href":"https:\/\/www.retedeldono.it\/magazine\/wp-json\/wp\/v2\/media?parent=1106"}],"wp:term":[{"taxonomy":"category","embeddable":true,"href":"https:\/\/www.retedeldono.it\/magazine\/wp-json\/wp\/v2\/categories?post=1106"},{"taxonomy":"post_tag","embeddable":true,"href":"https:\/\/www.retedeldono.it\/magazine\/wp-json\/wp\/v2\/tags?post=1106"}],"curies":[{"name":"wp","href":"https:\/\/api.w.org\/{rel}","templated":true}]}}