{"id":1124,"date":"2022-06-01T17:41:07","date_gmt":"2022-06-01T17:41:07","guid":{"rendered":"https:\/\/www.retedeldono.it\/magazine\/?p=1124"},"modified":"2022-07-21T13:26:25","modified_gmt":"2022-07-21T13:26:25","slug":"bando-dono-dintorni-2022-creativita-digital-centro","status":"publish","type":"post","link":"https:\/\/www.retedeldono.it\/magazine\/bando-dono-dintorni-2022-creativita-digital-centro\/","title":{"rendered":"Bando Dono e Dintorni 2022: creativit\u00e0 e digital al centro!"},"content":{"rendered":"\n<p>Quest\u2019anno la IV edizione del&nbsp;<strong><a href=\"https:\/\/www.fundraiserperpassione.it\/bandi\/bando-2022\/\" target=\"_blank\" rel=\"noreferrer noopener\">Bando Dono e Dintorni<\/a><\/strong> ha registrato una cifra record di candidature: sono stati tantissimi i fundraiser che hanno sottoposto alla giuria di&nbsp;Rete del Dono e&nbsp;<strong>Fundraiserperpassione<\/strong>&nbsp;le loro campagne di raccolta fondi, originali e coinvolgenti. Ancora pi\u00f9 arduo cos\u00ec \u00e8 stato&nbsp;<strong>proclamare il vincitore, ovvero la migliore esperienza di Personal Fundraising a sostegno di un&#8217;organizzazione non profit, tra i quattro finalisti.&nbsp;<\/strong><\/p>\n\n\n\n<p><strong>Sabrina Schillaci in bici per Race Across Limits<\/strong><\/p>\n\n\n\n<p>Sono 4 anni che Sabrina, da quando un incidente ha reso tetraplegico suo marito, gira l\u2019Italia in bicicletta con la sua campagna solidale <strong><a href=\"https:\/\/www.retedeldono.it\/it\/iniziative\/c.o.me-collaboration\/sabrina.schillaci\/raise-across-limits-2021\" target=\"_blank\" rel=\"noreferrer noopener\">Race Across Limits<\/a><\/strong>. Nel 2021 ha raccolto quasi 6.000 euro e coinvolto oltre 90 donatori&nbsp;a sostegno di&nbsp;<a href=\"https:\/\/www.comecollaboration.org\/it\/\" target=\"_blank\" rel=\"noreferrer noopener\"><strong>Fondazione COME Collaboration<\/strong><\/a>, che si occupa di ricerca e fornire trattamenti osteopatici per neonati prematuri e bambini disabili.<\/p>\n\n\n\n<p><strong>Guglielmo Rampino, la raccolta fondi dal Congo<\/strong><\/p>\n\n\n\n<p>Oltre 6.500 euro \u00e8 l\u2019obiettivo raggiunto invece da Guglielmo, che insieme alla compagna Elena \u00e8 partito per la Repubblica Democratica del Congo per raccogliere fondi direttamente \u201cdal campo\u201d. La campagna&nbsp;<a href=\"https:\/\/www.retedeldono.it\/iniziative\/amka\/elena.merlo\/lets-congo-una-nuova-scuola-a-kanyaka\" target=\"_blank\" rel=\"noreferrer noopener\"><strong>Let\u2019s Congo<\/strong><\/a>, in favore di&nbsp;<strong><a href=\"https:\/\/www.amka.it\/\" target=\"_blank\" rel=\"noreferrer noopener\">AMKA Odv<\/a><\/strong>, ha coinvolto quasi 150 donatori grazie anche alle testimonianze raccolte presso la comunit\u00e0 che avrebbe beneficiato dei fondi: finanziano infatti la ristrutturazione della scuola nel villaggio di Kanyaka.<\/p>\n\n\n\n<p><strong>Emanuele Poggi e la Milano Marathon in giacca e cravatta<\/strong><\/p>\n\n\n\n<p><a href=\"https:\/\/www.retedeldono.it\/it\/iniziative\/comunit%C3%A0-oklahoma\/emanuele.poggi\/io-corro-tu-dona\" target=\"_blank\" rel=\"noreferrer noopener\"><strong>Io corro, tu dona<\/strong><\/a>&nbsp;\u00e8 stato il patto lanciato da Emanuele ai suoi sostenitori in vista della Milano Marathon 2022. Con una piccola scommessa: se avesse raggiunto l\u2019obiettivo prima del 3 aprile, avrebbe corso la staffetta solidale in giacca e cravatta. Oltre 70 donatori non si sono lasciati sfuggire l\u2019occasione di vederlo sfilare per Milano cos\u00ec conciato: la campagna ha presto raggiunto quasi 4.500 euro a sostegno della&nbsp;<strong>Comunit\u00e0 Oklahoma<\/strong>&nbsp;che accoglie giovani in difficolt\u00e0.<\/p>\n\n\n\n<p><strong>Vince Giorgio Aderenti: quando una GIF aiuta il Personal Fundraising<\/strong><\/p>\n\n\n\n<p>Oltre 22.500 euro di raccolta e 260 donatori coinvolti: il vincitore del Bando Dono e Dintorni non poteva che essere Giorgio, pap\u00e0 super creativo che ha reso suo figlio Giacomo (alias Giacopillo) il simpatico protagonista della campagna&nbsp;<a href=\"https:\/\/www.retedeldono.it\/it\/iniziative\/associazione-fast-italia\/giorgio.aderenti\/giacomo-can-e-tu-2021\" target=\"_blank\" rel=\"noreferrer noopener\"><strong>Giacomo CAN, e tu?<\/strong><\/a>&nbsp;a sostegno dell\u2019<strong>Associazione FAST Italia<\/strong>&nbsp;per la ricerca sulla rara malattia neurogenetica della Sindrome di Angelman. Il blog&nbsp;<a href=\"http:\/\/www.giacopillo.it\/\" target=\"_blank\" rel=\"noreferrer noopener\">www.giacopillo.it<\/a>, un&nbsp;<a href=\"https:\/\/blog.retedeldono.it\/it\/personal-fundraising-giacopillo\" target=\"_blank\" rel=\"noreferrer noopener\"><strong>video virale, delle GIF animate e persino delle magliette<\/strong><\/a>:<strong>&nbsp;le risorse di fundraising&nbsp;<\/strong><strong>messe in campo da Giorgio sono state a dir poco pazzesche.<\/strong><\/p>\n","protected":false},"excerpt":{"rendered":"<p>Quest\u2019anno la IV edizione del&nbsp;Bando Dono e Dintorni ha registrato una cifra record di candidature: sono stati tantissimi i fundraiser che hanno sottoposto alla giuria di&nbsp;Rete del Dono e&nbsp;Fundraiserperpassione&nbsp;le loro&#8230;<\/p>\n","protected":false},"author":7,"featured_media":1130,"comment_status":"open","ping_status":"open","sticky":false,"template":"","format":"standard","meta":{"_acf_changed":false,"footnotes":""},"categories":[17],"tags":[],"class_list":{"0":"post-1124","1":"post","2":"type-post","3":"status-publish","4":"format-standard","5":"has-post-thumbnail","7":"category-fundraising"},"acf":{"homepage_rdd":false},"yoast_head":"<!-- This site is optimized with the Yoast SEO plugin v27.5 - https:\/\/yoast.com\/product\/yoast-seo-wordpress\/ -->\n<title>Bando Dono e Dintorni 2022: creativit\u00e0 e digital al centro!<\/title>\n<meta name=\"description\" content=\"Quest\u2019anno la IV edizione del\u00a0Bando Dono e Dintorni ha registrato una cifra record di candidature. Chi si sar\u00e0 aggiudicato la vittoria?\" \/>\n<meta name=\"robots\" content=\"index, follow, max-snippet:-1, max-image-preview:large, max-video-preview:-1\" \/>\n<link rel=\"canonical\" href=\"https:\/\/www.retedeldono.it\/magazine\/bando-dono-dintorni-2022-creativita-digital-centro\/\" \/>\n<meta property=\"og:locale\" content=\"it_IT\" \/>\n<meta property=\"og:type\" content=\"article\" \/>\n<meta property=\"og:title\" content=\"Bando Dono e Dintorni 2022: creativit\u00e0 e digital al centro!\" \/>\n<meta property=\"og:description\" content=\"Quest\u2019anno la IV edizione del\u00a0Bando Dono e Dintorni ha registrato una cifra record di candidature. Chi si sar\u00e0 aggiudicato la vittoria?\" \/>\n<meta property=\"og:url\" content=\"https:\/\/www.retedeldono.it\/magazine\/bando-dono-dintorni-2022-creativita-digital-centro\/\" \/>\n<meta property=\"og:site_name\" content=\"Rete del Dono Magazine\" \/>\n<meta property=\"article:publisher\" content=\"https:\/\/www.facebook.com\/retedeldono\/\" \/>\n<meta property=\"article:published_time\" content=\"2022-06-01T17:41:07+00:00\" \/>\n<meta property=\"article:modified_time\" content=\"2022-07-21T13:26:25+00:00\" \/>\n<meta property=\"og:image\" content=\"https:\/\/magazine.retedeldono.it\/wp-content\/uploads\/2022\/05\/bando-dono-dintorni-2022-creativita-digital-centro.png\" \/>\n\t<meta property=\"og:image:width\" content=\"1000\" \/>\n\t<meta property=\"og:image:height\" content=\"700\" \/>\n\t<meta property=\"og:image:type\" content=\"image\/png\" \/>\n<meta name=\"author\" content=\"Aldo Lubrani\" \/>\n<meta name=\"twitter:card\" content=\"summary_large_image\" \/>\n<meta name=\"twitter:image\" content=\"https:\/\/magazine.retedeldono.it\/wp-content\/uploads\/2022\/05\/bando-dono-dintorni-2022-creativita-digital-centro.png\" \/>\n<meta name=\"twitter:label1\" content=\"Scritto da\" \/>\n\t<meta name=\"twitter:data1\" content=\"Aldo Lubrani\" \/>\n\t<meta name=\"twitter:label2\" content=\"Tempo di lettura stimato\" \/>\n\t<meta name=\"twitter:data2\" content=\"3 minuti\" \/>\n<script type=\"application\/ld+json\" class=\"yoast-schema-graph\">{\"@context\":\"https:\\\/\\\/schema.org\",\"@graph\":[{\"@type\":\"Article\",\"@id\":\"https:\\\/\\\/www.retedeldono.it\\\/magazine\\\/bando-dono-dintorni-2022-creativita-digital-centro\\\/#article\",\"isPartOf\":{\"@id\":\"https:\\\/\\\/www.retedeldono.it\\\/magazine\\\/bando-dono-dintorni-2022-creativita-digital-centro\\\/\"},\"author\":{\"name\":\"Aldo Lubrani\",\"@id\":\"https:\\\/\\\/www.retedeldono.it\\\/magazine\\\/#\\\/schema\\\/person\\\/19118fc3b527ea22d276cc2b446f7353\"},\"headline\":\"Bando Dono e Dintorni 2022: creativit\u00e0 e digital al centro!\",\"datePublished\":\"2022-06-01T17:41:07+00:00\",\"dateModified\":\"2022-07-21T13:26:25+00:00\",\"mainEntityOfPage\":{\"@id\":\"https:\\\/\\\/www.retedeldono.it\\\/magazine\\\/bando-dono-dintorni-2022-creativita-digital-centro\\\/\"},\"wordCount\":409,\"commentCount\":0,\"image\":{\"@id\":\"https:\\\/\\\/www.retedeldono.it\\\/magazine\\\/bando-dono-dintorni-2022-creativita-digital-centro\\\/#primaryimage\"},\"thumbnailUrl\":\"https:\\\/\\\/magazine.retedeldono.it\\\/wp-content\\\/uploads\\\/2022\\\/05\\\/bando-dono-dintorni-2022-creativita-digital-centro.png\",\"articleSection\":[\"Fundraising\"],\"inLanguage\":\"it-IT\",\"potentialAction\":[{\"@type\":\"CommentAction\",\"name\":\"Comment\",\"target\":[\"https:\\\/\\\/www.retedeldono.it\\\/magazine\\\/bando-dono-dintorni-2022-creativita-digital-centro\\\/#respond\"]}]},{\"@type\":\"WebPage\",\"@id\":\"https:\\\/\\\/www.retedeldono.it\\\/magazine\\\/bando-dono-dintorni-2022-creativita-digital-centro\\\/\",\"url\":\"https:\\\/\\\/www.retedeldono.it\\\/magazine\\\/bando-dono-dintorni-2022-creativita-digital-centro\\\/\",\"name\":\"Bando Dono e Dintorni 2022: creativit\u00e0 e digital al centro!\",\"isPartOf\":{\"@id\":\"https:\\\/\\\/www.retedeldono.it\\\/magazine\\\/#website\"},\"primaryImageOfPage\":{\"@id\":\"https:\\\/\\\/www.retedeldono.it\\\/magazine\\\/bando-dono-dintorni-2022-creativita-digital-centro\\\/#primaryimage\"},\"image\":{\"@id\":\"https:\\\/\\\/www.retedeldono.it\\\/magazine\\\/bando-dono-dintorni-2022-creativita-digital-centro\\\/#primaryimage\"},\"thumbnailUrl\":\"https:\\\/\\\/magazine.retedeldono.it\\\/wp-content\\\/uploads\\\/2022\\\/05\\\/bando-dono-dintorni-2022-creativita-digital-centro.png\",\"datePublished\":\"2022-06-01T17:41:07+00:00\",\"dateModified\":\"2022-07-21T13:26:25+00:00\",\"author\":{\"@id\":\"https:\\\/\\\/www.retedeldono.it\\\/magazine\\\/#\\\/schema\\\/person\\\/19118fc3b527ea22d276cc2b446f7353\"},\"description\":\"Quest\u2019anno la IV edizione del\u00a0Bando Dono e Dintorni ha registrato una cifra record di candidature. Chi si sar\u00e0 aggiudicato la vittoria?\",\"breadcrumb\":{\"@id\":\"https:\\\/\\\/www.retedeldono.it\\\/magazine\\\/bando-dono-dintorni-2022-creativita-digital-centro\\\/#breadcrumb\"},\"inLanguage\":\"it-IT\",\"potentialAction\":[{\"@type\":\"ReadAction\",\"target\":[\"https:\\\/\\\/www.retedeldono.it\\\/magazine\\\/bando-dono-dintorni-2022-creativita-digital-centro\\\/\"]}]},{\"@type\":\"ImageObject\",\"inLanguage\":\"it-IT\",\"@id\":\"https:\\\/\\\/www.retedeldono.it\\\/magazine\\\/bando-dono-dintorni-2022-creativita-digital-centro\\\/#primaryimage\",\"url\":\"https:\\\/\\\/magazine.retedeldono.it\\\/wp-content\\\/uploads\\\/2022\\\/05\\\/bando-dono-dintorni-2022-creativita-digital-centro.png\",\"contentUrl\":\"https:\\\/\\\/magazine.retedeldono.it\\\/wp-content\\\/uploads\\\/2022\\\/05\\\/bando-dono-dintorni-2022-creativita-digital-centro.png\",\"width\":1000,\"height\":700},{\"@type\":\"BreadcrumbList\",\"@id\":\"https:\\\/\\\/www.retedeldono.it\\\/magazine\\\/bando-dono-dintorni-2022-creativita-digital-centro\\\/#breadcrumb\",\"itemListElement\":[{\"@type\":\"ListItem\",\"position\":1,\"name\":\"Home\",\"item\":\"https:\\\/\\\/www.retedeldono.it\\\/magazine\\\/\"},{\"@type\":\"ListItem\",\"position\":2,\"name\":\"Bando Dono e Dintorni 2022: creativit\u00e0 e digital al centro!\"}]},{\"@type\":\"WebSite\",\"@id\":\"https:\\\/\\\/www.retedeldono.it\\\/magazine\\\/#website\",\"url\":\"https:\\\/\\\/www.retedeldono.it\\\/magazine\\\/\",\"name\":\"Rete del Dono Magazine\",\"description\":\"Rete del Dono Magazine\",\"potentialAction\":[{\"@type\":\"SearchAction\",\"target\":{\"@type\":\"EntryPoint\",\"urlTemplate\":\"https:\\\/\\\/www.retedeldono.it\\\/magazine\\\/?s={search_term_string}\"},\"query-input\":{\"@type\":\"PropertyValueSpecification\",\"valueRequired\":true,\"valueName\":\"search_term_string\"}}],\"inLanguage\":\"it-IT\"},{\"@type\":\"Person\",\"@id\":\"https:\\\/\\\/www.retedeldono.it\\\/magazine\\\/#\\\/schema\\\/person\\\/19118fc3b527ea22d276cc2b446f7353\",\"name\":\"Aldo Lubrani\",\"image\":{\"@type\":\"ImageObject\",\"inLanguage\":\"it-IT\",\"@id\":\"https:\\\/\\\/secure.gravatar.com\\\/avatar\\\/e948991b445298d4342a4a232b29e90adbf8a4af10151e265f6e6f3e9a10f68c?s=96&d=mm&r=g\",\"url\":\"https:\\\/\\\/secure.gravatar.com\\\/avatar\\\/e948991b445298d4342a4a232b29e90adbf8a4af10151e265f6e6f3e9a10f68c?s=96&d=mm&r=g\",\"contentUrl\":\"https:\\\/\\\/secure.gravatar.com\\\/avatar\\\/e948991b445298d4342a4a232b29e90adbf8a4af10151e265f6e6f3e9a10f68c?s=96&d=mm&r=g\",\"caption\":\"Aldo Lubrani\"},\"description\":\"Laureato con lode in Relazioni Internazionali presso Universit\u00e0 degli studi Roma Tre, Master in Europrogettazione presso Europa Business School di Bologna. Google Digital Training Certificate. Lavoro da anni nel settore Digital, Fundraising e Non Profit. Su Rete del Dono ricopro il ruolo di Project Manager nell'ambito Comunicazione, Digital e Personal Fundraising. Appassionato di viaggi, natura, pittura.\",\"sameAs\":[\"https:\\\/\\\/www.retedeldono.it\"],\"url\":\"https:\\\/\\\/www.retedeldono.it\\\/magazine\\\/author\\\/aldo-lubrani\\\/\"}]}<\/script>\n<!-- \/ Yoast SEO plugin. -->","yoast_head_json":{"title":"Bando Dono e Dintorni 2022: creativit\u00e0 e digital al centro!","description":"Quest\u2019anno la IV edizione del\u00a0Bando Dono e Dintorni ha registrato una cifra record di candidature. Chi si sar\u00e0 aggiudicato la vittoria?","robots":{"index":"index","follow":"follow","max-snippet":"max-snippet:-1","max-image-preview":"max-image-preview:large","max-video-preview":"max-video-preview:-1"},"canonical":"https:\/\/www.retedeldono.it\/magazine\/bando-dono-dintorni-2022-creativita-digital-centro\/","og_locale":"it_IT","og_type":"article","og_title":"Bando Dono e Dintorni 2022: creativit\u00e0 e digital al centro!","og_description":"Quest\u2019anno la IV edizione del\u00a0Bando Dono e Dintorni ha registrato una cifra record di candidature. Chi si sar\u00e0 aggiudicato la vittoria?","og_url":"https:\/\/www.retedeldono.it\/magazine\/bando-dono-dintorni-2022-creativita-digital-centro\/","og_site_name":"Rete del Dono Magazine","article_publisher":"https:\/\/www.facebook.com\/retedeldono\/","article_published_time":"2022-06-01T17:41:07+00:00","article_modified_time":"2022-07-21T13:26:25+00:00","og_image":[{"width":1000,"height":700,"url":"https:\/\/magazine.retedeldono.it\/wp-content\/uploads\/2022\/05\/bando-dono-dintorni-2022-creativita-digital-centro.png","type":"image\/png"}],"author":"Aldo Lubrani","twitter_card":"summary_large_image","twitter_image":"https:\/\/magazine.retedeldono.it\/wp-content\/uploads\/2022\/05\/bando-dono-dintorni-2022-creativita-digital-centro.png","twitter_misc":{"Scritto da":"Aldo Lubrani","Tempo di lettura stimato":"3 minuti"},"schema":{"@context":"https:\/\/schema.org","@graph":[{"@type":"Article","@id":"https:\/\/www.retedeldono.it\/magazine\/bando-dono-dintorni-2022-creativita-digital-centro\/#article","isPartOf":{"@id":"https:\/\/www.retedeldono.it\/magazine\/bando-dono-dintorni-2022-creativita-digital-centro\/"},"author":{"name":"Aldo Lubrani","@id":"https:\/\/www.retedeldono.it\/magazine\/#\/schema\/person\/19118fc3b527ea22d276cc2b446f7353"},"headline":"Bando Dono e Dintorni 2022: creativit\u00e0 e digital al centro!","datePublished":"2022-06-01T17:41:07+00:00","dateModified":"2022-07-21T13:26:25+00:00","mainEntityOfPage":{"@id":"https:\/\/www.retedeldono.it\/magazine\/bando-dono-dintorni-2022-creativita-digital-centro\/"},"wordCount":409,"commentCount":0,"image":{"@id":"https:\/\/www.retedeldono.it\/magazine\/bando-dono-dintorni-2022-creativita-digital-centro\/#primaryimage"},"thumbnailUrl":"https:\/\/magazine.retedeldono.it\/wp-content\/uploads\/2022\/05\/bando-dono-dintorni-2022-creativita-digital-centro.png","articleSection":["Fundraising"],"inLanguage":"it-IT","potentialAction":[{"@type":"CommentAction","name":"Comment","target":["https:\/\/www.retedeldono.it\/magazine\/bando-dono-dintorni-2022-creativita-digital-centro\/#respond"]}]},{"@type":"WebPage","@id":"https:\/\/www.retedeldono.it\/magazine\/bando-dono-dintorni-2022-creativita-digital-centro\/","url":"https:\/\/www.retedeldono.it\/magazine\/bando-dono-dintorni-2022-creativita-digital-centro\/","name":"Bando Dono e Dintorni 2022: creativit\u00e0 e digital al centro!","isPartOf":{"@id":"https:\/\/www.retedeldono.it\/magazine\/#website"},"primaryImageOfPage":{"@id":"https:\/\/www.retedeldono.it\/magazine\/bando-dono-dintorni-2022-creativita-digital-centro\/#primaryimage"},"image":{"@id":"https:\/\/www.retedeldono.it\/magazine\/bando-dono-dintorni-2022-creativita-digital-centro\/#primaryimage"},"thumbnailUrl":"https:\/\/magazine.retedeldono.it\/wp-content\/uploads\/2022\/05\/bando-dono-dintorni-2022-creativita-digital-centro.png","datePublished":"2022-06-01T17:41:07+00:00","dateModified":"2022-07-21T13:26:25+00:00","author":{"@id":"https:\/\/www.retedeldono.it\/magazine\/#\/schema\/person\/19118fc3b527ea22d276cc2b446f7353"},"description":"Quest\u2019anno la IV edizione del\u00a0Bando Dono e Dintorni ha registrato una cifra record di candidature. Chi si sar\u00e0 aggiudicato la vittoria?","breadcrumb":{"@id":"https:\/\/www.retedeldono.it\/magazine\/bando-dono-dintorni-2022-creativita-digital-centro\/#breadcrumb"},"inLanguage":"it-IT","potentialAction":[{"@type":"ReadAction","target":["https:\/\/www.retedeldono.it\/magazine\/bando-dono-dintorni-2022-creativita-digital-centro\/"]}]},{"@type":"ImageObject","inLanguage":"it-IT","@id":"https:\/\/www.retedeldono.it\/magazine\/bando-dono-dintorni-2022-creativita-digital-centro\/#primaryimage","url":"https:\/\/magazine.retedeldono.it\/wp-content\/uploads\/2022\/05\/bando-dono-dintorni-2022-creativita-digital-centro.png","contentUrl":"https:\/\/magazine.retedeldono.it\/wp-content\/uploads\/2022\/05\/bando-dono-dintorni-2022-creativita-digital-centro.png","width":1000,"height":700},{"@type":"BreadcrumbList","@id":"https:\/\/www.retedeldono.it\/magazine\/bando-dono-dintorni-2022-creativita-digital-centro\/#breadcrumb","itemListElement":[{"@type":"ListItem","position":1,"name":"Home","item":"https:\/\/www.retedeldono.it\/magazine\/"},{"@type":"ListItem","position":2,"name":"Bando Dono e Dintorni 2022: creativit\u00e0 e digital al centro!"}]},{"@type":"WebSite","@id":"https:\/\/www.retedeldono.it\/magazine\/#website","url":"https:\/\/www.retedeldono.it\/magazine\/","name":"Rete del Dono Magazine","description":"Rete del Dono Magazine","potentialAction":[{"@type":"SearchAction","target":{"@type":"EntryPoint","urlTemplate":"https:\/\/www.retedeldono.it\/magazine\/?s={search_term_string}"},"query-input":{"@type":"PropertyValueSpecification","valueRequired":true,"valueName":"search_term_string"}}],"inLanguage":"it-IT"},{"@type":"Person","@id":"https:\/\/www.retedeldono.it\/magazine\/#\/schema\/person\/19118fc3b527ea22d276cc2b446f7353","name":"Aldo Lubrani","image":{"@type":"ImageObject","inLanguage":"it-IT","@id":"https:\/\/secure.gravatar.com\/avatar\/e948991b445298d4342a4a232b29e90adbf8a4af10151e265f6e6f3e9a10f68c?s=96&d=mm&r=g","url":"https:\/\/secure.gravatar.com\/avatar\/e948991b445298d4342a4a232b29e90adbf8a4af10151e265f6e6f3e9a10f68c?s=96&d=mm&r=g","contentUrl":"https:\/\/secure.gravatar.com\/avatar\/e948991b445298d4342a4a232b29e90adbf8a4af10151e265f6e6f3e9a10f68c?s=96&d=mm&r=g","caption":"Aldo Lubrani"},"description":"Laureato con lode in Relazioni Internazionali presso Universit\u00e0 degli studi Roma Tre, Master in Europrogettazione presso Europa Business School di Bologna. Google Digital Training Certificate. Lavoro da anni nel settore Digital, Fundraising e Non Profit. Su Rete del Dono ricopro il ruolo di Project Manager nell'ambito Comunicazione, Digital e Personal Fundraising. Appassionato di viaggi, natura, pittura.","sameAs":["https:\/\/www.retedeldono.it"],"url":"https:\/\/www.retedeldono.it\/magazine\/author\/aldo-lubrani\/"}]}},"_links":{"self":[{"href":"https:\/\/www.retedeldono.it\/magazine\/wp-json\/wp\/v2\/posts\/1124","targetHints":{"allow":["GET"]}}],"collection":[{"href":"https:\/\/www.retedeldono.it\/magazine\/wp-json\/wp\/v2\/posts"}],"about":[{"href":"https:\/\/www.retedeldono.it\/magazine\/wp-json\/wp\/v2\/types\/post"}],"author":[{"embeddable":true,"href":"https:\/\/www.retedeldono.it\/magazine\/wp-json\/wp\/v2\/users\/7"}],"replies":[{"embeddable":true,"href":"https:\/\/www.retedeldono.it\/magazine\/wp-json\/wp\/v2\/comments?post=1124"}],"version-history":[{"count":0,"href":"https:\/\/www.retedeldono.it\/magazine\/wp-json\/wp\/v2\/posts\/1124\/revisions"}],"wp:featuredmedia":[{"embeddable":true,"href":"https:\/\/www.retedeldono.it\/magazine\/wp-json\/wp\/v2\/media\/1130"}],"wp:attachment":[{"href":"https:\/\/www.retedeldono.it\/magazine\/wp-json\/wp\/v2\/media?parent=1124"}],"wp:term":[{"taxonomy":"category","embeddable":true,"href":"https:\/\/www.retedeldono.it\/magazine\/wp-json\/wp\/v2\/categories?post=1124"},{"taxonomy":"post_tag","embeddable":true,"href":"https:\/\/www.retedeldono.it\/magazine\/wp-json\/wp\/v2\/tags?post=1124"}],"curies":[{"name":"wp","href":"https:\/\/api.w.org\/{rel}","templated":true}]}}