{"id":1133,"date":"2023-06-10T08:32:32","date_gmt":"2023-06-10T08:32:32","guid":{"rendered":"https:\/\/www.retedeldono.it\/magazine\/?p=1133"},"modified":"2024-02-23T14:46:00","modified_gmt":"2024-02-23T14:46:00","slug":"inclusione-sociale","status":"publish","type":"post","link":"https:\/\/www.retedeldono.it\/magazine\/inclusione-sociale\/","title":{"rendered":"Inclusione sociale, le iniziative per un contributo concreto"},"content":{"rendered":"\r\n<h2 class=\"wp-block-heading\">L\u2019inclusione sociale si attua grazie a una mentalit\u00e0 aperta e accogliente e ad attivit\u00e0 che incentivano l\u2019inserimento nella comunit\u00e0 delle persone pi\u00f9 fragili, garantendo pari diritti a tutti<\/h2>\r\n\r\n\r\n\r\n<div class=\"wp-block-spacer\" style=\"height: 50px;\" aria-hidden=\"true\">\u00a0<\/div>\r\n\r\n\r\n\r\n<p>L\u2019<strong>inclusione sociale <\/strong>\u00e8 la possibilit\u00e0 di <strong>accogliere<\/strong> tutti all\u2019interno di un contesto comunitario e di offrire a ogni individuo gli <strong>stessi diritti<\/strong> e le <strong>stesse opportunit\u00e0<\/strong>. Inclusione significa tante cose:<\/p>\r\n\r\n\r\n\r\n<ul class=\"wp-block-list\">\r\n<li>uguaglianza<\/li>\r\n<li>libert\u00e0<\/li>\r\n<li>solidariet\u00e0<\/li>\r\n<li>dignit\u00e0<\/li>\r\n<li>rispetto<\/li>\r\n<li>supporto<\/li>\r\n<li>pari opportunit\u00e0<\/li>\r\n<li>tutela dei diritti umani<\/li>\r\n<\/ul>\r\n\r\n\r\n\r\n<p>\u00c8 il principio alla base di ogni societ\u00e0 civile e sul quale devono essere fondate le <strong>relazioni umane<\/strong>, ad ogni livello. Il concetto di inclusione sociale abbraccia diversi ambiti. Il mondo del <strong>lavoro<\/strong>, la vita <strong>sociale e culturale<\/strong>, i diritti fondamentali di tutte le persone. Dalla possibilit\u00e0 di vivere in una <strong>casa dignitosa<\/strong> all\u2019accesso al <strong>cibo<\/strong>, alla <strong>salute<\/strong> e all\u2019<strong>istruzione<\/strong>.<\/p>\r\n<p>&nbsp;<\/p>\r\n<h2>Chi sono gli esclusi di oggi?<\/h2>\r\n\r\n\r\n\r\n<p>I destinatari delle attivit\u00e0 volte a garantire una maggiore inclusione sociale sono principalmente le <strong>persone pi\u00f9 fragili<\/strong>. Singoli e famiglie in condizioni di <strong><a href=\"https:\/\/www.retedeldono.it\/magazine\/bambini-poveri\/\">povert\u00e0<\/a><\/strong>, persone con <strong>disabilit\u00e0<\/strong>, <strong>anziani<\/strong>, persone rimaste <strong>sole, <\/strong>con pochi strumenti e risorse a disposizione, indipendentemente da quale sia la causa. Persone con limitazioni gravi e bisogni educativi speciali. Ma se pensiamo al <strong>mondo del lavoro\u00a0 e della politica<\/strong>, anche la semplice appartenenza al <a href=\"https:\/\/www.retedeldono.it\/magazine\/uguaglianza-di-genere\/\"><strong>genere femminile<\/strong><\/a> pu\u00f2 rappresentare una condizione sufficiente ad attivare politiche di inclusione sociale. Infatti, ancora oggi le donne guadagnano meno degli uomini a parit\u00e0 di ruolo e orario di lavoro, e non sono adeguatamente rappresentate nelle sedi istituzionali.<\/p>\r\n\r\n\r\n\r\n<div class=\"wp-block-spacer\" style=\"height: 50px;\" aria-hidden=\"true\">\u00a0<\/div>\r\n\r\n\r\n\r\n<div class=\"wp-block-buttons is-layout-flex wp-block-buttons-is-layout-flex\">\r\n<div class=\"wp-block-button\"><a class=\"wp-block-button__link has-background\" style=\"border-radius: 15px; background-color: #00a8c4;\">Scopri le campagne di inclusione sociale su Rete del Dono<\/a><\/div>\r\n<\/div>\r\n\r\n\r\n\r\n<div class=\"wp-block-spacer\" style=\"height: 50px;\" aria-hidden=\"true\">\u00a0<\/div>\r\n<div aria-hidden=\"true\">\u00a0<\/div>\r\n<div aria-hidden=\"true\">\r\n<h2>Perch\u00e9 \u00e8 importante l&#8217;inclusione sociale?<\/h2>\r\n<p>L\u2019inclusione sociale \u00e8 alla base di una <strong>societ\u00e0 giusta e avanzata<\/strong>, dove i <strong>diritti<\/strong> di tutti sono rispettati e nella quale ciascuno ha la possibilit\u00e0 di <strong>realizzarsi pienamente<\/strong> in tutti gli ambiti della vita: senza l&#8217;inclusione sociale non \u00e8 possibile garantire i pi\u00f9 importanti diritti umani. Ribaltando la visione in positivo, una societ\u00e0 inclusiva abbraccia la <strong>diversit\u00e0 culturale<\/strong>, <strong>linguistica<\/strong> e <strong>sociale<\/strong>. Questa diversit\u00e0 <strong>arricchisce la cultura<\/strong> complessiva, portando a un <strong>maggiore scambio di idee<\/strong>, prospettive e tradizioni che contribuiscono al <strong>progresso<\/strong> e alla <strong>crescita<\/strong>.<\/p>\r\n<p>&nbsp;<\/p>\r\n<p>La diversit\u00e0 di prospettive e competenze pu\u00f2 portare a un <strong>ambiente pi\u00f9 innovativo<\/strong>, creativo e produttivo anche nel mondo del lavoro. Le organizzazioni e le societ\u00e0 che valorizzano l\u2019inclusione spesso sperimentano una <strong>maggiore efficienza<\/strong> e <strong>competitivit\u00e0. <\/strong>Inoltre, l\u2019inclusione promuove la <strong>comprensione reciproca<\/strong>, riduce i pregiudizi e contribuisce a <strong>costruire legami pi\u00f9 forti<\/strong> tra le persone, e una societ\u00e0 coesa \u00e8 <strong>pi\u00f9 resistente<\/strong> alle tensioni e alle divisioni.<\/p>\r\n<\/div>\r\n<div aria-hidden=\"true\">\u00a0<\/div>\r\n\r\n\r\n\r\n<h2 class=\"wp-block-heading\">Esclusione sociale in Italia<\/h2>\r\n\r\n\r\n\r\n<p>Una delle principali cause di esclusione sociale \u00e8 la <strong>povert\u00e0<\/strong>. Il <a href=\"https:\/\/archivio.caritas.it\/materiali\/Rapporti_poverta\/2023\/rapportopoverta2023_tuttodaperdere.pdf\">Rapporto 2023 su povert\u00e0<\/a> <a href=\"https:\/\/archivio.caritas.it\/materiali\/Rapporti_poverta\/2023\/rapportopoverta2023_tuttodaperdere.pdf\">ed esclusione sociale in Italia della Caritas<\/a> mette in evidenza un <strong>aumento <\/strong>delle condizioni di povert\u00e0 nel nostro Paese: i poveri assoluti sono saliti lo scorso anno da 5 milioni 316mila a 5 milioni 673mila. Se si considerano i nuclei, si contano 2 milioni 187mila famiglie in povert\u00e0 assoluta, a fronte dei 2 milioni 22mila famiglie del 2021, concentrati soprattutto nel Sud.<\/p>\r\n<p>&nbsp;<\/p>\r\n<p>L\u2019<strong>istruzione<\/strong> continua ad essere tra i fattori che pi\u00f9 tutelano rispetto al <strong>rischio di indigenza<\/strong> (oggi pi\u00f9 del passato), mentre il <strong>lavoro<\/strong> non \u00e8 pi\u00f9 <strong>causa sufficiente<\/strong> di benessere: il 47% dei nuclei in povert\u00e0 assoluta risulta avere il capofamiglia occupato.<\/p>\r\n\r\n\r\n\r\n<p>Vediamo dunque come spesso le cause di esclusione sociale siano <strong>correlate<\/strong> (in questo caso accesso all\u2019istruzione e alla cultura e la povert\u00e0). E, di conseguenza, quanto sia necessario promuovere l\u2019inclusione su pi\u00f9 fronti, con un <strong>approccio globale<\/strong>. Allargando lo sguardo ad altri Paesi, questa connessione appare ancora pi\u00f9 evidente. Al contempo, occorre tenere conto anche di altri aspetti, poich\u00e9 l\u2019esclusione sociale nasce anche da <strong>discriminazioni<\/strong> basate su etnia, sesso, orientamento sessuale, cultura, religione, disabilit\u00e0.<\/p>\r\n\r\n\r\n\r\n<div class=\"wp-block-spacer\" style=\"height: 50px;\" aria-hidden=\"true\">\u00a0<\/div>\r\n<div aria-hidden=\"true\">\r\n<h2>In che modo si pu\u00f2 fare inclusione?<\/h2>\r\n<p>Promuovere l\u2019inclusione sociale richiede un impegno concreto a livello <strong>individuale<\/strong>, <strong>comunitario<\/strong> e <strong>istituzionale<\/strong>. La creazione di una cultura inclusiva richiede <strong>tempo<\/strong>, <strong>pazienza<\/strong> e una consapevolezza costante delle <strong>sfide<\/strong> e delle <strong>opportunit\u00e0<\/strong> presenti.<\/p>\r\n<\/div>\r\n\r\n\r\n\r\n<p>Per contribuire al contrasto della povert\u00e0 in Italia e all\u2019estero, e dunque per incentivare l\u2019inclusione sociale, a livello individuale si pu\u00f2 scegliere di sostenere con una <a href=\"https:\/\/www.retedeldono.it\/magazine\/donazione-online\/\"><strong>donazione<\/strong><\/a> <a href=\"https:\/\/www.retedeldono.it\/magazine\/organizzazioni-non-governative\/\">organizzazioni<\/a> e <strong><a href=\"https:\/\/www.retedeldono.it\/magazine\/associazioni-non-profit\/\">associazioni <\/a><\/strong>che lavorano quotidianamente per <strong>migliorare la vita<\/strong> di tante persone. I <strong>siti web<\/strong> delle principali realt\u00e0 che operano nel settore propongono diverse modalit\u00e0 per offrire il proprio contributo, inclusa l\u2019<strong>adozione a distanza<\/strong>, uno strumento che mira proprio ad incoraggiare l\u2019inclusione sociale di soggetti svantaggiati, coprendo ad esempio le <strong>spese scolastiche<\/strong>, oppure quelle sanitarie.<\/p>\r\n\r\n\r\n\r\n<p>Un\u2019altra modalit\u00e0 \u00e8 quella di sostenere una campagna attiva su una <strong><a href=\"https:\/\/www.retedeldono.it\/magazine\/piattaforme-crowdfunding\/\">piattaforma di crowdfunding<\/a><\/strong>, partecipando in prima persona alla realizzazione di un progetto specifico.<\/p>\r\n<p>Ad esempio, si pu\u00f2 sostenere la <a href=\"https:\/\/www.retedeldono.it\/progetto\/una-corsa-linclusione\">campagna di Amplifon<\/a> per riportare gli anziani al centro della societ\u00e0, le molteplici attivit\u00e0 volte all\u2019inclusione delle persone fragili del<a href=\"https:\/\/www.retedeldono.it\/progetto\/accendi-la-luce-della-solidarieta\"> Centro Papa Giovanni XXIII Onlus<\/a>, o ancora, una raccolta fondi volta ad <a href=\"https:\/\/www.retedeldono.it\/progetto\/aiutaci-fare-canestro-diversamente\">acquistare materiale sportivo per l\u2019attivit\u00e0 del basket in carrozzina<\/a>: la <strong>pratica sportiva<\/strong> rappresenta uno dei modi pi\u00f9 belli e coinvolgenti per promuovere l\u2019inclusione sociale. Le occasioni per contribuire sono davvero tante, e sul portale di <strong>Rete del Dono<\/strong> potrete trovare la campagna che pi\u00f9 si avvicina alla vostra sensibilit\u00e0.<\/p>\r\n\r\n\r\n\r\n<div class=\"wp-block-spacer\" style=\"height: 50px;\" aria-hidden=\"true\">\u00a0<\/div>\r\n\r\n\r\n\r\n<div class=\"wp-block-buttons is-layout-flex wp-block-buttons-is-layout-flex\">\r\n<div class=\"wp-block-button\"><a class=\"wp-block-button__link has-background\" style=\"border-radius: 15px; background-color: #00a8c4;\" href=\"https:\/\/www.retedeldono.it\/?utm_source=Blog&amp;utm_medium=direct&amp;utm_campaign=CTA_inclusione_sociale_central\">Scopri i progetti di Rete del Dono<\/a><\/div>\r\n<\/div>\r\n\r\n\r\n\r\n<div class=\"wp-block-spacer\" style=\"height: 50px;\" aria-hidden=\"true\">\u00a0<\/div>\r\n\r\n\r\n\r\n<h2 class=\"wp-block-heading\">Inclusione sociale disabili<\/h2>\r\n\r\n\r\n\r\n<p>La presenza di disabilit\u00e0 \u00e8 un\u2019altra causa di possibile esclusione sociale. Basti pensare alle <strong>barriere architettoniche<\/strong> che precludono ancora oggi molte attivit\u00e0 a persone con mobilit\u00e0 ridotta. Chiaramente la disabilit\u00e0 si pu\u00f2 esprimere in diversi modi, ed uno degli interventi pi\u00f9 importanti per incentivare l\u2019inclusione sociale delle persone disabili, al quale si pu\u00f2 contribuire <strong><a href=\"https:\/\/www.retedeldono.it\/magazine\/donazione\/\">donando <\/a>tempo o denaro<\/strong>, \u00e8 costituito da tutte quelle attivit\u00e0 volte a includere le persone disabili permettendo loro di <strong>svolgere un lavoro<\/strong> o di prendere parte ad <strong>attivit\u00e0 ricreative<\/strong>. Numerose associazioni operano in questa direzione, con lo scopo di integrare la disabilit\u00e0 all\u2019interno dei contesti quotidiani e di offrire alle persone pi\u00f9 fragili gli strumenti per <strong>diventare autonome<\/strong>.<\/p>\r\n<p>&nbsp;<\/p>\r\n\r\n\r\n\r\n\r\n\r\n<div aria-hidden=\"true\">\r\n<h2>Inclusione sociale attraverso il lavoro<\/h2>\r\n<p>Esistono numerosi incentivi per promuovere l\u2019inclusione sociale attraverso il lavoro, soprattutto per quanto riguarda l\u2019impiego delle persone disabili. Tra le pi\u00f9 recenti, il <strong>Decreto Lavoro 2023<\/strong> ha istituito l\u2019<strong>Assegno di inclusione <\/strong>destinato a persone disabili o assistite dai servizi sociali. Viene promossa la partecipazione a progetti di orientamento, accompagnamento al lavoro, formazione, qualificazione e riqualificazione professionale. Al contempo, per le <strong>imprese<\/strong> sono previsti numerosi vantaggi, facilitazioni e <strong>sgravi fiscali<\/strong> in caso di assunzione di persone fragili o con disabilit\u00e0. Al di l\u00e0 delle leggi nazionali, spesso sono gli <strong>enti locali<\/strong> e le <strong>associazioni<\/strong> <strong>di volontariato<\/strong> che, nei singoli territori, fanno in modo che nessuno resti indietro e che il lavoro, strumento necessario per una vita dignitosa, sia garantito a tutti.<\/p>\r\n<\/div>\r\n<p>&nbsp;<\/p>\r\n<div aria-hidden=\"true\">\r\n<h2>Inclusione sociale: esempi<\/h2>\r\n<p>Vediamo com\u2019\u00e8 possibile attuare in pratica alcune attivit\u00e0 di inclusione sociale: chiaramente, \u00e8 fondamentale che si muovano in primis le istituzioni e le imprese, ma anche ogni singolo cittadino pu\u00f2 offrire il proprio contributo:<\/p>\r\n<ul>\r\n<li>fornire a persone provenienti da gruppi svantaggiati o marginalizzati <strong>attivit\u00e0 di orientamento<\/strong>, supporto e opportunit\u00e0 che contribuiscono alla <strong>crescita personale<\/strong> e <strong>professionale<\/strong>;<\/li>\r\n<li>adottare politiche che promuovono l\u2019<strong>inclusione sul posto di lavoro<\/strong>;<\/li>\r\n<li>implementare a <a href=\"https:\/\/www.retedeldono.it\/magazine\/fundraising-scuola\/\"><strong>scuola<\/strong> <\/a>programmi e iniziative che promuovono un <strong>ambiente inclusivo<\/strong>, valorizzando la <strong>variet\u00e0 di background<\/strong> degli studenti;<\/li>\r\n<li>garantire che gli <strong>spazi fisici<\/strong> e le <strong>risorse digitali<\/strong> siano <strong>accessibili<\/strong> a tutte le persone, comprese quelle con disabilit\u00e0;<\/li>\r\n<li>organizzare <strong><a href=\"https:\/\/www.retedeldono.it\/magazine\/eventi-raccolta-fondi\/\">eventi<\/a> comunitari<\/strong>, gruppi di <strong>dialogo interculturale<\/strong> e progetti artistici collaborativi;<\/li>\r\n<li>programmare <strong>campagne mediatiche<\/strong> che promuovono la diversit\u00e0, <strong>sfatano stereotipi<\/strong> e offrono una rappresentazione accurata delle diverse realt\u00e0;<\/li>\r\n<li>creare <strong>programmi di <a href=\"https:\/\/www.retedeldono.it\/magazine\/associazioni-di-volontariato\/\">volontariato<\/a> inclusivi<\/strong> che accolgano una variet\u00e0 di partecipanti;<\/li>\r\n<li><strong>includere attivamente<\/strong> le persone nei <strong>processi decisionali<\/strong> che influenzano le loro vite attraverso consultazioni comunitarie, incontri pubblici e forme di partecipazione che danno voce a tutti i membri della societ\u00e0.<\/li>\r\n<\/ul>\r\n<\/div>\r\n<div aria-hidden=\"true\">\u00a0<\/div>\r\n<div aria-hidden=\"true\">\u00a0<\/div>\r\n<div aria-hidden=\"true\">\u00a0<\/div>\r\n\r\n\r\n\r\n<div class=\"wp-block-buttons is-layout-flex wp-block-buttons-is-layout-flex\">\r\n<div class=\"wp-block-button\"><a class=\"wp-block-button__link has-background\" style=\"border-radius: 15px; background-color: #00a8c4;\">Scopri le campagne di disabilit\u00e0 su Rete del Dono<\/a><\/div>\r\n<\/div>\r\n","protected":false},"excerpt":{"rendered":"<p>L\u2019inclusione sociale si attua grazie a una mentalit\u00e0 aperta e accogliente e ad attivit\u00e0 che incentivano l\u2019inserimento nella comunit\u00e0 delle persone pi\u00f9 fragili, garantendo pari diritti a tutti L\u2019inclusione sociale&#8230;<\/p>\n","protected":false},"author":11,"featured_media":1165,"comment_status":"open","ping_status":"open","sticky":false,"template":"","format":"standard","meta":{"_acf_changed":false,"footnotes":""},"categories":[1],"tags":[],"class_list":{"0":"post-1133","1":"post","2":"type-post","3":"status-publish","4":"format-standard","5":"has-post-thumbnail","7":"category-community"},"acf":{"homepage_rdd":true},"yoast_head":"<!-- This site is optimized with the Yoast SEO plugin v27.5 - https:\/\/yoast.com\/product\/yoast-seo-wordpress\/ -->\n<title>Inclusione sociale, le iniziative per un contributo concreto -<\/title>\n<meta name=\"description\" content=\"L\u2019inclusione sociale si attua grazie ad attivit\u00e0 che incentivano l\u2019inserimento nella comunit\u00e0 delle persone pi\u00f9 fragili\" \/>\n<meta name=\"robots\" content=\"index, follow, max-snippet:-1, max-image-preview:large, max-video-preview:-1\" \/>\n<link rel=\"canonical\" href=\"https:\/\/www.retedeldono.it\/magazine\/inclusione-sociale\/\" \/>\n<meta property=\"og:locale\" content=\"it_IT\" \/>\n<meta property=\"og:type\" content=\"article\" \/>\n<meta property=\"og:title\" content=\"Inclusione sociale, le iniziative per un contributo concreto -\" \/>\n<meta property=\"og:description\" content=\"L\u2019inclusione sociale si attua grazie ad attivit\u00e0 che incentivano l\u2019inserimento nella comunit\u00e0 delle persone pi\u00f9 fragili\" \/>\n<meta property=\"og:url\" content=\"https:\/\/www.retedeldono.it\/magazine\/inclusione-sociale\/\" \/>\n<meta property=\"og:site_name\" content=\"Rete del Dono Magazine\" \/>\n<meta property=\"article:publisher\" content=\"https:\/\/www.facebook.com\/retedeldono\/\" \/>\n<meta property=\"article:published_time\" content=\"2023-06-10T08:32:32+00:00\" \/>\n<meta property=\"article:modified_time\" content=\"2024-02-23T14:46:00+00:00\" \/>\n<meta property=\"og:image\" content=\"https:\/\/magazine.retedeldono.it\/wp-content\/uploads\/2022\/06\/rete-del-dono-inclusione-sociale.png\" \/>\n\t<meta property=\"og:image:width\" content=\"1000\" \/>\n\t<meta property=\"og:image:height\" content=\"700\" \/>\n\t<meta property=\"og:image:type\" content=\"image\/png\" \/>\n<meta name=\"author\" content=\"Elisa Rosso\" \/>\n<meta name=\"twitter:card\" content=\"summary_large_image\" \/>\n<meta name=\"twitter:label1\" content=\"Scritto da\" \/>\n\t<meta name=\"twitter:data1\" content=\"Elisa Rosso\" \/>\n\t<meta name=\"twitter:label2\" content=\"Tempo di lettura stimato\" \/>\n\t<meta name=\"twitter:data2\" content=\"7 minuti\" \/>\n<script type=\"application\/ld+json\" class=\"yoast-schema-graph\">{\"@context\":\"https:\\\/\\\/schema.org\",\"@graph\":[{\"@type\":\"Article\",\"@id\":\"https:\\\/\\\/www.retedeldono.it\\\/magazine\\\/inclusione-sociale\\\/#article\",\"isPartOf\":{\"@id\":\"https:\\\/\\\/www.retedeldono.it\\\/magazine\\\/inclusione-sociale\\\/\"},\"author\":{\"name\":\"Elisa Rosso\",\"@id\":\"https:\\\/\\\/www.retedeldono.it\\\/magazine\\\/#\\\/schema\\\/person\\\/dd55a2becb70a4059624bae094c03583\"},\"headline\":\"Inclusione sociale, le iniziative per un contributo concreto\",\"datePublished\":\"2023-06-10T08:32:32+00:00\",\"dateModified\":\"2024-02-23T14:46:00+00:00\",\"mainEntityOfPage\":{\"@id\":\"https:\\\/\\\/www.retedeldono.it\\\/magazine\\\/inclusione-sociale\\\/\"},\"wordCount\":1290,\"commentCount\":0,\"image\":{\"@id\":\"https:\\\/\\\/www.retedeldono.it\\\/magazine\\\/inclusione-sociale\\\/#primaryimage\"},\"thumbnailUrl\":\"https:\\\/\\\/magazine.retedeldono.it\\\/wp-content\\\/uploads\\\/2022\\\/06\\\/rete-del-dono-inclusione-sociale.png\",\"articleSection\":[\"Community\"],\"inLanguage\":\"it-IT\",\"potentialAction\":[{\"@type\":\"CommentAction\",\"name\":\"Comment\",\"target\":[\"https:\\\/\\\/www.retedeldono.it\\\/magazine\\\/inclusione-sociale\\\/#respond\"]}]},{\"@type\":\"WebPage\",\"@id\":\"https:\\\/\\\/www.retedeldono.it\\\/magazine\\\/inclusione-sociale\\\/\",\"url\":\"https:\\\/\\\/www.retedeldono.it\\\/magazine\\\/inclusione-sociale\\\/\",\"name\":\"Inclusione sociale, le iniziative per un contributo concreto -\",\"isPartOf\":{\"@id\":\"https:\\\/\\\/www.retedeldono.it\\\/magazine\\\/#website\"},\"primaryImageOfPage\":{\"@id\":\"https:\\\/\\\/www.retedeldono.it\\\/magazine\\\/inclusione-sociale\\\/#primaryimage\"},\"image\":{\"@id\":\"https:\\\/\\\/www.retedeldono.it\\\/magazine\\\/inclusione-sociale\\\/#primaryimage\"},\"thumbnailUrl\":\"https:\\\/\\\/magazine.retedeldono.it\\\/wp-content\\\/uploads\\\/2022\\\/06\\\/rete-del-dono-inclusione-sociale.png\",\"datePublished\":\"2023-06-10T08:32:32+00:00\",\"dateModified\":\"2024-02-23T14:46:00+00:00\",\"author\":{\"@id\":\"https:\\\/\\\/www.retedeldono.it\\\/magazine\\\/#\\\/schema\\\/person\\\/dd55a2becb70a4059624bae094c03583\"},\"description\":\"L\u2019inclusione sociale si attua grazie ad attivit\u00e0 che incentivano l\u2019inserimento nella comunit\u00e0 delle persone pi\u00f9 fragili\",\"breadcrumb\":{\"@id\":\"https:\\\/\\\/www.retedeldono.it\\\/magazine\\\/inclusione-sociale\\\/#breadcrumb\"},\"inLanguage\":\"it-IT\",\"potentialAction\":[{\"@type\":\"ReadAction\",\"target\":[\"https:\\\/\\\/www.retedeldono.it\\\/magazine\\\/inclusione-sociale\\\/\"]}]},{\"@type\":\"ImageObject\",\"inLanguage\":\"it-IT\",\"@id\":\"https:\\\/\\\/www.retedeldono.it\\\/magazine\\\/inclusione-sociale\\\/#primaryimage\",\"url\":\"https:\\\/\\\/magazine.retedeldono.it\\\/wp-content\\\/uploads\\\/2022\\\/06\\\/rete-del-dono-inclusione-sociale.png\",\"contentUrl\":\"https:\\\/\\\/magazine.retedeldono.it\\\/wp-content\\\/uploads\\\/2022\\\/06\\\/rete-del-dono-inclusione-sociale.png\",\"width\":1000,\"height\":700,\"caption\":\"rete-del-dono-inclusione-sociale\"},{\"@type\":\"BreadcrumbList\",\"@id\":\"https:\\\/\\\/www.retedeldono.it\\\/magazine\\\/inclusione-sociale\\\/#breadcrumb\",\"itemListElement\":[{\"@type\":\"ListItem\",\"position\":1,\"name\":\"Home\",\"item\":\"https:\\\/\\\/www.retedeldono.it\\\/magazine\\\/\"},{\"@type\":\"ListItem\",\"position\":2,\"name\":\"Inclusione sociale, le iniziative per un contributo concreto\"}]},{\"@type\":\"WebSite\",\"@id\":\"https:\\\/\\\/www.retedeldono.it\\\/magazine\\\/#website\",\"url\":\"https:\\\/\\\/www.retedeldono.it\\\/magazine\\\/\",\"name\":\"Rete del Dono Magazine\",\"description\":\"Rete del Dono Magazine\",\"potentialAction\":[{\"@type\":\"SearchAction\",\"target\":{\"@type\":\"EntryPoint\",\"urlTemplate\":\"https:\\\/\\\/www.retedeldono.it\\\/magazine\\\/?s={search_term_string}\"},\"query-input\":{\"@type\":\"PropertyValueSpecification\",\"valueRequired\":true,\"valueName\":\"search_term_string\"}}],\"inLanguage\":\"it-IT\"},{\"@type\":\"Person\",\"@id\":\"https:\\\/\\\/www.retedeldono.it\\\/magazine\\\/#\\\/schema\\\/person\\\/dd55a2becb70a4059624bae094c03583\",\"name\":\"Elisa Rosso\",\"image\":{\"@type\":\"ImageObject\",\"inLanguage\":\"it-IT\",\"@id\":\"https:\\\/\\\/secure.gravatar.com\\\/avatar\\\/3aec3818a0581b1c60c2bac3ae3e55d7a00f7084134cbdd18bc732f3d8a8b93f?s=96&d=mm&r=g\",\"url\":\"https:\\\/\\\/secure.gravatar.com\\\/avatar\\\/3aec3818a0581b1c60c2bac3ae3e55d7a00f7084134cbdd18bc732f3d8a8b93f?s=96&d=mm&r=g\",\"contentUrl\":\"https:\\\/\\\/secure.gravatar.com\\\/avatar\\\/3aec3818a0581b1c60c2bac3ae3e55d7a00f7084134cbdd18bc732f3d8a8b93f?s=96&d=mm&r=g\",\"caption\":\"Elisa Rosso\"},\"description\":\"Laureata in Scienze Internazionali e Diplomatiche presso Universit\u00e0 di Torino, lavora da sempre nel non profit e nel sociale con un significativa esperienza nel settore raccolta fondi di grandi e piccole ONP (Amnesty International e NutriAid). Nell\u2019autunno 2016 approda in Rete del Dono, dove si occupa di dare assistenza e consulenza alle ONP e alle Fondazioni per la promozione dei loro progetti e l'ottimizzazione delle campagne di raccolta fondi.\",\"url\":\"https:\\\/\\\/www.retedeldono.it\\\/magazine\\\/author\\\/elisa-rosso\\\/\"}]}<\/script>\n<!-- \/ Yoast SEO plugin. -->","yoast_head_json":{"title":"Inclusione sociale, le iniziative per un contributo concreto -","description":"L\u2019inclusione sociale si attua grazie ad attivit\u00e0 che incentivano l\u2019inserimento nella comunit\u00e0 delle persone pi\u00f9 fragili","robots":{"index":"index","follow":"follow","max-snippet":"max-snippet:-1","max-image-preview":"max-image-preview:large","max-video-preview":"max-video-preview:-1"},"canonical":"https:\/\/www.retedeldono.it\/magazine\/inclusione-sociale\/","og_locale":"it_IT","og_type":"article","og_title":"Inclusione sociale, le iniziative per un contributo concreto -","og_description":"L\u2019inclusione sociale si attua grazie ad attivit\u00e0 che incentivano l\u2019inserimento nella comunit\u00e0 delle persone pi\u00f9 fragili","og_url":"https:\/\/www.retedeldono.it\/magazine\/inclusione-sociale\/","og_site_name":"Rete del Dono Magazine","article_publisher":"https:\/\/www.facebook.com\/retedeldono\/","article_published_time":"2023-06-10T08:32:32+00:00","article_modified_time":"2024-02-23T14:46:00+00:00","og_image":[{"width":1000,"height":700,"url":"https:\/\/magazine.retedeldono.it\/wp-content\/uploads\/2022\/06\/rete-del-dono-inclusione-sociale.png","type":"image\/png"}],"author":"Elisa Rosso","twitter_card":"summary_large_image","twitter_misc":{"Scritto da":"Elisa Rosso","Tempo di lettura stimato":"7 minuti"},"schema":{"@context":"https:\/\/schema.org","@graph":[{"@type":"Article","@id":"https:\/\/www.retedeldono.it\/magazine\/inclusione-sociale\/#article","isPartOf":{"@id":"https:\/\/www.retedeldono.it\/magazine\/inclusione-sociale\/"},"author":{"name":"Elisa Rosso","@id":"https:\/\/www.retedeldono.it\/magazine\/#\/schema\/person\/dd55a2becb70a4059624bae094c03583"},"headline":"Inclusione sociale, le iniziative per un contributo concreto","datePublished":"2023-06-10T08:32:32+00:00","dateModified":"2024-02-23T14:46:00+00:00","mainEntityOfPage":{"@id":"https:\/\/www.retedeldono.it\/magazine\/inclusione-sociale\/"},"wordCount":1290,"commentCount":0,"image":{"@id":"https:\/\/www.retedeldono.it\/magazine\/inclusione-sociale\/#primaryimage"},"thumbnailUrl":"https:\/\/magazine.retedeldono.it\/wp-content\/uploads\/2022\/06\/rete-del-dono-inclusione-sociale.png","articleSection":["Community"],"inLanguage":"it-IT","potentialAction":[{"@type":"CommentAction","name":"Comment","target":["https:\/\/www.retedeldono.it\/magazine\/inclusione-sociale\/#respond"]}]},{"@type":"WebPage","@id":"https:\/\/www.retedeldono.it\/magazine\/inclusione-sociale\/","url":"https:\/\/www.retedeldono.it\/magazine\/inclusione-sociale\/","name":"Inclusione sociale, le iniziative per un contributo concreto -","isPartOf":{"@id":"https:\/\/www.retedeldono.it\/magazine\/#website"},"primaryImageOfPage":{"@id":"https:\/\/www.retedeldono.it\/magazine\/inclusione-sociale\/#primaryimage"},"image":{"@id":"https:\/\/www.retedeldono.it\/magazine\/inclusione-sociale\/#primaryimage"},"thumbnailUrl":"https:\/\/magazine.retedeldono.it\/wp-content\/uploads\/2022\/06\/rete-del-dono-inclusione-sociale.png","datePublished":"2023-06-10T08:32:32+00:00","dateModified":"2024-02-23T14:46:00+00:00","author":{"@id":"https:\/\/www.retedeldono.it\/magazine\/#\/schema\/person\/dd55a2becb70a4059624bae094c03583"},"description":"L\u2019inclusione sociale si attua grazie ad attivit\u00e0 che incentivano l\u2019inserimento nella comunit\u00e0 delle persone pi\u00f9 fragili","breadcrumb":{"@id":"https:\/\/www.retedeldono.it\/magazine\/inclusione-sociale\/#breadcrumb"},"inLanguage":"it-IT","potentialAction":[{"@type":"ReadAction","target":["https:\/\/www.retedeldono.it\/magazine\/inclusione-sociale\/"]}]},{"@type":"ImageObject","inLanguage":"it-IT","@id":"https:\/\/www.retedeldono.it\/magazine\/inclusione-sociale\/#primaryimage","url":"https:\/\/magazine.retedeldono.it\/wp-content\/uploads\/2022\/06\/rete-del-dono-inclusione-sociale.png","contentUrl":"https:\/\/magazine.retedeldono.it\/wp-content\/uploads\/2022\/06\/rete-del-dono-inclusione-sociale.png","width":1000,"height":700,"caption":"rete-del-dono-inclusione-sociale"},{"@type":"BreadcrumbList","@id":"https:\/\/www.retedeldono.it\/magazine\/inclusione-sociale\/#breadcrumb","itemListElement":[{"@type":"ListItem","position":1,"name":"Home","item":"https:\/\/www.retedeldono.it\/magazine\/"},{"@type":"ListItem","position":2,"name":"Inclusione sociale, le iniziative per un contributo concreto"}]},{"@type":"WebSite","@id":"https:\/\/www.retedeldono.it\/magazine\/#website","url":"https:\/\/www.retedeldono.it\/magazine\/","name":"Rete del Dono Magazine","description":"Rete del Dono Magazine","potentialAction":[{"@type":"SearchAction","target":{"@type":"EntryPoint","urlTemplate":"https:\/\/www.retedeldono.it\/magazine\/?s={search_term_string}"},"query-input":{"@type":"PropertyValueSpecification","valueRequired":true,"valueName":"search_term_string"}}],"inLanguage":"it-IT"},{"@type":"Person","@id":"https:\/\/www.retedeldono.it\/magazine\/#\/schema\/person\/dd55a2becb70a4059624bae094c03583","name":"Elisa Rosso","image":{"@type":"ImageObject","inLanguage":"it-IT","@id":"https:\/\/secure.gravatar.com\/avatar\/3aec3818a0581b1c60c2bac3ae3e55d7a00f7084134cbdd18bc732f3d8a8b93f?s=96&d=mm&r=g","url":"https:\/\/secure.gravatar.com\/avatar\/3aec3818a0581b1c60c2bac3ae3e55d7a00f7084134cbdd18bc732f3d8a8b93f?s=96&d=mm&r=g","contentUrl":"https:\/\/secure.gravatar.com\/avatar\/3aec3818a0581b1c60c2bac3ae3e55d7a00f7084134cbdd18bc732f3d8a8b93f?s=96&d=mm&r=g","caption":"Elisa Rosso"},"description":"Laureata in Scienze Internazionali e Diplomatiche presso Universit\u00e0 di Torino, lavora da sempre nel non profit e nel sociale con un significativa esperienza nel settore raccolta fondi di grandi e piccole ONP (Amnesty International e NutriAid). Nell\u2019autunno 2016 approda in Rete del Dono, dove si occupa di dare assistenza e consulenza alle ONP e alle Fondazioni per la promozione dei loro progetti e l'ottimizzazione delle campagne di raccolta fondi.","url":"https:\/\/www.retedeldono.it\/magazine\/author\/elisa-rosso\/"}]}},"_links":{"self":[{"href":"https:\/\/www.retedeldono.it\/magazine\/wp-json\/wp\/v2\/posts\/1133","targetHints":{"allow":["GET"]}}],"collection":[{"href":"https:\/\/www.retedeldono.it\/magazine\/wp-json\/wp\/v2\/posts"}],"about":[{"href":"https:\/\/www.retedeldono.it\/magazine\/wp-json\/wp\/v2\/types\/post"}],"author":[{"embeddable":true,"href":"https:\/\/www.retedeldono.it\/magazine\/wp-json\/wp\/v2\/users\/11"}],"replies":[{"embeddable":true,"href":"https:\/\/www.retedeldono.it\/magazine\/wp-json\/wp\/v2\/comments?post=1133"}],"version-history":[{"count":1,"href":"https:\/\/www.retedeldono.it\/magazine\/wp-json\/wp\/v2\/posts\/1133\/revisions"}],"predecessor-version":[{"id":3172,"href":"https:\/\/www.retedeldono.it\/magazine\/wp-json\/wp\/v2\/posts\/1133\/revisions\/3172"}],"wp:featuredmedia":[{"embeddable":true,"href":"https:\/\/www.retedeldono.it\/magazine\/wp-json\/wp\/v2\/media\/1165"}],"wp:attachment":[{"href":"https:\/\/www.retedeldono.it\/magazine\/wp-json\/wp\/v2\/media?parent=1133"}],"wp:term":[{"taxonomy":"category","embeddable":true,"href":"https:\/\/www.retedeldono.it\/magazine\/wp-json\/wp\/v2\/categories?post=1133"},{"taxonomy":"post_tag","embeddable":true,"href":"https:\/\/www.retedeldono.it\/magazine\/wp-json\/wp\/v2\/tags?post=1133"}],"curies":[{"name":"wp","href":"https:\/\/api.w.org\/{rel}","templated":true}]}}