{"id":1208,"date":"2022-06-17T12:15:00","date_gmt":"2022-06-17T12:15:00","guid":{"rendered":"https:\/\/www.retedeldono.it\/magazine\/?p=1208"},"modified":"2022-07-21T13:25:32","modified_gmt":"2022-07-21T13:25:32","slug":"nessuno-nasce-senza-purpose-nessuno-si-salva-da-solo","status":"publish","type":"post","link":"https:\/\/www.retedeldono.it\/magazine\/nessuno-nasce-senza-purpose-nessuno-si-salva-da-solo\/","title":{"rendered":"Nessuno nasce senza purpose. E nessuno si salva da solo!"},"content":{"rendered":"\n<p><strong>La partnership trasformativa e di lungo periodo<\/strong> <strong>protagonista al Festival del Fundraising<\/strong><\/p>\n\n\n\n<p>\u201cLa CSR non ha motivo di esistere in azienda\u201d, questa la frase provocatoria di Paolo Iabichino, scrittore pubblicitario e Creative Director che ha aperto con \u201cil botto\u201d la giornata della CSR della XV edizione del Festival del Fundraising, che si \u00e8 tenuto a Riccione dal 6 all\u20198 giugno.<\/p>\n\n\n\n<p>La CSR non dovrebbe esistere perch\u00e9 deve rientrare nei valori fondativi dell\u2019azienda e quindi essere trasversale a tutti gli ambiti, condivisa dai tanti autorevoli relatori che si sono avvicendati nei 7 incontri dedicati alla CSR della giornata.<\/p>\n\n\n\n<p>Anzi Iabichino si spinge oltre: la CSR dovrebbe essere intesa non come Corporate Social Responsibility, di cui \u00e8 l\u2019acronimo nell\u2019accezione comune, ma come Consumer Social Responsibility per educare le persone a un consumo pi\u00f9 responsabile.<\/p>\n\n\n\n<p>Il tema del <strong>purpose<\/strong> aziendale \u00e8 emerso con forza durante gli incontri, anche qui inteso come valore fondativo dell\u2019azienda che poi la indirizza nei suoi obiettivi di business, cos\u00ec come il concetto di partnership trasformativa tra profit e non profit, dove \u00e8 quest\u2019ultima ad aiutare l\u2019azienda a diventare etica.<\/p>\n\n\n\n<p>Altro concetto chiave \u00e8 il <strong>bonding,<\/strong> ovvero la relazione fiduciaria tra il brand profit e non profit: la crescita di un\u2019azienda \u00e8 il risultato del consenso su un patto di fiducia tra marca, consumatori clienti e comunit\u00e0. Ben prima dello storytelling ci vuole lo storydoing, cio\u00e8 prima del dire il fare: altrimenti il rischio \u00e8 di un make up narrativo che risulta poco credibile.<\/p>\n\n\n\n<p>Tante le storie raccontate dalle aziende protagoniste della giornata,<\/p>\n\n\n\n<ul class=\"wp-block-list\"><li><strong>Nestl\u00e8<\/strong> che racconta come partire con il piede giusto per attivare una collaborazione con un\u2019azienda, dalla profilazione delle liste, al primo contatto, alla presentazione del progetto che deve sempre essere calato nella realt\u00e0 aziendale e quindi presupporre una conoscenza approfondita dell\u2019azienda stessa<\/li><li><strong>EOS<\/strong>, neonata Fondazione aziendale di Edison che, con il progetto Traiettorie Urbane per i giovani di Palermo spiegacome fare rete tra tante organizzazioni non profit piccolissime e il suo modello di intervento condiviso per contrastare la povert\u00e0 educativa<\/li><li><strong>Ferrovie dello Stato<\/strong> con le tante iniziative messe letteralmente \u201cin rete\u201d, dove le stazioni sono intese come spazi di incontro ad uso sociale, con 5 centri di accoglienza e punti Help Center su tutto il territorio<\/li><li><strong>Enel Cuore<\/strong>, la non profit che fa capo a Enel e che insieme a Albero della Vita ha creato il programma \u201cVarcare la Soglia\u201d di contrasto alla povert\u00e0, con 6 centri a Milano, Genova, Perugia, Napoli, Catanzaro e Palermo<\/li><li><strong>Lavazza<\/strong> con i progetti di cooperazione attivati nei paesi produttori di caff\u00e8, con particolare attenzione al rafforzamento del ruolo delle donne e al coinvolgimento dei giovani<\/li><li><strong>H&amp;M<\/strong> con i tanti progetti legati alla circolarit\u00e0 e sostenibilit\u00e0 del mondo fashion<\/li><li><strong>Dorelan<\/strong>, azienda italiana che produce materassi e che ha raccontato la collaborazione con Maratona Alzheimer. Anche qui sinergia valoriale sul tema del sonno, che sembra essere uno dei sintomi precoci della malattia.<\/li><\/ul>\n\n\n\n<p>Tante storie diverse, quindi, ma accomunate dalla convinzione che la collaborazione tra profit e non profit arricchisca entrambe le realt\u00e0 e le renda pi\u00f9 solide e credibili. A condizione che \u201cvenga dal cuore\u201d, cio\u00e8 che i valori condivisi e alla base della partnership si ritrovino tra gli elementi fondativi dell\u2019azienda.<\/p>\n","protected":false},"excerpt":{"rendered":"<p>La partnership trasformativa e di lungo periodo protagonista al Festival del Fundraising \u201cLa CSR non ha motivo di esistere in azienda\u201d, questa la frase provocatoria di Paolo Iabichino, scrittore pubblicitario&#8230;<\/p>\n","protected":false},"author":12,"featured_media":1211,"comment_status":"open","ping_status":"open","sticky":false,"template":"","format":"standard","meta":{"_acf_changed":false,"footnotes":""},"categories":[17],"tags":[],"class_list":{"0":"post-1208","1":"post","2":"type-post","3":"status-publish","4":"format-standard","5":"has-post-thumbnail","7":"category-fundraising"},"acf":{"homepage_rdd":false},"yoast_head":"<!-- This site is optimized with the Yoast SEO plugin v27.5 - https:\/\/yoast.com\/product\/yoast-seo-wordpress\/ -->\n<title>Nessuno nasce senza purpose. E nessuno si salva da solo<\/title>\n<meta name=\"description\" content=\"\u201cLa CSR non ha motivo di esistere in azienda\u201d. Queste le parole di Paolo Iabichino, che hanno aperto il Festival del Fundraising 2022.\" \/>\n<meta name=\"robots\" content=\"index, follow, max-snippet:-1, max-image-preview:large, max-video-preview:-1\" \/>\n<link rel=\"canonical\" href=\"https:\/\/www.retedeldono.it\/magazine\/nessuno-nasce-senza-purpose-nessuno-si-salva-da-solo\/\" \/>\n<meta property=\"og:locale\" content=\"it_IT\" \/>\n<meta property=\"og:type\" content=\"article\" \/>\n<meta property=\"og:title\" content=\"Nessuno nasce senza purpose. E nessuno si salva da solo\" \/>\n<meta property=\"og:description\" content=\"\u201cLa CSR non ha motivo di esistere in azienda\u201d. Queste le parole di Paolo Iabichino, che hanno aperto il Festival del Fundraising 2022.\" \/>\n<meta property=\"og:url\" content=\"https:\/\/www.retedeldono.it\/magazine\/nessuno-nasce-senza-purpose-nessuno-si-salva-da-solo\/\" \/>\n<meta property=\"og:site_name\" content=\"Rete del Dono Magazine\" \/>\n<meta property=\"article:publisher\" content=\"https:\/\/www.facebook.com\/retedeldono\/\" \/>\n<meta property=\"article:published_time\" content=\"2022-06-17T12:15:00+00:00\" \/>\n<meta property=\"article:modified_time\" content=\"2022-07-21T13:25:32+00:00\" \/>\n<meta property=\"og:image\" content=\"https:\/\/magazine.retedeldono.it\/wp-content\/uploads\/2022\/06\/287231599_10158481975246776_6102088240430677217_n.jpeg\" \/>\n\t<meta property=\"og:image:width\" content=\"2048\" \/>\n\t<meta property=\"og:image:height\" content=\"1365\" \/>\n\t<meta property=\"og:image:type\" content=\"image\/jpeg\" \/>\n<meta name=\"author\" content=\"Francesca Gervasoni\" \/>\n<meta name=\"twitter:card\" content=\"summary_large_image\" \/>\n<meta name=\"twitter:label1\" content=\"Scritto da\" \/>\n\t<meta name=\"twitter:data1\" content=\"Francesca Gervasoni\" \/>\n\t<meta name=\"twitter:label2\" content=\"Tempo di lettura stimato\" \/>\n\t<meta name=\"twitter:data2\" content=\"3 minuti\" \/>\n<script type=\"application\/ld+json\" class=\"yoast-schema-graph\">{\"@context\":\"https:\\\/\\\/schema.org\",\"@graph\":[{\"@type\":\"Article\",\"@id\":\"https:\\\/\\\/www.retedeldono.it\\\/magazine\\\/nessuno-nasce-senza-purpose-nessuno-si-salva-da-solo\\\/#article\",\"isPartOf\":{\"@id\":\"https:\\\/\\\/www.retedeldono.it\\\/magazine\\\/nessuno-nasce-senza-purpose-nessuno-si-salva-da-solo\\\/\"},\"author\":{\"name\":\"Francesca Gervasoni\",\"@id\":\"https:\\\/\\\/www.retedeldono.it\\\/magazine\\\/#\\\/schema\\\/person\\\/a35c81474fbabc7c769d83f87073545f\"},\"headline\":\"Nessuno nasce senza purpose. E nessuno si salva da solo!\",\"datePublished\":\"2022-06-17T12:15:00+00:00\",\"dateModified\":\"2022-07-21T13:25:32+00:00\",\"mainEntityOfPage\":{\"@id\":\"https:\\\/\\\/www.retedeldono.it\\\/magazine\\\/nessuno-nasce-senza-purpose-nessuno-si-salva-da-solo\\\/\"},\"wordCount\":541,\"commentCount\":0,\"image\":{\"@id\":\"https:\\\/\\\/www.retedeldono.it\\\/magazine\\\/nessuno-nasce-senza-purpose-nessuno-si-salva-da-solo\\\/#primaryimage\"},\"thumbnailUrl\":\"https:\\\/\\\/magazine.retedeldono.it\\\/wp-content\\\/uploads\\\/2022\\\/06\\\/287231599_10158481975246776_6102088240430677217_n.jpeg\",\"articleSection\":[\"Fundraising\"],\"inLanguage\":\"it-IT\",\"potentialAction\":[{\"@type\":\"CommentAction\",\"name\":\"Comment\",\"target\":[\"https:\\\/\\\/www.retedeldono.it\\\/magazine\\\/nessuno-nasce-senza-purpose-nessuno-si-salva-da-solo\\\/#respond\"]}]},{\"@type\":\"WebPage\",\"@id\":\"https:\\\/\\\/www.retedeldono.it\\\/magazine\\\/nessuno-nasce-senza-purpose-nessuno-si-salva-da-solo\\\/\",\"url\":\"https:\\\/\\\/www.retedeldono.it\\\/magazine\\\/nessuno-nasce-senza-purpose-nessuno-si-salva-da-solo\\\/\",\"name\":\"Nessuno nasce senza purpose. E nessuno si salva da solo\",\"isPartOf\":{\"@id\":\"https:\\\/\\\/www.retedeldono.it\\\/magazine\\\/#website\"},\"primaryImageOfPage\":{\"@id\":\"https:\\\/\\\/www.retedeldono.it\\\/magazine\\\/nessuno-nasce-senza-purpose-nessuno-si-salva-da-solo\\\/#primaryimage\"},\"image\":{\"@id\":\"https:\\\/\\\/www.retedeldono.it\\\/magazine\\\/nessuno-nasce-senza-purpose-nessuno-si-salva-da-solo\\\/#primaryimage\"},\"thumbnailUrl\":\"https:\\\/\\\/magazine.retedeldono.it\\\/wp-content\\\/uploads\\\/2022\\\/06\\\/287231599_10158481975246776_6102088240430677217_n.jpeg\",\"datePublished\":\"2022-06-17T12:15:00+00:00\",\"dateModified\":\"2022-07-21T13:25:32+00:00\",\"author\":{\"@id\":\"https:\\\/\\\/www.retedeldono.it\\\/magazine\\\/#\\\/schema\\\/person\\\/a35c81474fbabc7c769d83f87073545f\"},\"description\":\"\u201cLa CSR non ha motivo di esistere in azienda\u201d. Queste le parole di Paolo Iabichino, che hanno aperto il Festival del Fundraising 2022.\",\"breadcrumb\":{\"@id\":\"https:\\\/\\\/www.retedeldono.it\\\/magazine\\\/nessuno-nasce-senza-purpose-nessuno-si-salva-da-solo\\\/#breadcrumb\"},\"inLanguage\":\"it-IT\",\"potentialAction\":[{\"@type\":\"ReadAction\",\"target\":[\"https:\\\/\\\/www.retedeldono.it\\\/magazine\\\/nessuno-nasce-senza-purpose-nessuno-si-salva-da-solo\\\/\"]}]},{\"@type\":\"ImageObject\",\"inLanguage\":\"it-IT\",\"@id\":\"https:\\\/\\\/www.retedeldono.it\\\/magazine\\\/nessuno-nasce-senza-purpose-nessuno-si-salva-da-solo\\\/#primaryimage\",\"url\":\"https:\\\/\\\/magazine.retedeldono.it\\\/wp-content\\\/uploads\\\/2022\\\/06\\\/287231599_10158481975246776_6102088240430677217_n.jpeg\",\"contentUrl\":\"https:\\\/\\\/magazine.retedeldono.it\\\/wp-content\\\/uploads\\\/2022\\\/06\\\/287231599_10158481975246776_6102088240430677217_n.jpeg\",\"width\":2048,\"height\":1365},{\"@type\":\"BreadcrumbList\",\"@id\":\"https:\\\/\\\/www.retedeldono.it\\\/magazine\\\/nessuno-nasce-senza-purpose-nessuno-si-salva-da-solo\\\/#breadcrumb\",\"itemListElement\":[{\"@type\":\"ListItem\",\"position\":1,\"name\":\"Home\",\"item\":\"https:\\\/\\\/www.retedeldono.it\\\/magazine\\\/\"},{\"@type\":\"ListItem\",\"position\":2,\"name\":\"Nessuno nasce senza purpose. E nessuno si salva da solo!\"}]},{\"@type\":\"WebSite\",\"@id\":\"https:\\\/\\\/www.retedeldono.it\\\/magazine\\\/#website\",\"url\":\"https:\\\/\\\/www.retedeldono.it\\\/magazine\\\/\",\"name\":\"Rete del Dono Magazine\",\"description\":\"Rete del Dono Magazine\",\"potentialAction\":[{\"@type\":\"SearchAction\",\"target\":{\"@type\":\"EntryPoint\",\"urlTemplate\":\"https:\\\/\\\/www.retedeldono.it\\\/magazine\\\/?s={search_term_string}\"},\"query-input\":{\"@type\":\"PropertyValueSpecification\",\"valueRequired\":true,\"valueName\":\"search_term_string\"}}],\"inLanguage\":\"it-IT\"},{\"@type\":\"Person\",\"@id\":\"https:\\\/\\\/www.retedeldono.it\\\/magazine\\\/#\\\/schema\\\/person\\\/a35c81474fbabc7c769d83f87073545f\",\"name\":\"Francesca Gervasoni\",\"image\":{\"@type\":\"ImageObject\",\"inLanguage\":\"it-IT\",\"@id\":\"https:\\\/\\\/secure.gravatar.com\\\/avatar\\\/1825a523f3047a4b9194721a85cdea28f936ebf51e16a49a9e6504a59c37d892?s=96&d=mm&r=g\",\"url\":\"https:\\\/\\\/secure.gravatar.com\\\/avatar\\\/1825a523f3047a4b9194721a85cdea28f936ebf51e16a49a9e6504a59c37d892?s=96&d=mm&r=g\",\"contentUrl\":\"https:\\\/\\\/secure.gravatar.com\\\/avatar\\\/1825a523f3047a4b9194721a85cdea28f936ebf51e16a49a9e6504a59c37d892?s=96&d=mm&r=g\",\"caption\":\"Francesca Gervasoni\"},\"description\":\"Laureata in Filosofia presso Universit\u00e0 degli studi di Milano, ha un\u2019esperienza di 15 anni nel mondo delle agenzie di comunicazione per il mondo profit. Nel 2012 cambia vita e approda su Rete del Dono, dove mette in pratica quello che ha imparato nella precedente vita professionale, per aiutare ONP e aziende ad attivare campagne di raccolta fondi non profit. In Rete del Dono, ricopre il ruolo di Head of Charity Program e si occupa dei rapporti con le aziende.\",\"url\":\"https:\\\/\\\/www.retedeldono.it\\\/magazine\\\/author\\\/francesca-gervasoni\\\/\"}]}<\/script>\n<!-- \/ Yoast SEO plugin. -->","yoast_head_json":{"title":"Nessuno nasce senza purpose. E nessuno si salva da solo","description":"\u201cLa CSR non ha motivo di esistere in azienda\u201d. Queste le parole di Paolo Iabichino, che hanno aperto il Festival del Fundraising 2022.","robots":{"index":"index","follow":"follow","max-snippet":"max-snippet:-1","max-image-preview":"max-image-preview:large","max-video-preview":"max-video-preview:-1"},"canonical":"https:\/\/www.retedeldono.it\/magazine\/nessuno-nasce-senza-purpose-nessuno-si-salva-da-solo\/","og_locale":"it_IT","og_type":"article","og_title":"Nessuno nasce senza purpose. E nessuno si salva da solo","og_description":"\u201cLa CSR non ha motivo di esistere in azienda\u201d. Queste le parole di Paolo Iabichino, che hanno aperto il Festival del Fundraising 2022.","og_url":"https:\/\/www.retedeldono.it\/magazine\/nessuno-nasce-senza-purpose-nessuno-si-salva-da-solo\/","og_site_name":"Rete del Dono Magazine","article_publisher":"https:\/\/www.facebook.com\/retedeldono\/","article_published_time":"2022-06-17T12:15:00+00:00","article_modified_time":"2022-07-21T13:25:32+00:00","og_image":[{"width":2048,"height":1365,"url":"https:\/\/magazine.retedeldono.it\/wp-content\/uploads\/2022\/06\/287231599_10158481975246776_6102088240430677217_n.jpeg","type":"image\/jpeg"}],"author":"Francesca Gervasoni","twitter_card":"summary_large_image","twitter_misc":{"Scritto da":"Francesca Gervasoni","Tempo di lettura stimato":"3 minuti"},"schema":{"@context":"https:\/\/schema.org","@graph":[{"@type":"Article","@id":"https:\/\/www.retedeldono.it\/magazine\/nessuno-nasce-senza-purpose-nessuno-si-salva-da-solo\/#article","isPartOf":{"@id":"https:\/\/www.retedeldono.it\/magazine\/nessuno-nasce-senza-purpose-nessuno-si-salva-da-solo\/"},"author":{"name":"Francesca Gervasoni","@id":"https:\/\/www.retedeldono.it\/magazine\/#\/schema\/person\/a35c81474fbabc7c769d83f87073545f"},"headline":"Nessuno nasce senza purpose. E nessuno si salva da solo!","datePublished":"2022-06-17T12:15:00+00:00","dateModified":"2022-07-21T13:25:32+00:00","mainEntityOfPage":{"@id":"https:\/\/www.retedeldono.it\/magazine\/nessuno-nasce-senza-purpose-nessuno-si-salva-da-solo\/"},"wordCount":541,"commentCount":0,"image":{"@id":"https:\/\/www.retedeldono.it\/magazine\/nessuno-nasce-senza-purpose-nessuno-si-salva-da-solo\/#primaryimage"},"thumbnailUrl":"https:\/\/magazine.retedeldono.it\/wp-content\/uploads\/2022\/06\/287231599_10158481975246776_6102088240430677217_n.jpeg","articleSection":["Fundraising"],"inLanguage":"it-IT","potentialAction":[{"@type":"CommentAction","name":"Comment","target":["https:\/\/www.retedeldono.it\/magazine\/nessuno-nasce-senza-purpose-nessuno-si-salva-da-solo\/#respond"]}]},{"@type":"WebPage","@id":"https:\/\/www.retedeldono.it\/magazine\/nessuno-nasce-senza-purpose-nessuno-si-salva-da-solo\/","url":"https:\/\/www.retedeldono.it\/magazine\/nessuno-nasce-senza-purpose-nessuno-si-salva-da-solo\/","name":"Nessuno nasce senza purpose. E nessuno si salva da solo","isPartOf":{"@id":"https:\/\/www.retedeldono.it\/magazine\/#website"},"primaryImageOfPage":{"@id":"https:\/\/www.retedeldono.it\/magazine\/nessuno-nasce-senza-purpose-nessuno-si-salva-da-solo\/#primaryimage"},"image":{"@id":"https:\/\/www.retedeldono.it\/magazine\/nessuno-nasce-senza-purpose-nessuno-si-salva-da-solo\/#primaryimage"},"thumbnailUrl":"https:\/\/magazine.retedeldono.it\/wp-content\/uploads\/2022\/06\/287231599_10158481975246776_6102088240430677217_n.jpeg","datePublished":"2022-06-17T12:15:00+00:00","dateModified":"2022-07-21T13:25:32+00:00","author":{"@id":"https:\/\/www.retedeldono.it\/magazine\/#\/schema\/person\/a35c81474fbabc7c769d83f87073545f"},"description":"\u201cLa CSR non ha motivo di esistere in azienda\u201d. Queste le parole di Paolo Iabichino, che hanno aperto il Festival del Fundraising 2022.","breadcrumb":{"@id":"https:\/\/www.retedeldono.it\/magazine\/nessuno-nasce-senza-purpose-nessuno-si-salva-da-solo\/#breadcrumb"},"inLanguage":"it-IT","potentialAction":[{"@type":"ReadAction","target":["https:\/\/www.retedeldono.it\/magazine\/nessuno-nasce-senza-purpose-nessuno-si-salva-da-solo\/"]}]},{"@type":"ImageObject","inLanguage":"it-IT","@id":"https:\/\/www.retedeldono.it\/magazine\/nessuno-nasce-senza-purpose-nessuno-si-salva-da-solo\/#primaryimage","url":"https:\/\/magazine.retedeldono.it\/wp-content\/uploads\/2022\/06\/287231599_10158481975246776_6102088240430677217_n.jpeg","contentUrl":"https:\/\/magazine.retedeldono.it\/wp-content\/uploads\/2022\/06\/287231599_10158481975246776_6102088240430677217_n.jpeg","width":2048,"height":1365},{"@type":"BreadcrumbList","@id":"https:\/\/www.retedeldono.it\/magazine\/nessuno-nasce-senza-purpose-nessuno-si-salva-da-solo\/#breadcrumb","itemListElement":[{"@type":"ListItem","position":1,"name":"Home","item":"https:\/\/www.retedeldono.it\/magazine\/"},{"@type":"ListItem","position":2,"name":"Nessuno nasce senza purpose. E nessuno si salva da solo!"}]},{"@type":"WebSite","@id":"https:\/\/www.retedeldono.it\/magazine\/#website","url":"https:\/\/www.retedeldono.it\/magazine\/","name":"Rete del Dono Magazine","description":"Rete del Dono Magazine","potentialAction":[{"@type":"SearchAction","target":{"@type":"EntryPoint","urlTemplate":"https:\/\/www.retedeldono.it\/magazine\/?s={search_term_string}"},"query-input":{"@type":"PropertyValueSpecification","valueRequired":true,"valueName":"search_term_string"}}],"inLanguage":"it-IT"},{"@type":"Person","@id":"https:\/\/www.retedeldono.it\/magazine\/#\/schema\/person\/a35c81474fbabc7c769d83f87073545f","name":"Francesca Gervasoni","image":{"@type":"ImageObject","inLanguage":"it-IT","@id":"https:\/\/secure.gravatar.com\/avatar\/1825a523f3047a4b9194721a85cdea28f936ebf51e16a49a9e6504a59c37d892?s=96&d=mm&r=g","url":"https:\/\/secure.gravatar.com\/avatar\/1825a523f3047a4b9194721a85cdea28f936ebf51e16a49a9e6504a59c37d892?s=96&d=mm&r=g","contentUrl":"https:\/\/secure.gravatar.com\/avatar\/1825a523f3047a4b9194721a85cdea28f936ebf51e16a49a9e6504a59c37d892?s=96&d=mm&r=g","caption":"Francesca Gervasoni"},"description":"Laureata in Filosofia presso Universit\u00e0 degli studi di Milano, ha un\u2019esperienza di 15 anni nel mondo delle agenzie di comunicazione per il mondo profit. Nel 2012 cambia vita e approda su Rete del Dono, dove mette in pratica quello che ha imparato nella precedente vita professionale, per aiutare ONP e aziende ad attivare campagne di raccolta fondi non profit. In Rete del Dono, ricopre il ruolo di Head of Charity Program e si occupa dei rapporti con le aziende.","url":"https:\/\/www.retedeldono.it\/magazine\/author\/francesca-gervasoni\/"}]}},"_links":{"self":[{"href":"https:\/\/www.retedeldono.it\/magazine\/wp-json\/wp\/v2\/posts\/1208","targetHints":{"allow":["GET"]}}],"collection":[{"href":"https:\/\/www.retedeldono.it\/magazine\/wp-json\/wp\/v2\/posts"}],"about":[{"href":"https:\/\/www.retedeldono.it\/magazine\/wp-json\/wp\/v2\/types\/post"}],"author":[{"embeddable":true,"href":"https:\/\/www.retedeldono.it\/magazine\/wp-json\/wp\/v2\/users\/12"}],"replies":[{"embeddable":true,"href":"https:\/\/www.retedeldono.it\/magazine\/wp-json\/wp\/v2\/comments?post=1208"}],"version-history":[{"count":0,"href":"https:\/\/www.retedeldono.it\/magazine\/wp-json\/wp\/v2\/posts\/1208\/revisions"}],"wp:featuredmedia":[{"embeddable":true,"href":"https:\/\/www.retedeldono.it\/magazine\/wp-json\/wp\/v2\/media\/1211"}],"wp:attachment":[{"href":"https:\/\/www.retedeldono.it\/magazine\/wp-json\/wp\/v2\/media?parent=1208"}],"wp:term":[{"taxonomy":"category","embeddable":true,"href":"https:\/\/www.retedeldono.it\/magazine\/wp-json\/wp\/v2\/categories?post=1208"},{"taxonomy":"post_tag","embeddable":true,"href":"https:\/\/www.retedeldono.it\/magazine\/wp-json\/wp\/v2\/tags?post=1208"}],"curies":[{"name":"wp","href":"https:\/\/api.w.org\/{rel}","templated":true}]}}