{"id":1214,"date":"2022-06-23T09:38:28","date_gmt":"2022-06-23T09:38:28","guid":{"rendered":"https:\/\/www.retedeldono.it\/magazine\/?p=1214"},"modified":"2022-06-30T12:49:13","modified_gmt":"2022-06-30T12:49:13","slug":"raccogliere-fondi-bicicletta","status":"publish","type":"post","link":"https:\/\/www.retedeldono.it\/magazine\/raccogliere-fondi-bicicletta\/","title":{"rendered":"Raccogliere fondi in bicicletta"},"content":{"rendered":"\n<p>Raccogliere fondi a suon di chilometri e sudore, una pedalata dopo l\u2019altra.<\/p>\n\n\n\n<p>Chi \u00e8 appassionato di bicicletta ed ha a cuore una causa solidale, dovrebbe fare come questi temerari Personal Fundraiser, che sfruttano parte delle proprie vacanze estive per intraprendere dei bei viaggi sulle due ruote e contemporaneamente sostenere un\u2019organizzazione non profit. Tra vecchie conoscenze di Rete del Dono e nuovi avventurieri, ecco tutti i segreti dei nostri ciclisti fundraiser.<\/p>\n\n\n\n<p><strong>Come funziona la raccolta fondi per ciclisti<\/strong><\/p>\n\n\n\n<p>Pedalare facendo del bene \u00e8 facile: per trasformare la tua avventura in una sfida solidale basta scegliere il progetto di un\u2019organizzazione non profit, <a href=\"https:\/\/www.retedeldono.it\/crea-iniziativa\" target=\"_blank\" rel=\"noreferrer noopener\"><strong>aprire la tua campagna di raccolta fondi<\/strong><\/a> e poi coinvolgere i tuoi amici, parenti e conoscenti invitandoli a seguirti nel tuo viaggio e ad aiutarti a raggiungere il tuo obiettivo di donazione. Per fare il tifo per te baster\u00e0 seguirti sui social e condividere tra le proprie cerchie il link della tua raccolta fondi. Ricordati che ogni donazione transata su Rete del Dono destinata a un Ente del Terzo Settore pu\u00f2 essere portata in detrazione o deduzione fiscale in sede di dichiarazione dei redditi.<\/p>\n\n\n\n<p><strong>Idee per raccogliere fondi in bici<\/strong><\/p>\n\n\n\n<ol class=\"wp-block-list\"><li>Creare un diario di viaggio<\/li><\/ol>\n\n\n\n<p><strong>Marco Vegliante<\/strong> e la sua campagna record <a href=\"https:\/\/www.retedeldono.it\/it\/iniziative\/fondazione-airc\/marco.vegliante\/pedala-contro-il-cancro\" target=\"_blank\" rel=\"noreferrer noopener\"><strong>Cambia Marcia<\/strong><\/a> sono qui a ricordarlo: un <a href=\"https:\/\/cambiamarcia.org\/\" target=\"_blank\" rel=\"noreferrer noopener\"><strong>blog<\/strong> come il suo<\/a> \u00e8 lo strumento perfetto, ma per aggiornare i propri sostenitori sull\u2019avanzamento del percorso vanno bene anche i <strong>social<\/strong>. Una story giornaliera su Instagram (o anche solo un selfie, l\u2019amatorialit\u00e0 dei contenuti paga sempre) con il counter della raccolta fondi e un aggiornamento sulla localit\u00e0 raggiunta \u00e8 tutto ci\u00f2 che serve per dare continuit\u00e0 alla call to action utilizzata in fase di lancio.<\/p>\n\n\n\n<ol class=\"wp-block-list\" start=\"2\"><li>Youtuber che raccolgono fondi<\/li><\/ol>\n\n\n\n<p>Per una Organizzazione non profit riuscire a coinvolgere un personaggio gi\u00e0 noto sul web o meno vuol dire ampliare immediatamente il pubblico a cui far arrivare il proprio messaggio. Ecco perch\u00e9 \u00e8 andata cos\u00ec bene la campagna <a href=\"https:\/\/www.retedeldono.it\/it\/content\/1000km-per-airc-ciro-russo-1%C2%B0-vincitore-della-rdd-challenge\" target=\"_blank\" rel=\"noreferrer noopener\"><strong>#pedalandocontroilcancro di Ciro Russo<\/strong><\/a> &#8211; campione di lotta greco-romana delle Fiamme Oro &#8211; e promette bene anche la traversata <a href=\"https:\/\/www.retedeldono.it\/it\/milano-capo-nord-sostegno-banco-alimentare-lombardia\" target=\"_blank\" rel=\"noreferrer noopener\"><strong>da Milano a Capo Nord<\/strong><\/a> di <a href=\"https:\/\/www.youtube.com\/c\/PietroFranzese\" target=\"_blank\" rel=\"noreferrer noopener\"><strong>Pietro Franzese<\/strong><\/a>, youtuber del mondo delle bici che vuole raccogliere 1 euro per ogni chilometro del suo viaggio arrivando cos\u00ec a 5.000 euro.<\/p>\n\n\n\n<ol class=\"wp-block-list\" start=\"3\"><li>Una nuova sfida ogni anno<\/li><\/ol>\n\n\n\n<p>Diventare un ciclista personal fundraiser ricorsivo ha un grande vantaggio: poter fare affidamento su una community consolidata negli anni precedenti, da riattivare ogni anno su una sfida solidale e sportiva diversa. Come fa ormai da 3 anni <strong>Alessandro Mucci<\/strong> con la sua <a href=\"https:\/\/www.retedeldono.it\/it\/cerca\/iniziativa?search_api_views_fulltext=PEDALANDO+PER+LA+RICERCA&amp;type=All&amp;sort_by=field_raccolto&amp;field_evento_nid=\" target=\"_blank\" rel=\"noreferrer noopener\"><strong>Pedalando per la Ricerca<\/strong><\/a>, che dopo due imprese e oltre 13mila euro raccolti quest\u2019estate pedala dalla costiera Amalfitana a Termoli (Molise), in compagnia di un amico.<\/p>\n\n\n\n<ol class=\"wp-block-list\" start=\"4\"><li>Storytelling originali<\/li><\/ol>\n\n\n\n<p>Un viaggio on the road \u00e8 anche l\u2019occasione di usare la creativit\u00e0, inventando sfide originali e con un particolare gancio al progetto che si vuole sostenere: Cataldo ad esempio ha pedalato in monociclo per 600 km &#8211; da Bologna a Nizza &#8211; per <a href=\"https:\/\/www.retedeldono.it\/it\/iniziative\/admo-emilia-romagna\/cataldo.mussuto\/match-on-the-road\" target=\"_blank\" rel=\"noreferrer noopener\"><strong>ADMO Emilia Romagna<\/strong><\/a> e il suo progetto <a href=\"https:\/\/admoemiliaromagna.it\/match-at-home\/\" target=\"_blank\" rel=\"noreferrer noopener\"><strong>Match at Home<\/strong><\/a>, che con un trapianto di midollo osseo gli ha permesso di guarire da un linfoma. Su una ruota sola, per ricordare e lasciarsi alle spalle quel periodo difficile e precario che \u00e8 stata la malattia. Bastano 35 euro per iscrivere un nuovo donatore nel Registro nazionale e per ridare speranza alle 2.000 persone che attendono un trapianto.<\/p>\n\n\n\n<p><strong>Come fare una raccolta fondi in bici di successo: 3 canali<\/strong><\/p>\n\n\n\n<ul class=\"wp-block-list\"><li><strong>Messaggistica personale.<\/strong> <strong>Whatsapp<\/strong> \u00e8 indispensabile per movimentare la raccolta, mandando messaggi personalizzati a chi conosci. Alcuni Personal Fundraiser che avevano puntato tutto sui social (non solo gli aggiornamenti, ma anche la richiesta di donazione) hanno poi dovuto constatare la mancanza di conversioni e spingere sui canali di messaggistica. Utilizzate anche <strong>Telegram<\/strong>, utile sia per aggiornare in tempo reale la community che per gli appelli di donazione.<\/li><li><strong>Email.<\/strong> Chi sa usare una piattaforma di mailing semplice e gratuita pu\u00f2 raggiungere anche chi ama meno essere raggiunto dai messaggi sullo smartphone: una email a settimana, con 3 foto per riassumere le tappe del viaggio, \u00e8 sufficiente a ricordare la campagna.<\/li><li><strong>I gruppi Facebook e Whatsapp.<\/strong> \u00c8 un modo semplice e rapido per raggiungere persone non per forza gi\u00e0 nella tua community, eppure gi\u00e0 \u201cprofilati\u201d per una certa appartenenza territoriale (es: il gruppo dei genitori della scuola) o per interesse (es: i cicloamatori) e quindi potenziali contatti \u201ccaldi\u201d.<\/li><\/ul>\n","protected":false},"excerpt":{"rendered":"<p>Raccogliere fondi a suon di chilometri e sudore, una pedalata dopo l\u2019altra. Chi \u00e8 appassionato di bicicletta ed ha a cuore una causa solidale, dovrebbe fare come questi temerari Personal&#8230;<\/p>\n","protected":false},"author":7,"featured_media":1253,"comment_status":"open","ping_status":"open","sticky":true,"template":"","format":"standard","meta":{"_acf_changed":false,"footnotes":""},"categories":[17],"tags":[],"class_list":{"0":"post-1214","1":"post","2":"type-post","3":"status-publish","4":"format-standard","5":"has-post-thumbnail","7":"category-fundraising"},"acf":{"homepage_rdd":false},"yoast_head":"<!-- This site is optimized with the Yoast SEO plugin v27.5 - https:\/\/yoast.com\/product\/yoast-seo-wordpress\/ -->\n<title>Raccogliere fondi in bicicletta<\/title>\n<meta name=\"description\" content=\"Chi ama la bicicletta ed ha a cuore una causa solidale, dovrebbe fare come i nostri amici ciclisti fundraiser: ecco alcuni segreti su di loro\" \/>\n<meta name=\"robots\" content=\"index, follow, max-snippet:-1, max-image-preview:large, max-video-preview:-1\" \/>\n<link rel=\"canonical\" href=\"https:\/\/www.retedeldono.it\/magazine\/raccogliere-fondi-bicicletta\/\" \/>\n<meta property=\"og:locale\" content=\"it_IT\" \/>\n<meta property=\"og:type\" content=\"article\" \/>\n<meta property=\"og:title\" content=\"Raccogliere fondi in bicicletta\" \/>\n<meta property=\"og:description\" content=\"Chi ama la bicicletta ed ha a cuore una causa solidale, dovrebbe fare come i nostri amici ciclisti fundraiser: ecco alcuni segreti su di loro\" \/>\n<meta property=\"og:url\" content=\"https:\/\/www.retedeldono.it\/magazine\/raccogliere-fondi-bicicletta\/\" \/>\n<meta property=\"og:site_name\" content=\"Rete del Dono Magazine\" \/>\n<meta property=\"article:publisher\" content=\"https:\/\/www.facebook.com\/retedeldono\/\" \/>\n<meta property=\"article:published_time\" content=\"2022-06-23T09:38:28+00:00\" \/>\n<meta property=\"article:modified_time\" content=\"2022-06-30T12:49:13+00:00\" \/>\n<meta name=\"author\" content=\"Aldo Lubrani\" \/>\n<meta name=\"twitter:card\" content=\"summary_large_image\" \/>\n<meta name=\"twitter:label1\" content=\"Scritto da\" \/>\n\t<meta name=\"twitter:data1\" content=\"Aldo Lubrani\" \/>\n\t<meta name=\"twitter:label2\" content=\"Tempo di lettura stimato\" \/>\n\t<meta name=\"twitter:data2\" content=\"4 minuti\" \/>\n<script type=\"application\/ld+json\" class=\"yoast-schema-graph\">{\"@context\":\"https:\\\/\\\/schema.org\",\"@graph\":[{\"@type\":\"Article\",\"@id\":\"https:\\\/\\\/www.retedeldono.it\\\/magazine\\\/raccogliere-fondi-bicicletta\\\/#article\",\"isPartOf\":{\"@id\":\"https:\\\/\\\/www.retedeldono.it\\\/magazine\\\/raccogliere-fondi-bicicletta\\\/\"},\"author\":{\"name\":\"Aldo Lubrani\",\"@id\":\"https:\\\/\\\/www.retedeldono.it\\\/magazine\\\/#\\\/schema\\\/person\\\/19118fc3b527ea22d276cc2b446f7353\"},\"headline\":\"Raccogliere fondi in bicicletta\",\"datePublished\":\"2022-06-23T09:38:28+00:00\",\"dateModified\":\"2022-06-30T12:49:13+00:00\",\"mainEntityOfPage\":{\"@id\":\"https:\\\/\\\/www.retedeldono.it\\\/magazine\\\/raccogliere-fondi-bicicletta\\\/\"},\"wordCount\":708,\"commentCount\":0,\"image\":{\"@id\":\"https:\\\/\\\/www.retedeldono.it\\\/magazine\\\/raccogliere-fondi-bicicletta\\\/#primaryimage\"},\"thumbnailUrl\":\"https:\\\/\\\/magazine.retedeldono.it\\\/wp-content\\\/uploads\\\/2022\\\/06\\\/rete-del-dono-bicicletta-raccolta-fondi-pedalata-solidale-1.jpg\",\"articleSection\":[\"Fundraising\"],\"inLanguage\":\"it-IT\",\"potentialAction\":[{\"@type\":\"CommentAction\",\"name\":\"Comment\",\"target\":[\"https:\\\/\\\/www.retedeldono.it\\\/magazine\\\/raccogliere-fondi-bicicletta\\\/#respond\"]}]},{\"@type\":\"WebPage\",\"@id\":\"https:\\\/\\\/www.retedeldono.it\\\/magazine\\\/raccogliere-fondi-bicicletta\\\/\",\"url\":\"https:\\\/\\\/www.retedeldono.it\\\/magazine\\\/raccogliere-fondi-bicicletta\\\/\",\"name\":\"Raccogliere fondi in bicicletta\",\"isPartOf\":{\"@id\":\"https:\\\/\\\/www.retedeldono.it\\\/magazine\\\/#website\"},\"primaryImageOfPage\":{\"@id\":\"https:\\\/\\\/www.retedeldono.it\\\/magazine\\\/raccogliere-fondi-bicicletta\\\/#primaryimage\"},\"image\":{\"@id\":\"https:\\\/\\\/www.retedeldono.it\\\/magazine\\\/raccogliere-fondi-bicicletta\\\/#primaryimage\"},\"thumbnailUrl\":\"https:\\\/\\\/magazine.retedeldono.it\\\/wp-content\\\/uploads\\\/2022\\\/06\\\/rete-del-dono-bicicletta-raccolta-fondi-pedalata-solidale-1.jpg\",\"datePublished\":\"2022-06-23T09:38:28+00:00\",\"dateModified\":\"2022-06-30T12:49:13+00:00\",\"author\":{\"@id\":\"https:\\\/\\\/www.retedeldono.it\\\/magazine\\\/#\\\/schema\\\/person\\\/19118fc3b527ea22d276cc2b446f7353\"},\"description\":\"Chi ama la bicicletta ed ha a cuore una causa solidale, dovrebbe fare come i nostri amici ciclisti fundraiser: ecco alcuni segreti su di loro\",\"breadcrumb\":{\"@id\":\"https:\\\/\\\/www.retedeldono.it\\\/magazine\\\/raccogliere-fondi-bicicletta\\\/#breadcrumb\"},\"inLanguage\":\"it-IT\",\"potentialAction\":[{\"@type\":\"ReadAction\",\"target\":[\"https:\\\/\\\/www.retedeldono.it\\\/magazine\\\/raccogliere-fondi-bicicletta\\\/\"]}]},{\"@type\":\"ImageObject\",\"inLanguage\":\"it-IT\",\"@id\":\"https:\\\/\\\/www.retedeldono.it\\\/magazine\\\/raccogliere-fondi-bicicletta\\\/#primaryimage\",\"url\":\"https:\\\/\\\/magazine.retedeldono.it\\\/wp-content\\\/uploads\\\/2022\\\/06\\\/rete-del-dono-bicicletta-raccolta-fondi-pedalata-solidale-1.jpg\",\"contentUrl\":\"https:\\\/\\\/magazine.retedeldono.it\\\/wp-content\\\/uploads\\\/2022\\\/06\\\/rete-del-dono-bicicletta-raccolta-fondi-pedalata-solidale-1.jpg\",\"width\":1000,\"height\":700,\"caption\":\"Rete del Dono Raccolta Fondi Bicicletta Ciclismo Pedala Solidale Personal Fundraiser\"},{\"@type\":\"BreadcrumbList\",\"@id\":\"https:\\\/\\\/www.retedeldono.it\\\/magazine\\\/raccogliere-fondi-bicicletta\\\/#breadcrumb\",\"itemListElement\":[{\"@type\":\"ListItem\",\"position\":1,\"name\":\"Home\",\"item\":\"https:\\\/\\\/www.retedeldono.it\\\/magazine\\\/\"},{\"@type\":\"ListItem\",\"position\":2,\"name\":\"Raccogliere fondi in bicicletta\"}]},{\"@type\":\"WebSite\",\"@id\":\"https:\\\/\\\/www.retedeldono.it\\\/magazine\\\/#website\",\"url\":\"https:\\\/\\\/www.retedeldono.it\\\/magazine\\\/\",\"name\":\"Rete del Dono Magazine\",\"description\":\"Rete del Dono Magazine\",\"potentialAction\":[{\"@type\":\"SearchAction\",\"target\":{\"@type\":\"EntryPoint\",\"urlTemplate\":\"https:\\\/\\\/www.retedeldono.it\\\/magazine\\\/?s={search_term_string}\"},\"query-input\":{\"@type\":\"PropertyValueSpecification\",\"valueRequired\":true,\"valueName\":\"search_term_string\"}}],\"inLanguage\":\"it-IT\"},{\"@type\":\"Person\",\"@id\":\"https:\\\/\\\/www.retedeldono.it\\\/magazine\\\/#\\\/schema\\\/person\\\/19118fc3b527ea22d276cc2b446f7353\",\"name\":\"Aldo Lubrani\",\"image\":{\"@type\":\"ImageObject\",\"inLanguage\":\"it-IT\",\"@id\":\"https:\\\/\\\/secure.gravatar.com\\\/avatar\\\/e948991b445298d4342a4a232b29e90adbf8a4af10151e265f6e6f3e9a10f68c?s=96&d=mm&r=g\",\"url\":\"https:\\\/\\\/secure.gravatar.com\\\/avatar\\\/e948991b445298d4342a4a232b29e90adbf8a4af10151e265f6e6f3e9a10f68c?s=96&d=mm&r=g\",\"contentUrl\":\"https:\\\/\\\/secure.gravatar.com\\\/avatar\\\/e948991b445298d4342a4a232b29e90adbf8a4af10151e265f6e6f3e9a10f68c?s=96&d=mm&r=g\",\"caption\":\"Aldo Lubrani\"},\"description\":\"Laureato con lode in Relazioni Internazionali presso Universit\u00e0 degli studi Roma Tre, Master in Europrogettazione presso Europa Business School di Bologna. Google Digital Training Certificate. Lavoro da anni nel settore Digital, Fundraising e Non Profit. Su Rete del Dono ricopro il ruolo di Project Manager nell'ambito Comunicazione, Digital e Personal Fundraising. Appassionato di viaggi, natura, pittura.\",\"sameAs\":[\"https:\\\/\\\/www.retedeldono.it\"],\"url\":\"https:\\\/\\\/www.retedeldono.it\\\/magazine\\\/author\\\/aldo-lubrani\\\/\"}]}<\/script>\n<!-- \/ Yoast SEO plugin. -->","yoast_head_json":{"title":"Raccogliere fondi in bicicletta","description":"Chi ama la bicicletta ed ha a cuore una causa solidale, dovrebbe fare come i nostri amici ciclisti fundraiser: ecco alcuni segreti su di loro","robots":{"index":"index","follow":"follow","max-snippet":"max-snippet:-1","max-image-preview":"max-image-preview:large","max-video-preview":"max-video-preview:-1"},"canonical":"https:\/\/www.retedeldono.it\/magazine\/raccogliere-fondi-bicicletta\/","og_locale":"it_IT","og_type":"article","og_title":"Raccogliere fondi in bicicletta","og_description":"Chi ama la bicicletta ed ha a cuore una causa solidale, dovrebbe fare come i nostri amici ciclisti fundraiser: ecco alcuni segreti su di loro","og_url":"https:\/\/www.retedeldono.it\/magazine\/raccogliere-fondi-bicicletta\/","og_site_name":"Rete del Dono Magazine","article_publisher":"https:\/\/www.facebook.com\/retedeldono\/","article_published_time":"2022-06-23T09:38:28+00:00","article_modified_time":"2022-06-30T12:49:13+00:00","author":"Aldo Lubrani","twitter_card":"summary_large_image","twitter_misc":{"Scritto da":"Aldo Lubrani","Tempo di lettura stimato":"4 minuti"},"schema":{"@context":"https:\/\/schema.org","@graph":[{"@type":"Article","@id":"https:\/\/www.retedeldono.it\/magazine\/raccogliere-fondi-bicicletta\/#article","isPartOf":{"@id":"https:\/\/www.retedeldono.it\/magazine\/raccogliere-fondi-bicicletta\/"},"author":{"name":"Aldo Lubrani","@id":"https:\/\/www.retedeldono.it\/magazine\/#\/schema\/person\/19118fc3b527ea22d276cc2b446f7353"},"headline":"Raccogliere fondi in bicicletta","datePublished":"2022-06-23T09:38:28+00:00","dateModified":"2022-06-30T12:49:13+00:00","mainEntityOfPage":{"@id":"https:\/\/www.retedeldono.it\/magazine\/raccogliere-fondi-bicicletta\/"},"wordCount":708,"commentCount":0,"image":{"@id":"https:\/\/www.retedeldono.it\/magazine\/raccogliere-fondi-bicicletta\/#primaryimage"},"thumbnailUrl":"https:\/\/magazine.retedeldono.it\/wp-content\/uploads\/2022\/06\/rete-del-dono-bicicletta-raccolta-fondi-pedalata-solidale-1.jpg","articleSection":["Fundraising"],"inLanguage":"it-IT","potentialAction":[{"@type":"CommentAction","name":"Comment","target":["https:\/\/www.retedeldono.it\/magazine\/raccogliere-fondi-bicicletta\/#respond"]}]},{"@type":"WebPage","@id":"https:\/\/www.retedeldono.it\/magazine\/raccogliere-fondi-bicicletta\/","url":"https:\/\/www.retedeldono.it\/magazine\/raccogliere-fondi-bicicletta\/","name":"Raccogliere fondi in bicicletta","isPartOf":{"@id":"https:\/\/www.retedeldono.it\/magazine\/#website"},"primaryImageOfPage":{"@id":"https:\/\/www.retedeldono.it\/magazine\/raccogliere-fondi-bicicletta\/#primaryimage"},"image":{"@id":"https:\/\/www.retedeldono.it\/magazine\/raccogliere-fondi-bicicletta\/#primaryimage"},"thumbnailUrl":"https:\/\/magazine.retedeldono.it\/wp-content\/uploads\/2022\/06\/rete-del-dono-bicicletta-raccolta-fondi-pedalata-solidale-1.jpg","datePublished":"2022-06-23T09:38:28+00:00","dateModified":"2022-06-30T12:49:13+00:00","author":{"@id":"https:\/\/www.retedeldono.it\/magazine\/#\/schema\/person\/19118fc3b527ea22d276cc2b446f7353"},"description":"Chi ama la bicicletta ed ha a cuore una causa solidale, dovrebbe fare come i nostri amici ciclisti fundraiser: ecco alcuni segreti su di loro","breadcrumb":{"@id":"https:\/\/www.retedeldono.it\/magazine\/raccogliere-fondi-bicicletta\/#breadcrumb"},"inLanguage":"it-IT","potentialAction":[{"@type":"ReadAction","target":["https:\/\/www.retedeldono.it\/magazine\/raccogliere-fondi-bicicletta\/"]}]},{"@type":"ImageObject","inLanguage":"it-IT","@id":"https:\/\/www.retedeldono.it\/magazine\/raccogliere-fondi-bicicletta\/#primaryimage","url":"https:\/\/magazine.retedeldono.it\/wp-content\/uploads\/2022\/06\/rete-del-dono-bicicletta-raccolta-fondi-pedalata-solidale-1.jpg","contentUrl":"https:\/\/magazine.retedeldono.it\/wp-content\/uploads\/2022\/06\/rete-del-dono-bicicletta-raccolta-fondi-pedalata-solidale-1.jpg","width":1000,"height":700,"caption":"Rete del Dono Raccolta Fondi Bicicletta Ciclismo Pedala Solidale Personal Fundraiser"},{"@type":"BreadcrumbList","@id":"https:\/\/www.retedeldono.it\/magazine\/raccogliere-fondi-bicicletta\/#breadcrumb","itemListElement":[{"@type":"ListItem","position":1,"name":"Home","item":"https:\/\/www.retedeldono.it\/magazine\/"},{"@type":"ListItem","position":2,"name":"Raccogliere fondi in bicicletta"}]},{"@type":"WebSite","@id":"https:\/\/www.retedeldono.it\/magazine\/#website","url":"https:\/\/www.retedeldono.it\/magazine\/","name":"Rete del Dono Magazine","description":"Rete del Dono Magazine","potentialAction":[{"@type":"SearchAction","target":{"@type":"EntryPoint","urlTemplate":"https:\/\/www.retedeldono.it\/magazine\/?s={search_term_string}"},"query-input":{"@type":"PropertyValueSpecification","valueRequired":true,"valueName":"search_term_string"}}],"inLanguage":"it-IT"},{"@type":"Person","@id":"https:\/\/www.retedeldono.it\/magazine\/#\/schema\/person\/19118fc3b527ea22d276cc2b446f7353","name":"Aldo Lubrani","image":{"@type":"ImageObject","inLanguage":"it-IT","@id":"https:\/\/secure.gravatar.com\/avatar\/e948991b445298d4342a4a232b29e90adbf8a4af10151e265f6e6f3e9a10f68c?s=96&d=mm&r=g","url":"https:\/\/secure.gravatar.com\/avatar\/e948991b445298d4342a4a232b29e90adbf8a4af10151e265f6e6f3e9a10f68c?s=96&d=mm&r=g","contentUrl":"https:\/\/secure.gravatar.com\/avatar\/e948991b445298d4342a4a232b29e90adbf8a4af10151e265f6e6f3e9a10f68c?s=96&d=mm&r=g","caption":"Aldo Lubrani"},"description":"Laureato con lode in Relazioni Internazionali presso Universit\u00e0 degli studi Roma Tre, Master in Europrogettazione presso Europa Business School di Bologna. Google Digital Training Certificate. Lavoro da anni nel settore Digital, Fundraising e Non Profit. Su Rete del Dono ricopro il ruolo di Project Manager nell'ambito Comunicazione, Digital e Personal Fundraising. Appassionato di viaggi, natura, pittura.","sameAs":["https:\/\/www.retedeldono.it"],"url":"https:\/\/www.retedeldono.it\/magazine\/author\/aldo-lubrani\/"}]}},"_links":{"self":[{"href":"https:\/\/www.retedeldono.it\/magazine\/wp-json\/wp\/v2\/posts\/1214","targetHints":{"allow":["GET"]}}],"collection":[{"href":"https:\/\/www.retedeldono.it\/magazine\/wp-json\/wp\/v2\/posts"}],"about":[{"href":"https:\/\/www.retedeldono.it\/magazine\/wp-json\/wp\/v2\/types\/post"}],"author":[{"embeddable":true,"href":"https:\/\/www.retedeldono.it\/magazine\/wp-json\/wp\/v2\/users\/7"}],"replies":[{"embeddable":true,"href":"https:\/\/www.retedeldono.it\/magazine\/wp-json\/wp\/v2\/comments?post=1214"}],"version-history":[{"count":0,"href":"https:\/\/www.retedeldono.it\/magazine\/wp-json\/wp\/v2\/posts\/1214\/revisions"}],"wp:featuredmedia":[{"embeddable":true,"href":"https:\/\/www.retedeldono.it\/magazine\/wp-json\/wp\/v2\/media\/1253"}],"wp:attachment":[{"href":"https:\/\/www.retedeldono.it\/magazine\/wp-json\/wp\/v2\/media?parent=1214"}],"wp:term":[{"taxonomy":"category","embeddable":true,"href":"https:\/\/www.retedeldono.it\/magazine\/wp-json\/wp\/v2\/categories?post=1214"},{"taxonomy":"post_tag","embeddable":true,"href":"https:\/\/www.retedeldono.it\/magazine\/wp-json\/wp\/v2\/tags?post=1214"}],"curies":[{"name":"wp","href":"https:\/\/api.w.org\/{rel}","templated":true}]}}