{"id":1268,"date":"2022-06-30T08:37:59","date_gmt":"2022-06-30T08:37:59","guid":{"rendered":"https:\/\/www.retedeldono.it\/magazine\/?p=1268"},"modified":"2023-08-30T14:36:34","modified_gmt":"2023-08-30T14:36:34","slug":"raccogliere-fondi-cammino-solidale","status":"publish","type":"post","link":"https:\/\/www.retedeldono.it\/magazine\/raccogliere-fondi-cammino-solidale\/","title":{"rendered":"Raccogliere fondi con un cammino solidale"},"content":{"rendered":"[vc_row type=&#8221;in_container&#8221; full_screen_row_position=&#8221;middle&#8221; column_margin=&#8221;default&#8221; column_direction=&#8221;default&#8221; column_direction_tablet=&#8221;default&#8221; column_direction_phone=&#8221;default&#8221; scene_position=&#8221;center&#8221; text_color=&#8221;dark&#8221; text_align=&#8221;left&#8221; row_border_radius=&#8221;none&#8221; row_border_radius_applies=&#8221;bg&#8221; overflow=&#8221;visible&#8221; overlay_strength=&#8221;0.3&#8243; gradient_direction=&#8221;left_to_right&#8221; shape_divider_position=&#8221;bottom&#8221; bg_image_animation=&#8221;none&#8221;][vc_column column_padding=&#8221;no-extra-padding&#8221; column_padding_tablet=&#8221;inherit&#8221; column_padding_phone=&#8221;inherit&#8221; column_padding_position=&#8221;all&#8221; column_element_spacing=&#8221;default&#8221; background_color_opacity=&#8221;1&#8243; background_hover_color_opacity=&#8221;1&#8243; column_shadow=&#8221;none&#8221; column_border_radius=&#8221;none&#8221; column_link_target=&#8221;_self&#8221; column_position=&#8221;default&#8221; gradient_direction=&#8221;left_to_right&#8221; overlay_strength=&#8221;0.3&#8243; width=&#8221;1\/1&#8243; tablet_width_inherit=&#8221;default&#8221; tablet_text_alignment=&#8221;default&#8221; phone_text_alignment=&#8221;default&#8221; animation_type=&#8221;default&#8221; bg_image_animation=&#8221;none&#8221; border_type=&#8221;simple&#8221; column_border_width=&#8221;none&#8221; column_border_style=&#8221;solid&#8221;][vc_column_text]\r\n<blockquote>\r\n<h2 style=\"text-align: center;\"><em>Un passo dopo l\u2019altro per raccogliere fondi in favore di una causa solidale.<\/em><\/h2>\r\n<\/blockquote>\r\n<p>&nbsp;<\/p>\r\n<p>Sono tanti, ogni estate, gli appassionati di lunghi cammini che si trasformano in Personal Fundraiser e sfruttano parte delle proprie vacanze per girare per il mondo a piedi e nello stesso tempo sostenere un\u2019organizzazione non profit. Ecco come diventare dei camminatori fundraiser.<\/p>\r\n<p>&nbsp;<\/p>\r\n\r\n<h2><strong>Come funziona una camminata di raccolta fondi<\/strong><\/h2>\r\n\r\n<p>Per trasformare un cammino in una sfida solidale basta scegliere il progetto di un\u2019organizzazione non profit, <a href=\"https:\/\/www.retedeldono.it\/crea-iniziativa\" target=\"_blank\" rel=\"noreferrer noopener\"><strong>aprire la propria campagna di raccolta fondi<\/strong><\/a> e poi coinvolgere amici, parenti e conoscenti invitandoli a seguire questa avventura e a dare il loro suporto per raggiungere l&#8217;obiettivo di donazione. Per fare il tifo baster\u00e0 seguire sui social e condividere tra le proprie cerchie il link della raccolta fondi. \u00c8 importante ricordare poi che ogni donazione transata su Rete del Dono destinata a un Ente del Terzo Settore pu\u00f2 essere portata in <strong><a href=\"https:\/\/www.retedeldono.it\/landing\/retedeldonofisco\" target=\"_blank\" rel=\"noreferrer noopener\">detrazione o deduzione fiscale<\/a><\/strong> in sede di dichiarazione dei redditi.<\/p>\r\n<p>&nbsp;<\/p>\r\n<p style=\"text-align: center;\"><a class=\"wp-block-button__link has-background wp-element-button\" style=\"border-radius: 15px; background-color: #00a8c4;\" href=\"https:\/\/www.retedeldono.it\/cammini-solidali\">Scopri di pi\u00f9 sui Cammini Solidali<\/a><\/p>\r\n<p>&nbsp;<\/p>\r\n\r\n<h2><strong>Il Crowdfunding: dal cammino di Santiago alla via Francigena e oltre<\/strong><\/h2>\r\n\r\n<p>Diventare camminatori fundraiser \u00e8 certamente alla portata di tutti: un cammino si pu\u00f2 affrontare lentamente e con molte tappe, mentre una sfida solidale in bicicletta richiede una preparazione fisica che esclude una bella fetta di potenziali fundraiser. Ecco perch\u00e9 ai consigli validi anche per i <a href=\"https:\/\/www.retedeldono.it\/magazine\/raccogliere-fondi-bicicletta\/\" target=\"_blank\" rel=\"noreferrer noopener\"><strong>ciclisti<\/strong><\/a>, si possono aggiungere queste altre idee per fare Crowdfunding camminando.<\/p>\r\n\r\n<p>&nbsp;<\/p>\r\n\r\n<ol class=\"wp-block-list\">\r\n<li><strong>Aprire un blog<\/strong><\/li>\r\n<\/ol>\r\n\r\n<p>Spesso i viaggi a piedi durano molto, da diversi giorni a mesi. Ecco perch\u00e9 pu\u00f2 essere utile creare un blog dove descrivere ogni tappa e aggiornare le persone sulla tabella di marcia. <strong>Gianluca Mantovani<\/strong>, che per <a href=\"https:\/\/www.retedeldono.it\/it\/iniziative\/arg-italia-onlus\/gianluca.mantovani\/in-cammino-per-aiutare-la-ricerca\" target=\"_blank\" rel=\"noreferrer noopener\"><strong>ARG Italia Onlus<\/strong><\/a> in circa 100 giorni percorrer\u00e0 2.000 km dal punto pi\u00f9 meridionale d&#8217;Italia (Lampedusa, AG) a quello pi\u00f9 settentrionale (Predoi\/Prettau, BZ), ha ideato <a href=\"https:\/\/www.vagamonti.it\/\" target=\"_blank\" rel=\"noreferrer noopener\"><strong>il blog Vagamonti.it<\/strong><\/a>.<\/p>\r\n\r\n<p>&nbsp;<\/p>\r\n\r\n<ol class=\"wp-block-list\" start=\"2\">\r\n<li><strong>Raccogliere fondi offline<\/strong><\/li>\r\n<\/ol>\r\n\r\n<p>Essendo davvero un turismo slow, i cammini permettono soste lunghe e l\u2019incontro con le persone. Se dunque per un fundraiser ciclista \u00e8 essenziale spingere la raccolta fondi online, il fundraiser camminatore ha un\u2019arma in pi\u00f9: il network che crea strada facendo nei luoghi che attraversa. Che si parta da soli come <a href=\"https:\/\/www.retedeldono.it\/it\/iniziative\/una-onlus\/mikhael.bellanza\/a-capo-nord-contro-il-neuroblastoma\" target=\"_blank\" rel=\"noreferrer noopener\"><strong>Mikhael<\/strong><\/a> o in compagnia come <a href=\"https:\/\/www.retedeldono.it\/it\/iniziative\/lifc\/massimo-alessio\/vivi-ogni-respiro\" target=\"_blank\" rel=\"noreferrer noopener\"><strong>Alessio e Massimo<\/strong><\/a>, non si pu\u00f2 perdere l\u2019occasione di farsi conoscere magari viaggiando sempre riconoscibili e con del materiale informativo.<\/p>\r\n\r\n<p>&nbsp;<\/p>\r\n\r\n<ol class=\"wp-block-list\" start=\"3\">\r\n<li><strong>Sfide anche per i runner<\/strong><\/li>\r\n<\/ol>\r\n\r\n<p>Camminare \u00e8 pi\u00f9 inclusivo, ma questo non vuol dire che chi ha gamba non possa alzare il livello della sfida. \u00c8 il caso di <strong>Maurizio<\/strong>, che ha corso la Pistoia-Abetone per i bimbi di <a href=\"https:\/\/www.retedeldono.it\/it\/iniziative\/sport-senza-frontiere-onlus\/maurizio.di-vizio\/corriamo-insieme-la-pistoia-abetone\" target=\"_blank\" rel=\"noreferrer noopener\"><strong>Sport Senza Frontiere<\/strong><\/a>: una \u201cpasseggiata\u201d di 50 km di cui 31 in salita, per circa 1850 m di dislivello. <strong>Martin Vairoli<\/strong> invece dall&#8217;11 al 17 settembre 2022 parteciper\u00e0 al <a href=\"https:\/\/www.retedeldono.it\/it\/tor-des-geants-per-i-piccoli-giganti\" target=\"_blank\" rel=\"noreferrer noopener\"><strong>Tor Des G\u00e9ants<\/strong><\/a>, una gara di 330 km tra le montagne della Val d\u2019Aosta considerata uno dei Trail pi\u00f9 impegnativi al mondo con i suoi 26.000 m di dislivello.<\/p>\r\n\r\n<p>&nbsp;<\/p>\r\n\r\n<ol class=\"wp-block-list\" start=\"4\">\r\n<li><strong>Camminare per coinvolgere le comunit\u00e0<\/strong><\/li>\r\n<\/ol>\r\n\r\n<p><a href=\"https:\/\/blog.retedeldono.it\/it\/cammini-fundraising-online\" target=\"_blank\" rel=\"noreferrer noopener\"><strong>Margherita Rizzuto<\/strong><\/a> ha pensato di mettersi in viaggio per sensibilizzare un territorio e mettere in rete i vari stakeholders del progetto che sosteneva. Toccando le varie localit\u00e0 interessate dal nascente Cammino di San Francesco Caracciolo, patrono dei cuochi, ha coinvolto anche ben 100 cuochi e i loro vari comitati locali per donare e rendere realt\u00e0 la <a href=\"https:\/\/www.retedeldono.it\/it\/iniziative\/con-la-mano-del-cuore\/margherita.rizzuto\/100-cuochi-per-il-cammino\" target=\"_blank\" rel=\"noreferrer noopener\"><strong>costruzione del Cammino<\/strong><\/a>.<\/p>\r\n\r\n<p>&nbsp;<\/p>\r\n\r\n<ol class=\"wp-block-list\" start=\"5\">\r\n<li><strong>Curare il rapporto con i tuoi Personal Fundraiser<\/strong><\/li>\r\n<\/ol>\r\n\r\n<p>Anche le organizzazioni non profit devono dare il loro apporto, sollecitando e proponendo raccolte fondi in cammino ai propri volontari e sostenitori, e soprattutto ricordandosi di loro! Pu\u00f2 infatti succedere che il <a href=\"https:\/\/www.retedeldono.it\/it\/iniziative\/fondazione-banca-degli-occhi\/maria-paola.scaramuzza\/venezia-via-francigena-in-cammino\" target=\"_blank\" rel=\"noreferrer noopener\"><strong>cammino sulla Via Francigena<\/strong><\/a>, suggerito \u201ctop-down\u201d da Fondazione Banca degli Occhi, poi l\u2019anno dopo diventi un\u2019iniziativa spontanea che parte dal basso. Costruire una relazione con i propri fundraiser favorisce e valorizza la loro intraprendenza e autonomia.<\/p>\r\n\r\n<p>&nbsp;<\/p>\r\n\r\n<p class=\"has-text-align-center\" style=\"text-align: center;\"><a class=\"wp-block-button__link has-background wp-element-button\" style=\"border-radius: 15px; background-color: #00a8c4;\" href=\"https:\/\/www.retedeldono.it\/cammini-solidali\">Diventa anche tu un fundraiser camminatore<\/a><\/p>\r\n\r\n<p>&nbsp;<\/p>\r\n[\/vc_column_text][\/vc_column][\/vc_row]","protected":false},"excerpt":{"rendered":"<p>[vc_row type=&#8221;in_container&#8221; full_screen_row_position=&#8221;middle&#8221; column_margin=&#8221;default&#8221; column_direction=&#8221;default&#8221; column_direction_tablet=&#8221;default&#8221; column_direction_phone=&#8221;default&#8221; scene_position=&#8221;center&#8221; text_color=&#8221;dark&#8221; text_align=&#8221;left&#8221; row_border_radius=&#8221;none&#8221; row_border_radius_applies=&#8221;bg&#8221; overflow=&#8221;visible&#8221; overlay_strength=&#8221;0.3&#8243; gradient_direction=&#8221;left_to_right&#8221; shape_divider_position=&#8221;bottom&#8221; bg_image_animation=&#8221;none&#8221;][vc_column column_padding=&#8221;no-extra-padding&#8221; column_padding_tablet=&#8221;inherit&#8221; column_padding_phone=&#8221;inherit&#8221; column_padding_position=&#8221;all&#8221; column_element_spacing=&#8221;default&#8221; background_color_opacity=&#8221;1&#8243; background_hover_color_opacity=&#8221;1&#8243; column_shadow=&#8221;none&#8221; column_border_radius=&#8221;none&#8221; column_link_target=&#8221;_self&#8221; column_position=&#8221;default&#8221; gradient_direction=&#8221;left_to_right&#8221; overlay_strength=&#8221;0.3&#8243;&#8230;<\/p>\n","protected":false},"author":7,"featured_media":1272,"comment_status":"open","ping_status":"open","sticky":true,"template":"","format":"standard","meta":{"_acf_changed":false,"footnotes":""},"categories":[17],"tags":[],"class_list":{"0":"post-1268","1":"post","2":"type-post","3":"status-publish","4":"format-standard","5":"has-post-thumbnail","7":"category-fundraising"},"acf":{"homepage_rdd":false},"yoast_head":"<!-- This site is optimized with the Yoast SEO plugin v27.5 - https:\/\/yoast.com\/product\/yoast-seo-wordpress\/ -->\n<title>Raccogliere fondi con un cammino solidale<\/title>\n<meta name=\"description\" content=\"Sono tanti gli appassionati di lunghi cammini che si trasformano in Personal Fundraiser e sostengono un&#039;organizzazione non profit.\" \/>\n<meta name=\"robots\" content=\"index, follow, max-snippet:-1, max-image-preview:large, max-video-preview:-1\" \/>\n<link rel=\"canonical\" href=\"https:\/\/www.retedeldono.it\/magazine\/raccogliere-fondi-cammino-solidale\/\" \/>\n<meta property=\"og:locale\" content=\"it_IT\" \/>\n<meta property=\"og:type\" content=\"article\" \/>\n<meta property=\"og:title\" content=\"Raccogliere fondi con un cammino solidale\" \/>\n<meta property=\"og:description\" content=\"Sono tanti gli appassionati di lunghi cammini che si trasformano in Personal Fundraiser e sostengono un&#039;organizzazione non profit.\" \/>\n<meta property=\"og:url\" content=\"https:\/\/www.retedeldono.it\/magazine\/raccogliere-fondi-cammino-solidale\/\" \/>\n<meta property=\"og:site_name\" content=\"Rete del Dono Magazine\" \/>\n<meta property=\"article:publisher\" content=\"https:\/\/www.facebook.com\/retedeldono\/\" \/>\n<meta property=\"article:published_time\" content=\"2022-06-30T08:37:59+00:00\" \/>\n<meta property=\"article:modified_time\" content=\"2023-08-30T14:36:34+00:00\" \/>\n<meta property=\"og:image\" content=\"https:\/\/magazine.retedeldono.it\/wp-content\/uploads\/2022\/06\/raccogliere-fondi-cammino-solidale.png\" \/>\n\t<meta property=\"og:image:width\" content=\"1000\" \/>\n\t<meta property=\"og:image:height\" content=\"700\" \/>\n\t<meta property=\"og:image:type\" content=\"image\/png\" \/>\n<meta name=\"author\" content=\"Aldo Lubrani\" \/>\n<meta name=\"twitter:card\" content=\"summary_large_image\" \/>\n<meta name=\"twitter:image\" content=\"https:\/\/magazine.retedeldono.it\/wp-content\/uploads\/2022\/06\/raccogliere-fondi-cammino-solidale.png\" \/>\n<meta name=\"twitter:label1\" content=\"Scritto da\" \/>\n\t<meta name=\"twitter:data1\" content=\"Aldo Lubrani\" \/>\n\t<meta name=\"twitter:label2\" content=\"Tempo di lettura stimato\" \/>\n\t<meta name=\"twitter:data2\" content=\"4 minuti\" \/>\n<script type=\"application\/ld+json\" class=\"yoast-schema-graph\">{\"@context\":\"https:\\\/\\\/schema.org\",\"@graph\":[{\"@type\":\"Article\",\"@id\":\"https:\\\/\\\/www.retedeldono.it\\\/magazine\\\/raccogliere-fondi-cammino-solidale\\\/#article\",\"isPartOf\":{\"@id\":\"https:\\\/\\\/www.retedeldono.it\\\/magazine\\\/raccogliere-fondi-cammino-solidale\\\/\"},\"author\":{\"name\":\"Aldo Lubrani\",\"@id\":\"https:\\\/\\\/www.retedeldono.it\\\/magazine\\\/#\\\/schema\\\/person\\\/19118fc3b527ea22d276cc2b446f7353\"},\"headline\":\"Raccogliere fondi con un cammino solidale\",\"datePublished\":\"2022-06-30T08:37:59+00:00\",\"dateModified\":\"2023-08-30T14:36:34+00:00\",\"mainEntityOfPage\":{\"@id\":\"https:\\\/\\\/www.retedeldono.it\\\/magazine\\\/raccogliere-fondi-cammino-solidale\\\/\"},\"wordCount\":787,\"commentCount\":0,\"image\":{\"@id\":\"https:\\\/\\\/www.retedeldono.it\\\/magazine\\\/raccogliere-fondi-cammino-solidale\\\/#primaryimage\"},\"thumbnailUrl\":\"https:\\\/\\\/magazine.retedeldono.it\\\/wp-content\\\/uploads\\\/2022\\\/06\\\/raccogliere-fondi-cammino-solidale.png\",\"articleSection\":[\"Fundraising\"],\"inLanguage\":\"it-IT\",\"potentialAction\":[{\"@type\":\"CommentAction\",\"name\":\"Comment\",\"target\":[\"https:\\\/\\\/www.retedeldono.it\\\/magazine\\\/raccogliere-fondi-cammino-solidale\\\/#respond\"]}]},{\"@type\":\"WebPage\",\"@id\":\"https:\\\/\\\/www.retedeldono.it\\\/magazine\\\/raccogliere-fondi-cammino-solidale\\\/\",\"url\":\"https:\\\/\\\/www.retedeldono.it\\\/magazine\\\/raccogliere-fondi-cammino-solidale\\\/\",\"name\":\"Raccogliere fondi con un cammino solidale\",\"isPartOf\":{\"@id\":\"https:\\\/\\\/www.retedeldono.it\\\/magazine\\\/#website\"},\"primaryImageOfPage\":{\"@id\":\"https:\\\/\\\/www.retedeldono.it\\\/magazine\\\/raccogliere-fondi-cammino-solidale\\\/#primaryimage\"},\"image\":{\"@id\":\"https:\\\/\\\/www.retedeldono.it\\\/magazine\\\/raccogliere-fondi-cammino-solidale\\\/#primaryimage\"},\"thumbnailUrl\":\"https:\\\/\\\/magazine.retedeldono.it\\\/wp-content\\\/uploads\\\/2022\\\/06\\\/raccogliere-fondi-cammino-solidale.png\",\"datePublished\":\"2022-06-30T08:37:59+00:00\",\"dateModified\":\"2023-08-30T14:36:34+00:00\",\"author\":{\"@id\":\"https:\\\/\\\/www.retedeldono.it\\\/magazine\\\/#\\\/schema\\\/person\\\/19118fc3b527ea22d276cc2b446f7353\"},\"description\":\"Sono tanti gli appassionati di lunghi cammini che si trasformano in Personal Fundraiser e sostengono un'organizzazione non profit.\",\"breadcrumb\":{\"@id\":\"https:\\\/\\\/www.retedeldono.it\\\/magazine\\\/raccogliere-fondi-cammino-solidale\\\/#breadcrumb\"},\"inLanguage\":\"it-IT\",\"potentialAction\":[{\"@type\":\"ReadAction\",\"target\":[\"https:\\\/\\\/www.retedeldono.it\\\/magazine\\\/raccogliere-fondi-cammino-solidale\\\/\"]}]},{\"@type\":\"ImageObject\",\"inLanguage\":\"it-IT\",\"@id\":\"https:\\\/\\\/www.retedeldono.it\\\/magazine\\\/raccogliere-fondi-cammino-solidale\\\/#primaryimage\",\"url\":\"https:\\\/\\\/magazine.retedeldono.it\\\/wp-content\\\/uploads\\\/2022\\\/06\\\/raccogliere-fondi-cammino-solidale.png\",\"contentUrl\":\"https:\\\/\\\/magazine.retedeldono.it\\\/wp-content\\\/uploads\\\/2022\\\/06\\\/raccogliere-fondi-cammino-solidale.png\",\"width\":1000,\"height\":700,\"caption\":\"Rete del Dono Raccolta Fondi Cammino Solidale Personal Fundraising\"},{\"@type\":\"BreadcrumbList\",\"@id\":\"https:\\\/\\\/www.retedeldono.it\\\/magazine\\\/raccogliere-fondi-cammino-solidale\\\/#breadcrumb\",\"itemListElement\":[{\"@type\":\"ListItem\",\"position\":1,\"name\":\"Home\",\"item\":\"https:\\\/\\\/www.retedeldono.it\\\/magazine\\\/\"},{\"@type\":\"ListItem\",\"position\":2,\"name\":\"Raccogliere fondi con un cammino solidale\"}]},{\"@type\":\"WebSite\",\"@id\":\"https:\\\/\\\/www.retedeldono.it\\\/magazine\\\/#website\",\"url\":\"https:\\\/\\\/www.retedeldono.it\\\/magazine\\\/\",\"name\":\"Rete del Dono Magazine\",\"description\":\"Rete del Dono Magazine\",\"potentialAction\":[{\"@type\":\"SearchAction\",\"target\":{\"@type\":\"EntryPoint\",\"urlTemplate\":\"https:\\\/\\\/www.retedeldono.it\\\/magazine\\\/?s={search_term_string}\"},\"query-input\":{\"@type\":\"PropertyValueSpecification\",\"valueRequired\":true,\"valueName\":\"search_term_string\"}}],\"inLanguage\":\"it-IT\"},{\"@type\":\"Person\",\"@id\":\"https:\\\/\\\/www.retedeldono.it\\\/magazine\\\/#\\\/schema\\\/person\\\/19118fc3b527ea22d276cc2b446f7353\",\"name\":\"Aldo Lubrani\",\"image\":{\"@type\":\"ImageObject\",\"inLanguage\":\"it-IT\",\"@id\":\"https:\\\/\\\/secure.gravatar.com\\\/avatar\\\/e948991b445298d4342a4a232b29e90adbf8a4af10151e265f6e6f3e9a10f68c?s=96&d=mm&r=g\",\"url\":\"https:\\\/\\\/secure.gravatar.com\\\/avatar\\\/e948991b445298d4342a4a232b29e90adbf8a4af10151e265f6e6f3e9a10f68c?s=96&d=mm&r=g\",\"contentUrl\":\"https:\\\/\\\/secure.gravatar.com\\\/avatar\\\/e948991b445298d4342a4a232b29e90adbf8a4af10151e265f6e6f3e9a10f68c?s=96&d=mm&r=g\",\"caption\":\"Aldo Lubrani\"},\"description\":\"Laureato con lode in Relazioni Internazionali presso Universit\u00e0 degli studi Roma Tre, Master in Europrogettazione presso Europa Business School di Bologna. Google Digital Training Certificate. Lavoro da anni nel settore Digital, Fundraising e Non Profit. Su Rete del Dono ricopro il ruolo di Project Manager nell'ambito Comunicazione, Digital e Personal Fundraising. Appassionato di viaggi, natura, pittura.\",\"sameAs\":[\"https:\\\/\\\/www.retedeldono.it\"],\"url\":\"https:\\\/\\\/www.retedeldono.it\\\/magazine\\\/author\\\/aldo-lubrani\\\/\"}]}<\/script>\n<!-- \/ Yoast SEO plugin. -->","yoast_head_json":{"title":"Raccogliere fondi con un cammino solidale","description":"Sono tanti gli appassionati di lunghi cammini che si trasformano in Personal Fundraiser e sostengono un'organizzazione non profit.","robots":{"index":"index","follow":"follow","max-snippet":"max-snippet:-1","max-image-preview":"max-image-preview:large","max-video-preview":"max-video-preview:-1"},"canonical":"https:\/\/www.retedeldono.it\/magazine\/raccogliere-fondi-cammino-solidale\/","og_locale":"it_IT","og_type":"article","og_title":"Raccogliere fondi con un cammino solidale","og_description":"Sono tanti gli appassionati di lunghi cammini che si trasformano in Personal Fundraiser e sostengono un'organizzazione non profit.","og_url":"https:\/\/www.retedeldono.it\/magazine\/raccogliere-fondi-cammino-solidale\/","og_site_name":"Rete del Dono Magazine","article_publisher":"https:\/\/www.facebook.com\/retedeldono\/","article_published_time":"2022-06-30T08:37:59+00:00","article_modified_time":"2023-08-30T14:36:34+00:00","og_image":[{"width":1000,"height":700,"url":"https:\/\/magazine.retedeldono.it\/wp-content\/uploads\/2022\/06\/raccogliere-fondi-cammino-solidale.png","type":"image\/png"}],"author":"Aldo Lubrani","twitter_card":"summary_large_image","twitter_image":"https:\/\/magazine.retedeldono.it\/wp-content\/uploads\/2022\/06\/raccogliere-fondi-cammino-solidale.png","twitter_misc":{"Scritto da":"Aldo Lubrani","Tempo di lettura stimato":"4 minuti"},"schema":{"@context":"https:\/\/schema.org","@graph":[{"@type":"Article","@id":"https:\/\/www.retedeldono.it\/magazine\/raccogliere-fondi-cammino-solidale\/#article","isPartOf":{"@id":"https:\/\/www.retedeldono.it\/magazine\/raccogliere-fondi-cammino-solidale\/"},"author":{"name":"Aldo Lubrani","@id":"https:\/\/www.retedeldono.it\/magazine\/#\/schema\/person\/19118fc3b527ea22d276cc2b446f7353"},"headline":"Raccogliere fondi con un cammino solidale","datePublished":"2022-06-30T08:37:59+00:00","dateModified":"2023-08-30T14:36:34+00:00","mainEntityOfPage":{"@id":"https:\/\/www.retedeldono.it\/magazine\/raccogliere-fondi-cammino-solidale\/"},"wordCount":787,"commentCount":0,"image":{"@id":"https:\/\/www.retedeldono.it\/magazine\/raccogliere-fondi-cammino-solidale\/#primaryimage"},"thumbnailUrl":"https:\/\/magazine.retedeldono.it\/wp-content\/uploads\/2022\/06\/raccogliere-fondi-cammino-solidale.png","articleSection":["Fundraising"],"inLanguage":"it-IT","potentialAction":[{"@type":"CommentAction","name":"Comment","target":["https:\/\/www.retedeldono.it\/magazine\/raccogliere-fondi-cammino-solidale\/#respond"]}]},{"@type":"WebPage","@id":"https:\/\/www.retedeldono.it\/magazine\/raccogliere-fondi-cammino-solidale\/","url":"https:\/\/www.retedeldono.it\/magazine\/raccogliere-fondi-cammino-solidale\/","name":"Raccogliere fondi con un cammino solidale","isPartOf":{"@id":"https:\/\/www.retedeldono.it\/magazine\/#website"},"primaryImageOfPage":{"@id":"https:\/\/www.retedeldono.it\/magazine\/raccogliere-fondi-cammino-solidale\/#primaryimage"},"image":{"@id":"https:\/\/www.retedeldono.it\/magazine\/raccogliere-fondi-cammino-solidale\/#primaryimage"},"thumbnailUrl":"https:\/\/magazine.retedeldono.it\/wp-content\/uploads\/2022\/06\/raccogliere-fondi-cammino-solidale.png","datePublished":"2022-06-30T08:37:59+00:00","dateModified":"2023-08-30T14:36:34+00:00","author":{"@id":"https:\/\/www.retedeldono.it\/magazine\/#\/schema\/person\/19118fc3b527ea22d276cc2b446f7353"},"description":"Sono tanti gli appassionati di lunghi cammini che si trasformano in Personal Fundraiser e sostengono un'organizzazione non profit.","breadcrumb":{"@id":"https:\/\/www.retedeldono.it\/magazine\/raccogliere-fondi-cammino-solidale\/#breadcrumb"},"inLanguage":"it-IT","potentialAction":[{"@type":"ReadAction","target":["https:\/\/www.retedeldono.it\/magazine\/raccogliere-fondi-cammino-solidale\/"]}]},{"@type":"ImageObject","inLanguage":"it-IT","@id":"https:\/\/www.retedeldono.it\/magazine\/raccogliere-fondi-cammino-solidale\/#primaryimage","url":"https:\/\/magazine.retedeldono.it\/wp-content\/uploads\/2022\/06\/raccogliere-fondi-cammino-solidale.png","contentUrl":"https:\/\/magazine.retedeldono.it\/wp-content\/uploads\/2022\/06\/raccogliere-fondi-cammino-solidale.png","width":1000,"height":700,"caption":"Rete del Dono Raccolta Fondi Cammino Solidale Personal Fundraising"},{"@type":"BreadcrumbList","@id":"https:\/\/www.retedeldono.it\/magazine\/raccogliere-fondi-cammino-solidale\/#breadcrumb","itemListElement":[{"@type":"ListItem","position":1,"name":"Home","item":"https:\/\/www.retedeldono.it\/magazine\/"},{"@type":"ListItem","position":2,"name":"Raccogliere fondi con un cammino solidale"}]},{"@type":"WebSite","@id":"https:\/\/www.retedeldono.it\/magazine\/#website","url":"https:\/\/www.retedeldono.it\/magazine\/","name":"Rete del Dono Magazine","description":"Rete del Dono Magazine","potentialAction":[{"@type":"SearchAction","target":{"@type":"EntryPoint","urlTemplate":"https:\/\/www.retedeldono.it\/magazine\/?s={search_term_string}"},"query-input":{"@type":"PropertyValueSpecification","valueRequired":true,"valueName":"search_term_string"}}],"inLanguage":"it-IT"},{"@type":"Person","@id":"https:\/\/www.retedeldono.it\/magazine\/#\/schema\/person\/19118fc3b527ea22d276cc2b446f7353","name":"Aldo Lubrani","image":{"@type":"ImageObject","inLanguage":"it-IT","@id":"https:\/\/secure.gravatar.com\/avatar\/e948991b445298d4342a4a232b29e90adbf8a4af10151e265f6e6f3e9a10f68c?s=96&d=mm&r=g","url":"https:\/\/secure.gravatar.com\/avatar\/e948991b445298d4342a4a232b29e90adbf8a4af10151e265f6e6f3e9a10f68c?s=96&d=mm&r=g","contentUrl":"https:\/\/secure.gravatar.com\/avatar\/e948991b445298d4342a4a232b29e90adbf8a4af10151e265f6e6f3e9a10f68c?s=96&d=mm&r=g","caption":"Aldo Lubrani"},"description":"Laureato con lode in Relazioni Internazionali presso Universit\u00e0 degli studi Roma Tre, Master in Europrogettazione presso Europa Business School di Bologna. Google Digital Training Certificate. Lavoro da anni nel settore Digital, Fundraising e Non Profit. Su Rete del Dono ricopro il ruolo di Project Manager nell'ambito Comunicazione, Digital e Personal Fundraising. Appassionato di viaggi, natura, pittura.","sameAs":["https:\/\/www.retedeldono.it"],"url":"https:\/\/www.retedeldono.it\/magazine\/author\/aldo-lubrani\/"}]}},"_links":{"self":[{"href":"https:\/\/www.retedeldono.it\/magazine\/wp-json\/wp\/v2\/posts\/1268","targetHints":{"allow":["GET"]}}],"collection":[{"href":"https:\/\/www.retedeldono.it\/magazine\/wp-json\/wp\/v2\/posts"}],"about":[{"href":"https:\/\/www.retedeldono.it\/magazine\/wp-json\/wp\/v2\/types\/post"}],"author":[{"embeddable":true,"href":"https:\/\/www.retedeldono.it\/magazine\/wp-json\/wp\/v2\/users\/7"}],"replies":[{"embeddable":true,"href":"https:\/\/www.retedeldono.it\/magazine\/wp-json\/wp\/v2\/comments?post=1268"}],"version-history":[{"count":0,"href":"https:\/\/www.retedeldono.it\/magazine\/wp-json\/wp\/v2\/posts\/1268\/revisions"}],"wp:featuredmedia":[{"embeddable":true,"href":"https:\/\/www.retedeldono.it\/magazine\/wp-json\/wp\/v2\/media\/1272"}],"wp:attachment":[{"href":"https:\/\/www.retedeldono.it\/magazine\/wp-json\/wp\/v2\/media?parent=1268"}],"wp:term":[{"taxonomy":"category","embeddable":true,"href":"https:\/\/www.retedeldono.it\/magazine\/wp-json\/wp\/v2\/categories?post=1268"},{"taxonomy":"post_tag","embeddable":true,"href":"https:\/\/www.retedeldono.it\/magazine\/wp-json\/wp\/v2\/tags?post=1268"}],"curies":[{"name":"wp","href":"https:\/\/api.w.org\/{rel}","templated":true}]}}