{"id":1306,"date":"2023-09-01T16:38:33","date_gmt":"2023-09-01T16:38:33","guid":{"rendered":"https:\/\/www.retedeldono.it\/magazine\/?p=1306"},"modified":"2025-12-04T08:24:31","modified_gmt":"2025-12-04T08:24:31","slug":"solidarieta","status":"publish","type":"post","link":"https:\/\/www.retedeldono.it\/magazine\/solidarieta\/","title":{"rendered":"Solidariet\u00e0: cos&#8217;\u00e8 e come praticarla"},"content":{"rendered":"\r\n<h2 class=\"wp-block-heading\">La solidariet\u00e0 \u00e8 un principio fondante delle societ\u00e0 contemporanee, previsto dalla Costituzione italiana e dalle istituzioni internazionali. In concreto, ogni cittadino pu\u00f2 attivarsi offrendo il proprio contributo con gesti di solidariet\u00e0. Ecco come<\/h2>\r\n\r\n\r\n\r\n<div class=\"wp-block-spacer\" style=\"height: 50px;\" aria-hidden=\"true\">\u00a0<\/div>\r\n\r\n\r\n\r\n<p>La <strong>solidariet\u00e0<\/strong> \u00e8 un sentimento di <strong>fratellanza<\/strong> e <strong>mutuo sostegno<\/strong> che emerge dalla <strong>consapevolezza<\/strong> di <strong>appartenere<\/strong> ad una <strong>grande comunit\u00e0<\/strong>. Essa si esprime in un <strong><a href=\"https:\/\/www.retedeldono.it\/magazine\/fare-del-bene\/\">comportamento altruistico<\/a><\/strong>, volto ad aiutare chi ne ha pi\u00f9 <strong>bisogno<\/strong> e ad adoperarsi per il <strong><a href=\"https:\/\/www.retedeldono.it\/magazine\/regali-solidali\/\">bene degli altri<\/a><\/strong>. La solidariet\u00e0 pu\u00f2 concretizzarsi all\u2019interno di uno <strong>specifico gruppo<\/strong> sociale, ma pu\u00f2 anche essere <strong>universale<\/strong>, legata all\u2019appartenenza al <strong>genere umano<\/strong>. Questa coscienza pu\u00f2 essere sostenuta da una molteplicit\u00e0 di <strong><a href=\"https:\/\/www.retedeldono.it\/magazine\/progetti-di-solidarieta\/\">azioni concrete<\/a><\/strong>. Vediamo quali.<\/p>\r\n\r\n\r\n\r\n<div class=\"wp-block-spacer\" style=\"height: 50px;\" aria-hidden=\"true\">\u00a0<\/div>\r\n\r\n\r\n\r\n<div class=\"wp-block-buttons is-layout-flex wp-block-buttons-is-layout-flex\">\r\n<div class=\"wp-block-button\"><strong><a class=\"wp-block-button__link has-background wp-element-button\" style=\"border-radius: 15px; background-color: #e96f27;\" href=\"https:\/\/www.retedeldono.it\/search?utm_source=Blog&amp;utm_medium=direct&amp;utm_campaign=CTA_solidariet%C3%A0_top\">Dona anche tu<\/a><\/strong><\/div>\r\n<\/div>\r\n\r\n\r\n\r\n<div class=\"wp-block-spacer\" style=\"height: 50px;\" aria-hidden=\"true\">\u00a0<\/div>\r\n\r\n\r\n\r\n<h2 class=\"wp-block-heading\">Che cosa si intende con il termine solidariet\u00e0?<\/h2>\r\n\r\n\r\n\r\n<p>Il termine solidariet\u00e0 si riferisce a un <strong>principio<\/strong> o un <strong>valore <\/strong><a href=\"https:\/\/www.retedeldono.it\/magazine\/team-building-sociale\/\"><strong>sociale<\/strong> <\/a>che implica un senso di <strong>responsabilit\u00e0 reciproca<\/strong>, <a href=\"https:\/\/www.retedeldono.it\/magazine\/crowdfunding-e-cooperazione-internazionale\/\"><strong>cooperazione<\/strong> <\/a>e <strong>sostegno<\/strong> tra gli individui, i gruppi o le comunit\u00e0. Sostanzialmente, la solidariet\u00e0 riguarda l\u2019idea che le persone dovrebbero agire insieme in modo <strong>altruistico<\/strong> e <strong>generoso<\/strong> per promuovere il benessere degli altri e affrontare le sfide comuni. La solidariet\u00e0 implica l\u2019<strong>empatia <\/strong>e l\u2019<strong>identificazione<\/strong> con le <strong>difficolt\u00e0<\/strong> e le necessit\u00e0 degli altri, cos\u00ec come la volont\u00e0 di <strong>fornire aiuto<\/strong> e supporto. Pu\u00f2 manifestarsi in <strong>molte forme<\/strong>, come il sostegno economico, l\u2019assistenza, l\u2019educazione, la condivisione delle risorse, la partecipazione a cause sociali o l\u2019impegno politico.<\/p>\r\n\r\n\r\n\r\n<div class=\"wp-block-spacer\" style=\"height: 50px;\" aria-hidden=\"true\">\u00a0<\/div>\r\n\r\n\r\n\r\n<h2 class=\"wp-block-heading\">Il principio sul piano giuridico<\/h2>\r\n\r\n\r\n\r\n<p>La solidariet\u00e0 \u00e8 anche un principio riconosciuto dall\u2019ordinamento giuridico e dalla <strong>Costituzione italiana<\/strong>, che all\u2019<strong>articolo 2 <\/strong>afferma: \u201cLa Repubblica riconosce e garantisce i diritti inviolabili dell\u2019uomo, sia come singolo sia nelle formazioni sociali ove si svolge la sua personalit\u00e0, e richiede l\u2019adempimento dei doveri inderogabili di <strong>solidariet\u00e0 politica, economica e sociale<\/strong>\u201d. A livello <strong>europeo<\/strong>, il <strong>Trattato di Lisbona<\/strong> del 2006 ha introdotto una <strong>clausola di solidariet\u00e0<\/strong> (art. 222) che obbliga gli stati aderenti ad agire \u201cin uno spirito di solidariet\u00e0\u201d con tutti i mezzi possibili, in caso di richiesta di aiuto.<\/p>\r\n\r\n\r\n\r\n<p>In questo caso il concetto di solidariet\u00e0 \u00e8 un po\u2019 diverso da quanto spiegato in principio, in quanto si riferisce ad un intervento (anche militare) in presenza di <strong>situazioni eccezionali<\/strong> come calamit\u00e0 o attentati. La solidariet\u00e0 \u00e8 un principio che torna anche nel <strong>mondo del lavoro<\/strong>. La legge italiana prevede \u201c<strong>contratti di solidariet\u00e0<\/strong>\u201d che determinano una <strong>riduzione dell\u2019orario<\/strong> in situazioni di crisi aziendale o economica. Questo, allo scopo di evitare licenziamenti o incentivare nuove assunzioni.<\/p>\r\n\r\n\r\n\r\n<div class=\"wp-block-spacer\" style=\"height: 50px;\" aria-hidden=\"true\">\u00a0<\/div>\r\n\r\n\r\n\r\n<div class=\"wp-block-buttons is-layout-flex wp-block-buttons-is-layout-flex\">\r\n<div class=\"wp-block-button\"><strong><a class=\"wp-block-button__link has-background wp-element-button\" style=\"border-radius: 15px; background-color: #e96f27;\" href=\"https:\/\/www.retedeldono.it\/search\/?utm_source=Blog&amp;utm_medium=direct&amp;utm_campaign=CTA_solidariet%C3%A0_central\">Dona anche tu<\/a><\/strong><\/div>\r\n<\/div>\r\n\r\n\r\n\r\n<div class=\"wp-block-spacer\" style=\"height: 50px;\" aria-hidden=\"true\">\u00a0<\/div>\r\n\r\n\r\n\r\n<h2 class=\"wp-block-heading\">Solidariet\u00e0 sociale<\/h2>\r\n\r\n\r\n\r\n<p>La solidariet\u00e0 si esprime primariamente in ambito <strong>sociale<\/strong>. Serve infatti per rendere <strong>migliore<\/strong> la <strong>vita<\/strong> di chi ne ha pi\u00f9 bisogno: migranti, richiedenti asilo, poveri, anziani, malati, persone senza casa e senza lavoro. Si concretizza in un <a href=\"https:\/\/www.retedeldono.it\/magazine\/donazione\/\"><strong>sostegno<\/strong><\/a> che permetta a queste persone di vivere meglio grazie ad un <strong>intervento economico<\/strong> oppure ad una <strong>collaborazione<\/strong> di altro genere. Ad esempio, offrendo il proprio tempo e le proprie competenze.<\/p>\r\n\r\n\r\n\r\n<p>La solidariet\u00e0 sociale viene portata avanti da diverse realt\u00e0, in Italia e all\u2019estero. <a href=\"https:\/\/www.retedeldono.it\/magazine\/onlus\/\"><strong>Onlus<\/strong> <\/a>ed <a href=\"https:\/\/www.retedeldono.it\/magazine\/terzo-settore\/\"><strong>Enti del Terzo Settore<\/strong>,<\/a> <strong>associazioni<\/strong> di <a href=\"https:\/\/www.retedeldono.it\/magazine\/volontariato-aziendale\/\"><strong>volontariato<\/strong> <\/a>e <strong>organizzazioni<\/strong> di varia natura che operano nei campi dell\u2019assistenza sanitaria, dell\u2019offerta di pasti caldi, della ricerca di un lavoro e molto altro ancora. La solidariet\u00e0 deve essere legata ai concetti di <a href=\"https:\/\/www.retedeldono.it\/magazine\/fare-beneficenza\/\"><strong>beneficenza<\/strong> <\/a>e di <strong>gratuit\u00e0,<\/strong> in quanto implica la scelta, la volont\u00e0 di <a href=\"https:\/\/www.retedeldono.it\/magazine\/donazione-online\/\"><strong>donare<\/strong> <\/a>senza ricevere nulla in cambio. E di <strong>uguaglianza<\/strong>, perch\u00e9 si basa sul principio della parit\u00e0 nell\u2019accesso ai diritti universali.<\/p>\r\n\r\n\r\n\r\n<div class=\"wp-block-spacer\" style=\"height: 50px;\" aria-hidden=\"true\">\u00a0<\/div>\r\n\r\n\r\n\r\n<h2 class=\"wp-block-heading\">Solidariet\u00e0 alimentare<\/h2>\r\n\r\n\r\n\r\n<p>La solidariet\u00e0 alimentare rientra nelle forme di <strong>solidariet\u00e0 sociale<\/strong> e si concretizza in un aiuto a chi ha <strong>problemi economici<\/strong> attraverso la <strong>fornitura di cibo<\/strong>. La solidariet\u00e0 alimentare \u00e8 importantissima nelle <strong>situazioni di emergenza<\/strong>: pensiamo alla <strong>pandemia<\/strong>, quando alcune persone anziane e isolate non potevano spostarsi, o alla recente <a href=\"https:\/\/www.retedeldono.it\/magazine\/come-donare-per-l-alluvione-in-emilia-romagna\/\"><strong>alluvione<\/strong><\/a> in Emilia Romagna, durante la quale \u00e8 stato necessario fornire cibo alle famiglie evacuate. Sono poi numerose le associazioni che operano per fornire un sostentamento alimentare nelle <strong>aree pi\u00f9 povere del mondo<\/strong>, dove la <strong>malnutrizione<\/strong> \u00e8 un problema diffuso, specialmente tra i <strong><a href=\"https:\/\/www.retedeldono.it\/magazine\/donazioni-bambini\/\">bambini<\/a><\/strong>. Tornando poi alle nostre citt\u00e0, la solidariet\u00e0 alimentare viene portata avanti quotidianamente dai volontari delle <strong>mense della Caritas<\/strong> e di altre istituzioni che offrono <strong>pasti caldi<\/strong> a chi non ne ha.<\/p>\r\n\r\n\r\n\r\n<div class=\"wp-block-spacer\" style=\"height: 50px;\" aria-hidden=\"true\">\u00a0<\/div>\r\n\r\n\r\n\r\n<h2 class=\"wp-block-heading\">Esempi di solidariet\u00e0<\/h2>\r\n\r\n\r\n\r\n<p>Ogni cittadino pu\u00f2 praticare la <strong>solidariet\u00e0<\/strong> nella sua <strong>vita quotidiana<\/strong>. Farlo significa adempiere ad un <strong>dovere<\/strong> (che come abbiamo visto \u00e8 previsto dalla Costituzione italiana) ma anche dare seguito alla <strong>consapevolezza<\/strong> di essere parte attiva di una <strong>collettivit\u00e0<\/strong>. Un primo modo consiste nel prendere parte alle <strong>attivit\u00e0<\/strong> di <strong>realt\u00e0 <\/strong><a href=\"https:\/\/www.retedeldono.it\/magazine\/raccogliere-fondi-cammino-solidale\/\"><strong>solidali<\/strong><\/a> che operano sul proprio <strong>territorio<\/strong>, dedicando una parte del proprio tempo agli altri. Ad esempio, spendendo qualche ora in una mensa per i poveri, in un centro per anziani, in una casa famiglia. Un altro modo di praticare la solidariet\u00e0 consiste nell\u2019offrire un sostegno economico a chi ne ha bisogno.<\/p>\r\n\r\n\r\n\r\n<p>Lo si pu\u00f2 fare <strong><a href=\"https:\/\/www.retedeldono.it\/magazine\/detrazione-oneri-ed-erogazioni-liberali\/\">devolvendo una somma<\/a><\/strong> ad una realt\u00e0 che opera nel <strong><a href=\"https:\/\/www.retedeldono.it\/magazine\/inclusione-sociale\/\">sociale<\/a><\/strong>, sul territorio o a livello nazionale (o internazionale), a seconda della propria sensibilit\u00e0. Oppure donando tramite una <strong>piattaforma di <a href=\"https:\/\/www.retedeldono.it\/magazine\/crowdfunding-donation\/\">crowdfunding<\/a><\/strong>, uno strumento che permette di scegliere un <a href=\"https:\/\/www.retedeldono.it\/magazine\/piattaforme-crowdfunding\/\"><strong>progetto specifico<\/strong> <\/a>(e dalla provenienza verificata) da sostenere. Ancora, si pu\u00f2 scegliere di attivarsi in prima persona lanciando una <strong><a href=\"https:\/\/www.retedeldono.it\/magazine\/raccolta-fondi-personale\/\">raccolta fondi personale<\/a><\/strong>, con l\u2019obiettivo di contribuire ad una <strong>causa<\/strong> che si desidera sostenere. Oppure di dare una mano alle attivit\u00e0 di raccolta fondi lanciate da <a href=\"https:\/\/www.retedeldono.it\/magazine\/organizzazioni-non-governative\/\"><strong>organizzazioni<\/strong> <\/a>e <strong><a href=\"https:\/\/www.retedeldono.it\/magazine\/associazioni-non-profit\/\">associazioni di volontariato<\/a><\/strong>.<\/p>\r\n\r\n\r\n\r\n<div class=\"wp-block-spacer\" style=\"height: 50px;\" aria-hidden=\"true\">\u00a0<\/div>\r\n\r\n\r\n\r\n<h2 class=\"wp-block-heading\">Come fare solidariet\u00e0?<\/h2>\r\n\r\n\r\n\r\n<p>Vediamo ora una sintesi di gesti concreti che si possono mettere in atto:<\/p>\r\n\r\n\r\n\r\n<ul class=\"wp-block-list\">\r\n<li><strong>adottare<\/strong> un bambino a <strong><a href=\"https:\/\/www.retedeldono.it\/magazine\/sostegno-a-distanza\/\">distanza<\/a><\/strong>;<\/li>\r\n\r\n\r\n\r\n<li>donare il <strong><a href=\"https:\/\/www.retedeldono.it\/magazine\/5-per-mille\/\">5 per mille<\/a><\/strong> ad un ente del Terzo settore;<\/li>\r\n\r\n\r\n\r\n<li>fare <a href=\"https:\/\/www.retedeldono.it\/magazine\/associazioni-di-volontariato\/\"><strong>volontariato<\/strong> <\/a>presso un\u2019associazione del proprio territorio;<\/li>\r\n\r\n\r\n\r\n<li>offrire <strong>tempo e risorse<\/strong> a persone vicine in situazioni di necessit\u00e0;<\/li>\r\n\r\n\r\n\r\n<li>mostrare <strong>comprensione<\/strong>, <strong>empatia<\/strong> e <strong>sostegno<\/strong> alle persone che stanno attraversando momenti difficili;<\/li>\r\n\r\n\r\n\r\n<li><strong>condividere beni materiali<\/strong>, come cibo, vestiti, articoli per la casa o altri oggetti;<\/li>\r\n\r\n\r\n\r\n<li>fare una <a href=\"https:\/\/www.retedeldono.it\/magazine\/tasse-donazione\/\"><strong>donazione<\/strong><\/a> tramite un <strong>portale di <a href=\"https:\/\/www.retedeldono.it\/magazine\/crowdfunding-per-una-campagna-elettorale\/\">crowfunding<\/a><\/strong>;<\/li>\r\n\r\n\r\n\r\n<li>acquistare <strong><a href=\"https:\/\/www.retedeldono.it\/magazine\/regali-solidali\/\">regali solidali<\/a><\/strong> e <strong><a href=\"https:\/\/www.retedeldono.it\/magazine\/bomboniere-solidali-cresima\/\">bomboniere solidali<\/a><\/strong>;<\/li>\r\n\r\n\r\n\r\n<li><strong>informarsi<\/strong> e <strong>sensibilizzare<\/strong> gli altri su questioni sociali, ambientali o di giustizia.<\/li>\r\n<\/ul>\r\n\r\n\r\n\r\n<div class=\"wp-block-buttons is-layout-flex wp-block-buttons-is-layout-flex\">\r\n<div class=\"wp-block-button\"><strong><a class=\"wp-block-button__link has-background wp-element-button\" style=\"border-radius: 15px; background-color: #e96f27;\" href=\"https:\/\/www.retedeldono.it\/search?utm_source=Blog&amp;utm_medium=direct&amp;utm_campaign=CTA_solidariet%C3%A0_down\">Dona anche tu<\/a><\/strong><\/div>\r\n<\/div>\r\n","protected":false},"excerpt":{"rendered":"<p>La solidariet\u00e0 \u00e8 un principio fondante delle societ\u00e0 contemporanee, previsto dalla Costituzione italiana e dalle istituzioni internazionali. In concreto, ogni cittadino pu\u00f2 attivarsi offrendo il proprio contributo con gesti di&#8230;<\/p>\n","protected":false},"author":11,"featured_media":1307,"comment_status":"open","ping_status":"open","sticky":false,"template":"","format":"standard","meta":{"_acf_changed":false,"footnotes":""},"categories":[1],"tags":[],"class_list":{"0":"post-1306","1":"post","2":"type-post","3":"status-publish","4":"format-standard","5":"has-post-thumbnail","7":"category-community"},"acf":{"homepage_rdd":false},"yoast_head":"<!-- This site is optimized with the Yoast SEO plugin v27.5 - https:\/\/yoast.com\/product\/yoast-seo-wordpress\/ -->\n<title>Solidariet\u00e0: cos&#039;\u00e8 e come praticarla - Rete del Dono Magazine<\/title>\n<meta name=\"description\" content=\"La solidariet\u00e0 \u00e8 un principio fondante delle societ\u00e0 contemporanee, previsto dalla Costituzione italiana e dalle istituzioni internazionali\" \/>\n<meta name=\"robots\" content=\"index, follow, max-snippet:-1, max-image-preview:large, max-video-preview:-1\" \/>\n<link rel=\"canonical\" href=\"https:\/\/www.retedeldono.it\/magazine\/solidarieta\/\" \/>\n<meta property=\"og:locale\" content=\"it_IT\" \/>\n<meta property=\"og:type\" content=\"article\" \/>\n<meta property=\"og:title\" content=\"Solidariet\u00e0: cos&#039;\u00e8 e come praticarla - Rete del Dono Magazine\" \/>\n<meta property=\"og:description\" content=\"La solidariet\u00e0 \u00e8 un principio fondante delle societ\u00e0 contemporanee, previsto dalla Costituzione italiana e dalle istituzioni internazionali\" \/>\n<meta property=\"og:url\" content=\"https:\/\/www.retedeldono.it\/magazine\/solidarieta\/\" \/>\n<meta property=\"og:site_name\" content=\"Rete del Dono Magazine\" \/>\n<meta property=\"article:publisher\" content=\"https:\/\/www.facebook.com\/retedeldono\/\" \/>\n<meta property=\"article:published_time\" content=\"2023-09-01T16:38:33+00:00\" \/>\n<meta property=\"article:modified_time\" content=\"2025-12-04T08:24:31+00:00\" \/>\n<meta property=\"og:image\" content=\"https:\/\/magazine.retedeldono.it\/wp-content\/uploads\/2022\/07\/solidarieta.jpg\" \/>\n\t<meta property=\"og:image:width\" content=\"1000\" \/>\n\t<meta property=\"og:image:height\" content=\"700\" \/>\n\t<meta property=\"og:image:type\" content=\"image\/jpeg\" \/>\n<meta name=\"author\" content=\"Elisa Rosso\" \/>\n<meta name=\"twitter:card\" content=\"summary_large_image\" \/>\n<meta name=\"twitter:label1\" content=\"Scritto da\" \/>\n\t<meta name=\"twitter:data1\" content=\"Elisa Rosso\" \/>\n\t<meta name=\"twitter:label2\" content=\"Tempo di lettura stimato\" \/>\n\t<meta name=\"twitter:data2\" content=\"6 minuti\" \/>\n<script type=\"application\/ld+json\" class=\"yoast-schema-graph\">{\"@context\":\"https:\\\/\\\/schema.org\",\"@graph\":[{\"@type\":\"Article\",\"@id\":\"https:\\\/\\\/www.retedeldono.it\\\/magazine\\\/solidarieta\\\/#article\",\"isPartOf\":{\"@id\":\"https:\\\/\\\/www.retedeldono.it\\\/magazine\\\/solidarieta\\\/\"},\"author\":{\"name\":\"Elisa Rosso\",\"@id\":\"https:\\\/\\\/www.retedeldono.it\\\/magazine\\\/#\\\/schema\\\/person\\\/dd55a2becb70a4059624bae094c03583\"},\"headline\":\"Solidariet\u00e0: cos&#8217;\u00e8 e come praticarla\",\"datePublished\":\"2023-09-01T16:38:33+00:00\",\"dateModified\":\"2025-12-04T08:24:31+00:00\",\"mainEntityOfPage\":{\"@id\":\"https:\\\/\\\/www.retedeldono.it\\\/magazine\\\/solidarieta\\\/\"},\"wordCount\":989,\"commentCount\":0,\"image\":{\"@id\":\"https:\\\/\\\/www.retedeldono.it\\\/magazine\\\/solidarieta\\\/#primaryimage\"},\"thumbnailUrl\":\"https:\\\/\\\/magazine.retedeldono.it\\\/wp-content\\\/uploads\\\/2022\\\/07\\\/solidarieta.jpg\",\"articleSection\":[\"Community\"],\"inLanguage\":\"it-IT\",\"potentialAction\":[{\"@type\":\"CommentAction\",\"name\":\"Comment\",\"target\":[\"https:\\\/\\\/www.retedeldono.it\\\/magazine\\\/solidarieta\\\/#respond\"]}]},{\"@type\":\"WebPage\",\"@id\":\"https:\\\/\\\/www.retedeldono.it\\\/magazine\\\/solidarieta\\\/\",\"url\":\"https:\\\/\\\/www.retedeldono.it\\\/magazine\\\/solidarieta\\\/\",\"name\":\"Solidariet\u00e0: cos'\u00e8 e come praticarla - Rete del Dono Magazine\",\"isPartOf\":{\"@id\":\"https:\\\/\\\/www.retedeldono.it\\\/magazine\\\/#website\"},\"primaryImageOfPage\":{\"@id\":\"https:\\\/\\\/www.retedeldono.it\\\/magazine\\\/solidarieta\\\/#primaryimage\"},\"image\":{\"@id\":\"https:\\\/\\\/www.retedeldono.it\\\/magazine\\\/solidarieta\\\/#primaryimage\"},\"thumbnailUrl\":\"https:\\\/\\\/magazine.retedeldono.it\\\/wp-content\\\/uploads\\\/2022\\\/07\\\/solidarieta.jpg\",\"datePublished\":\"2023-09-01T16:38:33+00:00\",\"dateModified\":\"2025-12-04T08:24:31+00:00\",\"author\":{\"@id\":\"https:\\\/\\\/www.retedeldono.it\\\/magazine\\\/#\\\/schema\\\/person\\\/dd55a2becb70a4059624bae094c03583\"},\"description\":\"La solidariet\u00e0 \u00e8 un principio fondante delle societ\u00e0 contemporanee, previsto dalla Costituzione italiana e dalle istituzioni internazionali\",\"breadcrumb\":{\"@id\":\"https:\\\/\\\/www.retedeldono.it\\\/magazine\\\/solidarieta\\\/#breadcrumb\"},\"inLanguage\":\"it-IT\",\"potentialAction\":[{\"@type\":\"ReadAction\",\"target\":[\"https:\\\/\\\/www.retedeldono.it\\\/magazine\\\/solidarieta\\\/\"]}]},{\"@type\":\"ImageObject\",\"inLanguage\":\"it-IT\",\"@id\":\"https:\\\/\\\/www.retedeldono.it\\\/magazine\\\/solidarieta\\\/#primaryimage\",\"url\":\"https:\\\/\\\/magazine.retedeldono.it\\\/wp-content\\\/uploads\\\/2022\\\/07\\\/solidarieta.jpg\",\"contentUrl\":\"https:\\\/\\\/magazine.retedeldono.it\\\/wp-content\\\/uploads\\\/2022\\\/07\\\/solidarieta.jpg\",\"width\":1000,\"height\":700,\"caption\":\"solidariet\u00e0\"},{\"@type\":\"BreadcrumbList\",\"@id\":\"https:\\\/\\\/www.retedeldono.it\\\/magazine\\\/solidarieta\\\/#breadcrumb\",\"itemListElement\":[{\"@type\":\"ListItem\",\"position\":1,\"name\":\"Home\",\"item\":\"https:\\\/\\\/www.retedeldono.it\\\/magazine\\\/\"},{\"@type\":\"ListItem\",\"position\":2,\"name\":\"Solidariet\u00e0: cos&#8217;\u00e8 e come praticarla\"}]},{\"@type\":\"WebSite\",\"@id\":\"https:\\\/\\\/www.retedeldono.it\\\/magazine\\\/#website\",\"url\":\"https:\\\/\\\/www.retedeldono.it\\\/magazine\\\/\",\"name\":\"Rete del Dono Magazine\",\"description\":\"Rete del Dono Magazine\",\"potentialAction\":[{\"@type\":\"SearchAction\",\"target\":{\"@type\":\"EntryPoint\",\"urlTemplate\":\"https:\\\/\\\/www.retedeldono.it\\\/magazine\\\/?s={search_term_string}\"},\"query-input\":{\"@type\":\"PropertyValueSpecification\",\"valueRequired\":true,\"valueName\":\"search_term_string\"}}],\"inLanguage\":\"it-IT\"},{\"@type\":\"Person\",\"@id\":\"https:\\\/\\\/www.retedeldono.it\\\/magazine\\\/#\\\/schema\\\/person\\\/dd55a2becb70a4059624bae094c03583\",\"name\":\"Elisa Rosso\",\"image\":{\"@type\":\"ImageObject\",\"inLanguage\":\"it-IT\",\"@id\":\"https:\\\/\\\/secure.gravatar.com\\\/avatar\\\/3aec3818a0581b1c60c2bac3ae3e55d7a00f7084134cbdd18bc732f3d8a8b93f?s=96&d=mm&r=g\",\"url\":\"https:\\\/\\\/secure.gravatar.com\\\/avatar\\\/3aec3818a0581b1c60c2bac3ae3e55d7a00f7084134cbdd18bc732f3d8a8b93f?s=96&d=mm&r=g\",\"contentUrl\":\"https:\\\/\\\/secure.gravatar.com\\\/avatar\\\/3aec3818a0581b1c60c2bac3ae3e55d7a00f7084134cbdd18bc732f3d8a8b93f?s=96&d=mm&r=g\",\"caption\":\"Elisa Rosso\"},\"description\":\"Laureata in Scienze Internazionali e Diplomatiche presso Universit\u00e0 di Torino, lavora da sempre nel non profit e nel sociale con un significativa esperienza nel settore raccolta fondi di grandi e piccole ONP (Amnesty International e NutriAid). Nell\u2019autunno 2016 approda in Rete del Dono, dove si occupa di dare assistenza e consulenza alle ONP e alle Fondazioni per la promozione dei loro progetti e l'ottimizzazione delle campagne di raccolta fondi.\",\"url\":\"https:\\\/\\\/www.retedeldono.it\\\/magazine\\\/author\\\/elisa-rosso\\\/\"}]}<\/script>\n<!-- \/ Yoast SEO plugin. -->","yoast_head_json":{"title":"Solidariet\u00e0: cos'\u00e8 e come praticarla - Rete del Dono Magazine","description":"La solidariet\u00e0 \u00e8 un principio fondante delle societ\u00e0 contemporanee, previsto dalla Costituzione italiana e dalle istituzioni internazionali","robots":{"index":"index","follow":"follow","max-snippet":"max-snippet:-1","max-image-preview":"max-image-preview:large","max-video-preview":"max-video-preview:-1"},"canonical":"https:\/\/www.retedeldono.it\/magazine\/solidarieta\/","og_locale":"it_IT","og_type":"article","og_title":"Solidariet\u00e0: cos'\u00e8 e come praticarla - Rete del Dono Magazine","og_description":"La solidariet\u00e0 \u00e8 un principio fondante delle societ\u00e0 contemporanee, previsto dalla Costituzione italiana e dalle istituzioni internazionali","og_url":"https:\/\/www.retedeldono.it\/magazine\/solidarieta\/","og_site_name":"Rete del Dono Magazine","article_publisher":"https:\/\/www.facebook.com\/retedeldono\/","article_published_time":"2023-09-01T16:38:33+00:00","article_modified_time":"2025-12-04T08:24:31+00:00","og_image":[{"width":1000,"height":700,"url":"https:\/\/magazine.retedeldono.it\/wp-content\/uploads\/2022\/07\/solidarieta.jpg","type":"image\/jpeg"}],"author":"Elisa Rosso","twitter_card":"summary_large_image","twitter_misc":{"Scritto da":"Elisa Rosso","Tempo di lettura stimato":"6 minuti"},"schema":{"@context":"https:\/\/schema.org","@graph":[{"@type":"Article","@id":"https:\/\/www.retedeldono.it\/magazine\/solidarieta\/#article","isPartOf":{"@id":"https:\/\/www.retedeldono.it\/magazine\/solidarieta\/"},"author":{"name":"Elisa Rosso","@id":"https:\/\/www.retedeldono.it\/magazine\/#\/schema\/person\/dd55a2becb70a4059624bae094c03583"},"headline":"Solidariet\u00e0: cos&#8217;\u00e8 e come praticarla","datePublished":"2023-09-01T16:38:33+00:00","dateModified":"2025-12-04T08:24:31+00:00","mainEntityOfPage":{"@id":"https:\/\/www.retedeldono.it\/magazine\/solidarieta\/"},"wordCount":989,"commentCount":0,"image":{"@id":"https:\/\/www.retedeldono.it\/magazine\/solidarieta\/#primaryimage"},"thumbnailUrl":"https:\/\/magazine.retedeldono.it\/wp-content\/uploads\/2022\/07\/solidarieta.jpg","articleSection":["Community"],"inLanguage":"it-IT","potentialAction":[{"@type":"CommentAction","name":"Comment","target":["https:\/\/www.retedeldono.it\/magazine\/solidarieta\/#respond"]}]},{"@type":"WebPage","@id":"https:\/\/www.retedeldono.it\/magazine\/solidarieta\/","url":"https:\/\/www.retedeldono.it\/magazine\/solidarieta\/","name":"Solidariet\u00e0: cos'\u00e8 e come praticarla - Rete del Dono Magazine","isPartOf":{"@id":"https:\/\/www.retedeldono.it\/magazine\/#website"},"primaryImageOfPage":{"@id":"https:\/\/www.retedeldono.it\/magazine\/solidarieta\/#primaryimage"},"image":{"@id":"https:\/\/www.retedeldono.it\/magazine\/solidarieta\/#primaryimage"},"thumbnailUrl":"https:\/\/magazine.retedeldono.it\/wp-content\/uploads\/2022\/07\/solidarieta.jpg","datePublished":"2023-09-01T16:38:33+00:00","dateModified":"2025-12-04T08:24:31+00:00","author":{"@id":"https:\/\/www.retedeldono.it\/magazine\/#\/schema\/person\/dd55a2becb70a4059624bae094c03583"},"description":"La solidariet\u00e0 \u00e8 un principio fondante delle societ\u00e0 contemporanee, previsto dalla Costituzione italiana e dalle istituzioni internazionali","breadcrumb":{"@id":"https:\/\/www.retedeldono.it\/magazine\/solidarieta\/#breadcrumb"},"inLanguage":"it-IT","potentialAction":[{"@type":"ReadAction","target":["https:\/\/www.retedeldono.it\/magazine\/solidarieta\/"]}]},{"@type":"ImageObject","inLanguage":"it-IT","@id":"https:\/\/www.retedeldono.it\/magazine\/solidarieta\/#primaryimage","url":"https:\/\/magazine.retedeldono.it\/wp-content\/uploads\/2022\/07\/solidarieta.jpg","contentUrl":"https:\/\/magazine.retedeldono.it\/wp-content\/uploads\/2022\/07\/solidarieta.jpg","width":1000,"height":700,"caption":"solidariet\u00e0"},{"@type":"BreadcrumbList","@id":"https:\/\/www.retedeldono.it\/magazine\/solidarieta\/#breadcrumb","itemListElement":[{"@type":"ListItem","position":1,"name":"Home","item":"https:\/\/www.retedeldono.it\/magazine\/"},{"@type":"ListItem","position":2,"name":"Solidariet\u00e0: cos&#8217;\u00e8 e come praticarla"}]},{"@type":"WebSite","@id":"https:\/\/www.retedeldono.it\/magazine\/#website","url":"https:\/\/www.retedeldono.it\/magazine\/","name":"Rete del Dono Magazine","description":"Rete del Dono Magazine","potentialAction":[{"@type":"SearchAction","target":{"@type":"EntryPoint","urlTemplate":"https:\/\/www.retedeldono.it\/magazine\/?s={search_term_string}"},"query-input":{"@type":"PropertyValueSpecification","valueRequired":true,"valueName":"search_term_string"}}],"inLanguage":"it-IT"},{"@type":"Person","@id":"https:\/\/www.retedeldono.it\/magazine\/#\/schema\/person\/dd55a2becb70a4059624bae094c03583","name":"Elisa Rosso","image":{"@type":"ImageObject","inLanguage":"it-IT","@id":"https:\/\/secure.gravatar.com\/avatar\/3aec3818a0581b1c60c2bac3ae3e55d7a00f7084134cbdd18bc732f3d8a8b93f?s=96&d=mm&r=g","url":"https:\/\/secure.gravatar.com\/avatar\/3aec3818a0581b1c60c2bac3ae3e55d7a00f7084134cbdd18bc732f3d8a8b93f?s=96&d=mm&r=g","contentUrl":"https:\/\/secure.gravatar.com\/avatar\/3aec3818a0581b1c60c2bac3ae3e55d7a00f7084134cbdd18bc732f3d8a8b93f?s=96&d=mm&r=g","caption":"Elisa Rosso"},"description":"Laureata in Scienze Internazionali e Diplomatiche presso Universit\u00e0 di Torino, lavora da sempre nel non profit e nel sociale con un significativa esperienza nel settore raccolta fondi di grandi e piccole ONP (Amnesty International e NutriAid). Nell\u2019autunno 2016 approda in Rete del Dono, dove si occupa di dare assistenza e consulenza alle ONP e alle Fondazioni per la promozione dei loro progetti e l'ottimizzazione delle campagne di raccolta fondi.","url":"https:\/\/www.retedeldono.it\/magazine\/author\/elisa-rosso\/"}]}},"_links":{"self":[{"href":"https:\/\/www.retedeldono.it\/magazine\/wp-json\/wp\/v2\/posts\/1306","targetHints":{"allow":["GET"]}}],"collection":[{"href":"https:\/\/www.retedeldono.it\/magazine\/wp-json\/wp\/v2\/posts"}],"about":[{"href":"https:\/\/www.retedeldono.it\/magazine\/wp-json\/wp\/v2\/types\/post"}],"author":[{"embeddable":true,"href":"https:\/\/www.retedeldono.it\/magazine\/wp-json\/wp\/v2\/users\/11"}],"replies":[{"embeddable":true,"href":"https:\/\/www.retedeldono.it\/magazine\/wp-json\/wp\/v2\/comments?post=1306"}],"version-history":[{"count":2,"href":"https:\/\/www.retedeldono.it\/magazine\/wp-json\/wp\/v2\/posts\/1306\/revisions"}],"predecessor-version":[{"id":4342,"href":"https:\/\/www.retedeldono.it\/magazine\/wp-json\/wp\/v2\/posts\/1306\/revisions\/4342"}],"wp:featuredmedia":[{"embeddable":true,"href":"https:\/\/www.retedeldono.it\/magazine\/wp-json\/wp\/v2\/media\/1307"}],"wp:attachment":[{"href":"https:\/\/www.retedeldono.it\/magazine\/wp-json\/wp\/v2\/media?parent=1306"}],"wp:term":[{"taxonomy":"category","embeddable":true,"href":"https:\/\/www.retedeldono.it\/magazine\/wp-json\/wp\/v2\/categories?post=1306"},{"taxonomy":"post_tag","embeddable":true,"href":"https:\/\/www.retedeldono.it\/magazine\/wp-json\/wp\/v2\/tags?post=1306"}],"curies":[{"name":"wp","href":"https:\/\/api.w.org\/{rel}","templated":true}]}}