{"id":1309,"date":"2022-07-14T08:45:30","date_gmt":"2022-07-14T08:45:30","guid":{"rendered":"https:\/\/www.retedeldono.it\/magazine\/?p=1309"},"modified":"2023-01-23T11:33:27","modified_gmt":"2023-01-23T11:33:27","slug":"sostenibilita-ambientale-crowdfunding","status":"publish","type":"post","link":"https:\/\/www.retedeldono.it\/magazine\/sostenibilita-ambientale-crowdfunding\/","title":{"rendered":"Sostenibilit\u00e0 ambientale e Crowdfunding"},"content":{"rendered":"\r\n<p>Negli ultimi anni le cause legate alla <a href=\"https:\/\/www.retedeldono.it\/magazine\/economia-sostenibile\/\" target=\"_blank\" rel=\"noreferrer noopener\"><strong>sostenibilit\u00e0 ambientale<\/strong><\/a> e ai cambiamenti climatici stanno guadagnando grande visibilit\u00e0 in tutto il mondo. Un trend che si inizia a respirare anche in Italia, seppure con il lieve ritardo che spesso ci caratterizza all\u2019interno di questi movimenti globali. Qualche case study tratto dalla nostra piattaforma per analizzare il fenomeno.<\/p>\r\n\r\n\r\n\r\n<p><strong>Ambiente e territorio insieme<\/strong><\/p>\r\n\r\n\r\n\r\n<p>Il panorama italiano del fundraising a tema ambientale permette gi\u00e0 di intravedere una prima peculiarit\u00e0 nostrana: in Italia la sostenibilit\u00e0 ambientale non viene vista solo come protezione della natura o incremento delle aree verdi o di parchi incontaminati, bens\u00ec come ricerca di un equilibrio tra uomo e ambiente. Forse figlio della nostra tradizionale antropizzazione, fatta di piccoli centri disseminati su un territorio ricco di bellezze naturali da preservare. Ecco perch\u00e9 i progetti italiani vertono spesso sulla rigenerazione e riqualificazione di spazi, che aggiunge alla classica tutela del territorio anche una dimensione culturale e di cittadinanza attiva a tutto tondo.<\/p>\r\n\r\n\r\n\r\n<p><strong>Per ripopolare la montagna<\/strong><\/p>\r\n\r\n\r\n\r\n<p>Proprio su questo filone insiste il progetto <a href=\"https:\/\/www.retedeldono.it\/it\/per-la-rinascita-pastorale-di-paraloup\" target=\"_blank\" rel=\"noreferrer noopener\"><strong>Per la Rinascita pastorale di Paraloup<\/strong><\/a>, che agisce su un problema di grande attualit\u00e0 che attanaglia i nostri territori montani: l\u2019abbandono dei pascoli e degli alpeggi. La Fondazione Nuto Revelli ha sostenuto il ritorno di un pastore nelle baite di Paraloup (borgata alpina a 1360 m di quota in provincia di Cuneo, in Valle Stura), per permettere un ritorno sostenibile alla vita, alla cultura e al lavoro in montagna. Grazie anche alla raccolta fondi, oggi nella borgata c\u2019\u00e8 un\u2019attivit\u00e0 casearia e un centro culturale che offre servizi di carattere sociale e turistico.<\/p>\r\n\r\n\r\n\r\n<p><strong>Climate Social Camp, largo ai giovanissimi<\/strong><\/p>\r\n\r\n\r\n\r\n<p>Protagonisti del crescente interesse verso la difesa dell\u2019ambiente sono i giovani e i giovanissimi, che spesso vengono coinvolti in una prima esperienza di partecipazione alla vita sociale e di donazione proprio tramite questi temi. Un esempio \u00e8 la campagna del <a href=\"https:\/\/www.retedeldono.it\/it\/climate-social-camp\" target=\"_blank\" rel=\"noreferrer noopener\"><strong>Climate Social Camp<\/strong><\/a>, il meeting europeo dei <a href=\"https:\/\/www.climatesocialcamp.com\/\" target=\"_blank\" rel=\"noreferrer noopener\"><strong>Fridays for Future<\/strong><\/a> in programma a Torino. Un tema attualissimo che sta attirando molti nuovi utenti sulla piattaforma e ha gi\u00e0 fatto decollare la raccolta fondi, premiando gli strumenti di comunicazione pi\u00f9 diretti e virali come social e messaggistica a discapito dei canali pi\u00f9 tradizionali.<\/p>\r\n\r\n\r\n\r\n<p><strong>Quando l\u2019ambiente incontra lo sport<\/strong><\/p>\r\n\r\n\r\n\r\n<p>Lo sport outdoor ha con la natura un legame molto stretto: ecco perch\u00e9 spesso le sfide sportive sono un\u2019arma in pi\u00f9 per le cause ambientali. Come le campagne lanciate ogni anno in occasioni della <a href=\"https:\/\/www.retedeldono.it\/it\/progetti\/rotary-club-montaperti\/plastic-buster-strade-bianche-2022\" target=\"_blank\" rel=\"noreferrer noopener\"><strong>Strade Bianche<\/strong><\/a>, il cui Charity Program da anni ormai finanzia la <a href=\"https:\/\/blog.retedeldono.it\/en\/content\/strade-bianche-2020-il-ciclismo-in-gara-per-lambiente\" target=\"_blank\" rel=\"noreferrer noopener\"><strong>piantumazione di alberi<\/strong><\/a> e l\u2019eliminazione della plastica dal Mar Mediterraneo.<\/p>\r\n\r\n\r\n\r\n<p>Nel 2020, all\u2019interno della prima edizione del Bando di Fondazione CRC, aveva fatto scuola il progetto <a href=\"https:\/\/www.retedeldono.it\/it\/progetti\/aica\/keep-clean-and-run-for-peace-il-docufilm\" target=\"_blank\" rel=\"noreferrer noopener\"><strong>Keep Clean And Run for Peace<\/strong><\/a> di <strong>AICA<\/strong>: quasi 25mila euro raccolti e oltre 400 donatori per la realizzazione di un docu-film sull\u2019ecoatleta Roberto Cavallo, che durante i suoi percorsi raccoglie i rifiuti coinvolgendo le comunit\u00e0 locali.<\/p>\r\n\r\n\r\n\r\n<p><strong>Il Bando Crowdfunding per l&#8217;ambiente di Fondazione Crc<\/strong><\/p>\r\n\r\n\r\n\r\n<p>Dopo i positivi risultati raggiunti dalle sperimentazioni effettuate nel 2020 e nel 2021, il Programma Operativo 2022 della <strong>Fondazione CRC<\/strong> propone, all\u2019interno della sfida +Competenze, la nuova edizione del <a href=\"https:\/\/www.fondazionecrc.it\/index.php\/crowdfunding-terzo-settore-per-l-ambiente\" target=\"_blank\" rel=\"noreferrer noopener\"><strong>\u201cBando Crowdfunding\u201d<\/strong><\/a> che anche quest\u2019anno agisce sul coinvolgimento delle comunit\u00e0 e sul rafforzamento delle competenze delle organizzazioni del territorio, in un\u2019ottica di maggiore sostenibilit\u00e0. La <a href=\"https:\/\/www.retedeldono.it\/magazine\/fondazioni-bancarie-e-crowdfunding-nuove-risorse-per-i-territori\/\" target=\"_blank\" rel=\"noreferrer noopener\"><strong>novit\u00e0 del 2022<\/strong><\/a> riguarda la scelta del tema, dedicato ai progetti ambientali: i 7 Enti del Terzo Settore selezionati attiveranno le loro campagne di crowdfunding a partire dal 10 settembre 2022.<\/p>\r\n","protected":false},"excerpt":{"rendered":"<p>Negli ultimi anni le cause legate alla sostenibilit\u00e0 ambientale e ai cambiamenti climatici stanno guadagnando grande visibilit\u00e0 in tutto il mondo. Un trend che si inizia a respirare anche in&#8230;<\/p>\n","protected":false},"author":11,"featured_media":1313,"comment_status":"open","ping_status":"open","sticky":false,"template":"","format":"standard","meta":{"_acf_changed":false,"footnotes":""},"categories":[17],"tags":[],"class_list":{"0":"post-1309","1":"post","2":"type-post","3":"status-publish","4":"format-standard","5":"has-post-thumbnail","7":"category-fundraising"},"acf":{"homepage_rdd":false},"yoast_head":"<!-- This site is optimized with the Yoast SEO plugin v27.5 - https:\/\/yoast.com\/product\/yoast-seo-wordpress\/ -->\n<title>Sostenibilit\u00e0 ambientale e crowdfunding<\/title>\n<meta name=\"description\" content=\"Le cause sulla sostenibilit\u00e0 ambientale e i cambiamenti climatici guadagnano spazio nel mondo. Un trend che inizia a imporsi anche in Italia.\" \/>\n<meta name=\"robots\" content=\"index, follow, max-snippet:-1, max-image-preview:large, max-video-preview:-1\" \/>\n<link rel=\"canonical\" href=\"https:\/\/www.retedeldono.it\/magazine\/sostenibilita-ambientale-crowdfunding\/\" \/>\n<meta property=\"og:locale\" content=\"it_IT\" \/>\n<meta property=\"og:type\" content=\"article\" \/>\n<meta property=\"og:title\" content=\"Sostenibilit\u00e0 ambientale e crowdfunding\" \/>\n<meta property=\"og:description\" content=\"Le cause sulla sostenibilit\u00e0 ambientale e i cambiamenti climatici guadagnano spazio nel mondo. Un trend che inizia a imporsi anche in Italia.\" \/>\n<meta property=\"og:url\" content=\"https:\/\/www.retedeldono.it\/magazine\/sostenibilita-ambientale-crowdfunding\/\" \/>\n<meta property=\"og:site_name\" content=\"Rete del Dono Magazine\" \/>\n<meta property=\"article:publisher\" content=\"https:\/\/www.facebook.com\/retedeldono\/\" \/>\n<meta property=\"article:published_time\" content=\"2022-07-14T08:45:30+00:00\" \/>\n<meta property=\"article:modified_time\" content=\"2023-01-23T11:33:27+00:00\" \/>\n<meta property=\"og:image\" content=\"https:\/\/magazine.retedeldono.it\/wp-content\/uploads\/2022\/07\/sostenibilita-ambientale-crowdfunding.png\" \/>\n\t<meta property=\"og:image:width\" content=\"1000\" \/>\n\t<meta property=\"og:image:height\" content=\"700\" \/>\n\t<meta property=\"og:image:type\" content=\"image\/png\" \/>\n<meta name=\"author\" content=\"Elisa Rosso\" \/>\n<meta name=\"twitter:card\" content=\"summary_large_image\" \/>\n<meta name=\"twitter:label1\" content=\"Scritto da\" \/>\n\t<meta name=\"twitter:data1\" content=\"Elisa Rosso\" \/>\n\t<meta name=\"twitter:label2\" content=\"Tempo di lettura stimato\" \/>\n\t<meta name=\"twitter:data2\" content=\"4 minuti\" \/>\n<script type=\"application\/ld+json\" class=\"yoast-schema-graph\">{\"@context\":\"https:\\\/\\\/schema.org\",\"@graph\":[{\"@type\":\"Article\",\"@id\":\"https:\\\/\\\/www.retedeldono.it\\\/magazine\\\/sostenibilita-ambientale-crowdfunding\\\/#article\",\"isPartOf\":{\"@id\":\"https:\\\/\\\/www.retedeldono.it\\\/magazine\\\/sostenibilita-ambientale-crowdfunding\\\/\"},\"author\":{\"name\":\"Elisa Rosso\",\"@id\":\"https:\\\/\\\/www.retedeldono.it\\\/magazine\\\/#\\\/schema\\\/person\\\/dd55a2becb70a4059624bae094c03583\"},\"headline\":\"Sostenibilit\u00e0 ambientale e Crowdfunding\",\"datePublished\":\"2022-07-14T08:45:30+00:00\",\"dateModified\":\"2023-01-23T11:33:27+00:00\",\"mainEntityOfPage\":{\"@id\":\"https:\\\/\\\/www.retedeldono.it\\\/magazine\\\/sostenibilita-ambientale-crowdfunding\\\/\"},\"wordCount\":572,\"commentCount\":0,\"image\":{\"@id\":\"https:\\\/\\\/www.retedeldono.it\\\/magazine\\\/sostenibilita-ambientale-crowdfunding\\\/#primaryimage\"},\"thumbnailUrl\":\"https:\\\/\\\/magazine.retedeldono.it\\\/wp-content\\\/uploads\\\/2022\\\/07\\\/sostenibilita-ambientale-crowdfunding.png\",\"articleSection\":[\"Fundraising\"],\"inLanguage\":\"it-IT\",\"potentialAction\":[{\"@type\":\"CommentAction\",\"name\":\"Comment\",\"target\":[\"https:\\\/\\\/www.retedeldono.it\\\/magazine\\\/sostenibilita-ambientale-crowdfunding\\\/#respond\"]}]},{\"@type\":\"WebPage\",\"@id\":\"https:\\\/\\\/www.retedeldono.it\\\/magazine\\\/sostenibilita-ambientale-crowdfunding\\\/\",\"url\":\"https:\\\/\\\/www.retedeldono.it\\\/magazine\\\/sostenibilita-ambientale-crowdfunding\\\/\",\"name\":\"Sostenibilit\u00e0 ambientale e crowdfunding\",\"isPartOf\":{\"@id\":\"https:\\\/\\\/www.retedeldono.it\\\/magazine\\\/#website\"},\"primaryImageOfPage\":{\"@id\":\"https:\\\/\\\/www.retedeldono.it\\\/magazine\\\/sostenibilita-ambientale-crowdfunding\\\/#primaryimage\"},\"image\":{\"@id\":\"https:\\\/\\\/www.retedeldono.it\\\/magazine\\\/sostenibilita-ambientale-crowdfunding\\\/#primaryimage\"},\"thumbnailUrl\":\"https:\\\/\\\/magazine.retedeldono.it\\\/wp-content\\\/uploads\\\/2022\\\/07\\\/sostenibilita-ambientale-crowdfunding.png\",\"datePublished\":\"2022-07-14T08:45:30+00:00\",\"dateModified\":\"2023-01-23T11:33:27+00:00\",\"author\":{\"@id\":\"https:\\\/\\\/www.retedeldono.it\\\/magazine\\\/#\\\/schema\\\/person\\\/dd55a2becb70a4059624bae094c03583\"},\"description\":\"Le cause sulla sostenibilit\u00e0 ambientale e i cambiamenti climatici guadagnano spazio nel mondo. Un trend che inizia a imporsi anche in Italia.\",\"breadcrumb\":{\"@id\":\"https:\\\/\\\/www.retedeldono.it\\\/magazine\\\/sostenibilita-ambientale-crowdfunding\\\/#breadcrumb\"},\"inLanguage\":\"it-IT\",\"potentialAction\":[{\"@type\":\"ReadAction\",\"target\":[\"https:\\\/\\\/www.retedeldono.it\\\/magazine\\\/sostenibilita-ambientale-crowdfunding\\\/\"]}]},{\"@type\":\"ImageObject\",\"inLanguage\":\"it-IT\",\"@id\":\"https:\\\/\\\/www.retedeldono.it\\\/magazine\\\/sostenibilita-ambientale-crowdfunding\\\/#primaryimage\",\"url\":\"https:\\\/\\\/magazine.retedeldono.it\\\/wp-content\\\/uploads\\\/2022\\\/07\\\/sostenibilita-ambientale-crowdfunding.png\",\"contentUrl\":\"https:\\\/\\\/magazine.retedeldono.it\\\/wp-content\\\/uploads\\\/2022\\\/07\\\/sostenibilita-ambientale-crowdfunding.png\",\"width\":1000,\"height\":700},{\"@type\":\"BreadcrumbList\",\"@id\":\"https:\\\/\\\/www.retedeldono.it\\\/magazine\\\/sostenibilita-ambientale-crowdfunding\\\/#breadcrumb\",\"itemListElement\":[{\"@type\":\"ListItem\",\"position\":1,\"name\":\"Home\",\"item\":\"https:\\\/\\\/www.retedeldono.it\\\/magazine\\\/\"},{\"@type\":\"ListItem\",\"position\":2,\"name\":\"Sostenibilit\u00e0 ambientale e Crowdfunding\"}]},{\"@type\":\"WebSite\",\"@id\":\"https:\\\/\\\/www.retedeldono.it\\\/magazine\\\/#website\",\"url\":\"https:\\\/\\\/www.retedeldono.it\\\/magazine\\\/\",\"name\":\"Rete del Dono Magazine\",\"description\":\"Rete del Dono Magazine\",\"potentialAction\":[{\"@type\":\"SearchAction\",\"target\":{\"@type\":\"EntryPoint\",\"urlTemplate\":\"https:\\\/\\\/www.retedeldono.it\\\/magazine\\\/?s={search_term_string}\"},\"query-input\":{\"@type\":\"PropertyValueSpecification\",\"valueRequired\":true,\"valueName\":\"search_term_string\"}}],\"inLanguage\":\"it-IT\"},{\"@type\":\"Person\",\"@id\":\"https:\\\/\\\/www.retedeldono.it\\\/magazine\\\/#\\\/schema\\\/person\\\/dd55a2becb70a4059624bae094c03583\",\"name\":\"Elisa Rosso\",\"image\":{\"@type\":\"ImageObject\",\"inLanguage\":\"it-IT\",\"@id\":\"https:\\\/\\\/secure.gravatar.com\\\/avatar\\\/3aec3818a0581b1c60c2bac3ae3e55d7a00f7084134cbdd18bc732f3d8a8b93f?s=96&d=mm&r=g\",\"url\":\"https:\\\/\\\/secure.gravatar.com\\\/avatar\\\/3aec3818a0581b1c60c2bac3ae3e55d7a00f7084134cbdd18bc732f3d8a8b93f?s=96&d=mm&r=g\",\"contentUrl\":\"https:\\\/\\\/secure.gravatar.com\\\/avatar\\\/3aec3818a0581b1c60c2bac3ae3e55d7a00f7084134cbdd18bc732f3d8a8b93f?s=96&d=mm&r=g\",\"caption\":\"Elisa Rosso\"},\"description\":\"Laureata in Scienze Internazionali e Diplomatiche presso Universit\u00e0 di Torino, lavora da sempre nel non profit e nel sociale con un significativa esperienza nel settore raccolta fondi di grandi e piccole ONP (Amnesty International e NutriAid). Nell\u2019autunno 2016 approda in Rete del Dono, dove si occupa di dare assistenza e consulenza alle ONP e alle Fondazioni per la promozione dei loro progetti e l'ottimizzazione delle campagne di raccolta fondi.\",\"url\":\"https:\\\/\\\/www.retedeldono.it\\\/magazine\\\/author\\\/elisa-rosso\\\/\"}]}<\/script>\n<!-- \/ Yoast SEO plugin. -->","yoast_head_json":{"title":"Sostenibilit\u00e0 ambientale e crowdfunding","description":"Le cause sulla sostenibilit\u00e0 ambientale e i cambiamenti climatici guadagnano spazio nel mondo. Un trend che inizia a imporsi anche in Italia.","robots":{"index":"index","follow":"follow","max-snippet":"max-snippet:-1","max-image-preview":"max-image-preview:large","max-video-preview":"max-video-preview:-1"},"canonical":"https:\/\/www.retedeldono.it\/magazine\/sostenibilita-ambientale-crowdfunding\/","og_locale":"it_IT","og_type":"article","og_title":"Sostenibilit\u00e0 ambientale e crowdfunding","og_description":"Le cause sulla sostenibilit\u00e0 ambientale e i cambiamenti climatici guadagnano spazio nel mondo. Un trend che inizia a imporsi anche in Italia.","og_url":"https:\/\/www.retedeldono.it\/magazine\/sostenibilita-ambientale-crowdfunding\/","og_site_name":"Rete del Dono Magazine","article_publisher":"https:\/\/www.facebook.com\/retedeldono\/","article_published_time":"2022-07-14T08:45:30+00:00","article_modified_time":"2023-01-23T11:33:27+00:00","og_image":[{"width":1000,"height":700,"url":"https:\/\/magazine.retedeldono.it\/wp-content\/uploads\/2022\/07\/sostenibilita-ambientale-crowdfunding.png","type":"image\/png"}],"author":"Elisa Rosso","twitter_card":"summary_large_image","twitter_misc":{"Scritto da":"Elisa Rosso","Tempo di lettura stimato":"4 minuti"},"schema":{"@context":"https:\/\/schema.org","@graph":[{"@type":"Article","@id":"https:\/\/www.retedeldono.it\/magazine\/sostenibilita-ambientale-crowdfunding\/#article","isPartOf":{"@id":"https:\/\/www.retedeldono.it\/magazine\/sostenibilita-ambientale-crowdfunding\/"},"author":{"name":"Elisa Rosso","@id":"https:\/\/www.retedeldono.it\/magazine\/#\/schema\/person\/dd55a2becb70a4059624bae094c03583"},"headline":"Sostenibilit\u00e0 ambientale e Crowdfunding","datePublished":"2022-07-14T08:45:30+00:00","dateModified":"2023-01-23T11:33:27+00:00","mainEntityOfPage":{"@id":"https:\/\/www.retedeldono.it\/magazine\/sostenibilita-ambientale-crowdfunding\/"},"wordCount":572,"commentCount":0,"image":{"@id":"https:\/\/www.retedeldono.it\/magazine\/sostenibilita-ambientale-crowdfunding\/#primaryimage"},"thumbnailUrl":"https:\/\/magazine.retedeldono.it\/wp-content\/uploads\/2022\/07\/sostenibilita-ambientale-crowdfunding.png","articleSection":["Fundraising"],"inLanguage":"it-IT","potentialAction":[{"@type":"CommentAction","name":"Comment","target":["https:\/\/www.retedeldono.it\/magazine\/sostenibilita-ambientale-crowdfunding\/#respond"]}]},{"@type":"WebPage","@id":"https:\/\/www.retedeldono.it\/magazine\/sostenibilita-ambientale-crowdfunding\/","url":"https:\/\/www.retedeldono.it\/magazine\/sostenibilita-ambientale-crowdfunding\/","name":"Sostenibilit\u00e0 ambientale e crowdfunding","isPartOf":{"@id":"https:\/\/www.retedeldono.it\/magazine\/#website"},"primaryImageOfPage":{"@id":"https:\/\/www.retedeldono.it\/magazine\/sostenibilita-ambientale-crowdfunding\/#primaryimage"},"image":{"@id":"https:\/\/www.retedeldono.it\/magazine\/sostenibilita-ambientale-crowdfunding\/#primaryimage"},"thumbnailUrl":"https:\/\/magazine.retedeldono.it\/wp-content\/uploads\/2022\/07\/sostenibilita-ambientale-crowdfunding.png","datePublished":"2022-07-14T08:45:30+00:00","dateModified":"2023-01-23T11:33:27+00:00","author":{"@id":"https:\/\/www.retedeldono.it\/magazine\/#\/schema\/person\/dd55a2becb70a4059624bae094c03583"},"description":"Le cause sulla sostenibilit\u00e0 ambientale e i cambiamenti climatici guadagnano spazio nel mondo. Un trend che inizia a imporsi anche in Italia.","breadcrumb":{"@id":"https:\/\/www.retedeldono.it\/magazine\/sostenibilita-ambientale-crowdfunding\/#breadcrumb"},"inLanguage":"it-IT","potentialAction":[{"@type":"ReadAction","target":["https:\/\/www.retedeldono.it\/magazine\/sostenibilita-ambientale-crowdfunding\/"]}]},{"@type":"ImageObject","inLanguage":"it-IT","@id":"https:\/\/www.retedeldono.it\/magazine\/sostenibilita-ambientale-crowdfunding\/#primaryimage","url":"https:\/\/magazine.retedeldono.it\/wp-content\/uploads\/2022\/07\/sostenibilita-ambientale-crowdfunding.png","contentUrl":"https:\/\/magazine.retedeldono.it\/wp-content\/uploads\/2022\/07\/sostenibilita-ambientale-crowdfunding.png","width":1000,"height":700},{"@type":"BreadcrumbList","@id":"https:\/\/www.retedeldono.it\/magazine\/sostenibilita-ambientale-crowdfunding\/#breadcrumb","itemListElement":[{"@type":"ListItem","position":1,"name":"Home","item":"https:\/\/www.retedeldono.it\/magazine\/"},{"@type":"ListItem","position":2,"name":"Sostenibilit\u00e0 ambientale e Crowdfunding"}]},{"@type":"WebSite","@id":"https:\/\/www.retedeldono.it\/magazine\/#website","url":"https:\/\/www.retedeldono.it\/magazine\/","name":"Rete del Dono Magazine","description":"Rete del Dono Magazine","potentialAction":[{"@type":"SearchAction","target":{"@type":"EntryPoint","urlTemplate":"https:\/\/www.retedeldono.it\/magazine\/?s={search_term_string}"},"query-input":{"@type":"PropertyValueSpecification","valueRequired":true,"valueName":"search_term_string"}}],"inLanguage":"it-IT"},{"@type":"Person","@id":"https:\/\/www.retedeldono.it\/magazine\/#\/schema\/person\/dd55a2becb70a4059624bae094c03583","name":"Elisa Rosso","image":{"@type":"ImageObject","inLanguage":"it-IT","@id":"https:\/\/secure.gravatar.com\/avatar\/3aec3818a0581b1c60c2bac3ae3e55d7a00f7084134cbdd18bc732f3d8a8b93f?s=96&d=mm&r=g","url":"https:\/\/secure.gravatar.com\/avatar\/3aec3818a0581b1c60c2bac3ae3e55d7a00f7084134cbdd18bc732f3d8a8b93f?s=96&d=mm&r=g","contentUrl":"https:\/\/secure.gravatar.com\/avatar\/3aec3818a0581b1c60c2bac3ae3e55d7a00f7084134cbdd18bc732f3d8a8b93f?s=96&d=mm&r=g","caption":"Elisa Rosso"},"description":"Laureata in Scienze Internazionali e Diplomatiche presso Universit\u00e0 di Torino, lavora da sempre nel non profit e nel sociale con un significativa esperienza nel settore raccolta fondi di grandi e piccole ONP (Amnesty International e NutriAid). Nell\u2019autunno 2016 approda in Rete del Dono, dove si occupa di dare assistenza e consulenza alle ONP e alle Fondazioni per la promozione dei loro progetti e l'ottimizzazione delle campagne di raccolta fondi.","url":"https:\/\/www.retedeldono.it\/magazine\/author\/elisa-rosso\/"}]}},"_links":{"self":[{"href":"https:\/\/www.retedeldono.it\/magazine\/wp-json\/wp\/v2\/posts\/1309","targetHints":{"allow":["GET"]}}],"collection":[{"href":"https:\/\/www.retedeldono.it\/magazine\/wp-json\/wp\/v2\/posts"}],"about":[{"href":"https:\/\/www.retedeldono.it\/magazine\/wp-json\/wp\/v2\/types\/post"}],"author":[{"embeddable":true,"href":"https:\/\/www.retedeldono.it\/magazine\/wp-json\/wp\/v2\/users\/11"}],"replies":[{"embeddable":true,"href":"https:\/\/www.retedeldono.it\/magazine\/wp-json\/wp\/v2\/comments?post=1309"}],"version-history":[{"count":0,"href":"https:\/\/www.retedeldono.it\/magazine\/wp-json\/wp\/v2\/posts\/1309\/revisions"}],"wp:featuredmedia":[{"embeddable":true,"href":"https:\/\/www.retedeldono.it\/magazine\/wp-json\/wp\/v2\/media\/1313"}],"wp:attachment":[{"href":"https:\/\/www.retedeldono.it\/magazine\/wp-json\/wp\/v2\/media?parent=1309"}],"wp:term":[{"taxonomy":"category","embeddable":true,"href":"https:\/\/www.retedeldono.it\/magazine\/wp-json\/wp\/v2\/categories?post=1309"},{"taxonomy":"post_tag","embeddable":true,"href":"https:\/\/www.retedeldono.it\/magazine\/wp-json\/wp\/v2\/tags?post=1309"}],"curies":[{"name":"wp","href":"https:\/\/api.w.org\/{rel}","templated":true}]}}