{"id":1321,"date":"2022-07-21T07:36:30","date_gmt":"2022-07-21T07:36:30","guid":{"rendered":"https:\/\/www.retedeldono.it\/magazine\/?p=1321"},"modified":"2022-08-09T07:57:09","modified_gmt":"2022-08-09T07:57:09","slug":"crowdfunding-ambiente-climate-social-camp","status":"publish","type":"post","link":"https:\/\/www.retedeldono.it\/magazine\/crowdfunding-ambiente-climate-social-camp\/","title":{"rendered":"Crowdfunding e ambiente, ecco il Climate Social Camp"},"content":{"rendered":"\r\n<p>Le <a href=\"https:\/\/www.retedeldono.it\/magazine\/sostenibilita-ambientale-crowdfunding\/\" target=\"_blank\" rel=\"noreferrer noopener\"><strong>cause ambientali<\/strong><\/a> anche in Italia non sono pi\u00f9 temi di nicchia. Lo dimostra la campagna del <a href=\"https:\/\/www.retedeldono.it\/it\/climate-social-camp\" target=\"_blank\" rel=\"noreferrer noopener\"><strong>Climate Social Camp<\/strong><\/a>, il meeting europeo dei <a href=\"https:\/\/www.climatesocialcamp.com\/\" target=\"_blank\" rel=\"noreferrer noopener\"><strong>Fridays for Future<\/strong><\/a> in programma a Torino dal 25 al 29 luglio prossimi. Ottimi numeri che ci dicono che parlare di cambiamenti climatici non \u00e8 pi\u00f9 solo \u201ccosa da ambientalisti\u201d.<\/p>\r\n\r\n\r\n\r\n<p>&nbsp;<\/p>\r\n\r\n\r\n\r\n<h3 class=\"wp-block-heading\"><strong>Il grande raduno di Torino<\/strong><\/h3>\r\n\r\n\r\n\r\n<p>\u201cDopo il primo Meeting europeo del movimento, tenutosi a Losanna nel 2019, nel 2020 sarebbe toccato a Torino. Ora, dopo 2 anni di pandemia, ci siamo\u201d racconta <strong>Andrea John Dejanaz<\/strong>, Presidente dell\u2019associazione Giustizia Climatica Ora e attivista di <a href=\"https:\/\/fridaysforfutureitalia.it\/\" target=\"_blank\" rel=\"noreferrer noopener\"><strong>Fridays For Future<\/strong><\/a>. \u201cAbbiamo per\u00f2 voluto trasformare un forum dedicato ai delegati dei vari Paesi in un evento allargato, per coinvolgere tutta la rete di realt\u00e0 sensibili ai temi ambientali con dibattiti e incontri\u201d. Un\u2019impresa titanica, che da maggio vede coinvolti oltre 40 rappresentanti di associazioni per far muovere la macchina organizzativa tra permessi e adempimenti burocratici.<\/p>\r\n\r\n\r\n\r\n<p>&nbsp;<\/p>\r\n\r\n\r\n\r\n<h3 class=\"wp-block-heading\"><strong>Una campagna per dribblare il Greenwashing<\/strong><\/h3>\r\n\r\n\r\n\r\n<p>Un\u2019esperienza nuova per questi giovani, che hanno imparato giorno per giorno cosa volesse dire organizzare un evento di tale portata. Ben presto \u00e8 emersa anche la necessit\u00e0 di raccogliere fondi per far funzionare al meglio il tutto. \u201cSpesso per\u00f2 le aziende pi\u00f9 propense a sostenere queste iniziative sono le pi\u00f9 coinvolte nelle crisi climatiche. Ecco perch\u00e9 abbiamo voluto chiamare a raccolta la cittadinanza con una campagna di Crowdfunding: per renderci indipendenti e smarcarci dal rischio che qualcuno potesse fare Greenwashing proprio con questo evento\u201d. E con quasi 17mila euro raccolti, le donazioni stanno dimostrando che le cause ambientali sanno coinvolgere anche in Italia.<\/p>\r\n\r\n\r\n\r\n<p>&nbsp;<\/p>\r\n\r\n\r\n\r\n<h3 class=\"wp-block-heading\"><strong>Tutti coinvolti nella raccolta fondi<\/strong><\/h3>\r\n\r\n\r\n\r\n<p>Quando la raccolta fondi non \u00e8 solo affare del fundraiser ma coinvolge tutta l\u2019organizzazione, decolla: \u201cNon \u00e8 la nostra prima campagna di Crowdfunding, ma questa volta sapevamo come farla funzionare: abbiamo applicato tutti i consigli che ho appreso nel corso di Fondazione CRT. Innanzitutto tutte le realt\u00e0 coinvolte hanno donato loro per prime e hanno condiviso tempo, energie e contatti per partire al meglio\u201d. Poi l\u2019attivazione \u00e8 passata dai canali social del movimento, delle singole associazioni e di personalit\u00e0 legate alla causa; dal mailing digitale, con netti incrementi di donazioni nei giorni di appello; e da eventi in presenza come concerti e biciclettate per far conoscere il meeting.<\/p>\r\n\r\n\r\n\r\n<h3 class=\"wp-block-heading\"><strong>Oltre l\u2019ambientalismo classico<\/strong><\/h3>\r\n\r\n\r\n\r\n<p>Ad essere coinvolti non sono solo i giovani, sicuramente i pi\u00f9 attenti alla difesa dell\u2019ambiente: se infatti da una parte registriamo tanti nuovi utenti sulla piattaforma, dall\u2019altro sembra che \u201ci temi ambientali si siano trasformati in universali: non si tratta solo di alberi o animali, ma di problemi da cui dipende il benessere delle persone. Il prezzo dell\u2019energia, le catastrofi naturali, la siccit\u00e0 sono temi sociali, non riguardano solo il mondo naturale. Le persone iniziano a capirlo e ci\u00f2 allarga tantissimo la platea per affinit\u00e0 e per sensibilit\u00e0 a cause correlate\u201d. Una su tutte, l\u2019emergenza migratoria: una convergenza di target che ci dice che i temi ambientali sono finalmente usciti dall\u2019angolo in cui erano relegati dall\u2019ambientalismo anni Novanta.<\/p>\r\n","protected":false},"excerpt":{"rendered":"<p>Le cause ambientali anche in Italia non sono pi\u00f9 temi di nicchia. Lo dimostra la campagna del Climate Social Camp, il meeting europeo dei Fridays for Future in programma a&#8230;<\/p>\n","protected":false},"author":11,"featured_media":1323,"comment_status":"open","ping_status":"open","sticky":true,"template":"","format":"standard","meta":{"_acf_changed":false,"footnotes":""},"categories":[13,16],"tags":[],"class_list":{"0":"post-1321","1":"post","2":"type-post","3":"status-publish","4":"format-standard","5":"has-post-thumbnail","7":"category-crowdfunding","8":"category-sostenibilita"},"acf":{"homepage_rdd":false},"yoast_head":"<!-- This site is optimized with the Yoast SEO plugin v27.5 - https:\/\/yoast.com\/product\/yoast-seo-wordpress\/ -->\n<title>Crowdfunding e ambiente, ecco il Climate Social Camp<\/title>\n<meta name=\"description\" content=\"Dal 25 al 29 luglio arriva a Torino il Climate Social Camp, il meeting europeo dei Fridays for Future grazie al crowdfunding su Rete del Dono\" \/>\n<meta name=\"robots\" content=\"index, follow, max-snippet:-1, max-image-preview:large, max-video-preview:-1\" \/>\n<link rel=\"canonical\" href=\"https:\/\/www.retedeldono.it\/magazine\/crowdfunding-ambiente-climate-social-camp\/\" \/>\n<meta property=\"og:locale\" content=\"it_IT\" \/>\n<meta property=\"og:type\" content=\"article\" \/>\n<meta property=\"og:title\" content=\"Crowdfunding e ambiente, ecco il Climate Social Camp\" \/>\n<meta property=\"og:description\" content=\"Dal 25 al 29 luglio arriva a Torino il Climate Social Camp, il meeting europeo dei Fridays for Future grazie al crowdfunding su Rete del Dono\" \/>\n<meta property=\"og:url\" content=\"https:\/\/www.retedeldono.it\/magazine\/crowdfunding-ambiente-climate-social-camp\/\" \/>\n<meta property=\"og:site_name\" content=\"Rete del Dono Magazine\" \/>\n<meta property=\"article:publisher\" content=\"https:\/\/www.facebook.com\/retedeldono\/\" \/>\n<meta property=\"article:published_time\" content=\"2022-07-21T07:36:30+00:00\" \/>\n<meta property=\"article:modified_time\" content=\"2022-08-09T07:57:09+00:00\" \/>\n<meta property=\"og:image\" content=\"https:\/\/magazine.retedeldono.it\/wp-content\/uploads\/2022\/07\/climate-social-camp.jpg\" \/>\n\t<meta property=\"og:image:width\" content=\"1000\" \/>\n\t<meta property=\"og:image:height\" content=\"700\" \/>\n\t<meta property=\"og:image:type\" content=\"image\/jpeg\" \/>\n<meta name=\"author\" content=\"Elisa Rosso\" \/>\n<meta name=\"twitter:card\" content=\"summary_large_image\" \/>\n<meta name=\"twitter:label1\" content=\"Scritto da\" \/>\n\t<meta name=\"twitter:data1\" content=\"Elisa Rosso\" \/>\n\t<meta name=\"twitter:label2\" content=\"Tempo di lettura stimato\" \/>\n\t<meta name=\"twitter:data2\" content=\"3 minuti\" \/>\n<script type=\"application\/ld+json\" class=\"yoast-schema-graph\">{\"@context\":\"https:\\\/\\\/schema.org\",\"@graph\":[{\"@type\":\"Article\",\"@id\":\"https:\\\/\\\/www.retedeldono.it\\\/magazine\\\/crowdfunding-ambiente-climate-social-camp\\\/#article\",\"isPartOf\":{\"@id\":\"https:\\\/\\\/www.retedeldono.it\\\/magazine\\\/crowdfunding-ambiente-climate-social-camp\\\/\"},\"author\":{\"name\":\"Elisa Rosso\",\"@id\":\"https:\\\/\\\/www.retedeldono.it\\\/magazine\\\/#\\\/schema\\\/person\\\/dd55a2becb70a4059624bae094c03583\"},\"headline\":\"Crowdfunding e ambiente, ecco il Climate Social Camp\",\"datePublished\":\"2022-07-21T07:36:30+00:00\",\"dateModified\":\"2022-08-09T07:57:09+00:00\",\"mainEntityOfPage\":{\"@id\":\"https:\\\/\\\/www.retedeldono.it\\\/magazine\\\/crowdfunding-ambiente-climate-social-camp\\\/\"},\"wordCount\":509,\"commentCount\":0,\"image\":{\"@id\":\"https:\\\/\\\/www.retedeldono.it\\\/magazine\\\/crowdfunding-ambiente-climate-social-camp\\\/#primaryimage\"},\"thumbnailUrl\":\"https:\\\/\\\/magazine.retedeldono.it\\\/wp-content\\\/uploads\\\/2022\\\/07\\\/climate-social-camp.jpg\",\"articleSection\":[\"Crowdfunding\",\"Sostenibilit\u00e0\"],\"inLanguage\":\"it-IT\",\"potentialAction\":[{\"@type\":\"CommentAction\",\"name\":\"Comment\",\"target\":[\"https:\\\/\\\/www.retedeldono.it\\\/magazine\\\/crowdfunding-ambiente-climate-social-camp\\\/#respond\"]}]},{\"@type\":\"WebPage\",\"@id\":\"https:\\\/\\\/www.retedeldono.it\\\/magazine\\\/crowdfunding-ambiente-climate-social-camp\\\/\",\"url\":\"https:\\\/\\\/www.retedeldono.it\\\/magazine\\\/crowdfunding-ambiente-climate-social-camp\\\/\",\"name\":\"Crowdfunding e ambiente, ecco il Climate Social Camp\",\"isPartOf\":{\"@id\":\"https:\\\/\\\/www.retedeldono.it\\\/magazine\\\/#website\"},\"primaryImageOfPage\":{\"@id\":\"https:\\\/\\\/www.retedeldono.it\\\/magazine\\\/crowdfunding-ambiente-climate-social-camp\\\/#primaryimage\"},\"image\":{\"@id\":\"https:\\\/\\\/www.retedeldono.it\\\/magazine\\\/crowdfunding-ambiente-climate-social-camp\\\/#primaryimage\"},\"thumbnailUrl\":\"https:\\\/\\\/magazine.retedeldono.it\\\/wp-content\\\/uploads\\\/2022\\\/07\\\/climate-social-camp.jpg\",\"datePublished\":\"2022-07-21T07:36:30+00:00\",\"dateModified\":\"2022-08-09T07:57:09+00:00\",\"author\":{\"@id\":\"https:\\\/\\\/www.retedeldono.it\\\/magazine\\\/#\\\/schema\\\/person\\\/dd55a2becb70a4059624bae094c03583\"},\"description\":\"Dal 25 al 29 luglio arriva a Torino il Climate Social Camp, il meeting europeo dei Fridays for Future grazie al crowdfunding su Rete del Dono\",\"breadcrumb\":{\"@id\":\"https:\\\/\\\/www.retedeldono.it\\\/magazine\\\/crowdfunding-ambiente-climate-social-camp\\\/#breadcrumb\"},\"inLanguage\":\"it-IT\",\"potentialAction\":[{\"@type\":\"ReadAction\",\"target\":[\"https:\\\/\\\/www.retedeldono.it\\\/magazine\\\/crowdfunding-ambiente-climate-social-camp\\\/\"]}]},{\"@type\":\"ImageObject\",\"inLanguage\":\"it-IT\",\"@id\":\"https:\\\/\\\/www.retedeldono.it\\\/magazine\\\/crowdfunding-ambiente-climate-social-camp\\\/#primaryimage\",\"url\":\"https:\\\/\\\/magazine.retedeldono.it\\\/wp-content\\\/uploads\\\/2022\\\/07\\\/climate-social-camp.jpg\",\"contentUrl\":\"https:\\\/\\\/magazine.retedeldono.it\\\/wp-content\\\/uploads\\\/2022\\\/07\\\/climate-social-camp.jpg\",\"width\":1000,\"height\":700,\"caption\":\"Climate Social Camp Torino\"},{\"@type\":\"BreadcrumbList\",\"@id\":\"https:\\\/\\\/www.retedeldono.it\\\/magazine\\\/crowdfunding-ambiente-climate-social-camp\\\/#breadcrumb\",\"itemListElement\":[{\"@type\":\"ListItem\",\"position\":1,\"name\":\"Home\",\"item\":\"https:\\\/\\\/www.retedeldono.it\\\/magazine\\\/\"},{\"@type\":\"ListItem\",\"position\":2,\"name\":\"Crowdfunding e ambiente, ecco il Climate Social Camp\"}]},{\"@type\":\"WebSite\",\"@id\":\"https:\\\/\\\/www.retedeldono.it\\\/magazine\\\/#website\",\"url\":\"https:\\\/\\\/www.retedeldono.it\\\/magazine\\\/\",\"name\":\"Rete del Dono Magazine\",\"description\":\"Rete del Dono Magazine\",\"potentialAction\":[{\"@type\":\"SearchAction\",\"target\":{\"@type\":\"EntryPoint\",\"urlTemplate\":\"https:\\\/\\\/www.retedeldono.it\\\/magazine\\\/?s={search_term_string}\"},\"query-input\":{\"@type\":\"PropertyValueSpecification\",\"valueRequired\":true,\"valueName\":\"search_term_string\"}}],\"inLanguage\":\"it-IT\"},{\"@type\":\"Person\",\"@id\":\"https:\\\/\\\/www.retedeldono.it\\\/magazine\\\/#\\\/schema\\\/person\\\/dd55a2becb70a4059624bae094c03583\",\"name\":\"Elisa Rosso\",\"image\":{\"@type\":\"ImageObject\",\"inLanguage\":\"it-IT\",\"@id\":\"https:\\\/\\\/secure.gravatar.com\\\/avatar\\\/3aec3818a0581b1c60c2bac3ae3e55d7a00f7084134cbdd18bc732f3d8a8b93f?s=96&d=mm&r=g\",\"url\":\"https:\\\/\\\/secure.gravatar.com\\\/avatar\\\/3aec3818a0581b1c60c2bac3ae3e55d7a00f7084134cbdd18bc732f3d8a8b93f?s=96&d=mm&r=g\",\"contentUrl\":\"https:\\\/\\\/secure.gravatar.com\\\/avatar\\\/3aec3818a0581b1c60c2bac3ae3e55d7a00f7084134cbdd18bc732f3d8a8b93f?s=96&d=mm&r=g\",\"caption\":\"Elisa Rosso\"},\"description\":\"Laureata in Scienze Internazionali e Diplomatiche presso Universit\u00e0 di Torino, lavora da sempre nel non profit e nel sociale con un significativa esperienza nel settore raccolta fondi di grandi e piccole ONP (Amnesty International e NutriAid). Nell\u2019autunno 2016 approda in Rete del Dono, dove si occupa di dare assistenza e consulenza alle ONP e alle Fondazioni per la promozione dei loro progetti e l'ottimizzazione delle campagne di raccolta fondi.\",\"url\":\"https:\\\/\\\/www.retedeldono.it\\\/magazine\\\/author\\\/elisa-rosso\\\/\"}]}<\/script>\n<!-- \/ Yoast SEO plugin. -->","yoast_head_json":{"title":"Crowdfunding e ambiente, ecco il Climate Social Camp","description":"Dal 25 al 29 luglio arriva a Torino il Climate Social Camp, il meeting europeo dei Fridays for Future grazie al crowdfunding su Rete del Dono","robots":{"index":"index","follow":"follow","max-snippet":"max-snippet:-1","max-image-preview":"max-image-preview:large","max-video-preview":"max-video-preview:-1"},"canonical":"https:\/\/www.retedeldono.it\/magazine\/crowdfunding-ambiente-climate-social-camp\/","og_locale":"it_IT","og_type":"article","og_title":"Crowdfunding e ambiente, ecco il Climate Social Camp","og_description":"Dal 25 al 29 luglio arriva a Torino il Climate Social Camp, il meeting europeo dei Fridays for Future grazie al crowdfunding su Rete del Dono","og_url":"https:\/\/www.retedeldono.it\/magazine\/crowdfunding-ambiente-climate-social-camp\/","og_site_name":"Rete del Dono Magazine","article_publisher":"https:\/\/www.facebook.com\/retedeldono\/","article_published_time":"2022-07-21T07:36:30+00:00","article_modified_time":"2022-08-09T07:57:09+00:00","og_image":[{"width":1000,"height":700,"url":"https:\/\/magazine.retedeldono.it\/wp-content\/uploads\/2022\/07\/climate-social-camp.jpg","type":"image\/jpeg"}],"author":"Elisa Rosso","twitter_card":"summary_large_image","twitter_misc":{"Scritto da":"Elisa Rosso","Tempo di lettura stimato":"3 minuti"},"schema":{"@context":"https:\/\/schema.org","@graph":[{"@type":"Article","@id":"https:\/\/www.retedeldono.it\/magazine\/crowdfunding-ambiente-climate-social-camp\/#article","isPartOf":{"@id":"https:\/\/www.retedeldono.it\/magazine\/crowdfunding-ambiente-climate-social-camp\/"},"author":{"name":"Elisa Rosso","@id":"https:\/\/www.retedeldono.it\/magazine\/#\/schema\/person\/dd55a2becb70a4059624bae094c03583"},"headline":"Crowdfunding e ambiente, ecco il Climate Social Camp","datePublished":"2022-07-21T07:36:30+00:00","dateModified":"2022-08-09T07:57:09+00:00","mainEntityOfPage":{"@id":"https:\/\/www.retedeldono.it\/magazine\/crowdfunding-ambiente-climate-social-camp\/"},"wordCount":509,"commentCount":0,"image":{"@id":"https:\/\/www.retedeldono.it\/magazine\/crowdfunding-ambiente-climate-social-camp\/#primaryimage"},"thumbnailUrl":"https:\/\/magazine.retedeldono.it\/wp-content\/uploads\/2022\/07\/climate-social-camp.jpg","articleSection":["Crowdfunding","Sostenibilit\u00e0"],"inLanguage":"it-IT","potentialAction":[{"@type":"CommentAction","name":"Comment","target":["https:\/\/www.retedeldono.it\/magazine\/crowdfunding-ambiente-climate-social-camp\/#respond"]}]},{"@type":"WebPage","@id":"https:\/\/www.retedeldono.it\/magazine\/crowdfunding-ambiente-climate-social-camp\/","url":"https:\/\/www.retedeldono.it\/magazine\/crowdfunding-ambiente-climate-social-camp\/","name":"Crowdfunding e ambiente, ecco il Climate Social Camp","isPartOf":{"@id":"https:\/\/www.retedeldono.it\/magazine\/#website"},"primaryImageOfPage":{"@id":"https:\/\/www.retedeldono.it\/magazine\/crowdfunding-ambiente-climate-social-camp\/#primaryimage"},"image":{"@id":"https:\/\/www.retedeldono.it\/magazine\/crowdfunding-ambiente-climate-social-camp\/#primaryimage"},"thumbnailUrl":"https:\/\/magazine.retedeldono.it\/wp-content\/uploads\/2022\/07\/climate-social-camp.jpg","datePublished":"2022-07-21T07:36:30+00:00","dateModified":"2022-08-09T07:57:09+00:00","author":{"@id":"https:\/\/www.retedeldono.it\/magazine\/#\/schema\/person\/dd55a2becb70a4059624bae094c03583"},"description":"Dal 25 al 29 luglio arriva a Torino il Climate Social Camp, il meeting europeo dei Fridays for Future grazie al crowdfunding su Rete del Dono","breadcrumb":{"@id":"https:\/\/www.retedeldono.it\/magazine\/crowdfunding-ambiente-climate-social-camp\/#breadcrumb"},"inLanguage":"it-IT","potentialAction":[{"@type":"ReadAction","target":["https:\/\/www.retedeldono.it\/magazine\/crowdfunding-ambiente-climate-social-camp\/"]}]},{"@type":"ImageObject","inLanguage":"it-IT","@id":"https:\/\/www.retedeldono.it\/magazine\/crowdfunding-ambiente-climate-social-camp\/#primaryimage","url":"https:\/\/magazine.retedeldono.it\/wp-content\/uploads\/2022\/07\/climate-social-camp.jpg","contentUrl":"https:\/\/magazine.retedeldono.it\/wp-content\/uploads\/2022\/07\/climate-social-camp.jpg","width":1000,"height":700,"caption":"Climate Social Camp Torino"},{"@type":"BreadcrumbList","@id":"https:\/\/www.retedeldono.it\/magazine\/crowdfunding-ambiente-climate-social-camp\/#breadcrumb","itemListElement":[{"@type":"ListItem","position":1,"name":"Home","item":"https:\/\/www.retedeldono.it\/magazine\/"},{"@type":"ListItem","position":2,"name":"Crowdfunding e ambiente, ecco il Climate Social Camp"}]},{"@type":"WebSite","@id":"https:\/\/www.retedeldono.it\/magazine\/#website","url":"https:\/\/www.retedeldono.it\/magazine\/","name":"Rete del Dono Magazine","description":"Rete del Dono Magazine","potentialAction":[{"@type":"SearchAction","target":{"@type":"EntryPoint","urlTemplate":"https:\/\/www.retedeldono.it\/magazine\/?s={search_term_string}"},"query-input":{"@type":"PropertyValueSpecification","valueRequired":true,"valueName":"search_term_string"}}],"inLanguage":"it-IT"},{"@type":"Person","@id":"https:\/\/www.retedeldono.it\/magazine\/#\/schema\/person\/dd55a2becb70a4059624bae094c03583","name":"Elisa Rosso","image":{"@type":"ImageObject","inLanguage":"it-IT","@id":"https:\/\/secure.gravatar.com\/avatar\/3aec3818a0581b1c60c2bac3ae3e55d7a00f7084134cbdd18bc732f3d8a8b93f?s=96&d=mm&r=g","url":"https:\/\/secure.gravatar.com\/avatar\/3aec3818a0581b1c60c2bac3ae3e55d7a00f7084134cbdd18bc732f3d8a8b93f?s=96&d=mm&r=g","contentUrl":"https:\/\/secure.gravatar.com\/avatar\/3aec3818a0581b1c60c2bac3ae3e55d7a00f7084134cbdd18bc732f3d8a8b93f?s=96&d=mm&r=g","caption":"Elisa Rosso"},"description":"Laureata in Scienze Internazionali e Diplomatiche presso Universit\u00e0 di Torino, lavora da sempre nel non profit e nel sociale con un significativa esperienza nel settore raccolta fondi di grandi e piccole ONP (Amnesty International e NutriAid). Nell\u2019autunno 2016 approda in Rete del Dono, dove si occupa di dare assistenza e consulenza alle ONP e alle Fondazioni per la promozione dei loro progetti e l'ottimizzazione delle campagne di raccolta fondi.","url":"https:\/\/www.retedeldono.it\/magazine\/author\/elisa-rosso\/"}]}},"_links":{"self":[{"href":"https:\/\/www.retedeldono.it\/magazine\/wp-json\/wp\/v2\/posts\/1321","targetHints":{"allow":["GET"]}}],"collection":[{"href":"https:\/\/www.retedeldono.it\/magazine\/wp-json\/wp\/v2\/posts"}],"about":[{"href":"https:\/\/www.retedeldono.it\/magazine\/wp-json\/wp\/v2\/types\/post"}],"author":[{"embeddable":true,"href":"https:\/\/www.retedeldono.it\/magazine\/wp-json\/wp\/v2\/users\/11"}],"replies":[{"embeddable":true,"href":"https:\/\/www.retedeldono.it\/magazine\/wp-json\/wp\/v2\/comments?post=1321"}],"version-history":[{"count":0,"href":"https:\/\/www.retedeldono.it\/magazine\/wp-json\/wp\/v2\/posts\/1321\/revisions"}],"wp:featuredmedia":[{"embeddable":true,"href":"https:\/\/www.retedeldono.it\/magazine\/wp-json\/wp\/v2\/media\/1323"}],"wp:attachment":[{"href":"https:\/\/www.retedeldono.it\/magazine\/wp-json\/wp\/v2\/media?parent=1321"}],"wp:term":[{"taxonomy":"category","embeddable":true,"href":"https:\/\/www.retedeldono.it\/magazine\/wp-json\/wp\/v2\/categories?post=1321"},{"taxonomy":"post_tag","embeddable":true,"href":"https:\/\/www.retedeldono.it\/magazine\/wp-json\/wp\/v2\/tags?post=1321"}],"curies":[{"name":"wp","href":"https:\/\/api.w.org\/{rel}","templated":true}]}}