{"id":1364,"date":"2022-08-04T08:10:10","date_gmt":"2022-08-04T08:10:10","guid":{"rendered":"https:\/\/www.retedeldono.it\/magazine\/?p=1364"},"modified":"2024-08-27T09:54:59","modified_gmt":"2024-08-27T09:54:59","slug":"pedalando-per-save-the-children","status":"publish","type":"post","link":"https:\/\/www.retedeldono.it\/magazine\/pedalando-per-save-the-children\/","title":{"rendered":"Pedalando per Save the Children: l\u2019avventura di Antonio"},"content":{"rendered":"<blockquote>\r\n<p><em>Oltre 1.600 chilometri, da Bologna a Lampedusa: \u00e8 l\u2019impresa sportiva di <strong>Antonio Laneve<\/strong>, che in sella alla sua bicicletta ha toccato citt\u00e0 come Firenze, Roma, Napoli e attraversato paesaggi mozzafiato per raccogliere fondi in favore di <strong>Save the Children<\/strong> con la campagna <a href=\"https:\/\/www.retedeldono.it\/it\/iniziative\/save-the-children-italia\/antonio.laneve\/per-la-vita-che-verr%C3%A0\" target=\"_blank\" rel=\"noreferrer noopener\"><strong>Per la vita che verr\u00e0<\/strong><\/a>.<\/em><\/p>\r\n<\/blockquote>\r\n\r\n<p>&nbsp;<\/p>\r\n<h2><strong>Da donatore a Personal Fundraiser<\/strong><\/h2>\r\n\r\n<p>Antonio non \u00e8 nuovo a <a href=\"https:\/\/www.retedeldono.it\/magazine\/raccogliere-fondi-bicicletta\/\" target=\"_blank\" rel=\"noreferrer noopener\"><strong>viaggi in bicicletta<\/strong><\/a>, ma non aveva mai pensato di unirvi una causa solidale: \u201c<em>Sono educatore in una scuola primaria e le cause legate al mondo dell\u2019infanzia mi stanno molto a cuore &#8211; racconta &#8211; Per questo ho deciso di coniugare queste due passioni e percorrere l\u2019Italia sostenendo Save the Children<\/em>\u201d. Un\u2019organizzazione che conosceva da tempo, ma solo come donatore: \u201c<em>Ho sempre voluto fare qualcosa di pi\u00f9 per loro, magari un giorno andr\u00f2 in <strong>missione<\/strong>. Intanto per\u00f2 anche qui si pu\u00f2 fare qualcosa di concreto: \u00e8 stata la prima occasione per me per diventare un po\u2019 un loro volontario<\/em>\u201d.<\/p>\r\n<p>&nbsp;<\/p>\r\n\r\n<h3><strong>Una sfida alla portata di tutti<\/strong><\/h3>\r\n\r\n<p>Cos\u00ec Antonio si \u00e8 lanciato, non sapendo bene da che parte cominciare per aprire una campagna di crowdfunding: \u201c<em>Non sono uno smanettone, per\u00f2 con Rete del Dono mi sono trovato davvero bene. Anche grazie ai vostri consigli: volevo ad esempio fissare un obiettivo di raccolta molto pi\u00f9 basso, e invece mi avete detto di puntare in alto. Ed \u00e8 andata bene! Mi sono reso conto proprio del potere della \u201crete\u201d: sia la diffusione via social, sia l\u2019essere apparso in homepage sulla piattaforma ha giovato alla raccolta. <a href=\"https:\/\/www.retedeldono.it\/personal-fundraising\"><strong>Ora lo posso dire: tutti possono diventare Personal Fundraiser<\/strong><\/a>!<\/em>\u201d.<\/p>\r\n<p>&nbsp;<\/p>\r\n<p style=\"text-align: center;\"><a class=\"wp-block-button__link has-background wp-element-button\" style=\"border-radius: 15px; background-color: #00a8c4;\" href=\"ttps:\/\/www.retedeldono.it\/personal-fundraising#celebrazioni?utm_source=blog&amp;utm_medium=direct&amp;utm_campaign=CTA_terzo_settore_top\">Diventa anche tu Personal Fundraiser<\/a><\/p>\r\n<p>&nbsp;<\/p>\r\n\r\n<h3><strong>Relazioni forti, online e offline<\/strong><\/h3>\r\n\r\n<p>In effetti, con ancora qualche giorno a disposizione, la campagna ha praticamente raggiunto i 4.500 euro coinvolgendo quasi 200 donatori: \u201cHo un giro di conoscenze ampio e in un primo momento, anche prima del viaggio, ho attivato soprattutto le cerchie pi\u00f9 strette tramite WhatsApp e email\u201d. La bont\u00e0 delle relazioni si \u00e8 ben presto trasferita dall\u2019offline all\u2019online: \u201cPoi ho cominciato ad utilizzare <a href=\"https:\/\/www.instagram.com\/antonio_laneve\/\" target=\"_blank\" rel=\"noreferrer noopener\"><strong>Instagram<\/strong><\/a> per aggiornare ogni giorno sul mio percorso: video e immagini per un racconto quotidiano che ha coinvolto molto gli utenti. Si \u00e8 creato un bel passaparola e ho ricevuto molte donazioni da sconosciuti, che magari il giorno dopo ritrovavo come nuovi follower del mio profilo\u201d.<\/p>\r\n<p>&nbsp;<\/p>\r\n\r\n<p><strong>Le donazioni lungo la strada<\/strong><\/p>\r\n\r\n<p>Toccanti le donazioni delle persone appena conosciute lungo il viaggio, cos\u00ec come quelle dei follower: \u201c<em>Qualcuno mi ha scritto che gli sembrava di viaggiare con me e che gli mancheranno i miei video. E poi in ogni tappa ho incontrato qualcuno che ha fatto una donazione, commosso dalla fatica che ci stavo mettendo: a Firenze, a Roma; a Napoli un cameriere ha donato da telefono, di fronte a me, 30 euro; a Catania ha voluto contribuire anche la proprietaria del B&amp;B dove ho dormito<\/em>\u201d.<\/p>\r\n<p>&nbsp;<\/p>\r\n\r\n<p><strong>Personal Fundraiser per sempre<\/strong><\/p>\r\n\r\n<p>\u201c<em>Questa volta rispetto agli altri viaggi ho sentito una motivazione in pi\u00f9 e anche una botta emozionale pazzesca ogni tappa conclusa<\/em>\u201d. Fino all\u2019arrivo, dopo 16 giorni, a Lampedusa: una meta finale scelta non a caso. \u201cUn luogo di una bellezza unica, ma anche al centro di flussi migratori che coinvolgono moltissimi bambini in cerca di un futuro migliore. Lampedusa vuol dire speranza, quella che ho visto negli occhi dei tanti minori ospitati nel centro d\u2019accoglienza\u201d. E gi\u00e0 sul traghetto del ritorno Andrea ha fantasticato sul prossimo viaggio e la prossima raccolta. Arrivederci all\u2019anno prossimo!<\/p>\r\n\r\n<p>&nbsp;<\/p>\r\n<p style=\"text-align: center;\"><a class=\"wp-block-button__link has-background wp-element-button\" style=\"border-radius: 15px; background-color: #00a8c4;\" href=\"ttps:\/\/www.retedeldono.it\/personal-fundraising#celebrazioni?utm_source=blog&amp;utm_medium=direct&amp;utm_campaign=CTA_terzo_settore_top\">Crea la tua raccolta fondi<\/a><\/p>","protected":false},"excerpt":{"rendered":"<p>Oltre 1.600 chilometri, da Bologna a Lampedusa: \u00e8 l\u2019impresa sportiva di Antonio Laneve, che in sella alla sua bicicletta ha toccato citt\u00e0 come Firenze, Roma, Napoli e attraversato paesaggi mozzafiato&#8230;<\/p>\n","protected":false},"author":11,"featured_media":3587,"comment_status":"open","ping_status":"open","sticky":false,"template":"","format":"standard","meta":{"_acf_changed":false,"footnotes":""},"categories":[17],"tags":[],"class_list":{"0":"post-1364","1":"post","2":"type-post","3":"status-publish","4":"format-standard","5":"has-post-thumbnail","7":"category-fundraising"},"acf":{"homepage_rdd":false},"yoast_head":"<!-- This site is optimized with the Yoast SEO plugin v27.5 - https:\/\/yoast.com\/product\/yoast-seo-wordpress\/ -->\n<title>Pedalando per Save the Children: l\u2019avventura di Antonio<\/title>\n<meta name=\"description\" content=\"Oltre 1.600 chilometri, da Bologna a Lampedusa. Antonio pedala solidale per i bambini di Save The Children. Scopri di pi\u00f9.\" \/>\n<meta name=\"robots\" content=\"index, follow, max-snippet:-1, max-image-preview:large, max-video-preview:-1\" \/>\n<link rel=\"canonical\" href=\"https:\/\/www.retedeldono.it\/magazine\/pedalando-per-save-the-children\/\" \/>\n<meta property=\"og:locale\" content=\"it_IT\" \/>\n<meta property=\"og:type\" content=\"article\" \/>\n<meta property=\"og:title\" content=\"Pedalando per Save the Children: l\u2019avventura di Antonio\" \/>\n<meta property=\"og:description\" content=\"Oltre 1.600 chilometri, da Bologna a Lampedusa. Antonio pedala solidale per i bambini di Save The Children. Scopri di pi\u00f9.\" \/>\n<meta property=\"og:url\" content=\"https:\/\/www.retedeldono.it\/magazine\/pedalando-per-save-the-children\/\" \/>\n<meta property=\"og:site_name\" content=\"Rete del Dono Magazine\" \/>\n<meta property=\"article:publisher\" content=\"https:\/\/www.facebook.com\/retedeldono\/\" \/>\n<meta property=\"article:published_time\" content=\"2022-08-04T08:10:10+00:00\" \/>\n<meta property=\"article:modified_time\" content=\"2024-08-27T09:54:59+00:00\" \/>\n<meta property=\"og:image\" content=\"https:\/\/magazine.retedeldono.it\/wp-content\/uploads\/2022\/08\/Antonio-La-Neve-Fundraiser-Solidale-per-Save-The-Children.png\" \/>\n\t<meta property=\"og:image:width\" content=\"1000\" \/>\n\t<meta property=\"og:image:height\" content=\"700\" \/>\n\t<meta property=\"og:image:type\" content=\"image\/png\" \/>\n<meta name=\"author\" content=\"Elisa Rosso\" \/>\n<meta name=\"twitter:card\" content=\"summary_large_image\" \/>\n<meta name=\"twitter:title\" content=\"Pedalando per Save the Children: l\u2019avventura di Antonio\" \/>\n<meta name=\"twitter:description\" content=\"Oltre 1.600 chilometri, da Bologna a Lampedusa. Antonio pedala solidale per i bambini di Save The Children. Scopri di pi\u00f9.\" \/>\n<meta name=\"twitter:image\" content=\"https:\/\/magazine.retedeldono.it\/wp-content\/uploads\/2022\/08\/Antonio-La-Neve-Fundraiser-Solidale-per-Save-The-Children.png\" \/>\n<meta name=\"twitter:label1\" content=\"Scritto da\" \/>\n\t<meta name=\"twitter:data1\" content=\"Elisa Rosso\" \/>\n\t<meta name=\"twitter:label2\" content=\"Tempo di lettura stimato\" \/>\n\t<meta name=\"twitter:data2\" content=\"3 minuti\" \/>\n<script type=\"application\/ld+json\" class=\"yoast-schema-graph\">{\"@context\":\"https:\\\/\\\/schema.org\",\"@graph\":[{\"@type\":\"Article\",\"@id\":\"https:\\\/\\\/www.retedeldono.it\\\/magazine\\\/pedalando-per-save-the-children\\\/#article\",\"isPartOf\":{\"@id\":\"https:\\\/\\\/www.retedeldono.it\\\/magazine\\\/pedalando-per-save-the-children\\\/\"},\"author\":{\"name\":\"Elisa Rosso\",\"@id\":\"https:\\\/\\\/www.retedeldono.it\\\/magazine\\\/#\\\/schema\\\/person\\\/dd55a2becb70a4059624bae094c03583\"},\"headline\":\"Pedalando per Save the Children: l\u2019avventura di Antonio\",\"datePublished\":\"2022-08-04T08:10:10+00:00\",\"dateModified\":\"2024-08-27T09:54:59+00:00\",\"mainEntityOfPage\":{\"@id\":\"https:\\\/\\\/www.retedeldono.it\\\/magazine\\\/pedalando-per-save-the-children\\\/\"},\"wordCount\":582,\"commentCount\":0,\"image\":{\"@id\":\"https:\\\/\\\/www.retedeldono.it\\\/magazine\\\/pedalando-per-save-the-children\\\/#primaryimage\"},\"thumbnailUrl\":\"https:\\\/\\\/magazine.retedeldono.it\\\/wp-content\\\/uploads\\\/2022\\\/08\\\/Antonio-La-Neve-Fundraiser-Solidale-per-Save-The-Children.png\",\"articleSection\":[\"Fundraising\"],\"inLanguage\":\"it-IT\",\"potentialAction\":[{\"@type\":\"CommentAction\",\"name\":\"Comment\",\"target\":[\"https:\\\/\\\/www.retedeldono.it\\\/magazine\\\/pedalando-per-save-the-children\\\/#respond\"]}]},{\"@type\":\"WebPage\",\"@id\":\"https:\\\/\\\/www.retedeldono.it\\\/magazine\\\/pedalando-per-save-the-children\\\/\",\"url\":\"https:\\\/\\\/www.retedeldono.it\\\/magazine\\\/pedalando-per-save-the-children\\\/\",\"name\":\"Pedalando per Save the Children: l\u2019avventura di Antonio\",\"isPartOf\":{\"@id\":\"https:\\\/\\\/www.retedeldono.it\\\/magazine\\\/#website\"},\"primaryImageOfPage\":{\"@id\":\"https:\\\/\\\/www.retedeldono.it\\\/magazine\\\/pedalando-per-save-the-children\\\/#primaryimage\"},\"image\":{\"@id\":\"https:\\\/\\\/www.retedeldono.it\\\/magazine\\\/pedalando-per-save-the-children\\\/#primaryimage\"},\"thumbnailUrl\":\"https:\\\/\\\/magazine.retedeldono.it\\\/wp-content\\\/uploads\\\/2022\\\/08\\\/Antonio-La-Neve-Fundraiser-Solidale-per-Save-The-Children.png\",\"datePublished\":\"2022-08-04T08:10:10+00:00\",\"dateModified\":\"2024-08-27T09:54:59+00:00\",\"author\":{\"@id\":\"https:\\\/\\\/www.retedeldono.it\\\/magazine\\\/#\\\/schema\\\/person\\\/dd55a2becb70a4059624bae094c03583\"},\"description\":\"Oltre 1.600 chilometri, da Bologna a Lampedusa. Antonio pedala solidale per i bambini di Save The Children. Scopri di pi\u00f9.\",\"breadcrumb\":{\"@id\":\"https:\\\/\\\/www.retedeldono.it\\\/magazine\\\/pedalando-per-save-the-children\\\/#breadcrumb\"},\"inLanguage\":\"it-IT\",\"potentialAction\":[{\"@type\":\"ReadAction\",\"target\":[\"https:\\\/\\\/www.retedeldono.it\\\/magazine\\\/pedalando-per-save-the-children\\\/\"]}]},{\"@type\":\"ImageObject\",\"inLanguage\":\"it-IT\",\"@id\":\"https:\\\/\\\/www.retedeldono.it\\\/magazine\\\/pedalando-per-save-the-children\\\/#primaryimage\",\"url\":\"https:\\\/\\\/magazine.retedeldono.it\\\/wp-content\\\/uploads\\\/2022\\\/08\\\/Antonio-La-Neve-Fundraiser-Solidale-per-Save-The-Children.png\",\"contentUrl\":\"https:\\\/\\\/magazine.retedeldono.it\\\/wp-content\\\/uploads\\\/2022\\\/08\\\/Antonio-La-Neve-Fundraiser-Solidale-per-Save-The-Children.png\",\"width\":1000,\"height\":700,\"caption\":\"Antonio La Neve Fundraiser Solidale per Save The Children\"},{\"@type\":\"BreadcrumbList\",\"@id\":\"https:\\\/\\\/www.retedeldono.it\\\/magazine\\\/pedalando-per-save-the-children\\\/#breadcrumb\",\"itemListElement\":[{\"@type\":\"ListItem\",\"position\":1,\"name\":\"Home\",\"item\":\"https:\\\/\\\/www.retedeldono.it\\\/magazine\\\/\"},{\"@type\":\"ListItem\",\"position\":2,\"name\":\"Pedalando per Save the Children: l\u2019avventura di Antonio\"}]},{\"@type\":\"WebSite\",\"@id\":\"https:\\\/\\\/www.retedeldono.it\\\/magazine\\\/#website\",\"url\":\"https:\\\/\\\/www.retedeldono.it\\\/magazine\\\/\",\"name\":\"Rete del Dono Magazine\",\"description\":\"Rete del Dono Magazine\",\"potentialAction\":[{\"@type\":\"SearchAction\",\"target\":{\"@type\":\"EntryPoint\",\"urlTemplate\":\"https:\\\/\\\/www.retedeldono.it\\\/magazine\\\/?s={search_term_string}\"},\"query-input\":{\"@type\":\"PropertyValueSpecification\",\"valueRequired\":true,\"valueName\":\"search_term_string\"}}],\"inLanguage\":\"it-IT\"},{\"@type\":\"Person\",\"@id\":\"https:\\\/\\\/www.retedeldono.it\\\/magazine\\\/#\\\/schema\\\/person\\\/dd55a2becb70a4059624bae094c03583\",\"name\":\"Elisa Rosso\",\"image\":{\"@type\":\"ImageObject\",\"inLanguage\":\"it-IT\",\"@id\":\"https:\\\/\\\/secure.gravatar.com\\\/avatar\\\/3aec3818a0581b1c60c2bac3ae3e55d7a00f7084134cbdd18bc732f3d8a8b93f?s=96&d=mm&r=g\",\"url\":\"https:\\\/\\\/secure.gravatar.com\\\/avatar\\\/3aec3818a0581b1c60c2bac3ae3e55d7a00f7084134cbdd18bc732f3d8a8b93f?s=96&d=mm&r=g\",\"contentUrl\":\"https:\\\/\\\/secure.gravatar.com\\\/avatar\\\/3aec3818a0581b1c60c2bac3ae3e55d7a00f7084134cbdd18bc732f3d8a8b93f?s=96&d=mm&r=g\",\"caption\":\"Elisa Rosso\"},\"description\":\"Laureata in Scienze Internazionali e Diplomatiche presso Universit\u00e0 di Torino, lavora da sempre nel non profit e nel sociale con un significativa esperienza nel settore raccolta fondi di grandi e piccole ONP (Amnesty International e NutriAid). Nell\u2019autunno 2016 approda in Rete del Dono, dove si occupa di dare assistenza e consulenza alle ONP e alle Fondazioni per la promozione dei loro progetti e l'ottimizzazione delle campagne di raccolta fondi.\",\"url\":\"https:\\\/\\\/www.retedeldono.it\\\/magazine\\\/author\\\/elisa-rosso\\\/\"}]}<\/script>\n<!-- \/ Yoast SEO plugin. -->","yoast_head_json":{"title":"Pedalando per Save the Children: l\u2019avventura di Antonio","description":"Oltre 1.600 chilometri, da Bologna a Lampedusa. Antonio pedala solidale per i bambini di Save The Children. Scopri di pi\u00f9.","robots":{"index":"index","follow":"follow","max-snippet":"max-snippet:-1","max-image-preview":"max-image-preview:large","max-video-preview":"max-video-preview:-1"},"canonical":"https:\/\/www.retedeldono.it\/magazine\/pedalando-per-save-the-children\/","og_locale":"it_IT","og_type":"article","og_title":"Pedalando per Save the Children: l\u2019avventura di Antonio","og_description":"Oltre 1.600 chilometri, da Bologna a Lampedusa. Antonio pedala solidale per i bambini di Save The Children. Scopri di pi\u00f9.","og_url":"https:\/\/www.retedeldono.it\/magazine\/pedalando-per-save-the-children\/","og_site_name":"Rete del Dono Magazine","article_publisher":"https:\/\/www.facebook.com\/retedeldono\/","article_published_time":"2022-08-04T08:10:10+00:00","article_modified_time":"2024-08-27T09:54:59+00:00","og_image":[{"width":1000,"height":700,"url":"https:\/\/magazine.retedeldono.it\/wp-content\/uploads\/2022\/08\/Antonio-La-Neve-Fundraiser-Solidale-per-Save-The-Children.png","type":"image\/png"}],"author":"Elisa Rosso","twitter_card":"summary_large_image","twitter_title":"Pedalando per Save the Children: l\u2019avventura di Antonio","twitter_description":"Oltre 1.600 chilometri, da Bologna a Lampedusa. Antonio pedala solidale per i bambini di Save The Children. Scopri di pi\u00f9.","twitter_image":"https:\/\/magazine.retedeldono.it\/wp-content\/uploads\/2022\/08\/Antonio-La-Neve-Fundraiser-Solidale-per-Save-The-Children.png","twitter_misc":{"Scritto da":"Elisa Rosso","Tempo di lettura stimato":"3 minuti"},"schema":{"@context":"https:\/\/schema.org","@graph":[{"@type":"Article","@id":"https:\/\/www.retedeldono.it\/magazine\/pedalando-per-save-the-children\/#article","isPartOf":{"@id":"https:\/\/www.retedeldono.it\/magazine\/pedalando-per-save-the-children\/"},"author":{"name":"Elisa Rosso","@id":"https:\/\/www.retedeldono.it\/magazine\/#\/schema\/person\/dd55a2becb70a4059624bae094c03583"},"headline":"Pedalando per Save the Children: l\u2019avventura di Antonio","datePublished":"2022-08-04T08:10:10+00:00","dateModified":"2024-08-27T09:54:59+00:00","mainEntityOfPage":{"@id":"https:\/\/www.retedeldono.it\/magazine\/pedalando-per-save-the-children\/"},"wordCount":582,"commentCount":0,"image":{"@id":"https:\/\/www.retedeldono.it\/magazine\/pedalando-per-save-the-children\/#primaryimage"},"thumbnailUrl":"https:\/\/magazine.retedeldono.it\/wp-content\/uploads\/2022\/08\/Antonio-La-Neve-Fundraiser-Solidale-per-Save-The-Children.png","articleSection":["Fundraising"],"inLanguage":"it-IT","potentialAction":[{"@type":"CommentAction","name":"Comment","target":["https:\/\/www.retedeldono.it\/magazine\/pedalando-per-save-the-children\/#respond"]}]},{"@type":"WebPage","@id":"https:\/\/www.retedeldono.it\/magazine\/pedalando-per-save-the-children\/","url":"https:\/\/www.retedeldono.it\/magazine\/pedalando-per-save-the-children\/","name":"Pedalando per Save the Children: l\u2019avventura di Antonio","isPartOf":{"@id":"https:\/\/www.retedeldono.it\/magazine\/#website"},"primaryImageOfPage":{"@id":"https:\/\/www.retedeldono.it\/magazine\/pedalando-per-save-the-children\/#primaryimage"},"image":{"@id":"https:\/\/www.retedeldono.it\/magazine\/pedalando-per-save-the-children\/#primaryimage"},"thumbnailUrl":"https:\/\/magazine.retedeldono.it\/wp-content\/uploads\/2022\/08\/Antonio-La-Neve-Fundraiser-Solidale-per-Save-The-Children.png","datePublished":"2022-08-04T08:10:10+00:00","dateModified":"2024-08-27T09:54:59+00:00","author":{"@id":"https:\/\/www.retedeldono.it\/magazine\/#\/schema\/person\/dd55a2becb70a4059624bae094c03583"},"description":"Oltre 1.600 chilometri, da Bologna a Lampedusa. Antonio pedala solidale per i bambini di Save The Children. Scopri di pi\u00f9.","breadcrumb":{"@id":"https:\/\/www.retedeldono.it\/magazine\/pedalando-per-save-the-children\/#breadcrumb"},"inLanguage":"it-IT","potentialAction":[{"@type":"ReadAction","target":["https:\/\/www.retedeldono.it\/magazine\/pedalando-per-save-the-children\/"]}]},{"@type":"ImageObject","inLanguage":"it-IT","@id":"https:\/\/www.retedeldono.it\/magazine\/pedalando-per-save-the-children\/#primaryimage","url":"https:\/\/magazine.retedeldono.it\/wp-content\/uploads\/2022\/08\/Antonio-La-Neve-Fundraiser-Solidale-per-Save-The-Children.png","contentUrl":"https:\/\/magazine.retedeldono.it\/wp-content\/uploads\/2022\/08\/Antonio-La-Neve-Fundraiser-Solidale-per-Save-The-Children.png","width":1000,"height":700,"caption":"Antonio La Neve Fundraiser Solidale per Save The Children"},{"@type":"BreadcrumbList","@id":"https:\/\/www.retedeldono.it\/magazine\/pedalando-per-save-the-children\/#breadcrumb","itemListElement":[{"@type":"ListItem","position":1,"name":"Home","item":"https:\/\/www.retedeldono.it\/magazine\/"},{"@type":"ListItem","position":2,"name":"Pedalando per Save the Children: l\u2019avventura di Antonio"}]},{"@type":"WebSite","@id":"https:\/\/www.retedeldono.it\/magazine\/#website","url":"https:\/\/www.retedeldono.it\/magazine\/","name":"Rete del Dono Magazine","description":"Rete del Dono Magazine","potentialAction":[{"@type":"SearchAction","target":{"@type":"EntryPoint","urlTemplate":"https:\/\/www.retedeldono.it\/magazine\/?s={search_term_string}"},"query-input":{"@type":"PropertyValueSpecification","valueRequired":true,"valueName":"search_term_string"}}],"inLanguage":"it-IT"},{"@type":"Person","@id":"https:\/\/www.retedeldono.it\/magazine\/#\/schema\/person\/dd55a2becb70a4059624bae094c03583","name":"Elisa Rosso","image":{"@type":"ImageObject","inLanguage":"it-IT","@id":"https:\/\/secure.gravatar.com\/avatar\/3aec3818a0581b1c60c2bac3ae3e55d7a00f7084134cbdd18bc732f3d8a8b93f?s=96&d=mm&r=g","url":"https:\/\/secure.gravatar.com\/avatar\/3aec3818a0581b1c60c2bac3ae3e55d7a00f7084134cbdd18bc732f3d8a8b93f?s=96&d=mm&r=g","contentUrl":"https:\/\/secure.gravatar.com\/avatar\/3aec3818a0581b1c60c2bac3ae3e55d7a00f7084134cbdd18bc732f3d8a8b93f?s=96&d=mm&r=g","caption":"Elisa Rosso"},"description":"Laureata in Scienze Internazionali e Diplomatiche presso Universit\u00e0 di Torino, lavora da sempre nel non profit e nel sociale con un significativa esperienza nel settore raccolta fondi di grandi e piccole ONP (Amnesty International e NutriAid). Nell\u2019autunno 2016 approda in Rete del Dono, dove si occupa di dare assistenza e consulenza alle ONP e alle Fondazioni per la promozione dei loro progetti e l'ottimizzazione delle campagne di raccolta fondi.","url":"https:\/\/www.retedeldono.it\/magazine\/author\/elisa-rosso\/"}]}},"_links":{"self":[{"href":"https:\/\/www.retedeldono.it\/magazine\/wp-json\/wp\/v2\/posts\/1364","targetHints":{"allow":["GET"]}}],"collection":[{"href":"https:\/\/www.retedeldono.it\/magazine\/wp-json\/wp\/v2\/posts"}],"about":[{"href":"https:\/\/www.retedeldono.it\/magazine\/wp-json\/wp\/v2\/types\/post"}],"author":[{"embeddable":true,"href":"https:\/\/www.retedeldono.it\/magazine\/wp-json\/wp\/v2\/users\/11"}],"replies":[{"embeddable":true,"href":"https:\/\/www.retedeldono.it\/magazine\/wp-json\/wp\/v2\/comments?post=1364"}],"version-history":[{"count":1,"href":"https:\/\/www.retedeldono.it\/magazine\/wp-json\/wp\/v2\/posts\/1364\/revisions"}],"predecessor-version":[{"id":3588,"href":"https:\/\/www.retedeldono.it\/magazine\/wp-json\/wp\/v2\/posts\/1364\/revisions\/3588"}],"wp:featuredmedia":[{"embeddable":true,"href":"https:\/\/www.retedeldono.it\/magazine\/wp-json\/wp\/v2\/media\/3587"}],"wp:attachment":[{"href":"https:\/\/www.retedeldono.it\/magazine\/wp-json\/wp\/v2\/media?parent=1364"}],"wp:term":[{"taxonomy":"category","embeddable":true,"href":"https:\/\/www.retedeldono.it\/magazine\/wp-json\/wp\/v2\/categories?post=1364"},{"taxonomy":"post_tag","embeddable":true,"href":"https:\/\/www.retedeldono.it\/magazine\/wp-json\/wp\/v2\/tags?post=1364"}],"curies":[{"name":"wp","href":"https:\/\/api.w.org\/{rel}","templated":true}]}}