{"id":1433,"date":"2022-08-25T12:28:10","date_gmt":"2022-08-25T12:28:10","guid":{"rendered":"https:\/\/www.retedeldono.it\/magazine\/?p=1433"},"modified":"2022-11-08T10:15:07","modified_gmt":"2022-11-08T10:15:07","slug":"barcolana-2022-regata-solidale-rete-del-dono","status":"publish","type":"post","link":"https:\/\/www.retedeldono.it\/magazine\/barcolana-2022-regata-solidale-rete-del-dono\/","title":{"rendered":"Barcolana 2022: la regata solidale con Rete del Dono"},"content":{"rendered":"\r\n<p>La regata pi\u00f9 grande del mondo da quest\u2019anno avr\u00e0 il suo <strong>Charity Program<\/strong>. La 54esima edizione della <a href=\"https:\/\/www.barcolana.it\/\" target=\"_blank\" rel=\"noreferrer noopener\"><strong>Barcolana<\/strong><\/a> di Trieste &#8211; che nel 2018 ha fatto registrare la partecipazione da Guinness World Record di ben 2689 imbarcazioni &#8211; permetter\u00e0 ad ogni equipaggio di gareggiare raccogliendo fondi per una causa benefica. In attesa dell\u2019evento del <strong>9 ottobre<\/strong> prossimo, sulla nostra piattaforma ci sono gi\u00e0 alcune campagne attive.<\/p>\r\n\r\n\r\n\r\n<h2 class=\"wp-block-heading\">Ispirati dalla Milano Marathon<\/h2>\r\n\r\n\r\n\r\n<p>\u201cDa triestino e amante della navigazione, partecipo da sempre alla Barcolana &#8211; spiega <strong>Marco Perelli Rocco<\/strong>, tra gli organizzatori della manifestazione &#8211; Dopo aver corso per AIRC la Milano Marathon 2019, ho pensato che avrei dovuto creare un programma charity anche per la nostra regata\u201d.<\/p>\r\n\r\n\r\n\r\n<p>Questo \u00e8 l\u2019anno zero, il primo esperimento; ma Marco \u00e8 convinto che si possa fare bene sin da subito: \u201cHo visto all\u2019opera Rete del Dono e sono super professionisti del fundraising: mettendo insieme i miei e i loro contatti, abbiamo tante organizzazioni non profit accreditate. Ora la sfida \u00e8 trovare gli equipaggi sostenitori, facendo conoscere i progetti e le modalit\u00e0 di donazione\u201d.<\/p>\r\n\r\n\r\n\r\n<h2 class=\"wp-block-heading\">Gli eventi di Barcolana4Charity<\/h2>\r\n\r\n\r\n\r\n<p>Quest\u2019anno alcuni eventi collaterali alla regata avranno un risvolto solidale: \u201cGli organizzatori, tutti volontari, si superano ogni anno con nuove iniziative. Ci sar\u00e0 una cena di gala che destiner\u00e0 parte del ricavato alle associazioni; poi il Villaggio Barcolana, attivo dal 1\u00b0 ottobre e molto visitato, ospiter\u00e0 uno stand dedicato alle organizzazioni dove si potr\u00e0 donare direttamente tramite QR Code. A met\u00e0 settembre si concentreranno le iscrizioni e l\u2019interesse mediatico, che alimenteremo grazie anche a un testimonial come Vasco Vascotto (skipper di Mascalzone Latino e Luna Rossa). Grazie alla sinergia tra sostenitori di associazioni ed equipaggi siamo certo che si creer\u00e0 un effetto a cascata\u201d.<\/p>\r\n\r\n\r\n\r\n<h2 class=\"wp-block-heading\">La campagna Goofy per AIRC<\/h2>\r\n\r\n\r\n\r\n<p>Marco stesso si sta spendendo in prima persona per <a href=\"https:\/\/www.retedeldono.it\/it\/progetti\/fondazione-airc\/insieme-per-airc-nastrorosaairc\" target=\"_blank\" rel=\"noreferrer noopener\"><strong>AIRC<\/strong><\/a>, di cui \u00e8 anche consigliere in Friuli-Venezia Giulia: \u201cIo e mio fratello Pietro gareggeremo con la nostra Goofy e stiamo cominciando ad attivare le cerchie di amici pi\u00f9 stretti. Poi useremo Facebook e Instagram, ma sappiamo di poter contare anche sugli altri membri, velisti con molto seguito. Con noi ci saranno Giuliano Candussi e Maria Vittoria Marchesini, vincitrice di diversi campionati mondiali e nazionali. Speriamo di vivere ancora l\u2019emozione del 2013 &#8211; quando vincemmo la nostra categoria &#8211; e del 2019 quando siamo arrivati primi alla Barcolana by Night, la regata della notte precedente riservata alle classi monotipo Ufo 28, Meteor, Melges 24\u201d.<\/p>\r\n\r\n\r\n\r\n<h2 class=\"wp-block-heading\">I progetti solidali<\/h2>\r\n\r\n\r\n\r\n<p>Sono gi\u00e0 diversi i progetti che si possono sostenere partecipando alla Barcolana 2022. Tra essi <a href=\"https:\/\/www.retedeldono.it\/it\/progetti\/voi-come-noi-aps-per-l'autismo\/promuoviamo-l'autonomia\" target=\"_blank\" rel=\"noreferrer noopener\"><strong>ProMUOVIamol\u2019Autonomia<\/strong><\/a>, che chiede agli equipaggi di diventare un VelAMICO dell\u2019associazione <strong>Voi come Noi per l\u2019autismo <\/strong>per aiutare a realizzare, all&#8217;interno della struttura residenziale per ragazzi con autismo, uno spazio gioco e movimento sicuro e protetto.<\/p>\r\n\r\n\r\n\r\n<p><strong><a href=\"https:\/\/www.retedeldono.it\/it\/progetti\/hattiva-lab-societ%C3%A0-cooperativa-sociale\/la-fabbricotta\" target=\"_blank\" rel=\"noreferrer noopener\">La FabbriCotta<\/a><\/strong> invece chiede di finanziare l\u2019acquisto di nuovo forno per la cottura della ceramica da destinare al laboratorio di produzione di artigianato sociale di <strong>Hattiva Lab Onlus<\/strong>, dove trovano lavoro persone con disabilit\u00e0. <a href=\"https:\/\/www.retedeldono.it\/it\/progetti\/astad-o.d.v.\/bau-vento-astad\" target=\"_blank\" rel=\"noreferrer noopener\"><strong>Bau Vento Astad<\/strong><\/a>, invece, raccoglie fondi per ristrutturare il rifugio di Opicina, un ricovero per animali abbandonati.<\/p>\r\n\r\n\r\n\r\n<h2 class=\"wp-block-heading\">Solidariet\u00e0 con il vento in poppa<\/h2>\r\n\r\n\r\n\r\n<p>Vela e solidariet\u00e0: un binomio che in Italia si crea forse per la prima volta, ma in cui risiedono grandi potenzialit\u00e0. \u201cSi tende a pensare che la nautica sia uno sport di \u00e9lite, ma la Barcolana \u00e8 invece un grande evento popolare: tutti possono gareggiare e il suo tracciato, cos\u00ec vicino ai moli, rende fruibile la regata a migliaia di persone ogni anno. \u00c8 l\u2019occasione perfetta, per un\u2019organizzazione non profit, di raggiungere il grande pubblico e attirare contemporaneamente grandi e medi capitali\u201d.<\/p>\r\n\r\n\r\n\r\n<p>La Barcolana ci dice insomma che non \u00e8 necessario essere grandi armatori per togliersi una soddisfazione sportiva; cos\u00ec come non sono solo i grandi donatori a fare la differenza per una causa solidale.<\/p>\r\n","protected":false},"excerpt":{"rendered":"<p>La regata pi\u00f9 grande del mondo da quest\u2019anno avr\u00e0 il suo Charity Program. La 54esima edizione della Barcolana di Trieste &#8211; che nel 2018 ha fatto registrare la partecipazione da&#8230;<\/p>\n","protected":false},"author":12,"featured_media":1434,"comment_status":"open","ping_status":"open","sticky":false,"template":"","format":"standard","meta":{"_acf_changed":false,"footnotes":""},"categories":[17],"tags":[],"class_list":{"0":"post-1433","1":"post","2":"type-post","3":"status-publish","4":"format-standard","5":"has-post-thumbnail","7":"category-fundraising"},"acf":{"homepage_rdd":false},"yoast_head":"<!-- This site is optimized with the Yoast SEO plugin v27.5 - https:\/\/yoast.com\/product\/yoast-seo-wordpress\/ -->\n<title>Barcolana 2022: la regata solidale con Rete del Dono<\/title>\n<meta name=\"description\" content=\"La 54\u00b0 edizione della Barcolana La regata pi\u00f9 grande del mondo da quest\u2019anno avr\u00e0 il suo Charity Program. Scopriamo le campagne gi\u00e0 attive.\" \/>\n<meta name=\"robots\" content=\"index, follow, max-snippet:-1, max-image-preview:large, max-video-preview:-1\" \/>\n<link rel=\"canonical\" href=\"https:\/\/www.retedeldono.it\/magazine\/barcolana-2022-regata-solidale-rete-del-dono\/\" \/>\n<meta property=\"og:locale\" content=\"it_IT\" \/>\n<meta property=\"og:type\" content=\"article\" \/>\n<meta property=\"og:title\" content=\"Barcolana 2022: la regata solidale con Rete del Dono\" \/>\n<meta property=\"og:description\" content=\"La 54\u00b0 edizione della Barcolana La regata pi\u00f9 grande del mondo da quest\u2019anno avr\u00e0 il suo Charity Program. Scopriamo le campagne gi\u00e0 attive.\" \/>\n<meta property=\"og:url\" content=\"https:\/\/www.retedeldono.it\/magazine\/barcolana-2022-regata-solidale-rete-del-dono\/\" \/>\n<meta property=\"og:site_name\" content=\"Rete del Dono Magazine\" \/>\n<meta property=\"article:publisher\" content=\"https:\/\/www.facebook.com\/retedeldono\/\" \/>\n<meta property=\"article:published_time\" content=\"2022-08-25T12:28:10+00:00\" \/>\n<meta property=\"article:modified_time\" content=\"2022-11-08T10:15:07+00:00\" \/>\n<meta property=\"og:image\" content=\"https:\/\/magazine.retedeldono.it\/wp-content\/uploads\/2022\/08\/barcolana-2022-regata-solidale-rete-del-dono.png\" \/>\n\t<meta property=\"og:image:width\" content=\"1000\" \/>\n\t<meta property=\"og:image:height\" content=\"700\" \/>\n\t<meta property=\"og:image:type\" content=\"image\/png\" \/>\n<meta name=\"author\" content=\"Francesca Gervasoni\" \/>\n<meta name=\"twitter:card\" content=\"summary_large_image\" \/>\n<meta name=\"twitter:label1\" content=\"Scritto da\" \/>\n\t<meta name=\"twitter:data1\" content=\"Francesca Gervasoni\" \/>\n\t<meta name=\"twitter:label2\" content=\"Tempo di lettura stimato\" \/>\n\t<meta name=\"twitter:data2\" content=\"4 minuti\" \/>\n<script type=\"application\/ld+json\" class=\"yoast-schema-graph\">{\"@context\":\"https:\\\/\\\/schema.org\",\"@graph\":[{\"@type\":\"Article\",\"@id\":\"https:\\\/\\\/www.retedeldono.it\\\/magazine\\\/barcolana-2022-regata-solidale-rete-del-dono\\\/#article\",\"isPartOf\":{\"@id\":\"https:\\\/\\\/www.retedeldono.it\\\/magazine\\\/barcolana-2022-regata-solidale-rete-del-dono\\\/\"},\"author\":{\"name\":\"Francesca Gervasoni\",\"@id\":\"https:\\\/\\\/www.retedeldono.it\\\/magazine\\\/#\\\/schema\\\/person\\\/a35c81474fbabc7c769d83f87073545f\"},\"headline\":\"Barcolana 2022: la regata solidale con Rete del Dono\",\"datePublished\":\"2022-08-25T12:28:10+00:00\",\"dateModified\":\"2022-11-08T10:15:07+00:00\",\"mainEntityOfPage\":{\"@id\":\"https:\\\/\\\/www.retedeldono.it\\\/magazine\\\/barcolana-2022-regata-solidale-rete-del-dono\\\/\"},\"wordCount\":634,\"commentCount\":0,\"image\":{\"@id\":\"https:\\\/\\\/www.retedeldono.it\\\/magazine\\\/barcolana-2022-regata-solidale-rete-del-dono\\\/#primaryimage\"},\"thumbnailUrl\":\"https:\\\/\\\/magazine.retedeldono.it\\\/wp-content\\\/uploads\\\/2022\\\/08\\\/barcolana-2022-regata-solidale-rete-del-dono.png\",\"articleSection\":[\"Fundraising\"],\"inLanguage\":\"it-IT\",\"potentialAction\":[{\"@type\":\"CommentAction\",\"name\":\"Comment\",\"target\":[\"https:\\\/\\\/www.retedeldono.it\\\/magazine\\\/barcolana-2022-regata-solidale-rete-del-dono\\\/#respond\"]}]},{\"@type\":\"WebPage\",\"@id\":\"https:\\\/\\\/www.retedeldono.it\\\/magazine\\\/barcolana-2022-regata-solidale-rete-del-dono\\\/\",\"url\":\"https:\\\/\\\/www.retedeldono.it\\\/magazine\\\/barcolana-2022-regata-solidale-rete-del-dono\\\/\",\"name\":\"Barcolana 2022: la regata solidale con Rete del Dono\",\"isPartOf\":{\"@id\":\"https:\\\/\\\/www.retedeldono.it\\\/magazine\\\/#website\"},\"primaryImageOfPage\":{\"@id\":\"https:\\\/\\\/www.retedeldono.it\\\/magazine\\\/barcolana-2022-regata-solidale-rete-del-dono\\\/#primaryimage\"},\"image\":{\"@id\":\"https:\\\/\\\/www.retedeldono.it\\\/magazine\\\/barcolana-2022-regata-solidale-rete-del-dono\\\/#primaryimage\"},\"thumbnailUrl\":\"https:\\\/\\\/magazine.retedeldono.it\\\/wp-content\\\/uploads\\\/2022\\\/08\\\/barcolana-2022-regata-solidale-rete-del-dono.png\",\"datePublished\":\"2022-08-25T12:28:10+00:00\",\"dateModified\":\"2022-11-08T10:15:07+00:00\",\"author\":{\"@id\":\"https:\\\/\\\/www.retedeldono.it\\\/magazine\\\/#\\\/schema\\\/person\\\/a35c81474fbabc7c769d83f87073545f\"},\"description\":\"La 54\u00b0 edizione della Barcolana La regata pi\u00f9 grande del mondo da quest\u2019anno avr\u00e0 il suo Charity Program. Scopriamo le campagne gi\u00e0 attive.\",\"breadcrumb\":{\"@id\":\"https:\\\/\\\/www.retedeldono.it\\\/magazine\\\/barcolana-2022-regata-solidale-rete-del-dono\\\/#breadcrumb\"},\"inLanguage\":\"it-IT\",\"potentialAction\":[{\"@type\":\"ReadAction\",\"target\":[\"https:\\\/\\\/www.retedeldono.it\\\/magazine\\\/barcolana-2022-regata-solidale-rete-del-dono\\\/\"]}]},{\"@type\":\"ImageObject\",\"inLanguage\":\"it-IT\",\"@id\":\"https:\\\/\\\/www.retedeldono.it\\\/magazine\\\/barcolana-2022-regata-solidale-rete-del-dono\\\/#primaryimage\",\"url\":\"https:\\\/\\\/magazine.retedeldono.it\\\/wp-content\\\/uploads\\\/2022\\\/08\\\/barcolana-2022-regata-solidale-rete-del-dono.png\",\"contentUrl\":\"https:\\\/\\\/magazine.retedeldono.it\\\/wp-content\\\/uploads\\\/2022\\\/08\\\/barcolana-2022-regata-solidale-rete-del-dono.png\",\"width\":1000,\"height\":700},{\"@type\":\"BreadcrumbList\",\"@id\":\"https:\\\/\\\/www.retedeldono.it\\\/magazine\\\/barcolana-2022-regata-solidale-rete-del-dono\\\/#breadcrumb\",\"itemListElement\":[{\"@type\":\"ListItem\",\"position\":1,\"name\":\"Home\",\"item\":\"https:\\\/\\\/www.retedeldono.it\\\/magazine\\\/\"},{\"@type\":\"ListItem\",\"position\":2,\"name\":\"Barcolana 2022: la regata solidale con Rete del Dono\"}]},{\"@type\":\"WebSite\",\"@id\":\"https:\\\/\\\/www.retedeldono.it\\\/magazine\\\/#website\",\"url\":\"https:\\\/\\\/www.retedeldono.it\\\/magazine\\\/\",\"name\":\"Rete del Dono Magazine\",\"description\":\"Rete del Dono Magazine\",\"potentialAction\":[{\"@type\":\"SearchAction\",\"target\":{\"@type\":\"EntryPoint\",\"urlTemplate\":\"https:\\\/\\\/www.retedeldono.it\\\/magazine\\\/?s={search_term_string}\"},\"query-input\":{\"@type\":\"PropertyValueSpecification\",\"valueRequired\":true,\"valueName\":\"search_term_string\"}}],\"inLanguage\":\"it-IT\"},{\"@type\":\"Person\",\"@id\":\"https:\\\/\\\/www.retedeldono.it\\\/magazine\\\/#\\\/schema\\\/person\\\/a35c81474fbabc7c769d83f87073545f\",\"name\":\"Francesca Gervasoni\",\"image\":{\"@type\":\"ImageObject\",\"inLanguage\":\"it-IT\",\"@id\":\"https:\\\/\\\/secure.gravatar.com\\\/avatar\\\/1825a523f3047a4b9194721a85cdea28f936ebf51e16a49a9e6504a59c37d892?s=96&d=mm&r=g\",\"url\":\"https:\\\/\\\/secure.gravatar.com\\\/avatar\\\/1825a523f3047a4b9194721a85cdea28f936ebf51e16a49a9e6504a59c37d892?s=96&d=mm&r=g\",\"contentUrl\":\"https:\\\/\\\/secure.gravatar.com\\\/avatar\\\/1825a523f3047a4b9194721a85cdea28f936ebf51e16a49a9e6504a59c37d892?s=96&d=mm&r=g\",\"caption\":\"Francesca Gervasoni\"},\"description\":\"Laureata in Filosofia presso Universit\u00e0 degli studi di Milano, ha un\u2019esperienza di 15 anni nel mondo delle agenzie di comunicazione per il mondo profit. Nel 2012 cambia vita e approda su Rete del Dono, dove mette in pratica quello che ha imparato nella precedente vita professionale, per aiutare ONP e aziende ad attivare campagne di raccolta fondi non profit. In Rete del Dono, ricopre il ruolo di Head of Charity Program e si occupa dei rapporti con le aziende.\",\"url\":\"https:\\\/\\\/www.retedeldono.it\\\/magazine\\\/author\\\/francesca-gervasoni\\\/\"}]}<\/script>\n<!-- \/ Yoast SEO plugin. -->","yoast_head_json":{"title":"Barcolana 2022: la regata solidale con Rete del Dono","description":"La 54\u00b0 edizione della Barcolana La regata pi\u00f9 grande del mondo da quest\u2019anno avr\u00e0 il suo Charity Program. Scopriamo le campagne gi\u00e0 attive.","robots":{"index":"index","follow":"follow","max-snippet":"max-snippet:-1","max-image-preview":"max-image-preview:large","max-video-preview":"max-video-preview:-1"},"canonical":"https:\/\/www.retedeldono.it\/magazine\/barcolana-2022-regata-solidale-rete-del-dono\/","og_locale":"it_IT","og_type":"article","og_title":"Barcolana 2022: la regata solidale con Rete del Dono","og_description":"La 54\u00b0 edizione della Barcolana La regata pi\u00f9 grande del mondo da quest\u2019anno avr\u00e0 il suo Charity Program. Scopriamo le campagne gi\u00e0 attive.","og_url":"https:\/\/www.retedeldono.it\/magazine\/barcolana-2022-regata-solidale-rete-del-dono\/","og_site_name":"Rete del Dono Magazine","article_publisher":"https:\/\/www.facebook.com\/retedeldono\/","article_published_time":"2022-08-25T12:28:10+00:00","article_modified_time":"2022-11-08T10:15:07+00:00","og_image":[{"width":1000,"height":700,"url":"https:\/\/magazine.retedeldono.it\/wp-content\/uploads\/2022\/08\/barcolana-2022-regata-solidale-rete-del-dono.png","type":"image\/png"}],"author":"Francesca Gervasoni","twitter_card":"summary_large_image","twitter_misc":{"Scritto da":"Francesca Gervasoni","Tempo di lettura stimato":"4 minuti"},"schema":{"@context":"https:\/\/schema.org","@graph":[{"@type":"Article","@id":"https:\/\/www.retedeldono.it\/magazine\/barcolana-2022-regata-solidale-rete-del-dono\/#article","isPartOf":{"@id":"https:\/\/www.retedeldono.it\/magazine\/barcolana-2022-regata-solidale-rete-del-dono\/"},"author":{"name":"Francesca Gervasoni","@id":"https:\/\/www.retedeldono.it\/magazine\/#\/schema\/person\/a35c81474fbabc7c769d83f87073545f"},"headline":"Barcolana 2022: la regata solidale con Rete del Dono","datePublished":"2022-08-25T12:28:10+00:00","dateModified":"2022-11-08T10:15:07+00:00","mainEntityOfPage":{"@id":"https:\/\/www.retedeldono.it\/magazine\/barcolana-2022-regata-solidale-rete-del-dono\/"},"wordCount":634,"commentCount":0,"image":{"@id":"https:\/\/www.retedeldono.it\/magazine\/barcolana-2022-regata-solidale-rete-del-dono\/#primaryimage"},"thumbnailUrl":"https:\/\/magazine.retedeldono.it\/wp-content\/uploads\/2022\/08\/barcolana-2022-regata-solidale-rete-del-dono.png","articleSection":["Fundraising"],"inLanguage":"it-IT","potentialAction":[{"@type":"CommentAction","name":"Comment","target":["https:\/\/www.retedeldono.it\/magazine\/barcolana-2022-regata-solidale-rete-del-dono\/#respond"]}]},{"@type":"WebPage","@id":"https:\/\/www.retedeldono.it\/magazine\/barcolana-2022-regata-solidale-rete-del-dono\/","url":"https:\/\/www.retedeldono.it\/magazine\/barcolana-2022-regata-solidale-rete-del-dono\/","name":"Barcolana 2022: la regata solidale con Rete del Dono","isPartOf":{"@id":"https:\/\/www.retedeldono.it\/magazine\/#website"},"primaryImageOfPage":{"@id":"https:\/\/www.retedeldono.it\/magazine\/barcolana-2022-regata-solidale-rete-del-dono\/#primaryimage"},"image":{"@id":"https:\/\/www.retedeldono.it\/magazine\/barcolana-2022-regata-solidale-rete-del-dono\/#primaryimage"},"thumbnailUrl":"https:\/\/magazine.retedeldono.it\/wp-content\/uploads\/2022\/08\/barcolana-2022-regata-solidale-rete-del-dono.png","datePublished":"2022-08-25T12:28:10+00:00","dateModified":"2022-11-08T10:15:07+00:00","author":{"@id":"https:\/\/www.retedeldono.it\/magazine\/#\/schema\/person\/a35c81474fbabc7c769d83f87073545f"},"description":"La 54\u00b0 edizione della Barcolana La regata pi\u00f9 grande del mondo da quest\u2019anno avr\u00e0 il suo Charity Program. Scopriamo le campagne gi\u00e0 attive.","breadcrumb":{"@id":"https:\/\/www.retedeldono.it\/magazine\/barcolana-2022-regata-solidale-rete-del-dono\/#breadcrumb"},"inLanguage":"it-IT","potentialAction":[{"@type":"ReadAction","target":["https:\/\/www.retedeldono.it\/magazine\/barcolana-2022-regata-solidale-rete-del-dono\/"]}]},{"@type":"ImageObject","inLanguage":"it-IT","@id":"https:\/\/www.retedeldono.it\/magazine\/barcolana-2022-regata-solidale-rete-del-dono\/#primaryimage","url":"https:\/\/magazine.retedeldono.it\/wp-content\/uploads\/2022\/08\/barcolana-2022-regata-solidale-rete-del-dono.png","contentUrl":"https:\/\/magazine.retedeldono.it\/wp-content\/uploads\/2022\/08\/barcolana-2022-regata-solidale-rete-del-dono.png","width":1000,"height":700},{"@type":"BreadcrumbList","@id":"https:\/\/www.retedeldono.it\/magazine\/barcolana-2022-regata-solidale-rete-del-dono\/#breadcrumb","itemListElement":[{"@type":"ListItem","position":1,"name":"Home","item":"https:\/\/www.retedeldono.it\/magazine\/"},{"@type":"ListItem","position":2,"name":"Barcolana 2022: la regata solidale con Rete del Dono"}]},{"@type":"WebSite","@id":"https:\/\/www.retedeldono.it\/magazine\/#website","url":"https:\/\/www.retedeldono.it\/magazine\/","name":"Rete del Dono Magazine","description":"Rete del Dono Magazine","potentialAction":[{"@type":"SearchAction","target":{"@type":"EntryPoint","urlTemplate":"https:\/\/www.retedeldono.it\/magazine\/?s={search_term_string}"},"query-input":{"@type":"PropertyValueSpecification","valueRequired":true,"valueName":"search_term_string"}}],"inLanguage":"it-IT"},{"@type":"Person","@id":"https:\/\/www.retedeldono.it\/magazine\/#\/schema\/person\/a35c81474fbabc7c769d83f87073545f","name":"Francesca Gervasoni","image":{"@type":"ImageObject","inLanguage":"it-IT","@id":"https:\/\/secure.gravatar.com\/avatar\/1825a523f3047a4b9194721a85cdea28f936ebf51e16a49a9e6504a59c37d892?s=96&d=mm&r=g","url":"https:\/\/secure.gravatar.com\/avatar\/1825a523f3047a4b9194721a85cdea28f936ebf51e16a49a9e6504a59c37d892?s=96&d=mm&r=g","contentUrl":"https:\/\/secure.gravatar.com\/avatar\/1825a523f3047a4b9194721a85cdea28f936ebf51e16a49a9e6504a59c37d892?s=96&d=mm&r=g","caption":"Francesca Gervasoni"},"description":"Laureata in Filosofia presso Universit\u00e0 degli studi di Milano, ha un\u2019esperienza di 15 anni nel mondo delle agenzie di comunicazione per il mondo profit. Nel 2012 cambia vita e approda su Rete del Dono, dove mette in pratica quello che ha imparato nella precedente vita professionale, per aiutare ONP e aziende ad attivare campagne di raccolta fondi non profit. In Rete del Dono, ricopre il ruolo di Head of Charity Program e si occupa dei rapporti con le aziende.","url":"https:\/\/www.retedeldono.it\/magazine\/author\/francesca-gervasoni\/"}]}},"_links":{"self":[{"href":"https:\/\/www.retedeldono.it\/magazine\/wp-json\/wp\/v2\/posts\/1433","targetHints":{"allow":["GET"]}}],"collection":[{"href":"https:\/\/www.retedeldono.it\/magazine\/wp-json\/wp\/v2\/posts"}],"about":[{"href":"https:\/\/www.retedeldono.it\/magazine\/wp-json\/wp\/v2\/types\/post"}],"author":[{"embeddable":true,"href":"https:\/\/www.retedeldono.it\/magazine\/wp-json\/wp\/v2\/users\/12"}],"replies":[{"embeddable":true,"href":"https:\/\/www.retedeldono.it\/magazine\/wp-json\/wp\/v2\/comments?post=1433"}],"version-history":[{"count":0,"href":"https:\/\/www.retedeldono.it\/magazine\/wp-json\/wp\/v2\/posts\/1433\/revisions"}],"wp:featuredmedia":[{"embeddable":true,"href":"https:\/\/www.retedeldono.it\/magazine\/wp-json\/wp\/v2\/media\/1434"}],"wp:attachment":[{"href":"https:\/\/www.retedeldono.it\/magazine\/wp-json\/wp\/v2\/media?parent=1433"}],"wp:term":[{"taxonomy":"category","embeddable":true,"href":"https:\/\/www.retedeldono.it\/magazine\/wp-json\/wp\/v2\/categories?post=1433"},{"taxonomy":"post_tag","embeddable":true,"href":"https:\/\/www.retedeldono.it\/magazine\/wp-json\/wp\/v2\/tags?post=1433"}],"curies":[{"name":"wp","href":"https:\/\/api.w.org\/{rel}","templated":true}]}}