{"id":1455,"date":"2022-09-01T11:37:00","date_gmt":"2022-09-01T11:37:00","guid":{"rendered":"https:\/\/www.retedeldono.it\/magazine\/?p=1455"},"modified":"2022-10-03T08:56:14","modified_gmt":"2022-10-03T08:56:14","slug":"bici-rotta-balcanica-raccogliendo-fondi-unicef","status":"publish","type":"post","link":"https:\/\/www.retedeldono.it\/magazine\/bici-rotta-balcanica-raccogliendo-fondi-unicef\/","title":{"rendered":"In bici sulla Rotta Balcanica, raccogliendo fondi per Unicef"},"content":{"rendered":"\n<p>Percorrere a ritroso il viaggio di tantissimi profughi che fuggono da guerra e povert\u00e0: \u00e8 l\u2019idea che \u00e8 venuta a Giovanni Longo, medico e cicloturista che ha deciso per la prima volta di unire una sua \u201cimpresa\u201d sulle due ruote a una causa umanitaria. Quella di&nbsp;<strong>Unicef<\/strong>, con la campagna&nbsp;<a href=\"https:\/\/www.retedeldono.it\/iniziative\/unicef-italia\/giovanni.longo\/in-sella-per-la-felicit%C3%A0\" target=\"_blank\" rel=\"noreferrer noopener\"><strong>In sella per la felicit\u00e0<\/strong><\/a>.<\/p>\n\n\n\n<h2 class=\"wp-block-heading\">Un aiuto concreto<\/h2>\n\n\n\n<p>\u201cFaccio viaggi in bici da 10 anni, ma fino ad oggi non mi ero mai interessato a dare una connotazione sociale alle mie sfide sportive \u2013 racconta Giovanni \u2013 Notavo che tante volte si trattava di indossare una maglietta per sensibilizzare verso l\u2019una o l\u2019altra causa, ma non mi sembrava un modo concreto di attivarmi\u201d. Poi ha scoperto la possibilit\u00e0 di diventare <strong><a href=\"https:\/\/www.retedeldono.it\/landing\/raccoglifondianchetu\" target=\"_blank\" rel=\"noreferrer noopener\">Personal Fundraiser<\/a>,<\/strong> e le cose sono cambiate: \u201cTrasformare questo viaggio in un\u2019iniziativa umanitaria, con una raccolta fondi, \u00e8 per me l\u2019unico modo per lasciare davvero un impatto in un\u2019emergenza di fronte alla quale mi sentirei altrimenti impotente\u201d.<\/p>\n\n\n\n<h2 class=\"wp-block-heading\">Per non dimenticare le guerre in Siria e Afghanistan<\/h2>\n\n\n\n<p>Cos\u00ec Giovanni sta pedalando da&nbsp;Venezia a Istanbul (2000 km in poco meno di 2 settimane) attraverso le stesse strade che percorrono i migranti Siriani e Afgani, popoli che ogni anno si piazzano all\u2019ultimo posto del&nbsp;World Happiness Report, la ricerca delle Nazioni Unite sulla felicit\u00e0 dei Paesi del mondo. \u201cAvevo gi\u00e0 in mente di raggiungere Istanbul, ma farlo seguendo la Rotta Balcanica aggiunge un senso in pi\u00f9 al mio andare. La scelta di Unicef? Perch\u00e9 per essere credibile devo chiedere alle persone di sostenere una realt\u00e0 trasparente e di cui io per primo ho fiducia\u201d.<\/p>\n\n\n\n<h2 class=\"wp-block-heading\">Il potere delle due ruote<\/h2>\n\n\n\n<p>Sono gi\u00e0 molti i messaggi di sostegno, anche inattesi: \u201cMi ha colpito quello di un mio professore delle superiori e la donazione di una mia ex compagna di banco. Mi sento pi\u00f9 carico rispetto al solito, questa volta quelle che in fondo sono le mie ferie hanno una dimensione pubblica: a fine giornata metter\u00f2 sempre un aggiornamento sui social.&nbsp;<strong><a href=\"https:\/\/www.retedeldono.it\/it\/ciclismo-solidale\" target=\"_blank\" rel=\"noreferrer noopener\">Raccogliere fondi in bicicletta<\/a><\/strong>&nbsp;funziona perch\u00e9 la difficolt\u00e0 dell\u2019impresa incuriosisce, emoziona e ispira le persone ad agire\u201d. Perch\u00e9 il sudore versato in sella ricorda che, per dare il proprio contributo, un po\u2019 bisogna faticare. Giovanni ci mette gambe e cuore, noi solo qualche euro.<\/p>\n\n\n\n<p class=\"has-text-align-center\"><strong><a href=\"https:\/\/www.retedeldono.it\/it\/ciclismo-solidale\" target=\"_blank\" rel=\"noreferrer noopener\">CREA LA TUA RACCOLTA<\/a><\/strong><\/p>\n","protected":false},"excerpt":{"rendered":"<p>Percorrere a ritroso il viaggio di tantissimi profughi che fuggono da guerra e povert\u00e0: \u00e8 l\u2019idea che \u00e8 venuta a Giovanni Longo, medico e cicloturista che ha deciso per la&#8230;<\/p>\n","protected":false},"author":7,"featured_media":1456,"comment_status":"open","ping_status":"open","sticky":true,"template":"","format":"standard","meta":{"_acf_changed":false,"footnotes":""},"categories":[17],"tags":[],"class_list":{"0":"post-1455","1":"post","2":"type-post","3":"status-publish","4":"format-standard","5":"has-post-thumbnail","7":"category-fundraising"},"acf":{"homepage_rdd":false},"yoast_head":"<!-- This site is optimized with the Yoast SEO plugin v27.5 - https:\/\/yoast.com\/product\/yoast-seo-wordpress\/ -->\n<title>In bici sulla Rotta Balcanica, raccogliendo fondi per Unicef<\/title>\n<meta name=\"description\" content=\"Percorrere a ritroso il viaggio di tantissimi profughi che fuggono da guerra e povert\u00e0: l\u2019idea di Giovanni Longo, medico e ciclista solidale.\" \/>\n<meta name=\"robots\" content=\"index, follow, max-snippet:-1, max-image-preview:large, max-video-preview:-1\" \/>\n<link rel=\"canonical\" href=\"https:\/\/www.retedeldono.it\/magazine\/bici-rotta-balcanica-raccogliendo-fondi-unicef\/\" \/>\n<meta property=\"og:locale\" content=\"it_IT\" \/>\n<meta property=\"og:type\" content=\"article\" \/>\n<meta property=\"og:title\" content=\"In bici sulla Rotta Balcanica, raccogliendo fondi per Unicef\" \/>\n<meta property=\"og:description\" content=\"Percorrere a ritroso il viaggio di tantissimi profughi che fuggono da guerra e povert\u00e0: l\u2019idea di Giovanni Longo, medico e ciclista solidale.\" \/>\n<meta property=\"og:url\" content=\"https:\/\/www.retedeldono.it\/magazine\/bici-rotta-balcanica-raccogliendo-fondi-unicef\/\" \/>\n<meta property=\"og:site_name\" content=\"Rete del Dono Magazine\" \/>\n<meta property=\"article:publisher\" content=\"https:\/\/www.facebook.com\/retedeldono\/\" \/>\n<meta property=\"article:published_time\" content=\"2022-09-01T11:37:00+00:00\" \/>\n<meta property=\"article:modified_time\" content=\"2022-10-03T08:56:14+00:00\" \/>\n<meta property=\"og:image\" content=\"https:\/\/magazine.retedeldono.it\/wp-content\/uploads\/2022\/08\/bici-rotta-balcanica-raccogliendo-fondi-unicef.png\" \/>\n\t<meta property=\"og:image:width\" content=\"1000\" \/>\n\t<meta property=\"og:image:height\" content=\"700\" \/>\n\t<meta property=\"og:image:type\" content=\"image\/png\" \/>\n<meta name=\"author\" content=\"Aldo Lubrani\" \/>\n<meta name=\"twitter:card\" content=\"summary_large_image\" \/>\n<meta name=\"twitter:label1\" content=\"Scritto da\" \/>\n\t<meta name=\"twitter:data1\" content=\"Aldo Lubrani\" \/>\n\t<meta name=\"twitter:label2\" content=\"Tempo di lettura stimato\" \/>\n\t<meta name=\"twitter:data2\" content=\"2 minuti\" \/>\n<script type=\"application\/ld+json\" class=\"yoast-schema-graph\">{\"@context\":\"https:\\\/\\\/schema.org\",\"@graph\":[{\"@type\":\"Article\",\"@id\":\"https:\\\/\\\/www.retedeldono.it\\\/magazine\\\/bici-rotta-balcanica-raccogliendo-fondi-unicef\\\/#article\",\"isPartOf\":{\"@id\":\"https:\\\/\\\/www.retedeldono.it\\\/magazine\\\/bici-rotta-balcanica-raccogliendo-fondi-unicef\\\/\"},\"author\":{\"name\":\"Aldo Lubrani\",\"@id\":\"https:\\\/\\\/www.retedeldono.it\\\/magazine\\\/#\\\/schema\\\/person\\\/19118fc3b527ea22d276cc2b446f7353\"},\"headline\":\"In bici sulla Rotta Balcanica, raccogliendo fondi per Unicef\",\"datePublished\":\"2022-09-01T11:37:00+00:00\",\"dateModified\":\"2022-10-03T08:56:14+00:00\",\"mainEntityOfPage\":{\"@id\":\"https:\\\/\\\/www.retedeldono.it\\\/magazine\\\/bici-rotta-balcanica-raccogliendo-fondi-unicef\\\/\"},\"wordCount\":389,\"commentCount\":0,\"image\":{\"@id\":\"https:\\\/\\\/www.retedeldono.it\\\/magazine\\\/bici-rotta-balcanica-raccogliendo-fondi-unicef\\\/#primaryimage\"},\"thumbnailUrl\":\"https:\\\/\\\/magazine.retedeldono.it\\\/wp-content\\\/uploads\\\/2022\\\/08\\\/bici-rotta-balcanica-raccogliendo-fondi-unicef.png\",\"articleSection\":[\"Fundraising\"],\"inLanguage\":\"it-IT\",\"potentialAction\":[{\"@type\":\"CommentAction\",\"name\":\"Comment\",\"target\":[\"https:\\\/\\\/www.retedeldono.it\\\/magazine\\\/bici-rotta-balcanica-raccogliendo-fondi-unicef\\\/#respond\"]}]},{\"@type\":\"WebPage\",\"@id\":\"https:\\\/\\\/www.retedeldono.it\\\/magazine\\\/bici-rotta-balcanica-raccogliendo-fondi-unicef\\\/\",\"url\":\"https:\\\/\\\/www.retedeldono.it\\\/magazine\\\/bici-rotta-balcanica-raccogliendo-fondi-unicef\\\/\",\"name\":\"In bici sulla Rotta Balcanica, raccogliendo fondi per Unicef\",\"isPartOf\":{\"@id\":\"https:\\\/\\\/www.retedeldono.it\\\/magazine\\\/#website\"},\"primaryImageOfPage\":{\"@id\":\"https:\\\/\\\/www.retedeldono.it\\\/magazine\\\/bici-rotta-balcanica-raccogliendo-fondi-unicef\\\/#primaryimage\"},\"image\":{\"@id\":\"https:\\\/\\\/www.retedeldono.it\\\/magazine\\\/bici-rotta-balcanica-raccogliendo-fondi-unicef\\\/#primaryimage\"},\"thumbnailUrl\":\"https:\\\/\\\/magazine.retedeldono.it\\\/wp-content\\\/uploads\\\/2022\\\/08\\\/bici-rotta-balcanica-raccogliendo-fondi-unicef.png\",\"datePublished\":\"2022-09-01T11:37:00+00:00\",\"dateModified\":\"2022-10-03T08:56:14+00:00\",\"author\":{\"@id\":\"https:\\\/\\\/www.retedeldono.it\\\/magazine\\\/#\\\/schema\\\/person\\\/19118fc3b527ea22d276cc2b446f7353\"},\"description\":\"Percorrere a ritroso il viaggio di tantissimi profughi che fuggono da guerra e povert\u00e0: l\u2019idea di Giovanni Longo, medico e ciclista solidale.\",\"breadcrumb\":{\"@id\":\"https:\\\/\\\/www.retedeldono.it\\\/magazine\\\/bici-rotta-balcanica-raccogliendo-fondi-unicef\\\/#breadcrumb\"},\"inLanguage\":\"it-IT\",\"potentialAction\":[{\"@type\":\"ReadAction\",\"target\":[\"https:\\\/\\\/www.retedeldono.it\\\/magazine\\\/bici-rotta-balcanica-raccogliendo-fondi-unicef\\\/\"]}]},{\"@type\":\"ImageObject\",\"inLanguage\":\"it-IT\",\"@id\":\"https:\\\/\\\/www.retedeldono.it\\\/magazine\\\/bici-rotta-balcanica-raccogliendo-fondi-unicef\\\/#primaryimage\",\"url\":\"https:\\\/\\\/magazine.retedeldono.it\\\/wp-content\\\/uploads\\\/2022\\\/08\\\/bici-rotta-balcanica-raccogliendo-fondi-unicef.png\",\"contentUrl\":\"https:\\\/\\\/magazine.retedeldono.it\\\/wp-content\\\/uploads\\\/2022\\\/08\\\/bici-rotta-balcanica-raccogliendo-fondi-unicef.png\",\"width\":1000,\"height\":700,\"caption\":\"Rete del Dono Unicef Bici Rotta Balcanica Raccolta Fondi Personal Fundraising\"},{\"@type\":\"BreadcrumbList\",\"@id\":\"https:\\\/\\\/www.retedeldono.it\\\/magazine\\\/bici-rotta-balcanica-raccogliendo-fondi-unicef\\\/#breadcrumb\",\"itemListElement\":[{\"@type\":\"ListItem\",\"position\":1,\"name\":\"Home\",\"item\":\"https:\\\/\\\/www.retedeldono.it\\\/magazine\\\/\"},{\"@type\":\"ListItem\",\"position\":2,\"name\":\"In bici sulla Rotta Balcanica, raccogliendo fondi per Unicef\"}]},{\"@type\":\"WebSite\",\"@id\":\"https:\\\/\\\/www.retedeldono.it\\\/magazine\\\/#website\",\"url\":\"https:\\\/\\\/www.retedeldono.it\\\/magazine\\\/\",\"name\":\"Rete del Dono Magazine\",\"description\":\"Rete del Dono Magazine\",\"potentialAction\":[{\"@type\":\"SearchAction\",\"target\":{\"@type\":\"EntryPoint\",\"urlTemplate\":\"https:\\\/\\\/www.retedeldono.it\\\/magazine\\\/?s={search_term_string}\"},\"query-input\":{\"@type\":\"PropertyValueSpecification\",\"valueRequired\":true,\"valueName\":\"search_term_string\"}}],\"inLanguage\":\"it-IT\"},{\"@type\":\"Person\",\"@id\":\"https:\\\/\\\/www.retedeldono.it\\\/magazine\\\/#\\\/schema\\\/person\\\/19118fc3b527ea22d276cc2b446f7353\",\"name\":\"Aldo Lubrani\",\"image\":{\"@type\":\"ImageObject\",\"inLanguage\":\"it-IT\",\"@id\":\"https:\\\/\\\/secure.gravatar.com\\\/avatar\\\/e948991b445298d4342a4a232b29e90adbf8a4af10151e265f6e6f3e9a10f68c?s=96&d=mm&r=g\",\"url\":\"https:\\\/\\\/secure.gravatar.com\\\/avatar\\\/e948991b445298d4342a4a232b29e90adbf8a4af10151e265f6e6f3e9a10f68c?s=96&d=mm&r=g\",\"contentUrl\":\"https:\\\/\\\/secure.gravatar.com\\\/avatar\\\/e948991b445298d4342a4a232b29e90adbf8a4af10151e265f6e6f3e9a10f68c?s=96&d=mm&r=g\",\"caption\":\"Aldo Lubrani\"},\"description\":\"Laureato con lode in Relazioni Internazionali presso Universit\u00e0 degli studi Roma Tre, Master in Europrogettazione presso Europa Business School di Bologna. Google Digital Training Certificate. Lavoro da anni nel settore Digital, Fundraising e Non Profit. Su Rete del Dono ricopro il ruolo di Project Manager nell'ambito Comunicazione, Digital e Personal Fundraising. Appassionato di viaggi, natura, pittura.\",\"sameAs\":[\"https:\\\/\\\/www.retedeldono.it\"],\"url\":\"https:\\\/\\\/www.retedeldono.it\\\/magazine\\\/author\\\/aldo-lubrani\\\/\"}]}<\/script>\n<!-- \/ Yoast SEO plugin. -->","yoast_head_json":{"title":"In bici sulla Rotta Balcanica, raccogliendo fondi per Unicef","description":"Percorrere a ritroso il viaggio di tantissimi profughi che fuggono da guerra e povert\u00e0: l\u2019idea di Giovanni Longo, medico e ciclista solidale.","robots":{"index":"index","follow":"follow","max-snippet":"max-snippet:-1","max-image-preview":"max-image-preview:large","max-video-preview":"max-video-preview:-1"},"canonical":"https:\/\/www.retedeldono.it\/magazine\/bici-rotta-balcanica-raccogliendo-fondi-unicef\/","og_locale":"it_IT","og_type":"article","og_title":"In bici sulla Rotta Balcanica, raccogliendo fondi per Unicef","og_description":"Percorrere a ritroso il viaggio di tantissimi profughi che fuggono da guerra e povert\u00e0: l\u2019idea di Giovanni Longo, medico e ciclista solidale.","og_url":"https:\/\/www.retedeldono.it\/magazine\/bici-rotta-balcanica-raccogliendo-fondi-unicef\/","og_site_name":"Rete del Dono Magazine","article_publisher":"https:\/\/www.facebook.com\/retedeldono\/","article_published_time":"2022-09-01T11:37:00+00:00","article_modified_time":"2022-10-03T08:56:14+00:00","og_image":[{"width":1000,"height":700,"url":"https:\/\/magazine.retedeldono.it\/wp-content\/uploads\/2022\/08\/bici-rotta-balcanica-raccogliendo-fondi-unicef.png","type":"image\/png"}],"author":"Aldo Lubrani","twitter_card":"summary_large_image","twitter_misc":{"Scritto da":"Aldo Lubrani","Tempo di lettura stimato":"2 minuti"},"schema":{"@context":"https:\/\/schema.org","@graph":[{"@type":"Article","@id":"https:\/\/www.retedeldono.it\/magazine\/bici-rotta-balcanica-raccogliendo-fondi-unicef\/#article","isPartOf":{"@id":"https:\/\/www.retedeldono.it\/magazine\/bici-rotta-balcanica-raccogliendo-fondi-unicef\/"},"author":{"name":"Aldo Lubrani","@id":"https:\/\/www.retedeldono.it\/magazine\/#\/schema\/person\/19118fc3b527ea22d276cc2b446f7353"},"headline":"In bici sulla Rotta Balcanica, raccogliendo fondi per Unicef","datePublished":"2022-09-01T11:37:00+00:00","dateModified":"2022-10-03T08:56:14+00:00","mainEntityOfPage":{"@id":"https:\/\/www.retedeldono.it\/magazine\/bici-rotta-balcanica-raccogliendo-fondi-unicef\/"},"wordCount":389,"commentCount":0,"image":{"@id":"https:\/\/www.retedeldono.it\/magazine\/bici-rotta-balcanica-raccogliendo-fondi-unicef\/#primaryimage"},"thumbnailUrl":"https:\/\/magazine.retedeldono.it\/wp-content\/uploads\/2022\/08\/bici-rotta-balcanica-raccogliendo-fondi-unicef.png","articleSection":["Fundraising"],"inLanguage":"it-IT","potentialAction":[{"@type":"CommentAction","name":"Comment","target":["https:\/\/www.retedeldono.it\/magazine\/bici-rotta-balcanica-raccogliendo-fondi-unicef\/#respond"]}]},{"@type":"WebPage","@id":"https:\/\/www.retedeldono.it\/magazine\/bici-rotta-balcanica-raccogliendo-fondi-unicef\/","url":"https:\/\/www.retedeldono.it\/magazine\/bici-rotta-balcanica-raccogliendo-fondi-unicef\/","name":"In bici sulla Rotta Balcanica, raccogliendo fondi per Unicef","isPartOf":{"@id":"https:\/\/www.retedeldono.it\/magazine\/#website"},"primaryImageOfPage":{"@id":"https:\/\/www.retedeldono.it\/magazine\/bici-rotta-balcanica-raccogliendo-fondi-unicef\/#primaryimage"},"image":{"@id":"https:\/\/www.retedeldono.it\/magazine\/bici-rotta-balcanica-raccogliendo-fondi-unicef\/#primaryimage"},"thumbnailUrl":"https:\/\/magazine.retedeldono.it\/wp-content\/uploads\/2022\/08\/bici-rotta-balcanica-raccogliendo-fondi-unicef.png","datePublished":"2022-09-01T11:37:00+00:00","dateModified":"2022-10-03T08:56:14+00:00","author":{"@id":"https:\/\/www.retedeldono.it\/magazine\/#\/schema\/person\/19118fc3b527ea22d276cc2b446f7353"},"description":"Percorrere a ritroso il viaggio di tantissimi profughi che fuggono da guerra e povert\u00e0: l\u2019idea di Giovanni Longo, medico e ciclista solidale.","breadcrumb":{"@id":"https:\/\/www.retedeldono.it\/magazine\/bici-rotta-balcanica-raccogliendo-fondi-unicef\/#breadcrumb"},"inLanguage":"it-IT","potentialAction":[{"@type":"ReadAction","target":["https:\/\/www.retedeldono.it\/magazine\/bici-rotta-balcanica-raccogliendo-fondi-unicef\/"]}]},{"@type":"ImageObject","inLanguage":"it-IT","@id":"https:\/\/www.retedeldono.it\/magazine\/bici-rotta-balcanica-raccogliendo-fondi-unicef\/#primaryimage","url":"https:\/\/magazine.retedeldono.it\/wp-content\/uploads\/2022\/08\/bici-rotta-balcanica-raccogliendo-fondi-unicef.png","contentUrl":"https:\/\/magazine.retedeldono.it\/wp-content\/uploads\/2022\/08\/bici-rotta-balcanica-raccogliendo-fondi-unicef.png","width":1000,"height":700,"caption":"Rete del Dono Unicef Bici Rotta Balcanica Raccolta Fondi Personal Fundraising"},{"@type":"BreadcrumbList","@id":"https:\/\/www.retedeldono.it\/magazine\/bici-rotta-balcanica-raccogliendo-fondi-unicef\/#breadcrumb","itemListElement":[{"@type":"ListItem","position":1,"name":"Home","item":"https:\/\/www.retedeldono.it\/magazine\/"},{"@type":"ListItem","position":2,"name":"In bici sulla Rotta Balcanica, raccogliendo fondi per Unicef"}]},{"@type":"WebSite","@id":"https:\/\/www.retedeldono.it\/magazine\/#website","url":"https:\/\/www.retedeldono.it\/magazine\/","name":"Rete del Dono Magazine","description":"Rete del Dono Magazine","potentialAction":[{"@type":"SearchAction","target":{"@type":"EntryPoint","urlTemplate":"https:\/\/www.retedeldono.it\/magazine\/?s={search_term_string}"},"query-input":{"@type":"PropertyValueSpecification","valueRequired":true,"valueName":"search_term_string"}}],"inLanguage":"it-IT"},{"@type":"Person","@id":"https:\/\/www.retedeldono.it\/magazine\/#\/schema\/person\/19118fc3b527ea22d276cc2b446f7353","name":"Aldo Lubrani","image":{"@type":"ImageObject","inLanguage":"it-IT","@id":"https:\/\/secure.gravatar.com\/avatar\/e948991b445298d4342a4a232b29e90adbf8a4af10151e265f6e6f3e9a10f68c?s=96&d=mm&r=g","url":"https:\/\/secure.gravatar.com\/avatar\/e948991b445298d4342a4a232b29e90adbf8a4af10151e265f6e6f3e9a10f68c?s=96&d=mm&r=g","contentUrl":"https:\/\/secure.gravatar.com\/avatar\/e948991b445298d4342a4a232b29e90adbf8a4af10151e265f6e6f3e9a10f68c?s=96&d=mm&r=g","caption":"Aldo Lubrani"},"description":"Laureato con lode in Relazioni Internazionali presso Universit\u00e0 degli studi Roma Tre, Master in Europrogettazione presso Europa Business School di Bologna. Google Digital Training Certificate. Lavoro da anni nel settore Digital, Fundraising e Non Profit. Su Rete del Dono ricopro il ruolo di Project Manager nell'ambito Comunicazione, Digital e Personal Fundraising. Appassionato di viaggi, natura, pittura.","sameAs":["https:\/\/www.retedeldono.it"],"url":"https:\/\/www.retedeldono.it\/magazine\/author\/aldo-lubrani\/"}]}},"_links":{"self":[{"href":"https:\/\/www.retedeldono.it\/magazine\/wp-json\/wp\/v2\/posts\/1455","targetHints":{"allow":["GET"]}}],"collection":[{"href":"https:\/\/www.retedeldono.it\/magazine\/wp-json\/wp\/v2\/posts"}],"about":[{"href":"https:\/\/www.retedeldono.it\/magazine\/wp-json\/wp\/v2\/types\/post"}],"author":[{"embeddable":true,"href":"https:\/\/www.retedeldono.it\/magazine\/wp-json\/wp\/v2\/users\/7"}],"replies":[{"embeddable":true,"href":"https:\/\/www.retedeldono.it\/magazine\/wp-json\/wp\/v2\/comments?post=1455"}],"version-history":[{"count":0,"href":"https:\/\/www.retedeldono.it\/magazine\/wp-json\/wp\/v2\/posts\/1455\/revisions"}],"wp:featuredmedia":[{"embeddable":true,"href":"https:\/\/www.retedeldono.it\/magazine\/wp-json\/wp\/v2\/media\/1456"}],"wp:attachment":[{"href":"https:\/\/www.retedeldono.it\/magazine\/wp-json\/wp\/v2\/media?parent=1455"}],"wp:term":[{"taxonomy":"category","embeddable":true,"href":"https:\/\/www.retedeldono.it\/magazine\/wp-json\/wp\/v2\/categories?post=1455"},{"taxonomy":"post_tag","embeddable":true,"href":"https:\/\/www.retedeldono.it\/magazine\/wp-json\/wp\/v2\/tags?post=1455"}],"curies":[{"name":"wp","href":"https:\/\/api.w.org\/{rel}","templated":true}]}}