{"id":1466,"date":"2022-09-08T08:58:16","date_gmt":"2022-09-08T08:58:16","guid":{"rendered":"https:\/\/www.retedeldono.it\/magazine\/?p=1466"},"modified":"2024-02-22T11:28:29","modified_gmt":"2024-02-22T11:28:29","slug":"fundraising-to-say-ridefinire-il-mondo-del-dono","status":"publish","type":"post","link":"https:\/\/www.retedeldono.it\/magazine\/fundraising-to-say-ridefinire-il-mondo-del-dono\/","title":{"rendered":"Fundraising To Say, per ridefinire il mondo del dono"},"content":{"rendered":"[vc_row type=&#8221;in_container&#8221; full_screen_row_position=&#8221;middle&#8221; column_margin=&#8221;default&#8221; column_direction=&#8221;default&#8221; column_direction_tablet=&#8221;default&#8221; column_direction_phone=&#8221;default&#8221; scene_position=&#8221;center&#8221; text_color=&#8221;dark&#8221; text_align=&#8221;left&#8221; row_border_radius=&#8221;none&#8221; row_border_radius_applies=&#8221;bg&#8221; overflow=&#8221;visible&#8221; overlay_strength=&#8221;0.3&#8243; gradient_direction=&#8221;left_to_right&#8221; shape_divider_position=&#8221;bottom&#8221; bg_image_animation=&#8221;none&#8221;][vc_column column_padding=&#8221;no-extra-padding&#8221; column_padding_tablet=&#8221;inherit&#8221; column_padding_phone=&#8221;inherit&#8221; column_padding_position=&#8221;all&#8221; column_element_spacing=&#8221;default&#8221; background_color_opacity=&#8221;1&#8243; background_hover_color_opacity=&#8221;1&#8243; column_shadow=&#8221;none&#8221; column_border_radius=&#8221;none&#8221; column_link_target=&#8221;_self&#8221; column_position=&#8221;default&#8221; gradient_direction=&#8221;left_to_right&#8221; overlay_strength=&#8221;0.3&#8243; width=&#8221;1\/1&#8243; tablet_width_inherit=&#8221;default&#8221; tablet_text_alignment=&#8221;default&#8221; phone_text_alignment=&#8221;default&#8221; animation_type=&#8221;default&#8221; bg_image_animation=&#8221;none&#8221; border_type=&#8221;simple&#8221; column_border_width=&#8221;none&#8221; column_border_style=&#8221;solid&#8221;][vc_column_text]\r\n<p>Un evento sul fundraising non rivolto solo ai fundraiser. Questo il concept innovativo di <a href=\"https:\/\/www.fundraisingtosay.it\/\" target=\"_blank\" rel=\"noreferrer noopener\"><strong>Fundraising To Say<\/strong><\/a>, l\u2019evento nazionale organizzato da ASSIF dall\u20191 al 4 settembre scorsi a Giardini Naxos (Messina). Una prima edizione che \u00e8 partita da un tema di grande attualit\u00e0: saper <strong>comunicare il non profit<\/strong>, sia per alimentare la raccolta fondi sia per generare valore culturale a sostegno di tutto il Terzo Settore.<\/p>\r\n<p>\u00a0<\/p>\r\n\r\n<h2 class=\"wp-block-heading\">Incubatore di cambiamento<\/h2>\r\n<p>Sono state coinvolte tutte le professionalit\u00e0 che costruiscono progetti a beneficio del contesto sociale; comunicatori, giornalisti, consulenti, fornitori di servizi, volontari, studenti e <strong>stakeholder che operano nel Terzo Settore, ma anche attori del mondo profit<\/strong>. &#8220;Far emergere tutti i soggetti che rendono sostenibile il settore \u00e8 l\u2019unico modo per sviluppare davvero la cultura del dono&#8221; spiega <strong>Letizia Bucalo Vita<\/strong>,<strong> Delegata Eventi ASSIF<\/strong>. &#8220;Iniziative che guardano solo al nostro interno gi\u00e0 esistono. Mancava uno spazio aperto in cui contaminarsi con l\u2019esterno e fare networking, per creare sinergie e lasciarsi anche provocare da chi ci osserva da fuori\u201d.<\/p>\r\n<p><!-- \/wp:post-content --> <img loading=\"lazy\" decoding=\"async\" class=\"aligncenter wp-image-1468 size-large\" src=\"https:\/\/www.retedeldono.it\/magazine\/wp-content\/uploads\/2022\/09\/Letizia_Vale_Bedogni-1024x911.jpeg\" alt=\"Fundraising To Say_Nicola Bedogni_Valeria Vitali_Letizia Bucalo Vita\" width=\"1024\" height=\"911\" srcset=\"https:\/\/magazine.retedeldono.it\/wp-content\/uploads\/2022\/09\/Letizia_Vale_Bedogni-1024x911.jpeg 1024w, https:\/\/magazine.retedeldono.it\/wp-content\/uploads\/2022\/09\/Letizia_Vale_Bedogni-300x267.jpeg 300w, https:\/\/magazine.retedeldono.it\/wp-content\/uploads\/2022\/09\/Letizia_Vale_Bedogni-768x683.jpeg 768w, https:\/\/magazine.retedeldono.it\/wp-content\/uploads\/2022\/09\/Letizia_Vale_Bedogni-1536x1366.jpeg 1536w, https:\/\/magazine.retedeldono.it\/wp-content\/uploads\/2022\/09\/Letizia_Vale_Bedogni.jpeg 1600w\" sizes=\"auto, (max-width: 1024px) 100vw, 1024px\" \/><\/p>\r\n<p>&nbsp;<\/p>\r\n<!-- wp:heading -->\r\n<h2>Una bella esperienza in Sicilia<\/h2>\r\n<!-- \/wp:heading -->\r\n<p><!-- wp:paragraph -->Un evento dunque che puntava a lasciarsi permeare da altri mondi, e ci \u00e8 riuscito. A partire dall\u2019immersione in un territorio &#8211; il Centro Sud &#8211; che non beneficiava ancora di occasioni in cui parlare di fundraising. Visite turistiche ed eventi culturali, mare, cibo, patrocini dei Comuni, persino l\u2019ospitata al vicino Romolo Folk Festival. \u201cIn Sicilia ci sono pi\u00f9 di 8.000 enti non profit, ma pochissimi comunicatori e fundraiser. <strong>Pi\u00f9 della met\u00e0 degli oltre 350 partecipanti<\/strong> (che, per aprire al massimo il coinvolgimento, potevano iscriversi anche a singole giornate) <strong>sono arrivati proprio da associazioni e aziende locali<\/strong>. Cos\u00ec come molti degli sponsor e degli oltre 50 partner\u201d.<\/p>\r\n<p><!-- \/wp:paragraph -->\u00a0<\/p>\r\n<!-- wp:image {\"align\":\"center\",\"id\":1468,\"width\":718,\"height\":639,\"sizeSlug\":\"large\",\"linkDestination\":\"none\"} -->\r\n<figure class=\"wp-block-image aligncenter size-large is-resized\"><\/figure>\r\n<p><!-- \/wp:image --> <img loading=\"lazy\" decoding=\"async\" class=\"aligncenter wp-image-1479 size-large\" src=\"https:\/\/www.retedeldono.it\/magazine\/wp-content\/uploads\/2022\/09\/Amici-1024x768.jpg\" alt=\"\" width=\"1024\" height=\"768\" srcset=\"https:\/\/magazine.retedeldono.it\/wp-content\/uploads\/2022\/09\/Amici-1024x768.jpg 1024w, https:\/\/magazine.retedeldono.it\/wp-content\/uploads\/2022\/09\/Amici-300x225.jpg 300w, https:\/\/magazine.retedeldono.it\/wp-content\/uploads\/2022\/09\/Amici-768x576.jpg 768w, https:\/\/magazine.retedeldono.it\/wp-content\/uploads\/2022\/09\/Amici-1536x1152.jpg 1536w, https:\/\/magazine.retedeldono.it\/wp-content\/uploads\/2022\/09\/Amici-2048x1536.jpg 2048w\" sizes=\"auto, (max-width: 1024px) 100vw, 1024px\" \/><\/p>\r\n<!-- wp:heading -->\r\n<h2>\u00a0<\/h2>\r\n<h2>Per riscrivere la storia del Terzo Settore<\/h2>\r\n<p><!-- \/wp:heading -->Mai come in questo momento, per suscitare un cambiamento culturale necessario, serve andare <strong>oltre la categoria di fundraiser<\/strong>. Una figura che sta mutando ed \u00e8 sempre pi\u00f9 fluida. \u201cIn questi anni si sta riscrivendo la storia del non profit &#8211; riflette il <strong>Presidente ASSIF Nicola Bedogni<\/strong> &#8211; La Riforma del Terzo Settore detta nuove regole; il periodo pandemico, la guerra in Ucraina, le emergenze climatiche stanno rivoluzionando i nostri personali sistemi di valori. A noi tocca uscire dalla comfort zone e avviare un processo collettivo, perch\u00e9 <strong>la cultura del dono non \u00e8 esclusivo appannaggio del Terzo Settore<\/strong>. Solo facendo massa critica renderemo le cause sociali sempre pi\u00f9 attrattive e centrali nel racconto pubblico\u201d.<\/p>\r\n<p>&nbsp;<\/p>\r\n<p><!-- \/wp:paragraph -->\u00a0<\/p>\r\n<!-- wp:heading -->\r\n<h2>Comunicazione al centro<\/h2>\r\n<!-- \/wp:heading -->\r\n<p><!-- wp:paragraph --><strong>Una rivoluzione culturale che passa dalla nostra capacit\u00e0 di saperla raccontare<\/strong>: \u201cAristotele diceva \u2018La virt\u00f9 \u00e8 pi\u00f9 contagiosa del vizio, a patto che sia raccontata\u2019. La comunicazione \u00e8 la chiave di volta e spesso su questo abbiamo da imparare dal profit, che ha scoperto da tempo le cause sociali. Cos\u00ec come al mondo delle aziende dobbiamo ricordare la responsabilit\u00e0 sociale che deriva dal raccontare il non profit e la raccolta fondi\u201d. Lo ha ben ribadito nel suo intervento <strong>Riccardo Bonacina, fondatore di Vita.it<\/strong> e pioniere nel raccontare il nostro mondo; essere non profit significa fare impresa, essere comunit\u00e0 e guardare la realt\u00e0 in modo diverso.<\/p>\r\n<p><!-- \/wp:paragraph -->\u00a0<\/p>\r\n<p><!-- wp:image {\"align\":\"center\",\"id\":1469,\"width\":697,\"height\":553,\"style\":{\"color\":{}}} --><!-- \/wp:image -->\u00a0<\/p>\r\n<!-- wp:heading -->\r\n<h2>Il contributo del nostro Team<\/h2>\r\n<p><strong>Anche noi abbiamo partecipato attivamente all\u2019evento<\/strong>, seguendo gli interventi e contribuendo in prima persona al programma con un <strong>laboratorio dedicato al crowdfunding. Crowdlab<\/strong> \u00e8 stato un bel momento di approfondimento, ma anche di condivisione, che ha permesso ai partecipanti di cimentarsi nella stesura di un vero e proprio piano di crowdfunding.<\/p>\r\n<h2>\u00a0<\/h2>\r\n<h2><img loading=\"lazy\" decoding=\"async\" class=\"aligncenter wp-image-1469 size-full\" src=\"https:\/\/www.retedeldono.it\/magazine\/wp-content\/uploads\/2022\/09\/workshopRDD5.jpg\" alt=\"Fundraising To Say_Workshop Rete del Dono\" width=\"1024\" height=\"814\" srcset=\"https:\/\/magazine.retedeldono.it\/wp-content\/uploads\/2022\/09\/workshopRDD5.jpg 1024w, https:\/\/magazine.retedeldono.it\/wp-content\/uploads\/2022\/09\/workshopRDD5-300x238.jpg 300w, https:\/\/magazine.retedeldono.it\/wp-content\/uploads\/2022\/09\/workshopRDD5-768x611.jpg 768w\" sizes=\"auto, (max-width: 1024px) 100vw, 1024px\" \/><\/h2>\r\n<h2>Cosa ci portiamo a casa<\/h2>\r\n<!-- \/wp:heading -->\r\n<p><!-- wp:paragraph -->Tantissimi gli stimoli ricevuti, con oltre 40 speaker dal mondo della comunicazione. Come la consulente spagnola <strong>Silvia Guinart<\/strong>, che ha illustrato le basi del neuromarketing da applicare alla comunicazione; o lo scrittore <strong>Simone Tempia<\/strong> che, ricordando il primo terribile lockdown in provincia di Bergamo, ha sperimentato come la comunicazione metta in relazione profonda con l\u2019altro, in ogni situazione. Siamo le storie che raccontiamo: <strong>Natalia Pazzaglia<\/strong>, consulente, ha rivelato la ricetta dell\u2019autenticit\u00e0 di una narrazione, basata sulla capacit\u00e0 di mettere a nudo le nostre fragilit\u00e0. L\u2019art director pubblicitario <strong>Paolo Iabichino<\/strong>, infine, ha messo a fuoco quanto i temi di sostenibilit\u00e0, inclusione, ambiente e cura stiano contaminando il mondo Corporate. Una grande opportunit\u00e0 di fare squadra per generare impatto. La Civil Week di Milano ha smosso tante realt\u00e0 medio piccole del non profit. Meno le grandi, che faticano di pi\u00f9 a fare rete. Intanto <strong>il percorso per ridefinire il fundraising \u00e8 cominciato, e l\u2019importante \u00e8 che non stiamo tentando di farlo da soli<\/strong>.<\/p>\r\n<!-- \/wp:paragraph -->\r\n<p>&nbsp;<\/p>\r\n[\/vc_column_text][\/vc_column][\/vc_row]","protected":false},"excerpt":{"rendered":"<p>[vc_row type=&#8221;in_container&#8221; full_screen_row_position=&#8221;middle&#8221; column_margin=&#8221;default&#8221; column_direction=&#8221;default&#8221; column_direction_tablet=&#8221;default&#8221; column_direction_phone=&#8221;default&#8221; scene_position=&#8221;center&#8221; text_color=&#8221;dark&#8221; text_align=&#8221;left&#8221; row_border_radius=&#8221;none&#8221; row_border_radius_applies=&#8221;bg&#8221; overflow=&#8221;visible&#8221; overlay_strength=&#8221;0.3&#8243; gradient_direction=&#8221;left_to_right&#8221; shape_divider_position=&#8221;bottom&#8221; bg_image_animation=&#8221;none&#8221;][vc_column column_padding=&#8221;no-extra-padding&#8221; column_padding_tablet=&#8221;inherit&#8221; column_padding_phone=&#8221;inherit&#8221; column_padding_position=&#8221;all&#8221; column_element_spacing=&#8221;default&#8221; background_color_opacity=&#8221;1&#8243; background_hover_color_opacity=&#8221;1&#8243; column_shadow=&#8221;none&#8221; column_border_radius=&#8221;none&#8221; column_link_target=&#8221;_self&#8221; column_position=&#8221;default&#8221; gradient_direction=&#8221;left_to_right&#8221; overlay_strength=&#8221;0.3&#8243;&#8230;<\/p>\n","protected":false},"author":6,"featured_media":1483,"comment_status":"open","ping_status":"open","sticky":false,"template":"","format":"standard","meta":{"_acf_changed":false,"footnotes":""},"categories":[17],"tags":[],"class_list":{"0":"post-1466","1":"post","2":"type-post","3":"status-publish","4":"format-standard","5":"has-post-thumbnail","7":"category-fundraising"},"acf":{"homepage_rdd":false},"yoast_head":"<!-- This site is optimized with the Yoast SEO plugin v27.5 - https:\/\/yoast.com\/product\/yoast-seo-wordpress\/ -->\n<title>Fundraising To Say, per ridefinire il mondo del dono - Rete del Dono<\/title>\n<meta name=\"description\" content=\"Il racconto di Fundraising To Say 2022: un incubatole di cambiamento per riscrivere la storia del Terzo Settore con la Comunicazione al centro\" \/>\n<meta name=\"robots\" content=\"index, follow, max-snippet:-1, max-image-preview:large, max-video-preview:-1\" \/>\n<link rel=\"canonical\" href=\"https:\/\/www.retedeldono.it\/magazine\/fundraising-to-say-ridefinire-il-mondo-del-dono\/\" \/>\n<meta property=\"og:locale\" content=\"it_IT\" \/>\n<meta property=\"og:type\" content=\"article\" \/>\n<meta property=\"og:title\" content=\"Fundraising To Say, per ridefinire il mondo del dono\" \/>\n<meta property=\"og:description\" content=\"Si \u00e8 parlato di come comunicare il non profit nella prima edizione dell&#039;evento organizzato da ASSIF\" \/>\n<meta property=\"og:url\" content=\"https:\/\/www.retedeldono.it\/magazine\/fundraising-to-say-ridefinire-il-mondo-del-dono\/\" \/>\n<meta property=\"og:site_name\" content=\"Rete del Dono Magazine\" \/>\n<meta property=\"article:publisher\" content=\"https:\/\/www.facebook.com\/retedeldono\/\" \/>\n<meta property=\"article:published_time\" content=\"2022-09-08T08:58:16+00:00\" \/>\n<meta property=\"article:modified_time\" content=\"2024-02-22T11:28:29+00:00\" \/>\n<meta property=\"og:image\" content=\"https:\/\/magazine.retedeldono.it\/wp-content\/uploads\/2022\/09\/Plenaria-scaled-e1662540356340.jpg\" \/>\n\t<meta property=\"og:image:width\" content=\"1000\" \/>\n\t<meta property=\"og:image:height\" content=\"700\" \/>\n\t<meta property=\"og:image:type\" content=\"image\/jpeg\" \/>\n<meta name=\"author\" content=\"Valeria Vitali\" \/>\n<meta name=\"twitter:card\" content=\"summary_large_image\" \/>\n<meta name=\"twitter:title\" content=\"Fundraising To Say, per ridefinire il mondo del dono\" \/>\n<meta name=\"twitter:description\" content=\"Si \u00e8 parlato di come comunicare il non profit nella prima edizione dell&#039;evento organizzato da ASSIF\" \/>\n<meta name=\"twitter:image\" content=\"https:\/\/magazine.retedeldono.it\/wp-content\/uploads\/2022\/09\/Plenaria-scaled-e1662540356340.jpg\" \/>\n<meta name=\"twitter:label1\" content=\"Scritto da\" \/>\n\t<meta name=\"twitter:data1\" content=\"Valeria Vitali\" \/>\n\t<meta name=\"twitter:label2\" content=\"Tempo di lettura stimato\" \/>\n\t<meta name=\"twitter:data2\" content=\"5 minuti\" \/>\n<script type=\"application\/ld+json\" class=\"yoast-schema-graph\">{\"@context\":\"https:\\\/\\\/schema.org\",\"@graph\":[{\"@type\":\"Article\",\"@id\":\"https:\\\/\\\/www.retedeldono.it\\\/magazine\\\/fundraising-to-say-ridefinire-il-mondo-del-dono\\\/#article\",\"isPartOf\":{\"@id\":\"https:\\\/\\\/www.retedeldono.it\\\/magazine\\\/fundraising-to-say-ridefinire-il-mondo-del-dono\\\/\"},\"author\":{\"name\":\"Valeria Vitali\",\"@id\":\"https:\\\/\\\/www.retedeldono.it\\\/magazine\\\/#\\\/schema\\\/person\\\/c6beeb7b05f412d2823480967d76ad54\"},\"headline\":\"Fundraising To Say, per ridefinire il mondo del dono\",\"datePublished\":\"2022-09-08T08:58:16+00:00\",\"dateModified\":\"2024-02-22T11:28:29+00:00\",\"mainEntityOfPage\":{\"@id\":\"https:\\\/\\\/www.retedeldono.it\\\/magazine\\\/fundraising-to-say-ridefinire-il-mondo-del-dono\\\/\"},\"wordCount\":884,\"commentCount\":0,\"image\":{\"@id\":\"https:\\\/\\\/www.retedeldono.it\\\/magazine\\\/fundraising-to-say-ridefinire-il-mondo-del-dono\\\/#primaryimage\"},\"thumbnailUrl\":\"https:\\\/\\\/magazine.retedeldono.it\\\/wp-content\\\/uploads\\\/2022\\\/09\\\/rete-del-dono-fundraising-to-say.png\",\"articleSection\":[\"Fundraising\"],\"inLanguage\":\"it-IT\",\"potentialAction\":[{\"@type\":\"CommentAction\",\"name\":\"Comment\",\"target\":[\"https:\\\/\\\/www.retedeldono.it\\\/magazine\\\/fundraising-to-say-ridefinire-il-mondo-del-dono\\\/#respond\"]}]},{\"@type\":\"WebPage\",\"@id\":\"https:\\\/\\\/www.retedeldono.it\\\/magazine\\\/fundraising-to-say-ridefinire-il-mondo-del-dono\\\/\",\"url\":\"https:\\\/\\\/www.retedeldono.it\\\/magazine\\\/fundraising-to-say-ridefinire-il-mondo-del-dono\\\/\",\"name\":\"Fundraising To Say, per ridefinire il mondo del dono - Rete del Dono\",\"isPartOf\":{\"@id\":\"https:\\\/\\\/www.retedeldono.it\\\/magazine\\\/#website\"},\"primaryImageOfPage\":{\"@id\":\"https:\\\/\\\/www.retedeldono.it\\\/magazine\\\/fundraising-to-say-ridefinire-il-mondo-del-dono\\\/#primaryimage\"},\"image\":{\"@id\":\"https:\\\/\\\/www.retedeldono.it\\\/magazine\\\/fundraising-to-say-ridefinire-il-mondo-del-dono\\\/#primaryimage\"},\"thumbnailUrl\":\"https:\\\/\\\/magazine.retedeldono.it\\\/wp-content\\\/uploads\\\/2022\\\/09\\\/rete-del-dono-fundraising-to-say.png\",\"datePublished\":\"2022-09-08T08:58:16+00:00\",\"dateModified\":\"2024-02-22T11:28:29+00:00\",\"author\":{\"@id\":\"https:\\\/\\\/www.retedeldono.it\\\/magazine\\\/#\\\/schema\\\/person\\\/c6beeb7b05f412d2823480967d76ad54\"},\"description\":\"Il racconto di Fundraising To Say 2022: un incubatole di cambiamento per riscrivere la storia del Terzo Settore con la Comunicazione al centro\",\"breadcrumb\":{\"@id\":\"https:\\\/\\\/www.retedeldono.it\\\/magazine\\\/fundraising-to-say-ridefinire-il-mondo-del-dono\\\/#breadcrumb\"},\"inLanguage\":\"it-IT\",\"potentialAction\":[{\"@type\":\"ReadAction\",\"target\":[\"https:\\\/\\\/www.retedeldono.it\\\/magazine\\\/fundraising-to-say-ridefinire-il-mondo-del-dono\\\/\"]}]},{\"@type\":\"ImageObject\",\"inLanguage\":\"it-IT\",\"@id\":\"https:\\\/\\\/www.retedeldono.it\\\/magazine\\\/fundraising-to-say-ridefinire-il-mondo-del-dono\\\/#primaryimage\",\"url\":\"https:\\\/\\\/magazine.retedeldono.it\\\/wp-content\\\/uploads\\\/2022\\\/09\\\/rete-del-dono-fundraising-to-say.png\",\"contentUrl\":\"https:\\\/\\\/magazine.retedeldono.it\\\/wp-content\\\/uploads\\\/2022\\\/09\\\/rete-del-dono-fundraising-to-say.png\",\"width\":1000,\"height\":700,\"caption\":\"rete-del-dono-fundraising-to-say\"},{\"@type\":\"BreadcrumbList\",\"@id\":\"https:\\\/\\\/www.retedeldono.it\\\/magazine\\\/fundraising-to-say-ridefinire-il-mondo-del-dono\\\/#breadcrumb\",\"itemListElement\":[{\"@type\":\"ListItem\",\"position\":1,\"name\":\"Home\",\"item\":\"https:\\\/\\\/www.retedeldono.it\\\/magazine\\\/\"},{\"@type\":\"ListItem\",\"position\":2,\"name\":\"Fundraising To Say, per ridefinire il mondo del dono\"}]},{\"@type\":\"WebSite\",\"@id\":\"https:\\\/\\\/www.retedeldono.it\\\/magazine\\\/#website\",\"url\":\"https:\\\/\\\/www.retedeldono.it\\\/magazine\\\/\",\"name\":\"Rete del Dono Magazine\",\"description\":\"Rete del Dono Magazine\",\"potentialAction\":[{\"@type\":\"SearchAction\",\"target\":{\"@type\":\"EntryPoint\",\"urlTemplate\":\"https:\\\/\\\/www.retedeldono.it\\\/magazine\\\/?s={search_term_string}\"},\"query-input\":{\"@type\":\"PropertyValueSpecification\",\"valueRequired\":true,\"valueName\":\"search_term_string\"}}],\"inLanguage\":\"it-IT\"},{\"@type\":\"Person\",\"@id\":\"https:\\\/\\\/www.retedeldono.it\\\/magazine\\\/#\\\/schema\\\/person\\\/c6beeb7b05f412d2823480967d76ad54\",\"name\":\"Valeria Vitali\",\"image\":{\"@type\":\"ImageObject\",\"inLanguage\":\"it-IT\",\"@id\":\"https:\\\/\\\/secure.gravatar.com\\\/avatar\\\/ed06510965ea97eb2f14540fc0327ce5bf65b10d085192ae3b38003a07ff151a?s=96&d=mm&r=g\",\"url\":\"https:\\\/\\\/secure.gravatar.com\\\/avatar\\\/ed06510965ea97eb2f14540fc0327ce5bf65b10d085192ae3b38003a07ff151a?s=96&d=mm&r=g\",\"contentUrl\":\"https:\\\/\\\/secure.gravatar.com\\\/avatar\\\/ed06510965ea97eb2f14540fc0327ce5bf65b10d085192ae3b38003a07ff151a?s=96&d=mm&r=g\",\"caption\":\"Valeria Vitali\"},\"description\":\"Dopo una laurea in Scienze Politiche presso Universit\u00e0 degli studi di Pavia e un Master in Cooperazione e Sviluppo a Barcellona, ha iniziato il suo percorso professionale in Italia, occupandosi di comunicazione, per poi allargare i suoi orizzonti all\u2019estero. \u00c8 proprio qui che nasce l\u2019idea di Rete del Dono, l\u2019idea di diffondere in Italia una rivoluzione culturale che avvicini le persone al dono, inteso come gesto di impegno civile. L\u2019innovazione digitale ha fatto la sua parte, facilitando e dando maggior concretezza a questo progetto costruito insieme ad Anna Siccardi.\",\"url\":\"https:\\\/\\\/www.retedeldono.it\\\/magazine\\\/author\\\/valeria-vitali\\\/\"}]}<\/script>\n<!-- \/ Yoast SEO plugin. -->","yoast_head_json":{"title":"Fundraising To Say, per ridefinire il mondo del dono - Rete del Dono","description":"Il racconto di Fundraising To Say 2022: un incubatole di cambiamento per riscrivere la storia del Terzo Settore con la Comunicazione al centro","robots":{"index":"index","follow":"follow","max-snippet":"max-snippet:-1","max-image-preview":"max-image-preview:large","max-video-preview":"max-video-preview:-1"},"canonical":"https:\/\/www.retedeldono.it\/magazine\/fundraising-to-say-ridefinire-il-mondo-del-dono\/","og_locale":"it_IT","og_type":"article","og_title":"Fundraising To Say, per ridefinire il mondo del dono","og_description":"Si \u00e8 parlato di come comunicare il non profit nella prima edizione dell'evento organizzato da ASSIF","og_url":"https:\/\/www.retedeldono.it\/magazine\/fundraising-to-say-ridefinire-il-mondo-del-dono\/","og_site_name":"Rete del Dono Magazine","article_publisher":"https:\/\/www.facebook.com\/retedeldono\/","article_published_time":"2022-09-08T08:58:16+00:00","article_modified_time":"2024-02-22T11:28:29+00:00","og_image":[{"width":1000,"height":700,"url":"https:\/\/magazine.retedeldono.it\/wp-content\/uploads\/2022\/09\/Plenaria-scaled-e1662540356340.jpg","type":"image\/jpeg"}],"author":"Valeria Vitali","twitter_card":"summary_large_image","twitter_title":"Fundraising To Say, per ridefinire il mondo del dono","twitter_description":"Si \u00e8 parlato di come comunicare il non profit nella prima edizione dell'evento organizzato da ASSIF","twitter_image":"https:\/\/magazine.retedeldono.it\/wp-content\/uploads\/2022\/09\/Plenaria-scaled-e1662540356340.jpg","twitter_misc":{"Scritto da":"Valeria Vitali","Tempo di lettura stimato":"5 minuti"},"schema":{"@context":"https:\/\/schema.org","@graph":[{"@type":"Article","@id":"https:\/\/www.retedeldono.it\/magazine\/fundraising-to-say-ridefinire-il-mondo-del-dono\/#article","isPartOf":{"@id":"https:\/\/www.retedeldono.it\/magazine\/fundraising-to-say-ridefinire-il-mondo-del-dono\/"},"author":{"name":"Valeria Vitali","@id":"https:\/\/www.retedeldono.it\/magazine\/#\/schema\/person\/c6beeb7b05f412d2823480967d76ad54"},"headline":"Fundraising To Say, per ridefinire il mondo del dono","datePublished":"2022-09-08T08:58:16+00:00","dateModified":"2024-02-22T11:28:29+00:00","mainEntityOfPage":{"@id":"https:\/\/www.retedeldono.it\/magazine\/fundraising-to-say-ridefinire-il-mondo-del-dono\/"},"wordCount":884,"commentCount":0,"image":{"@id":"https:\/\/www.retedeldono.it\/magazine\/fundraising-to-say-ridefinire-il-mondo-del-dono\/#primaryimage"},"thumbnailUrl":"https:\/\/magazine.retedeldono.it\/wp-content\/uploads\/2022\/09\/rete-del-dono-fundraising-to-say.png","articleSection":["Fundraising"],"inLanguage":"it-IT","potentialAction":[{"@type":"CommentAction","name":"Comment","target":["https:\/\/www.retedeldono.it\/magazine\/fundraising-to-say-ridefinire-il-mondo-del-dono\/#respond"]}]},{"@type":"WebPage","@id":"https:\/\/www.retedeldono.it\/magazine\/fundraising-to-say-ridefinire-il-mondo-del-dono\/","url":"https:\/\/www.retedeldono.it\/magazine\/fundraising-to-say-ridefinire-il-mondo-del-dono\/","name":"Fundraising To Say, per ridefinire il mondo del dono - Rete del Dono","isPartOf":{"@id":"https:\/\/www.retedeldono.it\/magazine\/#website"},"primaryImageOfPage":{"@id":"https:\/\/www.retedeldono.it\/magazine\/fundraising-to-say-ridefinire-il-mondo-del-dono\/#primaryimage"},"image":{"@id":"https:\/\/www.retedeldono.it\/magazine\/fundraising-to-say-ridefinire-il-mondo-del-dono\/#primaryimage"},"thumbnailUrl":"https:\/\/magazine.retedeldono.it\/wp-content\/uploads\/2022\/09\/rete-del-dono-fundraising-to-say.png","datePublished":"2022-09-08T08:58:16+00:00","dateModified":"2024-02-22T11:28:29+00:00","author":{"@id":"https:\/\/www.retedeldono.it\/magazine\/#\/schema\/person\/c6beeb7b05f412d2823480967d76ad54"},"description":"Il racconto di Fundraising To Say 2022: un incubatole di cambiamento per riscrivere la storia del Terzo Settore con la Comunicazione al centro","breadcrumb":{"@id":"https:\/\/www.retedeldono.it\/magazine\/fundraising-to-say-ridefinire-il-mondo-del-dono\/#breadcrumb"},"inLanguage":"it-IT","potentialAction":[{"@type":"ReadAction","target":["https:\/\/www.retedeldono.it\/magazine\/fundraising-to-say-ridefinire-il-mondo-del-dono\/"]}]},{"@type":"ImageObject","inLanguage":"it-IT","@id":"https:\/\/www.retedeldono.it\/magazine\/fundraising-to-say-ridefinire-il-mondo-del-dono\/#primaryimage","url":"https:\/\/magazine.retedeldono.it\/wp-content\/uploads\/2022\/09\/rete-del-dono-fundraising-to-say.png","contentUrl":"https:\/\/magazine.retedeldono.it\/wp-content\/uploads\/2022\/09\/rete-del-dono-fundraising-to-say.png","width":1000,"height":700,"caption":"rete-del-dono-fundraising-to-say"},{"@type":"BreadcrumbList","@id":"https:\/\/www.retedeldono.it\/magazine\/fundraising-to-say-ridefinire-il-mondo-del-dono\/#breadcrumb","itemListElement":[{"@type":"ListItem","position":1,"name":"Home","item":"https:\/\/www.retedeldono.it\/magazine\/"},{"@type":"ListItem","position":2,"name":"Fundraising To Say, per ridefinire il mondo del dono"}]},{"@type":"WebSite","@id":"https:\/\/www.retedeldono.it\/magazine\/#website","url":"https:\/\/www.retedeldono.it\/magazine\/","name":"Rete del Dono Magazine","description":"Rete del Dono Magazine","potentialAction":[{"@type":"SearchAction","target":{"@type":"EntryPoint","urlTemplate":"https:\/\/www.retedeldono.it\/magazine\/?s={search_term_string}"},"query-input":{"@type":"PropertyValueSpecification","valueRequired":true,"valueName":"search_term_string"}}],"inLanguage":"it-IT"},{"@type":"Person","@id":"https:\/\/www.retedeldono.it\/magazine\/#\/schema\/person\/c6beeb7b05f412d2823480967d76ad54","name":"Valeria Vitali","image":{"@type":"ImageObject","inLanguage":"it-IT","@id":"https:\/\/secure.gravatar.com\/avatar\/ed06510965ea97eb2f14540fc0327ce5bf65b10d085192ae3b38003a07ff151a?s=96&d=mm&r=g","url":"https:\/\/secure.gravatar.com\/avatar\/ed06510965ea97eb2f14540fc0327ce5bf65b10d085192ae3b38003a07ff151a?s=96&d=mm&r=g","contentUrl":"https:\/\/secure.gravatar.com\/avatar\/ed06510965ea97eb2f14540fc0327ce5bf65b10d085192ae3b38003a07ff151a?s=96&d=mm&r=g","caption":"Valeria Vitali"},"description":"Dopo una laurea in Scienze Politiche presso Universit\u00e0 degli studi di Pavia e un Master in Cooperazione e Sviluppo a Barcellona, ha iniziato il suo percorso professionale in Italia, occupandosi di comunicazione, per poi allargare i suoi orizzonti all\u2019estero. \u00c8 proprio qui che nasce l\u2019idea di Rete del Dono, l\u2019idea di diffondere in Italia una rivoluzione culturale che avvicini le persone al dono, inteso come gesto di impegno civile. L\u2019innovazione digitale ha fatto la sua parte, facilitando e dando maggior concretezza a questo progetto costruito insieme ad Anna Siccardi.","url":"https:\/\/www.retedeldono.it\/magazine\/author\/valeria-vitali\/"}]}},"_links":{"self":[{"href":"https:\/\/www.retedeldono.it\/magazine\/wp-json\/wp\/v2\/posts\/1466","targetHints":{"allow":["GET"]}}],"collection":[{"href":"https:\/\/www.retedeldono.it\/magazine\/wp-json\/wp\/v2\/posts"}],"about":[{"href":"https:\/\/www.retedeldono.it\/magazine\/wp-json\/wp\/v2\/types\/post"}],"author":[{"embeddable":true,"href":"https:\/\/www.retedeldono.it\/magazine\/wp-json\/wp\/v2\/users\/6"}],"replies":[{"embeddable":true,"href":"https:\/\/www.retedeldono.it\/magazine\/wp-json\/wp\/v2\/comments?post=1466"}],"version-history":[{"count":1,"href":"https:\/\/www.retedeldono.it\/magazine\/wp-json\/wp\/v2\/posts\/1466\/revisions"}],"predecessor-version":[{"id":3160,"href":"https:\/\/www.retedeldono.it\/magazine\/wp-json\/wp\/v2\/posts\/1466\/revisions\/3160"}],"wp:featuredmedia":[{"embeddable":true,"href":"https:\/\/www.retedeldono.it\/magazine\/wp-json\/wp\/v2\/media\/1483"}],"wp:attachment":[{"href":"https:\/\/www.retedeldono.it\/magazine\/wp-json\/wp\/v2\/media?parent=1466"}],"wp:term":[{"taxonomy":"category","embeddable":true,"href":"https:\/\/www.retedeldono.it\/magazine\/wp-json\/wp\/v2\/categories?post=1466"},{"taxonomy":"post_tag","embeddable":true,"href":"https:\/\/www.retedeldono.it\/magazine\/wp-json\/wp\/v2\/tags?post=1466"}],"curies":[{"name":"wp","href":"https:\/\/api.w.org\/{rel}","templated":true}]}}