{"id":1511,"date":"2022-09-22T07:20:18","date_gmt":"2022-09-22T07:20:18","guid":{"rendered":"https:\/\/www.retedeldono.it\/magazine\/?p=1511"},"modified":"2024-02-22T11:28:50","modified_gmt":"2024-02-22T11:28:50","slug":"reinventing-2022-nuova-energia-alla-solidarieta","status":"publish","type":"post","link":"https:\/\/www.retedeldono.it\/magazine\/reinventing-2022-nuova-energia-alla-solidarieta\/","title":{"rendered":"Reinventing 2022, nuova energia alla solidariet\u00e0"},"content":{"rendered":"[vc_row type=&#8221;in_container&#8221; full_screen_row_position=&#8221;middle&#8221; column_margin=&#8221;default&#8221; column_direction=&#8221;default&#8221; column_direction_tablet=&#8221;default&#8221; column_direction_phone=&#8221;default&#8221; scene_position=&#8221;center&#8221; text_color=&#8221;dark&#8221; text_align=&#8221;left&#8221; row_border_radius=&#8221;none&#8221; row_border_radius_applies=&#8221;bg&#8221; overflow=&#8221;visible&#8221; overlay_strength=&#8221;0.3&#8243; gradient_direction=&#8221;left_to_right&#8221; shape_divider_position=&#8221;bottom&#8221; bg_image_animation=&#8221;none&#8221;][vc_column column_padding=&#8221;no-extra-padding&#8221; column_padding_tablet=&#8221;inherit&#8221; column_padding_phone=&#8221;inherit&#8221; column_padding_position=&#8221;all&#8221; column_element_spacing=&#8221;default&#8221; background_color_opacity=&#8221;1&#8243; background_hover_color_opacity=&#8221;1&#8243; column_shadow=&#8221;none&#8221; column_border_radius=&#8221;none&#8221; column_link_target=&#8221;_self&#8221; column_position=&#8221;default&#8221; gradient_direction=&#8221;left_to_right&#8221; overlay_strength=&#8221;0.3&#8243; width=&#8221;1\/1&#8243; tablet_width_inherit=&#8221;default&#8221; tablet_text_alignment=&#8221;default&#8221; phone_text_alignment=&#8221;default&#8221; animation_type=&#8221;default&#8221; bg_image_animation=&#8221;none&#8221; border_type=&#8221;simple&#8221; column_border_width=&#8221;none&#8221; column_border_style=&#8221;solid&#8221;][vc_column_text]\r\n<p>Chi non si reinventa \u00e8 destinato a fallire, e questo \u00e8 ancora pi\u00f9 vero nel mondo del fundraising. Ecco perch\u00e9 <a href=\"https:\/\/www.reinventingnonprofit.it\/\" target=\"_blank\" rel=\"noreferrer noopener\"><strong>Reinventing 2022<\/strong><\/a>, in programma il <strong>6 e 7 ottobre a Milano<\/strong>, avr\u00e0 al centro innovazione, crescita e cambiamento. All\u2019evento parteciper\u00e0 anche <strong>Rete del Dono<\/strong>, che insieme a <strong>BVA-Doxa,<\/strong> approfondir\u00e0 le modalit\u00e0 di comunicazione pi\u00f9 adatte per relazionarsi con i donatori.<\/p>\r\n<p><br \/><\/p>\r\n<h2 class=\"wp-block-heading\">Reinventing 2022 Masterclass: il programma<\/h2>\r\n<p>\r\n\r\n\u201cOgni anno proviamo a rinnovare il format per renderlo sempre pi\u00f9 coinvolgente\u201d spiega <strong>Francesco Quistelli, CEO di Atlantis Company e ideatore di Reinventing<\/strong>. \u201cAbbiamo voluto rendere questa settima edizione altamente di valore per i professionisti del Terzo Settore\u201d. Il primo giorno infatti \u00e8 scandito da 4 Masterclass in ambito fundraising, comunicazione, leadership e mindfulness: \u201cSiamo molto orgogliosi e felici di avere tra gli speaker <strong>Ken Burnett<\/strong>, considerato un guru mondiale della raccolta fondi\u201d.<\/p>\r\n<p><br \/><\/p>\r\n<h2 class=\"wp-block-heading\">Reinventing 2022 Conference: il programma<\/h2>\r\n<p>\r\n\r\nL\u2019indomani va in scena invece <strong>Reinventing 2022 Conference<\/strong>, una giornata di formazione e networking con quasi 30 relatori e 6 speech. Molte voci lontane dal mondo non profit che garantiranno un <strong>approccio disruptive<\/strong> in grado di ispirare il settore. \u201cL\u2019atleta estremo Danilo Callegari parler\u00e0 del superamento dei propri limiti; il vocal coach Stefano Volpe spiegher\u00e0 l\u2019importanza della voce e del linguaggio per creare empatia nelle relazioni e nelle interazioni sociali; il filosofo Matteo Saudino ci ricorder\u00e0 come il valore della solidariet\u00e0 sia ancora pi\u00f9 centrale nel mondo di oggi\u201d.<\/p>\r\n<p><br \/><\/p>\r\n<h2 class=\"wp-block-heading\">L\u2019arte di coinvolgere il donatore<\/h2>\r\n<p>Il secondo giorno, <strong>venerd\u00ec 7 ottobre alle 09:15<\/strong>, avremo l&#8217;opportunit\u00e0 di llustrare, <strong>la ricerca qualitativa di<\/strong> <strong><a href=\"https:\/\/www.retedeldono.it\/magazine\/donare-3-0-donne-e-giovani-guidano-crescita-nel-2021\/\" target=\"_blank\" rel=\"noreferrer noopener\">Donare 3.0<\/a><\/strong> <strong>condotta da BVA-Doxa e promossa da PayPal e Rete del Dono, L&#8217;Arte di coinvolgere il donatore: pratiche virtuose per una relazione davvero duratura.<\/strong>\u00a0\u201cQuest\u2019anno ci siamo focalizzati su come \u00e8 cambiata la relazione tra le organizzazioni e i loro donatori o prospect\u201d dice <strong>Daniele Gueli, Research Manager di BVA-Doxa<\/strong>. \u201c\u00c8 emerso che per una relazione duratura \u00e8 necessario che le organizzazioni coinvolgano i sostenitori anche in momenti lontani dalla donazione\u201d. Un&#8217;esigenza espressa dalla grande maggioranza degli intervistati, che chiede di essere pi\u00f9 considerata e inclusa nelle cause che sostengono: \u201cOggi con gli strumenti digitali \u00e8 facile e poco costoso raccontare le proprie attivit\u00e0 o un dopo campagna: basta una diretta Facebook, una news sul sito con foto e video, una Newsletter di approfondimento\u201d.<\/p>\r\n<p><!-- \/wp:post-content --><br \/><!-- wp:heading --><\/p>\r\n<h2>Il non profit per guardare al futuro<\/h2>\r\n<p><!-- \/wp:heading -->\r\n\r\n<!-- wp:paragraph -->Ai donatori insomma interessa interagire: non si accontentano pi\u00f9 della forma banchetto (finalizzata alla raccolta fondi) per entrare in contatto con le organizzazioni. Se sulla capacit\u00e0 di comunicare bene ci\u00f2 che si fa e di dare voce ai sostenitori il non profit \u00e8 indietro rispetto al profit, Quistelli per\u00f2 ricorda che <strong>il Terzo Settore ha la naturale capacit\u00e0 di intercettare valori e ideali che danno speranza e permettono di guardare al futuro<\/strong>: \u201cTra pandemia e guerre in atto, il non profit \u00e8 stato in grado di adattarsi e rinnovarsi e, in un momento di crisi e di crescita dei bisogni come questo, ha svolto il compito fondamentale di mantenere la coesione sociale\u201d. Il processo di aziendalizzazione \u00e8 dunque \u00e8 necessario per rispondere meglio alla chiamata di responsabilit\u00e0 che la societ\u00e0 fa al settore non profit.<\/p>\r\n<p><!-- \/wp:paragraph -->\u00a0[\/vc_column_text][\/vc_column][\/vc_row]","protected":false},"excerpt":{"rendered":"<p>[vc_row type=&#8221;in_container&#8221; full_screen_row_position=&#8221;middle&#8221; column_margin=&#8221;default&#8221; column_direction=&#8221;default&#8221; column_direction_tablet=&#8221;default&#8221; column_direction_phone=&#8221;default&#8221; scene_position=&#8221;center&#8221; text_color=&#8221;dark&#8221; text_align=&#8221;left&#8221; row_border_radius=&#8221;none&#8221; row_border_radius_applies=&#8221;bg&#8221; overflow=&#8221;visible&#8221; overlay_strength=&#8221;0.3&#8243; gradient_direction=&#8221;left_to_right&#8221; shape_divider_position=&#8221;bottom&#8221; bg_image_animation=&#8221;none&#8221;][vc_column column_padding=&#8221;no-extra-padding&#8221; column_padding_tablet=&#8221;inherit&#8221; column_padding_phone=&#8221;inherit&#8221; column_padding_position=&#8221;all&#8221; column_element_spacing=&#8221;default&#8221; background_color_opacity=&#8221;1&#8243; background_hover_color_opacity=&#8221;1&#8243; column_shadow=&#8221;none&#8221; column_border_radius=&#8221;none&#8221; column_link_target=&#8221;_self&#8221; column_position=&#8221;default&#8221; gradient_direction=&#8221;left_to_right&#8221; overlay_strength=&#8221;0.3&#8243;&#8230;<\/p>\n","protected":false},"author":6,"featured_media":1310,"comment_status":"open","ping_status":"open","sticky":false,"template":"","format":"standard","meta":{"_acf_changed":false,"footnotes":""},"categories":[17],"tags":[],"class_list":{"0":"post-1511","1":"post","2":"type-post","3":"status-publish","4":"format-standard","5":"has-post-thumbnail","7":"category-fundraising"},"acf":{"homepage_rdd":false},"yoast_head":"<!-- This site is optimized with the Yoast SEO plugin v27.5 - https:\/\/yoast.com\/product\/yoast-seo-wordpress\/ -->\n<title>Reinventing 2022, nuova energia alla solidariet\u00e0 - Rete del Dono Magazine<\/title>\n<meta name=\"description\" content=\"Il non profit per guardare al futuro: il programma di Reinventing 2022 e la nostra ricerca su come coinvolgere un donatore\" \/>\n<meta name=\"robots\" content=\"index, follow, max-snippet:-1, max-image-preview:large, max-video-preview:-1\" \/>\n<link rel=\"canonical\" href=\"https:\/\/www.retedeldono.it\/magazine\/reinventing-2022-nuova-energia-alla-solidarieta\/\" \/>\n<meta property=\"og:locale\" content=\"it_IT\" \/>\n<meta property=\"og:type\" content=\"article\" \/>\n<meta property=\"og:title\" content=\"Reinventing 2022, nuova energia alla solidariet\u00e0\" \/>\n<meta property=\"og:description\" content=\"Il non profit per guardare al futuro: il programma di Reinventing 2022 e la nostra ricerca su come coinvolgere un donatore\" \/>\n<meta property=\"og:url\" content=\"https:\/\/www.retedeldono.it\/magazine\/reinventing-2022-nuova-energia-alla-solidarieta\/\" \/>\n<meta property=\"og:site_name\" content=\"Rete del Dono Magazine\" \/>\n<meta property=\"article:publisher\" content=\"https:\/\/www.facebook.com\/retedeldono\/\" \/>\n<meta property=\"article:published_time\" content=\"2022-09-22T07:20:18+00:00\" \/>\n<meta property=\"article:modified_time\" content=\"2024-02-22T11:28:50+00:00\" \/>\n<meta property=\"og:image\" content=\"https:\/\/magazine.retedeldono.it\/wp-content\/uploads\/2022\/07\/societa-ambientale-crowdfunding.png\" \/>\n\t<meta property=\"og:image:width\" content=\"1000\" \/>\n\t<meta property=\"og:image:height\" content=\"700\" \/>\n\t<meta property=\"og:image:type\" content=\"image\/png\" \/>\n<meta name=\"author\" content=\"Valeria Vitali\" \/>\n<meta name=\"twitter:card\" content=\"summary_large_image\" \/>\n<meta name=\"twitter:title\" content=\"Reinventing 2022, nuova energia alla solidariet\u00e0\" \/>\n<meta name=\"twitter:description\" content=\"Il non profit per guardare al futuro: il programma di Reinventing 2022 e la nostra ricerca su come coinvolgere un donatore\" \/>\n<meta name=\"twitter:image\" content=\"https:\/\/magazine.retedeldono.it\/wp-content\/uploads\/2022\/07\/societa-ambientale-crowdfunding.png\" \/>\n<meta name=\"twitter:label1\" content=\"Scritto da\" \/>\n\t<meta name=\"twitter:data1\" content=\"Valeria Vitali\" \/>\n\t<meta name=\"twitter:label2\" content=\"Tempo di lettura stimato\" \/>\n\t<meta name=\"twitter:data2\" content=\"3 minuti\" \/>\n<script type=\"application\/ld+json\" class=\"yoast-schema-graph\">{\"@context\":\"https:\\\/\\\/schema.org\",\"@graph\":[{\"@type\":\"Article\",\"@id\":\"https:\\\/\\\/www.retedeldono.it\\\/magazine\\\/reinventing-2022-nuova-energia-alla-solidarieta\\\/#article\",\"isPartOf\":{\"@id\":\"https:\\\/\\\/www.retedeldono.it\\\/magazine\\\/reinventing-2022-nuova-energia-alla-solidarieta\\\/\"},\"author\":{\"name\":\"Valeria Vitali\",\"@id\":\"https:\\\/\\\/www.retedeldono.it\\\/magazine\\\/#\\\/schema\\\/person\\\/c6beeb7b05f412d2823480967d76ad54\"},\"headline\":\"Reinventing 2022, nuova energia alla solidariet\u00e0\",\"datePublished\":\"2022-09-22T07:20:18+00:00\",\"dateModified\":\"2024-02-22T11:28:50+00:00\",\"mainEntityOfPage\":{\"@id\":\"https:\\\/\\\/www.retedeldono.it\\\/magazine\\\/reinventing-2022-nuova-energia-alla-solidarieta\\\/\"},\"wordCount\":660,\"commentCount\":0,\"image\":{\"@id\":\"https:\\\/\\\/www.retedeldono.it\\\/magazine\\\/reinventing-2022-nuova-energia-alla-solidarieta\\\/#primaryimage\"},\"thumbnailUrl\":\"https:\\\/\\\/magazine.retedeldono.it\\\/wp-content\\\/uploads\\\/2022\\\/07\\\/societa-ambientale-crowdfunding.png\",\"articleSection\":[\"Fundraising\"],\"inLanguage\":\"it-IT\",\"potentialAction\":[{\"@type\":\"CommentAction\",\"name\":\"Comment\",\"target\":[\"https:\\\/\\\/www.retedeldono.it\\\/magazine\\\/reinventing-2022-nuova-energia-alla-solidarieta\\\/#respond\"]}]},{\"@type\":\"WebPage\",\"@id\":\"https:\\\/\\\/www.retedeldono.it\\\/magazine\\\/reinventing-2022-nuova-energia-alla-solidarieta\\\/\",\"url\":\"https:\\\/\\\/www.retedeldono.it\\\/magazine\\\/reinventing-2022-nuova-energia-alla-solidarieta\\\/\",\"name\":\"Reinventing 2022, nuova energia alla solidariet\u00e0 - Rete del Dono Magazine\",\"isPartOf\":{\"@id\":\"https:\\\/\\\/www.retedeldono.it\\\/magazine\\\/#website\"},\"primaryImageOfPage\":{\"@id\":\"https:\\\/\\\/www.retedeldono.it\\\/magazine\\\/reinventing-2022-nuova-energia-alla-solidarieta\\\/#primaryimage\"},\"image\":{\"@id\":\"https:\\\/\\\/www.retedeldono.it\\\/magazine\\\/reinventing-2022-nuova-energia-alla-solidarieta\\\/#primaryimage\"},\"thumbnailUrl\":\"https:\\\/\\\/magazine.retedeldono.it\\\/wp-content\\\/uploads\\\/2022\\\/07\\\/societa-ambientale-crowdfunding.png\",\"datePublished\":\"2022-09-22T07:20:18+00:00\",\"dateModified\":\"2024-02-22T11:28:50+00:00\",\"author\":{\"@id\":\"https:\\\/\\\/www.retedeldono.it\\\/magazine\\\/#\\\/schema\\\/person\\\/c6beeb7b05f412d2823480967d76ad54\"},\"description\":\"Il non profit per guardare al futuro: il programma di Reinventing 2022 e la nostra ricerca su come coinvolgere un donatore\",\"breadcrumb\":{\"@id\":\"https:\\\/\\\/www.retedeldono.it\\\/magazine\\\/reinventing-2022-nuova-energia-alla-solidarieta\\\/#breadcrumb\"},\"inLanguage\":\"it-IT\",\"potentialAction\":[{\"@type\":\"ReadAction\",\"target\":[\"https:\\\/\\\/www.retedeldono.it\\\/magazine\\\/reinventing-2022-nuova-energia-alla-solidarieta\\\/\"]}]},{\"@type\":\"ImageObject\",\"inLanguage\":\"it-IT\",\"@id\":\"https:\\\/\\\/www.retedeldono.it\\\/magazine\\\/reinventing-2022-nuova-energia-alla-solidarieta\\\/#primaryimage\",\"url\":\"https:\\\/\\\/magazine.retedeldono.it\\\/wp-content\\\/uploads\\\/2022\\\/07\\\/societa-ambientale-crowdfunding.png\",\"contentUrl\":\"https:\\\/\\\/magazine.retedeldono.it\\\/wp-content\\\/uploads\\\/2022\\\/07\\\/societa-ambientale-crowdfunding.png\",\"width\":1000,\"height\":700},{\"@type\":\"BreadcrumbList\",\"@id\":\"https:\\\/\\\/www.retedeldono.it\\\/magazine\\\/reinventing-2022-nuova-energia-alla-solidarieta\\\/#breadcrumb\",\"itemListElement\":[{\"@type\":\"ListItem\",\"position\":1,\"name\":\"Home\",\"item\":\"https:\\\/\\\/www.retedeldono.it\\\/magazine\\\/\"},{\"@type\":\"ListItem\",\"position\":2,\"name\":\"Reinventing 2022, nuova energia alla solidariet\u00e0\"}]},{\"@type\":\"WebSite\",\"@id\":\"https:\\\/\\\/www.retedeldono.it\\\/magazine\\\/#website\",\"url\":\"https:\\\/\\\/www.retedeldono.it\\\/magazine\\\/\",\"name\":\"Rete del Dono Magazine\",\"description\":\"Rete del Dono Magazine\",\"potentialAction\":[{\"@type\":\"SearchAction\",\"target\":{\"@type\":\"EntryPoint\",\"urlTemplate\":\"https:\\\/\\\/www.retedeldono.it\\\/magazine\\\/?s={search_term_string}\"},\"query-input\":{\"@type\":\"PropertyValueSpecification\",\"valueRequired\":true,\"valueName\":\"search_term_string\"}}],\"inLanguage\":\"it-IT\"},{\"@type\":\"Person\",\"@id\":\"https:\\\/\\\/www.retedeldono.it\\\/magazine\\\/#\\\/schema\\\/person\\\/c6beeb7b05f412d2823480967d76ad54\",\"name\":\"Valeria Vitali\",\"image\":{\"@type\":\"ImageObject\",\"inLanguage\":\"it-IT\",\"@id\":\"https:\\\/\\\/secure.gravatar.com\\\/avatar\\\/ed06510965ea97eb2f14540fc0327ce5bf65b10d085192ae3b38003a07ff151a?s=96&d=mm&r=g\",\"url\":\"https:\\\/\\\/secure.gravatar.com\\\/avatar\\\/ed06510965ea97eb2f14540fc0327ce5bf65b10d085192ae3b38003a07ff151a?s=96&d=mm&r=g\",\"contentUrl\":\"https:\\\/\\\/secure.gravatar.com\\\/avatar\\\/ed06510965ea97eb2f14540fc0327ce5bf65b10d085192ae3b38003a07ff151a?s=96&d=mm&r=g\",\"caption\":\"Valeria Vitali\"},\"description\":\"Dopo una laurea in Scienze Politiche presso Universit\u00e0 degli studi di Pavia e un Master in Cooperazione e Sviluppo a Barcellona, ha iniziato il suo percorso professionale in Italia, occupandosi di comunicazione, per poi allargare i suoi orizzonti all\u2019estero. \u00c8 proprio qui che nasce l\u2019idea di Rete del Dono, l\u2019idea di diffondere in Italia una rivoluzione culturale che avvicini le persone al dono, inteso come gesto di impegno civile. L\u2019innovazione digitale ha fatto la sua parte, facilitando e dando maggior concretezza a questo progetto costruito insieme ad Anna Siccardi.\",\"url\":\"https:\\\/\\\/www.retedeldono.it\\\/magazine\\\/author\\\/valeria-vitali\\\/\"}]}<\/script>\n<!-- \/ Yoast SEO plugin. -->","yoast_head_json":{"title":"Reinventing 2022, nuova energia alla solidariet\u00e0 - Rete del Dono Magazine","description":"Il non profit per guardare al futuro: il programma di Reinventing 2022 e la nostra ricerca su come coinvolgere un donatore","robots":{"index":"index","follow":"follow","max-snippet":"max-snippet:-1","max-image-preview":"max-image-preview:large","max-video-preview":"max-video-preview:-1"},"canonical":"https:\/\/www.retedeldono.it\/magazine\/reinventing-2022-nuova-energia-alla-solidarieta\/","og_locale":"it_IT","og_type":"article","og_title":"Reinventing 2022, nuova energia alla solidariet\u00e0","og_description":"Il non profit per guardare al futuro: il programma di Reinventing 2022 e la nostra ricerca su come coinvolgere un donatore","og_url":"https:\/\/www.retedeldono.it\/magazine\/reinventing-2022-nuova-energia-alla-solidarieta\/","og_site_name":"Rete del Dono Magazine","article_publisher":"https:\/\/www.facebook.com\/retedeldono\/","article_published_time":"2022-09-22T07:20:18+00:00","article_modified_time":"2024-02-22T11:28:50+00:00","og_image":[{"width":1000,"height":700,"url":"https:\/\/magazine.retedeldono.it\/wp-content\/uploads\/2022\/07\/societa-ambientale-crowdfunding.png","type":"image\/png"}],"author":"Valeria Vitali","twitter_card":"summary_large_image","twitter_title":"Reinventing 2022, nuova energia alla solidariet\u00e0","twitter_description":"Il non profit per guardare al futuro: il programma di Reinventing 2022 e la nostra ricerca su come coinvolgere un donatore","twitter_image":"https:\/\/magazine.retedeldono.it\/wp-content\/uploads\/2022\/07\/societa-ambientale-crowdfunding.png","twitter_misc":{"Scritto da":"Valeria Vitali","Tempo di lettura stimato":"3 minuti"},"schema":{"@context":"https:\/\/schema.org","@graph":[{"@type":"Article","@id":"https:\/\/www.retedeldono.it\/magazine\/reinventing-2022-nuova-energia-alla-solidarieta\/#article","isPartOf":{"@id":"https:\/\/www.retedeldono.it\/magazine\/reinventing-2022-nuova-energia-alla-solidarieta\/"},"author":{"name":"Valeria Vitali","@id":"https:\/\/www.retedeldono.it\/magazine\/#\/schema\/person\/c6beeb7b05f412d2823480967d76ad54"},"headline":"Reinventing 2022, nuova energia alla solidariet\u00e0","datePublished":"2022-09-22T07:20:18+00:00","dateModified":"2024-02-22T11:28:50+00:00","mainEntityOfPage":{"@id":"https:\/\/www.retedeldono.it\/magazine\/reinventing-2022-nuova-energia-alla-solidarieta\/"},"wordCount":660,"commentCount":0,"image":{"@id":"https:\/\/www.retedeldono.it\/magazine\/reinventing-2022-nuova-energia-alla-solidarieta\/#primaryimage"},"thumbnailUrl":"https:\/\/magazine.retedeldono.it\/wp-content\/uploads\/2022\/07\/societa-ambientale-crowdfunding.png","articleSection":["Fundraising"],"inLanguage":"it-IT","potentialAction":[{"@type":"CommentAction","name":"Comment","target":["https:\/\/www.retedeldono.it\/magazine\/reinventing-2022-nuova-energia-alla-solidarieta\/#respond"]}]},{"@type":"WebPage","@id":"https:\/\/www.retedeldono.it\/magazine\/reinventing-2022-nuova-energia-alla-solidarieta\/","url":"https:\/\/www.retedeldono.it\/magazine\/reinventing-2022-nuova-energia-alla-solidarieta\/","name":"Reinventing 2022, nuova energia alla solidariet\u00e0 - Rete del Dono Magazine","isPartOf":{"@id":"https:\/\/www.retedeldono.it\/magazine\/#website"},"primaryImageOfPage":{"@id":"https:\/\/www.retedeldono.it\/magazine\/reinventing-2022-nuova-energia-alla-solidarieta\/#primaryimage"},"image":{"@id":"https:\/\/www.retedeldono.it\/magazine\/reinventing-2022-nuova-energia-alla-solidarieta\/#primaryimage"},"thumbnailUrl":"https:\/\/magazine.retedeldono.it\/wp-content\/uploads\/2022\/07\/societa-ambientale-crowdfunding.png","datePublished":"2022-09-22T07:20:18+00:00","dateModified":"2024-02-22T11:28:50+00:00","author":{"@id":"https:\/\/www.retedeldono.it\/magazine\/#\/schema\/person\/c6beeb7b05f412d2823480967d76ad54"},"description":"Il non profit per guardare al futuro: il programma di Reinventing 2022 e la nostra ricerca su come coinvolgere un donatore","breadcrumb":{"@id":"https:\/\/www.retedeldono.it\/magazine\/reinventing-2022-nuova-energia-alla-solidarieta\/#breadcrumb"},"inLanguage":"it-IT","potentialAction":[{"@type":"ReadAction","target":["https:\/\/www.retedeldono.it\/magazine\/reinventing-2022-nuova-energia-alla-solidarieta\/"]}]},{"@type":"ImageObject","inLanguage":"it-IT","@id":"https:\/\/www.retedeldono.it\/magazine\/reinventing-2022-nuova-energia-alla-solidarieta\/#primaryimage","url":"https:\/\/magazine.retedeldono.it\/wp-content\/uploads\/2022\/07\/societa-ambientale-crowdfunding.png","contentUrl":"https:\/\/magazine.retedeldono.it\/wp-content\/uploads\/2022\/07\/societa-ambientale-crowdfunding.png","width":1000,"height":700},{"@type":"BreadcrumbList","@id":"https:\/\/www.retedeldono.it\/magazine\/reinventing-2022-nuova-energia-alla-solidarieta\/#breadcrumb","itemListElement":[{"@type":"ListItem","position":1,"name":"Home","item":"https:\/\/www.retedeldono.it\/magazine\/"},{"@type":"ListItem","position":2,"name":"Reinventing 2022, nuova energia alla solidariet\u00e0"}]},{"@type":"WebSite","@id":"https:\/\/www.retedeldono.it\/magazine\/#website","url":"https:\/\/www.retedeldono.it\/magazine\/","name":"Rete del Dono Magazine","description":"Rete del Dono Magazine","potentialAction":[{"@type":"SearchAction","target":{"@type":"EntryPoint","urlTemplate":"https:\/\/www.retedeldono.it\/magazine\/?s={search_term_string}"},"query-input":{"@type":"PropertyValueSpecification","valueRequired":true,"valueName":"search_term_string"}}],"inLanguage":"it-IT"},{"@type":"Person","@id":"https:\/\/www.retedeldono.it\/magazine\/#\/schema\/person\/c6beeb7b05f412d2823480967d76ad54","name":"Valeria Vitali","image":{"@type":"ImageObject","inLanguage":"it-IT","@id":"https:\/\/secure.gravatar.com\/avatar\/ed06510965ea97eb2f14540fc0327ce5bf65b10d085192ae3b38003a07ff151a?s=96&d=mm&r=g","url":"https:\/\/secure.gravatar.com\/avatar\/ed06510965ea97eb2f14540fc0327ce5bf65b10d085192ae3b38003a07ff151a?s=96&d=mm&r=g","contentUrl":"https:\/\/secure.gravatar.com\/avatar\/ed06510965ea97eb2f14540fc0327ce5bf65b10d085192ae3b38003a07ff151a?s=96&d=mm&r=g","caption":"Valeria Vitali"},"description":"Dopo una laurea in Scienze Politiche presso Universit\u00e0 degli studi di Pavia e un Master in Cooperazione e Sviluppo a Barcellona, ha iniziato il suo percorso professionale in Italia, occupandosi di comunicazione, per poi allargare i suoi orizzonti all\u2019estero. \u00c8 proprio qui che nasce l\u2019idea di Rete del Dono, l\u2019idea di diffondere in Italia una rivoluzione culturale che avvicini le persone al dono, inteso come gesto di impegno civile. L\u2019innovazione digitale ha fatto la sua parte, facilitando e dando maggior concretezza a questo progetto costruito insieme ad Anna Siccardi.","url":"https:\/\/www.retedeldono.it\/magazine\/author\/valeria-vitali\/"}]}},"_links":{"self":[{"href":"https:\/\/www.retedeldono.it\/magazine\/wp-json\/wp\/v2\/posts\/1511","targetHints":{"allow":["GET"]}}],"collection":[{"href":"https:\/\/www.retedeldono.it\/magazine\/wp-json\/wp\/v2\/posts"}],"about":[{"href":"https:\/\/www.retedeldono.it\/magazine\/wp-json\/wp\/v2\/types\/post"}],"author":[{"embeddable":true,"href":"https:\/\/www.retedeldono.it\/magazine\/wp-json\/wp\/v2\/users\/6"}],"replies":[{"embeddable":true,"href":"https:\/\/www.retedeldono.it\/magazine\/wp-json\/wp\/v2\/comments?post=1511"}],"version-history":[{"count":1,"href":"https:\/\/www.retedeldono.it\/magazine\/wp-json\/wp\/v2\/posts\/1511\/revisions"}],"predecessor-version":[{"id":3161,"href":"https:\/\/www.retedeldono.it\/magazine\/wp-json\/wp\/v2\/posts\/1511\/revisions\/3161"}],"wp:featuredmedia":[{"embeddable":true,"href":"https:\/\/www.retedeldono.it\/magazine\/wp-json\/wp\/v2\/media\/1310"}],"wp:attachment":[{"href":"https:\/\/www.retedeldono.it\/magazine\/wp-json\/wp\/v2\/media?parent=1511"}],"wp:term":[{"taxonomy":"category","embeddable":true,"href":"https:\/\/www.retedeldono.it\/magazine\/wp-json\/wp\/v2\/categories?post=1511"},{"taxonomy":"post_tag","embeddable":true,"href":"https:\/\/www.retedeldono.it\/magazine\/wp-json\/wp\/v2\/tags?post=1511"}],"curies":[{"name":"wp","href":"https:\/\/api.w.org\/{rel}","templated":true}]}}