{"id":1563,"date":"2022-10-06T09:19:36","date_gmt":"2022-10-06T09:19:36","guid":{"rendered":"https:\/\/www.retedeldono.it\/magazine\/?p=1563"},"modified":"2024-02-22T11:28:57","modified_gmt":"2024-02-22T11:28:57","slug":"erogazione-progettazione-partnership","status":"publish","type":"post","link":"https:\/\/www.retedeldono.it\/magazine\/erogazione-progettazione-partnership\/","title":{"rendered":"Dall\u2019erogazione alla co-progettazione: il futuro \u00e8 lavorare in partnership"},"content":{"rendered":"[vc_row type=&#8221;in_container&#8221; full_screen_row_position=&#8221;middle&#8221; column_margin=&#8221;default&#8221; column_direction=&#8221;default&#8221; column_direction_tablet=&#8221;default&#8221; column_direction_phone=&#8221;default&#8221; scene_position=&#8221;center&#8221; text_color=&#8221;dark&#8221; text_align=&#8221;left&#8221; row_border_radius=&#8221;none&#8221; row_border_radius_applies=&#8221;bg&#8221; overflow=&#8221;visible&#8221; overlay_strength=&#8221;0.3&#8243; gradient_direction=&#8221;left_to_right&#8221; shape_divider_position=&#8221;bottom&#8221; bg_image_animation=&#8221;none&#8221;][vc_column column_padding=&#8221;no-extra-padding&#8221; column_padding_tablet=&#8221;inherit&#8221; column_padding_phone=&#8221;inherit&#8221; column_padding_position=&#8221;all&#8221; column_element_spacing=&#8221;default&#8221; background_color_opacity=&#8221;1&#8243; background_hover_color_opacity=&#8221;1&#8243; column_shadow=&#8221;none&#8221; column_border_radius=&#8221;none&#8221; column_link_target=&#8221;_self&#8221; column_position=&#8221;default&#8221; gradient_direction=&#8221;left_to_right&#8221; overlay_strength=&#8221;0.3&#8243; width=&#8221;1\/1&#8243; tablet_width_inherit=&#8221;default&#8221; tablet_text_alignment=&#8221;default&#8221; phone_text_alignment=&#8221;default&#8221; animation_type=&#8221;default&#8221; bg_image_animation=&#8221;none&#8221; border_type=&#8221;simple&#8221; column_border_width=&#8221;none&#8221; column_border_style=&#8221;solid&#8221;][vc_column_text]\r\n<p>Le relazioni tra imprese, enti pubblici e associazioni del Terzo Settore sono sempre pi\u00f9 ispirate al principio di collaborazione. E spesso si va oltre, costruendo dei veri e propri <strong>percorsi di co-progettazione<\/strong> in cui i soggetti coinvolti si riconoscono vicendevolmente come partner e non nei \u201cvecchi\u201d ruoli di committente e fornitore. Il <strong>4 ottobre 2022<\/strong>, alla decima edizione del <a href=\"https:\/\/www.csreinnovazionesociale.it\/\"><strong>Salone della CSR e dell\u2019innovazione sociale<\/strong><\/a>, abbiamo analizzato questa tendenza a partire da alcuni dei case study pi\u00f9 interessanti nel nostro Paese.<\/p>\r\n\r\n\r\n\r\n<h2 class=\"wp-block-heading\">La co-progettazione per un nuovo ruolo delle fondazioni<\/h2>\r\n\r\n<p>Il passaggio dalla logica dell\u2019erogazione a quella della partecipazione implica che progettualit\u00e0, operativit\u00e0 e responsabilit\u00e0 siano condivise. \u201cNoi abbiamo abbandonato il paradigma del welfare riparativo in favore del welfare generativo\u201d spiega <strong>Carola Carazzone, Segretario Generale Assifero<\/strong>. Nata nel 2003 come Associazione Italiana Fondazioni ed Enti di Erogazione, nel 2016 \u00e8 diventata Associazione Italiana Fondazioni ed Enti Filantropici proprio per superare la logica del bando. \u201cNon siamo pi\u00f9 dei \u2018bancomat\u2019 donatori una tantum, ma promuoviamo una filantropia strategica con missioni e orizzonti d\u2019impatto ben definiti. Per perseguire una <a href=\"https:\/\/www.retedeldono.it\/magazine\/sostenibilita-aziendale\/\" target=\"_blank\" rel=\"noreferrer noopener\"><strong>sostenibilit\u00e0<\/strong><\/a> di lungo periodo, l\u2019erogazione di fondi non \u00e8 il fine ma solo uno degli strumenti. Ora le fondazioni sono catalizzatori di capitale finanziario e redistribuiscono le risorse di ogni forma: competenze, costruzione di reti e sinergie tra organizzazioni, sviluppo di leadership partecipata\u201d.<\/p>\r\n\r\n\r\n\r\n<h2 class=\"wp-block-heading\">Costa Crociere per le spiagge italiane<\/h2>\r\n\r\n<p>Lavorare in partnership per realizzare progetti e servizi soddisfacendo i bisogni delle comunit\u00e0. Questo l\u2019obiettivo anche di <strong>Costa Crociere<\/strong>, che ha coinvolto l\u2019Osservatorio Ligure Pesca e Ambiente (OLPA), ENEA, Guardia Costiera e alcuni enti educativi nel progetto <strong>I Guardiani della Costa<\/strong> per sensibilizzare gli studenti di elementari, medie e superiori sulla salvaguardia del pianeta. \u201cVogliamo lavorare con i territori per avere un impatto sui luoghi costieri che tocchiamo con le nostre tratte\u201d dice <strong>Elena Pastorino, Project Manager di Fondazione Costa Crociere. <\/strong>\u201cNata nel 2017, questa iniziativa di Citizen Science propone materiali didattici per una formazione in classe e poi l\u2019attivit\u00e0 di monitoraggio di un tratto di litorale per raccogliere dati scientifici che possano fotografare lo stato di salute dell\u2019ambiente. In 4 edizioni, abbiamo gi\u00e0 raggiunto 1.445 scuole e 31.514 studenti, adottando 2.600 km di costa e raccogliendo 125mila dati\u201d.<\/p>\r\n\r\n\r\n\r\n<h2 class=\"wp-block-heading\">Acque Bresciane, basta sponsorizzazioni<\/h2>\r\n\r\n<p>Anche le aziende pubbliche possono inserirsi in queste dinamiche. Un esempio \u00e8 <strong>Acque Bresciane<\/strong>, gestore del Servizio idrico integrato della Provincia di Brescia. \u201cSiamo usciti dalla logica della sponsorizzazione per cominciare a progettare eventi insieme agli attori del territorio\u201d racconta <strong>Francesco Esposto, Responsabile Sostenibilit\u00e0 e Innovazione. <\/strong>\u201cAl Gimondi Bike, sul Lago d\u2019Iseo, abbiamo installato 3 fontanelle mobili per eliminare oltre 8.000 bottigliette di plastica. Alla Sagra del Contadino abbiamo sviluppato un evento sulla siccit\u00e0, approfondendo la possibilit\u00e0 di riutilizzare le acque legate agli usi agricoli\u201d. Interventi che implicano sforzi organizzativi superiori rispetto a una sponsorizzazione, ma che rispondono al <strong><a href=\"https:\/\/www.retedeldono.it\/magazine\/economia-sostenibile\/\" target=\"_blank\" rel=\"noreferrer noopener\">piano di sostenibilit\u00e0<\/a><\/strong> la cui condivisione interna all\u2019azienda (e non solo dalla dirigenza) \u00e8 fondamentale per far sentire le proprie persone consapevoli ambassador della propria mission. \u201cPer la prima Giornata Provinciale dell\u2019Acqua abbiamo selezionato le idee migliori mettendo attorno a un tavolo oltre 20 stakeholder tra insegnanti, cooperative, associazioni, sindaci, assistenti sociali, ingegneri e agronomi.\u00a0<\/p>\r\n\r\n\r\n\r\n<h2 class=\"wp-block-heading\">Sofidel for Talent per la cura delle foreste<\/h2>\r\n\r\n<p>L\u2019attenzione all\u2019<strong><a href=\"https:\/\/www.retedeldono.it\/magazine\/sostenibilita-ambientale-crowdfunding\/\" target=\"_blank\" rel=\"noreferrer noopener\">impatto ambientale<\/a><\/strong> per un\u2019azienda \u00e8 fondamentale, soprattutto se come <strong>Sofidel<\/strong> produce carta per uso igienico e domestico. Ecco perch\u00e9 la partnership da 15 anni con WWF, che l\u2019ha accompagnata verso lo sviluppo di una cultura della sostenibilit\u00e0. \u201cEntro il 2030 ridurremo le emissioni di oltre il 40% e l\u2019uso di plastica del 50%\u201d annuncia <strong>Elena Faccio, Creative, Communication &amp; CSR Director. <\/strong>\u201cPer la salvaguardia delle foreste abbiamo costruito Sofidel for Talent, coinvolgendo anche la Rete delle Universit\u00e0 Sostenibili e molti docenti delle materie ambientali. Tra centinaia di candidature abbiamo selezionato 15 studenti che hanno seguito un Workshop di 3 giorni su conservazione e gestione forestale e poi, presso l\u2019Oasi di Monticiano e la Riserva naturale Alto Merse hanno vissuto esperienze di immersione nella natura per imparare le tecniche pi\u00f9 innovative di monitoraggio della biodiversit\u00e0\u201d.<\/p>\r\n\r\n\r\n\r\n<h2 class=\"wp-block-heading\">Everel Group per la rigenerazione del territorio<\/h2>\r\n\r\n<p>A fare da facilitatore delle interconnessioni sociali di un territorio pu\u00f2 essere anche un\u2019azienda. <strong>Everel Group<\/strong>, che si occupa di componentistica elettronica, ha stretto una partnership con Fondazione Historie Onlus, una realt\u00e0 sociale con sede a Villafranca di Verona che si occupa di persone con fragilit\u00e0. \u201cCon loro abbiamo avviato due progetti\u201d spiega <strong>Thomaz Zobele, CSR Manager<\/strong>. \u201cL\u2019orto aziendale in un terreno inutilizzato di nostra propriet\u00e0, che ha coinvolto sia ospiti della Onlus sia nostri dipendenti; e il volontariato aziendale, che ha visto impegnate oltre 60 nostre persone per circa 420 ore di impegno\u201d.<\/p>\r\n\r\n\r\n\r\n<h2 class=\"wp-block-heading\">Verso la Valutazione d\u2019Impatto<\/h2>\r\n\r\n<p>Il passaggio alla co-progettazione rende la Relazione d\u2019Impatto ancora pi\u00f9 importante per descrivere la complessit\u00e0 delle azioni di CSR. \u201cSuperare la mera rendicontazione rappresenta un cambiamento epocale sia di processo che di risultato\u201d dice <strong>Carola Carazzone<\/strong>. \u201cL\u2019organizzazione beneficiaria e l\u2019ente filantropico devono usare questo strumento come un processo permanente e un accompagnamento costante per un continuo apprendimento e non come una mera misurazione quantitativa ex post\u201d. Il rischio, poi, \u00e8 di scegliere \u201cgli indicatori che fanno pi\u00f9 comodo per comunicare positivamente noi stessi\u201d aggiunge <strong>Francesco Esposto<\/strong>. \u201cAcque Bresciane, prima societ\u00e0 utility a diventare Societ\u00e0 Benefit, non lavora solo per ridurre le perdite sulla rete e aumentare l\u2019efficienza del servizio, ma misura anche il proprio impatto sociale ed ambientale\u201d.\u00a0<\/p>\r\n\r\n\r\n\r\n<h2 class=\"wp-block-heading\">I vantaggi della co-progettazione<\/h2>\r\n\r\n<p>Lavorare insieme tra imprese, enti pubblici, enti filantropici e mondo del Terzo Settore rappresenta un cambiamento culturale fondamentale che ha almeno 3 vantaggi. La co-progettazione:<\/p>\r\n\r\n\r\n\r\n<ol class=\"wp-block-list\">\r\n<li>Stimola gli stakeholder a pensare in un\u2019ottica di valutazione d\u2019impatto, prendendo sempre pi\u00f9 seriamente questa modalit\u00e0 di analisi dei risultati. Costringe a chiedersi che cambiamento si vuole generare e si vuole coinvolgere.<\/li>\r\n<li>Rende pi\u00f9 consapevoli dei progetti che vengono generati e aumenta la capacit\u00e0 di raccontarli e raccontarsi.<\/li>\r\n<li>Crea una responsabilit\u00e0 condivisa grazie al percorso costruito insieme agli altri.<\/li>\r\n<\/ol>\r\n[\/vc_column_text][\/vc_column][\/vc_row]","protected":false},"excerpt":{"rendered":"<p>[vc_row type=&#8221;in_container&#8221; full_screen_row_position=&#8221;middle&#8221; column_margin=&#8221;default&#8221; column_direction=&#8221;default&#8221; column_direction_tablet=&#8221;default&#8221; column_direction_phone=&#8221;default&#8221; scene_position=&#8221;center&#8221; text_color=&#8221;dark&#8221; text_align=&#8221;left&#8221; row_border_radius=&#8221;none&#8221; row_border_radius_applies=&#8221;bg&#8221; overflow=&#8221;visible&#8221; overlay_strength=&#8221;0.3&#8243; gradient_direction=&#8221;left_to_right&#8221; shape_divider_position=&#8221;bottom&#8221; bg_image_animation=&#8221;none&#8221;][vc_column column_padding=&#8221;no-extra-padding&#8221; column_padding_tablet=&#8221;inherit&#8221; column_padding_phone=&#8221;inherit&#8221; column_padding_position=&#8221;all&#8221; column_element_spacing=&#8221;default&#8221; background_color_opacity=&#8221;1&#8243; background_hover_color_opacity=&#8221;1&#8243; column_shadow=&#8221;none&#8221; column_border_radius=&#8221;none&#8221; column_link_target=&#8221;_self&#8221; column_position=&#8221;default&#8221; gradient_direction=&#8221;left_to_right&#8221; overlay_strength=&#8221;0.3&#8243;&#8230;<\/p>\n","protected":false},"author":6,"featured_media":1583,"comment_status":"open","ping_status":"open","sticky":false,"template":"","format":"standard","meta":{"_acf_changed":false,"footnotes":""},"categories":[16],"tags":[],"class_list":{"0":"post-1563","1":"post","2":"type-post","3":"status-publish","4":"format-standard","5":"has-post-thumbnail","7":"category-sostenibilita"},"acf":{"homepage_rdd":false},"yoast_head":"<!-- This site is optimized with the Yoast SEO plugin v27.5 - https:\/\/yoast.com\/product\/yoast-seo-wordpress\/ -->\n<title>Dall\u2019erogazione alla co-progettazione: il futuro \u00e8 lavorare in partnership<\/title>\n<meta name=\"description\" content=\"La co-progettazione permette di creare sinergie nuove tra imprese, organizzazioni non profit, fondazioni ed enti pubblici\" \/>\n<meta name=\"robots\" content=\"index, follow, max-snippet:-1, max-image-preview:large, max-video-preview:-1\" \/>\n<link rel=\"canonical\" href=\"https:\/\/www.retedeldono.it\/magazine\/erogazione-progettazione-partnership\/\" \/>\n<meta property=\"og:locale\" content=\"it_IT\" \/>\n<meta property=\"og:type\" content=\"article\" \/>\n<meta property=\"og:title\" content=\"Dall\u2019erogazione alla co-progettazione: il futuro \u00e8 lavorare in partnership\" \/>\n<meta property=\"og:description\" content=\"La co-progettazione permette di creare sinergie nuove tra imprese, organizzazioni non profit, fondazioni ed enti pubblici\" \/>\n<meta property=\"og:url\" content=\"https:\/\/www.retedeldono.it\/magazine\/erogazione-progettazione-partnership\/\" \/>\n<meta property=\"og:site_name\" content=\"Rete del Dono Magazine\" \/>\n<meta property=\"article:publisher\" content=\"https:\/\/www.facebook.com\/retedeldono\/\" \/>\n<meta property=\"article:published_time\" content=\"2022-10-06T09:19:36+00:00\" \/>\n<meta property=\"article:modified_time\" content=\"2024-02-22T11:28:57+00:00\" \/>\n<meta property=\"og:image\" content=\"https:\/\/magazine.retedeldono.it\/wp-content\/uploads\/2022\/10\/rete-del-dono-magazine.png\" \/>\n\t<meta property=\"og:image:width\" content=\"1000\" \/>\n\t<meta property=\"og:image:height\" content=\"700\" \/>\n\t<meta property=\"og:image:type\" content=\"image\/png\" \/>\n<meta name=\"author\" content=\"Valeria Vitali\" \/>\n<meta name=\"twitter:card\" content=\"summary_large_image\" \/>\n<meta name=\"twitter:title\" content=\"Dall\u2019erogazione alla co-progettazione: il futuro \u00e8 lavorare in partnership\" \/>\n<meta name=\"twitter:description\" content=\"La co-progettazione permette di creare sinergie nuove tra imprese, organizzazioni non profit, fondazioni ed enti pubblici\" \/>\n<meta name=\"twitter:image\" content=\"https:\/\/magazine.retedeldono.it\/wp-content\/uploads\/2022\/10\/rete-del-dono-magazine.png\" \/>\n<meta name=\"twitter:label1\" content=\"Scritto da\" \/>\n\t<meta name=\"twitter:data1\" content=\"Valeria Vitali\" \/>\n\t<meta name=\"twitter:label2\" content=\"Tempo di lettura stimato\" \/>\n\t<meta name=\"twitter:data2\" content=\"6 minuti\" \/>\n<script type=\"application\/ld+json\" class=\"yoast-schema-graph\">{\"@context\":\"https:\\\/\\\/schema.org\",\"@graph\":[{\"@type\":\"Article\",\"@id\":\"https:\\\/\\\/www.retedeldono.it\\\/magazine\\\/erogazione-progettazione-partnership\\\/#article\",\"isPartOf\":{\"@id\":\"https:\\\/\\\/www.retedeldono.it\\\/magazine\\\/erogazione-progettazione-partnership\\\/\"},\"author\":{\"name\":\"Valeria Vitali\",\"@id\":\"https:\\\/\\\/www.retedeldono.it\\\/magazine\\\/#\\\/schema\\\/person\\\/c6beeb7b05f412d2823480967d76ad54\"},\"headline\":\"Dall\u2019erogazione alla co-progettazione: il futuro \u00e8 lavorare in partnership\",\"datePublished\":\"2022-10-06T09:19:36+00:00\",\"dateModified\":\"2024-02-22T11:28:57+00:00\",\"mainEntityOfPage\":{\"@id\":\"https:\\\/\\\/www.retedeldono.it\\\/magazine\\\/erogazione-progettazione-partnership\\\/\"},\"wordCount\":1133,\"commentCount\":0,\"image\":{\"@id\":\"https:\\\/\\\/www.retedeldono.it\\\/magazine\\\/erogazione-progettazione-partnership\\\/#primaryimage\"},\"thumbnailUrl\":\"https:\\\/\\\/magazine.retedeldono.it\\\/wp-content\\\/uploads\\\/2022\\\/10\\\/rete-del-dono-magazine.png\",\"articleSection\":[\"Sostenibilit\u00e0\"],\"inLanguage\":\"it-IT\",\"potentialAction\":[{\"@type\":\"CommentAction\",\"name\":\"Comment\",\"target\":[\"https:\\\/\\\/www.retedeldono.it\\\/magazine\\\/erogazione-progettazione-partnership\\\/#respond\"]}]},{\"@type\":\"WebPage\",\"@id\":\"https:\\\/\\\/www.retedeldono.it\\\/magazine\\\/erogazione-progettazione-partnership\\\/\",\"url\":\"https:\\\/\\\/www.retedeldono.it\\\/magazine\\\/erogazione-progettazione-partnership\\\/\",\"name\":\"Dall\u2019erogazione alla co-progettazione: il futuro \u00e8 lavorare in partnership\",\"isPartOf\":{\"@id\":\"https:\\\/\\\/www.retedeldono.it\\\/magazine\\\/#website\"},\"primaryImageOfPage\":{\"@id\":\"https:\\\/\\\/www.retedeldono.it\\\/magazine\\\/erogazione-progettazione-partnership\\\/#primaryimage\"},\"image\":{\"@id\":\"https:\\\/\\\/www.retedeldono.it\\\/magazine\\\/erogazione-progettazione-partnership\\\/#primaryimage\"},\"thumbnailUrl\":\"https:\\\/\\\/magazine.retedeldono.it\\\/wp-content\\\/uploads\\\/2022\\\/10\\\/rete-del-dono-magazine.png\",\"datePublished\":\"2022-10-06T09:19:36+00:00\",\"dateModified\":\"2024-02-22T11:28:57+00:00\",\"author\":{\"@id\":\"https:\\\/\\\/www.retedeldono.it\\\/magazine\\\/#\\\/schema\\\/person\\\/c6beeb7b05f412d2823480967d76ad54\"},\"description\":\"La co-progettazione permette di creare sinergie nuove tra imprese, organizzazioni non profit, fondazioni ed enti pubblici\",\"breadcrumb\":{\"@id\":\"https:\\\/\\\/www.retedeldono.it\\\/magazine\\\/erogazione-progettazione-partnership\\\/#breadcrumb\"},\"inLanguage\":\"it-IT\",\"potentialAction\":[{\"@type\":\"ReadAction\",\"target\":[\"https:\\\/\\\/www.retedeldono.it\\\/magazine\\\/erogazione-progettazione-partnership\\\/\"]}]},{\"@type\":\"ImageObject\",\"inLanguage\":\"it-IT\",\"@id\":\"https:\\\/\\\/www.retedeldono.it\\\/magazine\\\/erogazione-progettazione-partnership\\\/#primaryimage\",\"url\":\"https:\\\/\\\/magazine.retedeldono.it\\\/wp-content\\\/uploads\\\/2022\\\/10\\\/rete-del-dono-magazine.png\",\"contentUrl\":\"https:\\\/\\\/magazine.retedeldono.it\\\/wp-content\\\/uploads\\\/2022\\\/10\\\/rete-del-dono-magazine.png\",\"width\":1000,\"height\":700,\"caption\":\"rete-del-dono-magazine-partnership\"},{\"@type\":\"BreadcrumbList\",\"@id\":\"https:\\\/\\\/www.retedeldono.it\\\/magazine\\\/erogazione-progettazione-partnership\\\/#breadcrumb\",\"itemListElement\":[{\"@type\":\"ListItem\",\"position\":1,\"name\":\"Home\",\"item\":\"https:\\\/\\\/www.retedeldono.it\\\/magazine\\\/\"},{\"@type\":\"ListItem\",\"position\":2,\"name\":\"Dall\u2019erogazione alla co-progettazione: il futuro \u00e8 lavorare in partnership\"}]},{\"@type\":\"WebSite\",\"@id\":\"https:\\\/\\\/www.retedeldono.it\\\/magazine\\\/#website\",\"url\":\"https:\\\/\\\/www.retedeldono.it\\\/magazine\\\/\",\"name\":\"Rete del Dono Magazine\",\"description\":\"Rete del Dono Magazine\",\"potentialAction\":[{\"@type\":\"SearchAction\",\"target\":{\"@type\":\"EntryPoint\",\"urlTemplate\":\"https:\\\/\\\/www.retedeldono.it\\\/magazine\\\/?s={search_term_string}\"},\"query-input\":{\"@type\":\"PropertyValueSpecification\",\"valueRequired\":true,\"valueName\":\"search_term_string\"}}],\"inLanguage\":\"it-IT\"},{\"@type\":\"Person\",\"@id\":\"https:\\\/\\\/www.retedeldono.it\\\/magazine\\\/#\\\/schema\\\/person\\\/c6beeb7b05f412d2823480967d76ad54\",\"name\":\"Valeria Vitali\",\"image\":{\"@type\":\"ImageObject\",\"inLanguage\":\"it-IT\",\"@id\":\"https:\\\/\\\/secure.gravatar.com\\\/avatar\\\/ed06510965ea97eb2f14540fc0327ce5bf65b10d085192ae3b38003a07ff151a?s=96&d=mm&r=g\",\"url\":\"https:\\\/\\\/secure.gravatar.com\\\/avatar\\\/ed06510965ea97eb2f14540fc0327ce5bf65b10d085192ae3b38003a07ff151a?s=96&d=mm&r=g\",\"contentUrl\":\"https:\\\/\\\/secure.gravatar.com\\\/avatar\\\/ed06510965ea97eb2f14540fc0327ce5bf65b10d085192ae3b38003a07ff151a?s=96&d=mm&r=g\",\"caption\":\"Valeria Vitali\"},\"description\":\"Dopo una laurea in Scienze Politiche presso Universit\u00e0 degli studi di Pavia e un Master in Cooperazione e Sviluppo a Barcellona, ha iniziato il suo percorso professionale in Italia, occupandosi di comunicazione, per poi allargare i suoi orizzonti all\u2019estero. \u00c8 proprio qui che nasce l\u2019idea di Rete del Dono, l\u2019idea di diffondere in Italia una rivoluzione culturale che avvicini le persone al dono, inteso come gesto di impegno civile. L\u2019innovazione digitale ha fatto la sua parte, facilitando e dando maggior concretezza a questo progetto costruito insieme ad Anna Siccardi.\",\"url\":\"https:\\\/\\\/www.retedeldono.it\\\/magazine\\\/author\\\/valeria-vitali\\\/\"}]}<\/script>\n<!-- \/ Yoast SEO plugin. -->","yoast_head_json":{"title":"Dall\u2019erogazione alla co-progettazione: il futuro \u00e8 lavorare in partnership","description":"La co-progettazione permette di creare sinergie nuove tra imprese, organizzazioni non profit, fondazioni ed enti pubblici","robots":{"index":"index","follow":"follow","max-snippet":"max-snippet:-1","max-image-preview":"max-image-preview:large","max-video-preview":"max-video-preview:-1"},"canonical":"https:\/\/www.retedeldono.it\/magazine\/erogazione-progettazione-partnership\/","og_locale":"it_IT","og_type":"article","og_title":"Dall\u2019erogazione alla co-progettazione: il futuro \u00e8 lavorare in partnership","og_description":"La co-progettazione permette di creare sinergie nuove tra imprese, organizzazioni non profit, fondazioni ed enti pubblici","og_url":"https:\/\/www.retedeldono.it\/magazine\/erogazione-progettazione-partnership\/","og_site_name":"Rete del Dono Magazine","article_publisher":"https:\/\/www.facebook.com\/retedeldono\/","article_published_time":"2022-10-06T09:19:36+00:00","article_modified_time":"2024-02-22T11:28:57+00:00","og_image":[{"width":1000,"height":700,"url":"https:\/\/magazine.retedeldono.it\/wp-content\/uploads\/2022\/10\/rete-del-dono-magazine.png","type":"image\/png"}],"author":"Valeria Vitali","twitter_card":"summary_large_image","twitter_title":"Dall\u2019erogazione alla co-progettazione: il futuro \u00e8 lavorare in partnership","twitter_description":"La co-progettazione permette di creare sinergie nuove tra imprese, organizzazioni non profit, fondazioni ed enti pubblici","twitter_image":"https:\/\/magazine.retedeldono.it\/wp-content\/uploads\/2022\/10\/rete-del-dono-magazine.png","twitter_misc":{"Scritto da":"Valeria Vitali","Tempo di lettura stimato":"6 minuti"},"schema":{"@context":"https:\/\/schema.org","@graph":[{"@type":"Article","@id":"https:\/\/www.retedeldono.it\/magazine\/erogazione-progettazione-partnership\/#article","isPartOf":{"@id":"https:\/\/www.retedeldono.it\/magazine\/erogazione-progettazione-partnership\/"},"author":{"name":"Valeria Vitali","@id":"https:\/\/www.retedeldono.it\/magazine\/#\/schema\/person\/c6beeb7b05f412d2823480967d76ad54"},"headline":"Dall\u2019erogazione alla co-progettazione: il futuro \u00e8 lavorare in partnership","datePublished":"2022-10-06T09:19:36+00:00","dateModified":"2024-02-22T11:28:57+00:00","mainEntityOfPage":{"@id":"https:\/\/www.retedeldono.it\/magazine\/erogazione-progettazione-partnership\/"},"wordCount":1133,"commentCount":0,"image":{"@id":"https:\/\/www.retedeldono.it\/magazine\/erogazione-progettazione-partnership\/#primaryimage"},"thumbnailUrl":"https:\/\/magazine.retedeldono.it\/wp-content\/uploads\/2022\/10\/rete-del-dono-magazine.png","articleSection":["Sostenibilit\u00e0"],"inLanguage":"it-IT","potentialAction":[{"@type":"CommentAction","name":"Comment","target":["https:\/\/www.retedeldono.it\/magazine\/erogazione-progettazione-partnership\/#respond"]}]},{"@type":"WebPage","@id":"https:\/\/www.retedeldono.it\/magazine\/erogazione-progettazione-partnership\/","url":"https:\/\/www.retedeldono.it\/magazine\/erogazione-progettazione-partnership\/","name":"Dall\u2019erogazione alla co-progettazione: il futuro \u00e8 lavorare in partnership","isPartOf":{"@id":"https:\/\/www.retedeldono.it\/magazine\/#website"},"primaryImageOfPage":{"@id":"https:\/\/www.retedeldono.it\/magazine\/erogazione-progettazione-partnership\/#primaryimage"},"image":{"@id":"https:\/\/www.retedeldono.it\/magazine\/erogazione-progettazione-partnership\/#primaryimage"},"thumbnailUrl":"https:\/\/magazine.retedeldono.it\/wp-content\/uploads\/2022\/10\/rete-del-dono-magazine.png","datePublished":"2022-10-06T09:19:36+00:00","dateModified":"2024-02-22T11:28:57+00:00","author":{"@id":"https:\/\/www.retedeldono.it\/magazine\/#\/schema\/person\/c6beeb7b05f412d2823480967d76ad54"},"description":"La co-progettazione permette di creare sinergie nuove tra imprese, organizzazioni non profit, fondazioni ed enti pubblici","breadcrumb":{"@id":"https:\/\/www.retedeldono.it\/magazine\/erogazione-progettazione-partnership\/#breadcrumb"},"inLanguage":"it-IT","potentialAction":[{"@type":"ReadAction","target":["https:\/\/www.retedeldono.it\/magazine\/erogazione-progettazione-partnership\/"]}]},{"@type":"ImageObject","inLanguage":"it-IT","@id":"https:\/\/www.retedeldono.it\/magazine\/erogazione-progettazione-partnership\/#primaryimage","url":"https:\/\/magazine.retedeldono.it\/wp-content\/uploads\/2022\/10\/rete-del-dono-magazine.png","contentUrl":"https:\/\/magazine.retedeldono.it\/wp-content\/uploads\/2022\/10\/rete-del-dono-magazine.png","width":1000,"height":700,"caption":"rete-del-dono-magazine-partnership"},{"@type":"BreadcrumbList","@id":"https:\/\/www.retedeldono.it\/magazine\/erogazione-progettazione-partnership\/#breadcrumb","itemListElement":[{"@type":"ListItem","position":1,"name":"Home","item":"https:\/\/www.retedeldono.it\/magazine\/"},{"@type":"ListItem","position":2,"name":"Dall\u2019erogazione alla co-progettazione: il futuro \u00e8 lavorare in partnership"}]},{"@type":"WebSite","@id":"https:\/\/www.retedeldono.it\/magazine\/#website","url":"https:\/\/www.retedeldono.it\/magazine\/","name":"Rete del Dono Magazine","description":"Rete del Dono Magazine","potentialAction":[{"@type":"SearchAction","target":{"@type":"EntryPoint","urlTemplate":"https:\/\/www.retedeldono.it\/magazine\/?s={search_term_string}"},"query-input":{"@type":"PropertyValueSpecification","valueRequired":true,"valueName":"search_term_string"}}],"inLanguage":"it-IT"},{"@type":"Person","@id":"https:\/\/www.retedeldono.it\/magazine\/#\/schema\/person\/c6beeb7b05f412d2823480967d76ad54","name":"Valeria Vitali","image":{"@type":"ImageObject","inLanguage":"it-IT","@id":"https:\/\/secure.gravatar.com\/avatar\/ed06510965ea97eb2f14540fc0327ce5bf65b10d085192ae3b38003a07ff151a?s=96&d=mm&r=g","url":"https:\/\/secure.gravatar.com\/avatar\/ed06510965ea97eb2f14540fc0327ce5bf65b10d085192ae3b38003a07ff151a?s=96&d=mm&r=g","contentUrl":"https:\/\/secure.gravatar.com\/avatar\/ed06510965ea97eb2f14540fc0327ce5bf65b10d085192ae3b38003a07ff151a?s=96&d=mm&r=g","caption":"Valeria Vitali"},"description":"Dopo una laurea in Scienze Politiche presso Universit\u00e0 degli studi di Pavia e un Master in Cooperazione e Sviluppo a Barcellona, ha iniziato il suo percorso professionale in Italia, occupandosi di comunicazione, per poi allargare i suoi orizzonti all\u2019estero. \u00c8 proprio qui che nasce l\u2019idea di Rete del Dono, l\u2019idea di diffondere in Italia una rivoluzione culturale che avvicini le persone al dono, inteso come gesto di impegno civile. L\u2019innovazione digitale ha fatto la sua parte, facilitando e dando maggior concretezza a questo progetto costruito insieme ad Anna Siccardi.","url":"https:\/\/www.retedeldono.it\/magazine\/author\/valeria-vitali\/"}]}},"_links":{"self":[{"href":"https:\/\/www.retedeldono.it\/magazine\/wp-json\/wp\/v2\/posts\/1563","targetHints":{"allow":["GET"]}}],"collection":[{"href":"https:\/\/www.retedeldono.it\/magazine\/wp-json\/wp\/v2\/posts"}],"about":[{"href":"https:\/\/www.retedeldono.it\/magazine\/wp-json\/wp\/v2\/types\/post"}],"author":[{"embeddable":true,"href":"https:\/\/www.retedeldono.it\/magazine\/wp-json\/wp\/v2\/users\/6"}],"replies":[{"embeddable":true,"href":"https:\/\/www.retedeldono.it\/magazine\/wp-json\/wp\/v2\/comments?post=1563"}],"version-history":[{"count":1,"href":"https:\/\/www.retedeldono.it\/magazine\/wp-json\/wp\/v2\/posts\/1563\/revisions"}],"predecessor-version":[{"id":3162,"href":"https:\/\/www.retedeldono.it\/magazine\/wp-json\/wp\/v2\/posts\/1563\/revisions\/3162"}],"wp:featuredmedia":[{"embeddable":true,"href":"https:\/\/www.retedeldono.it\/magazine\/wp-json\/wp\/v2\/media\/1583"}],"wp:attachment":[{"href":"https:\/\/www.retedeldono.it\/magazine\/wp-json\/wp\/v2\/media?parent=1563"}],"wp:term":[{"taxonomy":"category","embeddable":true,"href":"https:\/\/www.retedeldono.it\/magazine\/wp-json\/wp\/v2\/categories?post=1563"},{"taxonomy":"post_tag","embeddable":true,"href":"https:\/\/www.retedeldono.it\/magazine\/wp-json\/wp\/v2\/tags?post=1563"}],"curies":[{"name":"wp","href":"https:\/\/api.w.org\/{rel}","templated":true}]}}