{"id":1590,"date":"2022-10-12T15:28:20","date_gmt":"2022-10-12T15:28:20","guid":{"rendered":"https:\/\/www.retedeldono.it\/magazine\/?p=1590"},"modified":"2023-01-23T11:33:54","modified_gmt":"2023-01-23T11:33:54","slug":"personal-fundraising-per-la-comunita","status":"publish","type":"post","link":"https:\/\/www.retedeldono.it\/magazine\/personal-fundraising-per-la-comunita\/","title":{"rendered":"Personal fundraising per la comunit\u00e0: volontari e beneficiari al centro"},"content":{"rendered":"\n<p>Pi\u00f9 una persona \u00e8 coinvolta da una causa, pi\u00f9 ne diventa testimonial credibile e appassionato. Questa \u00e8 la forza del <a href=\"https:\/\/www.retedeldono.it\/magazine\/personal-fundraising\/\"><strong>Personal fundraising<\/strong><\/a> <strong>per la comunit\u00e0<\/strong>: se infatti le <a href=\"https:\/\/www.retedeldono.it\/magazine\/crowdfunding-e-cooperazione-internazionale\/\"><strong>cause umanitarie<\/strong><\/a> possono fare leva sulla rilevanza del bisogno (ma pagano lo scotto della lontananza dalla quotidianit\u00e0 delle persone), le organizzazioni territoriali puntano tutto sull\u2019entusiasmo dei propri volontari e sull\u2019impatto tangibile del proprio operato. E in alcuni casi possono metterci la faccia gli stessi beneficiari.<\/p>\n\n\n\n<h2 class=\"wp-block-heading\">Personal fundraising: cos&#8217;\u00e8<\/h2>\n\n\n\n<p>I&nbsp;<strong>personal fundraiser<\/strong>&nbsp;sono persone che decidono di sostenere una causa o un Ente del Terzo Settore in maniera ancora pi\u00f9 attiva rispetto a una semplice donazione. Essi infatti non si limitano a donare in prima persona, ma spendono tempo ed energie per aprire una <strong>raccolta fondi<\/strong> e invitare i propri contatti a contribuire. Spinti dal senso di appartenenza verso un&#8217;organizzazione, mossi dall&#8217;urgenza della causa e dal senso civico che valorizza il dono come risorsa per la propria comunit\u00e0, i personal fundraiser scendono in campo in prima linea per permettere a una pi\u00f9 ampia campagna di crowdfunding di raggiungere il proprio obiettivo di raccolta.<\/p>\n\n\n\n<h2 class=\"wp-block-heading\">Una cura per GNAO1<\/h2>\n\n\n\n<p>\u00c8 il caso della campagna lanciata da <a href=\"https:\/\/www.retedeldono.it\/it\/progetti\/famiglie-gnao1-aps\/una-cura-per-gnao1-2\"><strong>Famiglie GNAO1<\/strong><\/a>, associazione nata nel 2019 per diffondere la conoscenza sulla mutazione del gene GNAO1; si tratta di una malattia rarissima scoperta solamente nel 2013 e per la quale non esiste ancora una cura. \u201cLa maggior parte dei bambini con questa diagnosi non possono camminare, parlare o stare seduti da soli\u201d spiega <strong>Massimiliano Tomassi, Presidente<\/strong>. \u201cSiamo gi\u00e0 riusciti a organizzare due conferenze scientifiche internazionali e ad avviare 3 progetti di ricerca in Italia\u201d. Questa volta, sul modello di <a href=\"https:\/\/blog.retedeldono.it\/it\/personal-fundraising-andiamo-oltre-la-raccolta-fondi\"><strong>CAN 2021<\/strong><\/a>, hanno pensato di coinvolgere direttamente le famiglie che convivono ogni giorno con questa malattia.<\/p>\n\n\n\n<h2 class=\"wp-block-heading\">Persone al centro<\/h2>\n\n\n\n<p>Insieme a Massimiliano, pap\u00e0 di Giammarco, si sono messe in prima linea altre 5 famiglie superando qualche timore: \u201cNon tutti se la sono sentita di parlare della propria esperienza, ma hanno comunque supportato la campagna e siamo contenti dei risultati\u201d. Oltre alla raccolta, colpisce infatti il numero di donatori: dato importante per un\u2019organizzazione che lavora anche sull\u2019awareness. \u201cCi rivolgiamo alle nostre conoscenze pi\u00f9 strette e tramite i social e WhatsApp proviamo ad allargare la cerchia; il passaparola ha funzionato, perch\u00e9 \u00e8 arrivata pi\u00f9 di una donazione inaspettata. Di certo con una semplice campagna di Crowdfunding non avremmo raccolto cos\u00ec tanto\u201d.<\/p>\n\n\n\n<h2 class=\"wp-block-heading\">La Zuppa della Bont\u00e0 tra piazza e digital<\/h2>\n\n\n\n<p>Con la tradizionale <a href=\"https:\/\/www.retedeldono.it\/la-zuppa-della-bonta-2022\"><strong>Zuppa della Bont\u00e0<\/strong><\/a>, anche <strong>Progetto Arca<\/strong> ha puntato sul Personal fundraising per la comunit\u00e0. Obiettivo: garantire 10.000 zuppe calde ai senzatetto nei duri mesi invernali. \u201cDopo due anni senza banchetti, questa ottava edizione torna in piazza il 22 ottobre. Abbiamo per\u00f2 voluto mantenere la formula online, coinvolgendo i nostri volontari ad attivare campagne di personal fundraising su Rete del Dono. Alcuni infatti preferiscono coinvolgere i propri conoscenti e non stare in piazza\u201d spiega <strong>Martina Cito, Direct Marketing Assistant<\/strong>. Molti per\u00f2 si attivano sul doppio fronte e, accanto all\u2019evento che dura solo un weekend, si impegnano per diverse settimane. \u201cTra i fundraiser ricorsivi pi\u00f9 affezionati, un nostro volontario quest\u2019anno si \u00e8 attivato prima ancora che lanciassimo la campagna\u201d.<\/p>\n\n\n\n<h2 class=\"wp-block-heading\">Spazio alla creativit\u00e0 dei singoli<\/h2>\n\n\n\n<p>Si parte con un momento di formazione insieme a Rete del Dono, per fare squadra e dare i primi suggerimenti. Poi per\u00f2 \u00e8 importante un contatto costante con tutti i personal: \u201cComplimentarsi, rilanciare dando loro aggiornamenti dalle unit\u00e0 di strada che possano usare come contenuti sui loro canali. Quest\u2019anno abbiamo aggiunto un piccolo gadget fisico, uno spunto creativo per le loro foto e video sui social. Poi per\u00f2 ogni personal sa come coinvolgere il proprio target: una nostra volontaria, con spirito giocoso, si \u00e8 vestita da strega alludendo ad Halloween; c\u2019\u00e8 chi sfrutta il proprio compleanno; chi la propria rete lavorativa usando le mail e un canale insolito come LinkedIn; un professore l\u2019anno scorso ha attivato la propria classe in una vera e propria gara di solidariet\u00e0\u201d. Accanto al reward istituzionale (lo stesso sacchetto di zuppa che viene regalato anche presso i banchetti) ci sono poi quelli personalizzati: dalla marmellata fatta in casa a una torta, o l\u2019invito a casa per un caff\u00e8.<\/p>\n\n\n\n<h2 class=\"wp-block-heading\">5 consigli sul Personal fundraising per la comunit\u00e0<\/h2>\n\n\n\n<ol class=\"wp-block-list\"><li><strong>Associate una richiesta di donazione a una testimonianza diretta, a un volto e un nome.<\/strong> Favorisce lo storytelling personale e coinvolge emotivamente le persone. \u201cDifficile reclutare personal fundraiser, tramite social, che non ci conoscono. L\u2019attrattivit\u00e0 della causa non \u00e8 cos\u00ec forte per chi \u00e8 lontano dall\u2019organizzazione\u201d dice Martina Cito.<\/li><li><strong>Guidate la campagna per renderla corale.<\/strong> Famiglie GNAO1 ha suggerito un testo e una veste grafica coerente da personalizzare; Progetto Arca sta in contatto con ciascuno dei propri personal fundraiser e, con un gancio fisico, non fa rimanere tutta la campagna sul digitale.<\/li><li><strong>Fidatevi dell\u2019intuito dei personal.<\/strong> Ogni persona sa cosa dire e come attivare i propri donatori; fornite la cornice entro cui muoversi e poi affidatevi alla creativit\u00e0 di ciascuno.<\/li><li><strong>Rinnovatevi ogni anno.<\/strong> Nel caso di campagne tradizionali e di fundraiser ricorrenti, introducete una piccola novit\u00e0. \u201cL\u2019anno scorso abbiamo fatto un contest tra i volontari, quest\u2019anno abbiamo introdotto i sacchetti di zuppa anche per i personal fundraiser\u201d.<\/li><li><strong>Le persone donano alle persone.<\/strong> \u201cDona &#8216;per la ricerca scientifica&#8217; \u00e8 un messaggio che rischia di apparire poco incisivo. \u00c8 il nome del personal fundraiser e del beneficiario a coinvolgere\u201d dice Massimiliano Tomassi.<\/li><\/ol>\n\n\n\n<h3 class=\"has-text-align-center wp-block-heading\"><strong><a href=\"https:\/\/www.retedeldono.it\/scegli-iniziativa\">Attiva anche tu una campagna di personal fundraising<\/a><\/strong><\/h3>\n","protected":false},"excerpt":{"rendered":"<p>Pi\u00f9 una persona \u00e8 coinvolta da una causa, pi\u00f9 ne diventa testimonial credibile e appassionato. Questa \u00e8 la forza del Personal fundraising per la comunit\u00e0: se infatti le cause umanitarie&#8230;<\/p>\n","protected":false},"author":7,"featured_media":1640,"comment_status":"open","ping_status":"open","sticky":false,"template":"","format":"standard","meta":{"_acf_changed":false,"footnotes":""},"categories":[13],"tags":[],"class_list":{"0":"post-1590","1":"post","2":"type-post","3":"status-publish","4":"format-standard","5":"has-post-thumbnail","7":"category-crowdfunding"},"acf":{"homepage_rdd":true},"yoast_head":"<!-- This site is optimized with the Yoast SEO plugin v27.5 - https:\/\/yoast.com\/product\/yoast-seo-wordpress\/ -->\n<title>Personal fundraising per la comunit\u00e0 - Rete del Dono Magazine<\/title>\n<meta name=\"description\" content=\"I segreti del Personal fundraising per la comunit\u00e0: beneficiari al centro e spazio alla creativit\u00e0 dei singoli\" \/>\n<meta name=\"robots\" content=\"index, follow, max-snippet:-1, max-image-preview:large, max-video-preview:-1\" \/>\n<link rel=\"canonical\" href=\"https:\/\/www.retedeldono.it\/magazine\/personal-fundraising-per-la-comunita\/\" \/>\n<meta property=\"og:locale\" content=\"it_IT\" \/>\n<meta property=\"og:type\" content=\"article\" \/>\n<meta property=\"og:title\" content=\"I segreti del Personal fundraising per la comunit\u00e0\" \/>\n<meta property=\"og:description\" content=\"Beneficiari e volontari al centro e spazio alla creativit\u00e0 dei singoli.\" \/>\n<meta property=\"og:url\" content=\"https:\/\/www.retedeldono.it\/magazine\/personal-fundraising-per-la-comunita\/\" \/>\n<meta property=\"og:site_name\" content=\"Rete del Dono Magazine\" \/>\n<meta property=\"article:publisher\" content=\"https:\/\/www.facebook.com\/retedeldono\/\" \/>\n<meta property=\"article:published_time\" content=\"2022-10-12T15:28:20+00:00\" \/>\n<meta property=\"article:modified_time\" content=\"2023-01-23T11:33:54+00:00\" \/>\n<meta property=\"og:image\" content=\"https:\/\/magazine.retedeldono.it\/wp-content\/uploads\/2022\/06\/rete-del-dono-progetti-solidarieta-come-finanziarli.png\" \/>\n\t<meta property=\"og:image:width\" content=\"1000\" \/>\n\t<meta property=\"og:image:height\" content=\"700\" \/>\n\t<meta property=\"og:image:type\" content=\"image\/png\" \/>\n<meta name=\"author\" content=\"Aldo Lubrani\" \/>\n<meta name=\"twitter:card\" content=\"summary_large_image\" \/>\n<meta name=\"twitter:title\" content=\"I segreti del Personal fundraising per la comunit\u00e0\" \/>\n<meta name=\"twitter:description\" content=\"Beneficiari e volontari al centro e spazio alla creativit\u00e0 dei singoli.\" \/>\n<meta name=\"twitter:image\" content=\"https:\/\/magazine.retedeldono.it\/wp-content\/uploads\/2022\/06\/rete-del-dono-progetti-solidarieta-come-finanziarli.png\" \/>\n<meta name=\"twitter:label1\" content=\"Scritto da\" \/>\n\t<meta name=\"twitter:data1\" content=\"Aldo Lubrani\" \/>\n\t<meta name=\"twitter:label2\" content=\"Tempo di lettura stimato\" \/>\n\t<meta name=\"twitter:data2\" content=\"5 minuti\" \/>\n<script type=\"application\/ld+json\" class=\"yoast-schema-graph\">{\"@context\":\"https:\\\/\\\/schema.org\",\"@graph\":[{\"@type\":\"Article\",\"@id\":\"https:\\\/\\\/www.retedeldono.it\\\/magazine\\\/personal-fundraising-per-la-comunita\\\/#article\",\"isPartOf\":{\"@id\":\"https:\\\/\\\/www.retedeldono.it\\\/magazine\\\/personal-fundraising-per-la-comunita\\\/\"},\"author\":{\"name\":\"Aldo Lubrani\",\"@id\":\"https:\\\/\\\/www.retedeldono.it\\\/magazine\\\/#\\\/schema\\\/person\\\/19118fc3b527ea22d276cc2b446f7353\"},\"headline\":\"Personal fundraising per la comunit\u00e0: volontari e beneficiari al centro\",\"datePublished\":\"2022-10-12T15:28:20+00:00\",\"dateModified\":\"2023-01-23T11:33:54+00:00\",\"mainEntityOfPage\":{\"@id\":\"https:\\\/\\\/www.retedeldono.it\\\/magazine\\\/personal-fundraising-per-la-comunita\\\/\"},\"wordCount\":899,\"commentCount\":0,\"image\":{\"@id\":\"https:\\\/\\\/www.retedeldono.it\\\/magazine\\\/personal-fundraising-per-la-comunita\\\/#primaryimage\"},\"thumbnailUrl\":\"https:\\\/\\\/magazine.retedeldono.it\\\/wp-content\\\/uploads\\\/2022\\\/10\\\/rete-del-dono-magazine-personal-fundraising-comunita.png\",\"articleSection\":[\"Crowdfunding\"],\"inLanguage\":\"it-IT\",\"potentialAction\":[{\"@type\":\"CommentAction\",\"name\":\"Comment\",\"target\":[\"https:\\\/\\\/www.retedeldono.it\\\/magazine\\\/personal-fundraising-per-la-comunita\\\/#respond\"]}]},{\"@type\":\"WebPage\",\"@id\":\"https:\\\/\\\/www.retedeldono.it\\\/magazine\\\/personal-fundraising-per-la-comunita\\\/\",\"url\":\"https:\\\/\\\/www.retedeldono.it\\\/magazine\\\/personal-fundraising-per-la-comunita\\\/\",\"name\":\"Personal fundraising per la comunit\u00e0 - Rete del Dono Magazine\",\"isPartOf\":{\"@id\":\"https:\\\/\\\/www.retedeldono.it\\\/magazine\\\/#website\"},\"primaryImageOfPage\":{\"@id\":\"https:\\\/\\\/www.retedeldono.it\\\/magazine\\\/personal-fundraising-per-la-comunita\\\/#primaryimage\"},\"image\":{\"@id\":\"https:\\\/\\\/www.retedeldono.it\\\/magazine\\\/personal-fundraising-per-la-comunita\\\/#primaryimage\"},\"thumbnailUrl\":\"https:\\\/\\\/magazine.retedeldono.it\\\/wp-content\\\/uploads\\\/2022\\\/10\\\/rete-del-dono-magazine-personal-fundraising-comunita.png\",\"datePublished\":\"2022-10-12T15:28:20+00:00\",\"dateModified\":\"2023-01-23T11:33:54+00:00\",\"author\":{\"@id\":\"https:\\\/\\\/www.retedeldono.it\\\/magazine\\\/#\\\/schema\\\/person\\\/19118fc3b527ea22d276cc2b446f7353\"},\"description\":\"I segreti del Personal fundraising per la comunit\u00e0: beneficiari al centro e spazio alla creativit\u00e0 dei singoli\",\"breadcrumb\":{\"@id\":\"https:\\\/\\\/www.retedeldono.it\\\/magazine\\\/personal-fundraising-per-la-comunita\\\/#breadcrumb\"},\"inLanguage\":\"it-IT\",\"potentialAction\":[{\"@type\":\"ReadAction\",\"target\":[\"https:\\\/\\\/www.retedeldono.it\\\/magazine\\\/personal-fundraising-per-la-comunita\\\/\"]}]},{\"@type\":\"ImageObject\",\"inLanguage\":\"it-IT\",\"@id\":\"https:\\\/\\\/www.retedeldono.it\\\/magazine\\\/personal-fundraising-per-la-comunita\\\/#primaryimage\",\"url\":\"https:\\\/\\\/magazine.retedeldono.it\\\/wp-content\\\/uploads\\\/2022\\\/10\\\/rete-del-dono-magazine-personal-fundraising-comunita.png\",\"contentUrl\":\"https:\\\/\\\/magazine.retedeldono.it\\\/wp-content\\\/uploads\\\/2022\\\/10\\\/rete-del-dono-magazine-personal-fundraising-comunita.png\",\"width\":1000,\"height\":700,\"caption\":\"rete-del-dono-magazine-personal-fundraising-comunita\"},{\"@type\":\"BreadcrumbList\",\"@id\":\"https:\\\/\\\/www.retedeldono.it\\\/magazine\\\/personal-fundraising-per-la-comunita\\\/#breadcrumb\",\"itemListElement\":[{\"@type\":\"ListItem\",\"position\":1,\"name\":\"Home\",\"item\":\"https:\\\/\\\/www.retedeldono.it\\\/magazine\\\/\"},{\"@type\":\"ListItem\",\"position\":2,\"name\":\"Personal fundraising per la comunit\u00e0: volontari e beneficiari al centro\"}]},{\"@type\":\"WebSite\",\"@id\":\"https:\\\/\\\/www.retedeldono.it\\\/magazine\\\/#website\",\"url\":\"https:\\\/\\\/www.retedeldono.it\\\/magazine\\\/\",\"name\":\"Rete del Dono Magazine\",\"description\":\"Rete del Dono Magazine\",\"potentialAction\":[{\"@type\":\"SearchAction\",\"target\":{\"@type\":\"EntryPoint\",\"urlTemplate\":\"https:\\\/\\\/www.retedeldono.it\\\/magazine\\\/?s={search_term_string}\"},\"query-input\":{\"@type\":\"PropertyValueSpecification\",\"valueRequired\":true,\"valueName\":\"search_term_string\"}}],\"inLanguage\":\"it-IT\"},{\"@type\":\"Person\",\"@id\":\"https:\\\/\\\/www.retedeldono.it\\\/magazine\\\/#\\\/schema\\\/person\\\/19118fc3b527ea22d276cc2b446f7353\",\"name\":\"Aldo Lubrani\",\"image\":{\"@type\":\"ImageObject\",\"inLanguage\":\"it-IT\",\"@id\":\"https:\\\/\\\/secure.gravatar.com\\\/avatar\\\/e948991b445298d4342a4a232b29e90adbf8a4af10151e265f6e6f3e9a10f68c?s=96&d=mm&r=g\",\"url\":\"https:\\\/\\\/secure.gravatar.com\\\/avatar\\\/e948991b445298d4342a4a232b29e90adbf8a4af10151e265f6e6f3e9a10f68c?s=96&d=mm&r=g\",\"contentUrl\":\"https:\\\/\\\/secure.gravatar.com\\\/avatar\\\/e948991b445298d4342a4a232b29e90adbf8a4af10151e265f6e6f3e9a10f68c?s=96&d=mm&r=g\",\"caption\":\"Aldo Lubrani\"},\"description\":\"Laureato con lode in Relazioni Internazionali presso Universit\u00e0 degli studi Roma Tre, Master in Europrogettazione presso Europa Business School di Bologna. Google Digital Training Certificate. Lavoro da anni nel settore Digital, Fundraising e Non Profit. Su Rete del Dono ricopro il ruolo di Project Manager nell'ambito Comunicazione, Digital e Personal Fundraising. Appassionato di viaggi, natura, pittura.\",\"sameAs\":[\"https:\\\/\\\/www.retedeldono.it\"],\"url\":\"https:\\\/\\\/www.retedeldono.it\\\/magazine\\\/author\\\/aldo-lubrani\\\/\"}]}<\/script>\n<!-- \/ Yoast SEO plugin. -->","yoast_head_json":{"title":"Personal fundraising per la comunit\u00e0 - Rete del Dono Magazine","description":"I segreti del Personal fundraising per la comunit\u00e0: beneficiari al centro e spazio alla creativit\u00e0 dei singoli","robots":{"index":"index","follow":"follow","max-snippet":"max-snippet:-1","max-image-preview":"max-image-preview:large","max-video-preview":"max-video-preview:-1"},"canonical":"https:\/\/www.retedeldono.it\/magazine\/personal-fundraising-per-la-comunita\/","og_locale":"it_IT","og_type":"article","og_title":"I segreti del Personal fundraising per la comunit\u00e0","og_description":"Beneficiari e volontari al centro e spazio alla creativit\u00e0 dei singoli.","og_url":"https:\/\/www.retedeldono.it\/magazine\/personal-fundraising-per-la-comunita\/","og_site_name":"Rete del Dono Magazine","article_publisher":"https:\/\/www.facebook.com\/retedeldono\/","article_published_time":"2022-10-12T15:28:20+00:00","article_modified_time":"2023-01-23T11:33:54+00:00","og_image":[{"width":1000,"height":700,"url":"https:\/\/magazine.retedeldono.it\/wp-content\/uploads\/2022\/06\/rete-del-dono-progetti-solidarieta-come-finanziarli.png","type":"image\/png"}],"author":"Aldo Lubrani","twitter_card":"summary_large_image","twitter_title":"I segreti del Personal fundraising per la comunit\u00e0","twitter_description":"Beneficiari e volontari al centro e spazio alla creativit\u00e0 dei singoli.","twitter_image":"https:\/\/magazine.retedeldono.it\/wp-content\/uploads\/2022\/06\/rete-del-dono-progetti-solidarieta-come-finanziarli.png","twitter_misc":{"Scritto da":"Aldo Lubrani","Tempo di lettura stimato":"5 minuti"},"schema":{"@context":"https:\/\/schema.org","@graph":[{"@type":"Article","@id":"https:\/\/www.retedeldono.it\/magazine\/personal-fundraising-per-la-comunita\/#article","isPartOf":{"@id":"https:\/\/www.retedeldono.it\/magazine\/personal-fundraising-per-la-comunita\/"},"author":{"name":"Aldo Lubrani","@id":"https:\/\/www.retedeldono.it\/magazine\/#\/schema\/person\/19118fc3b527ea22d276cc2b446f7353"},"headline":"Personal fundraising per la comunit\u00e0: volontari e beneficiari al centro","datePublished":"2022-10-12T15:28:20+00:00","dateModified":"2023-01-23T11:33:54+00:00","mainEntityOfPage":{"@id":"https:\/\/www.retedeldono.it\/magazine\/personal-fundraising-per-la-comunita\/"},"wordCount":899,"commentCount":0,"image":{"@id":"https:\/\/www.retedeldono.it\/magazine\/personal-fundraising-per-la-comunita\/#primaryimage"},"thumbnailUrl":"https:\/\/magazine.retedeldono.it\/wp-content\/uploads\/2022\/10\/rete-del-dono-magazine-personal-fundraising-comunita.png","articleSection":["Crowdfunding"],"inLanguage":"it-IT","potentialAction":[{"@type":"CommentAction","name":"Comment","target":["https:\/\/www.retedeldono.it\/magazine\/personal-fundraising-per-la-comunita\/#respond"]}]},{"@type":"WebPage","@id":"https:\/\/www.retedeldono.it\/magazine\/personal-fundraising-per-la-comunita\/","url":"https:\/\/www.retedeldono.it\/magazine\/personal-fundraising-per-la-comunita\/","name":"Personal fundraising per la comunit\u00e0 - Rete del Dono Magazine","isPartOf":{"@id":"https:\/\/www.retedeldono.it\/magazine\/#website"},"primaryImageOfPage":{"@id":"https:\/\/www.retedeldono.it\/magazine\/personal-fundraising-per-la-comunita\/#primaryimage"},"image":{"@id":"https:\/\/www.retedeldono.it\/magazine\/personal-fundraising-per-la-comunita\/#primaryimage"},"thumbnailUrl":"https:\/\/magazine.retedeldono.it\/wp-content\/uploads\/2022\/10\/rete-del-dono-magazine-personal-fundraising-comunita.png","datePublished":"2022-10-12T15:28:20+00:00","dateModified":"2023-01-23T11:33:54+00:00","author":{"@id":"https:\/\/www.retedeldono.it\/magazine\/#\/schema\/person\/19118fc3b527ea22d276cc2b446f7353"},"description":"I segreti del Personal fundraising per la comunit\u00e0: beneficiari al centro e spazio alla creativit\u00e0 dei singoli","breadcrumb":{"@id":"https:\/\/www.retedeldono.it\/magazine\/personal-fundraising-per-la-comunita\/#breadcrumb"},"inLanguage":"it-IT","potentialAction":[{"@type":"ReadAction","target":["https:\/\/www.retedeldono.it\/magazine\/personal-fundraising-per-la-comunita\/"]}]},{"@type":"ImageObject","inLanguage":"it-IT","@id":"https:\/\/www.retedeldono.it\/magazine\/personal-fundraising-per-la-comunita\/#primaryimage","url":"https:\/\/magazine.retedeldono.it\/wp-content\/uploads\/2022\/10\/rete-del-dono-magazine-personal-fundraising-comunita.png","contentUrl":"https:\/\/magazine.retedeldono.it\/wp-content\/uploads\/2022\/10\/rete-del-dono-magazine-personal-fundraising-comunita.png","width":1000,"height":700,"caption":"rete-del-dono-magazine-personal-fundraising-comunita"},{"@type":"BreadcrumbList","@id":"https:\/\/www.retedeldono.it\/magazine\/personal-fundraising-per-la-comunita\/#breadcrumb","itemListElement":[{"@type":"ListItem","position":1,"name":"Home","item":"https:\/\/www.retedeldono.it\/magazine\/"},{"@type":"ListItem","position":2,"name":"Personal fundraising per la comunit\u00e0: volontari e beneficiari al centro"}]},{"@type":"WebSite","@id":"https:\/\/www.retedeldono.it\/magazine\/#website","url":"https:\/\/www.retedeldono.it\/magazine\/","name":"Rete del Dono Magazine","description":"Rete del Dono Magazine","potentialAction":[{"@type":"SearchAction","target":{"@type":"EntryPoint","urlTemplate":"https:\/\/www.retedeldono.it\/magazine\/?s={search_term_string}"},"query-input":{"@type":"PropertyValueSpecification","valueRequired":true,"valueName":"search_term_string"}}],"inLanguage":"it-IT"},{"@type":"Person","@id":"https:\/\/www.retedeldono.it\/magazine\/#\/schema\/person\/19118fc3b527ea22d276cc2b446f7353","name":"Aldo Lubrani","image":{"@type":"ImageObject","inLanguage":"it-IT","@id":"https:\/\/secure.gravatar.com\/avatar\/e948991b445298d4342a4a232b29e90adbf8a4af10151e265f6e6f3e9a10f68c?s=96&d=mm&r=g","url":"https:\/\/secure.gravatar.com\/avatar\/e948991b445298d4342a4a232b29e90adbf8a4af10151e265f6e6f3e9a10f68c?s=96&d=mm&r=g","contentUrl":"https:\/\/secure.gravatar.com\/avatar\/e948991b445298d4342a4a232b29e90adbf8a4af10151e265f6e6f3e9a10f68c?s=96&d=mm&r=g","caption":"Aldo Lubrani"},"description":"Laureato con lode in Relazioni Internazionali presso Universit\u00e0 degli studi Roma Tre, Master in Europrogettazione presso Europa Business School di Bologna. Google Digital Training Certificate. Lavoro da anni nel settore Digital, Fundraising e Non Profit. Su Rete del Dono ricopro il ruolo di Project Manager nell'ambito Comunicazione, Digital e Personal Fundraising. Appassionato di viaggi, natura, pittura.","sameAs":["https:\/\/www.retedeldono.it"],"url":"https:\/\/www.retedeldono.it\/magazine\/author\/aldo-lubrani\/"}]}},"_links":{"self":[{"href":"https:\/\/www.retedeldono.it\/magazine\/wp-json\/wp\/v2\/posts\/1590","targetHints":{"allow":["GET"]}}],"collection":[{"href":"https:\/\/www.retedeldono.it\/magazine\/wp-json\/wp\/v2\/posts"}],"about":[{"href":"https:\/\/www.retedeldono.it\/magazine\/wp-json\/wp\/v2\/types\/post"}],"author":[{"embeddable":true,"href":"https:\/\/www.retedeldono.it\/magazine\/wp-json\/wp\/v2\/users\/7"}],"replies":[{"embeddable":true,"href":"https:\/\/www.retedeldono.it\/magazine\/wp-json\/wp\/v2\/comments?post=1590"}],"version-history":[{"count":0,"href":"https:\/\/www.retedeldono.it\/magazine\/wp-json\/wp\/v2\/posts\/1590\/revisions"}],"wp:featuredmedia":[{"embeddable":true,"href":"https:\/\/www.retedeldono.it\/magazine\/wp-json\/wp\/v2\/media\/1640"}],"wp:attachment":[{"href":"https:\/\/www.retedeldono.it\/magazine\/wp-json\/wp\/v2\/media?parent=1590"}],"wp:term":[{"taxonomy":"category","embeddable":true,"href":"https:\/\/www.retedeldono.it\/magazine\/wp-json\/wp\/v2\/categories?post=1590"},{"taxonomy":"post_tag","embeddable":true,"href":"https:\/\/www.retedeldono.it\/magazine\/wp-json\/wp\/v2\/tags?post=1590"}],"curies":[{"name":"wp","href":"https:\/\/api.w.org\/{rel}","templated":true}]}}