{"id":1662,"date":"2022-11-03T10:00:00","date_gmt":"2022-11-03T10:00:00","guid":{"rendered":"https:\/\/www.retedeldono.it\/magazine\/?p=1662"},"modified":"2022-11-23T13:21:16","modified_gmt":"2022-11-23T13:21:16","slug":"ricordo-pier-giorgio-poddighe","status":"publish","type":"post","link":"https:\/\/www.retedeldono.it\/magazine\/ricordo-pier-giorgio-poddighe\/","title":{"rendered":"I valori come stile di vita: in ricordo di Pier Giorgio Poddighe"},"content":{"rendered":"\n<p>Attivissimo membro dell\u2019organizzazione e <a href=\"https:\/\/blog.retedeldono.it\/it\/rotary-rete-del-dono-raccolta-fondi\"><strong>instancabile fundraiser<\/strong><\/a> amico di Rete del Dono, lo stimato avvocato di Sassari \u00e8 scomparso improvvisamente lasciando un grande vuoto. Proponiamo allora il <strong>ricordo di Pier Giorgio Poddighe<\/strong> da parte di <strong>Guido Franceschetti, attuale Governatore del Distretto 2080<\/strong> <strong>del Rotary International<\/strong>.<\/p>\n\n\n\n<h2 class=\"wp-block-heading\">L\u2019anima del progetto EndPolioNow<\/h2>\n\n\n\n<p>Da 10 anni molte delle iniziative benefiche del Distretto lo vedevano protagonista: l\u2019avvocato Poddighe era infatti l\u2019anima di <a href=\"https:\/\/www.retedeldono.it\/it\/rotary-distretto-2080-run-for-end-polio-2022\"><strong>EndPolioNow<\/strong><\/a>, l\u2019impegno assunto da Rotary International di sconfiggere la Poliomielite nel mondo attraverso la somministrazione del vaccino a cui aderiscono anche OMS, Unicef e Fondazione Bill &amp; Melinda Gates. \u201cPier Giorgio aveva messo tutta la sua passione in questo progetto, un po&#8217; perch\u00e9 era grande organizzatore ma soprattutto per lasciare un impatto decisivo in questa battaglia che univa tantissimi rotariani\u201d.<\/p>\n\n\n<div class=\"wp-block-image\">\n<figure class=\"aligncenter size-large is-resized\"><img loading=\"lazy\" decoding=\"async\" src=\"https:\/\/www.retedeldono.it\/magazine\/wp-content\/uploads\/2022\/11\/WhatsApp-Image-2022-11-02-at-12.31.24-891x1024.jpeg\" alt=\"ricordo di Pier Giorgio Poddighe\" class=\"wp-image-1665\" width=\"734\" height=\"843\" srcset=\"https:\/\/magazine.retedeldono.it\/wp-content\/uploads\/2022\/11\/WhatsApp-Image-2022-11-02-at-12.31.24-891x1024.jpeg 891w, https:\/\/magazine.retedeldono.it\/wp-content\/uploads\/2022\/11\/WhatsApp-Image-2022-11-02-at-12.31.24-261x300.jpeg 261w, https:\/\/magazine.retedeldono.it\/wp-content\/uploads\/2022\/11\/WhatsApp-Image-2022-11-02-at-12.31.24-768x882.jpeg 768w, https:\/\/magazine.retedeldono.it\/wp-content\/uploads\/2022\/11\/WhatsApp-Image-2022-11-02-at-12.31.24.jpeg 1142w\" sizes=\"auto, (max-width: 734px) 100vw, 734px\" \/><\/figure>\n<\/div>\n\n\n<h2 class=\"wp-block-heading\">Un creatore di legami<\/h2>\n\n\n\n<p>\u00c8 proprio il suo carisma da trascinatore a tornare alla memoria: \u201cPer lui ogni nuova iniziativa di raccolta fondi era un pretesto per stringere rapporti interpersonali pi\u00f9 stretti, per cementare ancora di pi\u00f9 il nostro Distretto che conta quasi 100 club e oltre 3000 iscritti. Si dava da fare a tessere legami, a costruire reti di relazioni significative, a creare connessioni tra le persone riunendole attorno a grandi imprese per la collettivit\u00e0. Non a caso in moltissimi piangevano al suo funerale: non solo per una morte dolorosamente prematura, ma perch\u00e9 attorno a s\u00e9 aveva costruito amicizia vera\u201d.<\/p>\n\n\n<div class=\"wp-block-image\">\n<figure class=\"aligncenter size-full is-resized\"><img loading=\"lazy\" decoding=\"async\" src=\"https:\/\/www.retedeldono.it\/magazine\/wp-content\/uploads\/2022\/11\/WhatsApp-Image-2022-11-02-at-12.31.39.jpeg\" alt=\"ricordo di Pier Giorgio Poddighe\" class=\"wp-image-1666\" width=\"621\" height=\"766\" srcset=\"https:\/\/magazine.retedeldono.it\/wp-content\/uploads\/2022\/11\/WhatsApp-Image-2022-11-02-at-12.31.39.jpeg 750w, https:\/\/magazine.retedeldono.it\/wp-content\/uploads\/2022\/11\/WhatsApp-Image-2022-11-02-at-12.31.39-243x300.jpeg 243w\" sizes=\"auto, (max-width: 621px) 100vw, 621px\" \/><\/figure>\n<\/div>\n\n\n<h2 class=\"wp-block-heading\">La sua eredit\u00e0<\/h2>\n\n\n\n<p>Pier Giorgio poi ci metteva la faccia in prima persona, in perfetto stile rotariano: da Governatore aveva rilanciato la partecipazione alla campagna e si era anche iscritto come runner virtuale per raccogliere fondi personalmente sulla piattaforma di Rete del Dono. \u201cEra il primo a dare l\u2019esempio, incarnando pienamente la nostra cultura. Per lui, entrato nel Rotary a 18 anni, eravamo una seconda famiglia a cui dedicava tempo ed energie: per molti nostri giovani era e sar\u00e0 un esempio\u201d. Un talento messo al servizio degli altri&nbsp;e di un progetto che sta per dare i suoi frutti: manca davvero pochissimo&nbsp;all\u2019eradicamento della poliomielite&nbsp;nel mondo. Se sar\u00e0 ben presto la seconda malattia debellata del tutto dopo il Vaiolo, lo dovremo molto anche a lui.&nbsp;Grazie Pier Giorgio.<\/p>\n","protected":false},"excerpt":{"rendered":"<p>Attivissimo membro dell\u2019organizzazione e instancabile fundraiser amico di Rete del Dono, lo stimato avvocato di Sassari \u00e8 scomparso improvvisamente lasciando un grande vuoto. Proponiamo allora il ricordo di Pier Giorgio&#8230;<\/p>\n","protected":false},"author":12,"featured_media":1680,"comment_status":"open","ping_status":"open","sticky":true,"template":"","format":"standard","meta":{"_acf_changed":false,"footnotes":""},"categories":[17],"tags":[],"class_list":{"0":"post-1662","1":"post","2":"type-post","3":"status-publish","4":"format-standard","5":"has-post-thumbnail","7":"category-fundraising"},"acf":{"homepage_rdd":false},"yoast_head":"<!-- This site is optimized with the Yoast SEO plugin v27.5 - https:\/\/yoast.com\/product\/yoast-seo-wordpress\/ -->\n<title>I valori come stile di vita: in ricordo di Pier Giorgio Poddighe<\/title>\n<meta name=\"description\" content=\"Un ricordo di Pier Giorgio Poddighe, scomparso prematuramente, da parte del Distretto Rotary 2080: il progetto EndPolioNow e la sua eredit\u00e0\" \/>\n<meta name=\"robots\" content=\"index, follow, max-snippet:-1, max-image-preview:large, max-video-preview:-1\" \/>\n<link rel=\"canonical\" href=\"https:\/\/www.retedeldono.it\/magazine\/ricordo-pier-giorgio-poddighe\/\" \/>\n<meta property=\"og:locale\" content=\"it_IT\" \/>\n<meta property=\"og:type\" content=\"article\" \/>\n<meta property=\"og:title\" content=\"I valori come stile di vita: in ricordo di Pier Giorgio Poddighe\" \/>\n<meta property=\"og:description\" content=\"Un ricordo di Pier Giorgio Poddighe, scomparso prematuramente, da parte del Distretto Rotary 2080: il progetto EndPolioNow e la sua eredit\u00e0\" \/>\n<meta property=\"og:url\" content=\"https:\/\/www.retedeldono.it\/magazine\/ricordo-pier-giorgio-poddighe\/\" \/>\n<meta property=\"og:site_name\" content=\"Rete del Dono Magazine\" \/>\n<meta property=\"article:publisher\" content=\"https:\/\/www.facebook.com\/retedeldono\/\" \/>\n<meta property=\"article:published_time\" content=\"2022-11-03T10:00:00+00:00\" \/>\n<meta property=\"article:modified_time\" content=\"2022-11-23T13:21:16+00:00\" \/>\n<meta property=\"og:image\" content=\"https:\/\/magazine.retedeldono.it\/wp-content\/uploads\/2022\/11\/WhatsApp-Image-2022-11-02-at-12.31.17-e1667399176987.jpeg\" \/>\n\t<meta property=\"og:image:width\" content=\"1000\" \/>\n\t<meta property=\"og:image:height\" content=\"700\" \/>\n\t<meta property=\"og:image:type\" content=\"image\/jpeg\" \/>\n<meta name=\"author\" content=\"Francesca Gervasoni\" \/>\n<meta name=\"twitter:card\" content=\"summary_large_image\" \/>\n<meta name=\"twitter:title\" content=\"I valori come stile di vita: in ricordo di Pier Giorgio Poddighe\" \/>\n<meta name=\"twitter:description\" content=\"Un ricordo di Pier Giorgio Poddighe, scomparso prematuramente, da parte del Distretto Rotary 2080: il progetto EndPolioNow e la sua eredit\u00e0\" \/>\n<meta name=\"twitter:image\" content=\"https:\/\/magazine.retedeldono.it\/wp-content\/uploads\/2022\/11\/WhatsApp-Image-2022-11-02-at-12.31.17-e1667399176987.jpeg\" \/>\n<meta name=\"twitter:label1\" content=\"Scritto da\" \/>\n\t<meta name=\"twitter:data1\" content=\"Francesca Gervasoni\" \/>\n\t<meta name=\"twitter:label2\" content=\"Tempo di lettura stimato\" \/>\n\t<meta name=\"twitter:data2\" content=\"3 minuti\" \/>\n<script type=\"application\/ld+json\" class=\"yoast-schema-graph\">{\"@context\":\"https:\\\/\\\/schema.org\",\"@graph\":[{\"@type\":\"Article\",\"@id\":\"https:\\\/\\\/www.retedeldono.it\\\/magazine\\\/ricordo-pier-giorgio-poddighe\\\/#article\",\"isPartOf\":{\"@id\":\"https:\\\/\\\/www.retedeldono.it\\\/magazine\\\/ricordo-pier-giorgio-poddighe\\\/\"},\"author\":{\"name\":\"Francesca Gervasoni\",\"@id\":\"https:\\\/\\\/www.retedeldono.it\\\/magazine\\\/#\\\/schema\\\/person\\\/a35c81474fbabc7c769d83f87073545f\"},\"headline\":\"I valori come stile di vita: in ricordo di Pier Giorgio Poddighe\",\"datePublished\":\"2022-11-03T10:00:00+00:00\",\"dateModified\":\"2022-11-23T13:21:16+00:00\",\"mainEntityOfPage\":{\"@id\":\"https:\\\/\\\/www.retedeldono.it\\\/magazine\\\/ricordo-pier-giorgio-poddighe\\\/\"},\"wordCount\":372,\"commentCount\":0,\"image\":{\"@id\":\"https:\\\/\\\/www.retedeldono.it\\\/magazine\\\/ricordo-pier-giorgio-poddighe\\\/#primaryimage\"},\"thumbnailUrl\":\"https:\\\/\\\/magazine.retedeldono.it\\\/wp-content\\\/uploads\\\/2022\\\/11\\\/rete-del-dono-magazine.png\",\"articleSection\":[\"Fundraising\"],\"inLanguage\":\"it-IT\",\"potentialAction\":[{\"@type\":\"CommentAction\",\"name\":\"Comment\",\"target\":[\"https:\\\/\\\/www.retedeldono.it\\\/magazine\\\/ricordo-pier-giorgio-poddighe\\\/#respond\"]}]},{\"@type\":\"WebPage\",\"@id\":\"https:\\\/\\\/www.retedeldono.it\\\/magazine\\\/ricordo-pier-giorgio-poddighe\\\/\",\"url\":\"https:\\\/\\\/www.retedeldono.it\\\/magazine\\\/ricordo-pier-giorgio-poddighe\\\/\",\"name\":\"I valori come stile di vita: in ricordo di Pier Giorgio Poddighe\",\"isPartOf\":{\"@id\":\"https:\\\/\\\/www.retedeldono.it\\\/magazine\\\/#website\"},\"primaryImageOfPage\":{\"@id\":\"https:\\\/\\\/www.retedeldono.it\\\/magazine\\\/ricordo-pier-giorgio-poddighe\\\/#primaryimage\"},\"image\":{\"@id\":\"https:\\\/\\\/www.retedeldono.it\\\/magazine\\\/ricordo-pier-giorgio-poddighe\\\/#primaryimage\"},\"thumbnailUrl\":\"https:\\\/\\\/magazine.retedeldono.it\\\/wp-content\\\/uploads\\\/2022\\\/11\\\/rete-del-dono-magazine.png\",\"datePublished\":\"2022-11-03T10:00:00+00:00\",\"dateModified\":\"2022-11-23T13:21:16+00:00\",\"author\":{\"@id\":\"https:\\\/\\\/www.retedeldono.it\\\/magazine\\\/#\\\/schema\\\/person\\\/a35c81474fbabc7c769d83f87073545f\"},\"description\":\"Un ricordo di Pier Giorgio Poddighe, scomparso prematuramente, da parte del Distretto Rotary 2080: il progetto EndPolioNow e la sua eredit\u00e0\",\"breadcrumb\":{\"@id\":\"https:\\\/\\\/www.retedeldono.it\\\/magazine\\\/ricordo-pier-giorgio-poddighe\\\/#breadcrumb\"},\"inLanguage\":\"it-IT\",\"potentialAction\":[{\"@type\":\"ReadAction\",\"target\":[\"https:\\\/\\\/www.retedeldono.it\\\/magazine\\\/ricordo-pier-giorgio-poddighe\\\/\"]}]},{\"@type\":\"ImageObject\",\"inLanguage\":\"it-IT\",\"@id\":\"https:\\\/\\\/www.retedeldono.it\\\/magazine\\\/ricordo-pier-giorgio-poddighe\\\/#primaryimage\",\"url\":\"https:\\\/\\\/magazine.retedeldono.it\\\/wp-content\\\/uploads\\\/2022\\\/11\\\/rete-del-dono-magazine.png\",\"contentUrl\":\"https:\\\/\\\/magazine.retedeldono.it\\\/wp-content\\\/uploads\\\/2022\\\/11\\\/rete-del-dono-magazine.png\",\"width\":1000,\"height\":700,\"caption\":\"in-ricordo-di-pier-giorgio-poddighe\"},{\"@type\":\"BreadcrumbList\",\"@id\":\"https:\\\/\\\/www.retedeldono.it\\\/magazine\\\/ricordo-pier-giorgio-poddighe\\\/#breadcrumb\",\"itemListElement\":[{\"@type\":\"ListItem\",\"position\":1,\"name\":\"Home\",\"item\":\"https:\\\/\\\/www.retedeldono.it\\\/magazine\\\/\"},{\"@type\":\"ListItem\",\"position\":2,\"name\":\"I valori come stile di vita: in ricordo di Pier Giorgio Poddighe\"}]},{\"@type\":\"WebSite\",\"@id\":\"https:\\\/\\\/www.retedeldono.it\\\/magazine\\\/#website\",\"url\":\"https:\\\/\\\/www.retedeldono.it\\\/magazine\\\/\",\"name\":\"Rete del Dono Magazine\",\"description\":\"Rete del Dono Magazine\",\"potentialAction\":[{\"@type\":\"SearchAction\",\"target\":{\"@type\":\"EntryPoint\",\"urlTemplate\":\"https:\\\/\\\/www.retedeldono.it\\\/magazine\\\/?s={search_term_string}\"},\"query-input\":{\"@type\":\"PropertyValueSpecification\",\"valueRequired\":true,\"valueName\":\"search_term_string\"}}],\"inLanguage\":\"it-IT\"},{\"@type\":\"Person\",\"@id\":\"https:\\\/\\\/www.retedeldono.it\\\/magazine\\\/#\\\/schema\\\/person\\\/a35c81474fbabc7c769d83f87073545f\",\"name\":\"Francesca Gervasoni\",\"image\":{\"@type\":\"ImageObject\",\"inLanguage\":\"it-IT\",\"@id\":\"https:\\\/\\\/secure.gravatar.com\\\/avatar\\\/1825a523f3047a4b9194721a85cdea28f936ebf51e16a49a9e6504a59c37d892?s=96&d=mm&r=g\",\"url\":\"https:\\\/\\\/secure.gravatar.com\\\/avatar\\\/1825a523f3047a4b9194721a85cdea28f936ebf51e16a49a9e6504a59c37d892?s=96&d=mm&r=g\",\"contentUrl\":\"https:\\\/\\\/secure.gravatar.com\\\/avatar\\\/1825a523f3047a4b9194721a85cdea28f936ebf51e16a49a9e6504a59c37d892?s=96&d=mm&r=g\",\"caption\":\"Francesca Gervasoni\"},\"description\":\"Laureata in Filosofia presso Universit\u00e0 degli studi di Milano, ha un\u2019esperienza di 15 anni nel mondo delle agenzie di comunicazione per il mondo profit. Nel 2012 cambia vita e approda su Rete del Dono, dove mette in pratica quello che ha imparato nella precedente vita professionale, per aiutare ONP e aziende ad attivare campagne di raccolta fondi non profit. In Rete del Dono, ricopre il ruolo di Head of Charity Program e si occupa dei rapporti con le aziende.\",\"url\":\"https:\\\/\\\/www.retedeldono.it\\\/magazine\\\/author\\\/francesca-gervasoni\\\/\"}]}<\/script>\n<!-- \/ Yoast SEO plugin. -->","yoast_head_json":{"title":"I valori come stile di vita: in ricordo di Pier Giorgio Poddighe","description":"Un ricordo di Pier Giorgio Poddighe, scomparso prematuramente, da parte del Distretto Rotary 2080: il progetto EndPolioNow e la sua eredit\u00e0","robots":{"index":"index","follow":"follow","max-snippet":"max-snippet:-1","max-image-preview":"max-image-preview:large","max-video-preview":"max-video-preview:-1"},"canonical":"https:\/\/www.retedeldono.it\/magazine\/ricordo-pier-giorgio-poddighe\/","og_locale":"it_IT","og_type":"article","og_title":"I valori come stile di vita: in ricordo di Pier Giorgio Poddighe","og_description":"Un ricordo di Pier Giorgio Poddighe, scomparso prematuramente, da parte del Distretto Rotary 2080: il progetto EndPolioNow e la sua eredit\u00e0","og_url":"https:\/\/www.retedeldono.it\/magazine\/ricordo-pier-giorgio-poddighe\/","og_site_name":"Rete del Dono Magazine","article_publisher":"https:\/\/www.facebook.com\/retedeldono\/","article_published_time":"2022-11-03T10:00:00+00:00","article_modified_time":"2022-11-23T13:21:16+00:00","og_image":[{"width":1000,"height":700,"url":"https:\/\/magazine.retedeldono.it\/wp-content\/uploads\/2022\/11\/WhatsApp-Image-2022-11-02-at-12.31.17-e1667399176987.jpeg","type":"image\/jpeg"}],"author":"Francesca Gervasoni","twitter_card":"summary_large_image","twitter_title":"I valori come stile di vita: in ricordo di Pier Giorgio Poddighe","twitter_description":"Un ricordo di Pier Giorgio Poddighe, scomparso prematuramente, da parte del Distretto Rotary 2080: il progetto EndPolioNow e la sua eredit\u00e0","twitter_image":"https:\/\/magazine.retedeldono.it\/wp-content\/uploads\/2022\/11\/WhatsApp-Image-2022-11-02-at-12.31.17-e1667399176987.jpeg","twitter_misc":{"Scritto da":"Francesca Gervasoni","Tempo di lettura stimato":"3 minuti"},"schema":{"@context":"https:\/\/schema.org","@graph":[{"@type":"Article","@id":"https:\/\/www.retedeldono.it\/magazine\/ricordo-pier-giorgio-poddighe\/#article","isPartOf":{"@id":"https:\/\/www.retedeldono.it\/magazine\/ricordo-pier-giorgio-poddighe\/"},"author":{"name":"Francesca Gervasoni","@id":"https:\/\/www.retedeldono.it\/magazine\/#\/schema\/person\/a35c81474fbabc7c769d83f87073545f"},"headline":"I valori come stile di vita: in ricordo di Pier Giorgio Poddighe","datePublished":"2022-11-03T10:00:00+00:00","dateModified":"2022-11-23T13:21:16+00:00","mainEntityOfPage":{"@id":"https:\/\/www.retedeldono.it\/magazine\/ricordo-pier-giorgio-poddighe\/"},"wordCount":372,"commentCount":0,"image":{"@id":"https:\/\/www.retedeldono.it\/magazine\/ricordo-pier-giorgio-poddighe\/#primaryimage"},"thumbnailUrl":"https:\/\/magazine.retedeldono.it\/wp-content\/uploads\/2022\/11\/rete-del-dono-magazine.png","articleSection":["Fundraising"],"inLanguage":"it-IT","potentialAction":[{"@type":"CommentAction","name":"Comment","target":["https:\/\/www.retedeldono.it\/magazine\/ricordo-pier-giorgio-poddighe\/#respond"]}]},{"@type":"WebPage","@id":"https:\/\/www.retedeldono.it\/magazine\/ricordo-pier-giorgio-poddighe\/","url":"https:\/\/www.retedeldono.it\/magazine\/ricordo-pier-giorgio-poddighe\/","name":"I valori come stile di vita: in ricordo di Pier Giorgio Poddighe","isPartOf":{"@id":"https:\/\/www.retedeldono.it\/magazine\/#website"},"primaryImageOfPage":{"@id":"https:\/\/www.retedeldono.it\/magazine\/ricordo-pier-giorgio-poddighe\/#primaryimage"},"image":{"@id":"https:\/\/www.retedeldono.it\/magazine\/ricordo-pier-giorgio-poddighe\/#primaryimage"},"thumbnailUrl":"https:\/\/magazine.retedeldono.it\/wp-content\/uploads\/2022\/11\/rete-del-dono-magazine.png","datePublished":"2022-11-03T10:00:00+00:00","dateModified":"2022-11-23T13:21:16+00:00","author":{"@id":"https:\/\/www.retedeldono.it\/magazine\/#\/schema\/person\/a35c81474fbabc7c769d83f87073545f"},"description":"Un ricordo di Pier Giorgio Poddighe, scomparso prematuramente, da parte del Distretto Rotary 2080: il progetto EndPolioNow e la sua eredit\u00e0","breadcrumb":{"@id":"https:\/\/www.retedeldono.it\/magazine\/ricordo-pier-giorgio-poddighe\/#breadcrumb"},"inLanguage":"it-IT","potentialAction":[{"@type":"ReadAction","target":["https:\/\/www.retedeldono.it\/magazine\/ricordo-pier-giorgio-poddighe\/"]}]},{"@type":"ImageObject","inLanguage":"it-IT","@id":"https:\/\/www.retedeldono.it\/magazine\/ricordo-pier-giorgio-poddighe\/#primaryimage","url":"https:\/\/magazine.retedeldono.it\/wp-content\/uploads\/2022\/11\/rete-del-dono-magazine.png","contentUrl":"https:\/\/magazine.retedeldono.it\/wp-content\/uploads\/2022\/11\/rete-del-dono-magazine.png","width":1000,"height":700,"caption":"in-ricordo-di-pier-giorgio-poddighe"},{"@type":"BreadcrumbList","@id":"https:\/\/www.retedeldono.it\/magazine\/ricordo-pier-giorgio-poddighe\/#breadcrumb","itemListElement":[{"@type":"ListItem","position":1,"name":"Home","item":"https:\/\/www.retedeldono.it\/magazine\/"},{"@type":"ListItem","position":2,"name":"I valori come stile di vita: in ricordo di Pier Giorgio Poddighe"}]},{"@type":"WebSite","@id":"https:\/\/www.retedeldono.it\/magazine\/#website","url":"https:\/\/www.retedeldono.it\/magazine\/","name":"Rete del Dono Magazine","description":"Rete del Dono Magazine","potentialAction":[{"@type":"SearchAction","target":{"@type":"EntryPoint","urlTemplate":"https:\/\/www.retedeldono.it\/magazine\/?s={search_term_string}"},"query-input":{"@type":"PropertyValueSpecification","valueRequired":true,"valueName":"search_term_string"}}],"inLanguage":"it-IT"},{"@type":"Person","@id":"https:\/\/www.retedeldono.it\/magazine\/#\/schema\/person\/a35c81474fbabc7c769d83f87073545f","name":"Francesca Gervasoni","image":{"@type":"ImageObject","inLanguage":"it-IT","@id":"https:\/\/secure.gravatar.com\/avatar\/1825a523f3047a4b9194721a85cdea28f936ebf51e16a49a9e6504a59c37d892?s=96&d=mm&r=g","url":"https:\/\/secure.gravatar.com\/avatar\/1825a523f3047a4b9194721a85cdea28f936ebf51e16a49a9e6504a59c37d892?s=96&d=mm&r=g","contentUrl":"https:\/\/secure.gravatar.com\/avatar\/1825a523f3047a4b9194721a85cdea28f936ebf51e16a49a9e6504a59c37d892?s=96&d=mm&r=g","caption":"Francesca Gervasoni"},"description":"Laureata in Filosofia presso Universit\u00e0 degli studi di Milano, ha un\u2019esperienza di 15 anni nel mondo delle agenzie di comunicazione per il mondo profit. Nel 2012 cambia vita e approda su Rete del Dono, dove mette in pratica quello che ha imparato nella precedente vita professionale, per aiutare ONP e aziende ad attivare campagne di raccolta fondi non profit. In Rete del Dono, ricopre il ruolo di Head of Charity Program e si occupa dei rapporti con le aziende.","url":"https:\/\/www.retedeldono.it\/magazine\/author\/francesca-gervasoni\/"}]}},"_links":{"self":[{"href":"https:\/\/www.retedeldono.it\/magazine\/wp-json\/wp\/v2\/posts\/1662","targetHints":{"allow":["GET"]}}],"collection":[{"href":"https:\/\/www.retedeldono.it\/magazine\/wp-json\/wp\/v2\/posts"}],"about":[{"href":"https:\/\/www.retedeldono.it\/magazine\/wp-json\/wp\/v2\/types\/post"}],"author":[{"embeddable":true,"href":"https:\/\/www.retedeldono.it\/magazine\/wp-json\/wp\/v2\/users\/12"}],"replies":[{"embeddable":true,"href":"https:\/\/www.retedeldono.it\/magazine\/wp-json\/wp\/v2\/comments?post=1662"}],"version-history":[{"count":0,"href":"https:\/\/www.retedeldono.it\/magazine\/wp-json\/wp\/v2\/posts\/1662\/revisions"}],"wp:featuredmedia":[{"embeddable":true,"href":"https:\/\/www.retedeldono.it\/magazine\/wp-json\/wp\/v2\/media\/1680"}],"wp:attachment":[{"href":"https:\/\/www.retedeldono.it\/magazine\/wp-json\/wp\/v2\/media?parent=1662"}],"wp:term":[{"taxonomy":"category","embeddable":true,"href":"https:\/\/www.retedeldono.it\/magazine\/wp-json\/wp\/v2\/categories?post=1662"},{"taxonomy":"post_tag","embeddable":true,"href":"https:\/\/www.retedeldono.it\/magazine\/wp-json\/wp\/v2\/tags?post=1662"}],"curies":[{"name":"wp","href":"https:\/\/api.w.org\/{rel}","templated":true}]}}