{"id":1675,"date":"2022-11-06T08:29:27","date_gmt":"2022-11-06T08:29:27","guid":{"rendered":"https:\/\/www.retedeldono.it\/magazine\/?p=1675"},"modified":"2025-12-05T09:47:30","modified_gmt":"2025-12-05T09:47:30","slug":"bilancio-sociale","status":"publish","type":"post","link":"https:\/\/www.retedeldono.it\/magazine\/bilancio-sociale\/","title":{"rendered":"Bilancio sociale: cos&#8217;\u00e8, a cosa serve e come farlo"},"content":{"rendered":"\r\n<h2 class=\"wp-block-heading\">Il bilancio sociale \u00e8 un documento, obbligatorio per alcuni enti del Terzo settore, che consente di comprendere l\u2019apporto dell\u2019organizzazione per i diversi soggetti della societ\u00e0 civile. Ecco che cosa contiene nel dettaglio e come realizzarlo<\/h2>\r\n\r\n\r\n\r\n<div class=\"wp-block-spacer\" style=\"height: 50px;\" aria-hidden=\"true\">\u00a0<\/div>\r\n\r\n\r\n\r\n<p>Il <strong>bilancio sociale<\/strong> \u00e8 un documento che illustra le <strong>ricadute positive<\/strong> di un\u2019attivit\u00e0 economica o di un\u2019organizzazione sui <strong>cittadini<\/strong> e sui diversi soggetti con i quali essa si relaziona. Facoltativo per la maggior parte delle imprese, \u00e8 <strong>obbligatorio<\/strong>, come vedremo, per alcuni enti del <strong><a href=\"https:\/\/www.retedeldono.it\/magazine\/terzo-settore\/\">Terzo settore<\/a><\/strong>. Al di l\u00e0 dell\u2019obbligatoriet\u00e0, introdotta con la <strong><a href=\"https:\/\/www.retedeldono.it\/magazine\/riforma-terzo-settore-2022\/\">Riforma del Terzo settore<\/a><\/strong>, il bilancio sociale rappresenta uno strumento importante di <strong>trasparenza<\/strong> e di apertura ai cittadini e agli stakeholder. Grazie ad esso, qualsiasi tipo di organizzazione pu\u00f2 mettere in luce gli aspetti di <a href=\"https:\/\/www.retedeldono.it\/magazine\/sostenibilita-aziendale\/\"><strong>sostenibilit\u00e0<\/strong><\/a> ai quali ha dedicato impegno e risorse. Vediamo pi\u00f9 nel dettaglio in che cosa consiste il <strong><a href=\"https:\/\/www.retedeldono.it\/magazine\/bilancio-di-sostenibilita\/\">bilancio<\/a><\/strong> sociale e come farlo.<\/p>\r\n\r\n\r\n\r\n<div class=\"wp-block-spacer\" style=\"height: 50px;\" aria-hidden=\"true\">\u00a0<\/div>\r\n\r\n\r\n\r\n<div class=\"wp-block-buttons is-layout-flex wp-block-buttons-is-layout-flex\">\r\n<div class=\"wp-block-button\"><strong><a class=\"wp-block-button__link has-background wp-element-button\" style=\"border-radius: 15px; background-color: #e96f27;\" href=\"https:\/\/www.retedeldono.it\/search?utm_source=Blog&amp;utm_medium=direct&amp;utm_campaign=CTA_bilancio_sociale_top\">Scopri i progetti di Rete del Dono<\/a><\/strong><\/div>\r\n<\/div>\r\n\r\n\r\n\r\n<div class=\"wp-block-spacer\" style=\"height: 50px;\" aria-hidden=\"true\">\u00a0<\/div>\r\n\r\n\r\n\r\n<h2 class=\"wp-block-heading\">Che cosa \u00e8 il bilancio sociale?<\/h2>\r\n\r\n\r\n\r\n<p>Esistono due definizioni di bilancio sociale. L\u2019<strong>Unione europea<\/strong>, nel Libro Verde della Commissione Europea (<strong>2001<\/strong>) lo definisce come la \u201c<strong>integrazione volontaria<\/strong>\u201d delle attivit\u00e0 \u201c<strong>sociali e ecologiche<\/strong>\u201d delle aziende nelle loro azioni commerciali e \u201cnei loro rapporti con le parti interessate\u201d. Nel <strong>2007<\/strong> \u00e8 arrivata anche la definizione del <strong>ministero dell\u2019Interno<\/strong> italiano, che indica il bilancio sociale come \u201c<strong>l\u2019esito di un processo<\/strong>\u201d attraverso il quale \u201c<strong>l\u2019amministrazione rende conto <\/strong>delle scelte, delle attivit\u00e0, dei risultati e dell\u2019impiego di risorse\u201d in un determinato periodo, in modo da permettere \u201cai cittadini e ai diversi interlocutori\u201d di <strong>informarsi<\/strong> e di elaborare \u201cun proprio <strong>giudizio<\/strong> su come l\u2019amministrazione\u201d concretizza \u201cla sua <strong>missione istituzionale<\/strong> e il suo mandato\u201d.<\/p>\r\n\r\n\r\n\r\n<div class=\"wp-block-spacer\" style=\"height: 50px;\" aria-hidden=\"true\">\u00a0<\/div>\r\n\r\n\r\n\r\n<h2 class=\"wp-block-heading\">Chi \u00e8 obbligato a redigere il bilancio sociale?<\/h2>\r\n\r\n\r\n\r\n<p>In base al Codice del Terzo settore l\u2019obbligo di redazione del Bilancio sociale riguarda:<\/p>\r\n\r\n\r\n\r\n<ul class=\"wp-block-list\">\r\n<li>gli enti del Terzo settore con rendite, ricavi, entrate o proventi <strong>superiori ad 1 milione di euro<\/strong>;<\/li>\r\n\r\n\r\n\r\n<li>le <strong>Imprese Sociali<\/strong> e i gruppi di Imprese Sociali;<\/li>\r\n\r\n\r\n\r\n<li>i Centri di Servizio per il <strong><a href=\"https:\/\/www.retedeldono.it\/magazine\/associazioni-di-volontariato\/\">volontariato<\/a><\/strong>.<\/li>\r\n<\/ul>\r\n\r\n\r\n\r\n<div class=\"wp-block-spacer\" style=\"height: 50px;\" aria-hidden=\"true\">\u00a0<\/div>\r\n\r\n\r\n\r\n<h2 class=\"wp-block-heading\">Cosa deve contenere un bilancio sociale?<\/h2>\r\n\r\n\r\n\r\n<p>Il bilancio sociale \u00e8 un documento attraverso il quale \u00e8 possibile rendere conto, il pi\u00f9 <strong>analiticamente<\/strong> possibile, di tutte le attivit\u00e0 portate avanti nell\u2019ottica della <a href=\"https:\/\/www.retedeldono.it\/magazine\/economia-sostenibile\/\"><strong>sostenibilit\u00e0<\/strong><\/a> dell\u2019organizzazione stessa, con particolare attenzione ai <strong>vantaggi specifici<\/strong> per i diversi stakeholder coinvolti. Gli enti del terzo Settore per i quali vige l\u2019obbligo di redazione del bilancio sociale, devono fare riferimento alle <strong>linee guida<\/strong> adottate con decreto del <strong>ministro del Lavoro e delle Politiche sociali<\/strong>. Gli altri enti, per i quali non vige l\u2019obbligo, possono scegliere di seguire le linee guida o di rifarsi ad altri modelli o riferimenti, specificando per\u00f2 che \u201cil documento \u00e8 stato predisposto ai sensi dell\u2019art. 14 del decreto legislativo n. 117\/2017\u201d.<\/p>\r\n\r\n\r\n\r\n<div class=\"wp-block-spacer\" style=\"height: 50px;\" aria-hidden=\"true\">\u00a0<\/div>\r\n\r\n\r\n\r\n<h2 class=\"wp-block-heading\">Linee guida per la redazione del bilancio sociale degli enti del Terzo settore<\/h2>\r\n\r\n\r\n\r\n<p>Le linee guida adottate con Decreto del ministro del Lavoro il 4 luglio 2019 delineano i principi base del bilancio sociale.<\/p>\r\n\r\n\r\n\r\n<ul class=\"wp-block-list\">\r\n<li><strong>Completezza<\/strong>: \u00e8 necessario identificare i principali stakeholder e inserire solo le informazioni rilevanti al fine della comprensione della situazione o degli aspetti che potrebbero determinare il comportamento degli stakeholder.<\/li>\r\n\r\n\r\n\r\n<li><strong>Rilevanza<\/strong>: al contempo nessuna informazione rilevante deve essere omessa.<\/li>\r\n\r\n\r\n\r\n<li><strong>Trasparenza<\/strong>: \u00e8 necessario chiarire i criteri usati per ottenere e organizzare le informazioni.<\/li>\r\n\r\n\r\n\r\n<li><strong>Neutralit\u00e0<\/strong>: il modo in cui le informazioni vengono esposte deve essere imparziale e oggettivo.<\/li>\r\n\r\n\r\n\r\n<li><strong>Competenza di periodo<\/strong>: si documentano le attivit\u00e0 relative all\u2019anno di riferimento.<\/li>\r\n\r\n\r\n\r\n<li><strong>Comparabilit\u00e0<\/strong>: \u00e8 opportuno inserire dati che consentano un confronto sul territorio e una valutazione in un arco temporale.<\/li>\r\n\r\n\r\n\r\n<li><strong>Chiarezza<\/strong>: il linguaggio utilizzato deve essere comprensibile a tutti.<\/li>\r\n\r\n\r\n\r\n<li><strong>Veridicit\u00e0 e verificabilit\u00e0<\/strong>: le fonti vanno sempre citate.<\/li>\r\n\r\n\r\n\r\n<li><strong>Attendibilit\u00e0<\/strong>: evitare di inserire dati non sicuri o stime approssimative.<\/li>\r\n\r\n\r\n\r\n<li><strong>Autonomia<\/strong>: se per la redazione del bilancio vengono coinvolti soggetti terzi, essi devono poter operare in assoluta indipendenza.<\/li>\r\n<\/ul>\r\n\r\n\r\n\r\n<div class=\"wp-block-spacer\" style=\"height: 50px;\" aria-hidden=\"true\">\u00a0<\/div>\r\n\r\n\r\n\r\n<div class=\"wp-block-buttons is-layout-flex wp-block-buttons-is-layout-flex\">\r\n<div class=\"wp-block-button\"><strong><a class=\"wp-block-button__link has-background wp-element-button\" style=\"border-radius: 15px; background-color: #e96f27;\" href=\"https:\/\/www.retedeldono.it\/search?utm_source=Blog&amp;utm_medium=direct&amp;utm_campaign=CTA_bilancio_sociale_central\">Scopri i progetti di Rete del Dono<\/a><\/strong><\/div>\r\n<\/div>\r\n\r\n\r\n\r\n<div class=\"wp-block-spacer\" style=\"height: 50px;\" aria-hidden=\"true\">\u00a0<\/div>\r\n\r\n\r\n\r\n<h2 class=\"wp-block-heading\">Bilancio sociale esempio: i contenuti<\/h2>\r\n\r\n\r\n\r\n<p>Oltre ai principi, le linee guida individuano anche i <strong>contenuti minimi<\/strong> che vanno inseriti. In questo modo, \u00e8 possibile creare una struttura che funga da <strong>esempio di bilancio sociale<\/strong> valida per ogni ente.<\/p>\r\n\r\n\r\n\r\n<ul class=\"wp-block-list\">\r\n<li><strong>Metodologia<\/strong>: il bilancio deve introdurre all\u2019inizio i criteri utilizzati per la sua redazione.<\/li>\r\n\r\n\r\n\r\n<li><strong>Informazioni generali sull\u2019ente<\/strong>: dati anagrafici, area territoriale e settore di attivit\u00e0, mission e vision.<\/li>\r\n\r\n\r\n\r\n<li><strong>Governance<\/strong>: informazioni su sistema di governo e di controllo dell\u2019organizzazione, base <strong><a href=\"https:\/\/www.retedeldono.it\/magazine\/inclusione-sociale\/\">sociale<\/a><\/strong> e aspetti legati alla partecipazione e democraticit\u00e0 interna.<\/li>\r\n\r\n\r\n\r\n<li><strong>Persone<\/strong>: informazioni dettagliate su volontari e lavoratori, contratti di lavoro applicati, attivit\u00e0 svolte, tipologia dei compensi e metodi di rimborso ai volontari.<\/li>\r\n\r\n\r\n\r\n<li><strong>Attivit\u00e0<\/strong>: informazioni specifiche sulle attivit\u00e0 realizzate, sui destinatari, sugli effetti da esse generati e sul raggiungimento degli obiettivi.<\/li>\r\n\r\n\r\n\r\n<li><strong>Situazione economica e finanziaria<\/strong>: origine delle risorse economiche, con spartizione dei contributi privati e pubblici, dati sulle campagne di <strong><a href=\"https:\/\/www.retedeldono.it\/magazine\/raccolta-fondi-obiettivo\/\">raccolta fondi<\/a><\/strong> ed eventuali criticit\u00e0.<\/li>\r\n\r\n\r\n\r\n<li><strong>Altre informazioni<\/strong>: impatto <strong><a href=\"https:\/\/www.retedeldono.it\/magazine\/sostenibilita-ambientale-crowdfunding\/\">ambientale<\/a><\/strong>, prevenzione della corruzione, <strong><a href=\"https:\/\/www.retedeldono.it\/magazine\/uguaglianza-di-genere\/\">parit\u00e0 di genere<\/a><\/strong>, rispetto dei <strong><a href=\"https:\/\/www.retedeldono.it\/magazine\/diritti-dei-bambini\/\">diritti umani<\/a><\/strong>, eventuali contenziosi.<\/li>\r\n<\/ul>\r\n\r\n\r\n\r\n<div class=\"wp-block-spacer\" style=\"height: 50px;\" aria-hidden=\"true\">\u00a0<\/div>\r\n\r\n\r\n\r\n<h2 class=\"wp-block-heading\">Bilancio sociale esempio pratico<\/h2>\r\n\r\n\r\n\r\n<p>Anche i <strong><a href=\"https:\/\/www.retedeldono.it\/magazine\/piattaforme-crowdfunding\/\">portali di crowdfunding<\/a><\/strong> possono porre una particolare attenzione al bilancio sociale. <strong>Rete del Dono<\/strong> ha <a href=\"https:\/\/www.retedeldono.it\/landing\/trasparenza\">dedicato una pagina alla trasparenza<\/a> verso i propri partner, clienti, fornitori e collaboratori, mettendo a disposizione tutte le informazioni utili a conoscerne <strong>propriet\u00e0, organi di governance <\/strong>e<strong> performance<\/strong>. Per informazioni dettagliate sulla propriet\u00e0 \u00e8 possibile scaricare la visura camerale. Sono poi presenti il bilancio depositato (per le performance finanziarie) e la relazione annuale sulla valutazione di impatto sociale.<\/p>\r\n\r\n\r\n\r\n<p>Passando alle <strong><a href=\"https:\/\/www.retedeldono.it\/magazine\/organizzazioni-non-governative\/\">ONG<\/a><\/strong>, <strong>Save the Children<\/strong> dedica al bilancio una <a href=\"https:\/\/www.savethechildren.it\/bilancio\" target=\"_blank\" rel=\"noreferrer noopener\">pagina <\/a>del suo sito web, che si apre esponendo i <strong>principali risultati<\/strong> (con cifre precise) ottenuti nell\u2019anno precedente e offre alcuni link per <strong>approfondire<\/strong> ulteriormente. Segue una precisazione sulla <strong>provenienza dei fondi<\/strong> e sulla loro <strong>destinazione<\/strong>, con una semplice ma efficace <strong>rappresentazione grafica<\/strong>. Sono poi elencati i <strong>partner coinvolti<\/strong> (stakeholder), le aree e le <strong>tipologie di intervento<\/strong>, i programmi in Italia e nel mondo, con <strong>mappe e collegamenti<\/strong> ad approfondimenti specifici. Infine, \u00e8 possibile scaricare il <a href=\"https:\/\/s3.savethechildren.it\/public\/files\/uploads\/pubblicazioni\/bilancio-2021_2.pdf\" target=\"_blank\" rel=\"noreferrer noopener\">documento integrale<\/a>, composto da oltre 200 pagine che comprendono anche il bilancio economico.<\/p>\r\n\r\n\r\n\r\n<div class=\"wp-block-spacer\" style=\"height: 50px;\" aria-hidden=\"true\">\u00a0<\/div>\r\n\r\n\r\n\r\n<div class=\"wp-block-buttons is-layout-flex wp-block-buttons-is-layout-flex\">\r\n<div class=\"wp-block-button\"><strong><a class=\"wp-block-button__link has-background wp-element-button\" style=\"border-radius: 15px; background-color: #e96f27;\" href=\"https:\/\/www.retedeldono.it\/search?utm_source=Blog&amp;utm_medium=direct&amp;utm_campaign=CTA_bilancio_sociale_down\">Scopri i progetti di Rete del Dono<\/a><\/strong><\/div>\r\n<\/div>\r\n","protected":false},"excerpt":{"rendered":"<p>Il bilancio sociale \u00e8 un documento, obbligatorio per alcuni enti del Terzo settore, che consente di comprendere l\u2019apporto dell\u2019organizzazione per i diversi soggetti della societ\u00e0 civile. Ecco che cosa contiene&#8230;<\/p>\n","protected":false},"author":13,"featured_media":1676,"comment_status":"open","ping_status":"open","sticky":false,"template":"","format":"standard","meta":{"_acf_changed":false,"footnotes":""},"categories":[16],"tags":[],"class_list":{"0":"post-1675","1":"post","2":"type-post","3":"status-publish","4":"format-standard","5":"has-post-thumbnail","7":"category-sostenibilita"},"acf":{"homepage_rdd":false},"yoast_head":"<!-- This site is optimized with the Yoast SEO plugin v27.5 - https:\/\/yoast.com\/product\/yoast-seo-wordpress\/ -->\n<title>Bilancio sociale: cos&#039;\u00e8, a cosa serve e come farlo -<\/title>\n<meta name=\"description\" content=\"Il bilancio sociale \u00e8 un documento, obbligatorio per alcuni enti del Terzo settore. Ecco che cosa contiene nel dettaglio e come realizzarlo.\" \/>\n<meta name=\"robots\" content=\"index, follow, max-snippet:-1, max-image-preview:large, max-video-preview:-1\" \/>\n<link rel=\"canonical\" href=\"https:\/\/www.retedeldono.it\/magazine\/bilancio-sociale\/\" \/>\n<meta property=\"og:locale\" content=\"it_IT\" \/>\n<meta property=\"og:type\" content=\"article\" \/>\n<meta property=\"og:title\" content=\"Bilancio sociale: cos&#039;\u00e8, a cosa serve e come farlo -\" \/>\n<meta property=\"og:description\" content=\"Il bilancio sociale \u00e8 un documento, obbligatorio per alcuni enti del Terzo settore. Ecco che cosa contiene nel dettaglio e come realizzarlo.\" \/>\n<meta property=\"og:url\" content=\"https:\/\/www.retedeldono.it\/magazine\/bilancio-sociale\/\" \/>\n<meta property=\"og:site_name\" content=\"Rete del Dono Magazine\" \/>\n<meta property=\"article:publisher\" content=\"https:\/\/www.facebook.com\/retedeldono\/\" \/>\n<meta property=\"article:published_time\" content=\"2022-11-06T08:29:27+00:00\" \/>\n<meta property=\"article:modified_time\" content=\"2025-12-05T09:47:30+00:00\" \/>\n<meta property=\"og:image\" content=\"https:\/\/magazine.retedeldono.it\/wp-content\/uploads\/2022\/11\/bilancio-sociale.jpg\" \/>\n\t<meta property=\"og:image:width\" content=\"1000\" \/>\n\t<meta property=\"og:image:height\" content=\"700\" \/>\n\t<meta property=\"og:image:type\" content=\"image\/jpeg\" \/>\n<meta name=\"author\" content=\"Anna Maria Siccardi\" \/>\n<meta name=\"twitter:card\" content=\"summary_large_image\" \/>\n<meta name=\"twitter:label1\" content=\"Scritto da\" \/>\n\t<meta name=\"twitter:data1\" content=\"Anna Maria Siccardi\" \/>\n\t<meta name=\"twitter:label2\" content=\"Tempo di lettura stimato\" \/>\n\t<meta name=\"twitter:data2\" content=\"6 minuti\" \/>\n<script type=\"application\/ld+json\" class=\"yoast-schema-graph\">{\"@context\":\"https:\\\/\\\/schema.org\",\"@graph\":[{\"@type\":\"Article\",\"@id\":\"https:\\\/\\\/www.retedeldono.it\\\/magazine\\\/bilancio-sociale\\\/#article\",\"isPartOf\":{\"@id\":\"https:\\\/\\\/www.retedeldono.it\\\/magazine\\\/bilancio-sociale\\\/\"},\"author\":{\"name\":\"Anna Maria Siccardi\",\"@id\":\"https:\\\/\\\/www.retedeldono.it\\\/magazine\\\/#\\\/schema\\\/person\\\/0f904c608fbb6c6d3c63d87e86241ff6\"},\"headline\":\"Bilancio sociale: cos&#8217;\u00e8, a cosa serve e come farlo\",\"datePublished\":\"2022-11-06T08:29:27+00:00\",\"dateModified\":\"2025-12-05T09:47:30+00:00\",\"mainEntityOfPage\":{\"@id\":\"https:\\\/\\\/www.retedeldono.it\\\/magazine\\\/bilancio-sociale\\\/\"},\"wordCount\":980,\"commentCount\":0,\"image\":{\"@id\":\"https:\\\/\\\/www.retedeldono.it\\\/magazine\\\/bilancio-sociale\\\/#primaryimage\"},\"thumbnailUrl\":\"https:\\\/\\\/magazine.retedeldono.it\\\/wp-content\\\/uploads\\\/2022\\\/11\\\/bilancio-sociale.jpg\",\"articleSection\":[\"Sostenibilit\u00e0\"],\"inLanguage\":\"it-IT\",\"potentialAction\":[{\"@type\":\"CommentAction\",\"name\":\"Comment\",\"target\":[\"https:\\\/\\\/www.retedeldono.it\\\/magazine\\\/bilancio-sociale\\\/#respond\"]}]},{\"@type\":\"WebPage\",\"@id\":\"https:\\\/\\\/www.retedeldono.it\\\/magazine\\\/bilancio-sociale\\\/\",\"url\":\"https:\\\/\\\/www.retedeldono.it\\\/magazine\\\/bilancio-sociale\\\/\",\"name\":\"Bilancio sociale: cos'\u00e8, a cosa serve e come farlo -\",\"isPartOf\":{\"@id\":\"https:\\\/\\\/www.retedeldono.it\\\/magazine\\\/#website\"},\"primaryImageOfPage\":{\"@id\":\"https:\\\/\\\/www.retedeldono.it\\\/magazine\\\/bilancio-sociale\\\/#primaryimage\"},\"image\":{\"@id\":\"https:\\\/\\\/www.retedeldono.it\\\/magazine\\\/bilancio-sociale\\\/#primaryimage\"},\"thumbnailUrl\":\"https:\\\/\\\/magazine.retedeldono.it\\\/wp-content\\\/uploads\\\/2022\\\/11\\\/bilancio-sociale.jpg\",\"datePublished\":\"2022-11-06T08:29:27+00:00\",\"dateModified\":\"2025-12-05T09:47:30+00:00\",\"author\":{\"@id\":\"https:\\\/\\\/www.retedeldono.it\\\/magazine\\\/#\\\/schema\\\/person\\\/0f904c608fbb6c6d3c63d87e86241ff6\"},\"description\":\"Il bilancio sociale \u00e8 un documento, obbligatorio per alcuni enti del Terzo settore. Ecco che cosa contiene nel dettaglio e come realizzarlo.\",\"breadcrumb\":{\"@id\":\"https:\\\/\\\/www.retedeldono.it\\\/magazine\\\/bilancio-sociale\\\/#breadcrumb\"},\"inLanguage\":\"it-IT\",\"potentialAction\":[{\"@type\":\"ReadAction\",\"target\":[\"https:\\\/\\\/www.retedeldono.it\\\/magazine\\\/bilancio-sociale\\\/\"]}]},{\"@type\":\"ImageObject\",\"inLanguage\":\"it-IT\",\"@id\":\"https:\\\/\\\/www.retedeldono.it\\\/magazine\\\/bilancio-sociale\\\/#primaryimage\",\"url\":\"https:\\\/\\\/magazine.retedeldono.it\\\/wp-content\\\/uploads\\\/2022\\\/11\\\/bilancio-sociale.jpg\",\"contentUrl\":\"https:\\\/\\\/magazine.retedeldono.it\\\/wp-content\\\/uploads\\\/2022\\\/11\\\/bilancio-sociale.jpg\",\"width\":1000,\"height\":700,\"caption\":\"bilancio sociale\"},{\"@type\":\"BreadcrumbList\",\"@id\":\"https:\\\/\\\/www.retedeldono.it\\\/magazine\\\/bilancio-sociale\\\/#breadcrumb\",\"itemListElement\":[{\"@type\":\"ListItem\",\"position\":1,\"name\":\"Home\",\"item\":\"https:\\\/\\\/www.retedeldono.it\\\/magazine\\\/\"},{\"@type\":\"ListItem\",\"position\":2,\"name\":\"Bilancio sociale: cos&#8217;\u00e8, a cosa serve e come farlo\"}]},{\"@type\":\"WebSite\",\"@id\":\"https:\\\/\\\/www.retedeldono.it\\\/magazine\\\/#website\",\"url\":\"https:\\\/\\\/www.retedeldono.it\\\/magazine\\\/\",\"name\":\"Rete del Dono Magazine\",\"description\":\"Rete del Dono Magazine\",\"potentialAction\":[{\"@type\":\"SearchAction\",\"target\":{\"@type\":\"EntryPoint\",\"urlTemplate\":\"https:\\\/\\\/www.retedeldono.it\\\/magazine\\\/?s={search_term_string}\"},\"query-input\":{\"@type\":\"PropertyValueSpecification\",\"valueRequired\":true,\"valueName\":\"search_term_string\"}}],\"inLanguage\":\"it-IT\"},{\"@type\":\"Person\",\"@id\":\"https:\\\/\\\/www.retedeldono.it\\\/magazine\\\/#\\\/schema\\\/person\\\/0f904c608fbb6c6d3c63d87e86241ff6\",\"name\":\"Anna Maria Siccardi\",\"image\":{\"@type\":\"ImageObject\",\"inLanguage\":\"it-IT\",\"@id\":\"https:\\\/\\\/secure.gravatar.com\\\/avatar\\\/344a35671d79b9e2bc3a002a2a3554225d0f76b9b0a1a7e45888f9cea2233f76?s=96&d=mm&r=g\",\"url\":\"https:\\\/\\\/secure.gravatar.com\\\/avatar\\\/344a35671d79b9e2bc3a002a2a3554225d0f76b9b0a1a7e45888f9cea2233f76?s=96&d=mm&r=g\",\"contentUrl\":\"https:\\\/\\\/secure.gravatar.com\\\/avatar\\\/344a35671d79b9e2bc3a002a2a3554225d0f76b9b0a1a7e45888f9cea2233f76?s=96&d=mm&r=g\",\"caption\":\"Anna Maria Siccardi\"},\"description\":\"Laureata in Fisica presso Universit\u00e0 degli Studi di Torino. Imprenditrice attiva nel settore dell\u2019innovazione digitale sin dal 1998, ha partecipato alla nascita e allo sviluppo di aziende web quali CHL, Bakeca, Seolab, Wickedin, Jojob. E\u2019 membro del Comitato esecutivo del Club degli Investitori di Torino. Nel 2011 ha fondato Rete del Dono insieme a Valeria Vitali e da allora si occupa di trasformazione digitale del Terzo Settore.\",\"url\":\"https:\\\/\\\/www.retedeldono.it\\\/magazine\\\/author\\\/anna-maria-siccardi\\\/\"}]}<\/script>\n<!-- \/ Yoast SEO plugin. -->","yoast_head_json":{"title":"Bilancio sociale: cos'\u00e8, a cosa serve e come farlo -","description":"Il bilancio sociale \u00e8 un documento, obbligatorio per alcuni enti del Terzo settore. Ecco che cosa contiene nel dettaglio e come realizzarlo.","robots":{"index":"index","follow":"follow","max-snippet":"max-snippet:-1","max-image-preview":"max-image-preview:large","max-video-preview":"max-video-preview:-1"},"canonical":"https:\/\/www.retedeldono.it\/magazine\/bilancio-sociale\/","og_locale":"it_IT","og_type":"article","og_title":"Bilancio sociale: cos'\u00e8, a cosa serve e come farlo -","og_description":"Il bilancio sociale \u00e8 un documento, obbligatorio per alcuni enti del Terzo settore. Ecco che cosa contiene nel dettaglio e come realizzarlo.","og_url":"https:\/\/www.retedeldono.it\/magazine\/bilancio-sociale\/","og_site_name":"Rete del Dono Magazine","article_publisher":"https:\/\/www.facebook.com\/retedeldono\/","article_published_time":"2022-11-06T08:29:27+00:00","article_modified_time":"2025-12-05T09:47:30+00:00","og_image":[{"width":1000,"height":700,"url":"https:\/\/magazine.retedeldono.it\/wp-content\/uploads\/2022\/11\/bilancio-sociale.jpg","type":"image\/jpeg"}],"author":"Anna Maria Siccardi","twitter_card":"summary_large_image","twitter_misc":{"Scritto da":"Anna Maria Siccardi","Tempo di lettura stimato":"6 minuti"},"schema":{"@context":"https:\/\/schema.org","@graph":[{"@type":"Article","@id":"https:\/\/www.retedeldono.it\/magazine\/bilancio-sociale\/#article","isPartOf":{"@id":"https:\/\/www.retedeldono.it\/magazine\/bilancio-sociale\/"},"author":{"name":"Anna Maria Siccardi","@id":"https:\/\/www.retedeldono.it\/magazine\/#\/schema\/person\/0f904c608fbb6c6d3c63d87e86241ff6"},"headline":"Bilancio sociale: cos&#8217;\u00e8, a cosa serve e come farlo","datePublished":"2022-11-06T08:29:27+00:00","dateModified":"2025-12-05T09:47:30+00:00","mainEntityOfPage":{"@id":"https:\/\/www.retedeldono.it\/magazine\/bilancio-sociale\/"},"wordCount":980,"commentCount":0,"image":{"@id":"https:\/\/www.retedeldono.it\/magazine\/bilancio-sociale\/#primaryimage"},"thumbnailUrl":"https:\/\/magazine.retedeldono.it\/wp-content\/uploads\/2022\/11\/bilancio-sociale.jpg","articleSection":["Sostenibilit\u00e0"],"inLanguage":"it-IT","potentialAction":[{"@type":"CommentAction","name":"Comment","target":["https:\/\/www.retedeldono.it\/magazine\/bilancio-sociale\/#respond"]}]},{"@type":"WebPage","@id":"https:\/\/www.retedeldono.it\/magazine\/bilancio-sociale\/","url":"https:\/\/www.retedeldono.it\/magazine\/bilancio-sociale\/","name":"Bilancio sociale: cos'\u00e8, a cosa serve e come farlo -","isPartOf":{"@id":"https:\/\/www.retedeldono.it\/magazine\/#website"},"primaryImageOfPage":{"@id":"https:\/\/www.retedeldono.it\/magazine\/bilancio-sociale\/#primaryimage"},"image":{"@id":"https:\/\/www.retedeldono.it\/magazine\/bilancio-sociale\/#primaryimage"},"thumbnailUrl":"https:\/\/magazine.retedeldono.it\/wp-content\/uploads\/2022\/11\/bilancio-sociale.jpg","datePublished":"2022-11-06T08:29:27+00:00","dateModified":"2025-12-05T09:47:30+00:00","author":{"@id":"https:\/\/www.retedeldono.it\/magazine\/#\/schema\/person\/0f904c608fbb6c6d3c63d87e86241ff6"},"description":"Il bilancio sociale \u00e8 un documento, obbligatorio per alcuni enti del Terzo settore. Ecco che cosa contiene nel dettaglio e come realizzarlo.","breadcrumb":{"@id":"https:\/\/www.retedeldono.it\/magazine\/bilancio-sociale\/#breadcrumb"},"inLanguage":"it-IT","potentialAction":[{"@type":"ReadAction","target":["https:\/\/www.retedeldono.it\/magazine\/bilancio-sociale\/"]}]},{"@type":"ImageObject","inLanguage":"it-IT","@id":"https:\/\/www.retedeldono.it\/magazine\/bilancio-sociale\/#primaryimage","url":"https:\/\/magazine.retedeldono.it\/wp-content\/uploads\/2022\/11\/bilancio-sociale.jpg","contentUrl":"https:\/\/magazine.retedeldono.it\/wp-content\/uploads\/2022\/11\/bilancio-sociale.jpg","width":1000,"height":700,"caption":"bilancio sociale"},{"@type":"BreadcrumbList","@id":"https:\/\/www.retedeldono.it\/magazine\/bilancio-sociale\/#breadcrumb","itemListElement":[{"@type":"ListItem","position":1,"name":"Home","item":"https:\/\/www.retedeldono.it\/magazine\/"},{"@type":"ListItem","position":2,"name":"Bilancio sociale: cos&#8217;\u00e8, a cosa serve e come farlo"}]},{"@type":"WebSite","@id":"https:\/\/www.retedeldono.it\/magazine\/#website","url":"https:\/\/www.retedeldono.it\/magazine\/","name":"Rete del Dono Magazine","description":"Rete del Dono Magazine","potentialAction":[{"@type":"SearchAction","target":{"@type":"EntryPoint","urlTemplate":"https:\/\/www.retedeldono.it\/magazine\/?s={search_term_string}"},"query-input":{"@type":"PropertyValueSpecification","valueRequired":true,"valueName":"search_term_string"}}],"inLanguage":"it-IT"},{"@type":"Person","@id":"https:\/\/www.retedeldono.it\/magazine\/#\/schema\/person\/0f904c608fbb6c6d3c63d87e86241ff6","name":"Anna Maria Siccardi","image":{"@type":"ImageObject","inLanguage":"it-IT","@id":"https:\/\/secure.gravatar.com\/avatar\/344a35671d79b9e2bc3a002a2a3554225d0f76b9b0a1a7e45888f9cea2233f76?s=96&d=mm&r=g","url":"https:\/\/secure.gravatar.com\/avatar\/344a35671d79b9e2bc3a002a2a3554225d0f76b9b0a1a7e45888f9cea2233f76?s=96&d=mm&r=g","contentUrl":"https:\/\/secure.gravatar.com\/avatar\/344a35671d79b9e2bc3a002a2a3554225d0f76b9b0a1a7e45888f9cea2233f76?s=96&d=mm&r=g","caption":"Anna Maria Siccardi"},"description":"Laureata in Fisica presso Universit\u00e0 degli Studi di Torino. Imprenditrice attiva nel settore dell\u2019innovazione digitale sin dal 1998, ha partecipato alla nascita e allo sviluppo di aziende web quali CHL, Bakeca, Seolab, Wickedin, Jojob. E\u2019 membro del Comitato esecutivo del Club degli Investitori di Torino. Nel 2011 ha fondato Rete del Dono insieme a Valeria Vitali e da allora si occupa di trasformazione digitale del Terzo Settore.","url":"https:\/\/www.retedeldono.it\/magazine\/author\/anna-maria-siccardi\/"}]}},"_links":{"self":[{"href":"https:\/\/www.retedeldono.it\/magazine\/wp-json\/wp\/v2\/posts\/1675","targetHints":{"allow":["GET"]}}],"collection":[{"href":"https:\/\/www.retedeldono.it\/magazine\/wp-json\/wp\/v2\/posts"}],"about":[{"href":"https:\/\/www.retedeldono.it\/magazine\/wp-json\/wp\/v2\/types\/post"}],"author":[{"embeddable":true,"href":"https:\/\/www.retedeldono.it\/magazine\/wp-json\/wp\/v2\/users\/13"}],"replies":[{"embeddable":true,"href":"https:\/\/www.retedeldono.it\/magazine\/wp-json\/wp\/v2\/comments?post=1675"}],"version-history":[{"count":1,"href":"https:\/\/www.retedeldono.it\/magazine\/wp-json\/wp\/v2\/posts\/1675\/revisions"}],"predecessor-version":[{"id":4394,"href":"https:\/\/www.retedeldono.it\/magazine\/wp-json\/wp\/v2\/posts\/1675\/revisions\/4394"}],"wp:featuredmedia":[{"embeddable":true,"href":"https:\/\/www.retedeldono.it\/magazine\/wp-json\/wp\/v2\/media\/1676"}],"wp:attachment":[{"href":"https:\/\/www.retedeldono.it\/magazine\/wp-json\/wp\/v2\/media?parent=1675"}],"wp:term":[{"taxonomy":"category","embeddable":true,"href":"https:\/\/www.retedeldono.it\/magazine\/wp-json\/wp\/v2\/categories?post=1675"},{"taxonomy":"post_tag","embeddable":true,"href":"https:\/\/www.retedeldono.it\/magazine\/wp-json\/wp\/v2\/tags?post=1675"}],"curies":[{"name":"wp","href":"https:\/\/api.w.org\/{rel}","templated":true}]}}