{"id":1759,"date":"2022-11-17T08:00:00","date_gmt":"2022-11-17T08:00:00","guid":{"rendered":"https:\/\/www.retedeldono.it\/magazine\/?p=1759"},"modified":"2023-01-23T11:34:04","modified_gmt":"2023-01-23T11:34:04","slug":"calendario-avvento-solidale","status":"publish","type":"post","link":"https:\/\/www.retedeldono.it\/magazine\/calendario-avvento-solidale\/","title":{"rendered":"Il tuo calendario dell\u2019avvento solidale"},"content":{"rendered":"\r\n<p>A <a href=\"https:\/\/blog.retedeldono.it\/it\/crowdfunding-natale-donatori\"><strong>Natale<\/strong><\/a> le persone sono pi\u00f9 disposte a donare, si sa. I dati confermano che in questo periodo dona un italiano su 2, mentre nel resto dell\u2019anno siamo nell\u2019ordine di un italiano su 3. E moltissime organizzazioni non profit, solo con le campagne natalizie, ottengono oltre il 50% della loro raccolta fondi annuale. In un ideale calendario dell&#8217;avvento solidale, ecco tutte le giornate rilevanti da qui a Natale con i nostri <a href=\"https:\/\/blog.retedeldono.it\/it\/content\/6-consigli-per-la-tua-raccolta-fondi-a-natale\"><strong>consigli<\/strong><\/a><strong> per raccogliere fondi<\/strong>.<\/p>\r\n\r\n\r\n\r\n<h2 class=\"wp-block-heading\">25 novembre, Black Friday: regali solidali<\/h2>\r\n\r\n\r\n\r\n<p>Per i pi\u00f9 previdenti, il kick-off alla corsa per i regali di Natale avviene con il <strong>Black Friday<\/strong>, che nel 2022 cade il 25 novembre. Ottima occasione per ricordare ai donatori dei vostri <a href=\"https:\/\/www.retedeldono.it\/magazine\/regali-natale-2022\/\"><strong>regali solidali<\/strong><\/a>, alternativa pi\u00f9 sostenibile al mero consumismo: acquistare per s\u00e9 e regalare un prodotto o un\u2019esperienza che in pi\u00f9 fa del bene aggiunge senso e valore alle compere tipiche di questo periodo.<\/p>\r\n\r\n\r\n\r\n<h2 class=\"wp-block-heading\">1\u00b0 dicembre, Giornata Mondiale dell\u2019AIDS: un calendario speciale<\/h2>\r\n\r\n\r\n\r\n<p>Per chi si occupa di cause per le quali \u00e8 importante anche fare <strong>awareness e advocacy<\/strong> un\u2019idea, proprio a partire dal primo giorno di dicembre, \u00e8 quella di immaginare un <strong>Calendario dell\u2019Avvento virtuale<\/strong>. Diffondere sui social, ogni giorno per 25 giorni, un contenuto foto o video con curiosit\u00e0, informazioni, miti da sfatare, dati sul tema che tratta la vostra organizzazione.<\/p>\r\n\r\n\r\n\r\n<h2 class=\"wp-block-heading\">3 dicembre, Giornata Internazionale per le persone con disabilit\u00e0: team building<\/h2>\r\n\r\n\r\n\r\n<p>Sotto Natale le aziende vogliono riunire tutti i dipendenti per un momento sociale e di auguri. Meglio allora cogliere l&#8217;occasione per una vera e propria attivit\u00e0 di <a href=\"https:\/\/www.retedeldono.it\/magazine\/team-building-natale\/\"><strong>team building<\/strong><\/a> a tema solidale. E le idee sono infinite: team cooking, cena con delitto, pesca di beneficenza. Meglio ancora se si organizzano presso imprese sociali che offrono esperienze lavorative a persone con disabilit\u00e0 e fragilit\u00e0 varie.<\/p>\r\n\r\n\r\n\r\n<h2 class=\"wp-block-heading\">5 dicembre, Giornata Mondiale del Volontariato: volontariato aziendale<\/h2>\r\n\r\n\r\n\r\n<p>Proporre proprio sotto Natale un\u2019<strong>attivit\u00e0 di volontariato aziendale<\/strong> alle imprese amiche della vostra organizzazione cementa la relazione tra i dipendenti e la vostra causa. E l\u2019emozione fresca dell\u2019esperienza rinsalda il legame affettivo con voi e sprona alla donazione.<\/p>\r\n\r\n\r\n\r\n<h2 class=\"wp-block-heading\">7 dicembre, Sant&#8217;Ambrogio: il banchetto in piazza<\/h2>\r\n\r\n\r\n\r\n<p>Per i milanesi <strong>Sant\u2019Ambrogio<\/strong> \u00e8 una porta d\u2019ingresso al Natale: molti in questi giorni allestiscono il presepe e l\u2019albero in casa e ultimano (o iniziano) le compere natalizie. Le strade brulicano di persone e per intercettarle il modo migliore \u00e8 organizzare un <strong>banchetto<\/strong>, che attiva i vostri volontari e permette di acquisire qualche nuovo donatore. Rimanendo sempre coerenti con il progetto per cui volete raccogliere fondi, potete pensare a prodotti esclusivi a tema natalizio: panettoni, pandori, biglietti d\u2019auguri, oggetti per addobbare l\u2019albero di Natale\u2026<\/p>\r\n\r\n\r\n\r\n<h2 class=\"wp-block-heading\">8 dicembre, l&#8217;Annunciazione: il ponte solidale<\/h2>\r\n\r\n\r\n\r\n<p>L\u20198 dicembre \u00e8 la festa dell\u2019<strong>Immacolata<\/strong> e in tanti fanno il cosiddetto <strong>Ponte<\/strong>. Qualche giorno per staccare e concedersi un momento di relax, che pu\u00f2 anche fare del bene: se come ETS vi accordaste con qualche struttura ricettiva, potreste proporre ai vostri sostenitori dei <strong>soggiorni<\/strong> dei quali parte del ricavato si tramuta in donazione per Natale.<\/p>\r\n\r\n\r\n\r\n<h2 class=\"wp-block-heading\">10 dicembre, Giornata dei Diritti dell&#8217;uomo: regala una donazione<\/h2>\r\n\r\n\r\n\r\n<p>A Natale amici e parenti sono pronti a farci un regalo. Allora suggerite ai vostri sostenitori di regalare e <strong>chiedere in <\/strong><a href=\"https:\/\/www.retedeldono.it\/magazine\/buono-regalo-natale\/\"><strong>regalo una donazione<\/strong><\/a> con la <a href=\"https:\/\/www.retedeldono.it\/landing\/christmascard\"><strong>Christmas Card di Rete del Dono<\/strong><\/a>: una gift card che si attiva online inserendo l\u2019importo desiderato e pagando tramite Satispay, PayPal o carta di credito. La card poi arriva tramite e-mail e si pu\u00f2 sia stamparla e consegnarla a mano sia recapitarla via e-mail.<\/p>\r\n\r\n\r\n\r\n<h2 class=\"wp-block-heading\">13 dicembre, Santa Lucia: il fal\u00f2 solidale<\/h2>\r\n\r\n\r\n\r\n<p>In alcune zone d\u2019Italia <strong>Santa Lucia<\/strong> non \u00e8 solo il giorno pi\u00f9 corto che ci sia, ma anche quello del grande fal\u00f2 in piazza e dello scambio dei doni. La vostra organizzazione non profit potrebbe <strong>organizzare un fal\u00f2<\/strong> in cui chiedere a ciascun partecipante di portare un pezzo di legno da bruciare, ma anche un\u2019offerta in denaro o di materiale per sostenere la vostra causa.\u00a0<\/p>\r\n\r\n\r\n\r\n<h2 class=\"wp-block-heading\">18 dicembre, Giornata Internazionale dei migranti: l\u2019evento natalizio<\/h2>\r\n\r\n\r\n\r\n<p>Un concerto, un\u2019asta, una lotteria, una rassegna di cori natalizi, uno spettacolo teatrale che parli della vostra causa. Di <strong>eventi natalizi<\/strong> se ne possono pensare di ogni tipo e con il <a href=\"https:\/\/www.retedeldono.it\/landing\/retedeldonoticketing\"><strong>Servizio Ticketing<\/strong><\/a> sono tutti pi\u00f9 facili da organizzare perch\u00e9 si possono vendere i biglietti, sia per chi vuole partecipare in presenza e sia per chi preferisce assistervi da remoto, tramite un link apposito.<\/p>\r\n\r\n\r\n\r\n<h2 class=\"wp-block-heading\">20 dicembre, Giornata Internazionale della solidariet\u00e0 umana: donazione aziendale<\/h2>\r\n\r\n\r\n\r\n<p>La <strong>relazione con le aziende<\/strong> \u00e8 importante sia per raggiungere le singole persone e attivare i dipendenti, sia per suscitare donazioni aziendali. Parlando direttamente con la dirigenza e proponendo loro il giusto progetto, potreste ricevere il loro sostegno concreto.<\/p>\r\n\r\n\r\n\r\n<h2 class=\"wp-block-heading\">24 dicembre, Vigilia: la mostra di presepi<\/h2>\r\n\r\n\r\n\r\n<p>L\u2019atmosfera natalizia si fa sempre pi\u00f9 calda e organizzare una bella <strong>mostra di presepi<\/strong> potrebbe intercettare il desiderio delle persone di vivere la Vigilia recuperando anche l\u2019origine religiosa della festivit\u00e0. Anche in questo caso pu\u00f2 aiutare il Servizio Ticketing.<\/p>\r\n\r\n\r\n\r\n<h2 class=\"wp-block-heading\">25 dicembre, Natale: il concorso social<\/h2>\r\n\r\n\r\n\r\n<p>Il giorno di Natale si passa in famiglia e spesso si \u00e8 distratti da possibili appelli di donazione. Se per\u00f2 lanciate un <strong>contest social<\/strong> nel quale premiate il miglior messaggio di auguri o il miglior outfit a tema, potreste attivare le persone anche in un giorno cos\u00ec speciale. E lo scambio di auguri virtuale tra la vostra community sar\u00e0 un nuovo momento per ricordare ai pi\u00f9 sbadati che per donare non \u00e8 mai troppo tardi.<\/p>\r\n\r\n\r\n\r\n<p>E se queste idee creative non sono abbastanza, contattaci per studiarne una tagliata apposta per te!<\/p>\r\n","protected":false},"excerpt":{"rendered":"<p>A Natale le persone sono pi\u00f9 disposte a donare, si sa. I dati confermano che in questo periodo dona un italiano su 2, mentre nel resto dell\u2019anno siamo nell\u2019ordine di&#8230;<\/p>\n","protected":false},"author":6,"featured_media":1686,"comment_status":"open","ping_status":"open","sticky":false,"template":"","format":"standard","meta":{"_acf_changed":false,"footnotes":""},"categories":[17],"tags":[],"class_list":{"0":"post-1759","1":"post","2":"type-post","3":"status-publish","4":"format-standard","5":"has-post-thumbnail","7":"category-fundraising"},"acf":{"homepage_rdd":false},"yoast_head":"<!-- This site is optimized with the Yoast SEO plugin v27.5 - https:\/\/yoast.com\/product\/yoast-seo-wordpress\/ -->\n<title>Il tuo calendario dell\u2019avvento solidale - Rete del Dono Magazine<\/title>\n<meta name=\"description\" content=\"In un ideale calendario dell&#039;avvento solidale, ecco tutte le giornate rilevanti da qui a Natale con i nostri consigli per raccogliere fondi\" \/>\n<meta name=\"robots\" content=\"index, follow, max-snippet:-1, max-image-preview:large, max-video-preview:-1\" \/>\n<link rel=\"canonical\" href=\"https:\/\/www.retedeldono.it\/magazine\/calendario-avvento-solidale\/\" \/>\n<meta property=\"og:locale\" content=\"it_IT\" \/>\n<meta property=\"og:type\" content=\"article\" \/>\n<meta property=\"og:title\" content=\"Il tuo calendario dell\u2019avvento solidale\" \/>\n<meta property=\"og:description\" content=\"In un ideale calendario dell&#039;avvento solidale, ecco tutte le giornate rilevanti da qui a Natale con i nostri consigli per raccogliere fondi.\" \/>\n<meta property=\"og:url\" content=\"https:\/\/www.retedeldono.it\/magazine\/calendario-avvento-solidale\/\" \/>\n<meta property=\"og:site_name\" content=\"Rete del Dono Magazine\" \/>\n<meta property=\"article:publisher\" content=\"https:\/\/www.facebook.com\/retedeldono\/\" \/>\n<meta property=\"article:published_time\" content=\"2022-11-17T08:00:00+00:00\" \/>\n<meta property=\"article:modified_time\" content=\"2023-01-23T11:34:04+00:00\" \/>\n<meta property=\"og:image\" content=\"https:\/\/magazine.retedeldono.it\/wp-content\/uploads\/2022\/11\/rete-del-dono-calendario-avvento.png\" \/>\n\t<meta property=\"og:image:width\" content=\"1000\" \/>\n\t<meta property=\"og:image:height\" content=\"700\" \/>\n\t<meta property=\"og:image:type\" content=\"image\/png\" \/>\n<meta name=\"author\" content=\"Valeria Vitali\" \/>\n<meta name=\"twitter:card\" content=\"summary_large_image\" \/>\n<meta name=\"twitter:title\" content=\"Il tuo calendario dell\u2019avvento solidale\" \/>\n<meta name=\"twitter:description\" content=\"In un ideale calendario dell&#039;avvento solidale, ecco tutte le giornate rilevanti da qui a Natale con i nostri consigli per raccogliere fondi.\" \/>\n<meta name=\"twitter:image\" content=\"https:\/\/magazine.retedeldono.it\/wp-content\/uploads\/2022\/11\/rete-del-dono-calendario-avvento.png\" \/>\n<meta name=\"twitter:label1\" content=\"Scritto da\" \/>\n\t<meta name=\"twitter:data1\" content=\"Valeria Vitali\" \/>\n\t<meta name=\"twitter:label2\" content=\"Tempo di lettura stimato\" \/>\n\t<meta name=\"twitter:data2\" content=\"5 minuti\" \/>\n<script type=\"application\/ld+json\" class=\"yoast-schema-graph\">{\"@context\":\"https:\\\/\\\/schema.org\",\"@graph\":[{\"@type\":\"Article\",\"@id\":\"https:\\\/\\\/www.retedeldono.it\\\/magazine\\\/calendario-avvento-solidale\\\/#article\",\"isPartOf\":{\"@id\":\"https:\\\/\\\/www.retedeldono.it\\\/magazine\\\/calendario-avvento-solidale\\\/\"},\"author\":{\"name\":\"Valeria Vitali\",\"@id\":\"https:\\\/\\\/www.retedeldono.it\\\/magazine\\\/#\\\/schema\\\/person\\\/c6beeb7b05f412d2823480967d76ad54\"},\"headline\":\"Il tuo calendario dell\u2019avvento solidale\",\"datePublished\":\"2022-11-17T08:00:00+00:00\",\"dateModified\":\"2023-01-23T11:34:04+00:00\",\"mainEntityOfPage\":{\"@id\":\"https:\\\/\\\/www.retedeldono.it\\\/magazine\\\/calendario-avvento-solidale\\\/\"},\"wordCount\":909,\"commentCount\":0,\"image\":{\"@id\":\"https:\\\/\\\/www.retedeldono.it\\\/magazine\\\/calendario-avvento-solidale\\\/#primaryimage\"},\"thumbnailUrl\":\"https:\\\/\\\/magazine.retedeldono.it\\\/wp-content\\\/uploads\\\/2022\\\/11\\\/rete-del-dono-calendario-avvento.png\",\"articleSection\":[\"Fundraising\"],\"inLanguage\":\"it-IT\",\"potentialAction\":[{\"@type\":\"CommentAction\",\"name\":\"Comment\",\"target\":[\"https:\\\/\\\/www.retedeldono.it\\\/magazine\\\/calendario-avvento-solidale\\\/#respond\"]}]},{\"@type\":\"WebPage\",\"@id\":\"https:\\\/\\\/www.retedeldono.it\\\/magazine\\\/calendario-avvento-solidale\\\/\",\"url\":\"https:\\\/\\\/www.retedeldono.it\\\/magazine\\\/calendario-avvento-solidale\\\/\",\"name\":\"Il tuo calendario dell\u2019avvento solidale - Rete del Dono Magazine\",\"isPartOf\":{\"@id\":\"https:\\\/\\\/www.retedeldono.it\\\/magazine\\\/#website\"},\"primaryImageOfPage\":{\"@id\":\"https:\\\/\\\/www.retedeldono.it\\\/magazine\\\/calendario-avvento-solidale\\\/#primaryimage\"},\"image\":{\"@id\":\"https:\\\/\\\/www.retedeldono.it\\\/magazine\\\/calendario-avvento-solidale\\\/#primaryimage\"},\"thumbnailUrl\":\"https:\\\/\\\/magazine.retedeldono.it\\\/wp-content\\\/uploads\\\/2022\\\/11\\\/rete-del-dono-calendario-avvento.png\",\"datePublished\":\"2022-11-17T08:00:00+00:00\",\"dateModified\":\"2023-01-23T11:34:04+00:00\",\"author\":{\"@id\":\"https:\\\/\\\/www.retedeldono.it\\\/magazine\\\/#\\\/schema\\\/person\\\/c6beeb7b05f412d2823480967d76ad54\"},\"description\":\"In un ideale calendario dell'avvento solidale, ecco tutte le giornate rilevanti da qui a Natale con i nostri consigli per raccogliere fondi\",\"breadcrumb\":{\"@id\":\"https:\\\/\\\/www.retedeldono.it\\\/magazine\\\/calendario-avvento-solidale\\\/#breadcrumb\"},\"inLanguage\":\"it-IT\",\"potentialAction\":[{\"@type\":\"ReadAction\",\"target\":[\"https:\\\/\\\/www.retedeldono.it\\\/magazine\\\/calendario-avvento-solidale\\\/\"]}]},{\"@type\":\"ImageObject\",\"inLanguage\":\"it-IT\",\"@id\":\"https:\\\/\\\/www.retedeldono.it\\\/magazine\\\/calendario-avvento-solidale\\\/#primaryimage\",\"url\":\"https:\\\/\\\/magazine.retedeldono.it\\\/wp-content\\\/uploads\\\/2022\\\/11\\\/rete-del-dono-calendario-avvento.png\",\"contentUrl\":\"https:\\\/\\\/magazine.retedeldono.it\\\/wp-content\\\/uploads\\\/2022\\\/11\\\/rete-del-dono-calendario-avvento.png\",\"width\":1000,\"height\":700,\"caption\":\"rete-del-dono-calendario-avvento-solidale\"},{\"@type\":\"BreadcrumbList\",\"@id\":\"https:\\\/\\\/www.retedeldono.it\\\/magazine\\\/calendario-avvento-solidale\\\/#breadcrumb\",\"itemListElement\":[{\"@type\":\"ListItem\",\"position\":1,\"name\":\"Home\",\"item\":\"https:\\\/\\\/www.retedeldono.it\\\/magazine\\\/\"},{\"@type\":\"ListItem\",\"position\":2,\"name\":\"Il tuo calendario dell\u2019avvento solidale\"}]},{\"@type\":\"WebSite\",\"@id\":\"https:\\\/\\\/www.retedeldono.it\\\/magazine\\\/#website\",\"url\":\"https:\\\/\\\/www.retedeldono.it\\\/magazine\\\/\",\"name\":\"Rete del Dono Magazine\",\"description\":\"Rete del Dono Magazine\",\"potentialAction\":[{\"@type\":\"SearchAction\",\"target\":{\"@type\":\"EntryPoint\",\"urlTemplate\":\"https:\\\/\\\/www.retedeldono.it\\\/magazine\\\/?s={search_term_string}\"},\"query-input\":{\"@type\":\"PropertyValueSpecification\",\"valueRequired\":true,\"valueName\":\"search_term_string\"}}],\"inLanguage\":\"it-IT\"},{\"@type\":\"Person\",\"@id\":\"https:\\\/\\\/www.retedeldono.it\\\/magazine\\\/#\\\/schema\\\/person\\\/c6beeb7b05f412d2823480967d76ad54\",\"name\":\"Valeria Vitali\",\"image\":{\"@type\":\"ImageObject\",\"inLanguage\":\"it-IT\",\"@id\":\"https:\\\/\\\/secure.gravatar.com\\\/avatar\\\/ed06510965ea97eb2f14540fc0327ce5bf65b10d085192ae3b38003a07ff151a?s=96&d=mm&r=g\",\"url\":\"https:\\\/\\\/secure.gravatar.com\\\/avatar\\\/ed06510965ea97eb2f14540fc0327ce5bf65b10d085192ae3b38003a07ff151a?s=96&d=mm&r=g\",\"contentUrl\":\"https:\\\/\\\/secure.gravatar.com\\\/avatar\\\/ed06510965ea97eb2f14540fc0327ce5bf65b10d085192ae3b38003a07ff151a?s=96&d=mm&r=g\",\"caption\":\"Valeria Vitali\"},\"description\":\"Dopo una laurea in Scienze Politiche presso Universit\u00e0 degli studi di Pavia e un Master in Cooperazione e Sviluppo a Barcellona, ha iniziato il suo percorso professionale in Italia, occupandosi di comunicazione, per poi allargare i suoi orizzonti all\u2019estero. \u00c8 proprio qui che nasce l\u2019idea di Rete del Dono, l\u2019idea di diffondere in Italia una rivoluzione culturale che avvicini le persone al dono, inteso come gesto di impegno civile. L\u2019innovazione digitale ha fatto la sua parte, facilitando e dando maggior concretezza a questo progetto costruito insieme ad Anna Siccardi.\",\"url\":\"https:\\\/\\\/www.retedeldono.it\\\/magazine\\\/author\\\/valeria-vitali\\\/\"}]}<\/script>\n<!-- \/ Yoast SEO plugin. -->","yoast_head_json":{"title":"Il tuo calendario dell\u2019avvento solidale - Rete del Dono Magazine","description":"In un ideale calendario dell'avvento solidale, ecco tutte le giornate rilevanti da qui a Natale con i nostri consigli per raccogliere fondi","robots":{"index":"index","follow":"follow","max-snippet":"max-snippet:-1","max-image-preview":"max-image-preview:large","max-video-preview":"max-video-preview:-1"},"canonical":"https:\/\/www.retedeldono.it\/magazine\/calendario-avvento-solidale\/","og_locale":"it_IT","og_type":"article","og_title":"Il tuo calendario dell\u2019avvento solidale","og_description":"In un ideale calendario dell'avvento solidale, ecco tutte le giornate rilevanti da qui a Natale con i nostri consigli per raccogliere fondi.","og_url":"https:\/\/www.retedeldono.it\/magazine\/calendario-avvento-solidale\/","og_site_name":"Rete del Dono Magazine","article_publisher":"https:\/\/www.facebook.com\/retedeldono\/","article_published_time":"2022-11-17T08:00:00+00:00","article_modified_time":"2023-01-23T11:34:04+00:00","og_image":[{"width":1000,"height":700,"url":"https:\/\/magazine.retedeldono.it\/wp-content\/uploads\/2022\/11\/rete-del-dono-calendario-avvento.png","type":"image\/png"}],"author":"Valeria Vitali","twitter_card":"summary_large_image","twitter_title":"Il tuo calendario dell\u2019avvento solidale","twitter_description":"In un ideale calendario dell'avvento solidale, ecco tutte le giornate rilevanti da qui a Natale con i nostri consigli per raccogliere fondi.","twitter_image":"https:\/\/magazine.retedeldono.it\/wp-content\/uploads\/2022\/11\/rete-del-dono-calendario-avvento.png","twitter_misc":{"Scritto da":"Valeria Vitali","Tempo di lettura stimato":"5 minuti"},"schema":{"@context":"https:\/\/schema.org","@graph":[{"@type":"Article","@id":"https:\/\/www.retedeldono.it\/magazine\/calendario-avvento-solidale\/#article","isPartOf":{"@id":"https:\/\/www.retedeldono.it\/magazine\/calendario-avvento-solidale\/"},"author":{"name":"Valeria Vitali","@id":"https:\/\/www.retedeldono.it\/magazine\/#\/schema\/person\/c6beeb7b05f412d2823480967d76ad54"},"headline":"Il tuo calendario dell\u2019avvento solidale","datePublished":"2022-11-17T08:00:00+00:00","dateModified":"2023-01-23T11:34:04+00:00","mainEntityOfPage":{"@id":"https:\/\/www.retedeldono.it\/magazine\/calendario-avvento-solidale\/"},"wordCount":909,"commentCount":0,"image":{"@id":"https:\/\/www.retedeldono.it\/magazine\/calendario-avvento-solidale\/#primaryimage"},"thumbnailUrl":"https:\/\/magazine.retedeldono.it\/wp-content\/uploads\/2022\/11\/rete-del-dono-calendario-avvento.png","articleSection":["Fundraising"],"inLanguage":"it-IT","potentialAction":[{"@type":"CommentAction","name":"Comment","target":["https:\/\/www.retedeldono.it\/magazine\/calendario-avvento-solidale\/#respond"]}]},{"@type":"WebPage","@id":"https:\/\/www.retedeldono.it\/magazine\/calendario-avvento-solidale\/","url":"https:\/\/www.retedeldono.it\/magazine\/calendario-avvento-solidale\/","name":"Il tuo calendario dell\u2019avvento solidale - Rete del Dono Magazine","isPartOf":{"@id":"https:\/\/www.retedeldono.it\/magazine\/#website"},"primaryImageOfPage":{"@id":"https:\/\/www.retedeldono.it\/magazine\/calendario-avvento-solidale\/#primaryimage"},"image":{"@id":"https:\/\/www.retedeldono.it\/magazine\/calendario-avvento-solidale\/#primaryimage"},"thumbnailUrl":"https:\/\/magazine.retedeldono.it\/wp-content\/uploads\/2022\/11\/rete-del-dono-calendario-avvento.png","datePublished":"2022-11-17T08:00:00+00:00","dateModified":"2023-01-23T11:34:04+00:00","author":{"@id":"https:\/\/www.retedeldono.it\/magazine\/#\/schema\/person\/c6beeb7b05f412d2823480967d76ad54"},"description":"In un ideale calendario dell'avvento solidale, ecco tutte le giornate rilevanti da qui a Natale con i nostri consigli per raccogliere fondi","breadcrumb":{"@id":"https:\/\/www.retedeldono.it\/magazine\/calendario-avvento-solidale\/#breadcrumb"},"inLanguage":"it-IT","potentialAction":[{"@type":"ReadAction","target":["https:\/\/www.retedeldono.it\/magazine\/calendario-avvento-solidale\/"]}]},{"@type":"ImageObject","inLanguage":"it-IT","@id":"https:\/\/www.retedeldono.it\/magazine\/calendario-avvento-solidale\/#primaryimage","url":"https:\/\/magazine.retedeldono.it\/wp-content\/uploads\/2022\/11\/rete-del-dono-calendario-avvento.png","contentUrl":"https:\/\/magazine.retedeldono.it\/wp-content\/uploads\/2022\/11\/rete-del-dono-calendario-avvento.png","width":1000,"height":700,"caption":"rete-del-dono-calendario-avvento-solidale"},{"@type":"BreadcrumbList","@id":"https:\/\/www.retedeldono.it\/magazine\/calendario-avvento-solidale\/#breadcrumb","itemListElement":[{"@type":"ListItem","position":1,"name":"Home","item":"https:\/\/www.retedeldono.it\/magazine\/"},{"@type":"ListItem","position":2,"name":"Il tuo calendario dell\u2019avvento solidale"}]},{"@type":"WebSite","@id":"https:\/\/www.retedeldono.it\/magazine\/#website","url":"https:\/\/www.retedeldono.it\/magazine\/","name":"Rete del Dono Magazine","description":"Rete del Dono Magazine","potentialAction":[{"@type":"SearchAction","target":{"@type":"EntryPoint","urlTemplate":"https:\/\/www.retedeldono.it\/magazine\/?s={search_term_string}"},"query-input":{"@type":"PropertyValueSpecification","valueRequired":true,"valueName":"search_term_string"}}],"inLanguage":"it-IT"},{"@type":"Person","@id":"https:\/\/www.retedeldono.it\/magazine\/#\/schema\/person\/c6beeb7b05f412d2823480967d76ad54","name":"Valeria Vitali","image":{"@type":"ImageObject","inLanguage":"it-IT","@id":"https:\/\/secure.gravatar.com\/avatar\/ed06510965ea97eb2f14540fc0327ce5bf65b10d085192ae3b38003a07ff151a?s=96&d=mm&r=g","url":"https:\/\/secure.gravatar.com\/avatar\/ed06510965ea97eb2f14540fc0327ce5bf65b10d085192ae3b38003a07ff151a?s=96&d=mm&r=g","contentUrl":"https:\/\/secure.gravatar.com\/avatar\/ed06510965ea97eb2f14540fc0327ce5bf65b10d085192ae3b38003a07ff151a?s=96&d=mm&r=g","caption":"Valeria Vitali"},"description":"Dopo una laurea in Scienze Politiche presso Universit\u00e0 degli studi di Pavia e un Master in Cooperazione e Sviluppo a Barcellona, ha iniziato il suo percorso professionale in Italia, occupandosi di comunicazione, per poi allargare i suoi orizzonti all\u2019estero. \u00c8 proprio qui che nasce l\u2019idea di Rete del Dono, l\u2019idea di diffondere in Italia una rivoluzione culturale che avvicini le persone al dono, inteso come gesto di impegno civile. L\u2019innovazione digitale ha fatto la sua parte, facilitando e dando maggior concretezza a questo progetto costruito insieme ad Anna Siccardi.","url":"https:\/\/www.retedeldono.it\/magazine\/author\/valeria-vitali\/"}]}},"_links":{"self":[{"href":"https:\/\/www.retedeldono.it\/magazine\/wp-json\/wp\/v2\/posts\/1759","targetHints":{"allow":["GET"]}}],"collection":[{"href":"https:\/\/www.retedeldono.it\/magazine\/wp-json\/wp\/v2\/posts"}],"about":[{"href":"https:\/\/www.retedeldono.it\/magazine\/wp-json\/wp\/v2\/types\/post"}],"author":[{"embeddable":true,"href":"https:\/\/www.retedeldono.it\/magazine\/wp-json\/wp\/v2\/users\/6"}],"replies":[{"embeddable":true,"href":"https:\/\/www.retedeldono.it\/magazine\/wp-json\/wp\/v2\/comments?post=1759"}],"version-history":[{"count":0,"href":"https:\/\/www.retedeldono.it\/magazine\/wp-json\/wp\/v2\/posts\/1759\/revisions"}],"wp:featuredmedia":[{"embeddable":true,"href":"https:\/\/www.retedeldono.it\/magazine\/wp-json\/wp\/v2\/media\/1686"}],"wp:attachment":[{"href":"https:\/\/www.retedeldono.it\/magazine\/wp-json\/wp\/v2\/media?parent=1759"}],"wp:term":[{"taxonomy":"category","embeddable":true,"href":"https:\/\/www.retedeldono.it\/magazine\/wp-json\/wp\/v2\/categories?post=1759"},{"taxonomy":"post_tag","embeddable":true,"href":"https:\/\/www.retedeldono.it\/magazine\/wp-json\/wp\/v2\/tags?post=1759"}],"curies":[{"name":"wp","href":"https:\/\/api.w.org\/{rel}","templated":true}]}}