{"id":1768,"date":"2022-11-23T15:00:00","date_gmt":"2022-11-23T15:00:00","guid":{"rendered":"https:\/\/www.retedeldono.it\/magazine\/?p=1768"},"modified":"2022-11-23T13:27:48","modified_gmt":"2022-11-23T13:27:48","slug":"raccogliere-fondi-per-la-scuola","status":"publish","type":"post","link":"https:\/\/www.retedeldono.it\/magazine\/raccogliere-fondi-per-la-scuola\/","title":{"rendered":"Consigli per raccogliere fondi per la scuola"},"content":{"rendered":"[vc_row type=&#8221;in_container&#8221; full_screen_row_position=&#8221;middle&#8221; column_margin=&#8221;default&#8221; column_direction=&#8221;default&#8221; column_direction_tablet=&#8221;default&#8221; column_direction_phone=&#8221;default&#8221; scene_position=&#8221;center&#8221; text_color=&#8221;dark&#8221; text_align=&#8221;left&#8221; row_border_radius=&#8221;none&#8221; row_border_radius_applies=&#8221;bg&#8221; overflow=&#8221;visible&#8221; overlay_strength=&#8221;0.3&#8243; gradient_direction=&#8221;left_to_right&#8221; shape_divider_position=&#8221;bottom&#8221; bg_image_animation=&#8221;none&#8221;][vc_column column_padding=&#8221;no-extra-padding&#8221; column_padding_tablet=&#8221;inherit&#8221; column_padding_phone=&#8221;inherit&#8221; column_padding_position=&#8221;all&#8221; column_element_spacing=&#8221;default&#8221; background_color_opacity=&#8221;1&#8243; background_hover_color_opacity=&#8221;1&#8243; column_shadow=&#8221;none&#8221; column_border_radius=&#8221;none&#8221; column_link_target=&#8221;_self&#8221; column_position=&#8221;default&#8221; gradient_direction=&#8221;left_to_right&#8221; overlay_strength=&#8221;0.3&#8243; width=&#8221;1\/1&#8243; tablet_width_inherit=&#8221;default&#8221; tablet_text_alignment=&#8221;default&#8221; phone_text_alignment=&#8221;default&#8221; animation_type=&#8221;default&#8221; bg_image_animation=&#8221;none&#8221; border_type=&#8221;simple&#8221; column_border_width=&#8221;none&#8221; column_border_style=&#8221;solid&#8221;][vc_column_text]\r\n<p>Le <a href=\"https:\/\/www.retedeldono.it\/magazine\/raccolta-fondi-scuola\/\"><strong>scuole<\/strong><\/a> sono luoghi di relazione e in grado anche di connettersi ai bisogni del proprio quartiere. Alunni, insegnanti e genitori sono infatti comunit\u00e0 forti e coese che sanno muoversi in modo compatto per attivare un vero e proprio <a href=\"https:\/\/blog.retedeldono.it\/it\/scuole-fundraising\"><strong>community fundraising<\/strong><\/a>. Per questo gli istituti scolastici sono incredibili promotori di raccolte fondi, sempre pi\u00f9 necessarie quando i finanziamenti pubblici non sono sufficienti. Ecco i <strong>consigli per raccogliere fondi per la scuola<\/strong> da due scuole fundraiser d\u2019eccezione.<\/p>\r\n\r\n\r\n\r\n<h2 class=\"wp-block-heading\">Il Liceo Germana Erba<\/h2>\r\n\r\n<p>Con oltre 18.000 euro raccolti, la campagna <a href=\"https:\/\/www.retedeldono.it\/it\/progetti\/fondazione-gef\/facciamo-danzare-il-futuro\"><strong>Facciamo danzare il futuro<\/strong><\/a> ha finanziato la costruzione di un\u2019aula di danza della nuova sede del <strong>Liceo Germana Erba<\/strong> di Torino, unico in Italia per danzatori, attori e cantanti. \u201cAbbiamo individuato Rete del Dono come la piattaforma giusta per raccogliere fondi ma anche lanciare un messaggio\u201d spiega Gabriele Domenico Giovanni Bolletta, legale rappresentante della scuola. \u201cCon il crowdfunding abbiamo voluto infatti attivare non middle o major donors, ma tanti piccoli donatori per sensibilizzare sull\u2019importanza delle arti per insegnare ai giovani ordine e disciplina. E ci hanno colpito le donazioni di 3 ragazzini, non della cerchia della scuola e delle parentele: forse era la prima donazione della loro vita\u201d.<\/p>\r\n\r\n\r\n\r\n<figure class=\"wp-block-image size-full\"><img loading=\"lazy\" decoding=\"async\" width=\"1024\" height=\"537\" class=\"wp-image-1770\" src=\"https:\/\/www.retedeldono.it\/magazine\/wp-content\/uploads\/2022\/11\/PHOTO-2022-10-14-12-04-09.jpg\" alt=\"raccogliere fondi per la scuola\" srcset=\"https:\/\/magazine.retedeldono.it\/wp-content\/uploads\/2022\/11\/PHOTO-2022-10-14-12-04-09.jpg 1024w, https:\/\/magazine.retedeldono.it\/wp-content\/uploads\/2022\/11\/PHOTO-2022-10-14-12-04-09-300x157.jpg 300w, https:\/\/magazine.retedeldono.it\/wp-content\/uploads\/2022\/11\/PHOTO-2022-10-14-12-04-09-768x403.jpg 768w\" sizes=\"auto, (max-width: 1024px) 100vw, 1024px\" \/><\/figure>\r\n\r\n\r\n\r\n<h2 class=\"wp-block-heading\">Corridiaz 2022<\/h2>\r\n\r\n<p><a href=\"https:\/\/www.retedeldono.it\/it\/content\/fundraising-per-la-scuola-il-successo-della-corridiaz\"><strong>Un\u2019iniziativa ormai \u201cstorica\u201d<\/strong><\/a> della nostra piattaforma che replica ogni anno il suo successo. La <a href=\"https:\/\/www.retedeldono.it\/it\/progetti\/amici-della-diaz\/corridiaz-2022\"><strong>Corridiaz<\/strong><\/a> \u00e8 nata nel 2018 come marcia non competitiva di 4,5 km per studenti e genitori dell\u2019<strong>Istituto Comprensivo Armando Diaz<\/strong> <strong>di Milano<\/strong>. E anche nella sua quarta edizione ha sfiorato i 6.500 euro e quasi 300 donatori con 700 iscritti all\u2019evento. \u201cIn questi anni siamo cresciuti. Da una piccola corsa da un plesso all\u2019altro dell&#8217;istituto (le primarie Diaz e De Marchi) oggi la manifestazione si svolge al Parco Sempione e ha diversi sponsor\u201d racconta <strong>Valentina Rossi, presidente dell\u2019associazione Amici della Diaz<\/strong>. \u201cSpero possa diventare una tradizione, ora quello che serve \u00e8 un cambio generazionale nel gruppo di genitori che l\u2019hanno organizzata fino ad oggi\u201d.<\/p>\r\n\r\n\r\n\r\n<h2 class=\"wp-block-heading\">5 consigli per raccogliere fondi per la scuola<\/h2>\r\n\r\n\r\n\r\n<ol class=\"wp-block-list\">\r\n<li style=\"list-style-type: none;\">\r\n<ol>\r\n<li><strong>Create un gruppo di lavoro coeso e coinvolgente.<\/strong> Studenti, genitori, dirigenza scolastica: pi\u00f9 il gruppo \u00e8 variegato pi\u00f9 sar\u00e0 in grado di attivare capillarmente tutti gli stakeholder della scuola. \u201cI 150 ragazzi della Erba sono spesso in scena e tutti i genitori sono partecipi del loro percorso formativo: ci\u00f2 ha permesso un ampio passaparola e una responsabilizzazione di ciascuno, che ha raccontato la campagna ai propri contatti con il proprio stile\u201d dice Gabriele.\u00a0<\/li>\r\n\r\n\r\n\r\n<li><strong>Lavorate in maniera professionale.<\/strong> Se il gruppo \u00e8 entusiasta e ha voglia di stare insieme, si crea un\u2019organizzazione seria: \u201cAnche nel volontariato si pu\u00f2 lavorare bene, coinvolgendo le giuste risorse. Per rendere le iscrizioni pi\u00f9 facili e trasparenti abbiamo utilizzato il Servizio Ticketing di Rete del Dono e questa professionalit\u00e0 ha attirato anche partner esterni\u201d dice Valentina.<\/li>\r\n\r\n\r\n\r\n<li><strong>Insistete nella comunicazione.<\/strong> Se dopo i primi appelli non vedete donazioni o iscrizioni, non perdetevi d\u2019animo e fate follow up tramite volantino o WhatsApp: \u201cLe persone sono distratte e va loro ricordato: tanti anche quest\u2019anno si sono iscritti alla corsa all\u2019ultimo minuto\u201d racconta Valentina.<\/li>\r\n\r\n\r\n\r\n<li><strong>Organizzate un evento.<\/strong> Con un evento aperto a tutti potete sfondare il tetto della vostra cerchia e diffondere la vostra raccolta. \u201cCon il Gal\u00e0 del Liceo al Teatro Alfieri abbiamo dato l\u2019idea di una comunit\u00e0 che si apre al territorio, intercettando anche i media\u201d spiega Gabriele.<\/li>\r\n\r\n\r\n\r\n<li><strong>Apritevi all\u2019esterno.<\/strong> Dopo aver assicurato la partecipazione dei \u201cvostri\u201d, non abbiate paura di osare. \u201cAnno dopo anno ci siamo allargati al quartiere e oggi abbiamo diversi sponsor che ci permettono di essere sostenibili e offrire pacchi gara molto ricchi. Per questa edizione ci sono state aziende a cui abbiamo dovuto dire di no. Ora per il futuro, se l\u2019organizzazione dovesse strutturarsi maggiormente coinvolgendo meglio anche la dirigenza, potremmo pensare di allargare le iscrizioni anche oltre le classi della scuola\u201d dice Valentina.<\/li>\r\n<\/ol>\r\n<\/li>\r\n<\/ol>\r\n\r\n\r\n\r\n<div class=\"wp-block-buttons is-content-justification-center is-layout-flex wp-container-core-buttons-is-layout-16018d1d wp-block-buttons-is-layout-flex\">\r\n<div class=\"wp-block-button\"><a class=\"wp-block-button__link has-background wp-element-button\" style=\"border-radius: 15px; background-color: #00a8c4;\" href=\"https:\/\/www.retedeldono.it\/scegli-iniziativa?utm_source=Blog&amp;utm_medium=direct&amp;utm_campaign=CTA_aiutare_gli_altri_down\">Crea la tua raccolta fondi<\/a><\/div>\r\n<\/div>\r\n\r\n<p>&nbsp;<\/p>\r\n[\/vc_column_text][\/vc_column][\/vc_row]","protected":false},"excerpt":{"rendered":"<p>[vc_row type=&#8221;in_container&#8221; full_screen_row_position=&#8221;middle&#8221; column_margin=&#8221;default&#8221; column_direction=&#8221;default&#8221; column_direction_tablet=&#8221;default&#8221; column_direction_phone=&#8221;default&#8221; scene_position=&#8221;center&#8221; text_color=&#8221;dark&#8221; text_align=&#8221;left&#8221; row_border_radius=&#8221;none&#8221; row_border_radius_applies=&#8221;bg&#8221; overflow=&#8221;visible&#8221; overlay_strength=&#8221;0.3&#8243; gradient_direction=&#8221;left_to_right&#8221; shape_divider_position=&#8221;bottom&#8221; bg_image_animation=&#8221;none&#8221;][vc_column column_padding=&#8221;no-extra-padding&#8221; column_padding_tablet=&#8221;inherit&#8221; column_padding_phone=&#8221;inherit&#8221; column_padding_position=&#8221;all&#8221; column_element_spacing=&#8221;default&#8221; background_color_opacity=&#8221;1&#8243; background_hover_color_opacity=&#8221;1&#8243; column_shadow=&#8221;none&#8221; column_border_radius=&#8221;none&#8221; column_link_target=&#8221;_self&#8221; column_position=&#8221;default&#8221; gradient_direction=&#8221;left_to_right&#8221; overlay_strength=&#8221;0.3&#8243;&#8230;<\/p>\n","protected":false},"author":11,"featured_media":1775,"comment_status":"open","ping_status":"open","sticky":true,"template":"","format":"standard","meta":{"_acf_changed":false,"footnotes":""},"categories":[17],"tags":[],"class_list":{"0":"post-1768","1":"post","2":"type-post","3":"status-publish","4":"format-standard","5":"has-post-thumbnail","7":"category-fundraising"},"acf":{"homepage_rdd":true},"yoast_head":"<!-- This site is optimized with the Yoast SEO plugin v27.5 - https:\/\/yoast.com\/product\/yoast-seo-wordpress\/ -->\n<title>Consigli per raccogliere fondi per la scuola - Rete del Dono<\/title>\n<meta name=\"description\" content=\"5 consigli per raccogliere fondi per la scuola dall&#039;esperienza di due scuole fundraiser: il Liceo Erba di Torino e la Armando Diaz di Milano\" \/>\n<meta name=\"robots\" content=\"index, follow, max-snippet:-1, max-image-preview:large, max-video-preview:-1\" \/>\n<link rel=\"canonical\" href=\"https:\/\/www.retedeldono.it\/magazine\/raccogliere-fondi-per-la-scuola\/\" \/>\n<meta property=\"og:locale\" content=\"it_IT\" \/>\n<meta property=\"og:type\" content=\"article\" \/>\n<meta property=\"og:title\" content=\"Consigli per raccogliere fondi per la scuola\" \/>\n<meta property=\"og:description\" content=\"5 consigli per raccogliere fondi per la scuola dall&#039;esperienza di due scuole fundraiser: il Liceo Erba di Torino e la Armando Diaz di Milano\" \/>\n<meta property=\"og:url\" content=\"https:\/\/www.retedeldono.it\/magazine\/raccogliere-fondi-per-la-scuola\/\" \/>\n<meta property=\"og:site_name\" content=\"Rete del Dono Magazine\" \/>\n<meta property=\"article:publisher\" content=\"https:\/\/www.facebook.com\/retedeldono\/\" \/>\n<meta property=\"article:published_time\" content=\"2022-11-23T15:00:00+00:00\" \/>\n<meta property=\"og:image\" content=\"https:\/\/magazine.retedeldono.it\/wp-content\/uploads\/2022\/11\/Immagini_rete-del-dono_4-e1669132714616.jpg\" \/>\n\t<meta property=\"og:image:width\" content=\"999\" \/>\n\t<meta property=\"og:image:height\" content=\"630\" \/>\n\t<meta property=\"og:image:type\" content=\"image\/jpeg\" \/>\n<meta name=\"author\" content=\"Elisa Rosso\" \/>\n<meta name=\"twitter:card\" content=\"summary_large_image\" \/>\n<meta name=\"twitter:title\" content=\"Consigli per raccogliere fondi per la scuola\" \/>\n<meta name=\"twitter:description\" content=\"5 consigli per raccogliere fondi per la scuola dall&#039;esperienza di due scuole fundraiser: il Liceo Erba di Torino e la Armando Diaz di Milano\" \/>\n<meta name=\"twitter:image\" content=\"https:\/\/magazine.retedeldono.it\/wp-content\/uploads\/2022\/11\/Immagini_rete-del-dono_4-e1669132714616.jpg\" \/>\n<meta name=\"twitter:label1\" content=\"Scritto da\" \/>\n\t<meta name=\"twitter:data1\" content=\"Elisa Rosso\" \/>\n\t<meta name=\"twitter:label2\" content=\"Tempo di lettura stimato\" \/>\n\t<meta name=\"twitter:data2\" content=\"4 minuti\" \/>\n<script type=\"application\/ld+json\" class=\"yoast-schema-graph\">{\"@context\":\"https:\\\/\\\/schema.org\",\"@graph\":[{\"@type\":\"Article\",\"@id\":\"https:\\\/\\\/www.retedeldono.it\\\/magazine\\\/raccogliere-fondi-per-la-scuola\\\/#article\",\"isPartOf\":{\"@id\":\"https:\\\/\\\/www.retedeldono.it\\\/magazine\\\/raccogliere-fondi-per-la-scuola\\\/\"},\"author\":{\"name\":\"Elisa Rosso\",\"@id\":\"https:\\\/\\\/www.retedeldono.it\\\/magazine\\\/#\\\/schema\\\/person\\\/dd55a2becb70a4059624bae094c03583\"},\"headline\":\"Consigli per raccogliere fondi per la scuola\",\"datePublished\":\"2022-11-23T15:00:00+00:00\",\"mainEntityOfPage\":{\"@id\":\"https:\\\/\\\/www.retedeldono.it\\\/magazine\\\/raccogliere-fondi-per-la-scuola\\\/\"},\"wordCount\":789,\"commentCount\":0,\"image\":{\"@id\":\"https:\\\/\\\/www.retedeldono.it\\\/magazine\\\/raccogliere-fondi-per-la-scuola\\\/#primaryimage\"},\"thumbnailUrl\":\"https:\\\/\\\/magazine.retedeldono.it\\\/wp-content\\\/uploads\\\/2022\\\/11\\\/rete-del-dono-raccogliere-fondi-scuola.png\",\"articleSection\":[\"Fundraising\"],\"inLanguage\":\"it-IT\",\"potentialAction\":[{\"@type\":\"CommentAction\",\"name\":\"Comment\",\"target\":[\"https:\\\/\\\/www.retedeldono.it\\\/magazine\\\/raccogliere-fondi-per-la-scuola\\\/#respond\"]}]},{\"@type\":\"WebPage\",\"@id\":\"https:\\\/\\\/www.retedeldono.it\\\/magazine\\\/raccogliere-fondi-per-la-scuola\\\/\",\"url\":\"https:\\\/\\\/www.retedeldono.it\\\/magazine\\\/raccogliere-fondi-per-la-scuola\\\/\",\"name\":\"Consigli per raccogliere fondi per la scuola - Rete del Dono\",\"isPartOf\":{\"@id\":\"https:\\\/\\\/www.retedeldono.it\\\/magazine\\\/#website\"},\"primaryImageOfPage\":{\"@id\":\"https:\\\/\\\/www.retedeldono.it\\\/magazine\\\/raccogliere-fondi-per-la-scuola\\\/#primaryimage\"},\"image\":{\"@id\":\"https:\\\/\\\/www.retedeldono.it\\\/magazine\\\/raccogliere-fondi-per-la-scuola\\\/#primaryimage\"},\"thumbnailUrl\":\"https:\\\/\\\/magazine.retedeldono.it\\\/wp-content\\\/uploads\\\/2022\\\/11\\\/rete-del-dono-raccogliere-fondi-scuola.png\",\"datePublished\":\"2022-11-23T15:00:00+00:00\",\"author\":{\"@id\":\"https:\\\/\\\/www.retedeldono.it\\\/magazine\\\/#\\\/schema\\\/person\\\/dd55a2becb70a4059624bae094c03583\"},\"description\":\"5 consigli per raccogliere fondi per la scuola dall'esperienza di due scuole fundraiser: il Liceo Erba di Torino e la Armando Diaz di Milano\",\"breadcrumb\":{\"@id\":\"https:\\\/\\\/www.retedeldono.it\\\/magazine\\\/raccogliere-fondi-per-la-scuola\\\/#breadcrumb\"},\"inLanguage\":\"it-IT\",\"potentialAction\":[{\"@type\":\"ReadAction\",\"target\":[\"https:\\\/\\\/www.retedeldono.it\\\/magazine\\\/raccogliere-fondi-per-la-scuola\\\/\"]}]},{\"@type\":\"ImageObject\",\"inLanguage\":\"it-IT\",\"@id\":\"https:\\\/\\\/www.retedeldono.it\\\/magazine\\\/raccogliere-fondi-per-la-scuola\\\/#primaryimage\",\"url\":\"https:\\\/\\\/magazine.retedeldono.it\\\/wp-content\\\/uploads\\\/2022\\\/11\\\/rete-del-dono-raccogliere-fondi-scuola.png\",\"contentUrl\":\"https:\\\/\\\/magazine.retedeldono.it\\\/wp-content\\\/uploads\\\/2022\\\/11\\\/rete-del-dono-raccogliere-fondi-scuola.png\",\"width\":1000,\"height\":700,\"caption\":\"rete-del-dono-raccogliere-fondi-scuola\"},{\"@type\":\"BreadcrumbList\",\"@id\":\"https:\\\/\\\/www.retedeldono.it\\\/magazine\\\/raccogliere-fondi-per-la-scuola\\\/#breadcrumb\",\"itemListElement\":[{\"@type\":\"ListItem\",\"position\":1,\"name\":\"Home\",\"item\":\"https:\\\/\\\/www.retedeldono.it\\\/magazine\\\/\"},{\"@type\":\"ListItem\",\"position\":2,\"name\":\"Consigli per raccogliere fondi per la scuola\"}]},{\"@type\":\"WebSite\",\"@id\":\"https:\\\/\\\/www.retedeldono.it\\\/magazine\\\/#website\",\"url\":\"https:\\\/\\\/www.retedeldono.it\\\/magazine\\\/\",\"name\":\"Rete del Dono Magazine\",\"description\":\"Rete del Dono Magazine\",\"potentialAction\":[{\"@type\":\"SearchAction\",\"target\":{\"@type\":\"EntryPoint\",\"urlTemplate\":\"https:\\\/\\\/www.retedeldono.it\\\/magazine\\\/?s={search_term_string}\"},\"query-input\":{\"@type\":\"PropertyValueSpecification\",\"valueRequired\":true,\"valueName\":\"search_term_string\"}}],\"inLanguage\":\"it-IT\"},{\"@type\":\"Person\",\"@id\":\"https:\\\/\\\/www.retedeldono.it\\\/magazine\\\/#\\\/schema\\\/person\\\/dd55a2becb70a4059624bae094c03583\",\"name\":\"Elisa Rosso\",\"image\":{\"@type\":\"ImageObject\",\"inLanguage\":\"it-IT\",\"@id\":\"https:\\\/\\\/secure.gravatar.com\\\/avatar\\\/3aec3818a0581b1c60c2bac3ae3e55d7a00f7084134cbdd18bc732f3d8a8b93f?s=96&d=mm&r=g\",\"url\":\"https:\\\/\\\/secure.gravatar.com\\\/avatar\\\/3aec3818a0581b1c60c2bac3ae3e55d7a00f7084134cbdd18bc732f3d8a8b93f?s=96&d=mm&r=g\",\"contentUrl\":\"https:\\\/\\\/secure.gravatar.com\\\/avatar\\\/3aec3818a0581b1c60c2bac3ae3e55d7a00f7084134cbdd18bc732f3d8a8b93f?s=96&d=mm&r=g\",\"caption\":\"Elisa Rosso\"},\"description\":\"Laureata in Scienze Internazionali e Diplomatiche presso Universit\u00e0 di Torino, lavora da sempre nel non profit e nel sociale con un significativa esperienza nel settore raccolta fondi di grandi e piccole ONP (Amnesty International e NutriAid). Nell\u2019autunno 2016 approda in Rete del Dono, dove si occupa di dare assistenza e consulenza alle ONP e alle Fondazioni per la promozione dei loro progetti e l'ottimizzazione delle campagne di raccolta fondi.\",\"url\":\"https:\\\/\\\/www.retedeldono.it\\\/magazine\\\/author\\\/elisa-rosso\\\/\"}]}<\/script>\n<!-- \/ Yoast SEO plugin. -->","yoast_head_json":{"title":"Consigli per raccogliere fondi per la scuola - Rete del Dono","description":"5 consigli per raccogliere fondi per la scuola dall'esperienza di due scuole fundraiser: il Liceo Erba di Torino e la Armando Diaz di Milano","robots":{"index":"index","follow":"follow","max-snippet":"max-snippet:-1","max-image-preview":"max-image-preview:large","max-video-preview":"max-video-preview:-1"},"canonical":"https:\/\/www.retedeldono.it\/magazine\/raccogliere-fondi-per-la-scuola\/","og_locale":"it_IT","og_type":"article","og_title":"Consigli per raccogliere fondi per la scuola","og_description":"5 consigli per raccogliere fondi per la scuola dall'esperienza di due scuole fundraiser: il Liceo Erba di Torino e la Armando Diaz di Milano","og_url":"https:\/\/www.retedeldono.it\/magazine\/raccogliere-fondi-per-la-scuola\/","og_site_name":"Rete del Dono Magazine","article_publisher":"https:\/\/www.facebook.com\/retedeldono\/","article_published_time":"2022-11-23T15:00:00+00:00","og_image":[{"width":999,"height":630,"url":"https:\/\/magazine.retedeldono.it\/wp-content\/uploads\/2022\/11\/Immagini_rete-del-dono_4-e1669132714616.jpg","type":"image\/jpeg"}],"author":"Elisa Rosso","twitter_card":"summary_large_image","twitter_title":"Consigli per raccogliere fondi per la scuola","twitter_description":"5 consigli per raccogliere fondi per la scuola dall'esperienza di due scuole fundraiser: il Liceo Erba di Torino e la Armando Diaz di Milano","twitter_image":"https:\/\/magazine.retedeldono.it\/wp-content\/uploads\/2022\/11\/Immagini_rete-del-dono_4-e1669132714616.jpg","twitter_misc":{"Scritto da":"Elisa Rosso","Tempo di lettura stimato":"4 minuti"},"schema":{"@context":"https:\/\/schema.org","@graph":[{"@type":"Article","@id":"https:\/\/www.retedeldono.it\/magazine\/raccogliere-fondi-per-la-scuola\/#article","isPartOf":{"@id":"https:\/\/www.retedeldono.it\/magazine\/raccogliere-fondi-per-la-scuola\/"},"author":{"name":"Elisa Rosso","@id":"https:\/\/www.retedeldono.it\/magazine\/#\/schema\/person\/dd55a2becb70a4059624bae094c03583"},"headline":"Consigli per raccogliere fondi per la scuola","datePublished":"2022-11-23T15:00:00+00:00","mainEntityOfPage":{"@id":"https:\/\/www.retedeldono.it\/magazine\/raccogliere-fondi-per-la-scuola\/"},"wordCount":789,"commentCount":0,"image":{"@id":"https:\/\/www.retedeldono.it\/magazine\/raccogliere-fondi-per-la-scuola\/#primaryimage"},"thumbnailUrl":"https:\/\/magazine.retedeldono.it\/wp-content\/uploads\/2022\/11\/rete-del-dono-raccogliere-fondi-scuola.png","articleSection":["Fundraising"],"inLanguage":"it-IT","potentialAction":[{"@type":"CommentAction","name":"Comment","target":["https:\/\/www.retedeldono.it\/magazine\/raccogliere-fondi-per-la-scuola\/#respond"]}]},{"@type":"WebPage","@id":"https:\/\/www.retedeldono.it\/magazine\/raccogliere-fondi-per-la-scuola\/","url":"https:\/\/www.retedeldono.it\/magazine\/raccogliere-fondi-per-la-scuola\/","name":"Consigli per raccogliere fondi per la scuola - Rete del Dono","isPartOf":{"@id":"https:\/\/www.retedeldono.it\/magazine\/#website"},"primaryImageOfPage":{"@id":"https:\/\/www.retedeldono.it\/magazine\/raccogliere-fondi-per-la-scuola\/#primaryimage"},"image":{"@id":"https:\/\/www.retedeldono.it\/magazine\/raccogliere-fondi-per-la-scuola\/#primaryimage"},"thumbnailUrl":"https:\/\/magazine.retedeldono.it\/wp-content\/uploads\/2022\/11\/rete-del-dono-raccogliere-fondi-scuola.png","datePublished":"2022-11-23T15:00:00+00:00","author":{"@id":"https:\/\/www.retedeldono.it\/magazine\/#\/schema\/person\/dd55a2becb70a4059624bae094c03583"},"description":"5 consigli per raccogliere fondi per la scuola dall'esperienza di due scuole fundraiser: il Liceo Erba di Torino e la Armando Diaz di Milano","breadcrumb":{"@id":"https:\/\/www.retedeldono.it\/magazine\/raccogliere-fondi-per-la-scuola\/#breadcrumb"},"inLanguage":"it-IT","potentialAction":[{"@type":"ReadAction","target":["https:\/\/www.retedeldono.it\/magazine\/raccogliere-fondi-per-la-scuola\/"]}]},{"@type":"ImageObject","inLanguage":"it-IT","@id":"https:\/\/www.retedeldono.it\/magazine\/raccogliere-fondi-per-la-scuola\/#primaryimage","url":"https:\/\/magazine.retedeldono.it\/wp-content\/uploads\/2022\/11\/rete-del-dono-raccogliere-fondi-scuola.png","contentUrl":"https:\/\/magazine.retedeldono.it\/wp-content\/uploads\/2022\/11\/rete-del-dono-raccogliere-fondi-scuola.png","width":1000,"height":700,"caption":"rete-del-dono-raccogliere-fondi-scuola"},{"@type":"BreadcrumbList","@id":"https:\/\/www.retedeldono.it\/magazine\/raccogliere-fondi-per-la-scuola\/#breadcrumb","itemListElement":[{"@type":"ListItem","position":1,"name":"Home","item":"https:\/\/www.retedeldono.it\/magazine\/"},{"@type":"ListItem","position":2,"name":"Consigli per raccogliere fondi per la scuola"}]},{"@type":"WebSite","@id":"https:\/\/www.retedeldono.it\/magazine\/#website","url":"https:\/\/www.retedeldono.it\/magazine\/","name":"Rete del Dono Magazine","description":"Rete del Dono Magazine","potentialAction":[{"@type":"SearchAction","target":{"@type":"EntryPoint","urlTemplate":"https:\/\/www.retedeldono.it\/magazine\/?s={search_term_string}"},"query-input":{"@type":"PropertyValueSpecification","valueRequired":true,"valueName":"search_term_string"}}],"inLanguage":"it-IT"},{"@type":"Person","@id":"https:\/\/www.retedeldono.it\/magazine\/#\/schema\/person\/dd55a2becb70a4059624bae094c03583","name":"Elisa Rosso","image":{"@type":"ImageObject","inLanguage":"it-IT","@id":"https:\/\/secure.gravatar.com\/avatar\/3aec3818a0581b1c60c2bac3ae3e55d7a00f7084134cbdd18bc732f3d8a8b93f?s=96&d=mm&r=g","url":"https:\/\/secure.gravatar.com\/avatar\/3aec3818a0581b1c60c2bac3ae3e55d7a00f7084134cbdd18bc732f3d8a8b93f?s=96&d=mm&r=g","contentUrl":"https:\/\/secure.gravatar.com\/avatar\/3aec3818a0581b1c60c2bac3ae3e55d7a00f7084134cbdd18bc732f3d8a8b93f?s=96&d=mm&r=g","caption":"Elisa Rosso"},"description":"Laureata in Scienze Internazionali e Diplomatiche presso Universit\u00e0 di Torino, lavora da sempre nel non profit e nel sociale con un significativa esperienza nel settore raccolta fondi di grandi e piccole ONP (Amnesty International e NutriAid). Nell\u2019autunno 2016 approda in Rete del Dono, dove si occupa di dare assistenza e consulenza alle ONP e alle Fondazioni per la promozione dei loro progetti e l'ottimizzazione delle campagne di raccolta fondi.","url":"https:\/\/www.retedeldono.it\/magazine\/author\/elisa-rosso\/"}]}},"_links":{"self":[{"href":"https:\/\/www.retedeldono.it\/magazine\/wp-json\/wp\/v2\/posts\/1768","targetHints":{"allow":["GET"]}}],"collection":[{"href":"https:\/\/www.retedeldono.it\/magazine\/wp-json\/wp\/v2\/posts"}],"about":[{"href":"https:\/\/www.retedeldono.it\/magazine\/wp-json\/wp\/v2\/types\/post"}],"author":[{"embeddable":true,"href":"https:\/\/www.retedeldono.it\/magazine\/wp-json\/wp\/v2\/users\/11"}],"replies":[{"embeddable":true,"href":"https:\/\/www.retedeldono.it\/magazine\/wp-json\/wp\/v2\/comments?post=1768"}],"version-history":[{"count":1,"href":"https:\/\/www.retedeldono.it\/magazine\/wp-json\/wp\/v2\/posts\/1768\/revisions"}],"predecessor-version":[{"id":4390,"href":"https:\/\/www.retedeldono.it\/magazine\/wp-json\/wp\/v2\/posts\/1768\/revisions\/4390"}],"wp:featuredmedia":[{"embeddable":true,"href":"https:\/\/www.retedeldono.it\/magazine\/wp-json\/wp\/v2\/media\/1775"}],"wp:attachment":[{"href":"https:\/\/www.retedeldono.it\/magazine\/wp-json\/wp\/v2\/media?parent=1768"}],"wp:term":[{"taxonomy":"category","embeddable":true,"href":"https:\/\/www.retedeldono.it\/magazine\/wp-json\/wp\/v2\/categories?post=1768"},{"taxonomy":"post_tag","embeddable":true,"href":"https:\/\/www.retedeldono.it\/magazine\/wp-json\/wp\/v2\/tags?post=1768"}],"curies":[{"name":"wp","href":"https:\/\/api.w.org\/{rel}","templated":true}]}}