{"id":1881,"date":"2022-12-29T08:00:00","date_gmt":"2022-12-29T08:00:00","guid":{"rendered":"https:\/\/www.retedeldono.it\/magazine\/?p=1881"},"modified":"2023-01-05T09:28:22","modified_gmt":"2023-01-05T09:28:22","slug":"mense-solidali","status":"publish","type":"post","link":"https:\/\/www.retedeldono.it\/magazine\/mense-solidali\/","title":{"rendered":"Mense solidali durante le feste"},"content":{"rendered":"\n<p><a href=\"https:\/\/www.retedeldono.it\/magazine\/calendario-avvento-solidale\/\"><strong>Durante le feste<\/strong><\/a> la propensione al dono \u00e8 sicuramente pi\u00f9 alta. Questo tempo speciale \u00e8 cos\u00ec un\u2019occasione concreta per ricordarsi di chi \u00e8 in difficolt\u00e0 economiche e di chi non ha la possibilit\u00e0 di passare queste serate invernali in una casa calda e accogliente, ma \u00e8 costretto a vivere per strada. Le <strong>mense solidali<\/strong> non vanno mai in vacanza, anzi in questo periodo moltiplicano i propri sforzi per offrire ai propri beneficiari dei menu delle feste. E permettono anche di impegnarsi in prima linea, facendo i volontari per <strong>festeggiare in modo un po\u2019 diverso<\/strong>.<\/p>\n\n\n\n<h2 class=\"wp-block-heading\">Obiettivo 1.500 pasti, uno alla volta<\/h2>\n\n\n\n<p>La mensa di via Travai, del <strong>Punto d&#8217;Incontro di Trento<\/strong>, \u00e8 da sempre un punto di riferimento della citt\u00e0 che nei momenti pi\u00f9 duri della pandemia ha rinnovato il suo impegno non chiudendo un solo giorno e riuscendo a garantire pasti caldi anche di domenica. Oggi per\u00f2 l\u2019aumento dei costi energetici e dei prezzi delle materie prime rischiano di spingere ancora pi\u00f9 ai margini le persone fragili e i senzatetto. Per continuare a offrire il loro aiuto, la campagna <a href=\"https:\/\/www.retedeldono.it\/it\/progetti\/punto-dincontro-trento\/un-pasto-alla-volta\"><strong>Un pasto alla volta<\/strong><\/a> chiede il contributo di tutti: bastano 15 euro per regalare a qualcuno un pranzo completo al Punto d\u2019Incontro, o venire di persona alla mensa per un momento di condivisione.<\/p>\n\n\n\n<h2 class=\"wp-block-heading\">Un abbraccio accogliente per i pi\u00f9 fragili<\/h2>\n\n\n\n<p><strong>Mensa Amica di Cervia<\/strong> garantisce migliaia di pasti caldi, pacchi alimentari, assistenza sanitaria e beni di prima necessit\u00e0 a chi ha bisogno: chi dorme in strada o in macchina, o chi ha una casa che non pu\u00f2 pi\u00f9 permettersi di riscaldare. E che si ricorda degli ultimi soprattutto in questo tempo natalizio: la raccolta <a href=\"https:\/\/www.retedeldono.it\/it\/progetti\/mensa-amica-cervia\/accendiamo-le-luci-del-natale\"><strong>Accendiamo le luci del Natale<\/strong><\/a> chiede il contributo di tutti per stringere in un abbraccio i loro tanti beneficiari. Con una donazione per un pasto alla mensa o una spesa offerta dall&#8217;Emporio Solidale entrerete a far parte della loro grande famiglie e aggiungerete un posto a tavola nei vostri pranzi delle feste.<\/p>\n\n\n\n<h2 class=\"wp-block-heading\">Una nuova mensa per chi \u00e8 in difficolt\u00e0<\/h2>\n\n\n\n<p>Nella Diocesi di Ancona-Osimo \u00e8 nata una nuova mensa dei poveri. La gestisce la Caritas Diocesana e l\u2019<strong>Associazione SS. Annunziata<\/strong>, che si occupa di progetti di solidariet\u00e0 sociale e crede nella promozione integrale delle persone che stanno attraversando un momento di fragilit\u00e0 sociale ed economica. L\u2019obiettivo ambizioso per il 2023 \u00e8 offrire oltre 40.000 pasti a chi si rivolge a loro, oltre mille persone in difficolt\u00e0. Per questo \u00e8 nata la campagna <a href=\"https:\/\/www.retedeldono.it\/it\/progetti\/ss-annunziata\/pasto-sospeso\"><strong>Pasto Sospeso<\/strong><\/a>: con una donazione di 5 euro si pu\u00f2 lasciare una cena gi\u00e0 pagata per chi, in futuro, ne avr\u00e0 bisogno.<\/p>\n\n\n\n<h2 class=\"wp-block-heading\">Il pranzo con il Servizio Ticketing<\/h2>\n\n\n\n<p>Un\u2019idea in pi\u00f9 che pu\u00f2 ispirare i fundraiser \u00e8 il <a href=\"https:\/\/www.retedeldono.it\/it\/pranzo-della-bont%C3%A0\"><strong>Pranzo della bont\u00e0<\/strong><\/a>, il pranzo di raccolta fondi organizzato dal <strong>Centro Pastorale Diocesano di Fano<\/strong>. Un evento di beneficenza reso possibile grazie alla squadra degli chef della <strong>Mensa Sos-tengo<\/strong> e al <a href=\"https:\/\/www.retedeldono.it\/landing\/retedeldonoticketing\"><strong>Servizio Ticketing<\/strong><\/a><strong> di Rete del Dono<\/strong>, che \u00e8 servito come punto di prenotazione digitale. Le donazioni sono servite per sostenere il progetto <a href=\"https:\/\/www.retedeldono.it\/it\/caritas-fano\/crescere-sogni\"><strong>Crescere Sogni<\/strong><\/a>, che ha come obiettivo quello di contribuire a migliorare la qualit\u00e0 di vita dei ragazzi e delle ragazze tra i 6 e i 17 anni, in condizione di fragilit\u00e0 e maggiormente suscettibili di abbandono scolastico e ritiro sociale, e delle loro famiglie nel territorio della diocesi di Fano Fossombrone Cagli Pergola.<\/p>\n","protected":false},"excerpt":{"rendered":"<p>Durante le feste la propensione al dono \u00e8 sicuramente pi\u00f9 alta. Questo tempo speciale \u00e8 cos\u00ec un\u2019occasione concreta per ricordarsi di chi \u00e8 in difficolt\u00e0 economiche e di chi non&#8230;<\/p>\n","protected":false},"author":19,"featured_media":1883,"comment_status":"open","ping_status":"open","sticky":true,"template":"","format":"standard","meta":{"_acf_changed":false,"footnotes":""},"categories":[17],"tags":[],"class_list":{"0":"post-1881","1":"post","2":"type-post","3":"status-publish","4":"format-standard","5":"has-post-thumbnail","7":"category-fundraising"},"acf":{"homepage_rdd":false},"yoast_head":"<!-- This site is optimized with the Yoast SEO plugin v27.5 - https:\/\/yoast.com\/product\/yoast-seo-wordpress\/ -->\n<title>Mense solidali durante le feste - Rete del Dono<\/title>\n<meta name=\"description\" content=\"Come sostenere le mense solidali durante le feste: occasioni per donare e fare volontariato, festeggiando in modo diverso.\" \/>\n<meta name=\"robots\" content=\"index, follow, max-snippet:-1, max-image-preview:large, max-video-preview:-1\" \/>\n<link rel=\"canonical\" href=\"https:\/\/www.retedeldono.it\/magazine\/mense-solidali\/\" \/>\n<meta property=\"og:locale\" content=\"it_IT\" \/>\n<meta property=\"og:type\" content=\"article\" \/>\n<meta property=\"og:title\" content=\"Mense solidali durante le feste e il Capodanno\" \/>\n<meta property=\"og:description\" content=\"Come sostenere le mense solidali durante le feste: occasioni per donare e fare volontariato, festeggiando in modo diverso.\" \/>\n<meta property=\"og:url\" content=\"https:\/\/www.retedeldono.it\/magazine\/mense-solidali\/\" \/>\n<meta property=\"og:site_name\" content=\"Rete del Dono Magazine\" \/>\n<meta property=\"article:publisher\" content=\"https:\/\/www.facebook.com\/retedeldono\/\" \/>\n<meta property=\"article:published_time\" content=\"2022-12-29T08:00:00+00:00\" \/>\n<meta property=\"article:modified_time\" content=\"2023-01-05T09:28:22+00:00\" \/>\n<meta property=\"og:image\" content=\"https:\/\/magazine.retedeldono.it\/wp-content\/uploads\/2022\/12\/3_55.png\" \/>\n\t<meta property=\"og:image:width\" content=\"1000\" \/>\n\t<meta property=\"og:image:height\" content=\"700\" \/>\n\t<meta property=\"og:image:type\" content=\"image\/png\" \/>\n<meta name=\"author\" content=\"Alessandra Canditone\" \/>\n<meta name=\"twitter:card\" content=\"summary_large_image\" \/>\n<meta name=\"twitter:title\" content=\"Mense solidali durante le feste e il Capodanno\" \/>\n<meta name=\"twitter:description\" content=\"Come sostenere le mense solidali durante le feste: occasioni per donare e fare volontariato, festeggiando in modo diverso.\" \/>\n<meta name=\"twitter:image\" content=\"https:\/\/magazine.retedeldono.it\/wp-content\/uploads\/2022\/12\/3_55.png\" \/>\n<meta name=\"twitter:label1\" content=\"Scritto da\" \/>\n\t<meta name=\"twitter:data1\" content=\"Alessandra Canditone\" \/>\n\t<meta name=\"twitter:label2\" content=\"Tempo di lettura stimato\" \/>\n\t<meta name=\"twitter:data2\" content=\"3 minuti\" \/>\n<script type=\"application\/ld+json\" class=\"yoast-schema-graph\">{\"@context\":\"https:\\\/\\\/schema.org\",\"@graph\":[{\"@type\":\"Article\",\"@id\":\"https:\\\/\\\/www.retedeldono.it\\\/magazine\\\/mense-solidali\\\/#article\",\"isPartOf\":{\"@id\":\"https:\\\/\\\/www.retedeldono.it\\\/magazine\\\/mense-solidali\\\/\"},\"author\":{\"name\":\"Alessandra Canditone\",\"@id\":\"https:\\\/\\\/www.retedeldono.it\\\/magazine\\\/#\\\/schema\\\/person\\\/4ea54df58eaaae4e0eacf713ee9cb9cd\"},\"headline\":\"Mense solidali durante le feste\",\"datePublished\":\"2022-12-29T08:00:00+00:00\",\"dateModified\":\"2023-01-05T09:28:22+00:00\",\"mainEntityOfPage\":{\"@id\":\"https:\\\/\\\/www.retedeldono.it\\\/magazine\\\/mense-solidali\\\/\"},\"wordCount\":544,\"commentCount\":0,\"image\":{\"@id\":\"https:\\\/\\\/www.retedeldono.it\\\/magazine\\\/mense-solidali\\\/#primaryimage\"},\"thumbnailUrl\":\"https:\\\/\\\/magazine.retedeldono.it\\\/wp-content\\\/uploads\\\/2022\\\/12\\\/3_55.png\",\"articleSection\":[\"Fundraising\"],\"inLanguage\":\"it-IT\",\"potentialAction\":[{\"@type\":\"CommentAction\",\"name\":\"Comment\",\"target\":[\"https:\\\/\\\/www.retedeldono.it\\\/magazine\\\/mense-solidali\\\/#respond\"]}]},{\"@type\":\"WebPage\",\"@id\":\"https:\\\/\\\/www.retedeldono.it\\\/magazine\\\/mense-solidali\\\/\",\"url\":\"https:\\\/\\\/www.retedeldono.it\\\/magazine\\\/mense-solidali\\\/\",\"name\":\"Mense solidali durante le feste - Rete del Dono\",\"isPartOf\":{\"@id\":\"https:\\\/\\\/www.retedeldono.it\\\/magazine\\\/#website\"},\"primaryImageOfPage\":{\"@id\":\"https:\\\/\\\/www.retedeldono.it\\\/magazine\\\/mense-solidali\\\/#primaryimage\"},\"image\":{\"@id\":\"https:\\\/\\\/www.retedeldono.it\\\/magazine\\\/mense-solidali\\\/#primaryimage\"},\"thumbnailUrl\":\"https:\\\/\\\/magazine.retedeldono.it\\\/wp-content\\\/uploads\\\/2022\\\/12\\\/3_55.png\",\"datePublished\":\"2022-12-29T08:00:00+00:00\",\"dateModified\":\"2023-01-05T09:28:22+00:00\",\"author\":{\"@id\":\"https:\\\/\\\/www.retedeldono.it\\\/magazine\\\/#\\\/schema\\\/person\\\/4ea54df58eaaae4e0eacf713ee9cb9cd\"},\"description\":\"Come sostenere le mense solidali durante le feste: occasioni per donare e fare volontariato, festeggiando in modo diverso.\",\"breadcrumb\":{\"@id\":\"https:\\\/\\\/www.retedeldono.it\\\/magazine\\\/mense-solidali\\\/#breadcrumb\"},\"inLanguage\":\"it-IT\",\"potentialAction\":[{\"@type\":\"ReadAction\",\"target\":[\"https:\\\/\\\/www.retedeldono.it\\\/magazine\\\/mense-solidali\\\/\"]}]},{\"@type\":\"ImageObject\",\"inLanguage\":\"it-IT\",\"@id\":\"https:\\\/\\\/www.retedeldono.it\\\/magazine\\\/mense-solidali\\\/#primaryimage\",\"url\":\"https:\\\/\\\/magazine.retedeldono.it\\\/wp-content\\\/uploads\\\/2022\\\/12\\\/3_55.png\",\"contentUrl\":\"https:\\\/\\\/magazine.retedeldono.it\\\/wp-content\\\/uploads\\\/2022\\\/12\\\/3_55.png\",\"width\":1000,\"height\":700,\"caption\":\"mense-solidali\"},{\"@type\":\"BreadcrumbList\",\"@id\":\"https:\\\/\\\/www.retedeldono.it\\\/magazine\\\/mense-solidali\\\/#breadcrumb\",\"itemListElement\":[{\"@type\":\"ListItem\",\"position\":1,\"name\":\"Home\",\"item\":\"https:\\\/\\\/www.retedeldono.it\\\/magazine\\\/\"},{\"@type\":\"ListItem\",\"position\":2,\"name\":\"Mense solidali durante le feste\"}]},{\"@type\":\"WebSite\",\"@id\":\"https:\\\/\\\/www.retedeldono.it\\\/magazine\\\/#website\",\"url\":\"https:\\\/\\\/www.retedeldono.it\\\/magazine\\\/\",\"name\":\"Rete del Dono Magazine\",\"description\":\"Rete del Dono Magazine\",\"potentialAction\":[{\"@type\":\"SearchAction\",\"target\":{\"@type\":\"EntryPoint\",\"urlTemplate\":\"https:\\\/\\\/www.retedeldono.it\\\/magazine\\\/?s={search_term_string}\"},\"query-input\":{\"@type\":\"PropertyValueSpecification\",\"valueRequired\":true,\"valueName\":\"search_term_string\"}}],\"inLanguage\":\"it-IT\"},{\"@type\":\"Person\",\"@id\":\"https:\\\/\\\/www.retedeldono.it\\\/magazine\\\/#\\\/schema\\\/person\\\/4ea54df58eaaae4e0eacf713ee9cb9cd\",\"name\":\"Alessandra Canditone\",\"image\":{\"@type\":\"ImageObject\",\"inLanguage\":\"it-IT\",\"@id\":\"https:\\\/\\\/secure.gravatar.com\\\/avatar\\\/3635dac5615ea79f1a433883deda3d641353169ca14e498185a4bd3c6c91f739?s=96&d=mm&r=g\",\"url\":\"https:\\\/\\\/secure.gravatar.com\\\/avatar\\\/3635dac5615ea79f1a433883deda3d641353169ca14e498185a4bd3c6c91f739?s=96&d=mm&r=g\",\"contentUrl\":\"https:\\\/\\\/secure.gravatar.com\\\/avatar\\\/3635dac5615ea79f1a433883deda3d641353169ca14e498185a4bd3c6c91f739?s=96&d=mm&r=g\",\"caption\":\"Alessandra Canditone\"},\"description\":\"Laureata in Sociologia all\u2019Universit\u00e0 Cattolica di Milano, ho successivamente conseguito un Master nella relazione d\u2019aiuto e iniziato l\u2019esperienza lavorativa nel Non Profit in ambito raccolta fondi. In Rete del Dono fornisco assistenza e consulenza ai Personal Fundraiser dei Charity Program di cui siamo partner e gestisco, in sinergia con il team, la comunicazione digitale. Mi occupo inoltre di offrire consulenza agli Enti del Terzo Settore sull'organizzazione e la gestione di eventi di raccolta fondi attraverso il servizio Ticketing di Rete del Dono.\",\"url\":\"https:\\\/\\\/www.retedeldono.it\\\/magazine\\\/author\\\/alessandra-canditone\\\/\"}]}<\/script>\n<!-- \/ Yoast SEO plugin. -->","yoast_head_json":{"title":"Mense solidali durante le feste - Rete del Dono","description":"Come sostenere le mense solidali durante le feste: occasioni per donare e fare volontariato, festeggiando in modo diverso.","robots":{"index":"index","follow":"follow","max-snippet":"max-snippet:-1","max-image-preview":"max-image-preview:large","max-video-preview":"max-video-preview:-1"},"canonical":"https:\/\/www.retedeldono.it\/magazine\/mense-solidali\/","og_locale":"it_IT","og_type":"article","og_title":"Mense solidali durante le feste e il Capodanno","og_description":"Come sostenere le mense solidali durante le feste: occasioni per donare e fare volontariato, festeggiando in modo diverso.","og_url":"https:\/\/www.retedeldono.it\/magazine\/mense-solidali\/","og_site_name":"Rete del Dono Magazine","article_publisher":"https:\/\/www.facebook.com\/retedeldono\/","article_published_time":"2022-12-29T08:00:00+00:00","article_modified_time":"2023-01-05T09:28:22+00:00","og_image":[{"width":1000,"height":700,"url":"https:\/\/magazine.retedeldono.it\/wp-content\/uploads\/2022\/12\/3_55.png","type":"image\/png"}],"author":"Alessandra Canditone","twitter_card":"summary_large_image","twitter_title":"Mense solidali durante le feste e il Capodanno","twitter_description":"Come sostenere le mense solidali durante le feste: occasioni per donare e fare volontariato, festeggiando in modo diverso.","twitter_image":"https:\/\/magazine.retedeldono.it\/wp-content\/uploads\/2022\/12\/3_55.png","twitter_misc":{"Scritto da":"Alessandra Canditone","Tempo di lettura stimato":"3 minuti"},"schema":{"@context":"https:\/\/schema.org","@graph":[{"@type":"Article","@id":"https:\/\/www.retedeldono.it\/magazine\/mense-solidali\/#article","isPartOf":{"@id":"https:\/\/www.retedeldono.it\/magazine\/mense-solidali\/"},"author":{"name":"Alessandra Canditone","@id":"https:\/\/www.retedeldono.it\/magazine\/#\/schema\/person\/4ea54df58eaaae4e0eacf713ee9cb9cd"},"headline":"Mense solidali durante le feste","datePublished":"2022-12-29T08:00:00+00:00","dateModified":"2023-01-05T09:28:22+00:00","mainEntityOfPage":{"@id":"https:\/\/www.retedeldono.it\/magazine\/mense-solidali\/"},"wordCount":544,"commentCount":0,"image":{"@id":"https:\/\/www.retedeldono.it\/magazine\/mense-solidali\/#primaryimage"},"thumbnailUrl":"https:\/\/magazine.retedeldono.it\/wp-content\/uploads\/2022\/12\/3_55.png","articleSection":["Fundraising"],"inLanguage":"it-IT","potentialAction":[{"@type":"CommentAction","name":"Comment","target":["https:\/\/www.retedeldono.it\/magazine\/mense-solidali\/#respond"]}]},{"@type":"WebPage","@id":"https:\/\/www.retedeldono.it\/magazine\/mense-solidali\/","url":"https:\/\/www.retedeldono.it\/magazine\/mense-solidali\/","name":"Mense solidali durante le feste - Rete del Dono","isPartOf":{"@id":"https:\/\/www.retedeldono.it\/magazine\/#website"},"primaryImageOfPage":{"@id":"https:\/\/www.retedeldono.it\/magazine\/mense-solidali\/#primaryimage"},"image":{"@id":"https:\/\/www.retedeldono.it\/magazine\/mense-solidali\/#primaryimage"},"thumbnailUrl":"https:\/\/magazine.retedeldono.it\/wp-content\/uploads\/2022\/12\/3_55.png","datePublished":"2022-12-29T08:00:00+00:00","dateModified":"2023-01-05T09:28:22+00:00","author":{"@id":"https:\/\/www.retedeldono.it\/magazine\/#\/schema\/person\/4ea54df58eaaae4e0eacf713ee9cb9cd"},"description":"Come sostenere le mense solidali durante le feste: occasioni per donare e fare volontariato, festeggiando in modo diverso.","breadcrumb":{"@id":"https:\/\/www.retedeldono.it\/magazine\/mense-solidali\/#breadcrumb"},"inLanguage":"it-IT","potentialAction":[{"@type":"ReadAction","target":["https:\/\/www.retedeldono.it\/magazine\/mense-solidali\/"]}]},{"@type":"ImageObject","inLanguage":"it-IT","@id":"https:\/\/www.retedeldono.it\/magazine\/mense-solidali\/#primaryimage","url":"https:\/\/magazine.retedeldono.it\/wp-content\/uploads\/2022\/12\/3_55.png","contentUrl":"https:\/\/magazine.retedeldono.it\/wp-content\/uploads\/2022\/12\/3_55.png","width":1000,"height":700,"caption":"mense-solidali"},{"@type":"BreadcrumbList","@id":"https:\/\/www.retedeldono.it\/magazine\/mense-solidali\/#breadcrumb","itemListElement":[{"@type":"ListItem","position":1,"name":"Home","item":"https:\/\/www.retedeldono.it\/magazine\/"},{"@type":"ListItem","position":2,"name":"Mense solidali durante le feste"}]},{"@type":"WebSite","@id":"https:\/\/www.retedeldono.it\/magazine\/#website","url":"https:\/\/www.retedeldono.it\/magazine\/","name":"Rete del Dono Magazine","description":"Rete del Dono Magazine","potentialAction":[{"@type":"SearchAction","target":{"@type":"EntryPoint","urlTemplate":"https:\/\/www.retedeldono.it\/magazine\/?s={search_term_string}"},"query-input":{"@type":"PropertyValueSpecification","valueRequired":true,"valueName":"search_term_string"}}],"inLanguage":"it-IT"},{"@type":"Person","@id":"https:\/\/www.retedeldono.it\/magazine\/#\/schema\/person\/4ea54df58eaaae4e0eacf713ee9cb9cd","name":"Alessandra Canditone","image":{"@type":"ImageObject","inLanguage":"it-IT","@id":"https:\/\/secure.gravatar.com\/avatar\/3635dac5615ea79f1a433883deda3d641353169ca14e498185a4bd3c6c91f739?s=96&d=mm&r=g","url":"https:\/\/secure.gravatar.com\/avatar\/3635dac5615ea79f1a433883deda3d641353169ca14e498185a4bd3c6c91f739?s=96&d=mm&r=g","contentUrl":"https:\/\/secure.gravatar.com\/avatar\/3635dac5615ea79f1a433883deda3d641353169ca14e498185a4bd3c6c91f739?s=96&d=mm&r=g","caption":"Alessandra Canditone"},"description":"Laureata in Sociologia all\u2019Universit\u00e0 Cattolica di Milano, ho successivamente conseguito un Master nella relazione d\u2019aiuto e iniziato l\u2019esperienza lavorativa nel Non Profit in ambito raccolta fondi. In Rete del Dono fornisco assistenza e consulenza ai Personal Fundraiser dei Charity Program di cui siamo partner e gestisco, in sinergia con il team, la comunicazione digitale. Mi occupo inoltre di offrire consulenza agli Enti del Terzo Settore sull'organizzazione e la gestione di eventi di raccolta fondi attraverso il servizio Ticketing di Rete del Dono.","url":"https:\/\/www.retedeldono.it\/magazine\/author\/alessandra-canditone\/"}]}},"_links":{"self":[{"href":"https:\/\/www.retedeldono.it\/magazine\/wp-json\/wp\/v2\/posts\/1881","targetHints":{"allow":["GET"]}}],"collection":[{"href":"https:\/\/www.retedeldono.it\/magazine\/wp-json\/wp\/v2\/posts"}],"about":[{"href":"https:\/\/www.retedeldono.it\/magazine\/wp-json\/wp\/v2\/types\/post"}],"author":[{"embeddable":true,"href":"https:\/\/www.retedeldono.it\/magazine\/wp-json\/wp\/v2\/users\/19"}],"replies":[{"embeddable":true,"href":"https:\/\/www.retedeldono.it\/magazine\/wp-json\/wp\/v2\/comments?post=1881"}],"version-history":[{"count":0,"href":"https:\/\/www.retedeldono.it\/magazine\/wp-json\/wp\/v2\/posts\/1881\/revisions"}],"wp:featuredmedia":[{"embeddable":true,"href":"https:\/\/www.retedeldono.it\/magazine\/wp-json\/wp\/v2\/media\/1883"}],"wp:attachment":[{"href":"https:\/\/www.retedeldono.it\/magazine\/wp-json\/wp\/v2\/media?parent=1881"}],"wp:term":[{"taxonomy":"category","embeddable":true,"href":"https:\/\/www.retedeldono.it\/magazine\/wp-json\/wp\/v2\/categories?post=1881"},{"taxonomy":"post_tag","embeddable":true,"href":"https:\/\/www.retedeldono.it\/magazine\/wp-json\/wp\/v2\/tags?post=1881"}],"curies":[{"name":"wp","href":"https:\/\/api.w.org\/{rel}","templated":true}]}}