{"id":1943,"date":"2023-01-12T11:01:49","date_gmt":"2023-01-12T11:01:49","guid":{"rendered":"https:\/\/www.retedeldono.it\/magazine\/?p=1943"},"modified":"2023-05-05T11:43:09","modified_gmt":"2023-05-05T11:43:09","slug":"maratone-solidali-runner-video","status":"publish","type":"post","link":"https:\/\/www.retedeldono.it\/magazine\/maratone-solidali-runner-video\/","title":{"rendered":"Maratone Solidali si riparte. 1^tappa: il video"},"content":{"rendered":"\n<p>Per un personal fundraiser, soprattutto se runner, realizzare video \u00e8 oggi la strategia pi\u00f9 facile e veloce per appassionare amici e conoscenti alla sua corsa e alla sua causa. Se un tempo era difficile realizzare video e costoso caricarli e guardarli online, oggi sono lo strumento pi\u00f9 apprezzato.<\/p>\n\n\n\n<p>Secondo una ricerca di <strong>Wyzowl<\/strong>, il <strong>68% degli utenti considera i video brevi il mezzo migliore per imparare<\/strong> qualcosa. Perch\u00e9? Perch\u00e9 la nostra attenzione a schermo \u00e8 limitata, non superiore agli 8 secondi per gran parte degli utenti. Inoltre i video richiedono meno sforzo rispetto alla lettura.<\/p>\n\n\n\n<figure class=\"wp-block-image size-large\"><img decoding=\"async\" src=\"https:\/\/digitalmarketingcommunity.com\/wp-content\/uploads\/2019\/03\/How-Consumers-prefer-to-learn-about-new-products-or-services-2019.jpg\" alt=\"\"\/><\/figure>\n\n\n\n<p>Quando parliamo di brevit\u00e0 si intendono i <strong>15-20 secondi medi <\/strong>di una story di Instagram, cos\u00ec come i 30 secondi di un video di TikTok. Comunque mai sopra i 60-90 secondi, che sono gi\u00e0 tanti.<\/p>\n\n\n\n<p>Parliamo inoltre di contenuti non professionali. Questo perch\u00e9 noi siamo abituati a vedere video brutti, come quelli che ci arrivano dai parenti o sui gruppi di whatsapp. Perci\u00f2 un contenuto professionale \u00e8 visto come inadeguato ai canali digitali, a volte anche uno strumento per fregare.<\/p>\n\n\n\n<p>Proprio per questo nella ricerca <strong><a href=\"https:\/\/fondazioneretedeldono.it\/donare3-0\/\">Donare 3.0 del 2022<\/a><\/strong>, \u00e8 emerso che molti donatori vorrebbero <strong>dirette live sui social<\/strong> per mostrare il lavoro sul campo delle non profit. Perch\u00e9 pensano che questo sia uno strumento di trasparenza, e la predilogono alla qualit\u00e0.<\/p>\n\n\n\n<h2 class=\"wp-block-heading\">Quale tipologia di video scegliere?<\/h2>\n\n\n\n<p>Per tutti i runner fundraiser, la scelta sui video da fare si divide tra:<\/p>\n\n\n\n<ul class=\"wp-block-list\">\n<li>video di racconto in prima persona<\/li>\n\n\n\n<li>video di racconto con le scritte<\/li>\n<\/ul>\n\n\n\n<p>I video di racconto in prima persona sono contenuti registrati da soli o comunque mantenendo in primo piano se stessi. Qui non importa proprio per niente la qualit\u00e0, \u00e8 importante metterci la faccia, meglio ancora se il fundraiser ci mette anche la propria voce. Piacciono perch\u00e9 alle persone piace guardare in faccia chi sta raccontando. Il video di Kiara ne \u00e8 un esempio: spiega come corre con una malattia cronica. Le riprese sono \u201chome-made\u201d, ma la sua solarit\u00e0 vince su tutto.<\/p>\n\n\n\n<blockquote class=\"instagram-media\" style=\"background: #FFF; border: 0; border-radius: 3px; box-shadow: 0 0 1px 0 rgba(0,0,0,0.5),0 1px 10px 0 rgba(0,0,0,0.15); margin: 1px; max-width: 540px; min-width: 326px; padding: 0; width: calc(100% - 2px);\" data-instgrm-permalink=\"https:\/\/www.instagram.com\/reel\/CnMFw2MhVR1\/?utm_source=ig_embed&amp;utm_campaign=loading\" data-instgrm-version=\"14\">\r\n<div style=\"padding: 16px;\">\r\n<div style=\"display: flex; flex-direction: row; align-items: center;\">\r\n<div style=\"background-color: #f4f4f4; border-radius: 50%; flex-grow: 0; height: 40px; margin-right: 14px; width: 40px;\">\u00a0<\/div>\r\n<div style=\"display: flex; flex-direction: column; flex-grow: 1; justify-content: center;\">\r\n<div style=\"background-color: #f4f4f4; border-radius: 4px; flex-grow: 0; height: 14px; margin-bottom: 6px; width: 100px;\">\u00a0<\/div>\r\n<div style=\"background-color: #f4f4f4; border-radius: 4px; flex-grow: 0; height: 14px; width: 60px;\">\u00a0<\/div>\r\n<\/div>\r\n<\/div>\r\n<div style=\"padding: 19% 0;\">\u00a0<\/div>\r\n<div style=\"display: block; height: 50px; margin: 0 auto 12px; width: 50px;\">\u00a0<\/div>\r\n<div style=\"padding-top: 8px;\">\r\n<div style=\"color: #3897f0; font-family: Arial,sans-serif; font-size: 14px; font-style: normal; font-weight: 550; line-height: 18px;\">Visualizza questo post su Instagram<\/div>\r\n<\/div>\r\n<div style=\"padding: 12.5% 0;\">\u00a0<\/div>\r\n<div style=\"display: flex; flex-direction: row; margin-bottom: 14px; align-items: center;\">\r\n<div>\r\n<div style=\"background-color: #f4f4f4; border-radius: 50%; height: 12.5px; width: 12.5px; transform: translateX(0px) translateY(7px);\">\u00a0<\/div>\r\n<div style=\"background-color: #f4f4f4; height: 12.5px; transform: rotate(-45deg) translateX(3px) translateY(1px); width: 12.5px; flex-grow: 0; margin-right: 14px; margin-left: 2px;\">\u00a0<\/div>\r\n<div style=\"background-color: #f4f4f4; border-radius: 50%; height: 12.5px; width: 12.5px; transform: translateX(9px) translateY(-18px);\">\u00a0<\/div>\r\n<\/div>\r\n<div style=\"margin-left: 8px;\">\r\n<div style=\"background-color: #f4f4f4; border-radius: 50%; flex-grow: 0; height: 20px; width: 20px;\">\u00a0<\/div>\r\n<div style=\"width: 0; height: 0; border-top: 2px solid transparent; border-left: 6px solid #f4f4f4; border-bottom: 2px solid transparent; transform: translateX(16px) translateY(-4px) rotate(30deg);\">\u00a0<\/div>\r\n<\/div>\r\n<div style=\"margin-left: auto;\">\r\n<div style=\"width: 0px; border-top: 8px solid #F4F4F4; border-right: 8px solid transparent; transform: translateY(16px);\">\u00a0<\/div>\r\n<div style=\"background-color: #f4f4f4; flex-grow: 0; height: 12px; width: 16px; transform: translateY(-4px);\">\u00a0<\/div>\r\n<div style=\"width: 0; height: 0; border-top: 8px solid #F4F4F4; border-left: 8px solid transparent; transform: translateY(-4px) translateX(8px);\">\u00a0<\/div>\r\n<\/div>\r\n<\/div>\r\n<div style=\"display: flex; flex-direction: column; flex-grow: 1; justify-content: center; margin-bottom: 24px;\">\r\n<div style=\"background-color: #f4f4f4; border-radius: 4px; flex-grow: 0; height: 14px; margin-bottom: 6px; width: 224px;\">\u00a0<\/div>\r\n<div style=\"background-color: #f4f4f4; border-radius: 4px; flex-grow: 0; height: 14px; width: 144px;\">\u00a0<\/div>\r\n<\/div>\r\n<p style=\"color: #c9c8cd; font-family: Arial,sans-serif; font-size: 14px; line-height: 17px; margin-bottom: 0; margin-top: 8px; overflow: hidden; padding: 8px 0 7px; text-align: center; text-overflow: ellipsis; white-space: nowrap;\"><a style=\"color: #c9c8cd; font-family: Arial,sans-serif; font-size: 14px; font-style: normal; font-weight: normal; line-height: 17px; text-decoration: none;\" href=\"https:\/\/www.instagram.com\/reel\/CnMFw2MhVR1\/?utm_source=ig_embed&amp;utm_campaign=loading\" target=\"_blank\" rel=\"noopener\">Un post condiviso da Kiara | Invsible illness advocate (@thechronicallyillnetfitter)<\/a><\/p>\r\n<\/div>\r\n<\/blockquote>\r\n<p><script async src=\"\/\/www.instagram.com\/embed.js\"><\/script><\/p>\n\n\n\n<p>I video con le scritte sopperiscono all&#8217;imbarazzo di parlare con i testi in sovrimpressione, inseriti attraverso le app. Suggerimento: i testi in sovrimpressione sono utili sempre, perch\u00e9 le persone guardano il cellulare muto, e anche i video. Per questo le scritte compensano l&#8217;audio.<\/p>\n\n\n\n<blockquote class=\"instagram-media\" style=\"background: #FFF; border: 0; border-radius: 3px; box-shadow: 0 0 1px 0 rgba(0,0,0,0.5),0 1px 10px 0 rgba(0,0,0,0.15); margin: 1px; max-width: 540px; min-width: 326px; padding: 0; width: calc(100% - 2px);\" data-instgrm-permalink=\"https:\/\/www.instagram.com\/reel\/CeqLgvRAiWm\/?utm_source=ig_embed&amp;utm_campaign=loading\" data-instgrm-version=\"14\">\r\n<div style=\"padding: 16px;\">\r\n<div style=\"display: flex; flex-direction: row; align-items: center;\">\r\n<div style=\"background-color: #f4f4f4; border-radius: 50%; flex-grow: 0; height: 40px; margin-right: 14px; width: 40px;\">\u00a0<\/div>\r\n<div style=\"display: flex; flex-direction: column; flex-grow: 1; justify-content: center;\">\r\n<div style=\"background-color: #f4f4f4; border-radius: 4px; flex-grow: 0; height: 14px; margin-bottom: 6px; width: 100px;\">\u00a0<\/div>\r\n<div style=\"background-color: #f4f4f4; border-radius: 4px; flex-grow: 0; height: 14px; width: 60px;\">\u00a0<\/div>\r\n<\/div>\r\n<\/div>\r\n<div style=\"padding: 19% 0;\">\u00a0<\/div>\r\n<div style=\"display: block; height: 50px; margin: 0 auto 12px; width: 50px;\">\u00a0<\/div>\r\n<div style=\"padding-top: 8px;\">\r\n<div style=\"color: #3897f0; font-family: Arial,sans-serif; font-size: 14px; font-style: normal; font-weight: 550; line-height: 18px;\">Visualizza questo post su Instagram<\/div>\r\n<\/div>\r\n<div style=\"padding: 12.5% 0;\">\u00a0<\/div>\r\n<div style=\"display: flex; flex-direction: row; margin-bottom: 14px; align-items: center;\">\r\n<div>\r\n<div style=\"background-color: #f4f4f4; border-radius: 50%; height: 12.5px; width: 12.5px; transform: translateX(0px) translateY(7px);\">\u00a0<\/div>\r\n<div style=\"background-color: #f4f4f4; height: 12.5px; transform: rotate(-45deg) translateX(3px) translateY(1px); width: 12.5px; flex-grow: 0; margin-right: 14px; margin-left: 2px;\">\u00a0<\/div>\r\n<div style=\"background-color: #f4f4f4; border-radius: 50%; height: 12.5px; width: 12.5px; transform: translateX(9px) translateY(-18px);\">\u00a0<\/div>\r\n<\/div>\r\n<div style=\"margin-left: 8px;\">\r\n<div style=\"background-color: #f4f4f4; border-radius: 50%; flex-grow: 0; height: 20px; width: 20px;\">\u00a0<\/div>\r\n<div style=\"width: 0; height: 0; border-top: 2px solid transparent; border-left: 6px solid #f4f4f4; border-bottom: 2px solid transparent; transform: translateX(16px) translateY(-4px) rotate(30deg);\">\u00a0<\/div>\r\n<\/div>\r\n<div style=\"margin-left: auto;\">\r\n<div style=\"width: 0px; border-top: 8px solid #F4F4F4; border-right: 8px solid transparent; transform: translateY(16px);\">\u00a0<\/div>\r\n<div style=\"background-color: #f4f4f4; flex-grow: 0; height: 12px; width: 16px; transform: translateY(-4px);\">\u00a0<\/div>\r\n<div style=\"width: 0; height: 0; border-top: 8px solid #F4F4F4; border-left: 8px solid transparent; transform: translateY(-4px) translateX(8px);\">\u00a0<\/div>\r\n<\/div>\r\n<\/div>\r\n<div style=\"display: flex; flex-direction: column; flex-grow: 1; justify-content: center; margin-bottom: 24px;\">\r\n<div style=\"background-color: #f4f4f4; border-radius: 4px; flex-grow: 0; height: 14px; margin-bottom: 6px; width: 224px;\">\u00a0<\/div>\r\n<div style=\"background-color: #f4f4f4; border-radius: 4px; flex-grow: 0; height: 14px; width: 144px;\">\u00a0<\/div>\r\n<\/div>\r\n<p style=\"color: #c9c8cd; font-family: Arial,sans-serif; font-size: 14px; line-height: 17px; margin-bottom: 0; margin-top: 8px; overflow: hidden; padding: 8px 0 7px; text-align: center; text-overflow: ellipsis; white-space: nowrap;\"><a style=\"color: #c9c8cd; font-family: Arial,sans-serif; font-size: 14px; font-style: normal; font-weight: normal; line-height: 17px; text-decoration: none;\" href=\"https:\/\/www.instagram.com\/reel\/CeqLgvRAiWm\/?utm_source=ig_embed&amp;utm_campaign=loading\" target=\"_blank\" rel=\"noopener\">Un post condiviso da Rete del Dono (@retedeldono)<\/a><\/p>\r\n<\/div>\r\n<\/blockquote>\r\n<p><script async src=\"\/\/www.instagram.com\/embed.js\"><\/script><\/p>\n\n\n\n<div class=\"wp-block-spacer\" style=\"height: 10px;\" aria-hidden=\"true\">\u00a0<\/div>\n\n\n\n<h2 class=\"wp-block-heading\">Come fare i video?<\/h2>\n\n\n\n<p>Noi suggeriamo una serie di <strong>applicazioni per mobile<\/strong> per poterli fare. Tra queste ve ne sono alcune minimamente pi\u00f9 professionali ma alla portata di tutti, con alcune possibilit\u00e0 a pagamento<\/p>\n\n\n\n<ul class=\"wp-block-list\">\n<li>InShot<\/li>\n\n\n\n<li>mojo<\/li>\n\n\n\n<li>Instories<\/li>\n\n\n\n<li>CapCut<\/li>\n<\/ul>\n\n\n\n<p>Poi ve ne sono altre non a pagamento ma molto intuitive. Su queste per\u00f2 ci teniamo a dare l&#8217;attenzione su una: <strong>TikTok<\/strong>. L&#8217;editor di TikTok \u00e8 facilissimo, e molto chiaro. Permette di avere layout pronti (come le app sopra) dove inserire soltanto immagini, foto, o i video che avete registrato, da scegliere solo alcuni spezzoni. Poi aiuta a inserire scritte, musiche ecc.<\/p>\n\n\n\n<div class=\"wp-block-spacer\" style=\"height: 9px;\" aria-hidden=\"true\">\u00a0<\/div>\n\n\n\n<h2 class=\"wp-block-heading\">Cosa raccontare nei video?<\/h2>\n\n\n\n<p>Un runner solidale ha tante opportunit\u00e0. Ne citiamo alcune:<\/p>\n\n\n\n<ul class=\"wp-block-list\">\n<li>Allenamenti, primi piani dicorsa<\/li>\n\n\n\n<li>Momento sportivo di gruppo<\/li>\n\n\n\n<li>Errorie o incidenti nella corsa<\/li>\n\n\n\n<li>Racconti post allenamento (fatica)<\/li>\n\n\n\n<li>Scarpe, materiali nuovi, raccolta dei pettorali<\/li>\n\n\n\n<li>Cambi della staffetta durante la maratona<\/li>\n\n\n\n<li>Commenti al cambio staffetta<\/li>\n\n\n\n<li>Sfida solidale<\/li>\n\n\n\n<li>Video con i beneficiari della non profit o i volontari<\/li>\n<\/ul>\n\n\n\n<p>Ma ci sono anche altri contenuti a cui pensare, per esempio correre con gli animali, i dolori, la muscolatura che cambia. Un tema che non \u00e8 da sottovalutare sono gli amici, soprattutto i ringraziamenti agli amici. Piacciono tantissimo, specie se si taggano le persone. Sono un bellissimo modo per creare una community intorno alla propria causa.<\/p>\n\n\n\n<p>Ultimo passaggio, la <strong>call to action<\/strong>. Invitare a donare con il link \u00e8 importante, ma non sempre. Soprattutto se parliamo di 10 stories, avere l&#8217;invito in ogni story \u00e8 insopportabile. Il suggerimento \u00e8 di centellinarlo bene, mentre \u00e8 importante che ciascun runner inviti spesso i suoi follower a seguirlo sui social nella preparazione della maratona.<\/p>\n","protected":false},"excerpt":{"rendered":"<p>Per un personal fundraiser, soprattutto se runner, realizzare video \u00e8 oggi la strategia pi\u00f9 facile e veloce per appassionare amici e conoscenti alla sua corsa e alla sua causa. Se&#8230;<\/p>\n","protected":false},"author":8,"featured_media":1950,"comment_status":"open","ping_status":"open","sticky":false,"template":"","format":"standard","meta":{"_acf_changed":false,"footnotes":""},"categories":[17],"tags":[],"class_list":{"0":"post-1943","1":"post","2":"type-post","3":"status-publish","4":"format-standard","5":"has-post-thumbnail","7":"category-fundraising"},"acf":{"homepage_rdd":false},"yoast_head":"<!-- This site is optimized with the Yoast SEO plugin v27.5 - https:\/\/yoast.com\/product\/yoast-seo-wordpress\/ -->\n<title>Maratone Solidali si riparte. 1^tappa: il video<\/title>\n<meta name=\"description\" content=\"Per un runner solidale, i video sono la strategia pi\u00f9 facile per appassionare amici e conoscenti alla sua corsa. Ecco come farli.\" \/>\n<meta name=\"robots\" content=\"index, follow, max-snippet:-1, max-image-preview:large, max-video-preview:-1\" \/>\n<link rel=\"canonical\" href=\"https:\/\/www.retedeldono.it\/magazine\/maratone-solidali-runner-video\/\" \/>\n<meta property=\"og:locale\" content=\"it_IT\" \/>\n<meta property=\"og:type\" content=\"article\" \/>\n<meta property=\"og:title\" content=\"Maratone Solidali si riparte. 1^tappa: il video\" \/>\n<meta property=\"og:description\" content=\"Per un runner solidale, i video sono la strategia pi\u00f9 facile per appassionare amici e conoscenti alla sua corsa. Ecco come farli.\" \/>\n<meta property=\"og:url\" content=\"https:\/\/www.retedeldono.it\/magazine\/maratone-solidali-runner-video\/\" \/>\n<meta property=\"og:site_name\" content=\"Rete del Dono Magazine\" \/>\n<meta property=\"article:publisher\" content=\"https:\/\/www.facebook.com\/retedeldono\/\" \/>\n<meta property=\"article:published_time\" content=\"2023-01-12T11:01:49+00:00\" \/>\n<meta property=\"article:modified_time\" content=\"2023-05-05T11:43:09+00:00\" \/>\n<meta property=\"og:image\" content=\"https:\/\/magazine.retedeldono.it\/wp-content\/uploads\/2023\/01\/rete-del-dono-maratone-solidali.jpg\" \/>\n\t<meta property=\"og:image:width\" content=\"1000\" \/>\n\t<meta property=\"og:image:height\" content=\"700\" \/>\n\t<meta property=\"og:image:type\" content=\"image\/jpeg\" \/>\n<meta name=\"author\" content=\"Riccardo Bianchi\" \/>\n<meta name=\"twitter:card\" content=\"summary_large_image\" \/>\n<meta name=\"twitter:label1\" content=\"Scritto da\" \/>\n\t<meta name=\"twitter:data1\" content=\"Riccardo Bianchi\" \/>\n\t<meta name=\"twitter:label2\" content=\"Tempo di lettura stimato\" \/>\n\t<meta name=\"twitter:data2\" content=\"4 minuti\" \/>\n<script type=\"application\/ld+json\" class=\"yoast-schema-graph\">{\"@context\":\"https:\\\/\\\/schema.org\",\"@graph\":[{\"@type\":\"Article\",\"@id\":\"https:\\\/\\\/www.retedeldono.it\\\/magazine\\\/maratone-solidali-runner-video\\\/#article\",\"isPartOf\":{\"@id\":\"https:\\\/\\\/www.retedeldono.it\\\/magazine\\\/maratone-solidali-runner-video\\\/\"},\"author\":{\"name\":\"Riccardo Bianchi\",\"@id\":\"https:\\\/\\\/www.retedeldono.it\\\/magazine\\\/#\\\/schema\\\/person\\\/3d2783baf04cde81fdc5b7ae9f4e9e7b\"},\"headline\":\"Maratone Solidali si riparte. 1^tappa: il video\",\"datePublished\":\"2023-01-12T11:01:49+00:00\",\"dateModified\":\"2023-05-05T11:43:09+00:00\",\"mainEntityOfPage\":{\"@id\":\"https:\\\/\\\/www.retedeldono.it\\\/magazine\\\/maratone-solidali-runner-video\\\/\"},\"wordCount\":662,\"commentCount\":0,\"image\":{\"@id\":\"https:\\\/\\\/www.retedeldono.it\\\/magazine\\\/maratone-solidali-runner-video\\\/#primaryimage\"},\"thumbnailUrl\":\"https:\\\/\\\/magazine.retedeldono.it\\\/wp-content\\\/uploads\\\/2023\\\/01\\\/rete-del-dono-maratone-solidali.jpg\",\"articleSection\":[\"Fundraising\"],\"inLanguage\":\"it-IT\",\"potentialAction\":[{\"@type\":\"CommentAction\",\"name\":\"Comment\",\"target\":[\"https:\\\/\\\/www.retedeldono.it\\\/magazine\\\/maratone-solidali-runner-video\\\/#respond\"]}]},{\"@type\":\"WebPage\",\"@id\":\"https:\\\/\\\/www.retedeldono.it\\\/magazine\\\/maratone-solidali-runner-video\\\/\",\"url\":\"https:\\\/\\\/www.retedeldono.it\\\/magazine\\\/maratone-solidali-runner-video\\\/\",\"name\":\"Maratone Solidali si riparte. 1^tappa: il video\",\"isPartOf\":{\"@id\":\"https:\\\/\\\/www.retedeldono.it\\\/magazine\\\/#website\"},\"primaryImageOfPage\":{\"@id\":\"https:\\\/\\\/www.retedeldono.it\\\/magazine\\\/maratone-solidali-runner-video\\\/#primaryimage\"},\"image\":{\"@id\":\"https:\\\/\\\/www.retedeldono.it\\\/magazine\\\/maratone-solidali-runner-video\\\/#primaryimage\"},\"thumbnailUrl\":\"https:\\\/\\\/magazine.retedeldono.it\\\/wp-content\\\/uploads\\\/2023\\\/01\\\/rete-del-dono-maratone-solidali.jpg\",\"datePublished\":\"2023-01-12T11:01:49+00:00\",\"dateModified\":\"2023-05-05T11:43:09+00:00\",\"author\":{\"@id\":\"https:\\\/\\\/www.retedeldono.it\\\/magazine\\\/#\\\/schema\\\/person\\\/3d2783baf04cde81fdc5b7ae9f4e9e7b\"},\"description\":\"Per un runner solidale, i video sono la strategia pi\u00f9 facile per appassionare amici e conoscenti alla sua corsa. Ecco come farli.\",\"breadcrumb\":{\"@id\":\"https:\\\/\\\/www.retedeldono.it\\\/magazine\\\/maratone-solidali-runner-video\\\/#breadcrumb\"},\"inLanguage\":\"it-IT\",\"potentialAction\":[{\"@type\":\"ReadAction\",\"target\":[\"https:\\\/\\\/www.retedeldono.it\\\/magazine\\\/maratone-solidali-runner-video\\\/\"]}]},{\"@type\":\"ImageObject\",\"inLanguage\":\"it-IT\",\"@id\":\"https:\\\/\\\/www.retedeldono.it\\\/magazine\\\/maratone-solidali-runner-video\\\/#primaryimage\",\"url\":\"https:\\\/\\\/magazine.retedeldono.it\\\/wp-content\\\/uploads\\\/2023\\\/01\\\/rete-del-dono-maratone-solidali.jpg\",\"contentUrl\":\"https:\\\/\\\/magazine.retedeldono.it\\\/wp-content\\\/uploads\\\/2023\\\/01\\\/rete-del-dono-maratone-solidali.jpg\",\"width\":1000,\"height\":700,\"caption\":\"rete-del-dono-maratone-solidali\"},{\"@type\":\"BreadcrumbList\",\"@id\":\"https:\\\/\\\/www.retedeldono.it\\\/magazine\\\/maratone-solidali-runner-video\\\/#breadcrumb\",\"itemListElement\":[{\"@type\":\"ListItem\",\"position\":1,\"name\":\"Home\",\"item\":\"https:\\\/\\\/www.retedeldono.it\\\/magazine\\\/\"},{\"@type\":\"ListItem\",\"position\":2,\"name\":\"Maratone Solidali si riparte. 1^tappa: il video\"}]},{\"@type\":\"WebSite\",\"@id\":\"https:\\\/\\\/www.retedeldono.it\\\/magazine\\\/#website\",\"url\":\"https:\\\/\\\/www.retedeldono.it\\\/magazine\\\/\",\"name\":\"Rete del Dono Magazine\",\"description\":\"Rete del Dono Magazine\",\"potentialAction\":[{\"@type\":\"SearchAction\",\"target\":{\"@type\":\"EntryPoint\",\"urlTemplate\":\"https:\\\/\\\/www.retedeldono.it\\\/magazine\\\/?s={search_term_string}\"},\"query-input\":{\"@type\":\"PropertyValueSpecification\",\"valueRequired\":true,\"valueName\":\"search_term_string\"}}],\"inLanguage\":\"it-IT\"},{\"@type\":\"Person\",\"@id\":\"https:\\\/\\\/www.retedeldono.it\\\/magazine\\\/#\\\/schema\\\/person\\\/3d2783baf04cde81fdc5b7ae9f4e9e7b\",\"name\":\"Riccardo Bianchi\",\"image\":{\"@type\":\"ImageObject\",\"inLanguage\":\"it-IT\",\"@id\":\"https:\\\/\\\/secure.gravatar.com\\\/avatar\\\/09576b5c3adb3cd7ff257b3dd52d99bdf4d1a68f623e65b14a3da4ef74907267?s=96&d=mm&r=g\",\"url\":\"https:\\\/\\\/secure.gravatar.com\\\/avatar\\\/09576b5c3adb3cd7ff257b3dd52d99bdf4d1a68f623e65b14a3da4ef74907267?s=96&d=mm&r=g\",\"contentUrl\":\"https:\\\/\\\/secure.gravatar.com\\\/avatar\\\/09576b5c3adb3cd7ff257b3dd52d99bdf4d1a68f623e65b14a3da4ef74907267?s=96&d=mm&r=g\",\"caption\":\"Riccardo Bianchi\"},\"description\":\"Digital Marketing Manager presso Fps Lab, passato da giornalista professionista e futuro da portiere di serie A. Appassionato di digital e non profit.\",\"url\":\"https:\\\/\\\/www.retedeldono.it\\\/magazine\\\/author\\\/riccardo-bianchi\\\/\"}]}<\/script>\n<!-- \/ Yoast SEO plugin. -->","yoast_head_json":{"title":"Maratone Solidali si riparte. 1^tappa: il video","description":"Per un runner solidale, i video sono la strategia pi\u00f9 facile per appassionare amici e conoscenti alla sua corsa. Ecco come farli.","robots":{"index":"index","follow":"follow","max-snippet":"max-snippet:-1","max-image-preview":"max-image-preview:large","max-video-preview":"max-video-preview:-1"},"canonical":"https:\/\/www.retedeldono.it\/magazine\/maratone-solidali-runner-video\/","og_locale":"it_IT","og_type":"article","og_title":"Maratone Solidali si riparte. 1^tappa: il video","og_description":"Per un runner solidale, i video sono la strategia pi\u00f9 facile per appassionare amici e conoscenti alla sua corsa. Ecco come farli.","og_url":"https:\/\/www.retedeldono.it\/magazine\/maratone-solidali-runner-video\/","og_site_name":"Rete del Dono Magazine","article_publisher":"https:\/\/www.facebook.com\/retedeldono\/","article_published_time":"2023-01-12T11:01:49+00:00","article_modified_time":"2023-05-05T11:43:09+00:00","og_image":[{"width":1000,"height":700,"url":"https:\/\/magazine.retedeldono.it\/wp-content\/uploads\/2023\/01\/rete-del-dono-maratone-solidali.jpg","type":"image\/jpeg"}],"author":"Riccardo Bianchi","twitter_card":"summary_large_image","twitter_misc":{"Scritto da":"Riccardo Bianchi","Tempo di lettura stimato":"4 minuti"},"schema":{"@context":"https:\/\/schema.org","@graph":[{"@type":"Article","@id":"https:\/\/www.retedeldono.it\/magazine\/maratone-solidali-runner-video\/#article","isPartOf":{"@id":"https:\/\/www.retedeldono.it\/magazine\/maratone-solidali-runner-video\/"},"author":{"name":"Riccardo Bianchi","@id":"https:\/\/www.retedeldono.it\/magazine\/#\/schema\/person\/3d2783baf04cde81fdc5b7ae9f4e9e7b"},"headline":"Maratone Solidali si riparte. 1^tappa: il video","datePublished":"2023-01-12T11:01:49+00:00","dateModified":"2023-05-05T11:43:09+00:00","mainEntityOfPage":{"@id":"https:\/\/www.retedeldono.it\/magazine\/maratone-solidali-runner-video\/"},"wordCount":662,"commentCount":0,"image":{"@id":"https:\/\/www.retedeldono.it\/magazine\/maratone-solidali-runner-video\/#primaryimage"},"thumbnailUrl":"https:\/\/magazine.retedeldono.it\/wp-content\/uploads\/2023\/01\/rete-del-dono-maratone-solidali.jpg","articleSection":["Fundraising"],"inLanguage":"it-IT","potentialAction":[{"@type":"CommentAction","name":"Comment","target":["https:\/\/www.retedeldono.it\/magazine\/maratone-solidali-runner-video\/#respond"]}]},{"@type":"WebPage","@id":"https:\/\/www.retedeldono.it\/magazine\/maratone-solidali-runner-video\/","url":"https:\/\/www.retedeldono.it\/magazine\/maratone-solidali-runner-video\/","name":"Maratone Solidali si riparte. 1^tappa: il video","isPartOf":{"@id":"https:\/\/www.retedeldono.it\/magazine\/#website"},"primaryImageOfPage":{"@id":"https:\/\/www.retedeldono.it\/magazine\/maratone-solidali-runner-video\/#primaryimage"},"image":{"@id":"https:\/\/www.retedeldono.it\/magazine\/maratone-solidali-runner-video\/#primaryimage"},"thumbnailUrl":"https:\/\/magazine.retedeldono.it\/wp-content\/uploads\/2023\/01\/rete-del-dono-maratone-solidali.jpg","datePublished":"2023-01-12T11:01:49+00:00","dateModified":"2023-05-05T11:43:09+00:00","author":{"@id":"https:\/\/www.retedeldono.it\/magazine\/#\/schema\/person\/3d2783baf04cde81fdc5b7ae9f4e9e7b"},"description":"Per un runner solidale, i video sono la strategia pi\u00f9 facile per appassionare amici e conoscenti alla sua corsa. Ecco come farli.","breadcrumb":{"@id":"https:\/\/www.retedeldono.it\/magazine\/maratone-solidali-runner-video\/#breadcrumb"},"inLanguage":"it-IT","potentialAction":[{"@type":"ReadAction","target":["https:\/\/www.retedeldono.it\/magazine\/maratone-solidali-runner-video\/"]}]},{"@type":"ImageObject","inLanguage":"it-IT","@id":"https:\/\/www.retedeldono.it\/magazine\/maratone-solidali-runner-video\/#primaryimage","url":"https:\/\/magazine.retedeldono.it\/wp-content\/uploads\/2023\/01\/rete-del-dono-maratone-solidali.jpg","contentUrl":"https:\/\/magazine.retedeldono.it\/wp-content\/uploads\/2023\/01\/rete-del-dono-maratone-solidali.jpg","width":1000,"height":700,"caption":"rete-del-dono-maratone-solidali"},{"@type":"BreadcrumbList","@id":"https:\/\/www.retedeldono.it\/magazine\/maratone-solidali-runner-video\/#breadcrumb","itemListElement":[{"@type":"ListItem","position":1,"name":"Home","item":"https:\/\/www.retedeldono.it\/magazine\/"},{"@type":"ListItem","position":2,"name":"Maratone Solidali si riparte. 1^tappa: il video"}]},{"@type":"WebSite","@id":"https:\/\/www.retedeldono.it\/magazine\/#website","url":"https:\/\/www.retedeldono.it\/magazine\/","name":"Rete del Dono Magazine","description":"Rete del Dono Magazine","potentialAction":[{"@type":"SearchAction","target":{"@type":"EntryPoint","urlTemplate":"https:\/\/www.retedeldono.it\/magazine\/?s={search_term_string}"},"query-input":{"@type":"PropertyValueSpecification","valueRequired":true,"valueName":"search_term_string"}}],"inLanguage":"it-IT"},{"@type":"Person","@id":"https:\/\/www.retedeldono.it\/magazine\/#\/schema\/person\/3d2783baf04cde81fdc5b7ae9f4e9e7b","name":"Riccardo Bianchi","image":{"@type":"ImageObject","inLanguage":"it-IT","@id":"https:\/\/secure.gravatar.com\/avatar\/09576b5c3adb3cd7ff257b3dd52d99bdf4d1a68f623e65b14a3da4ef74907267?s=96&d=mm&r=g","url":"https:\/\/secure.gravatar.com\/avatar\/09576b5c3adb3cd7ff257b3dd52d99bdf4d1a68f623e65b14a3da4ef74907267?s=96&d=mm&r=g","contentUrl":"https:\/\/secure.gravatar.com\/avatar\/09576b5c3adb3cd7ff257b3dd52d99bdf4d1a68f623e65b14a3da4ef74907267?s=96&d=mm&r=g","caption":"Riccardo Bianchi"},"description":"Digital Marketing Manager presso Fps Lab, passato da giornalista professionista e futuro da portiere di serie A. Appassionato di digital e non profit.","url":"https:\/\/www.retedeldono.it\/magazine\/author\/riccardo-bianchi\/"}]}},"_links":{"self":[{"href":"https:\/\/www.retedeldono.it\/magazine\/wp-json\/wp\/v2\/posts\/1943","targetHints":{"allow":["GET"]}}],"collection":[{"href":"https:\/\/www.retedeldono.it\/magazine\/wp-json\/wp\/v2\/posts"}],"about":[{"href":"https:\/\/www.retedeldono.it\/magazine\/wp-json\/wp\/v2\/types\/post"}],"author":[{"embeddable":true,"href":"https:\/\/www.retedeldono.it\/magazine\/wp-json\/wp\/v2\/users\/8"}],"replies":[{"embeddable":true,"href":"https:\/\/www.retedeldono.it\/magazine\/wp-json\/wp\/v2\/comments?post=1943"}],"version-history":[{"count":0,"href":"https:\/\/www.retedeldono.it\/magazine\/wp-json\/wp\/v2\/posts\/1943\/revisions"}],"wp:featuredmedia":[{"embeddable":true,"href":"https:\/\/www.retedeldono.it\/magazine\/wp-json\/wp\/v2\/media\/1950"}],"wp:attachment":[{"href":"https:\/\/www.retedeldono.it\/magazine\/wp-json\/wp\/v2\/media?parent=1943"}],"wp:term":[{"taxonomy":"category","embeddable":true,"href":"https:\/\/www.retedeldono.it\/magazine\/wp-json\/wp\/v2\/categories?post=1943"},{"taxonomy":"post_tag","embeddable":true,"href":"https:\/\/www.retedeldono.it\/magazine\/wp-json\/wp\/v2\/tags?post=1943"}],"curies":[{"name":"wp","href":"https:\/\/api.w.org\/{rel}","templated":true}]}}