{"id":1991,"date":"2023-02-09T08:00:00","date_gmt":"2023-02-09T08:00:00","guid":{"rendered":"https:\/\/www.retedeldono.it\/magazine\/?p=1991"},"modified":"2023-02-23T16:15:26","modified_gmt":"2023-02-23T16:15:26","slug":"in-bicicletta-sulle-ande-per-admo-piemonte","status":"publish","type":"post","link":"https:\/\/www.retedeldono.it\/magazine\/in-bicicletta-sulle-ande-per-admo-piemonte\/","title":{"rendered":"In bicicletta sulle Ande per ADMO Piemonte"},"content":{"rendered":"\r\n<p><strong>Da Cuzco ad Antofagasta<\/strong> in bicicletta, spinti da un motore ibrido. Quello di muscoli e quello emotivo delle tante persone che dall\u2019Italia seguivano il loro viaggio. Cos\u00ec <strong>Stefano Pazzano<\/strong> descrive l\u2019impresa solidale compiuta insieme a <strong>Barbara, Giovanni, Massimo e Lorena<\/strong>. Cinque amici che con le loro gambe e il loro impegno in prima persona <a href=\"https:\/\/www.retedeldono.it\/en\/iniziative\/barbara-giovanni-massimo-stefano-lorena.per-admo\/admo-sempre-pi%C3%B9-lontano-insieme-a-noi\"><strong>hanno portato lontano ADMO Piemonte<\/strong><\/a> con un\u2019altra <a href=\"https:\/\/www.retedeldono.it\/magazine\/raccogliere-fondi-bicicletta\/\"><strong>raccolta fondi sulle due ruote<\/strong><\/a> che ha superato ogni aspettativa.<\/p>\r\n\r\n\r\n\r\n<h2 class=\"wp-block-heading\">Duemila chilometri di avventura<\/h2>\r\n\r\n\r\n\r\n<p>Stefano e Massimo avevano nel mirino le Ande gi\u00e0 da un po\u2019 di tempo. \u201cIl Covid aveva interrotto a met\u00e0 un tour tra Bolivia e Per\u00f9 e volevamo assolutamente completarlo\u201d racconta Stefano. Ad essi si sono aggregati gli altri, per un obiettivo davvero impegnativo: 2.000 chilometri che hanno percorso dall\u201911 novembre al 12 dicembre scorsi. &#8220;\u00c8 stata la prima volta che abbiamo pedalato insieme e il primissimo viaggio estremo per Lorena, la pi\u00f9 giovane. L\u2019idea di legarvi una raccolta fondi \u00e8 stata di Barbara e Giovanni, che lo avevano gi\u00e0 fatto in passato\u201d.<\/p>\r\n\r\n\r\n\r\n<h2 class=\"wp-block-heading\">Rossano e la nascita di ADMO<\/h2>\r\n\r\n\r\n\r\n<p>La scelta dell\u2019Admo \u00e8 stata spontanea dato che Massimo era collega di Rossano Bella, dalle cui ultime volont\u00e0 nacque l&#8217;ADMO italiana. Rossano infatti si ammal\u00f2 di leucemia nel 1987 e mor\u00ec in attesa di un trapianto che, in mancanza di una banca dati donatori italiana, era stato molto lungo e difficile individuare. Ad oggi ADMO ha reso possibile oltre 5.000 donazioni, ma si riscontra compatibilit\u00e0 una volta ogni 120.000. &#8220;Ecco perch\u00e9 \u00e8 essenziale avere un database vastissimo e perch\u00e9 abbiamo deciso di sostenere il &#8216;Progetto Scuole di ADMO&#8217;, che sensibilizza studenti e studentesse di scuole superiori e universit\u00e0&#8221;.<\/p>\r\n\r\n\r\n\r\n<h2 class=\"wp-block-heading\">L\u2019importanza della collaborazione con ADMO<\/h2>\r\n\r\n\r\n\r\n<p>La collaborazione da parte di ADMO \u00e8 stata fondamentale. \u201cInnanzitutto ci hanno dato retta, cosa non scontata data la grandezza dell\u2019organizzazione. E poi ci hanno supportato nella serata inaugurale \u2018scomodando\u2019 addirittura il Presidente e ci hanno accompagnato in aeroporto il giorno della partenza\u201d. Non da ultimo, hanno aperto il profilo su Rete del Dono proprio su richiesta dei ciclisti fundraiser. \u201cNon l\u2019avevo mai usato, ma \u00e8 stato un contenitore insostituibile e molto funzionale. Ora, per una campagna di crowdfunding, non saprei pi\u00f9 farne senza\u201d.<\/p>\r\n\r\n\r\n\r\n<h2 class=\"wp-block-heading\">In contatto costante con i donatori<\/h2>\r\n\r\n\r\n\r\n<p>Tra le funzionalit\u00e0 della piattaforma che hanno aiutato di pi\u00f9 Stefano e compagni c\u2019\u00e8 la possibilit\u00e0 di aggiungere contenuti e ringraziare in tempo reale i donatori. \u201cDurante il viaggio, soprattutto nelle tappe pi\u00f9 faticose, vedere i messaggi di chi ci seguiva da casa \u00e8 stato uno sprone forte. Loro donando stavano facendo la propria parte e noi sentivamo la responsabilit\u00e0 di fare la nostra!\u201d. Tra le donazioni pi\u00f9 apprezzate, quelle di un donatore e un ricevente di midollo osseo che erano intervenuti alla serata di lancio, oltre che quella molto generosa che ha permesso di centrare il loro secondo obiettivo di raccolta.<\/p>\r\n\r\n\r\n\r\n<h2 class=\"wp-block-heading\">La forza dei gruppi broadcast di WhatsApp<\/h2>\r\n\r\n\r\n\r\n<p>Il primo obiettivo infatti, posto a 2.000 euro (1 euro a km), era stato incredibilmente raggiunto ancor prima della partenza. \u201cQuesto ci ha spinto a raddoppiare le nostre ambizioni e abbiamo superato i 4.000 euro raccolti. Questo grazie ad oltre 100 donatori, quasi tutti persone delle nostre cerchie che ci conoscono e si fidano di noi. Ognuno di noi ha creato dei gruppi broadcast su WhatsApp che, accanto alla <strong>pagina Facebook <\/strong><a href=\"https:\/\/www.facebook.com\/71Parallelo\/\"><strong>71\u2019 parallelo<\/strong><\/a>, sono stati i veri canali di comunicazione. Poi \u00e8 bastato il passaparola\u201d. Ora ci sar\u00e0 anche la serata finale, dove Stefano e soci presenteranno il video del viaggio e chiss\u00e0 che la cifra non si arrotondi ancora un po\u2019.<\/p>\r\n","protected":false},"excerpt":{"rendered":"<p>Da Cuzco ad Antofagasta in bicicletta, spinti da un motore ibrido. Quello di muscoli e quello emotivo delle tante persone che dall\u2019Italia seguivano il loro viaggio. Cos\u00ec Stefano Pazzano descrive&#8230;<\/p>\n","protected":false},"author":7,"featured_media":1977,"comment_status":"open","ping_status":"open","sticky":false,"template":"","format":"standard","meta":{"_acf_changed":false,"footnotes":""},"categories":[17],"tags":[],"class_list":{"0":"post-1991","1":"post","2":"type-post","3":"status-publish","4":"format-standard","5":"has-post-thumbnail","7":"category-fundraising"},"acf":{"homepage_rdd":false},"yoast_head":"<!-- This site is optimized with the Yoast SEO plugin v27.5 - https:\/\/yoast.com\/product\/yoast-seo-wordpress\/ -->\n<title>In bicicletta sulle Ande per ADMO Piemonte - Rete del Dono<\/title>\n<meta name=\"description\" content=\"Cinque amici in sella a una bicicletta hanno portato lontano ADMO Piemonte, con un&#039;altra raccolta fondi che ha superato le aspettative.\" \/>\n<meta name=\"robots\" content=\"index, follow, max-snippet:-1, max-image-preview:large, max-video-preview:-1\" \/>\n<link rel=\"canonical\" href=\"https:\/\/www.retedeldono.it\/magazine\/in-bicicletta-sulle-ande-per-admo-piemonte\/\" \/>\n<meta property=\"og:locale\" content=\"it_IT\" \/>\n<meta property=\"og:type\" content=\"article\" \/>\n<meta property=\"og:title\" content=\"In bicicletta sulle Ande per ADMO Piemonte\" \/>\n<meta property=\"og:description\" content=\"Cinque amici in sella a una bicicletta hanno portato lontano ADMO Piemonte, con un&#039;altra raccolta fondi che ha superato le aspettative.\" \/>\n<meta property=\"og:url\" content=\"https:\/\/www.retedeldono.it\/magazine\/in-bicicletta-sulle-ande-per-admo-piemonte\/\" \/>\n<meta property=\"og:site_name\" content=\"Rete del Dono Magazine\" \/>\n<meta property=\"article:publisher\" content=\"https:\/\/www.facebook.com\/retedeldono\/\" \/>\n<meta property=\"article:published_time\" content=\"2023-02-09T08:00:00+00:00\" \/>\n<meta property=\"article:modified_time\" content=\"2023-02-23T16:15:26+00:00\" \/>\n<meta property=\"og:image\" content=\"https:\/\/magazine.retedeldono.it\/wp-content\/uploads\/2023\/01\/Admo_andes.jpg\" \/>\n\t<meta property=\"og:image:width\" content=\"1000\" \/>\n\t<meta property=\"og:image:height\" content=\"700\" \/>\n\t<meta property=\"og:image:type\" content=\"image\/jpeg\" \/>\n<meta name=\"author\" content=\"Aldo Lubrani\" \/>\n<meta name=\"twitter:card\" content=\"summary_large_image\" \/>\n<meta name=\"twitter:title\" content=\"In bicicletta sulle Ande per ADMO Piemonte\" \/>\n<meta name=\"twitter:description\" content=\"Cinque amici in sella a una bicicletta hanno portato lontano ADMO Piemonte, con un&#039;altra raccolta fondi che ha superato le aspettative.\" \/>\n<meta name=\"twitter:image\" content=\"https:\/\/magazine.retedeldono.it\/wp-content\/uploads\/2023\/01\/Admo_andes.jpg\" \/>\n<meta name=\"twitter:label1\" content=\"Scritto da\" \/>\n\t<meta name=\"twitter:data1\" content=\"Aldo Lubrani\" \/>\n\t<meta name=\"twitter:label2\" content=\"Tempo di lettura stimato\" \/>\n\t<meta name=\"twitter:data2\" content=\"4 minuti\" \/>\n<script type=\"application\/ld+json\" class=\"yoast-schema-graph\">{\"@context\":\"https:\\\/\\\/schema.org\",\"@graph\":[{\"@type\":\"Article\",\"@id\":\"https:\\\/\\\/www.retedeldono.it\\\/magazine\\\/in-bicicletta-sulle-ande-per-admo-piemonte\\\/#article\",\"isPartOf\":{\"@id\":\"https:\\\/\\\/www.retedeldono.it\\\/magazine\\\/in-bicicletta-sulle-ande-per-admo-piemonte\\\/\"},\"author\":{\"name\":\"Aldo Lubrani\",\"@id\":\"https:\\\/\\\/www.retedeldono.it\\\/magazine\\\/#\\\/schema\\\/person\\\/19118fc3b527ea22d276cc2b446f7353\"},\"headline\":\"In bicicletta sulle Ande per ADMO Piemonte\",\"datePublished\":\"2023-02-09T08:00:00+00:00\",\"dateModified\":\"2023-02-23T16:15:26+00:00\",\"mainEntityOfPage\":{\"@id\":\"https:\\\/\\\/www.retedeldono.it\\\/magazine\\\/in-bicicletta-sulle-ande-per-admo-piemonte\\\/\"},\"wordCount\":586,\"commentCount\":0,\"image\":{\"@id\":\"https:\\\/\\\/www.retedeldono.it\\\/magazine\\\/in-bicicletta-sulle-ande-per-admo-piemonte\\\/#primaryimage\"},\"thumbnailUrl\":\"https:\\\/\\\/magazine.retedeldono.it\\\/wp-content\\\/uploads\\\/2023\\\/01\\\/Admo_andes.jpg\",\"articleSection\":[\"Fundraising\"],\"inLanguage\":\"it-IT\",\"potentialAction\":[{\"@type\":\"CommentAction\",\"name\":\"Comment\",\"target\":[\"https:\\\/\\\/www.retedeldono.it\\\/magazine\\\/in-bicicletta-sulle-ande-per-admo-piemonte\\\/#respond\"]}]},{\"@type\":\"WebPage\",\"@id\":\"https:\\\/\\\/www.retedeldono.it\\\/magazine\\\/in-bicicletta-sulle-ande-per-admo-piemonte\\\/\",\"url\":\"https:\\\/\\\/www.retedeldono.it\\\/magazine\\\/in-bicicletta-sulle-ande-per-admo-piemonte\\\/\",\"name\":\"In bicicletta sulle Ande per ADMO Piemonte - Rete del Dono\",\"isPartOf\":{\"@id\":\"https:\\\/\\\/www.retedeldono.it\\\/magazine\\\/#website\"},\"primaryImageOfPage\":{\"@id\":\"https:\\\/\\\/www.retedeldono.it\\\/magazine\\\/in-bicicletta-sulle-ande-per-admo-piemonte\\\/#primaryimage\"},\"image\":{\"@id\":\"https:\\\/\\\/www.retedeldono.it\\\/magazine\\\/in-bicicletta-sulle-ande-per-admo-piemonte\\\/#primaryimage\"},\"thumbnailUrl\":\"https:\\\/\\\/magazine.retedeldono.it\\\/wp-content\\\/uploads\\\/2023\\\/01\\\/Admo_andes.jpg\",\"datePublished\":\"2023-02-09T08:00:00+00:00\",\"dateModified\":\"2023-02-23T16:15:26+00:00\",\"author\":{\"@id\":\"https:\\\/\\\/www.retedeldono.it\\\/magazine\\\/#\\\/schema\\\/person\\\/19118fc3b527ea22d276cc2b446f7353\"},\"description\":\"Cinque amici in sella a una bicicletta hanno portato lontano ADMO Piemonte, con un'altra raccolta fondi che ha superato le aspettative.\",\"breadcrumb\":{\"@id\":\"https:\\\/\\\/www.retedeldono.it\\\/magazine\\\/in-bicicletta-sulle-ande-per-admo-piemonte\\\/#breadcrumb\"},\"inLanguage\":\"it-IT\",\"potentialAction\":[{\"@type\":\"ReadAction\",\"target\":[\"https:\\\/\\\/www.retedeldono.it\\\/magazine\\\/in-bicicletta-sulle-ande-per-admo-piemonte\\\/\"]}]},{\"@type\":\"ImageObject\",\"inLanguage\":\"it-IT\",\"@id\":\"https:\\\/\\\/www.retedeldono.it\\\/magazine\\\/in-bicicletta-sulle-ande-per-admo-piemonte\\\/#primaryimage\",\"url\":\"https:\\\/\\\/magazine.retedeldono.it\\\/wp-content\\\/uploads\\\/2023\\\/01\\\/Admo_andes.jpg\",\"contentUrl\":\"https:\\\/\\\/magazine.retedeldono.it\\\/wp-content\\\/uploads\\\/2023\\\/01\\\/Admo_andes.jpg\",\"width\":1000,\"height\":700,\"caption\":\"Admo-Piemonte\"},{\"@type\":\"BreadcrumbList\",\"@id\":\"https:\\\/\\\/www.retedeldono.it\\\/magazine\\\/in-bicicletta-sulle-ande-per-admo-piemonte\\\/#breadcrumb\",\"itemListElement\":[{\"@type\":\"ListItem\",\"position\":1,\"name\":\"Home\",\"item\":\"https:\\\/\\\/www.retedeldono.it\\\/magazine\\\/\"},{\"@type\":\"ListItem\",\"position\":2,\"name\":\"In bicicletta sulle Ande per ADMO Piemonte\"}]},{\"@type\":\"WebSite\",\"@id\":\"https:\\\/\\\/www.retedeldono.it\\\/magazine\\\/#website\",\"url\":\"https:\\\/\\\/www.retedeldono.it\\\/magazine\\\/\",\"name\":\"Rete del Dono Magazine\",\"description\":\"Rete del Dono Magazine\",\"potentialAction\":[{\"@type\":\"SearchAction\",\"target\":{\"@type\":\"EntryPoint\",\"urlTemplate\":\"https:\\\/\\\/www.retedeldono.it\\\/magazine\\\/?s={search_term_string}\"},\"query-input\":{\"@type\":\"PropertyValueSpecification\",\"valueRequired\":true,\"valueName\":\"search_term_string\"}}],\"inLanguage\":\"it-IT\"},{\"@type\":\"Person\",\"@id\":\"https:\\\/\\\/www.retedeldono.it\\\/magazine\\\/#\\\/schema\\\/person\\\/19118fc3b527ea22d276cc2b446f7353\",\"name\":\"Aldo Lubrani\",\"image\":{\"@type\":\"ImageObject\",\"inLanguage\":\"it-IT\",\"@id\":\"https:\\\/\\\/secure.gravatar.com\\\/avatar\\\/e948991b445298d4342a4a232b29e90adbf8a4af10151e265f6e6f3e9a10f68c?s=96&d=mm&r=g\",\"url\":\"https:\\\/\\\/secure.gravatar.com\\\/avatar\\\/e948991b445298d4342a4a232b29e90adbf8a4af10151e265f6e6f3e9a10f68c?s=96&d=mm&r=g\",\"contentUrl\":\"https:\\\/\\\/secure.gravatar.com\\\/avatar\\\/e948991b445298d4342a4a232b29e90adbf8a4af10151e265f6e6f3e9a10f68c?s=96&d=mm&r=g\",\"caption\":\"Aldo Lubrani\"},\"description\":\"Laureato con lode in Relazioni Internazionali presso Universit\u00e0 degli studi Roma Tre, Master in Europrogettazione presso Europa Business School di Bologna. Google Digital Training Certificate. Lavoro da anni nel settore Digital, Fundraising e Non Profit. Su Rete del Dono ricopro il ruolo di Project Manager nell'ambito Comunicazione, Digital e Personal Fundraising. Appassionato di viaggi, natura, pittura.\",\"sameAs\":[\"https:\\\/\\\/www.retedeldono.it\"],\"url\":\"https:\\\/\\\/www.retedeldono.it\\\/magazine\\\/author\\\/aldo-lubrani\\\/\"}]}<\/script>\n<!-- \/ Yoast SEO plugin. -->","yoast_head_json":{"title":"In bicicletta sulle Ande per ADMO Piemonte - Rete del Dono","description":"Cinque amici in sella a una bicicletta hanno portato lontano ADMO Piemonte, con un'altra raccolta fondi che ha superato le aspettative.","robots":{"index":"index","follow":"follow","max-snippet":"max-snippet:-1","max-image-preview":"max-image-preview:large","max-video-preview":"max-video-preview:-1"},"canonical":"https:\/\/www.retedeldono.it\/magazine\/in-bicicletta-sulle-ande-per-admo-piemonte\/","og_locale":"it_IT","og_type":"article","og_title":"In bicicletta sulle Ande per ADMO Piemonte","og_description":"Cinque amici in sella a una bicicletta hanno portato lontano ADMO Piemonte, con un'altra raccolta fondi che ha superato le aspettative.","og_url":"https:\/\/www.retedeldono.it\/magazine\/in-bicicletta-sulle-ande-per-admo-piemonte\/","og_site_name":"Rete del Dono Magazine","article_publisher":"https:\/\/www.facebook.com\/retedeldono\/","article_published_time":"2023-02-09T08:00:00+00:00","article_modified_time":"2023-02-23T16:15:26+00:00","og_image":[{"width":1000,"height":700,"url":"https:\/\/magazine.retedeldono.it\/wp-content\/uploads\/2023\/01\/Admo_andes.jpg","type":"image\/jpeg"}],"author":"Aldo Lubrani","twitter_card":"summary_large_image","twitter_title":"In bicicletta sulle Ande per ADMO Piemonte","twitter_description":"Cinque amici in sella a una bicicletta hanno portato lontano ADMO Piemonte, con un'altra raccolta fondi che ha superato le aspettative.","twitter_image":"https:\/\/magazine.retedeldono.it\/wp-content\/uploads\/2023\/01\/Admo_andes.jpg","twitter_misc":{"Scritto da":"Aldo Lubrani","Tempo di lettura stimato":"4 minuti"},"schema":{"@context":"https:\/\/schema.org","@graph":[{"@type":"Article","@id":"https:\/\/www.retedeldono.it\/magazine\/in-bicicletta-sulle-ande-per-admo-piemonte\/#article","isPartOf":{"@id":"https:\/\/www.retedeldono.it\/magazine\/in-bicicletta-sulle-ande-per-admo-piemonte\/"},"author":{"name":"Aldo Lubrani","@id":"https:\/\/www.retedeldono.it\/magazine\/#\/schema\/person\/19118fc3b527ea22d276cc2b446f7353"},"headline":"In bicicletta sulle Ande per ADMO Piemonte","datePublished":"2023-02-09T08:00:00+00:00","dateModified":"2023-02-23T16:15:26+00:00","mainEntityOfPage":{"@id":"https:\/\/www.retedeldono.it\/magazine\/in-bicicletta-sulle-ande-per-admo-piemonte\/"},"wordCount":586,"commentCount":0,"image":{"@id":"https:\/\/www.retedeldono.it\/magazine\/in-bicicletta-sulle-ande-per-admo-piemonte\/#primaryimage"},"thumbnailUrl":"https:\/\/magazine.retedeldono.it\/wp-content\/uploads\/2023\/01\/Admo_andes.jpg","articleSection":["Fundraising"],"inLanguage":"it-IT","potentialAction":[{"@type":"CommentAction","name":"Comment","target":["https:\/\/www.retedeldono.it\/magazine\/in-bicicletta-sulle-ande-per-admo-piemonte\/#respond"]}]},{"@type":"WebPage","@id":"https:\/\/www.retedeldono.it\/magazine\/in-bicicletta-sulle-ande-per-admo-piemonte\/","url":"https:\/\/www.retedeldono.it\/magazine\/in-bicicletta-sulle-ande-per-admo-piemonte\/","name":"In bicicletta sulle Ande per ADMO Piemonte - Rete del Dono","isPartOf":{"@id":"https:\/\/www.retedeldono.it\/magazine\/#website"},"primaryImageOfPage":{"@id":"https:\/\/www.retedeldono.it\/magazine\/in-bicicletta-sulle-ande-per-admo-piemonte\/#primaryimage"},"image":{"@id":"https:\/\/www.retedeldono.it\/magazine\/in-bicicletta-sulle-ande-per-admo-piemonte\/#primaryimage"},"thumbnailUrl":"https:\/\/magazine.retedeldono.it\/wp-content\/uploads\/2023\/01\/Admo_andes.jpg","datePublished":"2023-02-09T08:00:00+00:00","dateModified":"2023-02-23T16:15:26+00:00","author":{"@id":"https:\/\/www.retedeldono.it\/magazine\/#\/schema\/person\/19118fc3b527ea22d276cc2b446f7353"},"description":"Cinque amici in sella a una bicicletta hanno portato lontano ADMO Piemonte, con un'altra raccolta fondi che ha superato le aspettative.","breadcrumb":{"@id":"https:\/\/www.retedeldono.it\/magazine\/in-bicicletta-sulle-ande-per-admo-piemonte\/#breadcrumb"},"inLanguage":"it-IT","potentialAction":[{"@type":"ReadAction","target":["https:\/\/www.retedeldono.it\/magazine\/in-bicicletta-sulle-ande-per-admo-piemonte\/"]}]},{"@type":"ImageObject","inLanguage":"it-IT","@id":"https:\/\/www.retedeldono.it\/magazine\/in-bicicletta-sulle-ande-per-admo-piemonte\/#primaryimage","url":"https:\/\/magazine.retedeldono.it\/wp-content\/uploads\/2023\/01\/Admo_andes.jpg","contentUrl":"https:\/\/magazine.retedeldono.it\/wp-content\/uploads\/2023\/01\/Admo_andes.jpg","width":1000,"height":700,"caption":"Admo-Piemonte"},{"@type":"BreadcrumbList","@id":"https:\/\/www.retedeldono.it\/magazine\/in-bicicletta-sulle-ande-per-admo-piemonte\/#breadcrumb","itemListElement":[{"@type":"ListItem","position":1,"name":"Home","item":"https:\/\/www.retedeldono.it\/magazine\/"},{"@type":"ListItem","position":2,"name":"In bicicletta sulle Ande per ADMO Piemonte"}]},{"@type":"WebSite","@id":"https:\/\/www.retedeldono.it\/magazine\/#website","url":"https:\/\/www.retedeldono.it\/magazine\/","name":"Rete del Dono Magazine","description":"Rete del Dono Magazine","potentialAction":[{"@type":"SearchAction","target":{"@type":"EntryPoint","urlTemplate":"https:\/\/www.retedeldono.it\/magazine\/?s={search_term_string}"},"query-input":{"@type":"PropertyValueSpecification","valueRequired":true,"valueName":"search_term_string"}}],"inLanguage":"it-IT"},{"@type":"Person","@id":"https:\/\/www.retedeldono.it\/magazine\/#\/schema\/person\/19118fc3b527ea22d276cc2b446f7353","name":"Aldo Lubrani","image":{"@type":"ImageObject","inLanguage":"it-IT","@id":"https:\/\/secure.gravatar.com\/avatar\/e948991b445298d4342a4a232b29e90adbf8a4af10151e265f6e6f3e9a10f68c?s=96&d=mm&r=g","url":"https:\/\/secure.gravatar.com\/avatar\/e948991b445298d4342a4a232b29e90adbf8a4af10151e265f6e6f3e9a10f68c?s=96&d=mm&r=g","contentUrl":"https:\/\/secure.gravatar.com\/avatar\/e948991b445298d4342a4a232b29e90adbf8a4af10151e265f6e6f3e9a10f68c?s=96&d=mm&r=g","caption":"Aldo Lubrani"},"description":"Laureato con lode in Relazioni Internazionali presso Universit\u00e0 degli studi Roma Tre, Master in Europrogettazione presso Europa Business School di Bologna. Google Digital Training Certificate. Lavoro da anni nel settore Digital, Fundraising e Non Profit. Su Rete del Dono ricopro il ruolo di Project Manager nell'ambito Comunicazione, Digital e Personal Fundraising. Appassionato di viaggi, natura, pittura.","sameAs":["https:\/\/www.retedeldono.it"],"url":"https:\/\/www.retedeldono.it\/magazine\/author\/aldo-lubrani\/"}]}},"_links":{"self":[{"href":"https:\/\/www.retedeldono.it\/magazine\/wp-json\/wp\/v2\/posts\/1991","targetHints":{"allow":["GET"]}}],"collection":[{"href":"https:\/\/www.retedeldono.it\/magazine\/wp-json\/wp\/v2\/posts"}],"about":[{"href":"https:\/\/www.retedeldono.it\/magazine\/wp-json\/wp\/v2\/types\/post"}],"author":[{"embeddable":true,"href":"https:\/\/www.retedeldono.it\/magazine\/wp-json\/wp\/v2\/users\/7"}],"replies":[{"embeddable":true,"href":"https:\/\/www.retedeldono.it\/magazine\/wp-json\/wp\/v2\/comments?post=1991"}],"version-history":[{"count":0,"href":"https:\/\/www.retedeldono.it\/magazine\/wp-json\/wp\/v2\/posts\/1991\/revisions"}],"wp:featuredmedia":[{"embeddable":true,"href":"https:\/\/www.retedeldono.it\/magazine\/wp-json\/wp\/v2\/media\/1977"}],"wp:attachment":[{"href":"https:\/\/www.retedeldono.it\/magazine\/wp-json\/wp\/v2\/media?parent=1991"}],"wp:term":[{"taxonomy":"category","embeddable":true,"href":"https:\/\/www.retedeldono.it\/magazine\/wp-json\/wp\/v2\/categories?post=1991"},{"taxonomy":"post_tag","embeddable":true,"href":"https:\/\/www.retedeldono.it\/magazine\/wp-json\/wp\/v2\/tags?post=1991"}],"curies":[{"name":"wp","href":"https:\/\/api.w.org\/{rel}","templated":true}]}}