{"id":2008,"date":"2023-02-02T08:00:00","date_gmt":"2023-02-02T08:00:00","guid":{"rendered":"https:\/\/www.retedeldono.it\/magazine\/?p=2008"},"modified":"2023-02-16T15:26:06","modified_gmt":"2023-02-16T15:26:06","slug":"personal-fundraiser-in-prima-linea-per-la-giornata-mondiale-contro-il-cancro","status":"publish","type":"post","link":"https:\/\/www.retedeldono.it\/magazine\/personal-fundraiser-in-prima-linea-per-la-giornata-mondiale-contro-il-cancro\/","title":{"rendered":"Personal fundraiser in prima linea per la Giornata mondiale contro il cancro"},"content":{"rendered":"\r\n<p>Il <strong>4 febbraio<\/strong> prossimo, per il ventitreesimo anno, si celebra la <a href=\"https:\/\/www.worldcancerday.org\/\" target=\"_blank\" rel=\"noreferrer noopener\"><strong>Giornata Mondiale per la Ricerca contro il Cancro<\/strong><\/a>. Un\u2019occasione per prendere consapevolezza dell\u2019impatto di questa malattia e per riflettere su cosa ognuno possa fare per combatterla. E i <a href=\"https:\/\/www.retedeldono.it\/magazine\/personal-fundraising\/\" target=\"_blank\" rel=\"noreferrer noopener\"><strong>Personal Fundraiser<\/strong><\/a> sembrano saperlo bene: sono sempre di pi\u00f9 infatti le raccolte fondi personali attivate da singoli per sostenere le cure di persone che stanno lottando contro un tumore.<\/p>\r\n\r\n\r\n\r\n<h2 class=\"wp-block-heading\">Gerardo per l\u2019amica Manuela<\/h2>\r\n\r\n\r\n\r\n<p>Ogni storia di malattia ha attorno a s\u00e9 una comunit\u00e0 di persone pronte ad attivarsi per sostenerla. Come quella di <strong>Manuela<\/strong>, colpita nel 2020 da un carcinoma mammario metastatico. Per lei i medici dello <strong>IEO<\/strong> hanno individuato un\u2019unica speranza: accedere a un nuovo farmaco sperimentale. La cura completa per\u00f2 costa 200mila euro: per questo, nel giro di una settimana dalla notizia, <strong>Gerardo Di Benedetto<\/strong> ha lanciato <a href=\"https:\/\/www.retedeldono.it\/it\/iniziative\/fondazione-ieo-monzino-ets\/gerardo.di-benedetto\/aiutiamo-mamma-manuela\" target=\"_blank\" rel=\"noreferrer noopener\"><strong>Aiutiamo Mamma Manuela<\/strong><\/a>. \u201cMai avrei pensato di diventare Personal Fundraiser, ma per lei non ci ho pensato due volte. Non so se riusciremo a raccogliere quella cifra, ma noi persone vicine a Manuela sentiamo una determinazione in pi\u00f9, stiamo facendo di tutto. Dovremmo dare noi a lei la forza di andare avanti e invece \u00e8 lei che la d\u00e0 a noi\u201d.<\/p>\r\n\r\n\r\n\r\n<h3 class=\"wp-block-heading\">Tanta motivazione in pi\u00f9<\/h3>\r\n\r\n\r\n\r\n<p>Impegnarsi in prima linea per una persona cara che si vede quotidianamente fa davvero la differenza. \u00c8 per\u00f2 anche un incentivo per chi dona: sostenere la ricerca \u00e8 una call to action pi\u00f9 fredda rispetto a sostenere qualcuno. \u201cIo semplicemente parlo di lei, racconto la sua storia e questo \u00e8 un gancio fortissimo: anche chi non ha vissuto da vicino un\u2019esperienza di malattia, si rivede in lei come donna innamorata della vita, come madre, come moglie. Poi Rete del Dono, consigliatami da un amico, sta facendo il resto occupandosi di tutte le incombenze burocratiche legate a una raccolta fondi e semplificando il processo di donazione\u201d.<\/p>\r\n\r\n\r\n\r\n<h3 class=\"wp-block-heading\">Una raccolta analogica<\/h3>\r\n\r\n\r\n\r\n<p>Ai social e all\u2019attivazione di influencer anche solo per condividere la campagna, Gerardo preferisce il contatto diretto con le persone. \u201cSui social tanti possono essere raggiunti dal tuo messaggio, ma poi pochi donano. Invece la sorpresa ci sta arrivando da tantissime persone comuni, che non conoscono Manuela direttamente ma sono state coinvolte da chi le vuole bene. Dai colleghi di lavoro ai negozi che mettono una semplice cassetta delle offerte. A Ivrea poi si stanno attivando le squadre del famoso Carnevale. Anche un\u2019associazione del mio paese, Forenza, ha organizzato uno spettacolo per contribuire\u201d. Cos\u00ec, con la cifra raccolta finora, Manuela potr\u00e0 iniziare la cura con le prime due dosi di farmaco.<\/p>\r\n\r\n\r\n\r\n<h2 class=\"wp-block-heading\">Marco in ricordo del pap\u00e0 Flavio<\/h2>\r\n\r\n\r\n\r\n<p>Il prossimo 19 marzo, in occasione della Festa del Pap\u00e0, <strong>Marco Catellani<\/strong> correr\u00e0 la <a href=\"https:\/\/www.retedeldono.it\/magazine\/maratone-solidali-runner-video\/\" target=\"_blank\" rel=\"noreferrer noopener\"><strong>Maratona di Roma<\/strong><\/a> a fianco dell&#8217;<strong>AIRC<\/strong> nel nome di suo padre. \u201cL\u2019ho deciso la notte che ci lasci\u00f2, a causa di un tumore alla testa del Pancreas: avrei realizzato il mio sogno di runner di correre una maratona e lo avrei fatto raccogliendo fondi per la ricerca. Non l&#8217;avevo mai fatto e per me questa modalit\u00e0 di raccolta fondi \u00e8 stata una bella scoperta\u201d. Il timore di chiedere all\u2019inizio un po\u2019 c\u2019\u00e8 stato, ma la sua campagna <a href=\"https:\/\/www.retedeldono.it\/it\/iniziative\/fondazione-airc\/marco.catellani\/tutti-insieme-contro-il-mostro\" target=\"_blank\" rel=\"noreferrer noopener\"><strong>La mia corsa contro il Mostro<\/strong><\/a> ha gi\u00e0 centrato il primo obiettivo e ora punta ancora pi\u00f9 in alto.<\/p>\r\n\r\n\r\n\r\n<h3 class=\"wp-block-heading\">Costanti aggiornamenti per i donatori<\/h3>\r\n\r\n\r\n\r\n<p>Merito della community dei runner e degli amici, che lo stanno aiutando a diffondere il suo messaggio. \u201cC\u2019\u00e8 chi ha donato come regalo di Natale, chi alimenta il passaparola ogni giorno. Anche le persone di una certa et\u00e0, poi, sono riuscite a donare con facilit\u00e0 sulla piattaforma. Da parte mia uso molto WhatsApp e Instagram, pubblicando molti aggiornamenti su come mi alleno per prepararmi alla sfida sportiva. Correr\u00f2 anche la mezza maratona di Verona e questo aiuter\u00e0 ulteriormente la visibilit\u00e0\u201d. La cerchia pi\u00f9 reattiva \u00e8 sempre quella delle persone pi\u00f9 vicine a Marco e alla sua famiglia, ma ci sono state anche donazioni inattese. \u201cSono arrivate da due persone che non vedo n\u00e9 sento da diverso tempo. Segno che la mia storia personale pu\u00f2 toccare molti. Bello poter dire di aver contribuito anche io a sconfiggere il mostro, come succede nelle fiabe\u201d.<\/p>\r\n\r\n\r\n\r\n<div class=\"wp-block-buttons is-content-justification-center is-layout-flex wp-container-core-buttons-is-layout-16018d1d wp-block-buttons-is-layout-flex\">\r\n<div class=\"wp-block-button\"><a class=\"wp-block-button__link has-background wp-element-button\" style=\"border-radius: 15px; background-color: #00a8c4;\" href=\"https:\/\/www.retedeldono.it\/scegli-iniziativa?utm_source=Blog&amp;utm_medium=direct&amp;utm_campaign=CTA_aiutare_gli_altri_down\">Crea la tua raccolta fondi<\/a><\/div>\r\n<\/div>\r\n","protected":false},"excerpt":{"rendered":"<p>Il 4 febbraio prossimo, per il ventitreesimo anno, si celebra la Giornata Mondiale per la Ricerca contro il Cancro. Un\u2019occasione per prendere consapevolezza dell\u2019impatto di questa malattia e per riflettere&#8230;<\/p>\n","protected":false},"author":7,"featured_media":2019,"comment_status":"open","ping_status":"open","sticky":true,"template":"","format":"standard","meta":{"_acf_changed":false,"footnotes":""},"categories":[17],"tags":[],"class_list":{"0":"post-2008","1":"post","2":"type-post","3":"status-publish","4":"format-standard","5":"has-post-thumbnail","7":"category-fundraising"},"acf":{"homepage_rdd":false},"yoast_head":"<!-- This site is optimized with the Yoast SEO plugin v27.5 - https:\/\/yoast.com\/product\/yoast-seo-wordpress\/ -->\n<title>Giornata Mondiale contro il Cancro: le raccolte fondi<\/title>\n<meta name=\"description\" content=\"Raccogliere fondi in occasione della Giornata Mondiale contro il Cancro: le campagne di Personal Fundraising.\" \/>\n<meta name=\"robots\" content=\"index, follow, max-snippet:-1, max-image-preview:large, max-video-preview:-1\" \/>\n<link rel=\"canonical\" href=\"https:\/\/www.retedeldono.it\/magazine\/personal-fundraiser-in-prima-linea-per-la-giornata-mondiale-contro-il-cancro\/\" \/>\n<meta property=\"og:locale\" content=\"it_IT\" \/>\n<meta property=\"og:type\" content=\"article\" \/>\n<meta property=\"og:title\" content=\"Giornata Mondiale per la Ricerca Contro il Cancro: le raccolte fondi\" \/>\n<meta property=\"og:description\" content=\"Raccogliere fondi in occasione della Giornata Mondiale per la Ricerca Contro il Cancro: le campagne di Personal Fundraising.\" \/>\n<meta property=\"og:url\" content=\"https:\/\/www.retedeldono.it\/magazine\/personal-fundraiser-in-prima-linea-per-la-giornata-mondiale-contro-il-cancro\/\" \/>\n<meta property=\"og:site_name\" content=\"Rete del Dono Magazine\" \/>\n<meta property=\"article:publisher\" content=\"https:\/\/www.facebook.com\/retedeldono\/\" \/>\n<meta property=\"article:published_time\" content=\"2023-02-02T08:00:00+00:00\" \/>\n<meta property=\"article:modified_time\" content=\"2023-02-16T15:26:06+00:00\" \/>\n<meta property=\"og:image\" content=\"https:\/\/magazine.retedeldono.it\/wp-content\/uploads\/2023\/01\/20-09-03-IEO-171.jpg\" \/>\n\t<meta property=\"og:image:width\" content=\"1000\" \/>\n\t<meta property=\"og:image:height\" content=\"700\" \/>\n\t<meta property=\"og:image:type\" content=\"image\/jpeg\" \/>\n<meta name=\"author\" content=\"Aldo Lubrani\" \/>\n<meta name=\"twitter:card\" content=\"summary_large_image\" \/>\n<meta name=\"twitter:title\" content=\"Giornata Mondiale per la Ricerca Contro il Cancro: le raccolte fondi\" \/>\n<meta name=\"twitter:description\" content=\"Raccogliere fondi in occasione della Giornata Mondiale per la Ricerca Contro il Cancro: le campagne di Personal Fundraising.\" \/>\n<meta name=\"twitter:image\" content=\"https:\/\/magazine.retedeldono.it\/wp-content\/uploads\/2023\/01\/20-09-03-IEO-171.jpg\" \/>\n<meta name=\"twitter:label1\" content=\"Scritto da\" \/>\n\t<meta name=\"twitter:data1\" content=\"Aldo Lubrani\" \/>\n\t<meta name=\"twitter:label2\" content=\"Tempo di lettura stimato\" \/>\n\t<meta name=\"twitter:data2\" content=\"4 minuti\" \/>\n<script type=\"application\/ld+json\" class=\"yoast-schema-graph\">{\"@context\":\"https:\\\/\\\/schema.org\",\"@graph\":[{\"@type\":\"Article\",\"@id\":\"https:\\\/\\\/www.retedeldono.it\\\/magazine\\\/personal-fundraiser-in-prima-linea-per-la-giornata-mondiale-contro-il-cancro\\\/#article\",\"isPartOf\":{\"@id\":\"https:\\\/\\\/www.retedeldono.it\\\/magazine\\\/personal-fundraiser-in-prima-linea-per-la-giornata-mondiale-contro-il-cancro\\\/\"},\"author\":{\"name\":\"Aldo Lubrani\",\"@id\":\"https:\\\/\\\/www.retedeldono.it\\\/magazine\\\/#\\\/schema\\\/person\\\/19118fc3b527ea22d276cc2b446f7353\"},\"headline\":\"Personal fundraiser in prima linea per la Giornata mondiale contro il cancro\",\"datePublished\":\"2023-02-02T08:00:00+00:00\",\"dateModified\":\"2023-02-16T15:26:06+00:00\",\"mainEntityOfPage\":{\"@id\":\"https:\\\/\\\/www.retedeldono.it\\\/magazine\\\/personal-fundraiser-in-prima-linea-per-la-giornata-mondiale-contro-il-cancro\\\/\"},\"wordCount\":704,\"commentCount\":0,\"image\":{\"@id\":\"https:\\\/\\\/www.retedeldono.it\\\/magazine\\\/personal-fundraiser-in-prima-linea-per-la-giornata-mondiale-contro-il-cancro\\\/#primaryimage\"},\"thumbnailUrl\":\"https:\\\/\\\/magazine.retedeldono.it\\\/wp-content\\\/uploads\\\/2023\\\/02\\\/rete-del-dono-magazine-personal-fundraiser-prima-linea-giornata-mondiale-contro-il-cancro.jpg\",\"articleSection\":[\"Fundraising\"],\"inLanguage\":\"it-IT\",\"potentialAction\":[{\"@type\":\"CommentAction\",\"name\":\"Comment\",\"target\":[\"https:\\\/\\\/www.retedeldono.it\\\/magazine\\\/personal-fundraiser-in-prima-linea-per-la-giornata-mondiale-contro-il-cancro\\\/#respond\"]}]},{\"@type\":\"WebPage\",\"@id\":\"https:\\\/\\\/www.retedeldono.it\\\/magazine\\\/personal-fundraiser-in-prima-linea-per-la-giornata-mondiale-contro-il-cancro\\\/\",\"url\":\"https:\\\/\\\/www.retedeldono.it\\\/magazine\\\/personal-fundraiser-in-prima-linea-per-la-giornata-mondiale-contro-il-cancro\\\/\",\"name\":\"Giornata Mondiale contro il Cancro: le raccolte fondi\",\"isPartOf\":{\"@id\":\"https:\\\/\\\/www.retedeldono.it\\\/magazine\\\/#website\"},\"primaryImageOfPage\":{\"@id\":\"https:\\\/\\\/www.retedeldono.it\\\/magazine\\\/personal-fundraiser-in-prima-linea-per-la-giornata-mondiale-contro-il-cancro\\\/#primaryimage\"},\"image\":{\"@id\":\"https:\\\/\\\/www.retedeldono.it\\\/magazine\\\/personal-fundraiser-in-prima-linea-per-la-giornata-mondiale-contro-il-cancro\\\/#primaryimage\"},\"thumbnailUrl\":\"https:\\\/\\\/magazine.retedeldono.it\\\/wp-content\\\/uploads\\\/2023\\\/02\\\/rete-del-dono-magazine-personal-fundraiser-prima-linea-giornata-mondiale-contro-il-cancro.jpg\",\"datePublished\":\"2023-02-02T08:00:00+00:00\",\"dateModified\":\"2023-02-16T15:26:06+00:00\",\"author\":{\"@id\":\"https:\\\/\\\/www.retedeldono.it\\\/magazine\\\/#\\\/schema\\\/person\\\/19118fc3b527ea22d276cc2b446f7353\"},\"description\":\"Raccogliere fondi in occasione della Giornata Mondiale contro il Cancro: le campagne di Personal Fundraising.\",\"breadcrumb\":{\"@id\":\"https:\\\/\\\/www.retedeldono.it\\\/magazine\\\/personal-fundraiser-in-prima-linea-per-la-giornata-mondiale-contro-il-cancro\\\/#breadcrumb\"},\"inLanguage\":\"it-IT\",\"potentialAction\":[{\"@type\":\"ReadAction\",\"target\":[\"https:\\\/\\\/www.retedeldono.it\\\/magazine\\\/personal-fundraiser-in-prima-linea-per-la-giornata-mondiale-contro-il-cancro\\\/\"]}]},{\"@type\":\"ImageObject\",\"inLanguage\":\"it-IT\",\"@id\":\"https:\\\/\\\/www.retedeldono.it\\\/magazine\\\/personal-fundraiser-in-prima-linea-per-la-giornata-mondiale-contro-il-cancro\\\/#primaryimage\",\"url\":\"https:\\\/\\\/magazine.retedeldono.it\\\/wp-content\\\/uploads\\\/2023\\\/02\\\/rete-del-dono-magazine-personal-fundraiser-prima-linea-giornata-mondiale-contro-il-cancro.jpg\",\"contentUrl\":\"https:\\\/\\\/magazine.retedeldono.it\\\/wp-content\\\/uploads\\\/2023\\\/02\\\/rete-del-dono-magazine-personal-fundraiser-prima-linea-giornata-mondiale-contro-il-cancro.jpg\",\"width\":1000,\"height\":700,\"caption\":\"rete-del-dono-magazine-personal-fundraiser-prima-linea-giornata-mondiale-contro-il-cancro\"},{\"@type\":\"BreadcrumbList\",\"@id\":\"https:\\\/\\\/www.retedeldono.it\\\/magazine\\\/personal-fundraiser-in-prima-linea-per-la-giornata-mondiale-contro-il-cancro\\\/#breadcrumb\",\"itemListElement\":[{\"@type\":\"ListItem\",\"position\":1,\"name\":\"Home\",\"item\":\"https:\\\/\\\/www.retedeldono.it\\\/magazine\\\/\"},{\"@type\":\"ListItem\",\"position\":2,\"name\":\"Personal fundraiser in prima linea per la Giornata mondiale contro il cancro\"}]},{\"@type\":\"WebSite\",\"@id\":\"https:\\\/\\\/www.retedeldono.it\\\/magazine\\\/#website\",\"url\":\"https:\\\/\\\/www.retedeldono.it\\\/magazine\\\/\",\"name\":\"Rete del Dono Magazine\",\"description\":\"Rete del Dono Magazine\",\"potentialAction\":[{\"@type\":\"SearchAction\",\"target\":{\"@type\":\"EntryPoint\",\"urlTemplate\":\"https:\\\/\\\/www.retedeldono.it\\\/magazine\\\/?s={search_term_string}\"},\"query-input\":{\"@type\":\"PropertyValueSpecification\",\"valueRequired\":true,\"valueName\":\"search_term_string\"}}],\"inLanguage\":\"it-IT\"},{\"@type\":\"Person\",\"@id\":\"https:\\\/\\\/www.retedeldono.it\\\/magazine\\\/#\\\/schema\\\/person\\\/19118fc3b527ea22d276cc2b446f7353\",\"name\":\"Aldo Lubrani\",\"image\":{\"@type\":\"ImageObject\",\"inLanguage\":\"it-IT\",\"@id\":\"https:\\\/\\\/secure.gravatar.com\\\/avatar\\\/e948991b445298d4342a4a232b29e90adbf8a4af10151e265f6e6f3e9a10f68c?s=96&d=mm&r=g\",\"url\":\"https:\\\/\\\/secure.gravatar.com\\\/avatar\\\/e948991b445298d4342a4a232b29e90adbf8a4af10151e265f6e6f3e9a10f68c?s=96&d=mm&r=g\",\"contentUrl\":\"https:\\\/\\\/secure.gravatar.com\\\/avatar\\\/e948991b445298d4342a4a232b29e90adbf8a4af10151e265f6e6f3e9a10f68c?s=96&d=mm&r=g\",\"caption\":\"Aldo Lubrani\"},\"description\":\"Laureato con lode in Relazioni Internazionali presso Universit\u00e0 degli studi Roma Tre, Master in Europrogettazione presso Europa Business School di Bologna. Google Digital Training Certificate. Lavoro da anni nel settore Digital, Fundraising e Non Profit. Su Rete del Dono ricopro il ruolo di Project Manager nell'ambito Comunicazione, Digital e Personal Fundraising. Appassionato di viaggi, natura, pittura.\",\"sameAs\":[\"https:\\\/\\\/www.retedeldono.it\"],\"url\":\"https:\\\/\\\/www.retedeldono.it\\\/magazine\\\/author\\\/aldo-lubrani\\\/\"}]}<\/script>\n<!-- \/ Yoast SEO plugin. -->","yoast_head_json":{"title":"Giornata Mondiale contro il Cancro: le raccolte fondi","description":"Raccogliere fondi in occasione della Giornata Mondiale contro il Cancro: le campagne di Personal Fundraising.","robots":{"index":"index","follow":"follow","max-snippet":"max-snippet:-1","max-image-preview":"max-image-preview:large","max-video-preview":"max-video-preview:-1"},"canonical":"https:\/\/www.retedeldono.it\/magazine\/personal-fundraiser-in-prima-linea-per-la-giornata-mondiale-contro-il-cancro\/","og_locale":"it_IT","og_type":"article","og_title":"Giornata Mondiale per la Ricerca Contro il Cancro: le raccolte fondi","og_description":"Raccogliere fondi in occasione della Giornata Mondiale per la Ricerca Contro il Cancro: le campagne di Personal Fundraising.","og_url":"https:\/\/www.retedeldono.it\/magazine\/personal-fundraiser-in-prima-linea-per-la-giornata-mondiale-contro-il-cancro\/","og_site_name":"Rete del Dono Magazine","article_publisher":"https:\/\/www.facebook.com\/retedeldono\/","article_published_time":"2023-02-02T08:00:00+00:00","article_modified_time":"2023-02-16T15:26:06+00:00","og_image":[{"width":1000,"height":700,"url":"https:\/\/magazine.retedeldono.it\/wp-content\/uploads\/2023\/01\/20-09-03-IEO-171.jpg","type":"image\/jpeg"}],"author":"Aldo Lubrani","twitter_card":"summary_large_image","twitter_title":"Giornata Mondiale per la Ricerca Contro il Cancro: le raccolte fondi","twitter_description":"Raccogliere fondi in occasione della Giornata Mondiale per la Ricerca Contro il Cancro: le campagne di Personal Fundraising.","twitter_image":"https:\/\/magazine.retedeldono.it\/wp-content\/uploads\/2023\/01\/20-09-03-IEO-171.jpg","twitter_misc":{"Scritto da":"Aldo Lubrani","Tempo di lettura stimato":"4 minuti"},"schema":{"@context":"https:\/\/schema.org","@graph":[{"@type":"Article","@id":"https:\/\/www.retedeldono.it\/magazine\/personal-fundraiser-in-prima-linea-per-la-giornata-mondiale-contro-il-cancro\/#article","isPartOf":{"@id":"https:\/\/www.retedeldono.it\/magazine\/personal-fundraiser-in-prima-linea-per-la-giornata-mondiale-contro-il-cancro\/"},"author":{"name":"Aldo Lubrani","@id":"https:\/\/www.retedeldono.it\/magazine\/#\/schema\/person\/19118fc3b527ea22d276cc2b446f7353"},"headline":"Personal fundraiser in prima linea per la Giornata mondiale contro il cancro","datePublished":"2023-02-02T08:00:00+00:00","dateModified":"2023-02-16T15:26:06+00:00","mainEntityOfPage":{"@id":"https:\/\/www.retedeldono.it\/magazine\/personal-fundraiser-in-prima-linea-per-la-giornata-mondiale-contro-il-cancro\/"},"wordCount":704,"commentCount":0,"image":{"@id":"https:\/\/www.retedeldono.it\/magazine\/personal-fundraiser-in-prima-linea-per-la-giornata-mondiale-contro-il-cancro\/#primaryimage"},"thumbnailUrl":"https:\/\/magazine.retedeldono.it\/wp-content\/uploads\/2023\/02\/rete-del-dono-magazine-personal-fundraiser-prima-linea-giornata-mondiale-contro-il-cancro.jpg","articleSection":["Fundraising"],"inLanguage":"it-IT","potentialAction":[{"@type":"CommentAction","name":"Comment","target":["https:\/\/www.retedeldono.it\/magazine\/personal-fundraiser-in-prima-linea-per-la-giornata-mondiale-contro-il-cancro\/#respond"]}]},{"@type":"WebPage","@id":"https:\/\/www.retedeldono.it\/magazine\/personal-fundraiser-in-prima-linea-per-la-giornata-mondiale-contro-il-cancro\/","url":"https:\/\/www.retedeldono.it\/magazine\/personal-fundraiser-in-prima-linea-per-la-giornata-mondiale-contro-il-cancro\/","name":"Giornata Mondiale contro il Cancro: le raccolte fondi","isPartOf":{"@id":"https:\/\/www.retedeldono.it\/magazine\/#website"},"primaryImageOfPage":{"@id":"https:\/\/www.retedeldono.it\/magazine\/personal-fundraiser-in-prima-linea-per-la-giornata-mondiale-contro-il-cancro\/#primaryimage"},"image":{"@id":"https:\/\/www.retedeldono.it\/magazine\/personal-fundraiser-in-prima-linea-per-la-giornata-mondiale-contro-il-cancro\/#primaryimage"},"thumbnailUrl":"https:\/\/magazine.retedeldono.it\/wp-content\/uploads\/2023\/02\/rete-del-dono-magazine-personal-fundraiser-prima-linea-giornata-mondiale-contro-il-cancro.jpg","datePublished":"2023-02-02T08:00:00+00:00","dateModified":"2023-02-16T15:26:06+00:00","author":{"@id":"https:\/\/www.retedeldono.it\/magazine\/#\/schema\/person\/19118fc3b527ea22d276cc2b446f7353"},"description":"Raccogliere fondi in occasione della Giornata Mondiale contro il Cancro: le campagne di Personal Fundraising.","breadcrumb":{"@id":"https:\/\/www.retedeldono.it\/magazine\/personal-fundraiser-in-prima-linea-per-la-giornata-mondiale-contro-il-cancro\/#breadcrumb"},"inLanguage":"it-IT","potentialAction":[{"@type":"ReadAction","target":["https:\/\/www.retedeldono.it\/magazine\/personal-fundraiser-in-prima-linea-per-la-giornata-mondiale-contro-il-cancro\/"]}]},{"@type":"ImageObject","inLanguage":"it-IT","@id":"https:\/\/www.retedeldono.it\/magazine\/personal-fundraiser-in-prima-linea-per-la-giornata-mondiale-contro-il-cancro\/#primaryimage","url":"https:\/\/magazine.retedeldono.it\/wp-content\/uploads\/2023\/02\/rete-del-dono-magazine-personal-fundraiser-prima-linea-giornata-mondiale-contro-il-cancro.jpg","contentUrl":"https:\/\/magazine.retedeldono.it\/wp-content\/uploads\/2023\/02\/rete-del-dono-magazine-personal-fundraiser-prima-linea-giornata-mondiale-contro-il-cancro.jpg","width":1000,"height":700,"caption":"rete-del-dono-magazine-personal-fundraiser-prima-linea-giornata-mondiale-contro-il-cancro"},{"@type":"BreadcrumbList","@id":"https:\/\/www.retedeldono.it\/magazine\/personal-fundraiser-in-prima-linea-per-la-giornata-mondiale-contro-il-cancro\/#breadcrumb","itemListElement":[{"@type":"ListItem","position":1,"name":"Home","item":"https:\/\/www.retedeldono.it\/magazine\/"},{"@type":"ListItem","position":2,"name":"Personal fundraiser in prima linea per la Giornata mondiale contro il cancro"}]},{"@type":"WebSite","@id":"https:\/\/www.retedeldono.it\/magazine\/#website","url":"https:\/\/www.retedeldono.it\/magazine\/","name":"Rete del Dono Magazine","description":"Rete del Dono Magazine","potentialAction":[{"@type":"SearchAction","target":{"@type":"EntryPoint","urlTemplate":"https:\/\/www.retedeldono.it\/magazine\/?s={search_term_string}"},"query-input":{"@type":"PropertyValueSpecification","valueRequired":true,"valueName":"search_term_string"}}],"inLanguage":"it-IT"},{"@type":"Person","@id":"https:\/\/www.retedeldono.it\/magazine\/#\/schema\/person\/19118fc3b527ea22d276cc2b446f7353","name":"Aldo Lubrani","image":{"@type":"ImageObject","inLanguage":"it-IT","@id":"https:\/\/secure.gravatar.com\/avatar\/e948991b445298d4342a4a232b29e90adbf8a4af10151e265f6e6f3e9a10f68c?s=96&d=mm&r=g","url":"https:\/\/secure.gravatar.com\/avatar\/e948991b445298d4342a4a232b29e90adbf8a4af10151e265f6e6f3e9a10f68c?s=96&d=mm&r=g","contentUrl":"https:\/\/secure.gravatar.com\/avatar\/e948991b445298d4342a4a232b29e90adbf8a4af10151e265f6e6f3e9a10f68c?s=96&d=mm&r=g","caption":"Aldo Lubrani"},"description":"Laureato con lode in Relazioni Internazionali presso Universit\u00e0 degli studi Roma Tre, Master in Europrogettazione presso Europa Business School di Bologna. Google Digital Training Certificate. Lavoro da anni nel settore Digital, Fundraising e Non Profit. Su Rete del Dono ricopro il ruolo di Project Manager nell'ambito Comunicazione, Digital e Personal Fundraising. Appassionato di viaggi, natura, pittura.","sameAs":["https:\/\/www.retedeldono.it"],"url":"https:\/\/www.retedeldono.it\/magazine\/author\/aldo-lubrani\/"}]}},"_links":{"self":[{"href":"https:\/\/www.retedeldono.it\/magazine\/wp-json\/wp\/v2\/posts\/2008","targetHints":{"allow":["GET"]}}],"collection":[{"href":"https:\/\/www.retedeldono.it\/magazine\/wp-json\/wp\/v2\/posts"}],"about":[{"href":"https:\/\/www.retedeldono.it\/magazine\/wp-json\/wp\/v2\/types\/post"}],"author":[{"embeddable":true,"href":"https:\/\/www.retedeldono.it\/magazine\/wp-json\/wp\/v2\/users\/7"}],"replies":[{"embeddable":true,"href":"https:\/\/www.retedeldono.it\/magazine\/wp-json\/wp\/v2\/comments?post=2008"}],"version-history":[{"count":0,"href":"https:\/\/www.retedeldono.it\/magazine\/wp-json\/wp\/v2\/posts\/2008\/revisions"}],"wp:featuredmedia":[{"embeddable":true,"href":"https:\/\/www.retedeldono.it\/magazine\/wp-json\/wp\/v2\/media\/2019"}],"wp:attachment":[{"href":"https:\/\/www.retedeldono.it\/magazine\/wp-json\/wp\/v2\/media?parent=2008"}],"wp:term":[{"taxonomy":"category","embeddable":true,"href":"https:\/\/www.retedeldono.it\/magazine\/wp-json\/wp\/v2\/categories?post=2008"},{"taxonomy":"post_tag","embeddable":true,"href":"https:\/\/www.retedeldono.it\/magazine\/wp-json\/wp\/v2\/tags?post=2008"}],"curies":[{"name":"wp","href":"https:\/\/api.w.org\/{rel}","templated":true}]}}