{"id":2067,"date":"2023-02-23T12:19:30","date_gmt":"2023-02-23T12:19:30","guid":{"rendered":"https:\/\/www.retedeldono.it\/magazine\/?p=2067"},"modified":"2023-03-09T10:55:37","modified_gmt":"2023-03-09T10:55:37","slug":"terzo-settore-evoluzione","status":"publish","type":"post","link":"https:\/\/www.retedeldono.it\/magazine\/terzo-settore-evoluzione\/","title":{"rendered":"Terzo settore in evoluzione: il fundraising guida il cambiamento"},"content":{"rendered":"\r\n<p>Nel terzo settore serve un cambiamento del fundraising, ma allo stesso tempo \u00e8 il fundraising stesso che pu\u00f2 guidare il cambiamento. Anzi, deve farlo. Perch\u00e9 se \u00e8 vero che le idee sono importanti, \u00e8 dai fatti che si vede la novit\u00e0. E allora bisogna rischiare, esplorare, provare, ma soprattutto\u00a0<strong>innovare<\/strong>.<\/p>\r\n\r\n\r\n\r\n<p>Proprio l&#8217;innovazione \u00e8 stata al centro dell&#8217;Assif Day 2023, aperto dal presidente di Assif, Nicola Bedogni, partendo dal passato e parlando del futuro: \u201cil Covid ha cambiato il mondo e anche noi, sia nel male che nel bene. Ma la<strong> resilienza da sola non basta, deve diventare generativa per poter portare un cambiamento<\/strong>. Cos\u00ec il cambiamento \u00e8 occasione duplice, per rinsaldare e rafforzare ci\u00f2 che abbiamo e per creare e costruire cose nuove e diverse\u201d.<\/p>\r\n\r\n\r\n\r\n<p>\u201cL&#8217;innovazione ha bisogno di integrit\u00e0 e identit\u00e0, ma soprattutto di collaborazione\u201d ha ricordato\u00a0<strong>Giangi Milesi<\/strong>, vicepresidente di Fondazione Pubblicit\u00e0 Progresso. \u201cSe si vuole avere un impatto sulla societ\u00e0, bisogna partire dai valori comuni, anche quando parliamo di enti del terzo settore e aziende\u201d secondo\u00a0<strong>Antonio Bebba<\/strong>, Pfizer Diversity, Equity &amp; Inclusion Regional Operations Lead Europe. Insomma bisogna vivere quello che si dice, perch\u00e9 tre sono le cose che stimolano il cambiamento, secondo\u00a0<strong>Maura La Greca<\/strong>, responsabile Comunicazione e Marketing di Antoniano: \u201c<strong>l<\/strong>a carezza, intesa come attenzione e accoglienza, il buon esempio, la fiducia.<\/p>\r\n\r\n\r\n\r\n<p>\u00c8 dunque il non profit che fa emergere i bisogni all&#8217;interno della societ\u00e0, ma manca ancora la libert\u00e0 di movimento, dice l&#8217;esperto\u00a0<strong>Carlo Mazzini<\/strong>\u00a0\u201cLa Riforma ha portato tante novit\u00e0, ma non ha tolto la burocrazia. Per\u00f2 il problema pi\u00f9 grande rimane all&#8217;interno della Non Profit, che non deve per forza scimmiottare il marketing commerciale prendendone solo il peggio\u201d.<\/p>\r\n\r\n\r\n\r\n<p>Un tema, quello del rapporto col marketing profit, che \u00e8 ritornato negli interventi: \u201cil marketing fa sostanzialmente questo, lavora sul percepito a favore della manipolazione, al netto di tutti i suoi buoni propositi\u201d ha confermato la giornalista\u00a0<strong>Elena Inversetti<\/strong>. \u201cNoi del Non Profit possiamo scegliere di concentrarci unicamente sul bisogno a cui non servono manipolazioni\u201d.<\/p>\r\n\r\n\r\n\r\n<p>\u201cC&#8217;\u00e8 un\u00a0<strong>aumento delle richieste di posizioni di community fundraiser<\/strong>\u00a0dopo il Covid\u201d, ha spiegato\u00a0<strong>Diego Ierna<\/strong>, cofounder di Job4Good, il che indica che c&#8217;\u00e8 uno spazio per innovare all&#8217;interno delle Onp. Per\u00f2 per farlo dobbiamo partire dallo sguardo giusto. \u201cPensiamo alle domande fondamentali e ai bisogni, non agli strumenti di fundraising. I risultati arriveranno \u2013 assicura\u00a0<strong>Andrea Romboli<\/strong>, Ceo dello Studio Romboli \u2013 perch\u00e9 siamo nella direzione giusta, anche se ci vorr\u00e0 tempo\u201d.<\/p>\r\n\r\n\r\n\r\n<p>Come\u00a0<strong>Rete del Dono, il cambiamento l&#8217;abbiamo vissuto in prima persona<\/strong>. La pandemia \u00e8 stata certamente disruptive, c\u2019\u00e8 stata la corsa al digitale e al crowdfunding perch\u00e9 non c\u2019era alternativa.\u00a0<strong>Ha toccato tutte le organizzazioni, grandi e piccoli,\u00a0<\/strong>forzandole a cambiare il loro modus operandi \u2013 sia dal punto di vista dell\u2019erogazioni dei loro servizi, che sul fronte della raccolta fondi<\/p>\r\n\r\n\r\n\r\n<p>Come Rete del Dono, il cambiamento l&#8217;abbiamo vissuto direttamente. La pandemia \u00e8 stata disruptive. Quando \u00e8 scoppiata, c\u2019\u00e8 stata la corsa al digitale e al crowdfunding. Ma non era una scelta, semplicemente non c\u2019erano alternative. \u00c8 stato cos\u00ec per tutti, sia per le grandi che per le piccole organizzazioni, forzandole a cambiare il loro modus operandi \u2013 sia dal punto di vista dell\u2019erogazione dei loro servizi, che sul fronte della raccolta fondi.<\/p>\r\n\r\n\r\n\r\n<p>Oggi sono passati quasi tre anni e ci possiamo farci una domanda necessaria<strong>: c\u2019\u00e8 stata un&#8217;effettiva trasformazione?<\/strong> Proviamo a rispondere toccando vari punti<\/p>\r\n\r\n\r\n\r\n<p>&nbsp;<\/p>\r\n\r\n\r\n\r\n<h3 class=\"wp-block-heading\"><strong>Crowdfunding, poca formazione<\/strong><\/h3>\r\n\r\n\r\n\r\n<p>Finito l&#8217;entusiasmo iniziale, sono venute al pettine tutte le <strong>mancanze di chi si \u00e8 approcciato solo per un bisogno, senza approfondire lo strumento<\/strong>.<\/p>\r\n\r\n\r\n\r\n<p><strong>L&#8217;esperienza \u00e8 necessaria per arrivare alla competenza, ma non \u00e8 sufficiente. Serve vera formazione,<\/strong> approfondire con chi ha best practice da raccontare e mettersi in gioco al 100%, solo questo porta a vera crescita. Bisogna credere nello strumento per sfruttarlo al massimo e capirne le potenzialit\u00e0. Soprattutto perch\u00e9 <strong>il crowdfunding richiede un cambio di mentalit\u00e0<\/strong>, il passaggio da una raccolta fondi dall&#8217;alto a una raccolta fondi diffusa, dal basso, che vede protagoniste le persone e non l&#8217;ente.<\/p>\r\n\r\n\r\n\r\n<p>Ci siamo anche domandati se ci fossero differenze tra aziende, non profit e individui, ma la verit\u00e0 \u00e8 che non ve ne sono. Ci sono esempi positivi e negativi in ogni categoria. Non \u00e8 questione di che cosa si \u00e8, ma di come si \u00e8.<\/p>\r\n\r\n\r\n\r\n<p><strong>Alcune\/i hanno scelto di continuare ad approfondire il crowdfunding<\/strong>, di intraprendere un percorso strategico che portasse lentamente a un cambiamento sistemico del loro modo di lavorare e coinvolgere i propri stakeholder, <strong>andando incontro a una vera e propria trasformazione<\/strong>.<\/p>\r\n\r\n\r\n\r\n<p><strong>Altre\/i hanno continuato con un semplice approccio strumentale senza di fatto trasformarsi.<\/strong><\/p>\r\n\r\n\r\n\r\n<p>A livello di numeri, il quadro \u00e8 comunque positivo se pensiamo che la raccolta fondi media per progetto \u00e8 arrivata a 8.000 euro nel 2022, rispetto ai 5.000 euro pre-pandemia.<\/p>\r\n\r\n\r\n\r\n<p>&nbsp;<\/p>\r\n\r\n\r\n\r\n<h3 class=\"wp-block-heading\">Prossimit\u00e0 e comunit\u00e0 \u00e8 ci\u00f2 che si ricerca<\/h3>\r\n\r\n\r\n\r\n<p>Confermiamo che il community fundraising \u00e8 in forte crescita. C&#8217;\u00e8 un certo <strong>desiderio di prossimit\u00e0, ovvero la voglia di generare impatto sul territorio in cui si vive<\/strong>, in cui si hanno le proprie radici e le proprie relazioni. Perch\u00e9 il dono \u00e8 anche desiderio di condivisione con la propria rete di contatti.<\/p>\r\n\r\n\r\n\r\n<p>Questo ha stimolato la crescita del personal fundraising al di fuori del contesto sportivo, dove era gi\u00e0 molto forte. Non a caso sono in aumento le organizzazioni che lo hanno integrato nei loro eventi. Sono anche spuntate le <strong>prime azioni sistemiche e strategiche di coinvolgimento dei volontari in un&#8217;ottica di personal fundraising<\/strong>.<\/p>\r\n\r\n\r\n\r\n<p>&nbsp;<\/p>\r\n\r\n\r\n\r\n<h3 class=\"wp-block-heading\">I giovani crescono e si attivano<\/h3>\r\n\r\n\r\n\r\n<p><strong>La bella notizia \u00e8 che stanno aumentando i donatori tra i 18 e i 24 anni<\/strong>. Dopo decenni in cui li abbiamo tenuti lontani perch\u00e9 non considerati interessati alle nostre tematiche o non portatori di denaro, con il crowdfunding si sono avvicinati loro stessi e oggi la conversione al dono \u00e8 pi\u00f9 alta rispetto alle altre fasce d\u2019et\u00e0. Sono interessati, sono attivi, sono rumorosi sui social, sono capaci di trascinare altri amici e coetanei senza vergogna di metterci la faccia anche sui loro canali, sono anche di ispirazione per i genitori, i nonni, altri adulti.<\/p>\r\n\r\n\r\n\r\n<p>Quello che \u00e8 importante notare \u00e8 che non sono fidelizzati a una sola causa, non c&#8217;\u00e8 qualcosa che sta loro a cuore e tutto il resto non importa, come spesso succede per i pi\u00f9 grandi.<strong> Amano sostenere tante cause diverse, fino a 5<\/strong>. Questo ci richiede una messa in discussioni dei nostri principi e di alcune convinzioni. Ma \u00e8 comunque una grande sfida, che dobbiamo provare.<\/p>\r\n\r\n\r\n\r\n<p>Come esempio che mette sicuramente insieme questi due ultimi punti, non possiamo che ricordare la Campagna del <strong><a href=\"https:\/\/www.retedeldono.it\/it\/climate-social-camp\">Climate Social Camp<\/a><\/strong>. Un senso di comunit\u00e0 tra giovanissimi interessati a organizzare un evento e a portare avanti i valori della sostenibilit\u00e0 ambientale, che ha portato a raccogliere 30.000 euro da oltre 850 donatori. Un numero altissimo per tante donazioni spesso piccole se non piccolissime. Senza dubbio un ottimo segnale di un fenomeno diffuso e in crescita dentro una generazione sensibile e molto curiosa.<\/p>\r\n","protected":false},"excerpt":{"rendered":"<p>Nel terzo settore serve un cambiamento del fundraising, ma allo stesso tempo \u00e8 il fundraising stesso che pu\u00f2 guidare il cambiamento. Anzi, deve farlo. Perch\u00e9 se \u00e8 vero che le&#8230;<\/p>\n","protected":false},"author":6,"featured_media":2068,"comment_status":"open","ping_status":"open","sticky":true,"template":"","format":"standard","meta":{"_acf_changed":false,"footnotes":""},"categories":[1,17],"tags":[],"class_list":{"0":"post-2067","1":"post","2":"type-post","3":"status-publish","4":"format-standard","5":"has-post-thumbnail","7":"category-community","8":"category-fundraising"},"acf":{"homepage_rdd":false},"yoast_head":"<!-- This site is optimized with the Yoast SEO plugin v27.5 - https:\/\/yoast.com\/product\/yoast-seo-wordpress\/ -->\n<title>Terzo settore in evoluzione: il fundraising guida il cambiamento<\/title>\n<meta name=\"description\" content=\"Il terzo settore cambia e il fundraising lo aiuta a cambiare. Ma come sta cambiando? Ecco le indicazioni uscite dall&#039;Assif Day 2023\" \/>\n<meta name=\"robots\" content=\"index, follow, max-snippet:-1, max-image-preview:large, max-video-preview:-1\" \/>\n<link rel=\"canonical\" href=\"https:\/\/www.retedeldono.it\/magazine\/terzo-settore-evoluzione\/\" \/>\n<meta property=\"og:locale\" content=\"it_IT\" \/>\n<meta property=\"og:type\" content=\"article\" \/>\n<meta property=\"og:title\" content=\"Terzo settore in evoluzione: il fundraising guida il cambiamento\" \/>\n<meta property=\"og:description\" content=\"Il terzo settore cambia e il fundraising lo aiuta a cambiare. Ma come sta cambiando? Ecco le indicazioni uscite dall&#039;Assif Day 2023\" \/>\n<meta property=\"og:url\" content=\"https:\/\/www.retedeldono.it\/magazine\/terzo-settore-evoluzione\/\" \/>\n<meta property=\"og:site_name\" content=\"Rete del Dono Magazine\" \/>\n<meta property=\"article:publisher\" content=\"https:\/\/www.facebook.com\/retedeldono\/\" \/>\n<meta property=\"article:published_time\" content=\"2023-02-23T12:19:30+00:00\" \/>\n<meta property=\"article:modified_time\" content=\"2023-03-09T10:55:37+00:00\" \/>\n<meta property=\"og:image\" content=\"https:\/\/magazine.retedeldono.it\/wp-content\/uploads\/2023\/02\/community.jpg\" \/>\n\t<meta property=\"og:image:width\" content=\"1000\" \/>\n\t<meta property=\"og:image:height\" content=\"700\" \/>\n\t<meta property=\"og:image:type\" content=\"image\/jpeg\" \/>\n<meta name=\"author\" content=\"Valeria Vitali\" \/>\n<meta name=\"twitter:card\" content=\"summary_large_image\" \/>\n<meta name=\"twitter:label1\" content=\"Scritto da\" \/>\n\t<meta name=\"twitter:data1\" content=\"Valeria Vitali\" \/>\n\t<meta name=\"twitter:label2\" content=\"Tempo di lettura stimato\" \/>\n\t<meta name=\"twitter:data2\" content=\"7 minuti\" \/>\n<script type=\"application\/ld+json\" class=\"yoast-schema-graph\">{\"@context\":\"https:\\\/\\\/schema.org\",\"@graph\":[{\"@type\":\"Article\",\"@id\":\"https:\\\/\\\/www.retedeldono.it\\\/magazine\\\/terzo-settore-evoluzione\\\/#article\",\"isPartOf\":{\"@id\":\"https:\\\/\\\/www.retedeldono.it\\\/magazine\\\/terzo-settore-evoluzione\\\/\"},\"author\":{\"name\":\"Valeria Vitali\",\"@id\":\"https:\\\/\\\/www.retedeldono.it\\\/magazine\\\/#\\\/schema\\\/person\\\/c6beeb7b05f412d2823480967d76ad54\"},\"headline\":\"Terzo settore in evoluzione: il fundraising guida il cambiamento\",\"datePublished\":\"2023-02-23T12:19:30+00:00\",\"dateModified\":\"2023-03-09T10:55:37+00:00\",\"mainEntityOfPage\":{\"@id\":\"https:\\\/\\\/www.retedeldono.it\\\/magazine\\\/terzo-settore-evoluzione\\\/\"},\"wordCount\":1144,\"commentCount\":0,\"image\":{\"@id\":\"https:\\\/\\\/www.retedeldono.it\\\/magazine\\\/terzo-settore-evoluzione\\\/#primaryimage\"},\"thumbnailUrl\":\"https:\\\/\\\/magazine.retedeldono.it\\\/wp-content\\\/uploads\\\/2023\\\/02\\\/community.jpg\",\"articleSection\":[\"Community\",\"Fundraising\"],\"inLanguage\":\"it-IT\",\"potentialAction\":[{\"@type\":\"CommentAction\",\"name\":\"Comment\",\"target\":[\"https:\\\/\\\/www.retedeldono.it\\\/magazine\\\/terzo-settore-evoluzione\\\/#respond\"]}]},{\"@type\":\"WebPage\",\"@id\":\"https:\\\/\\\/www.retedeldono.it\\\/magazine\\\/terzo-settore-evoluzione\\\/\",\"url\":\"https:\\\/\\\/www.retedeldono.it\\\/magazine\\\/terzo-settore-evoluzione\\\/\",\"name\":\"Terzo settore in evoluzione: il fundraising guida il cambiamento\",\"isPartOf\":{\"@id\":\"https:\\\/\\\/www.retedeldono.it\\\/magazine\\\/#website\"},\"primaryImageOfPage\":{\"@id\":\"https:\\\/\\\/www.retedeldono.it\\\/magazine\\\/terzo-settore-evoluzione\\\/#primaryimage\"},\"image\":{\"@id\":\"https:\\\/\\\/www.retedeldono.it\\\/magazine\\\/terzo-settore-evoluzione\\\/#primaryimage\"},\"thumbnailUrl\":\"https:\\\/\\\/magazine.retedeldono.it\\\/wp-content\\\/uploads\\\/2023\\\/02\\\/community.jpg\",\"datePublished\":\"2023-02-23T12:19:30+00:00\",\"dateModified\":\"2023-03-09T10:55:37+00:00\",\"author\":{\"@id\":\"https:\\\/\\\/www.retedeldono.it\\\/magazine\\\/#\\\/schema\\\/person\\\/c6beeb7b05f412d2823480967d76ad54\"},\"description\":\"Il terzo settore cambia e il fundraising lo aiuta a cambiare. Ma come sta cambiando? Ecco le indicazioni uscite dall'Assif Day 2023\",\"breadcrumb\":{\"@id\":\"https:\\\/\\\/www.retedeldono.it\\\/magazine\\\/terzo-settore-evoluzione\\\/#breadcrumb\"},\"inLanguage\":\"it-IT\",\"potentialAction\":[{\"@type\":\"ReadAction\",\"target\":[\"https:\\\/\\\/www.retedeldono.it\\\/magazine\\\/terzo-settore-evoluzione\\\/\"]}]},{\"@type\":\"ImageObject\",\"inLanguage\":\"it-IT\",\"@id\":\"https:\\\/\\\/www.retedeldono.it\\\/magazine\\\/terzo-settore-evoluzione\\\/#primaryimage\",\"url\":\"https:\\\/\\\/magazine.retedeldono.it\\\/wp-content\\\/uploads\\\/2023\\\/02\\\/community.jpg\",\"contentUrl\":\"https:\\\/\\\/magazine.retedeldono.it\\\/wp-content\\\/uploads\\\/2023\\\/02\\\/community.jpg\",\"width\":1000,\"height\":700,\"caption\":\"community fundraising\"},{\"@type\":\"BreadcrumbList\",\"@id\":\"https:\\\/\\\/www.retedeldono.it\\\/magazine\\\/terzo-settore-evoluzione\\\/#breadcrumb\",\"itemListElement\":[{\"@type\":\"ListItem\",\"position\":1,\"name\":\"Home\",\"item\":\"https:\\\/\\\/www.retedeldono.it\\\/magazine\\\/\"},{\"@type\":\"ListItem\",\"position\":2,\"name\":\"Terzo settore in evoluzione: il fundraising guida il cambiamento\"}]},{\"@type\":\"WebSite\",\"@id\":\"https:\\\/\\\/www.retedeldono.it\\\/magazine\\\/#website\",\"url\":\"https:\\\/\\\/www.retedeldono.it\\\/magazine\\\/\",\"name\":\"Rete del Dono Magazine\",\"description\":\"Rete del Dono Magazine\",\"potentialAction\":[{\"@type\":\"SearchAction\",\"target\":{\"@type\":\"EntryPoint\",\"urlTemplate\":\"https:\\\/\\\/www.retedeldono.it\\\/magazine\\\/?s={search_term_string}\"},\"query-input\":{\"@type\":\"PropertyValueSpecification\",\"valueRequired\":true,\"valueName\":\"search_term_string\"}}],\"inLanguage\":\"it-IT\"},{\"@type\":\"Person\",\"@id\":\"https:\\\/\\\/www.retedeldono.it\\\/magazine\\\/#\\\/schema\\\/person\\\/c6beeb7b05f412d2823480967d76ad54\",\"name\":\"Valeria Vitali\",\"image\":{\"@type\":\"ImageObject\",\"inLanguage\":\"it-IT\",\"@id\":\"https:\\\/\\\/secure.gravatar.com\\\/avatar\\\/ed06510965ea97eb2f14540fc0327ce5bf65b10d085192ae3b38003a07ff151a?s=96&d=mm&r=g\",\"url\":\"https:\\\/\\\/secure.gravatar.com\\\/avatar\\\/ed06510965ea97eb2f14540fc0327ce5bf65b10d085192ae3b38003a07ff151a?s=96&d=mm&r=g\",\"contentUrl\":\"https:\\\/\\\/secure.gravatar.com\\\/avatar\\\/ed06510965ea97eb2f14540fc0327ce5bf65b10d085192ae3b38003a07ff151a?s=96&d=mm&r=g\",\"caption\":\"Valeria Vitali\"},\"description\":\"Dopo una laurea in Scienze Politiche presso Universit\u00e0 degli studi di Pavia e un Master in Cooperazione e Sviluppo a Barcellona, ha iniziato il suo percorso professionale in Italia, occupandosi di comunicazione, per poi allargare i suoi orizzonti all\u2019estero. \u00c8 proprio qui che nasce l\u2019idea di Rete del Dono, l\u2019idea di diffondere in Italia una rivoluzione culturale che avvicini le persone al dono, inteso come gesto di impegno civile. L\u2019innovazione digitale ha fatto la sua parte, facilitando e dando maggior concretezza a questo progetto costruito insieme ad Anna Siccardi.\",\"url\":\"https:\\\/\\\/www.retedeldono.it\\\/magazine\\\/author\\\/valeria-vitali\\\/\"}]}<\/script>\n<!-- \/ Yoast SEO plugin. -->","yoast_head_json":{"title":"Terzo settore in evoluzione: il fundraising guida il cambiamento","description":"Il terzo settore cambia e il fundraising lo aiuta a cambiare. Ma come sta cambiando? Ecco le indicazioni uscite dall'Assif Day 2023","robots":{"index":"index","follow":"follow","max-snippet":"max-snippet:-1","max-image-preview":"max-image-preview:large","max-video-preview":"max-video-preview:-1"},"canonical":"https:\/\/www.retedeldono.it\/magazine\/terzo-settore-evoluzione\/","og_locale":"it_IT","og_type":"article","og_title":"Terzo settore in evoluzione: il fundraising guida il cambiamento","og_description":"Il terzo settore cambia e il fundraising lo aiuta a cambiare. Ma come sta cambiando? Ecco le indicazioni uscite dall'Assif Day 2023","og_url":"https:\/\/www.retedeldono.it\/magazine\/terzo-settore-evoluzione\/","og_site_name":"Rete del Dono Magazine","article_publisher":"https:\/\/www.facebook.com\/retedeldono\/","article_published_time":"2023-02-23T12:19:30+00:00","article_modified_time":"2023-03-09T10:55:37+00:00","og_image":[{"width":1000,"height":700,"url":"https:\/\/magazine.retedeldono.it\/wp-content\/uploads\/2023\/02\/community.jpg","type":"image\/jpeg"}],"author":"Valeria Vitali","twitter_card":"summary_large_image","twitter_misc":{"Scritto da":"Valeria Vitali","Tempo di lettura stimato":"7 minuti"},"schema":{"@context":"https:\/\/schema.org","@graph":[{"@type":"Article","@id":"https:\/\/www.retedeldono.it\/magazine\/terzo-settore-evoluzione\/#article","isPartOf":{"@id":"https:\/\/www.retedeldono.it\/magazine\/terzo-settore-evoluzione\/"},"author":{"name":"Valeria Vitali","@id":"https:\/\/www.retedeldono.it\/magazine\/#\/schema\/person\/c6beeb7b05f412d2823480967d76ad54"},"headline":"Terzo settore in evoluzione: il fundraising guida il cambiamento","datePublished":"2023-02-23T12:19:30+00:00","dateModified":"2023-03-09T10:55:37+00:00","mainEntityOfPage":{"@id":"https:\/\/www.retedeldono.it\/magazine\/terzo-settore-evoluzione\/"},"wordCount":1144,"commentCount":0,"image":{"@id":"https:\/\/www.retedeldono.it\/magazine\/terzo-settore-evoluzione\/#primaryimage"},"thumbnailUrl":"https:\/\/magazine.retedeldono.it\/wp-content\/uploads\/2023\/02\/community.jpg","articleSection":["Community","Fundraising"],"inLanguage":"it-IT","potentialAction":[{"@type":"CommentAction","name":"Comment","target":["https:\/\/www.retedeldono.it\/magazine\/terzo-settore-evoluzione\/#respond"]}]},{"@type":"WebPage","@id":"https:\/\/www.retedeldono.it\/magazine\/terzo-settore-evoluzione\/","url":"https:\/\/www.retedeldono.it\/magazine\/terzo-settore-evoluzione\/","name":"Terzo settore in evoluzione: il fundraising guida il cambiamento","isPartOf":{"@id":"https:\/\/www.retedeldono.it\/magazine\/#website"},"primaryImageOfPage":{"@id":"https:\/\/www.retedeldono.it\/magazine\/terzo-settore-evoluzione\/#primaryimage"},"image":{"@id":"https:\/\/www.retedeldono.it\/magazine\/terzo-settore-evoluzione\/#primaryimage"},"thumbnailUrl":"https:\/\/magazine.retedeldono.it\/wp-content\/uploads\/2023\/02\/community.jpg","datePublished":"2023-02-23T12:19:30+00:00","dateModified":"2023-03-09T10:55:37+00:00","author":{"@id":"https:\/\/www.retedeldono.it\/magazine\/#\/schema\/person\/c6beeb7b05f412d2823480967d76ad54"},"description":"Il terzo settore cambia e il fundraising lo aiuta a cambiare. Ma come sta cambiando? Ecco le indicazioni uscite dall'Assif Day 2023","breadcrumb":{"@id":"https:\/\/www.retedeldono.it\/magazine\/terzo-settore-evoluzione\/#breadcrumb"},"inLanguage":"it-IT","potentialAction":[{"@type":"ReadAction","target":["https:\/\/www.retedeldono.it\/magazine\/terzo-settore-evoluzione\/"]}]},{"@type":"ImageObject","inLanguage":"it-IT","@id":"https:\/\/www.retedeldono.it\/magazine\/terzo-settore-evoluzione\/#primaryimage","url":"https:\/\/magazine.retedeldono.it\/wp-content\/uploads\/2023\/02\/community.jpg","contentUrl":"https:\/\/magazine.retedeldono.it\/wp-content\/uploads\/2023\/02\/community.jpg","width":1000,"height":700,"caption":"community fundraising"},{"@type":"BreadcrumbList","@id":"https:\/\/www.retedeldono.it\/magazine\/terzo-settore-evoluzione\/#breadcrumb","itemListElement":[{"@type":"ListItem","position":1,"name":"Home","item":"https:\/\/www.retedeldono.it\/magazine\/"},{"@type":"ListItem","position":2,"name":"Terzo settore in evoluzione: il fundraising guida il cambiamento"}]},{"@type":"WebSite","@id":"https:\/\/www.retedeldono.it\/magazine\/#website","url":"https:\/\/www.retedeldono.it\/magazine\/","name":"Rete del Dono Magazine","description":"Rete del Dono Magazine","potentialAction":[{"@type":"SearchAction","target":{"@type":"EntryPoint","urlTemplate":"https:\/\/www.retedeldono.it\/magazine\/?s={search_term_string}"},"query-input":{"@type":"PropertyValueSpecification","valueRequired":true,"valueName":"search_term_string"}}],"inLanguage":"it-IT"},{"@type":"Person","@id":"https:\/\/www.retedeldono.it\/magazine\/#\/schema\/person\/c6beeb7b05f412d2823480967d76ad54","name":"Valeria Vitali","image":{"@type":"ImageObject","inLanguage":"it-IT","@id":"https:\/\/secure.gravatar.com\/avatar\/ed06510965ea97eb2f14540fc0327ce5bf65b10d085192ae3b38003a07ff151a?s=96&d=mm&r=g","url":"https:\/\/secure.gravatar.com\/avatar\/ed06510965ea97eb2f14540fc0327ce5bf65b10d085192ae3b38003a07ff151a?s=96&d=mm&r=g","contentUrl":"https:\/\/secure.gravatar.com\/avatar\/ed06510965ea97eb2f14540fc0327ce5bf65b10d085192ae3b38003a07ff151a?s=96&d=mm&r=g","caption":"Valeria Vitali"},"description":"Dopo una laurea in Scienze Politiche presso Universit\u00e0 degli studi di Pavia e un Master in Cooperazione e Sviluppo a Barcellona, ha iniziato il suo percorso professionale in Italia, occupandosi di comunicazione, per poi allargare i suoi orizzonti all\u2019estero. \u00c8 proprio qui che nasce l\u2019idea di Rete del Dono, l\u2019idea di diffondere in Italia una rivoluzione culturale che avvicini le persone al dono, inteso come gesto di impegno civile. L\u2019innovazione digitale ha fatto la sua parte, facilitando e dando maggior concretezza a questo progetto costruito insieme ad Anna Siccardi.","url":"https:\/\/www.retedeldono.it\/magazine\/author\/valeria-vitali\/"}]}},"_links":{"self":[{"href":"https:\/\/www.retedeldono.it\/magazine\/wp-json\/wp\/v2\/posts\/2067","targetHints":{"allow":["GET"]}}],"collection":[{"href":"https:\/\/www.retedeldono.it\/magazine\/wp-json\/wp\/v2\/posts"}],"about":[{"href":"https:\/\/www.retedeldono.it\/magazine\/wp-json\/wp\/v2\/types\/post"}],"author":[{"embeddable":true,"href":"https:\/\/www.retedeldono.it\/magazine\/wp-json\/wp\/v2\/users\/6"}],"replies":[{"embeddable":true,"href":"https:\/\/www.retedeldono.it\/magazine\/wp-json\/wp\/v2\/comments?post=2067"}],"version-history":[{"count":0,"href":"https:\/\/www.retedeldono.it\/magazine\/wp-json\/wp\/v2\/posts\/2067\/revisions"}],"wp:featuredmedia":[{"embeddable":true,"href":"https:\/\/www.retedeldono.it\/magazine\/wp-json\/wp\/v2\/media\/2068"}],"wp:attachment":[{"href":"https:\/\/www.retedeldono.it\/magazine\/wp-json\/wp\/v2\/media?parent=2067"}],"wp:term":[{"taxonomy":"category","embeddable":true,"href":"https:\/\/www.retedeldono.it\/magazine\/wp-json\/wp\/v2\/categories?post=2067"},{"taxonomy":"post_tag","embeddable":true,"href":"https:\/\/www.retedeldono.it\/magazine\/wp-json\/wp\/v2\/tags?post=2067"}],"curies":[{"name":"wp","href":"https:\/\/api.w.org\/{rel}","templated":true}]}}