{"id":2101,"date":"2023-03-09T10:49:37","date_gmt":"2023-03-09T10:49:37","guid":{"rendered":"https:\/\/www.retedeldono.it\/magazine\/?p=2101"},"modified":"2023-03-23T11:51:54","modified_gmt":"2023-03-23T11:51:54","slug":"donne-fundraiser-evoluzione","status":"publish","type":"post","link":"https:\/\/www.retedeldono.it\/magazine\/donne-fundraiser-evoluzione\/","title":{"rendered":"Donne Fundraiser in evoluzione: alla scoperta del nostro essere"},"content":{"rendered":"[vc_row type=&#8221;in_container&#8221; full_screen_row_position=&#8221;middle&#8221; column_margin=&#8221;default&#8221; column_direction=&#8221;default&#8221; column_direction_tablet=&#8221;default&#8221; column_direction_phone=&#8221;default&#8221; scene_position=&#8221;center&#8221; text_color=&#8221;dark&#8221; text_align=&#8221;left&#8221; row_border_radius=&#8221;none&#8221; row_border_radius_applies=&#8221;bg&#8221; overflow=&#8221;visible&#8221; overlay_strength=&#8221;0.3&#8243; gradient_direction=&#8221;left_to_right&#8221; shape_divider_position=&#8221;bottom&#8221; bg_image_animation=&#8221;none&#8221;][vc_column column_padding=&#8221;no-extra-padding&#8221; column_padding_tablet=&#8221;inherit&#8221; column_padding_phone=&#8221;inherit&#8221; column_padding_position=&#8221;all&#8221; column_element_spacing=&#8221;default&#8221; background_color_opacity=&#8221;1&#8243; background_hover_color_opacity=&#8221;1&#8243; column_shadow=&#8221;none&#8221; column_border_radius=&#8221;none&#8221; column_link_target=&#8221;_self&#8221; column_position=&#8221;default&#8221; gradient_direction=&#8221;left_to_right&#8221; overlay_strength=&#8221;0.3&#8243; width=&#8221;1\/1&#8243; tablet_width_inherit=&#8221;default&#8221; tablet_text_alignment=&#8221;default&#8221; phone_text_alignment=&#8221;default&#8221; animation_type=&#8221;default&#8221; bg_image_animation=&#8221;none&#8221; border_type=&#8221;simple&#8221; column_border_width=&#8221;none&#8221; column_border_style=&#8221;solid&#8221;][vc_column_text]\n<div>\n<div dir=\"ltr\">\n<p>Come le donne contribuiscono alla trasformazione della societ\u00e0? Qual \u00e8 l\u2019impatto delle donne del sociale? La dialettica tra femminile e femminista e le recenti forme di attivismo possono essere forze che trascendono questo singolo tema, per cambiare il mondo su ampia scala. Alcune riflessioni dalla terza edizione del <a href=\"https:\/\/nonprofitwomen.camp\/\" target=\"_blank\" rel=\"noopener\">Non Profit Women Camp<\/a> ci hanno portato a coinvolgere due professioniste che stanno vivendo un\u2019importante evoluzione personale, <strong>Stefania Toaldo<\/strong> &#8211; Consulente e formatrice di fundraising, Life coach &#8211; e <strong>Guya Raco<\/strong> &#8211; consulente di fundraising, esperta in valutazione d\u2019impatto e progettazione.<\/p>\n<h2>Gender gap ancora elevato<\/h2>\n<p>I dati sullo stato dell\u2019arte della riduzione del<strong> gender gap<\/strong> in Italia, riportati dalla sociologa <strong>Stefania Doglioli<\/strong>, sottolineano come nel nostro Paese ci sia uno spreco di talenti e di competenze: una fetta importante della popolazione, in quando donna, non arriva a raggiungere i livelli dei maschi n\u00e9 in termini di piena occupazione, n\u00e9 di reddito, n\u00e9 di leadership. E nel non profit lo scenario non \u00e8 dissimile rispetto al settore profit: sebbene la presenza femminile sia numericamente preponderante, <strong>le donne in posizioni di leadership sono poche<\/strong>. Cos\u00ec come le laureate in materie STEM, e ci\u00f2 \u00e8 un limite se il TS vuole essere protagonista attivo della trasformazione green e digitale.<\/p>\n<h2>La consapevolezza di s\u00e9 come chiave per l\u2019evoluzione<\/h2>\n<p>Per crescere dal punto di vista umano e professionale e cambiare le organizzazioni, bisogna partire da se stessi. \u201c<em>Nel mio lavoro ho capito che le organizzazioni si <strong>cambiano una persona alla volta<\/strong><\/em>\u201d dice Stefania Toaldo. \u201c<em>Vivere in apprendimento costante vuol dire rendere il feedback uno strumento per lavorare su noi stessi. E spaziare in campi diversi per completare le proprie competenze. Io ho appreso skills non provenienti dal mondo del fundraising, ma dal <strong>life e business coaching<\/strong>. Mi accorgo che quando una persona inizia a tirare fuori la versione migliore di s\u00e9, anche solo in un ambito della propria vita, pian piano evolve e fa evolvere l\u2019intera organizzazione<\/em>\u201d.<\/p>\n<h2>Leggere la complessit\u00e0 con occhi nuovi<\/h2>\n<p>Un processo di consapevolezza che vuol dire<strong> restare curiosi.<\/strong> \u201c<em>Non tanto per arricchirsi di nozioni, ma per acquisire la capacit\u00e0 di leggere la complessit\u00e0 di un luogo<\/em>\u201d aggiunge Guya Raco. Per farlo bisogna rimanere aperti anzitutto alla propria complessit\u00e0 e frequentare palestre diverse, per allenarsi dal punto di vista mentale e <strong>relazionale<\/strong>. \u201c<em>Ognuno di noi \u00e8 moltitudine e <strong>multipotenziale<\/strong>: la vita che stiamo vivendo \u00e8 solo una delle molte possibili! Dobbiamo fare esperienze <strong>fuori dalla nostra comfort zone<\/strong>, per scoprire ogni volta che mondi apparentemente lontani sanno dirci qualcosa<\/em>\u201d. Solo scoprendo la propria flessibilit\u00e0, si pu\u00f2 gestire la complessit\u00e0. Questa consapevolezza ci permette anche di superare condizioni e situazioni di particolare stress che possono sconfinare nel burnt out. Come chiaramente evidenziato da Francesca Cavallini, psicologia esperta di innovazione sociale, in occasione di Non Profit Women Camp, <strong>dobbiamo superare qualsiasi mania di controllo, perfezionismo e ansia da prestazione che minano il nostro equilibrio<\/strong>, e non ci aiutano a valorizzare le nostre competenze. \u201c<em>Fare le cose in cui ci si riconosce e stare bene con se stessi cambia il nostro sguardo su di noi e ci fa uscire dalla logica della performance<\/em>\u201d commenta Guya.<\/p>\n<\/div>\n<\/div>\n[\/vc_column_text][\/vc_column][\/vc_row][vc_row type=&#8221;in_container&#8221; full_screen_row_position=&#8221;middle&#8221; column_margin=&#8221;default&#8221; column_direction=&#8221;default&#8221; column_direction_tablet=&#8221;default&#8221; column_direction_phone=&#8221;default&#8221; scene_position=&#8221;center&#8221; text_color=&#8221;dark&#8221; text_align=&#8221;left&#8221; row_border_radius=&#8221;none&#8221; row_border_radius_applies=&#8221;bg&#8221; overflow=&#8221;visible&#8221; overlay_strength=&#8221;0.3&#8243; gradient_direction=&#8221;left_to_right&#8221; shape_divider_position=&#8221;bottom&#8221; bg_image_animation=&#8221;none&#8221;][vc_column column_padding=&#8221;no-extra-padding&#8221; column_padding_tablet=&#8221;inherit&#8221; column_padding_phone=&#8221;inherit&#8221; column_padding_position=&#8221;top-bottom&#8221; column_element_spacing=&#8221;default&#8221; centered_text=&#8221;true&#8221; background_color_opacity=&#8221;1&#8243; background_hover_color_opacity=&#8221;1&#8243; column_shadow=&#8221;none&#8221; column_border_radius=&#8221;none&#8221; column_link_target=&#8221;_blank&#8221; column_position=&#8221;default&#8221; advanced_gradient_angle=&#8221;0&#8243; gradient_direction=&#8221;left_to_right&#8221; overlay_strength=&#8221;0.3&#8243; width=&#8221;1\/1&#8243; tablet_width_inherit=&#8221;default&#8221; tablet_text_alignment=&#8221;default&#8221; phone_text_alignment=&#8221;default&#8221; animation_type=&#8221;default&#8221; bg_image_animation=&#8221;none&#8221; border_type=&#8221;simple&#8221; column_border_width=&#8221;none&#8221; column_border_style=&#8221;solid&#8221; gradient_type=&#8221;default&#8221;][nectar_btn size=&#8221;large&#8221; open_new_tab=&#8221;true&#8221; button_style=&#8221;regular&#8221; button_color_2=&#8221;Accent-Color&#8221; icon_family=&#8221;none&#8221; text=&#8221;Ascolta l&#8217;episodio Donne Fundraiser e Cambiamento del Podcast di Community in Action&#8221; url=&#8221;https:\/\/www.spreaker.com\/user\/retedeldono\/donne-fundraiser-cambiamento&#8221;][\/vc_column][\/vc_row]\n","protected":false},"excerpt":{"rendered":"<p>[vc_row type=&#8221;in_container&#8221; full_screen_row_position=&#8221;middle&#8221; column_margin=&#8221;default&#8221; column_direction=&#8221;default&#8221; column_direction_tablet=&#8221;default&#8221; column_direction_phone=&#8221;default&#8221; scene_position=&#8221;center&#8221; text_color=&#8221;dark&#8221; text_align=&#8221;left&#8221; row_border_radius=&#8221;none&#8221; row_border_radius_applies=&#8221;bg&#8221; overflow=&#8221;visible&#8221; overlay_strength=&#8221;0.3&#8243; gradient_direction=&#8221;left_to_right&#8221; shape_divider_position=&#8221;bottom&#8221; bg_image_animation=&#8221;none&#8221;][vc_column column_padding=&#8221;no-extra-padding&#8221; column_padding_tablet=&#8221;inherit&#8221; column_padding_phone=&#8221;inherit&#8221; column_padding_position=&#8221;all&#8221; column_element_spacing=&#8221;default&#8221; background_color_opacity=&#8221;1&#8243; background_hover_color_opacity=&#8221;1&#8243; column_shadow=&#8221;none&#8221; column_border_radius=&#8221;none&#8221; column_link_target=&#8221;_self&#8221; column_position=&#8221;default&#8221; gradient_direction=&#8221;left_to_right&#8221; overlay_strength=&#8221;0.3&#8243;&#8230;<\/p>\n","protected":false},"author":6,"featured_media":2108,"comment_status":"open","ping_status":"open","sticky":true,"template":"","format":"standard","meta":{"_acf_changed":false,"footnotes":""},"categories":[17],"tags":[],"class_list":{"0":"post-2101","1":"post","2":"type-post","3":"status-publish","4":"format-standard","5":"has-post-thumbnail","7":"category-fundraising"},"acf":{"homepage_rdd":false},"yoast_head":"<!-- This site is optimized with the Yoast SEO plugin v27.5 - https:\/\/yoast.com\/product\/yoast-seo-wordpress\/ -->\n<title>Donne Fundraiser in evoluzione: alla scoperta del nostro essere - Rete del Dono<\/title>\n<meta name=\"description\" content=\"Qual \u00e8 l&#039;impatto delle donne nel sociale? Come superare il gender gap? Scopriamo l&#039;evoluzione delle donne fundraiser.\" \/>\n<meta name=\"robots\" content=\"index, follow, max-snippet:-1, max-image-preview:large, max-video-preview:-1\" \/>\n<link rel=\"canonical\" href=\"https:\/\/www.retedeldono.it\/magazine\/donne-fundraiser-evoluzione\/\" \/>\n<meta property=\"og:locale\" content=\"it_IT\" \/>\n<meta property=\"og:type\" content=\"article\" \/>\n<meta property=\"og:title\" content=\"Donne Fundraiser in evoluzione: alla scoperta del nostro essere\" \/>\n<meta property=\"og:description\" content=\"Qual \u00e8 l&#039;impatto delle donne nel sociale? Come superare il gender gap? Scopriamo l&#039;evoluzione delle donne fundraiser.\" \/>\n<meta property=\"og:url\" content=\"https:\/\/www.retedeldono.it\/magazine\/donne-fundraiser-evoluzione\/\" \/>\n<meta property=\"og:site_name\" content=\"Rete del Dono Magazine\" \/>\n<meta property=\"article:publisher\" content=\"https:\/\/www.facebook.com\/retedeldono\/\" \/>\n<meta property=\"article:published_time\" content=\"2023-03-09T10:49:37+00:00\" \/>\n<meta property=\"article:modified_time\" content=\"2023-03-23T11:51:54+00:00\" \/>\n<meta property=\"og:image\" content=\"https:\/\/magazine.retedeldono.it\/wp-content\/uploads\/2023\/03\/rete-del-dono-magazine-mimosa-festa-della-donna.jpg\" \/>\n\t<meta property=\"og:image:width\" content=\"1000\" \/>\n\t<meta property=\"og:image:height\" content=\"700\" \/>\n\t<meta property=\"og:image:type\" content=\"image\/jpeg\" \/>\n<meta name=\"author\" content=\"Valeria Vitali\" \/>\n<meta name=\"twitter:card\" content=\"summary_large_image\" \/>\n<meta name=\"twitter:title\" content=\"Donne Fundraiser in evoluzione: alla scoperta del nostro essere\" \/>\n<meta name=\"twitter:description\" content=\"Qual \u00e8 l&#039;impatto delle donne nel sociale? Come superare il gender gap? Scopriamo l&#039;evoluzione delle donne fundraiser.\" \/>\n<meta name=\"twitter:image\" content=\"https:\/\/magazine.retedeldono.it\/wp-content\/uploads\/2023\/03\/rete-del-dono-magazine-mimosa-festa-della-donna.jpg\" \/>\n<meta name=\"twitter:label1\" content=\"Scritto da\" \/>\n\t<meta name=\"twitter:data1\" content=\"Valeria Vitali\" \/>\n\t<meta name=\"twitter:label2\" content=\"Tempo di lettura stimato\" \/>\n\t<meta name=\"twitter:data2\" content=\"4 minuti\" \/>\n<script type=\"application\/ld+json\" class=\"yoast-schema-graph\">{\"@context\":\"https:\\\/\\\/schema.org\",\"@graph\":[{\"@type\":\"Article\",\"@id\":\"https:\\\/\\\/www.retedeldono.it\\\/magazine\\\/donne-fundraiser-evoluzione\\\/#article\",\"isPartOf\":{\"@id\":\"https:\\\/\\\/www.retedeldono.it\\\/magazine\\\/donne-fundraiser-evoluzione\\\/\"},\"author\":{\"name\":\"Valeria Vitali\",\"@id\":\"https:\\\/\\\/www.retedeldono.it\\\/magazine\\\/#\\\/schema\\\/person\\\/c6beeb7b05f412d2823480967d76ad54\"},\"headline\":\"Donne Fundraiser in evoluzione: alla scoperta del nostro essere\",\"datePublished\":\"2023-03-09T10:49:37+00:00\",\"dateModified\":\"2023-03-23T11:51:54+00:00\",\"mainEntityOfPage\":{\"@id\":\"https:\\\/\\\/www.retedeldono.it\\\/magazine\\\/donne-fundraiser-evoluzione\\\/\"},\"wordCount\":868,\"commentCount\":0,\"image\":{\"@id\":\"https:\\\/\\\/www.retedeldono.it\\\/magazine\\\/donne-fundraiser-evoluzione\\\/#primaryimage\"},\"thumbnailUrl\":\"https:\\\/\\\/magazine.retedeldono.it\\\/wp-content\\\/uploads\\\/2023\\\/03\\\/rete-del-dono-magazine-mimosa-festa-della-donna.jpg\",\"articleSection\":[\"Fundraising\"],\"inLanguage\":\"it-IT\",\"potentialAction\":[{\"@type\":\"CommentAction\",\"name\":\"Comment\",\"target\":[\"https:\\\/\\\/www.retedeldono.it\\\/magazine\\\/donne-fundraiser-evoluzione\\\/#respond\"]}]},{\"@type\":\"WebPage\",\"@id\":\"https:\\\/\\\/www.retedeldono.it\\\/magazine\\\/donne-fundraiser-evoluzione\\\/\",\"url\":\"https:\\\/\\\/www.retedeldono.it\\\/magazine\\\/donne-fundraiser-evoluzione\\\/\",\"name\":\"Donne Fundraiser in evoluzione: alla scoperta del nostro essere - Rete del Dono\",\"isPartOf\":{\"@id\":\"https:\\\/\\\/www.retedeldono.it\\\/magazine\\\/#website\"},\"primaryImageOfPage\":{\"@id\":\"https:\\\/\\\/www.retedeldono.it\\\/magazine\\\/donne-fundraiser-evoluzione\\\/#primaryimage\"},\"image\":{\"@id\":\"https:\\\/\\\/www.retedeldono.it\\\/magazine\\\/donne-fundraiser-evoluzione\\\/#primaryimage\"},\"thumbnailUrl\":\"https:\\\/\\\/magazine.retedeldono.it\\\/wp-content\\\/uploads\\\/2023\\\/03\\\/rete-del-dono-magazine-mimosa-festa-della-donna.jpg\",\"datePublished\":\"2023-03-09T10:49:37+00:00\",\"dateModified\":\"2023-03-23T11:51:54+00:00\",\"author\":{\"@id\":\"https:\\\/\\\/www.retedeldono.it\\\/magazine\\\/#\\\/schema\\\/person\\\/c6beeb7b05f412d2823480967d76ad54\"},\"description\":\"Qual \u00e8 l'impatto delle donne nel sociale? Come superare il gender gap? Scopriamo l'evoluzione delle donne fundraiser.\",\"breadcrumb\":{\"@id\":\"https:\\\/\\\/www.retedeldono.it\\\/magazine\\\/donne-fundraiser-evoluzione\\\/#breadcrumb\"},\"inLanguage\":\"it-IT\",\"potentialAction\":[{\"@type\":\"ReadAction\",\"target\":[\"https:\\\/\\\/www.retedeldono.it\\\/magazine\\\/donne-fundraiser-evoluzione\\\/\"]}]},{\"@type\":\"ImageObject\",\"inLanguage\":\"it-IT\",\"@id\":\"https:\\\/\\\/www.retedeldono.it\\\/magazine\\\/donne-fundraiser-evoluzione\\\/#primaryimage\",\"url\":\"https:\\\/\\\/magazine.retedeldono.it\\\/wp-content\\\/uploads\\\/2023\\\/03\\\/rete-del-dono-magazine-mimosa-festa-della-donna.jpg\",\"contentUrl\":\"https:\\\/\\\/magazine.retedeldono.it\\\/wp-content\\\/uploads\\\/2023\\\/03\\\/rete-del-dono-magazine-mimosa-festa-della-donna.jpg\",\"width\":1000,\"height\":700,\"caption\":\"rete-del-dono-magazine-mimosa-festa-della-donna\"},{\"@type\":\"BreadcrumbList\",\"@id\":\"https:\\\/\\\/www.retedeldono.it\\\/magazine\\\/donne-fundraiser-evoluzione\\\/#breadcrumb\",\"itemListElement\":[{\"@type\":\"ListItem\",\"position\":1,\"name\":\"Home\",\"item\":\"https:\\\/\\\/www.retedeldono.it\\\/magazine\\\/\"},{\"@type\":\"ListItem\",\"position\":2,\"name\":\"Donne Fundraiser in evoluzione: alla scoperta del nostro essere\"}]},{\"@type\":\"WebSite\",\"@id\":\"https:\\\/\\\/www.retedeldono.it\\\/magazine\\\/#website\",\"url\":\"https:\\\/\\\/www.retedeldono.it\\\/magazine\\\/\",\"name\":\"Rete del Dono Magazine\",\"description\":\"Rete del Dono Magazine\",\"potentialAction\":[{\"@type\":\"SearchAction\",\"target\":{\"@type\":\"EntryPoint\",\"urlTemplate\":\"https:\\\/\\\/www.retedeldono.it\\\/magazine\\\/?s={search_term_string}\"},\"query-input\":{\"@type\":\"PropertyValueSpecification\",\"valueRequired\":true,\"valueName\":\"search_term_string\"}}],\"inLanguage\":\"it-IT\"},{\"@type\":\"Person\",\"@id\":\"https:\\\/\\\/www.retedeldono.it\\\/magazine\\\/#\\\/schema\\\/person\\\/c6beeb7b05f412d2823480967d76ad54\",\"name\":\"Valeria Vitali\",\"image\":{\"@type\":\"ImageObject\",\"inLanguage\":\"it-IT\",\"@id\":\"https:\\\/\\\/secure.gravatar.com\\\/avatar\\\/ed06510965ea97eb2f14540fc0327ce5bf65b10d085192ae3b38003a07ff151a?s=96&d=mm&r=g\",\"url\":\"https:\\\/\\\/secure.gravatar.com\\\/avatar\\\/ed06510965ea97eb2f14540fc0327ce5bf65b10d085192ae3b38003a07ff151a?s=96&d=mm&r=g\",\"contentUrl\":\"https:\\\/\\\/secure.gravatar.com\\\/avatar\\\/ed06510965ea97eb2f14540fc0327ce5bf65b10d085192ae3b38003a07ff151a?s=96&d=mm&r=g\",\"caption\":\"Valeria Vitali\"},\"description\":\"Dopo una laurea in Scienze Politiche presso Universit\u00e0 degli studi di Pavia e un Master in Cooperazione e Sviluppo a Barcellona, ha iniziato il suo percorso professionale in Italia, occupandosi di comunicazione, per poi allargare i suoi orizzonti all\u2019estero. \u00c8 proprio qui che nasce l\u2019idea di Rete del Dono, l\u2019idea di diffondere in Italia una rivoluzione culturale che avvicini le persone al dono, inteso come gesto di impegno civile. L\u2019innovazione digitale ha fatto la sua parte, facilitando e dando maggior concretezza a questo progetto costruito insieme ad Anna Siccardi.\",\"url\":\"https:\\\/\\\/www.retedeldono.it\\\/magazine\\\/author\\\/valeria-vitali\\\/\"}]}<\/script>\n<!-- \/ Yoast SEO plugin. -->","yoast_head_json":{"title":"Donne Fundraiser in evoluzione: alla scoperta del nostro essere - Rete del Dono","description":"Qual \u00e8 l'impatto delle donne nel sociale? Come superare il gender gap? Scopriamo l'evoluzione delle donne fundraiser.","robots":{"index":"index","follow":"follow","max-snippet":"max-snippet:-1","max-image-preview":"max-image-preview:large","max-video-preview":"max-video-preview:-1"},"canonical":"https:\/\/www.retedeldono.it\/magazine\/donne-fundraiser-evoluzione\/","og_locale":"it_IT","og_type":"article","og_title":"Donne Fundraiser in evoluzione: alla scoperta del nostro essere","og_description":"Qual \u00e8 l'impatto delle donne nel sociale? Come superare il gender gap? Scopriamo l'evoluzione delle donne fundraiser.","og_url":"https:\/\/www.retedeldono.it\/magazine\/donne-fundraiser-evoluzione\/","og_site_name":"Rete del Dono Magazine","article_publisher":"https:\/\/www.facebook.com\/retedeldono\/","article_published_time":"2023-03-09T10:49:37+00:00","article_modified_time":"2023-03-23T11:51:54+00:00","og_image":[{"width":1000,"height":700,"url":"https:\/\/magazine.retedeldono.it\/wp-content\/uploads\/2023\/03\/rete-del-dono-magazine-mimosa-festa-della-donna.jpg","type":"image\/jpeg"}],"author":"Valeria Vitali","twitter_card":"summary_large_image","twitter_title":"Donne Fundraiser in evoluzione: alla scoperta del nostro essere","twitter_description":"Qual \u00e8 l'impatto delle donne nel sociale? Come superare il gender gap? Scopriamo l'evoluzione delle donne fundraiser.","twitter_image":"https:\/\/magazine.retedeldono.it\/wp-content\/uploads\/2023\/03\/rete-del-dono-magazine-mimosa-festa-della-donna.jpg","twitter_misc":{"Scritto da":"Valeria Vitali","Tempo di lettura stimato":"4 minuti"},"schema":{"@context":"https:\/\/schema.org","@graph":[{"@type":"Article","@id":"https:\/\/www.retedeldono.it\/magazine\/donne-fundraiser-evoluzione\/#article","isPartOf":{"@id":"https:\/\/www.retedeldono.it\/magazine\/donne-fundraiser-evoluzione\/"},"author":{"name":"Valeria Vitali","@id":"https:\/\/www.retedeldono.it\/magazine\/#\/schema\/person\/c6beeb7b05f412d2823480967d76ad54"},"headline":"Donne Fundraiser in evoluzione: alla scoperta del nostro essere","datePublished":"2023-03-09T10:49:37+00:00","dateModified":"2023-03-23T11:51:54+00:00","mainEntityOfPage":{"@id":"https:\/\/www.retedeldono.it\/magazine\/donne-fundraiser-evoluzione\/"},"wordCount":868,"commentCount":0,"image":{"@id":"https:\/\/www.retedeldono.it\/magazine\/donne-fundraiser-evoluzione\/#primaryimage"},"thumbnailUrl":"https:\/\/magazine.retedeldono.it\/wp-content\/uploads\/2023\/03\/rete-del-dono-magazine-mimosa-festa-della-donna.jpg","articleSection":["Fundraising"],"inLanguage":"it-IT","potentialAction":[{"@type":"CommentAction","name":"Comment","target":["https:\/\/www.retedeldono.it\/magazine\/donne-fundraiser-evoluzione\/#respond"]}]},{"@type":"WebPage","@id":"https:\/\/www.retedeldono.it\/magazine\/donne-fundraiser-evoluzione\/","url":"https:\/\/www.retedeldono.it\/magazine\/donne-fundraiser-evoluzione\/","name":"Donne Fundraiser in evoluzione: alla scoperta del nostro essere - Rete del Dono","isPartOf":{"@id":"https:\/\/www.retedeldono.it\/magazine\/#website"},"primaryImageOfPage":{"@id":"https:\/\/www.retedeldono.it\/magazine\/donne-fundraiser-evoluzione\/#primaryimage"},"image":{"@id":"https:\/\/www.retedeldono.it\/magazine\/donne-fundraiser-evoluzione\/#primaryimage"},"thumbnailUrl":"https:\/\/magazine.retedeldono.it\/wp-content\/uploads\/2023\/03\/rete-del-dono-magazine-mimosa-festa-della-donna.jpg","datePublished":"2023-03-09T10:49:37+00:00","dateModified":"2023-03-23T11:51:54+00:00","author":{"@id":"https:\/\/www.retedeldono.it\/magazine\/#\/schema\/person\/c6beeb7b05f412d2823480967d76ad54"},"description":"Qual \u00e8 l'impatto delle donne nel sociale? Come superare il gender gap? Scopriamo l'evoluzione delle donne fundraiser.","breadcrumb":{"@id":"https:\/\/www.retedeldono.it\/magazine\/donne-fundraiser-evoluzione\/#breadcrumb"},"inLanguage":"it-IT","potentialAction":[{"@type":"ReadAction","target":["https:\/\/www.retedeldono.it\/magazine\/donne-fundraiser-evoluzione\/"]}]},{"@type":"ImageObject","inLanguage":"it-IT","@id":"https:\/\/www.retedeldono.it\/magazine\/donne-fundraiser-evoluzione\/#primaryimage","url":"https:\/\/magazine.retedeldono.it\/wp-content\/uploads\/2023\/03\/rete-del-dono-magazine-mimosa-festa-della-donna.jpg","contentUrl":"https:\/\/magazine.retedeldono.it\/wp-content\/uploads\/2023\/03\/rete-del-dono-magazine-mimosa-festa-della-donna.jpg","width":1000,"height":700,"caption":"rete-del-dono-magazine-mimosa-festa-della-donna"},{"@type":"BreadcrumbList","@id":"https:\/\/www.retedeldono.it\/magazine\/donne-fundraiser-evoluzione\/#breadcrumb","itemListElement":[{"@type":"ListItem","position":1,"name":"Home","item":"https:\/\/www.retedeldono.it\/magazine\/"},{"@type":"ListItem","position":2,"name":"Donne Fundraiser in evoluzione: alla scoperta del nostro essere"}]},{"@type":"WebSite","@id":"https:\/\/www.retedeldono.it\/magazine\/#website","url":"https:\/\/www.retedeldono.it\/magazine\/","name":"Rete del Dono Magazine","description":"Rete del Dono Magazine","potentialAction":[{"@type":"SearchAction","target":{"@type":"EntryPoint","urlTemplate":"https:\/\/www.retedeldono.it\/magazine\/?s={search_term_string}"},"query-input":{"@type":"PropertyValueSpecification","valueRequired":true,"valueName":"search_term_string"}}],"inLanguage":"it-IT"},{"@type":"Person","@id":"https:\/\/www.retedeldono.it\/magazine\/#\/schema\/person\/c6beeb7b05f412d2823480967d76ad54","name":"Valeria Vitali","image":{"@type":"ImageObject","inLanguage":"it-IT","@id":"https:\/\/secure.gravatar.com\/avatar\/ed06510965ea97eb2f14540fc0327ce5bf65b10d085192ae3b38003a07ff151a?s=96&d=mm&r=g","url":"https:\/\/secure.gravatar.com\/avatar\/ed06510965ea97eb2f14540fc0327ce5bf65b10d085192ae3b38003a07ff151a?s=96&d=mm&r=g","contentUrl":"https:\/\/secure.gravatar.com\/avatar\/ed06510965ea97eb2f14540fc0327ce5bf65b10d085192ae3b38003a07ff151a?s=96&d=mm&r=g","caption":"Valeria Vitali"},"description":"Dopo una laurea in Scienze Politiche presso Universit\u00e0 degli studi di Pavia e un Master in Cooperazione e Sviluppo a Barcellona, ha iniziato il suo percorso professionale in Italia, occupandosi di comunicazione, per poi allargare i suoi orizzonti all\u2019estero. \u00c8 proprio qui che nasce l\u2019idea di Rete del Dono, l\u2019idea di diffondere in Italia una rivoluzione culturale che avvicini le persone al dono, inteso come gesto di impegno civile. L\u2019innovazione digitale ha fatto la sua parte, facilitando e dando maggior concretezza a questo progetto costruito insieme ad Anna Siccardi.","url":"https:\/\/www.retedeldono.it\/magazine\/author\/valeria-vitali\/"}]}},"_links":{"self":[{"href":"https:\/\/www.retedeldono.it\/magazine\/wp-json\/wp\/v2\/posts\/2101","targetHints":{"allow":["GET"]}}],"collection":[{"href":"https:\/\/www.retedeldono.it\/magazine\/wp-json\/wp\/v2\/posts"}],"about":[{"href":"https:\/\/www.retedeldono.it\/magazine\/wp-json\/wp\/v2\/types\/post"}],"author":[{"embeddable":true,"href":"https:\/\/www.retedeldono.it\/magazine\/wp-json\/wp\/v2\/users\/6"}],"replies":[{"embeddable":true,"href":"https:\/\/www.retedeldono.it\/magazine\/wp-json\/wp\/v2\/comments?post=2101"}],"version-history":[{"count":0,"href":"https:\/\/www.retedeldono.it\/magazine\/wp-json\/wp\/v2\/posts\/2101\/revisions"}],"wp:featuredmedia":[{"embeddable":true,"href":"https:\/\/www.retedeldono.it\/magazine\/wp-json\/wp\/v2\/media\/2108"}],"wp:attachment":[{"href":"https:\/\/www.retedeldono.it\/magazine\/wp-json\/wp\/v2\/media?parent=2101"}],"wp:term":[{"taxonomy":"category","embeddable":true,"href":"https:\/\/www.retedeldono.it\/magazine\/wp-json\/wp\/v2\/categories?post=2101"},{"taxonomy":"post_tag","embeddable":true,"href":"https:\/\/www.retedeldono.it\/magazine\/wp-json\/wp\/v2\/tags?post=2101"}],"curies":[{"name":"wp","href":"https:\/\/api.w.org\/{rel}","templated":true}]}}