{"id":2157,"date":"2023-04-06T08:00:00","date_gmt":"2023-04-06T08:00:00","guid":{"rendered":"https:\/\/www.retedeldono.it\/magazine\/?p=2157"},"modified":"2023-04-20T13:08:16","modified_gmt":"2023-04-20T13:08:16","slug":"raccolte-fondi-di-pasqua-2023-i-progetti-scolastici","status":"publish","type":"post","link":"https:\/\/www.retedeldono.it\/magazine\/raccolte-fondi-di-pasqua-2023-i-progetti-scolastici\/","title":{"rendered":"Raccolte fondi di Pasqua 2023: i progetti scolastici"},"content":{"rendered":"\n<p>Anche la Pasqua \u00e8 un\u2019occasione di fundraising, e ci sono organizzazioni non profit che stanno puntando su questo tempo per lanciare le loro iniziative di <strong><a href=\"https:\/\/www.retedeldono.it\/magazine\/crowdfunding\/\" target=\"_blank\" rel=\"noreferrer noopener\">Crowdfunding<\/a><\/strong>. Al centro delle <strong>raccolte fondi di Pasqua 2023<\/strong> ci sono cultura e istruzione, grazie a due progetti non convenzionali.<\/p>\n\n\n\n<h2 class=\"wp-block-heading\">Raccolte fondi di Pasqua 2023: contro la dispersione scolastica<\/h2>\n\n\n\n<p>Partire dall\u2019istruzione per costruire un futuro di pace. <a href=\"https:\/\/www.fondazionesicomoro.it\/\" target=\"_blank\" rel=\"noreferrer noopener\"><strong>Fondazione Sicomoro per l\u2019istruzione Onlus<\/strong><\/a> ha lanciato <a href=\"https:\/\/www.retedeldono.it\/it\/progetti\/fondazione-sicomoro-per-listruzione\/quaresima-2023\" target=\"_blank\" rel=\"noreferrer noopener\"><strong>Quaresima di Pace<\/strong><\/a>, un\u2019iniziativa per sostenere il loro impegno contro la dispersione scolastica di ragazzi e ragazze delle scuole medie. Il loro modello di intervento \u00e8 la Scuola Sicomoro I Care, una scuola di Seconda Opportunit\u00e0 che, lavorando in collaborazione con le scuole di provenienza, inserisce gli studenti in un percorso di riavvicinamento all\u2019istituzione scolastica, riscoprendo le proprie potenzialit\u00e0 e arrivando a sostenere l\u2019esame per la licenza media. L\u2019ente, che lavora a Milano nel quartiere Gratosoglio e nel Gallaratese e a Lodi, con questa iniziativa vuole sostenere l\u2019avvio di due borse di studio per nuovi studenti.<\/p>\n\n\n\n<h2 class=\"wp-block-heading\">Raccolte fondi di Pasqua 2023: uova per sostenere la scuola<\/h2>\n\n\n\n<p><a href=\"https:\/\/www.retedeldono.it\/it\/progetti\/scuole-la-carovana\/un-uovo-oggi-per-la-mia-scuola-di-domani\" target=\"_blank\" rel=\"noreferrer noopener\"><strong>Un uovo oggi per la mia scuola di domani<\/strong><\/a> \u00e8 invece la campagna ideata dalla <a href=\"https:\/\/www.scuolacarovana.it\/\" target=\"_blank\" rel=\"noreferrer noopener\"><strong>Cooperativa Sociale La Carovana<\/strong><\/a>, che gestisce alcune scuole paritarie di Modena. La vendita di uova di Pasqua contribuir\u00e0 al sostegno di 4 progetti nelle diverse sedi. Il Progetto scuola sostenibile presso il Centro Scolastico La Carovana, che punta ad abbattere i consumi energetici migliorando il sistema di riscaldamento, installando lampadine a LED e Digital Board meno energivore delle attuali lavagne LIM. Il Progetto di Outdoor Education alla Scuola Primaria Tommaso Pellegrini, che prevede la costruzione di un orto didattico; l\u2019acquisto di giochi da esterno per il Polo Infanzia di via Anderlini e di attrezzature e libri per il Polo Infanzia BPER.<\/p>\n\n\n\n<h2 class=\"wp-block-heading\">Il banchetto digitale delle uova<\/h2>\n\n\n\n<p>Un\u2019iniziativa inedita racconta il <strong>Direttore Davide Poggi<\/strong>, ma che sta dando i suoi frutti. <em>\u201cAbbiamo colto l\u2019occasione di unirci ad altre associazioni del territorio per prenotare in conto vendita un quantitativo di uova di cioccolata ad un\u2019azienda disponibile. Non avevamo pianificato delle azioni particolari, qualunque risultato fosse arrivato sarebbe stato positivo\u201d<\/em>. Un esperimento insomma, indirizzato solo alle famiglie delle scuole anche per scarsit\u00e0 di tempi e risorse. Ha avuto per\u00f2 il pregio di allargare le possibilit\u00e0 di accesso alla donazione, permettendo anche il dono digitale per una \u201ccampagna uova di Pasqua\u201d che tradizionalmente ha vita solo tramite banchetti in presenza.<\/p>\n\n\n\n<h2 class=\"wp-block-heading\">Minima spesa, massima resa<\/h2>\n\n\n\n<p>Il digitale \u00e8 servito anche per lanciare e comunicare subito l\u2019iniziativa. <em>\u201cConoscevamo gi\u00e0 Rete del Dono e lo abbiamo ritenuto lo strumento pi\u00f9 adeguato ed efficace, soprattutto per chi come noi non ha una struttura di raccolta fondi. Solleva da oneri gestionali e amministrativi e in pi\u00f9 garantisce grande facilit\u00e0 e rapidit\u00e0 di esecuzione, fondamentali in questo frangente. In altre occasioni avevamo usufruito del Servizio Ticketing, ma per gli obiettivi che ci eravamo posti non \u00e8 stato necessario\u201d<\/em>. E in effetti sono bastate un paio di mail per vendere oltre 150 uova, raccogliendo un migliaio di euro tra contanti e donazioni in piattaforma. Segno che, in periodi in cui l\u2019attenzione al dono \u00e8 alta come sotto Pasqua, il digitale pu\u00f2 supportare anche campagne estemporanee e poco pianificate.<\/p>\n","protected":false},"excerpt":{"rendered":"<p>Anche la Pasqua \u00e8 un\u2019occasione di fundraising, e ci sono organizzazioni non profit che stanno puntando su questo tempo per lanciare le loro iniziative di Crowdfunding. Al centro delle raccolte&#8230;<\/p>\n","protected":false},"author":11,"featured_media":2193,"comment_status":"open","ping_status":"open","sticky":false,"template":"","format":"standard","meta":{"_acf_changed":false,"footnotes":""},"categories":[13],"tags":[],"class_list":{"0":"post-2157","1":"post","2":"type-post","3":"status-publish","4":"format-standard","5":"has-post-thumbnail","7":"category-crowdfunding"},"acf":{"homepage_rdd":false},"yoast_head":"<!-- This site is optimized with the Yoast SEO plugin v27.5 - https:\/\/yoast.com\/product\/yoast-seo-wordpress\/ -->\n<title>Raccolte fondi di Pasqua 2023: i progetti scolastici - Rete del Dono<\/title>\n<meta name=\"description\" content=\"Al centro delle raccolte fondi di Pasqua 2023 ci sono cultura e istruzione, grazie a due progetti non convenzionali.\" \/>\n<meta name=\"robots\" content=\"index, follow, max-snippet:-1, max-image-preview:large, max-video-preview:-1\" \/>\n<link rel=\"canonical\" href=\"https:\/\/www.retedeldono.it\/magazine\/raccolte-fondi-di-pasqua-2023-i-progetti-scolastici\/\" \/>\n<meta property=\"og:locale\" content=\"it_IT\" \/>\n<meta property=\"og:type\" content=\"article\" \/>\n<meta property=\"og:title\" content=\"Raccolte fondi di Pasqua 2023: i progetti scolastici\" \/>\n<meta property=\"og:description\" content=\"Al centro delle raccolte fondi di Pasqua 2023 ci sono cultura e istruzione, grazie a due progetti non convenzionali.\" \/>\n<meta property=\"og:url\" content=\"https:\/\/www.retedeldono.it\/magazine\/raccolte-fondi-di-pasqua-2023-i-progetti-scolastici\/\" \/>\n<meta property=\"og:site_name\" content=\"Rete del Dono Magazine\" \/>\n<meta property=\"article:publisher\" content=\"https:\/\/www.facebook.com\/retedeldono\/\" \/>\n<meta property=\"article:published_time\" content=\"2023-04-06T08:00:00+00:00\" \/>\n<meta property=\"article:modified_time\" content=\"2023-04-20T13:08:16+00:00\" \/>\n<meta property=\"og:image\" content=\"https:\/\/magazine.retedeldono.it\/wp-content\/uploads\/2023\/04\/BANNER-1900x870-ReteDelDono_3.jpg\" \/>\n\t<meta property=\"og:image:width\" content=\"1000\" \/>\n\t<meta property=\"og:image:height\" content=\"700\" \/>\n\t<meta property=\"og:image:type\" content=\"image\/jpeg\" \/>\n<meta name=\"author\" content=\"Elisa Rosso\" \/>\n<meta name=\"twitter:card\" content=\"summary_large_image\" \/>\n<meta name=\"twitter:title\" content=\"Raccolte fondi di Pasqua 2023: i progetti scolastici\" \/>\n<meta name=\"twitter:description\" content=\"Al centro delle raccolte fondi di Pasqua 2023 ci sono cultura e istruzione, grazie a due progetti non convenzionali.\" \/>\n<meta name=\"twitter:image\" content=\"https:\/\/magazine.retedeldono.it\/wp-content\/uploads\/2023\/04\/BANNER-1900x870-ReteDelDono_3.jpg\" \/>\n<meta name=\"twitter:label1\" content=\"Scritto da\" \/>\n\t<meta name=\"twitter:data1\" content=\"Elisa Rosso\" \/>\n\t<meta name=\"twitter:label2\" content=\"Tempo di lettura stimato\" \/>\n\t<meta name=\"twitter:data2\" content=\"3 minuti\" \/>\n<script type=\"application\/ld+json\" class=\"yoast-schema-graph\">{\"@context\":\"https:\\\/\\\/schema.org\",\"@graph\":[{\"@type\":\"Article\",\"@id\":\"https:\\\/\\\/www.retedeldono.it\\\/magazine\\\/raccolte-fondi-di-pasqua-2023-i-progetti-scolastici\\\/#article\",\"isPartOf\":{\"@id\":\"https:\\\/\\\/www.retedeldono.it\\\/magazine\\\/raccolte-fondi-di-pasqua-2023-i-progetti-scolastici\\\/\"},\"author\":{\"name\":\"Elisa Rosso\",\"@id\":\"https:\\\/\\\/www.retedeldono.it\\\/magazine\\\/#\\\/schema\\\/person\\\/dd55a2becb70a4059624bae094c03583\"},\"headline\":\"Raccolte fondi di Pasqua 2023: i progetti scolastici\",\"datePublished\":\"2023-04-06T08:00:00+00:00\",\"dateModified\":\"2023-04-20T13:08:16+00:00\",\"mainEntityOfPage\":{\"@id\":\"https:\\\/\\\/www.retedeldono.it\\\/magazine\\\/raccolte-fondi-di-pasqua-2023-i-progetti-scolastici\\\/\"},\"wordCount\":537,\"commentCount\":0,\"image\":{\"@id\":\"https:\\\/\\\/www.retedeldono.it\\\/magazine\\\/raccolte-fondi-di-pasqua-2023-i-progetti-scolastici\\\/#primaryimage\"},\"thumbnailUrl\":\"https:\\\/\\\/magazine.retedeldono.it\\\/wp-content\\\/uploads\\\/2023\\\/04\\\/rete-del-dono-magazine-raccolta-fondi-pasqua.jpg\",\"articleSection\":[\"Crowdfunding\"],\"inLanguage\":\"it-IT\",\"potentialAction\":[{\"@type\":\"CommentAction\",\"name\":\"Comment\",\"target\":[\"https:\\\/\\\/www.retedeldono.it\\\/magazine\\\/raccolte-fondi-di-pasqua-2023-i-progetti-scolastici\\\/#respond\"]}]},{\"@type\":\"WebPage\",\"@id\":\"https:\\\/\\\/www.retedeldono.it\\\/magazine\\\/raccolte-fondi-di-pasqua-2023-i-progetti-scolastici\\\/\",\"url\":\"https:\\\/\\\/www.retedeldono.it\\\/magazine\\\/raccolte-fondi-di-pasqua-2023-i-progetti-scolastici\\\/\",\"name\":\"Raccolte fondi di Pasqua 2023: i progetti scolastici - Rete del Dono\",\"isPartOf\":{\"@id\":\"https:\\\/\\\/www.retedeldono.it\\\/magazine\\\/#website\"},\"primaryImageOfPage\":{\"@id\":\"https:\\\/\\\/www.retedeldono.it\\\/magazine\\\/raccolte-fondi-di-pasqua-2023-i-progetti-scolastici\\\/#primaryimage\"},\"image\":{\"@id\":\"https:\\\/\\\/www.retedeldono.it\\\/magazine\\\/raccolte-fondi-di-pasqua-2023-i-progetti-scolastici\\\/#primaryimage\"},\"thumbnailUrl\":\"https:\\\/\\\/magazine.retedeldono.it\\\/wp-content\\\/uploads\\\/2023\\\/04\\\/rete-del-dono-magazine-raccolta-fondi-pasqua.jpg\",\"datePublished\":\"2023-04-06T08:00:00+00:00\",\"dateModified\":\"2023-04-20T13:08:16+00:00\",\"author\":{\"@id\":\"https:\\\/\\\/www.retedeldono.it\\\/magazine\\\/#\\\/schema\\\/person\\\/dd55a2becb70a4059624bae094c03583\"},\"description\":\"Al centro delle raccolte fondi di Pasqua 2023 ci sono cultura e istruzione, grazie a due progetti non convenzionali.\",\"breadcrumb\":{\"@id\":\"https:\\\/\\\/www.retedeldono.it\\\/magazine\\\/raccolte-fondi-di-pasqua-2023-i-progetti-scolastici\\\/#breadcrumb\"},\"inLanguage\":\"it-IT\",\"potentialAction\":[{\"@type\":\"ReadAction\",\"target\":[\"https:\\\/\\\/www.retedeldono.it\\\/magazine\\\/raccolte-fondi-di-pasqua-2023-i-progetti-scolastici\\\/\"]}]},{\"@type\":\"ImageObject\",\"inLanguage\":\"it-IT\",\"@id\":\"https:\\\/\\\/www.retedeldono.it\\\/magazine\\\/raccolte-fondi-di-pasqua-2023-i-progetti-scolastici\\\/#primaryimage\",\"url\":\"https:\\\/\\\/magazine.retedeldono.it\\\/wp-content\\\/uploads\\\/2023\\\/04\\\/rete-del-dono-magazine-raccolta-fondi-pasqua.jpg\",\"contentUrl\":\"https:\\\/\\\/magazine.retedeldono.it\\\/wp-content\\\/uploads\\\/2023\\\/04\\\/rete-del-dono-magazine-raccolta-fondi-pasqua.jpg\",\"width\":1000,\"height\":700,\"caption\":\"rete-del-dono-magazine-raccolta-fondi-pasqua\"},{\"@type\":\"BreadcrumbList\",\"@id\":\"https:\\\/\\\/www.retedeldono.it\\\/magazine\\\/raccolte-fondi-di-pasqua-2023-i-progetti-scolastici\\\/#breadcrumb\",\"itemListElement\":[{\"@type\":\"ListItem\",\"position\":1,\"name\":\"Home\",\"item\":\"https:\\\/\\\/www.retedeldono.it\\\/magazine\\\/\"},{\"@type\":\"ListItem\",\"position\":2,\"name\":\"Raccolte fondi di Pasqua 2023: i progetti scolastici\"}]},{\"@type\":\"WebSite\",\"@id\":\"https:\\\/\\\/www.retedeldono.it\\\/magazine\\\/#website\",\"url\":\"https:\\\/\\\/www.retedeldono.it\\\/magazine\\\/\",\"name\":\"Rete del Dono Magazine\",\"description\":\"Rete del Dono Magazine\",\"potentialAction\":[{\"@type\":\"SearchAction\",\"target\":{\"@type\":\"EntryPoint\",\"urlTemplate\":\"https:\\\/\\\/www.retedeldono.it\\\/magazine\\\/?s={search_term_string}\"},\"query-input\":{\"@type\":\"PropertyValueSpecification\",\"valueRequired\":true,\"valueName\":\"search_term_string\"}}],\"inLanguage\":\"it-IT\"},{\"@type\":\"Person\",\"@id\":\"https:\\\/\\\/www.retedeldono.it\\\/magazine\\\/#\\\/schema\\\/person\\\/dd55a2becb70a4059624bae094c03583\",\"name\":\"Elisa Rosso\",\"image\":{\"@type\":\"ImageObject\",\"inLanguage\":\"it-IT\",\"@id\":\"https:\\\/\\\/secure.gravatar.com\\\/avatar\\\/3aec3818a0581b1c60c2bac3ae3e55d7a00f7084134cbdd18bc732f3d8a8b93f?s=96&d=mm&r=g\",\"url\":\"https:\\\/\\\/secure.gravatar.com\\\/avatar\\\/3aec3818a0581b1c60c2bac3ae3e55d7a00f7084134cbdd18bc732f3d8a8b93f?s=96&d=mm&r=g\",\"contentUrl\":\"https:\\\/\\\/secure.gravatar.com\\\/avatar\\\/3aec3818a0581b1c60c2bac3ae3e55d7a00f7084134cbdd18bc732f3d8a8b93f?s=96&d=mm&r=g\",\"caption\":\"Elisa Rosso\"},\"description\":\"Laureata in Scienze Internazionali e Diplomatiche presso Universit\u00e0 di Torino, lavora da sempre nel non profit e nel sociale con un significativa esperienza nel settore raccolta fondi di grandi e piccole ONP (Amnesty International e NutriAid). Nell\u2019autunno 2016 approda in Rete del Dono, dove si occupa di dare assistenza e consulenza alle ONP e alle Fondazioni per la promozione dei loro progetti e l'ottimizzazione delle campagne di raccolta fondi.\",\"url\":\"https:\\\/\\\/www.retedeldono.it\\\/magazine\\\/author\\\/elisa-rosso\\\/\"}]}<\/script>\n<!-- \/ Yoast SEO plugin. -->","yoast_head_json":{"title":"Raccolte fondi di Pasqua 2023: i progetti scolastici - Rete del Dono","description":"Al centro delle raccolte fondi di Pasqua 2023 ci sono cultura e istruzione, grazie a due progetti non convenzionali.","robots":{"index":"index","follow":"follow","max-snippet":"max-snippet:-1","max-image-preview":"max-image-preview:large","max-video-preview":"max-video-preview:-1"},"canonical":"https:\/\/www.retedeldono.it\/magazine\/raccolte-fondi-di-pasqua-2023-i-progetti-scolastici\/","og_locale":"it_IT","og_type":"article","og_title":"Raccolte fondi di Pasqua 2023: i progetti scolastici","og_description":"Al centro delle raccolte fondi di Pasqua 2023 ci sono cultura e istruzione, grazie a due progetti non convenzionali.","og_url":"https:\/\/www.retedeldono.it\/magazine\/raccolte-fondi-di-pasqua-2023-i-progetti-scolastici\/","og_site_name":"Rete del Dono Magazine","article_publisher":"https:\/\/www.facebook.com\/retedeldono\/","article_published_time":"2023-04-06T08:00:00+00:00","article_modified_time":"2023-04-20T13:08:16+00:00","og_image":[{"width":1000,"height":700,"url":"https:\/\/magazine.retedeldono.it\/wp-content\/uploads\/2023\/04\/BANNER-1900x870-ReteDelDono_3.jpg","type":"image\/jpeg"}],"author":"Elisa Rosso","twitter_card":"summary_large_image","twitter_title":"Raccolte fondi di Pasqua 2023: i progetti scolastici","twitter_description":"Al centro delle raccolte fondi di Pasqua 2023 ci sono cultura e istruzione, grazie a due progetti non convenzionali.","twitter_image":"https:\/\/magazine.retedeldono.it\/wp-content\/uploads\/2023\/04\/BANNER-1900x870-ReteDelDono_3.jpg","twitter_misc":{"Scritto da":"Elisa Rosso","Tempo di lettura stimato":"3 minuti"},"schema":{"@context":"https:\/\/schema.org","@graph":[{"@type":"Article","@id":"https:\/\/www.retedeldono.it\/magazine\/raccolte-fondi-di-pasqua-2023-i-progetti-scolastici\/#article","isPartOf":{"@id":"https:\/\/www.retedeldono.it\/magazine\/raccolte-fondi-di-pasqua-2023-i-progetti-scolastici\/"},"author":{"name":"Elisa Rosso","@id":"https:\/\/www.retedeldono.it\/magazine\/#\/schema\/person\/dd55a2becb70a4059624bae094c03583"},"headline":"Raccolte fondi di Pasqua 2023: i progetti scolastici","datePublished":"2023-04-06T08:00:00+00:00","dateModified":"2023-04-20T13:08:16+00:00","mainEntityOfPage":{"@id":"https:\/\/www.retedeldono.it\/magazine\/raccolte-fondi-di-pasqua-2023-i-progetti-scolastici\/"},"wordCount":537,"commentCount":0,"image":{"@id":"https:\/\/www.retedeldono.it\/magazine\/raccolte-fondi-di-pasqua-2023-i-progetti-scolastici\/#primaryimage"},"thumbnailUrl":"https:\/\/magazine.retedeldono.it\/wp-content\/uploads\/2023\/04\/rete-del-dono-magazine-raccolta-fondi-pasqua.jpg","articleSection":["Crowdfunding"],"inLanguage":"it-IT","potentialAction":[{"@type":"CommentAction","name":"Comment","target":["https:\/\/www.retedeldono.it\/magazine\/raccolte-fondi-di-pasqua-2023-i-progetti-scolastici\/#respond"]}]},{"@type":"WebPage","@id":"https:\/\/www.retedeldono.it\/magazine\/raccolte-fondi-di-pasqua-2023-i-progetti-scolastici\/","url":"https:\/\/www.retedeldono.it\/magazine\/raccolte-fondi-di-pasqua-2023-i-progetti-scolastici\/","name":"Raccolte fondi di Pasqua 2023: i progetti scolastici - Rete del Dono","isPartOf":{"@id":"https:\/\/www.retedeldono.it\/magazine\/#website"},"primaryImageOfPage":{"@id":"https:\/\/www.retedeldono.it\/magazine\/raccolte-fondi-di-pasqua-2023-i-progetti-scolastici\/#primaryimage"},"image":{"@id":"https:\/\/www.retedeldono.it\/magazine\/raccolte-fondi-di-pasqua-2023-i-progetti-scolastici\/#primaryimage"},"thumbnailUrl":"https:\/\/magazine.retedeldono.it\/wp-content\/uploads\/2023\/04\/rete-del-dono-magazine-raccolta-fondi-pasqua.jpg","datePublished":"2023-04-06T08:00:00+00:00","dateModified":"2023-04-20T13:08:16+00:00","author":{"@id":"https:\/\/www.retedeldono.it\/magazine\/#\/schema\/person\/dd55a2becb70a4059624bae094c03583"},"description":"Al centro delle raccolte fondi di Pasqua 2023 ci sono cultura e istruzione, grazie a due progetti non convenzionali.","breadcrumb":{"@id":"https:\/\/www.retedeldono.it\/magazine\/raccolte-fondi-di-pasqua-2023-i-progetti-scolastici\/#breadcrumb"},"inLanguage":"it-IT","potentialAction":[{"@type":"ReadAction","target":["https:\/\/www.retedeldono.it\/magazine\/raccolte-fondi-di-pasqua-2023-i-progetti-scolastici\/"]}]},{"@type":"ImageObject","inLanguage":"it-IT","@id":"https:\/\/www.retedeldono.it\/magazine\/raccolte-fondi-di-pasqua-2023-i-progetti-scolastici\/#primaryimage","url":"https:\/\/magazine.retedeldono.it\/wp-content\/uploads\/2023\/04\/rete-del-dono-magazine-raccolta-fondi-pasqua.jpg","contentUrl":"https:\/\/magazine.retedeldono.it\/wp-content\/uploads\/2023\/04\/rete-del-dono-magazine-raccolta-fondi-pasqua.jpg","width":1000,"height":700,"caption":"rete-del-dono-magazine-raccolta-fondi-pasqua"},{"@type":"BreadcrumbList","@id":"https:\/\/www.retedeldono.it\/magazine\/raccolte-fondi-di-pasqua-2023-i-progetti-scolastici\/#breadcrumb","itemListElement":[{"@type":"ListItem","position":1,"name":"Home","item":"https:\/\/www.retedeldono.it\/magazine\/"},{"@type":"ListItem","position":2,"name":"Raccolte fondi di Pasqua 2023: i progetti scolastici"}]},{"@type":"WebSite","@id":"https:\/\/www.retedeldono.it\/magazine\/#website","url":"https:\/\/www.retedeldono.it\/magazine\/","name":"Rete del Dono Magazine","description":"Rete del Dono Magazine","potentialAction":[{"@type":"SearchAction","target":{"@type":"EntryPoint","urlTemplate":"https:\/\/www.retedeldono.it\/magazine\/?s={search_term_string}"},"query-input":{"@type":"PropertyValueSpecification","valueRequired":true,"valueName":"search_term_string"}}],"inLanguage":"it-IT"},{"@type":"Person","@id":"https:\/\/www.retedeldono.it\/magazine\/#\/schema\/person\/dd55a2becb70a4059624bae094c03583","name":"Elisa Rosso","image":{"@type":"ImageObject","inLanguage":"it-IT","@id":"https:\/\/secure.gravatar.com\/avatar\/3aec3818a0581b1c60c2bac3ae3e55d7a00f7084134cbdd18bc732f3d8a8b93f?s=96&d=mm&r=g","url":"https:\/\/secure.gravatar.com\/avatar\/3aec3818a0581b1c60c2bac3ae3e55d7a00f7084134cbdd18bc732f3d8a8b93f?s=96&d=mm&r=g","contentUrl":"https:\/\/secure.gravatar.com\/avatar\/3aec3818a0581b1c60c2bac3ae3e55d7a00f7084134cbdd18bc732f3d8a8b93f?s=96&d=mm&r=g","caption":"Elisa Rosso"},"description":"Laureata in Scienze Internazionali e Diplomatiche presso Universit\u00e0 di Torino, lavora da sempre nel non profit e nel sociale con un significativa esperienza nel settore raccolta fondi di grandi e piccole ONP (Amnesty International e NutriAid). Nell\u2019autunno 2016 approda in Rete del Dono, dove si occupa di dare assistenza e consulenza alle ONP e alle Fondazioni per la promozione dei loro progetti e l'ottimizzazione delle campagne di raccolta fondi.","url":"https:\/\/www.retedeldono.it\/magazine\/author\/elisa-rosso\/"}]}},"_links":{"self":[{"href":"https:\/\/www.retedeldono.it\/magazine\/wp-json\/wp\/v2\/posts\/2157","targetHints":{"allow":["GET"]}}],"collection":[{"href":"https:\/\/www.retedeldono.it\/magazine\/wp-json\/wp\/v2\/posts"}],"about":[{"href":"https:\/\/www.retedeldono.it\/magazine\/wp-json\/wp\/v2\/types\/post"}],"author":[{"embeddable":true,"href":"https:\/\/www.retedeldono.it\/magazine\/wp-json\/wp\/v2\/users\/11"}],"replies":[{"embeddable":true,"href":"https:\/\/www.retedeldono.it\/magazine\/wp-json\/wp\/v2\/comments?post=2157"}],"version-history":[{"count":0,"href":"https:\/\/www.retedeldono.it\/magazine\/wp-json\/wp\/v2\/posts\/2157\/revisions"}],"wp:featuredmedia":[{"embeddable":true,"href":"https:\/\/www.retedeldono.it\/magazine\/wp-json\/wp\/v2\/media\/2193"}],"wp:attachment":[{"href":"https:\/\/www.retedeldono.it\/magazine\/wp-json\/wp\/v2\/media?parent=2157"}],"wp:term":[{"taxonomy":"category","embeddable":true,"href":"https:\/\/www.retedeldono.it\/magazine\/wp-json\/wp\/v2\/categories?post=2157"},{"taxonomy":"post_tag","embeddable":true,"href":"https:\/\/www.retedeldono.it\/magazine\/wp-json\/wp\/v2\/tags?post=2157"}],"curies":[{"name":"wp","href":"https:\/\/api.w.org\/{rel}","templated":true}]}}