{"id":2201,"date":"2023-04-20T08:00:00","date_gmt":"2023-04-20T08:00:00","guid":{"rendered":"https:\/\/www.retedeldono.it\/magazine\/?p=2201"},"modified":"2023-05-04T09:46:05","modified_gmt":"2023-05-04T09:46:05","slug":"milano-marathon-charity-award-2023-ecco-i-premiati","status":"publish","type":"post","link":"https:\/\/www.retedeldono.it\/magazine\/milano-marathon-charity-award-2023-ecco-i-premiati\/","title":{"rendered":"Milano Marathon Charity Award 2023, ecco i premiati"},"content":{"rendered":"[vc_row type=&#8221;in_container&#8221; full_screen_row_position=&#8221;middle&#8221; column_margin=&#8221;default&#8221; column_direction=&#8221;default&#8221; column_direction_tablet=&#8221;default&#8221; column_direction_phone=&#8221;default&#8221; scene_position=&#8221;center&#8221; text_color=&#8221;dark&#8221; text_align=&#8221;left&#8221; row_border_radius=&#8221;none&#8221; row_border_radius_applies=&#8221;bg&#8221; overflow=&#8221;visible&#8221; overlay_strength=&#8221;0.3&#8243; gradient_direction=&#8221;left_to_right&#8221; shape_divider_position=&#8221;bottom&#8221; bg_image_animation=&#8221;none&#8221;][vc_column column_padding=&#8221;no-extra-padding&#8221; column_padding_tablet=&#8221;inherit&#8221; column_padding_phone=&#8221;inherit&#8221; column_padding_position=&#8221;all&#8221; column_element_spacing=&#8221;default&#8221; background_color_opacity=&#8221;1&#8243; background_hover_color_opacity=&#8221;1&#8243; column_shadow=&#8221;none&#8221; column_border_radius=&#8221;none&#8221; column_link_target=&#8221;_self&#8221; column_position=&#8221;default&#8221; gradient_direction=&#8221;left_to_right&#8221; overlay_strength=&#8221;0.3&#8243; width=&#8221;1\/1&#8243; tablet_width_inherit=&#8221;default&#8221; tablet_text_alignment=&#8221;default&#8221; phone_text_alignment=&#8221;default&#8221; animation_type=&#8221;default&#8221; bg_image_animation=&#8221;none&#8221; border_type=&#8221;simple&#8221; column_border_width=&#8221;none&#8221; column_border_style=&#8221;solid&#8221;][vc_column_text]\r\n<p>Ancora una volta il Charity Program della Milano Marathon 2023, corsa il 2 aprile scorso, ha stupito per i risultati raggiunti e l\u2019atmosfera che ha creato in citt\u00e0. Dopo i due anni difficili dovuti alla pandemia, la Maratona torna a confermare di essere uno degli appuntamenti sportivi pi\u00f9 importanti d\u2019Europa per il charity: <strong>in 11 anni ha permesso una raccolta totale superiore a 5,5 milioni di euro<\/strong>. Un traguardo che abbiamo voluto celebrare ai <strong>Milano Marathon Charity Award 2023<\/strong>.<\/p>\r\n\r\n<p>&nbsp;<\/p>\r\n\r\n<h2 class=\"wp-block-heading\">Milano Marathon Charity Award 2023: i numeri<\/h2>\r\n\r\n<p>13.000 staffettisti e 3.250 team: questa la partecipazione all\u2019edizione 2023, salutata con entusiasmo da <strong>Luca Onofrio, Responsabile Mass Events di RCS Sports &amp; Events<\/strong>. \u201cIl coinvolgimento di ben 92 ONP dimostra l\u2019importanza di questo progetto, unico in Italia in termini tanto di risultati quanto di progetti realizzati. Un valore incredibile non solo per il nostro Gruppo, ma per tutti i nostri Partner e le Istituzioni che ci affiancano in questo straordinario percorso\u201d.<\/p>\r\n\r\n<p>&nbsp;<\/p>\r\n\r\n<h2 class=\"wp-block-heading\">Milano Marathon Charity Award 2023: una riconferma<\/h2>\r\n\r\n<p>Tra i partner pi\u00f9 importanti Lenovo, sponsor della Relay Marathon. \u201cSiamo davvero felici di celebrare l\u2019ennesimo successo della staffetta solidale\u201d ha detto <strong>Alberto Spinelli, Executive Director and EMEA Chief Marketing Officer di Lenovo<\/strong>. \u201cUna manifestazione che unisce persone tra le pi\u00f9 diverse, amata dai runner e dalla citt\u00e0 di Milano. I risultati di questa edizione sono il frutto di una grande giornata di sport e inclusione che contribuir\u00e0, grazie alla solidariet\u00e0 del Charity Program, a rendere possibili traguardi ambiziosi per la comunit\u00e0\u201d.<\/p>\r\n\r\n<p>&nbsp;<\/p>\r\n\r\n<h2 class=\"wp-block-heading\">Milano Marathon Charity Award 2023: la raccolta su Rete del Dono<\/h2>\r\n\r\n<p>Piattaforma di raccolta fondi, ma anche consulente formativo per i runner fundraiser e le organizzazioni non profit aderenti. Questa \u00e8 Rete del Dono per il Charity Program della Milano Marathon. \u201cSiamo orgogliosi dei risultati di questa 21^ edizione\u201d ha detto <strong>Valeria Vitali, co-founder di Rete del Dono<\/strong>. \u201cOltre 1 milione di euro raccolti, pareggiando quasi il record del 2019, con l\u2019ambizione di fare sempre meglio. Il progetto, sviluppato in questi 11 anni con la Milano Marathon e la visione di Fabrizio Cosi, ha permesso di diffondere la cultura del dono fuori dai canali tradizionali, coinvolgendo tantissime persone grazie al lavoro dei <a href=\"https:\/\/www.retedeldono.it\/magazine\/maratone-solidali-storie-di-runner-personal-fundraiser\/\" target=\"_blank\" rel=\"noreferrer noopener\"><strong>runner fundraiser<\/strong><\/a> che in occasione della Charity Relay si spendono a sostegno di una buona causa, donando e invitando a donare\u201d. Un\u2019esperienza che sar\u00e0 protagonista anche alla Civil Week milanese del 5 maggio. \u201cRacconteremo come questo grande evento sportivo sia in grado di generare impatto sul territorio, grazie al contributo di cittadini responsabili e desiderosi di fare la propria parte\u201d.<\/p>\r\n\r\n<p>&nbsp;<\/p>\r\n\r\n<h2 class=\"wp-block-heading\">Milano Marathon Charity Award 2023: aziende e ONP<\/h2>\r\n\r\n<p>Entusiasmo e divertimento sono l\u2019ingrediente segreto delle ONP che hanno raccolto pi\u00f9 fondi. Come <strong>Fondazione Italiana Diabete<\/strong>, seconda classificata. \u201cPer una prima partecipazione come la nostra, la cosa pi\u00f9 bella sono state le 2011 persone che hanno donato\u201d ha detto <strong>Francesca Ulivi<\/strong>, Direttore Generale. \u201cCi siamo divertiti, e questa \u00e8 la base della nostra terapia ricreativa\u201d hanno aggiunto <strong>Claudia Conte, Giulia Cuccia, Elena Giorgini e Francesca Maggioni di Dynamo Camp<\/strong>, prima classificata. Per loro ha raccolto anche <strong>KME<\/strong>, l\u2019<a href=\"https:\/\/www.retedeldono.it\/magazine\/maratone-solidali-aziende-e-coinvolgimento-dei-dipendenti\/\" target=\"_blank\" rel=\"noreferrer noopener\">azienda che ha raccolto di pi\u00f9<\/a>. \u201cAvevamo l\u2019obiettivo di rafforzare il team building e promuovere l\u2019inclusione\u201d ha raccontato <strong>Paola Lari<\/strong>. \u201cPer me \u00e8 stata la prima volta ed \u00e8 stato bellissimo, mi ha dato un\u2019adrenalina pazzesca\u201d.<\/p>\r\n\r\n<p>&nbsp;<\/p>\r\n\r\n<h2 class=\"wp-block-heading\">Milano Marathon Charity Award 2023: Personal Fundraiser<\/h2>\r\n\r\n<p>Tanti i premi (offerti da Named, Festina, Asics, Decathlon, Levissima e Lacomed) per i runner <a href=\"https:\/\/www.retedeldono.it\/magazine\/personal-fundraising\/\" target=\"_blank\" rel=\"noreferrer noopener\">Personal Fundraiser<\/a>, anima del Charity Program. Riconoscimento per il Nome pi\u00f9 originale a Yuri, che ha attivato la campagna <strong>&#8220;\u2026 Sulla cresta dell&#8217;onda&#8221;<\/strong>. Il motivo? Lui, maratoneta storico, quest\u2019anno ha potuto gareggiare solo nella staffetta per via di un infortunio sub\u00ecto proprio al mare.<\/p>\r\n\r\n<p>Alla prima partecipazione, subito un premio come Migliore staffetta per <strong>I Cavilli<\/strong>, che hanno raccolto 8mila euro per la Fondazione Gaslininsieme, che complessivamente \u00e8 riuscita a far gareggiare ben 70 tra medici, infermieri e tecnici nelle sue 18 staffette.<\/p>\r\n\r\n<p>Il fuoriclasse \u00e8 per\u00f2 <strong>Magister<\/strong>, al secolo Roberto, ambassador di Sport Senza Frontiere, che con il suo carisma ha raccolto negli anni oltre 30mila euro. \u201cHo scommesso che avrei corso una tappa di staffetta ogni 2mila euro raccolti, ne ho corse quattro! E che avrei donato il 5% di tasca mia se fossi stato sotto le 2 ore\u2026 ci sono riuscito. Non abbiate paura di chiedere: dopo un paio di porte in faccia, anche voi raggiungerete quota 254 donatori\u201d.<\/p>\r\n\r\n<p>&nbsp;<\/p>\r\n\r\n<h2 class=\"wp-block-heading\">Milano Marathon Charity Award 2023: A Scuola di Maratona<\/h2>\r\n\r\n<p>Giunta alla 7a edizione, la <strong>Levissima School Marathon <\/strong>organizzata in collaborazione con OPES (Organizzazione per l\u2019Educazione allo Sport) quest\u2019anno ha coinvolto <strong>8.500 tra bambini, famiglie e accompagnatori<\/strong>, che hanno riempito di colore il percorso di 3 chilometri disegnato all\u2019interno del parco di CityLife. <strong>Roberto Ciufoletti, presidente di OPES Lombardia<\/strong>, ha ricordato gli obiettivi del progetto didattico, promosso da RCS Sport e rivolto alle classi di scuola primaria e secondaria di primo grado di Milano e dintorni. \u201cAvvicinare gli alunni al mondo della maratona, della sua storia e dei suoi valori; incentivare la partecipazione delle scuole alla \u2018corsa dei piccoli\u2019;\u00a0 sensibilizzare gli alunni all\u2019attivit\u00e0 outdoor come strumento per uno stile di vita sano e green\u201d. Il contest di progetto richiedeva la realizzazione di un elaborato didattico a scelta tra diverse tematiche.<\/p>\r\n\r\n<p>&nbsp;<\/p>\r\n\r\n<h2 class=\"wp-block-heading\">Milano Marathon Charity Award 2023: tutti i vincitori<\/h2>\r\n\r\n<p>&nbsp;<\/p>\r\n\r\n<h3 class=\"wp-block-heading\">Onp Top Fundraiser<\/h3>\r\n\r\n<p>Le 3 Onlus che hanno raccolto pi\u00f9 fondi.<\/p>\r\n\r\n<p>&nbsp;<\/p>\r\n\r\n<ul class=\"wp-block-list\">\r\n<li style=\"list-style-type: none;\">\r\n<ul>\r\n<li>1a classificata: <a href=\"https:\/\/www.retedeldono.it\/progetti\/dynamo-camp\/run-to-happiness-milano-marathon-2023\"><strong>Dynamo Camp<\/strong><\/a> (circa 117 mila euro)<\/li>\r\n\r\n\r\n\r\n<li>2a classificata: <a href=\"https:\/\/www.retedeldono.it\/progetti\/fid-fondazione-italiana-diabete-onlus\/le-staffette-per-la-cura-run4fid\"><strong>Fondazione Italiana Diabete<\/strong><\/a> (circa 103 mila euro).<\/li>\r\n\r\n\r\n\r\n<li>3a classificata: <a href=\"https:\/\/www.retedeldono.it\/progetti\/playmore\/runchallenge-2023\"><strong>RunChallenge\/Playmore!<\/strong><\/a> (circa 77 mila euro). \u00c8 un Running Club gratuito che unisce persone con e senza disabilit\u00e0, con il sogno di correre tutti insieme la Maratona.<\/li>\r\n<\/ul>\r\n<\/li>\r\n<\/ul>\r\n\r\n<p>&nbsp;<\/p>\r\n\r\n<p>&nbsp;<\/p>\r\n\r\n<h3 class=\"wp-block-heading\">Aziende Top Fundraiser<\/h3>\r\n\r\n<p>Le 3 aziende che hanno raccolto pi\u00f9 fondi.<\/p>\r\n\r\n<p>&nbsp;<\/p>\r\n\r\n<ul class=\"wp-block-list\">\r\n<li style=\"list-style-type: none;\">\r\n<ul>\r\n<li>1a classificata: <strong>KME<\/strong> per Dynamo Camp (circa 35 mila euro).<\/li>\r\n\r\n\r\n\r\n<li>2a classificata: <strong>Lombardini22<\/strong> per LILT Monza Brianza e RunChallenge (circa 24 mila euro).<\/li>\r\n\r\n\r\n\r\n<li>3a classificata: <strong>Fondazione LHS<\/strong> per LILT Milano Monza Brianza (circa 19 mila euro).<\/li>\r\n<\/ul>\r\n<\/li>\r\n<\/ul>\r\n\r\n<p>&nbsp;<\/p>\r\n\r\n<p>&nbsp;<\/p>\r\n\r\n<h3 class=\"wp-block-heading\">Top Personal Fundraiser<\/h3>\r\n\r\n<p>&nbsp;<\/p>\r\n\r\n<ul class=\"wp-block-list\">\r\n<li style=\"list-style-type: none;\">\r\n<ul>\r\n<li><strong>Premio Staffetta: I Cavilli <\/strong>per <a href=\"https:\/\/www.retedeldono.it\/it\/progetti\/gaslininsieme\/corri-insieme-al-gaslini\">Fondazione Gaslininsieme<\/a> (8mila euro).<\/li>\r\n\r\n\r\n\r\n<li><strong>Premio Individuo: Magister <\/strong>per <a href=\"https:\/\/www.retedeldono.it\/it\/progetti\/sport-senza-frontiere-onlus\/run-for-good-milano-marathon-2023\">Sport Senza Frontiere<\/a> (oltre 15mila euro).<\/li>\r\n\r\n\r\n\r\n<li><strong>Premio Gruppo: The BEAuties and the BEAsts<\/strong> per \u2018<a href=\"https:\/\/www.retedeldono.it\/it\/progetti\/una-mano-per...\/terapia-ricreativa-mm23\">Una Mano per\u2026<\/a>\u2019.<\/li>\r\n\r\n\r\n\r\n<li><strong>Premio VIP: <a href=\"https:\/\/www.retedeldono.it\/it\/iniziative\/fondazione-italiana-diabete-onlus\/massimo.ambrosini\/born-to-run\">Massimo Ambrosini<\/a><\/strong> per Fondazione Italiana Diabete (circa 50mila euro).<\/li>\r\n\r\n\r\n\r\n<li><strong>Menzione Speciale: Sport Senza Frontiere<\/strong> per il numero di staffette coinvolte: 273.<\/li>\r\n<\/ul>\r\n<\/li>\r\n<\/ul>\r\n\r\n<p>&nbsp;<\/p>\r\n\r\n<p>&nbsp;<\/p>\r\n\r\n<h3 class=\"wp-block-heading\">Premio Fabrizio Cosi<\/h3>\r\n\r\n<p>Intitolato alla memoria del fondatore del Milano Marathon Charity Program, il premio \u00e8 andato a <strong>Fondazione Italiana Diabete<\/strong> per lo sviluppo della migliore campagna di comunicazione.<\/p>\r\n\r\n<p>&nbsp;<\/p>\r\n\r\n<h3 class=\"wp-block-heading\">Altri Premi<\/h3>\r\n\r\n<p>&nbsp;<\/p>\r\n\r\n<ul class=\"wp-block-list\">\r\n<li style=\"list-style-type: none;\">\r\n<ul>\r\n<li><strong>Parata pi\u00fa Orginale: <a href=\"https:\/\/www.retedeldono.it\/it\/progetti\/comunit%C3%A0-oklahoma\/il-viaggio-pi%C3%B9-bello\">Comunit\u00e0 Oklahoma<\/a><\/strong> (la scenografia, creata dai ragazzi, richiama l&#8217;obiettivo della campagna di portarli in vacanza ad agosto).<\/li>\r\n\r\n\r\n\r\n<li><strong>Nome pi\u00f9 originale: \u201cSulla cresta dell\u2019onda\u201d<\/strong> per <a href=\"https:\/\/www.retedeldono.it\/it\/progetti\/runforemma-friends\/keepsmailing\">RunForEmma &amp; Friends.<\/a><\/li>\r\n\r\n\r\n\r\n<li><strong>Outfit pi\u00f9 singolari: Paolo Guenzi<\/strong> per <a href=\"https:\/\/www.retedeldono.it\/it\/progetti\/la-gotita-onlus\/gotita-run-regala-lestate-a-un-bambino\">La Gotita Onlus<\/a> (ha corso travestito da Zorro) ed <strong>Emanuele Poggi<\/strong> per Comunit\u00e0 Oklahoma (in salvagente e costume da bagno).<\/li>\r\n\r\n\r\n\r\n<li><strong>Premio alla carriera: Giuseppe Tripari<\/strong>, che con la Milano Marathon 2023 dice addio al mondo agonistico della corsa dopo 250 maratone.<\/li>\r\n\r\n\r\n\r\n<li><strong>Premio Senior: Tommaso Caraceni<\/strong> per <a href=\"https:\/\/www.retedeldono.it\/it\/progetti\/make-a-wish-italia\/corriperunsogno-0\">Make-A-Wish,<\/a> che a 92 anni ha corso fatto 6,5 km.<\/li>\r\n<\/ul>\r\n<\/li>\r\n<\/ul>\r\n\r\n<p>&nbsp;<\/p>\r\n\r\n<p>&nbsp;<\/p>\r\n\r\n<h3 class=\"wp-block-heading\">Contest \u2018A Scuola di Maratona\u2019<\/h3>\r\n\r\n<p>Per i migliori contest creativi hanno vinto:<\/p>\r\n\r\n<p>&nbsp;<\/p>\r\n\r\n<ul class=\"wp-block-list\">\r\n<li style=\"list-style-type: none;\">\r\n<ul>\r\n<li><strong>Scuola Primaria Montessori<\/strong> dell\u2019Istituto Comprensivo Giovanni Testori <strong>di Novate Milanese<\/strong> per \u201cAmbrogio Green Crew\u201d.<\/li>\r\n\r\n\r\n\r\n<li><strong>Scuola Secondaria Sabin<\/strong> dell\u2019Istituto Comprensivo A.B. Sabin <strong>di Segrate<\/strong> per il progetto \u201cAttenti al muro\u201d.<\/li>\r\n<\/ul>\r\n<\/li>\r\n<\/ul>\r\n\r\n<p>&nbsp;<\/p>\r\n\r\n<p>&nbsp;<\/p>\r\n[\/vc_column_text][\/vc_column][\/vc_row]","protected":false},"excerpt":{"rendered":"<p>[vc_row type=&#8221;in_container&#8221; full_screen_row_position=&#8221;middle&#8221; column_margin=&#8221;default&#8221; column_direction=&#8221;default&#8221; column_direction_tablet=&#8221;default&#8221; column_direction_phone=&#8221;default&#8221; scene_position=&#8221;center&#8221; text_color=&#8221;dark&#8221; text_align=&#8221;left&#8221; row_border_radius=&#8221;none&#8221; row_border_radius_applies=&#8221;bg&#8221; overflow=&#8221;visible&#8221; overlay_strength=&#8221;0.3&#8243; gradient_direction=&#8221;left_to_right&#8221; shape_divider_position=&#8221;bottom&#8221; bg_image_animation=&#8221;none&#8221;][vc_column column_padding=&#8221;no-extra-padding&#8221; column_padding_tablet=&#8221;inherit&#8221; column_padding_phone=&#8221;inherit&#8221; column_padding_position=&#8221;all&#8221; column_element_spacing=&#8221;default&#8221; background_color_opacity=&#8221;1&#8243; background_hover_color_opacity=&#8221;1&#8243; column_shadow=&#8221;none&#8221; column_border_radius=&#8221;none&#8221; column_link_target=&#8221;_self&#8221; column_position=&#8221;default&#8221; gradient_direction=&#8221;left_to_right&#8221; overlay_strength=&#8221;0.3&#8243;&#8230;<\/p>\n","protected":false},"author":12,"featured_media":2205,"comment_status":"open","ping_status":"open","sticky":true,"template":"","format":"standard","meta":{"_acf_changed":false,"footnotes":""},"categories":[17],"tags":[],"class_list":{"0":"post-2201","1":"post","2":"type-post","3":"status-publish","4":"format-standard","5":"has-post-thumbnail","7":"category-fundraising"},"acf":{"homepage_rdd":false},"yoast_head":"<!-- This site is optimized with the Yoast SEO plugin v27.5 - https:\/\/yoast.com\/product\/yoast-seo-wordpress\/ -->\n<title>Milano Marathon Charity Award 2023, i premiati - Rete del Dono<\/title>\n<meta name=\"description\" content=\"I Milano Marathon Charity Award 2023 celebrano un evento che si conferma tra i pi\u00f9 importanti d\u2019Europa come mole di raccolta fondi.\" \/>\n<meta name=\"robots\" content=\"index, follow, max-snippet:-1, max-image-preview:large, max-video-preview:-1\" \/>\n<link rel=\"canonical\" href=\"https:\/\/www.retedeldono.it\/magazine\/milano-marathon-charity-award-2023-ecco-i-premiati\/\" \/>\n<meta property=\"og:locale\" content=\"it_IT\" \/>\n<meta property=\"og:type\" content=\"article\" \/>\n<meta property=\"og:title\" content=\"Milano Marathon Charity Award 2023, i premiati\" \/>\n<meta property=\"og:description\" content=\"I Milano Marathon Charity Award 2023 celebrano un evento che si conferma tra i pi\u00f9 importanti d\u2019Europa come mole di raccolta fondi.\" \/>\n<meta property=\"og:url\" content=\"https:\/\/www.retedeldono.it\/magazine\/milano-marathon-charity-award-2023-ecco-i-premiati\/\" \/>\n<meta property=\"og:site_name\" content=\"Rete del Dono Magazine\" \/>\n<meta property=\"article:publisher\" content=\"https:\/\/www.facebook.com\/retedeldono\/\" \/>\n<meta property=\"article:published_time\" content=\"2023-04-20T08:00:00+00:00\" \/>\n<meta property=\"article:modified_time\" content=\"2023-05-04T09:46:05+00:00\" \/>\n<meta property=\"og:image\" content=\"https:\/\/magazine.retedeldono.it\/wp-content\/uploads\/2023\/04\/rete-del-dono-milano-marathon-awards-2023.jpg\" \/>\n\t<meta property=\"og:image:width\" content=\"1000\" \/>\n\t<meta property=\"og:image:height\" content=\"700\" \/>\n\t<meta property=\"og:image:type\" content=\"image\/jpeg\" \/>\n<meta name=\"author\" content=\"Francesca Gervasoni\" \/>\n<meta name=\"twitter:card\" content=\"summary_large_image\" \/>\n<meta name=\"twitter:title\" content=\"Milano Marathon Charity Award 2023, i premiati\" \/>\n<meta name=\"twitter:description\" content=\"I Milano Marathon Charity Award 2023 celebrano un evento che si conferma tra i pi\u00f9 importanti d\u2019Europa come mole di raccolta fondi.\" \/>\n<meta name=\"twitter:image\" content=\"https:\/\/magazine.retedeldono.it\/wp-content\/uploads\/2023\/04\/rete-del-dono-milano-marathon-awards-2023.jpg\" \/>\n<meta name=\"twitter:label1\" content=\"Scritto da\" \/>\n\t<meta name=\"twitter:data1\" content=\"Francesca Gervasoni\" \/>\n\t<meta name=\"twitter:label2\" content=\"Tempo di lettura stimato\" \/>\n\t<meta name=\"twitter:data2\" content=\"7 minuti\" \/>\n<script type=\"application\/ld+json\" class=\"yoast-schema-graph\">{\"@context\":\"https:\\\/\\\/schema.org\",\"@graph\":[{\"@type\":\"Article\",\"@id\":\"https:\\\/\\\/www.retedeldono.it\\\/magazine\\\/milano-marathon-charity-award-2023-ecco-i-premiati\\\/#article\",\"isPartOf\":{\"@id\":\"https:\\\/\\\/www.retedeldono.it\\\/magazine\\\/milano-marathon-charity-award-2023-ecco-i-premiati\\\/\"},\"author\":{\"name\":\"Francesca Gervasoni\",\"@id\":\"https:\\\/\\\/www.retedeldono.it\\\/magazine\\\/#\\\/schema\\\/person\\\/a35c81474fbabc7c769d83f87073545f\"},\"headline\":\"Milano Marathon Charity Award 2023, ecco i premiati\",\"datePublished\":\"2023-04-20T08:00:00+00:00\",\"dateModified\":\"2023-05-04T09:46:05+00:00\",\"mainEntityOfPage\":{\"@id\":\"https:\\\/\\\/www.retedeldono.it\\\/magazine\\\/milano-marathon-charity-award-2023-ecco-i-premiati\\\/\"},\"wordCount\":1349,\"commentCount\":0,\"image\":{\"@id\":\"https:\\\/\\\/www.retedeldono.it\\\/magazine\\\/milano-marathon-charity-award-2023-ecco-i-premiati\\\/#primaryimage\"},\"thumbnailUrl\":\"https:\\\/\\\/magazine.retedeldono.it\\\/wp-content\\\/uploads\\\/2023\\\/04\\\/rete-del-dono-milano-marathon-awards-2023.jpg\",\"articleSection\":[\"Fundraising\"],\"inLanguage\":\"it-IT\",\"potentialAction\":[{\"@type\":\"CommentAction\",\"name\":\"Comment\",\"target\":[\"https:\\\/\\\/www.retedeldono.it\\\/magazine\\\/milano-marathon-charity-award-2023-ecco-i-premiati\\\/#respond\"]}]},{\"@type\":\"WebPage\",\"@id\":\"https:\\\/\\\/www.retedeldono.it\\\/magazine\\\/milano-marathon-charity-award-2023-ecco-i-premiati\\\/\",\"url\":\"https:\\\/\\\/www.retedeldono.it\\\/magazine\\\/milano-marathon-charity-award-2023-ecco-i-premiati\\\/\",\"name\":\"Milano Marathon Charity Award 2023, i premiati - Rete del Dono\",\"isPartOf\":{\"@id\":\"https:\\\/\\\/www.retedeldono.it\\\/magazine\\\/#website\"},\"primaryImageOfPage\":{\"@id\":\"https:\\\/\\\/www.retedeldono.it\\\/magazine\\\/milano-marathon-charity-award-2023-ecco-i-premiati\\\/#primaryimage\"},\"image\":{\"@id\":\"https:\\\/\\\/www.retedeldono.it\\\/magazine\\\/milano-marathon-charity-award-2023-ecco-i-premiati\\\/#primaryimage\"},\"thumbnailUrl\":\"https:\\\/\\\/magazine.retedeldono.it\\\/wp-content\\\/uploads\\\/2023\\\/04\\\/rete-del-dono-milano-marathon-awards-2023.jpg\",\"datePublished\":\"2023-04-20T08:00:00+00:00\",\"dateModified\":\"2023-05-04T09:46:05+00:00\",\"author\":{\"@id\":\"https:\\\/\\\/www.retedeldono.it\\\/magazine\\\/#\\\/schema\\\/person\\\/a35c81474fbabc7c769d83f87073545f\"},\"description\":\"I Milano Marathon Charity Award 2023 celebrano un evento che si conferma tra i pi\u00f9 importanti d\u2019Europa come mole di raccolta fondi.\",\"breadcrumb\":{\"@id\":\"https:\\\/\\\/www.retedeldono.it\\\/magazine\\\/milano-marathon-charity-award-2023-ecco-i-premiati\\\/#breadcrumb\"},\"inLanguage\":\"it-IT\",\"potentialAction\":[{\"@type\":\"ReadAction\",\"target\":[\"https:\\\/\\\/www.retedeldono.it\\\/magazine\\\/milano-marathon-charity-award-2023-ecco-i-premiati\\\/\"]}]},{\"@type\":\"ImageObject\",\"inLanguage\":\"it-IT\",\"@id\":\"https:\\\/\\\/www.retedeldono.it\\\/magazine\\\/milano-marathon-charity-award-2023-ecco-i-premiati\\\/#primaryimage\",\"url\":\"https:\\\/\\\/magazine.retedeldono.it\\\/wp-content\\\/uploads\\\/2023\\\/04\\\/rete-del-dono-milano-marathon-awards-2023.jpg\",\"contentUrl\":\"https:\\\/\\\/magazine.retedeldono.it\\\/wp-content\\\/uploads\\\/2023\\\/04\\\/rete-del-dono-milano-marathon-awards-2023.jpg\",\"width\":1000,\"height\":700,\"caption\":\"rete-del-dono-milano-marathon-awards-2023\"},{\"@type\":\"BreadcrumbList\",\"@id\":\"https:\\\/\\\/www.retedeldono.it\\\/magazine\\\/milano-marathon-charity-award-2023-ecco-i-premiati\\\/#breadcrumb\",\"itemListElement\":[{\"@type\":\"ListItem\",\"position\":1,\"name\":\"Home\",\"item\":\"https:\\\/\\\/www.retedeldono.it\\\/magazine\\\/\"},{\"@type\":\"ListItem\",\"position\":2,\"name\":\"Milano Marathon Charity Award 2023, ecco i premiati\"}]},{\"@type\":\"WebSite\",\"@id\":\"https:\\\/\\\/www.retedeldono.it\\\/magazine\\\/#website\",\"url\":\"https:\\\/\\\/www.retedeldono.it\\\/magazine\\\/\",\"name\":\"Rete del Dono Magazine\",\"description\":\"Rete del Dono Magazine\",\"potentialAction\":[{\"@type\":\"SearchAction\",\"target\":{\"@type\":\"EntryPoint\",\"urlTemplate\":\"https:\\\/\\\/www.retedeldono.it\\\/magazine\\\/?s={search_term_string}\"},\"query-input\":{\"@type\":\"PropertyValueSpecification\",\"valueRequired\":true,\"valueName\":\"search_term_string\"}}],\"inLanguage\":\"it-IT\"},{\"@type\":\"Person\",\"@id\":\"https:\\\/\\\/www.retedeldono.it\\\/magazine\\\/#\\\/schema\\\/person\\\/a35c81474fbabc7c769d83f87073545f\",\"name\":\"Francesca Gervasoni\",\"image\":{\"@type\":\"ImageObject\",\"inLanguage\":\"it-IT\",\"@id\":\"https:\\\/\\\/secure.gravatar.com\\\/avatar\\\/1825a523f3047a4b9194721a85cdea28f936ebf51e16a49a9e6504a59c37d892?s=96&d=mm&r=g\",\"url\":\"https:\\\/\\\/secure.gravatar.com\\\/avatar\\\/1825a523f3047a4b9194721a85cdea28f936ebf51e16a49a9e6504a59c37d892?s=96&d=mm&r=g\",\"contentUrl\":\"https:\\\/\\\/secure.gravatar.com\\\/avatar\\\/1825a523f3047a4b9194721a85cdea28f936ebf51e16a49a9e6504a59c37d892?s=96&d=mm&r=g\",\"caption\":\"Francesca Gervasoni\"},\"description\":\"Laureata in Filosofia presso Universit\u00e0 degli studi di Milano, ha un\u2019esperienza di 15 anni nel mondo delle agenzie di comunicazione per il mondo profit. Nel 2012 cambia vita e approda su Rete del Dono, dove mette in pratica quello che ha imparato nella precedente vita professionale, per aiutare ONP e aziende ad attivare campagne di raccolta fondi non profit. In Rete del Dono, ricopre il ruolo di Head of Charity Program e si occupa dei rapporti con le aziende.\",\"url\":\"https:\\\/\\\/www.retedeldono.it\\\/magazine\\\/author\\\/francesca-gervasoni\\\/\"}]}<\/script>\n<!-- \/ Yoast SEO plugin. -->","yoast_head_json":{"title":"Milano Marathon Charity Award 2023, i premiati - Rete del Dono","description":"I Milano Marathon Charity Award 2023 celebrano un evento che si conferma tra i pi\u00f9 importanti d\u2019Europa come mole di raccolta fondi.","robots":{"index":"index","follow":"follow","max-snippet":"max-snippet:-1","max-image-preview":"max-image-preview:large","max-video-preview":"max-video-preview:-1"},"canonical":"https:\/\/www.retedeldono.it\/magazine\/milano-marathon-charity-award-2023-ecco-i-premiati\/","og_locale":"it_IT","og_type":"article","og_title":"Milano Marathon Charity Award 2023, i premiati","og_description":"I Milano Marathon Charity Award 2023 celebrano un evento che si conferma tra i pi\u00f9 importanti d\u2019Europa come mole di raccolta fondi.","og_url":"https:\/\/www.retedeldono.it\/magazine\/milano-marathon-charity-award-2023-ecco-i-premiati\/","og_site_name":"Rete del Dono Magazine","article_publisher":"https:\/\/www.facebook.com\/retedeldono\/","article_published_time":"2023-04-20T08:00:00+00:00","article_modified_time":"2023-05-04T09:46:05+00:00","og_image":[{"width":1000,"height":700,"url":"https:\/\/magazine.retedeldono.it\/wp-content\/uploads\/2023\/04\/rete-del-dono-milano-marathon-awards-2023.jpg","type":"image\/jpeg"}],"author":"Francesca Gervasoni","twitter_card":"summary_large_image","twitter_title":"Milano Marathon Charity Award 2023, i premiati","twitter_description":"I Milano Marathon Charity Award 2023 celebrano un evento che si conferma tra i pi\u00f9 importanti d\u2019Europa come mole di raccolta fondi.","twitter_image":"https:\/\/magazine.retedeldono.it\/wp-content\/uploads\/2023\/04\/rete-del-dono-milano-marathon-awards-2023.jpg","twitter_misc":{"Scritto da":"Francesca Gervasoni","Tempo di lettura stimato":"7 minuti"},"schema":{"@context":"https:\/\/schema.org","@graph":[{"@type":"Article","@id":"https:\/\/www.retedeldono.it\/magazine\/milano-marathon-charity-award-2023-ecco-i-premiati\/#article","isPartOf":{"@id":"https:\/\/www.retedeldono.it\/magazine\/milano-marathon-charity-award-2023-ecco-i-premiati\/"},"author":{"name":"Francesca Gervasoni","@id":"https:\/\/www.retedeldono.it\/magazine\/#\/schema\/person\/a35c81474fbabc7c769d83f87073545f"},"headline":"Milano Marathon Charity Award 2023, ecco i premiati","datePublished":"2023-04-20T08:00:00+00:00","dateModified":"2023-05-04T09:46:05+00:00","mainEntityOfPage":{"@id":"https:\/\/www.retedeldono.it\/magazine\/milano-marathon-charity-award-2023-ecco-i-premiati\/"},"wordCount":1349,"commentCount":0,"image":{"@id":"https:\/\/www.retedeldono.it\/magazine\/milano-marathon-charity-award-2023-ecco-i-premiati\/#primaryimage"},"thumbnailUrl":"https:\/\/magazine.retedeldono.it\/wp-content\/uploads\/2023\/04\/rete-del-dono-milano-marathon-awards-2023.jpg","articleSection":["Fundraising"],"inLanguage":"it-IT","potentialAction":[{"@type":"CommentAction","name":"Comment","target":["https:\/\/www.retedeldono.it\/magazine\/milano-marathon-charity-award-2023-ecco-i-premiati\/#respond"]}]},{"@type":"WebPage","@id":"https:\/\/www.retedeldono.it\/magazine\/milano-marathon-charity-award-2023-ecco-i-premiati\/","url":"https:\/\/www.retedeldono.it\/magazine\/milano-marathon-charity-award-2023-ecco-i-premiati\/","name":"Milano Marathon Charity Award 2023, i premiati - Rete del Dono","isPartOf":{"@id":"https:\/\/www.retedeldono.it\/magazine\/#website"},"primaryImageOfPage":{"@id":"https:\/\/www.retedeldono.it\/magazine\/milano-marathon-charity-award-2023-ecco-i-premiati\/#primaryimage"},"image":{"@id":"https:\/\/www.retedeldono.it\/magazine\/milano-marathon-charity-award-2023-ecco-i-premiati\/#primaryimage"},"thumbnailUrl":"https:\/\/magazine.retedeldono.it\/wp-content\/uploads\/2023\/04\/rete-del-dono-milano-marathon-awards-2023.jpg","datePublished":"2023-04-20T08:00:00+00:00","dateModified":"2023-05-04T09:46:05+00:00","author":{"@id":"https:\/\/www.retedeldono.it\/magazine\/#\/schema\/person\/a35c81474fbabc7c769d83f87073545f"},"description":"I Milano Marathon Charity Award 2023 celebrano un evento che si conferma tra i pi\u00f9 importanti d\u2019Europa come mole di raccolta fondi.","breadcrumb":{"@id":"https:\/\/www.retedeldono.it\/magazine\/milano-marathon-charity-award-2023-ecco-i-premiati\/#breadcrumb"},"inLanguage":"it-IT","potentialAction":[{"@type":"ReadAction","target":["https:\/\/www.retedeldono.it\/magazine\/milano-marathon-charity-award-2023-ecco-i-premiati\/"]}]},{"@type":"ImageObject","inLanguage":"it-IT","@id":"https:\/\/www.retedeldono.it\/magazine\/milano-marathon-charity-award-2023-ecco-i-premiati\/#primaryimage","url":"https:\/\/magazine.retedeldono.it\/wp-content\/uploads\/2023\/04\/rete-del-dono-milano-marathon-awards-2023.jpg","contentUrl":"https:\/\/magazine.retedeldono.it\/wp-content\/uploads\/2023\/04\/rete-del-dono-milano-marathon-awards-2023.jpg","width":1000,"height":700,"caption":"rete-del-dono-milano-marathon-awards-2023"},{"@type":"BreadcrumbList","@id":"https:\/\/www.retedeldono.it\/magazine\/milano-marathon-charity-award-2023-ecco-i-premiati\/#breadcrumb","itemListElement":[{"@type":"ListItem","position":1,"name":"Home","item":"https:\/\/www.retedeldono.it\/magazine\/"},{"@type":"ListItem","position":2,"name":"Milano Marathon Charity Award 2023, ecco i premiati"}]},{"@type":"WebSite","@id":"https:\/\/www.retedeldono.it\/magazine\/#website","url":"https:\/\/www.retedeldono.it\/magazine\/","name":"Rete del Dono Magazine","description":"Rete del Dono Magazine","potentialAction":[{"@type":"SearchAction","target":{"@type":"EntryPoint","urlTemplate":"https:\/\/www.retedeldono.it\/magazine\/?s={search_term_string}"},"query-input":{"@type":"PropertyValueSpecification","valueRequired":true,"valueName":"search_term_string"}}],"inLanguage":"it-IT"},{"@type":"Person","@id":"https:\/\/www.retedeldono.it\/magazine\/#\/schema\/person\/a35c81474fbabc7c769d83f87073545f","name":"Francesca Gervasoni","image":{"@type":"ImageObject","inLanguage":"it-IT","@id":"https:\/\/secure.gravatar.com\/avatar\/1825a523f3047a4b9194721a85cdea28f936ebf51e16a49a9e6504a59c37d892?s=96&d=mm&r=g","url":"https:\/\/secure.gravatar.com\/avatar\/1825a523f3047a4b9194721a85cdea28f936ebf51e16a49a9e6504a59c37d892?s=96&d=mm&r=g","contentUrl":"https:\/\/secure.gravatar.com\/avatar\/1825a523f3047a4b9194721a85cdea28f936ebf51e16a49a9e6504a59c37d892?s=96&d=mm&r=g","caption":"Francesca Gervasoni"},"description":"Laureata in Filosofia presso Universit\u00e0 degli studi di Milano, ha un\u2019esperienza di 15 anni nel mondo delle agenzie di comunicazione per il mondo profit. Nel 2012 cambia vita e approda su Rete del Dono, dove mette in pratica quello che ha imparato nella precedente vita professionale, per aiutare ONP e aziende ad attivare campagne di raccolta fondi non profit. In Rete del Dono, ricopre il ruolo di Head of Charity Program e si occupa dei rapporti con le aziende.","url":"https:\/\/www.retedeldono.it\/magazine\/author\/francesca-gervasoni\/"}]}},"_links":{"self":[{"href":"https:\/\/www.retedeldono.it\/magazine\/wp-json\/wp\/v2\/posts\/2201","targetHints":{"allow":["GET"]}}],"collection":[{"href":"https:\/\/www.retedeldono.it\/magazine\/wp-json\/wp\/v2\/posts"}],"about":[{"href":"https:\/\/www.retedeldono.it\/magazine\/wp-json\/wp\/v2\/types\/post"}],"author":[{"embeddable":true,"href":"https:\/\/www.retedeldono.it\/magazine\/wp-json\/wp\/v2\/users\/12"}],"replies":[{"embeddable":true,"href":"https:\/\/www.retedeldono.it\/magazine\/wp-json\/wp\/v2\/comments?post=2201"}],"version-history":[{"count":0,"href":"https:\/\/www.retedeldono.it\/magazine\/wp-json\/wp\/v2\/posts\/2201\/revisions"}],"wp:featuredmedia":[{"embeddable":true,"href":"https:\/\/www.retedeldono.it\/magazine\/wp-json\/wp\/v2\/media\/2205"}],"wp:attachment":[{"href":"https:\/\/www.retedeldono.it\/magazine\/wp-json\/wp\/v2\/media?parent=2201"}],"wp:term":[{"taxonomy":"category","embeddable":true,"href":"https:\/\/www.retedeldono.it\/magazine\/wp-json\/wp\/v2\/categories?post=2201"},{"taxonomy":"post_tag","embeddable":true,"href":"https:\/\/www.retedeldono.it\/magazine\/wp-json\/wp\/v2\/tags?post=2201"}],"curies":[{"name":"wp","href":"https:\/\/api.w.org\/{rel}","templated":true}]}}