{"id":2241,"date":"2023-05-06T08:00:00","date_gmt":"2023-05-06T08:00:00","guid":{"rendered":"https:\/\/www.retedeldono.it\/magazine\/?p=2241"},"modified":"2023-05-25T09:32:37","modified_gmt":"2023-05-25T09:32:37","slug":"civil-week-2023-limpatto-della-milano-marathon-charity-relay","status":"publish","type":"post","link":"https:\/\/www.retedeldono.it\/magazine\/civil-week-2023-limpatto-della-milano-marathon-charity-relay\/","title":{"rendered":"Civil Week 2023: l\u2019impatto della Milano Marathon Charity Relay"},"content":{"rendered":"[vc_row type=&#8221;in_container&#8221; full_screen_row_position=&#8221;middle&#8221; column_margin=&#8221;default&#8221; column_direction=&#8221;default&#8221; column_direction_tablet=&#8221;default&#8221; column_direction_phone=&#8221;default&#8221; scene_position=&#8221;center&#8221; text_color=&#8221;dark&#8221; text_align=&#8221;left&#8221; row_border_radius=&#8221;none&#8221; row_border_radius_applies=&#8221;bg&#8221; overflow=&#8221;visible&#8221; overlay_strength=&#8221;0.3&#8243; gradient_direction=&#8221;left_to_right&#8221; shape_divider_position=&#8221;bottom&#8221; bg_image_animation=&#8221;none&#8221;][vc_column column_padding=&#8221;no-extra-padding&#8221; column_padding_tablet=&#8221;inherit&#8221; column_padding_phone=&#8221;inherit&#8221; column_padding_position=&#8221;all&#8221; column_element_spacing=&#8221;default&#8221; background_color_opacity=&#8221;1&#8243; background_hover_color_opacity=&#8221;1&#8243; column_shadow=&#8221;none&#8221; column_border_radius=&#8221;none&#8221; column_link_target=&#8221;_self&#8221; column_position=&#8221;default&#8221; gradient_direction=&#8221;left_to_right&#8221; overlay_strength=&#8221;0.3&#8243; width=&#8221;1\/1&#8243; tablet_width_inherit=&#8221;default&#8221; tablet_text_alignment=&#8221;default&#8221; phone_text_alignment=&#8221;default&#8221; animation_type=&#8221;default&#8221; bg_image_animation=&#8221;none&#8221; border_type=&#8221;simple&#8221; column_border_width=&#8221;none&#8221; column_border_style=&#8221;solid&#8221;][vc_column_text]\r\n<p>I numeri di questi 11 anni di <a href=\"https:\/\/www.retedeldono.it\/it\/milano-marathon\"><strong>Milano Marathon Charity Relay<\/strong><\/a> parlano chiaro: sport e solidariet\u00e0 sono in grado di generare un impatto vero e significativo sul territorio, attivando dei percorsi stabili di partecipazione della cittadinanza. Ne abbiamo parlato insieme a RCS Sport all\u2019interno del programma della <strong><a href=\"https:\/\/civilweek-vivere.it\" target=\"_blank\" rel=\"noreferrer noopener\">Civil Week 2023<\/a><\/strong>.<\/p>\r\n\r\n<p>&nbsp;<\/p>\r\n\r\n<h2 class=\"wp-block-heading\">Come funziona la Milano Marathon Charity Relay<\/h2>\r\n\r\n<p>Il <a href=\"https:\/\/www.retedeldono.it\/magazine\/maratone-solidali-cosa-fare-nel-rush-finale\/\"><strong>Charity Program<\/strong><\/a> \u00e8 un programma di solidariet\u00e0 che affianca la gara a staffetta della Milano Marathon. Le organizzazioni non profit che aderiscono hanno l\u2019opportunit\u00e0 di coinvolgere i propri sostenitori, invitandoli ad affiancare alla sfida sportiva (correre circa 10km) una sfida solidale (raccogliere fondi per il loro progetto di solidariet\u00e0). \u00c8 per\u00f2 anche un\u2019occasione unica per farsi conoscere e allargare la platea di sostenitori, perch\u00e9 la partecipazione alla staffetta \u00e8 vincolata alla scelta di un progetto solidale: correre significa correre sempre per una buona causa.<\/p>\r\n\r\n<p>&nbsp;<\/p>\r\n\r\n<h2 class=\"wp-block-heading\">Milano Marathon Charity Relay: un\u2019opportunit\u00e0 per le non profit<\/h2>\r\n\r\n<p>Raccolta fondi e visibilit\u00e0 sono i principali vantaggi per gli enti non profit del territorio, di ogni dimensione. Come PlayMore, una realt\u00e0 che con la sua <a href=\"https:\/\/www.retedeldono.it\/it\/progetti\/playmore\/runchallenge-2023\"><strong>RunChallenge<\/strong><\/a> si \u00e8 legata da anni all\u2019evento raccogliendo sostenitori e fondi sempre crescenti. O <a href=\"https:\/\/www.retedeldono.it\/it\/progetti\/fid-fondazione-italiana-diabete-onlus\/le-staffette-per-la-cura-run4fid\"><strong>Fondazione Italiana Diabete<\/strong><\/a>, piccola ONP che al suo primo anno di partecipazione ha superato i 100mila euro di raccolta attivando moltissimi <a href=\"https:\/\/www.retedeldono.it\/magazine\/maratone-solidali-storie-di-runner-personal-fundraiser\/\"><strong>runner solidali<\/strong><\/a>. Come Personal Fundraiser, viene esaltato il protagonismo del singolo ambassador. Anche persone \u2018comuni\u2019 (ancorch\u00e9 fuoriclasse del fundraising) come <a href=\"https:\/\/www.retedeldono.it\/it\/iniziative\/sport-senza-frontiere-onlus\/roberto.barzaghi\/4-x-ssf\"><strong>Magister<\/strong><\/a> possono arrivare a raccogliere da soli oltre 15mila euro.<\/p>\r\n\r\n<p>&nbsp;<\/p>\r\n\r\n<h2 class=\"wp-block-heading\">Milano Marathon Charity Relay: il ruolo delle aziende<\/h2>\r\n\r\n<p>Negli anni, \u00e8 cresciuta molto anche la presenza delle <a href=\"https:\/\/www.retedeldono.it\/magazine\/maratone-solidali-aziende-e-coinvolgimento-dei-dipendenti\/\"><strong>aziende<\/strong><\/a> che oggi contribuiscono per \u2153 alla raccolta fondi totale. Segno che sono tornate a sentirsi parte della comunit\u00e0 in cui operano. Partecipare a un evento sportivo solidale permette di unire team building, wellbeing (welfare aziendale) e CSR crescendo in reputation e comunicazione. Non \u00e8 un caso che tendono a fidelizzarsi e a ripetere l\u2019esperienza coinvolgendo sempre pi\u00f9 dipendenti nelle loro staffette. Come <a href=\"https:\/\/www.retedeldono.it\/it\/corporate\/lombardini22\">Lombardini 22<\/a>, che dopo un primo anno con 10 staffette nel 2023 ha coinvolto ben 80 runner e 22 staffette.<\/p>\r\n\r\n<p>&nbsp;<\/p>\r\n\r\n<h2 class=\"wp-block-heading\">Milano Marathon Charity Relay: l\u2019impatto sulla citt\u00e0 di Milano<\/h2>\r\n\r\n<p>A giovare della Milano Marathon \u00e8 per\u00f2, innanzitutto, Milano come comunit\u00e0. Un evento che torna a far sentire le persone parte di una collettivit\u00e0, un pretesto per partecipare tutti insieme a un momento di inclusione sociale, sensibilizzazione alla diversit\u00e0 e cittadinanza attiva. Partecipare a una manifestazione di sport e solidariet\u00e0 fa stare bene se stessi e gli altri, fa conoscere realt\u00e0 solidali del proprio territorio che non si conoscevano. Quel pettorale sul petto significa che ciascun corridore della Charity Relay si \u00e8 interessato a una causa sociale e, almeno per quei 7-14 km di frazione, se l\u2019\u00e8 portata un po\u2019 addosso.<\/p>\r\n\r\n<p>&nbsp;<\/p>\r\n[\/vc_column_text][\/vc_column][\/vc_row]","protected":false},"excerpt":{"rendered":"<p>[vc_row type=&#8221;in_container&#8221; full_screen_row_position=&#8221;middle&#8221; column_margin=&#8221;default&#8221; column_direction=&#8221;default&#8221; column_direction_tablet=&#8221;default&#8221; column_direction_phone=&#8221;default&#8221; scene_position=&#8221;center&#8221; text_color=&#8221;dark&#8221; text_align=&#8221;left&#8221; row_border_radius=&#8221;none&#8221; row_border_radius_applies=&#8221;bg&#8221; overflow=&#8221;visible&#8221; overlay_strength=&#8221;0.3&#8243; gradient_direction=&#8221;left_to_right&#8221; shape_divider_position=&#8221;bottom&#8221; bg_image_animation=&#8221;none&#8221;][vc_column column_padding=&#8221;no-extra-padding&#8221; column_padding_tablet=&#8221;inherit&#8221; column_padding_phone=&#8221;inherit&#8221; column_padding_position=&#8221;all&#8221; column_element_spacing=&#8221;default&#8221; background_color_opacity=&#8221;1&#8243; background_hover_color_opacity=&#8221;1&#8243; column_shadow=&#8221;none&#8221; column_border_radius=&#8221;none&#8221; column_link_target=&#8221;_self&#8221; column_position=&#8221;default&#8221; gradient_direction=&#8221;left_to_right&#8221; overlay_strength=&#8221;0.3&#8243;&#8230;<\/p>\n","protected":false},"author":12,"featured_media":2244,"comment_status":"open","ping_status":"open","sticky":true,"template":"","format":"standard","meta":{"_acf_changed":false,"footnotes":""},"categories":[17],"tags":[],"class_list":{"0":"post-2241","1":"post","2":"type-post","3":"status-publish","4":"format-standard","5":"has-post-thumbnail","7":"category-fundraising"},"acf":{"homepage_rdd":false},"yoast_head":"<!-- This site is optimized with the Yoast SEO plugin v27.5 - https:\/\/yoast.com\/product\/yoast-seo-wordpress\/ -->\n<title>Civil Week 2023: la Milano Marathon Charity Relay - Rete del Dono<\/title>\n<meta name=\"description\" content=\"La storia della Milano Marathon Charity Relay dice che sport e solidariet\u00e0 generano un impatto reale. Il nostro incontro alla Civil Week 2023.\" \/>\n<meta name=\"robots\" content=\"index, follow, max-snippet:-1, max-image-preview:large, max-video-preview:-1\" \/>\n<link rel=\"canonical\" href=\"https:\/\/www.retedeldono.it\/magazine\/civil-week-2023-limpatto-della-milano-marathon-charity-relay\/\" \/>\n<meta property=\"og:locale\" content=\"it_IT\" \/>\n<meta property=\"og:type\" content=\"article\" \/>\n<meta property=\"og:title\" content=\"Civil Week 2023: l\u2019impatto della Milano Marathon Charity Relay\" \/>\n<meta property=\"og:description\" content=\"La storia della Milano Marathon Charity Relay dice che sport e solidariet\u00e0 generano un impatto reale. Il nostro incontro alla Civil Week 2023.\" \/>\n<meta property=\"og:url\" content=\"https:\/\/www.retedeldono.it\/magazine\/civil-week-2023-limpatto-della-milano-marathon-charity-relay\/\" \/>\n<meta property=\"og:site_name\" content=\"Rete del Dono Magazine\" \/>\n<meta property=\"article:publisher\" content=\"https:\/\/www.facebook.com\/retedeldono\/\" \/>\n<meta property=\"article:published_time\" content=\"2023-05-06T08:00:00+00:00\" \/>\n<meta property=\"article:modified_time\" content=\"2023-05-25T09:32:37+00:00\" \/>\n<meta property=\"og:image\" content=\"https:\/\/magazine.retedeldono.it\/wp-content\/uploads\/2023\/05\/rete-del-dono-magazine-civil-week.jpg\" \/>\n\t<meta property=\"og:image:width\" content=\"1000\" \/>\n\t<meta property=\"og:image:height\" content=\"700\" \/>\n\t<meta property=\"og:image:type\" content=\"image\/jpeg\" \/>\n<meta name=\"author\" content=\"Francesca Gervasoni\" \/>\n<meta name=\"twitter:card\" content=\"summary_large_image\" \/>\n<meta name=\"twitter:title\" content=\"Civil Week 2023: l\u2019impatto della Milano Marathon Charity Relay\" \/>\n<meta name=\"twitter:description\" content=\"La storia della Milano Marathon Charity Relay dice che sport e solidariet\u00e0 generano un impatto reale. Il nostro incontro alla Civil Week 2023.\" \/>\n<meta name=\"twitter:image\" content=\"https:\/\/magazine.retedeldono.it\/wp-content\/uploads\/2023\/05\/rete-del-dono-magazine-civil-week.jpg\" \/>\n<meta name=\"twitter:label1\" content=\"Scritto da\" \/>\n\t<meta name=\"twitter:data1\" content=\"Francesca Gervasoni\" \/>\n\t<meta name=\"twitter:label2\" content=\"Tempo di lettura stimato\" \/>\n\t<meta name=\"twitter:data2\" content=\"3 minuti\" \/>\n<script type=\"application\/ld+json\" class=\"yoast-schema-graph\">{\"@context\":\"https:\\\/\\\/schema.org\",\"@graph\":[{\"@type\":\"Article\",\"@id\":\"https:\\\/\\\/www.retedeldono.it\\\/magazine\\\/civil-week-2023-limpatto-della-milano-marathon-charity-relay\\\/#article\",\"isPartOf\":{\"@id\":\"https:\\\/\\\/www.retedeldono.it\\\/magazine\\\/civil-week-2023-limpatto-della-milano-marathon-charity-relay\\\/\"},\"author\":{\"name\":\"Francesca Gervasoni\",\"@id\":\"https:\\\/\\\/www.retedeldono.it\\\/magazine\\\/#\\\/schema\\\/person\\\/a35c81474fbabc7c769d83f87073545f\"},\"headline\":\"Civil Week 2023: l\u2019impatto della Milano Marathon Charity Relay\",\"datePublished\":\"2023-05-06T08:00:00+00:00\",\"dateModified\":\"2023-05-25T09:32:37+00:00\",\"mainEntityOfPage\":{\"@id\":\"https:\\\/\\\/www.retedeldono.it\\\/magazine\\\/civil-week-2023-limpatto-della-milano-marathon-charity-relay\\\/\"},\"wordCount\":606,\"commentCount\":0,\"image\":{\"@id\":\"https:\\\/\\\/www.retedeldono.it\\\/magazine\\\/civil-week-2023-limpatto-della-milano-marathon-charity-relay\\\/#primaryimage\"},\"thumbnailUrl\":\"https:\\\/\\\/magazine.retedeldono.it\\\/wp-content\\\/uploads\\\/2023\\\/05\\\/rete-del-dono-magazine-civil-week.jpg\",\"articleSection\":[\"Fundraising\"],\"inLanguage\":\"it-IT\",\"potentialAction\":[{\"@type\":\"CommentAction\",\"name\":\"Comment\",\"target\":[\"https:\\\/\\\/www.retedeldono.it\\\/magazine\\\/civil-week-2023-limpatto-della-milano-marathon-charity-relay\\\/#respond\"]}]},{\"@type\":\"WebPage\",\"@id\":\"https:\\\/\\\/www.retedeldono.it\\\/magazine\\\/civil-week-2023-limpatto-della-milano-marathon-charity-relay\\\/\",\"url\":\"https:\\\/\\\/www.retedeldono.it\\\/magazine\\\/civil-week-2023-limpatto-della-milano-marathon-charity-relay\\\/\",\"name\":\"Civil Week 2023: la Milano Marathon Charity Relay - Rete del Dono\",\"isPartOf\":{\"@id\":\"https:\\\/\\\/www.retedeldono.it\\\/magazine\\\/#website\"},\"primaryImageOfPage\":{\"@id\":\"https:\\\/\\\/www.retedeldono.it\\\/magazine\\\/civil-week-2023-limpatto-della-milano-marathon-charity-relay\\\/#primaryimage\"},\"image\":{\"@id\":\"https:\\\/\\\/www.retedeldono.it\\\/magazine\\\/civil-week-2023-limpatto-della-milano-marathon-charity-relay\\\/#primaryimage\"},\"thumbnailUrl\":\"https:\\\/\\\/magazine.retedeldono.it\\\/wp-content\\\/uploads\\\/2023\\\/05\\\/rete-del-dono-magazine-civil-week.jpg\",\"datePublished\":\"2023-05-06T08:00:00+00:00\",\"dateModified\":\"2023-05-25T09:32:37+00:00\",\"author\":{\"@id\":\"https:\\\/\\\/www.retedeldono.it\\\/magazine\\\/#\\\/schema\\\/person\\\/a35c81474fbabc7c769d83f87073545f\"},\"description\":\"La storia della Milano Marathon Charity Relay dice che sport e solidariet\u00e0 generano un impatto reale. Il nostro incontro alla Civil Week 2023.\",\"breadcrumb\":{\"@id\":\"https:\\\/\\\/www.retedeldono.it\\\/magazine\\\/civil-week-2023-limpatto-della-milano-marathon-charity-relay\\\/#breadcrumb\"},\"inLanguage\":\"it-IT\",\"potentialAction\":[{\"@type\":\"ReadAction\",\"target\":[\"https:\\\/\\\/www.retedeldono.it\\\/magazine\\\/civil-week-2023-limpatto-della-milano-marathon-charity-relay\\\/\"]}]},{\"@type\":\"ImageObject\",\"inLanguage\":\"it-IT\",\"@id\":\"https:\\\/\\\/www.retedeldono.it\\\/magazine\\\/civil-week-2023-limpatto-della-milano-marathon-charity-relay\\\/#primaryimage\",\"url\":\"https:\\\/\\\/magazine.retedeldono.it\\\/wp-content\\\/uploads\\\/2023\\\/05\\\/rete-del-dono-magazine-civil-week.jpg\",\"contentUrl\":\"https:\\\/\\\/magazine.retedeldono.it\\\/wp-content\\\/uploads\\\/2023\\\/05\\\/rete-del-dono-magazine-civil-week.jpg\",\"width\":1000,\"height\":700,\"caption\":\"rete-del-dono-magazine-civil-week\"},{\"@type\":\"BreadcrumbList\",\"@id\":\"https:\\\/\\\/www.retedeldono.it\\\/magazine\\\/civil-week-2023-limpatto-della-milano-marathon-charity-relay\\\/#breadcrumb\",\"itemListElement\":[{\"@type\":\"ListItem\",\"position\":1,\"name\":\"Home\",\"item\":\"https:\\\/\\\/www.retedeldono.it\\\/magazine\\\/\"},{\"@type\":\"ListItem\",\"position\":2,\"name\":\"Civil Week 2023: l\u2019impatto della Milano Marathon Charity Relay\"}]},{\"@type\":\"WebSite\",\"@id\":\"https:\\\/\\\/www.retedeldono.it\\\/magazine\\\/#website\",\"url\":\"https:\\\/\\\/www.retedeldono.it\\\/magazine\\\/\",\"name\":\"Rete del Dono Magazine\",\"description\":\"Rete del Dono Magazine\",\"potentialAction\":[{\"@type\":\"SearchAction\",\"target\":{\"@type\":\"EntryPoint\",\"urlTemplate\":\"https:\\\/\\\/www.retedeldono.it\\\/magazine\\\/?s={search_term_string}\"},\"query-input\":{\"@type\":\"PropertyValueSpecification\",\"valueRequired\":true,\"valueName\":\"search_term_string\"}}],\"inLanguage\":\"it-IT\"},{\"@type\":\"Person\",\"@id\":\"https:\\\/\\\/www.retedeldono.it\\\/magazine\\\/#\\\/schema\\\/person\\\/a35c81474fbabc7c769d83f87073545f\",\"name\":\"Francesca Gervasoni\",\"image\":{\"@type\":\"ImageObject\",\"inLanguage\":\"it-IT\",\"@id\":\"https:\\\/\\\/secure.gravatar.com\\\/avatar\\\/1825a523f3047a4b9194721a85cdea28f936ebf51e16a49a9e6504a59c37d892?s=96&d=mm&r=g\",\"url\":\"https:\\\/\\\/secure.gravatar.com\\\/avatar\\\/1825a523f3047a4b9194721a85cdea28f936ebf51e16a49a9e6504a59c37d892?s=96&d=mm&r=g\",\"contentUrl\":\"https:\\\/\\\/secure.gravatar.com\\\/avatar\\\/1825a523f3047a4b9194721a85cdea28f936ebf51e16a49a9e6504a59c37d892?s=96&d=mm&r=g\",\"caption\":\"Francesca Gervasoni\"},\"description\":\"Laureata in Filosofia presso Universit\u00e0 degli studi di Milano, ha un\u2019esperienza di 15 anni nel mondo delle agenzie di comunicazione per il mondo profit. Nel 2012 cambia vita e approda su Rete del Dono, dove mette in pratica quello che ha imparato nella precedente vita professionale, per aiutare ONP e aziende ad attivare campagne di raccolta fondi non profit. In Rete del Dono, ricopre il ruolo di Head of Charity Program e si occupa dei rapporti con le aziende.\",\"url\":\"https:\\\/\\\/www.retedeldono.it\\\/magazine\\\/author\\\/francesca-gervasoni\\\/\"}]}<\/script>\n<!-- \/ Yoast SEO plugin. -->","yoast_head_json":{"title":"Civil Week 2023: la Milano Marathon Charity Relay - Rete del Dono","description":"La storia della Milano Marathon Charity Relay dice che sport e solidariet\u00e0 generano un impatto reale. Il nostro incontro alla Civil Week 2023.","robots":{"index":"index","follow":"follow","max-snippet":"max-snippet:-1","max-image-preview":"max-image-preview:large","max-video-preview":"max-video-preview:-1"},"canonical":"https:\/\/www.retedeldono.it\/magazine\/civil-week-2023-limpatto-della-milano-marathon-charity-relay\/","og_locale":"it_IT","og_type":"article","og_title":"Civil Week 2023: l\u2019impatto della Milano Marathon Charity Relay","og_description":"La storia della Milano Marathon Charity Relay dice che sport e solidariet\u00e0 generano un impatto reale. Il nostro incontro alla Civil Week 2023.","og_url":"https:\/\/www.retedeldono.it\/magazine\/civil-week-2023-limpatto-della-milano-marathon-charity-relay\/","og_site_name":"Rete del Dono Magazine","article_publisher":"https:\/\/www.facebook.com\/retedeldono\/","article_published_time":"2023-05-06T08:00:00+00:00","article_modified_time":"2023-05-25T09:32:37+00:00","og_image":[{"width":1000,"height":700,"url":"https:\/\/magazine.retedeldono.it\/wp-content\/uploads\/2023\/05\/rete-del-dono-magazine-civil-week.jpg","type":"image\/jpeg"}],"author":"Francesca Gervasoni","twitter_card":"summary_large_image","twitter_title":"Civil Week 2023: l\u2019impatto della Milano Marathon Charity Relay","twitter_description":"La storia della Milano Marathon Charity Relay dice che sport e solidariet\u00e0 generano un impatto reale. Il nostro incontro alla Civil Week 2023.","twitter_image":"https:\/\/magazine.retedeldono.it\/wp-content\/uploads\/2023\/05\/rete-del-dono-magazine-civil-week.jpg","twitter_misc":{"Scritto da":"Francesca Gervasoni","Tempo di lettura stimato":"3 minuti"},"schema":{"@context":"https:\/\/schema.org","@graph":[{"@type":"Article","@id":"https:\/\/www.retedeldono.it\/magazine\/civil-week-2023-limpatto-della-milano-marathon-charity-relay\/#article","isPartOf":{"@id":"https:\/\/www.retedeldono.it\/magazine\/civil-week-2023-limpatto-della-milano-marathon-charity-relay\/"},"author":{"name":"Francesca Gervasoni","@id":"https:\/\/www.retedeldono.it\/magazine\/#\/schema\/person\/a35c81474fbabc7c769d83f87073545f"},"headline":"Civil Week 2023: l\u2019impatto della Milano Marathon Charity Relay","datePublished":"2023-05-06T08:00:00+00:00","dateModified":"2023-05-25T09:32:37+00:00","mainEntityOfPage":{"@id":"https:\/\/www.retedeldono.it\/magazine\/civil-week-2023-limpatto-della-milano-marathon-charity-relay\/"},"wordCount":606,"commentCount":0,"image":{"@id":"https:\/\/www.retedeldono.it\/magazine\/civil-week-2023-limpatto-della-milano-marathon-charity-relay\/#primaryimage"},"thumbnailUrl":"https:\/\/magazine.retedeldono.it\/wp-content\/uploads\/2023\/05\/rete-del-dono-magazine-civil-week.jpg","articleSection":["Fundraising"],"inLanguage":"it-IT","potentialAction":[{"@type":"CommentAction","name":"Comment","target":["https:\/\/www.retedeldono.it\/magazine\/civil-week-2023-limpatto-della-milano-marathon-charity-relay\/#respond"]}]},{"@type":"WebPage","@id":"https:\/\/www.retedeldono.it\/magazine\/civil-week-2023-limpatto-della-milano-marathon-charity-relay\/","url":"https:\/\/www.retedeldono.it\/magazine\/civil-week-2023-limpatto-della-milano-marathon-charity-relay\/","name":"Civil Week 2023: la Milano Marathon Charity Relay - Rete del Dono","isPartOf":{"@id":"https:\/\/www.retedeldono.it\/magazine\/#website"},"primaryImageOfPage":{"@id":"https:\/\/www.retedeldono.it\/magazine\/civil-week-2023-limpatto-della-milano-marathon-charity-relay\/#primaryimage"},"image":{"@id":"https:\/\/www.retedeldono.it\/magazine\/civil-week-2023-limpatto-della-milano-marathon-charity-relay\/#primaryimage"},"thumbnailUrl":"https:\/\/magazine.retedeldono.it\/wp-content\/uploads\/2023\/05\/rete-del-dono-magazine-civil-week.jpg","datePublished":"2023-05-06T08:00:00+00:00","dateModified":"2023-05-25T09:32:37+00:00","author":{"@id":"https:\/\/www.retedeldono.it\/magazine\/#\/schema\/person\/a35c81474fbabc7c769d83f87073545f"},"description":"La storia della Milano Marathon Charity Relay dice che sport e solidariet\u00e0 generano un impatto reale. Il nostro incontro alla Civil Week 2023.","breadcrumb":{"@id":"https:\/\/www.retedeldono.it\/magazine\/civil-week-2023-limpatto-della-milano-marathon-charity-relay\/#breadcrumb"},"inLanguage":"it-IT","potentialAction":[{"@type":"ReadAction","target":["https:\/\/www.retedeldono.it\/magazine\/civil-week-2023-limpatto-della-milano-marathon-charity-relay\/"]}]},{"@type":"ImageObject","inLanguage":"it-IT","@id":"https:\/\/www.retedeldono.it\/magazine\/civil-week-2023-limpatto-della-milano-marathon-charity-relay\/#primaryimage","url":"https:\/\/magazine.retedeldono.it\/wp-content\/uploads\/2023\/05\/rete-del-dono-magazine-civil-week.jpg","contentUrl":"https:\/\/magazine.retedeldono.it\/wp-content\/uploads\/2023\/05\/rete-del-dono-magazine-civil-week.jpg","width":1000,"height":700,"caption":"rete-del-dono-magazine-civil-week"},{"@type":"BreadcrumbList","@id":"https:\/\/www.retedeldono.it\/magazine\/civil-week-2023-limpatto-della-milano-marathon-charity-relay\/#breadcrumb","itemListElement":[{"@type":"ListItem","position":1,"name":"Home","item":"https:\/\/www.retedeldono.it\/magazine\/"},{"@type":"ListItem","position":2,"name":"Civil Week 2023: l\u2019impatto della Milano Marathon Charity Relay"}]},{"@type":"WebSite","@id":"https:\/\/www.retedeldono.it\/magazine\/#website","url":"https:\/\/www.retedeldono.it\/magazine\/","name":"Rete del Dono Magazine","description":"Rete del Dono Magazine","potentialAction":[{"@type":"SearchAction","target":{"@type":"EntryPoint","urlTemplate":"https:\/\/www.retedeldono.it\/magazine\/?s={search_term_string}"},"query-input":{"@type":"PropertyValueSpecification","valueRequired":true,"valueName":"search_term_string"}}],"inLanguage":"it-IT"},{"@type":"Person","@id":"https:\/\/www.retedeldono.it\/magazine\/#\/schema\/person\/a35c81474fbabc7c769d83f87073545f","name":"Francesca Gervasoni","image":{"@type":"ImageObject","inLanguage":"it-IT","@id":"https:\/\/secure.gravatar.com\/avatar\/1825a523f3047a4b9194721a85cdea28f936ebf51e16a49a9e6504a59c37d892?s=96&d=mm&r=g","url":"https:\/\/secure.gravatar.com\/avatar\/1825a523f3047a4b9194721a85cdea28f936ebf51e16a49a9e6504a59c37d892?s=96&d=mm&r=g","contentUrl":"https:\/\/secure.gravatar.com\/avatar\/1825a523f3047a4b9194721a85cdea28f936ebf51e16a49a9e6504a59c37d892?s=96&d=mm&r=g","caption":"Francesca Gervasoni"},"description":"Laureata in Filosofia presso Universit\u00e0 degli studi di Milano, ha un\u2019esperienza di 15 anni nel mondo delle agenzie di comunicazione per il mondo profit. Nel 2012 cambia vita e approda su Rete del Dono, dove mette in pratica quello che ha imparato nella precedente vita professionale, per aiutare ONP e aziende ad attivare campagne di raccolta fondi non profit. In Rete del Dono, ricopre il ruolo di Head of Charity Program e si occupa dei rapporti con le aziende.","url":"https:\/\/www.retedeldono.it\/magazine\/author\/francesca-gervasoni\/"}]}},"_links":{"self":[{"href":"https:\/\/www.retedeldono.it\/magazine\/wp-json\/wp\/v2\/posts\/2241","targetHints":{"allow":["GET"]}}],"collection":[{"href":"https:\/\/www.retedeldono.it\/magazine\/wp-json\/wp\/v2\/posts"}],"about":[{"href":"https:\/\/www.retedeldono.it\/magazine\/wp-json\/wp\/v2\/types\/post"}],"author":[{"embeddable":true,"href":"https:\/\/www.retedeldono.it\/magazine\/wp-json\/wp\/v2\/users\/12"}],"replies":[{"embeddable":true,"href":"https:\/\/www.retedeldono.it\/magazine\/wp-json\/wp\/v2\/comments?post=2241"}],"version-history":[{"count":0,"href":"https:\/\/www.retedeldono.it\/magazine\/wp-json\/wp\/v2\/posts\/2241\/revisions"}],"wp:featuredmedia":[{"embeddable":true,"href":"https:\/\/www.retedeldono.it\/magazine\/wp-json\/wp\/v2\/media\/2244"}],"wp:attachment":[{"href":"https:\/\/www.retedeldono.it\/magazine\/wp-json\/wp\/v2\/media?parent=2241"}],"wp:term":[{"taxonomy":"category","embeddable":true,"href":"https:\/\/www.retedeldono.it\/magazine\/wp-json\/wp\/v2\/categories?post=2241"},{"taxonomy":"post_tag","embeddable":true,"href":"https:\/\/www.retedeldono.it\/magazine\/wp-json\/wp\/v2\/tags?post=2241"}],"curies":[{"name":"wp","href":"https:\/\/api.w.org\/{rel}","templated":true}]}}