{"id":2309,"date":"2023-05-09T07:39:13","date_gmt":"2023-05-09T07:39:13","guid":{"rendered":"https:\/\/www.retedeldono.it\/magazine\/?p=2309"},"modified":"2025-12-04T08:46:13","modified_gmt":"2025-12-04T08:46:13","slug":"donazioni-per-disabili","status":"publish","type":"post","link":"https:\/\/www.retedeldono.it\/magazine\/donazioni-per-disabili\/","title":{"rendered":"Come fare donazioni per disabili"},"content":{"rendered":"\r\n<h2 class=\"wp-block-heading\">Grazie alle donazioni per disabili, associazioni e altre realt\u00e0 che s\u2019impegnano ogni giorno per aiutare chi ne ha pi\u00f9 bisogno possono potenziare il proprio sostegno e raggiungere pi\u00f9 persone: ecco come contribuire<\/h2>\r\n\r\n\r\n\r\n<div class=\"wp-block-spacer\" style=\"height: 50px;\" aria-hidden=\"true\">\u00a0<\/div>\r\n\r\n\r\n\r\n<p>Esistono diversi modi per fare <strong>donazioni per disabili<\/strong>. Un gesto semplice che conta tanto e che pu\u00f2 aiutare le persone con diversi gradi e tipologie di <strong><a href=\"https:\/\/www.retedeldono.it\/magazine\/milano-marathon-charity-award-2023-ecco-i-premiati\/\">disabilit\u00e0 <\/a><\/strong>a portare avanti una vita serena. Fortunatamente, le persone con disabilit\u00e0 grave o meno grave possono contare su fondi speciali ma soprattutto su una <strong><a href=\"https:\/\/www.retedeldono.it\/magazine\/associazioni-di-volontariato\/\">rete di associazionismo<\/a><\/strong> che le sostiene e le supporta nella loro quotidianit\u00e0. Sono sempre le persone a fare la differenza e con l\u2019aiuto di tantissimi <a href=\"https:\/\/www.retedeldono.it\/magazine\/personal-fundraising-per-la-comunita\/\"><strong>volontari<\/strong> <\/a>i disabili e le loro famiglie possono condurre una vita dignitosa e felice. Vediamo dunque quali sono i modi per fare donazioni per disabili.<\/p>\r\n\r\n\r\n\r\n<div class=\"wp-block-spacer\" style=\"height: 50px;\" aria-hidden=\"true\">\u00a0<\/div>\r\n\r\n\r\n\r\n<div class=\"wp-block-buttons is-layout-flex wp-block-buttons-is-layout-flex\">\r\n<div class=\"wp-block-button\"><strong><a class=\"wp-block-button__link has-background wp-element-button\" style=\"border-radius: 15px; background-color: #e96f27;\" href=\"https:\/\/www.retedeldono.it\/it\/search\/?utm_source=Blog&amp;utm_medium=direct&amp;utm_campaign=donazioni_per_disabili_top\">Scopri i progetti di Rete del Dono<\/a><\/strong><\/div>\r\n<\/div>\r\n\r\n\r\n\r\n<div class=\"wp-block-spacer\" style=\"height: 50px;\" aria-hidden=\"true\">\u00a0<\/div>\r\n\r\n\r\n\r\n<h2 class=\"wp-block-heading\">Donazioni per disabili tramite portali di crowdfunding<\/h2>\r\n\r\n\r\n\r\n<p>Sul portale di Rete del Dono sono attive diverse <strong><a href=\"https:\/\/www.retedeldono.it\/magazine\/maratone-solidali-come-motivare-i-runner\/\">raccolte fondi<\/a> <\/strong>per i disabili. Donare tramite una <a href=\"https:\/\/www.retedeldono.it\/magazine\/crowdfunding-per-una-campagna-elettorale\/\"><strong>piattaforma di crowdfunding<\/strong> <\/a>\u00e8 un modo <strong>semplice, rapido e sicuro<\/strong> per fare arrivare il proprio sostegno a chi ne ha pi\u00f9 bisogno. Inoltre, ricordate che ogni donazione pu\u00f2 essere sempre <a href=\"https:\/\/www.retedeldono.it\/magazine\/deduzione-e-detrazione\/\"><strong>detratta o dedotta<\/strong> <\/a>in fase di dichiarazione dei redditi. Donare \u00e8 semplicissimo. Basta visitare il sito web di Rete del Dono e scorrere i diversi progetti attivi, scegliendo quello che si desidera. Vediamone alcuni.<\/p>\r\n\r\n\r\n\r\n<ul class=\"wp-block-list\">\r\n<li><a href=\"https:\/\/www.retedeldono.it\/it\/orizzonte\">Aiutami a completare il mio ORIZZONTE<\/a>: un sostegno per realizzare il Centro Orizzonte ad Agropoli, una struttura che possa accogliere i ragazzi diversamente abili e svantaggiati e renderli il pi\u00f9 possibile autonomi.<\/li>\r\n\r\n\r\n\r\n<li><a href=\"https:\/\/www.retedeldono.it\/it\/progetti\/una-mano-per...\/terapia-ricreativa-mm23\">TERAPIA RICREATIVA MM23<\/a>: il progetto permetter\u00e0 di regalare a 34 bambini un\u2019esperienza di terapia ricreativa nel territorio dove vivono (pet therapy, musicoterapia, corsi di acquaticit\u00e0, laboratori).<\/li>\r\n\r\n\r\n\r\n<li><a href=\"https:\/\/www.retedeldono.it\/it\/progetti\/obiettivo3\/obiettivo3-alla-milano-marathon\">Obiettivo3 alla Milano Marathon<\/a>: il progetto di reclutamento, avviamento e sostegno all\u2019attivit\u00e0 sportiva per persone diversamente abili fondato nel 2017 da Alex Zanardi, che in quasi sei anni ha reclutato pi\u00f9 di 120 atleti.<\/li>\r\n\r\n\r\n\r\n<li><a href=\"https:\/\/www.retedeldono.it\/it\/fondazione-sacra-famiglia-onlus\/corri-con-noi-per-giulio\">Corri per Giulio<\/a>: Fondazione Sacra Famiglia dal 1896 si prende cura delle fragilit\u00e0 e disabilit\u00e0 intellettive e fisiche, rispondendo con percorsi di cura, assistenza e accoglienza personalizzati.<\/li>\r\n\r\n\r\n\r\n<li><a href=\"https:\/\/www.retedeldono.it\/it\/progetti\/fondazione-sacra-famiglia-onlus\/un-gazebo-per-dare-forza-alla-fragilita\">Un gazebo per dare forza alla fragilit\u00e0<\/a>: il giardino che si trova all\u2019interno dell\u2019unit\u00e0 Santa Rita di Sacra Famiglia, che accoglie persone con disabilit\u00e0 anche gravi, \u00e8 teatro di iniziative di animazione e attivit\u00e0 educative, \u00e8 uno spazio d\u2019incontro e di socialit\u00e0, di gioco e relax, ma anche di feste, grigliate e concerti.<\/li>\r\n<\/ul>\r\n\r\n\r\n\r\n<div class=\"wp-block-spacer\" style=\"height: 50px;\" aria-hidden=\"true\">\u00a0<\/div>\r\n\r\n\r\n\r\n<h2 class=\"wp-block-heading\">Crea la tua raccolta fondi per disabili<\/h2>\r\n\r\n\r\n\r\n<p>Un altro modo per fare donazioni per disabili consiste nel creare la propria <strong><a href=\"https:\/\/www.retedeldono.it\/magazine\/maratone-solidali-storie-di-runner-personal-fundraiser\/\">raccolta fondi personale<\/a><\/strong>. Lo puoi fare utilizzando una <strong>piattaforma di <\/strong><a href=\"https:\/\/www.retedeldono.it\/magazine\/crowdfunding-strategia\/\"><strong>crowdfunding<\/strong> <\/a>come Rete del Dono. Da qui, puoi attivare la tua raccolta indicando l\u2019obiettivo da raggiungere e fornendo tutte le informazioni necessarie, in modo da coinvolgere i potenziali donatori. Puoi scegliere se devolvere il ricavato della tua raccolta ad una <strong>associazione<\/strong> o <a href=\"https:\/\/www.retedeldono.it\/magazine\/ets\/\"><strong>organizzazione<\/strong> <\/a>che conosci oppure di utilizzarle per una <strong>finalit\u00e0 specifica<\/strong>. Questa opzione \u00e8 particolarmente indicata per famiglie o persone in difficolt\u00e0, che necessitano di un contributo ad esempio per una terapia, per un intervento medico o per acquistare un macchinario importante per il benessere di una persona disabile.<\/p>\r\n\r\n\r\n\r\n<div class=\"wp-block-spacer\" style=\"height: 50px;\" aria-hidden=\"true\">\u00a0<\/div>\r\n\r\n\r\n\r\n<div class=\"wp-block-buttons is-layout-flex wp-block-buttons-is-layout-flex\">\r\n<div class=\"wp-block-button\"><strong><a class=\"wp-block-button__link has-background wp-element-button\" style=\"border-radius: 15px; background-color: #e96f27;\" href=\"https:\/\/www.retedeldono.it\/it\/search\/?utm_source=Blog&amp;utm_medium=direct&amp;utm_campaign=donazioni_per_disabili_central\">Dona anche tu<\/a><\/strong><\/div>\r\n<\/div>\r\n\r\n\r\n\r\n<div class=\"wp-block-spacer\" style=\"height: 50px;\" aria-hidden=\"true\">\u00a0<\/div>\r\n\r\n\r\n\r\n<h2 class=\"wp-block-heading\">Associazioni a sostegno di persone disabili<\/h2>\r\n\r\n\r\n\r\n<p>Come dicevamo, esistono tante associazioni che si impegnano quotidianamente per migliorare la vita di persone disabili e aiutare le loro famiglie. Visitando i loro siti web potrete trovare i riferimenti per <strong><a href=\"https:\/\/www.retedeldono.it\/magazine\/donare-3-0-2023-il-digitale-supera-il-contante\/\">donare <\/a>direttamente online<\/strong>, tramite <strong>bonifico bancario<\/strong> o bollettino postale. Un altro modo per sostenere queste associazioni consiste nel devolvere il proprio <strong><a href=\"https:\/\/www.retedeldono.it\/magazine\/5-per-mille\/\">5 per mille<\/a><\/strong> in fase di dichiarazione dei redditi: un gesto che non costa niente ma pu\u00f2 fare tanto. Ecco alcuni esempi di enti e associazioni che operano in favore delle persone disabili.<\/p>\r\n\r\n\r\n\r\n<ul class=\"wp-block-list\">\r\n<li><strong>Lega del filo d\u2019oro <\/strong>dal 1964 \u00e8 un punto di riferimento per l\u2019assistenza, l\u2019educazione, la riabilitazione, il recupero e la valorizzazione delle potenzialit\u00e0 delle persone sordocieche e pluriminorate psicosensoriali. Una rete che coordina servizi sul territorio attivando percorsi professionali mirati.<\/li>\r\n\r\n\r\n\r\n<li><strong>ANIEP<\/strong> &#8211;\u00a0 Associazione Nazionale per la promozione e la difesa dei diritti delle persone disabili sviluppa da cinquant\u2019anni attivit\u00e0 di consulenza, di sostegno alle famiglie con disabili gravi, promuove soggiorni estivi tramite le sezioni locali che operano in dieci regioni italiane.<\/li>\r\n\r\n\r\n\r\n<li><strong>Gruppo L\u2019Impronta<\/strong> nasce dall\u2019esperienza di un gruppo di volontariato legato alla Parrocchia di San Barnaba nella periferia sud di Milano; oggi il gruppo opera attraverso centri socio-educativi, progetti di integrazione scolastica, interventi domiciliari, soluzioni per l\u2019inserimento al lavoro di persone disabili.<\/li>\r\n\r\n\r\n\r\n<li><strong>Il Brutto Anatroccolo<\/strong> \u00e8 una cooperativa sociale che opera a Roma per i bisogni di cittadine e cittadini con disabilit\u00e0 e delle loro famiglie in un\u2019ottica di partecipazione e di sensibilizzazione su temi legati all\u2019inclusione sociale e alla valorizzazione delle diversit\u00e0.<\/li>\r\n\r\n\r\n\r\n<li><strong>Casa Santa Chiara<\/strong> \u00e8 una cooperativa sociale che si occupa dell\u2019accoglienza di persone con disabilit\u00e0 e per il sostegno alle loro famiglie sul territorio di Bologna e provincia.<\/li>\r\n<\/ul>\r\n\r\n\r\n\r\n<div class=\"wp-block-spacer\" style=\"height: 50px;\" aria-hidden=\"true\">\u00a0<\/div>\r\n\r\n\r\n\r\n<div class=\"wp-block-buttons is-layout-flex wp-block-buttons-is-layout-flex\">\r\n<div class=\"wp-block-button\"><strong><a class=\"wp-block-button__link has-background wp-element-button\" style=\"border-radius: 15px; background-color: #e96f27;\" href=\"https:\/\/www.retedeldono.it\/it\/search\/?utm_source=Blog&amp;utm_medium=direct&amp;utm_campaign=donazioni_per_disabili_down\">Scopri i progetti di Rete del Dono<\/a><\/strong><\/div>\r\n<\/div>\r\n","protected":false},"excerpt":{"rendered":"<p>Grazie alle donazioni per disabili, associazioni e altre realt\u00e0 che s\u2019impegnano ogni giorno per aiutare chi ne ha pi\u00f9 bisogno possono potenziare il proprio sostegno e raggiungere pi\u00f9 persone: ecco&#8230;<\/p>\n","protected":false},"author":6,"featured_media":2310,"comment_status":"open","ping_status":"open","sticky":false,"template":"","format":"standard","meta":{"_acf_changed":false,"footnotes":""},"categories":[13],"tags":[],"class_list":{"0":"post-2309","1":"post","2":"type-post","3":"status-publish","4":"format-standard","5":"has-post-thumbnail","7":"category-crowdfunding"},"acf":{"homepage_rdd":false},"yoast_head":"<!-- This site is optimized with the Yoast SEO plugin v27.5 - https:\/\/yoast.com\/product\/yoast-seo-wordpress\/ -->\n<title>Come fare donazioni per disabili - Rete del Dono Magazine<\/title>\n<meta name=\"description\" content=\"Grazie alle donazioni per disabili, associazioni che s\u2019impegnano per aiutare chi ne ha pi\u00f9 bisogno possono potenziare il proprio sostegno\" \/>\n<meta name=\"robots\" content=\"index, follow, max-snippet:-1, max-image-preview:large, max-video-preview:-1\" \/>\n<link rel=\"canonical\" href=\"https:\/\/www.retedeldono.it\/magazine\/donazioni-per-disabili\/\" \/>\n<meta property=\"og:locale\" content=\"it_IT\" \/>\n<meta property=\"og:type\" content=\"article\" \/>\n<meta property=\"og:title\" content=\"Come fare donazioni per disabili - Rete del Dono Magazine\" \/>\n<meta property=\"og:description\" content=\"Grazie alle donazioni per disabili, associazioni che s\u2019impegnano per aiutare chi ne ha pi\u00f9 bisogno possono potenziare il proprio sostegno\" \/>\n<meta property=\"og:url\" content=\"https:\/\/www.retedeldono.it\/magazine\/donazioni-per-disabili\/\" \/>\n<meta property=\"og:site_name\" content=\"Rete del Dono Magazine\" \/>\n<meta property=\"article:publisher\" content=\"https:\/\/www.facebook.com\/retedeldono\/\" \/>\n<meta property=\"article:published_time\" content=\"2023-05-09T07:39:13+00:00\" \/>\n<meta property=\"article:modified_time\" content=\"2025-12-04T08:46:13+00:00\" \/>\n<meta property=\"og:image\" content=\"https:\/\/magazine.retedeldono.it\/wp-content\/uploads\/2023\/05\/pexels-ivan-samkov-8127503-1.jpg\" \/>\n\t<meta property=\"og:image:width\" content=\"1000\" \/>\n\t<meta property=\"og:image:height\" content=\"700\" \/>\n\t<meta property=\"og:image:type\" content=\"image\/jpeg\" \/>\n<meta name=\"author\" content=\"Valeria Vitali\" \/>\n<meta name=\"twitter:card\" content=\"summary_large_image\" \/>\n<meta name=\"twitter:label1\" content=\"Scritto da\" \/>\n\t<meta name=\"twitter:data1\" content=\"Valeria Vitali\" \/>\n\t<meta name=\"twitter:label2\" content=\"Tempo di lettura stimato\" \/>\n\t<meta name=\"twitter:data2\" content=\"5 minuti\" \/>\n<script type=\"application\/ld+json\" class=\"yoast-schema-graph\">{\"@context\":\"https:\\\/\\\/schema.org\",\"@graph\":[{\"@type\":\"Article\",\"@id\":\"https:\\\/\\\/www.retedeldono.it\\\/magazine\\\/donazioni-per-disabili\\\/#article\",\"isPartOf\":{\"@id\":\"https:\\\/\\\/www.retedeldono.it\\\/magazine\\\/donazioni-per-disabili\\\/\"},\"author\":{\"name\":\"Valeria Vitali\",\"@id\":\"https:\\\/\\\/www.retedeldono.it\\\/magazine\\\/#\\\/schema\\\/person\\\/c6beeb7b05f412d2823480967d76ad54\"},\"headline\":\"Come fare donazioni per disabili\",\"datePublished\":\"2023-05-09T07:39:13+00:00\",\"dateModified\":\"2025-12-04T08:46:13+00:00\",\"mainEntityOfPage\":{\"@id\":\"https:\\\/\\\/www.retedeldono.it\\\/magazine\\\/donazioni-per-disabili\\\/\"},\"wordCount\":821,\"commentCount\":0,\"image\":{\"@id\":\"https:\\\/\\\/www.retedeldono.it\\\/magazine\\\/donazioni-per-disabili\\\/#primaryimage\"},\"thumbnailUrl\":\"https:\\\/\\\/magazine.retedeldono.it\\\/wp-content\\\/uploads\\\/2023\\\/05\\\/pexels-ivan-samkov-8127503-1.jpg\",\"articleSection\":[\"Crowdfunding\"],\"inLanguage\":\"it-IT\",\"potentialAction\":[{\"@type\":\"CommentAction\",\"name\":\"Comment\",\"target\":[\"https:\\\/\\\/www.retedeldono.it\\\/magazine\\\/donazioni-per-disabili\\\/#respond\"]}]},{\"@type\":\"WebPage\",\"@id\":\"https:\\\/\\\/www.retedeldono.it\\\/magazine\\\/donazioni-per-disabili\\\/\",\"url\":\"https:\\\/\\\/www.retedeldono.it\\\/magazine\\\/donazioni-per-disabili\\\/\",\"name\":\"Come fare donazioni per disabili - Rete del Dono Magazine\",\"isPartOf\":{\"@id\":\"https:\\\/\\\/www.retedeldono.it\\\/magazine\\\/#website\"},\"primaryImageOfPage\":{\"@id\":\"https:\\\/\\\/www.retedeldono.it\\\/magazine\\\/donazioni-per-disabili\\\/#primaryimage\"},\"image\":{\"@id\":\"https:\\\/\\\/www.retedeldono.it\\\/magazine\\\/donazioni-per-disabili\\\/#primaryimage\"},\"thumbnailUrl\":\"https:\\\/\\\/magazine.retedeldono.it\\\/wp-content\\\/uploads\\\/2023\\\/05\\\/pexels-ivan-samkov-8127503-1.jpg\",\"datePublished\":\"2023-05-09T07:39:13+00:00\",\"dateModified\":\"2025-12-04T08:46:13+00:00\",\"author\":{\"@id\":\"https:\\\/\\\/www.retedeldono.it\\\/magazine\\\/#\\\/schema\\\/person\\\/c6beeb7b05f412d2823480967d76ad54\"},\"description\":\"Grazie alle donazioni per disabili, associazioni che s\u2019impegnano per aiutare chi ne ha pi\u00f9 bisogno possono potenziare il proprio sostegno\",\"breadcrumb\":{\"@id\":\"https:\\\/\\\/www.retedeldono.it\\\/magazine\\\/donazioni-per-disabili\\\/#breadcrumb\"},\"inLanguage\":\"it-IT\",\"potentialAction\":[{\"@type\":\"ReadAction\",\"target\":[\"https:\\\/\\\/www.retedeldono.it\\\/magazine\\\/donazioni-per-disabili\\\/\"]}]},{\"@type\":\"ImageObject\",\"inLanguage\":\"it-IT\",\"@id\":\"https:\\\/\\\/www.retedeldono.it\\\/magazine\\\/donazioni-per-disabili\\\/#primaryimage\",\"url\":\"https:\\\/\\\/magazine.retedeldono.it\\\/wp-content\\\/uploads\\\/2023\\\/05\\\/pexels-ivan-samkov-8127503-1.jpg\",\"contentUrl\":\"https:\\\/\\\/magazine.retedeldono.it\\\/wp-content\\\/uploads\\\/2023\\\/05\\\/pexels-ivan-samkov-8127503-1.jpg\",\"width\":1000,\"height\":700,\"caption\":\"donazioni per disabili\"},{\"@type\":\"BreadcrumbList\",\"@id\":\"https:\\\/\\\/www.retedeldono.it\\\/magazine\\\/donazioni-per-disabili\\\/#breadcrumb\",\"itemListElement\":[{\"@type\":\"ListItem\",\"position\":1,\"name\":\"Home\",\"item\":\"https:\\\/\\\/www.retedeldono.it\\\/magazine\\\/\"},{\"@type\":\"ListItem\",\"position\":2,\"name\":\"Come fare donazioni per disabili\"}]},{\"@type\":\"WebSite\",\"@id\":\"https:\\\/\\\/www.retedeldono.it\\\/magazine\\\/#website\",\"url\":\"https:\\\/\\\/www.retedeldono.it\\\/magazine\\\/\",\"name\":\"Rete del Dono Magazine\",\"description\":\"Rete del Dono Magazine\",\"potentialAction\":[{\"@type\":\"SearchAction\",\"target\":{\"@type\":\"EntryPoint\",\"urlTemplate\":\"https:\\\/\\\/www.retedeldono.it\\\/magazine\\\/?s={search_term_string}\"},\"query-input\":{\"@type\":\"PropertyValueSpecification\",\"valueRequired\":true,\"valueName\":\"search_term_string\"}}],\"inLanguage\":\"it-IT\"},{\"@type\":\"Person\",\"@id\":\"https:\\\/\\\/www.retedeldono.it\\\/magazine\\\/#\\\/schema\\\/person\\\/c6beeb7b05f412d2823480967d76ad54\",\"name\":\"Valeria Vitali\",\"image\":{\"@type\":\"ImageObject\",\"inLanguage\":\"it-IT\",\"@id\":\"https:\\\/\\\/secure.gravatar.com\\\/avatar\\\/ed06510965ea97eb2f14540fc0327ce5bf65b10d085192ae3b38003a07ff151a?s=96&d=mm&r=g\",\"url\":\"https:\\\/\\\/secure.gravatar.com\\\/avatar\\\/ed06510965ea97eb2f14540fc0327ce5bf65b10d085192ae3b38003a07ff151a?s=96&d=mm&r=g\",\"contentUrl\":\"https:\\\/\\\/secure.gravatar.com\\\/avatar\\\/ed06510965ea97eb2f14540fc0327ce5bf65b10d085192ae3b38003a07ff151a?s=96&d=mm&r=g\",\"caption\":\"Valeria Vitali\"},\"description\":\"Dopo una laurea in Scienze Politiche presso Universit\u00e0 degli studi di Pavia e un Master in Cooperazione e Sviluppo a Barcellona, ha iniziato il suo percorso professionale in Italia, occupandosi di comunicazione, per poi allargare i suoi orizzonti all\u2019estero. \u00c8 proprio qui che nasce l\u2019idea di Rete del Dono, l\u2019idea di diffondere in Italia una rivoluzione culturale che avvicini le persone al dono, inteso come gesto di impegno civile. L\u2019innovazione digitale ha fatto la sua parte, facilitando e dando maggior concretezza a questo progetto costruito insieme ad Anna Siccardi.\",\"url\":\"https:\\\/\\\/www.retedeldono.it\\\/magazine\\\/author\\\/valeria-vitali\\\/\"}]}<\/script>\n<!-- \/ Yoast SEO plugin. -->","yoast_head_json":{"title":"Come fare donazioni per disabili - Rete del Dono Magazine","description":"Grazie alle donazioni per disabili, associazioni che s\u2019impegnano per aiutare chi ne ha pi\u00f9 bisogno possono potenziare il proprio sostegno","robots":{"index":"index","follow":"follow","max-snippet":"max-snippet:-1","max-image-preview":"max-image-preview:large","max-video-preview":"max-video-preview:-1"},"canonical":"https:\/\/www.retedeldono.it\/magazine\/donazioni-per-disabili\/","og_locale":"it_IT","og_type":"article","og_title":"Come fare donazioni per disabili - Rete del Dono Magazine","og_description":"Grazie alle donazioni per disabili, associazioni che s\u2019impegnano per aiutare chi ne ha pi\u00f9 bisogno possono potenziare il proprio sostegno","og_url":"https:\/\/www.retedeldono.it\/magazine\/donazioni-per-disabili\/","og_site_name":"Rete del Dono Magazine","article_publisher":"https:\/\/www.facebook.com\/retedeldono\/","article_published_time":"2023-05-09T07:39:13+00:00","article_modified_time":"2025-12-04T08:46:13+00:00","og_image":[{"width":1000,"height":700,"url":"https:\/\/magazine.retedeldono.it\/wp-content\/uploads\/2023\/05\/pexels-ivan-samkov-8127503-1.jpg","type":"image\/jpeg"}],"author":"Valeria Vitali","twitter_card":"summary_large_image","twitter_misc":{"Scritto da":"Valeria Vitali","Tempo di lettura stimato":"5 minuti"},"schema":{"@context":"https:\/\/schema.org","@graph":[{"@type":"Article","@id":"https:\/\/www.retedeldono.it\/magazine\/donazioni-per-disabili\/#article","isPartOf":{"@id":"https:\/\/www.retedeldono.it\/magazine\/donazioni-per-disabili\/"},"author":{"name":"Valeria Vitali","@id":"https:\/\/www.retedeldono.it\/magazine\/#\/schema\/person\/c6beeb7b05f412d2823480967d76ad54"},"headline":"Come fare donazioni per disabili","datePublished":"2023-05-09T07:39:13+00:00","dateModified":"2025-12-04T08:46:13+00:00","mainEntityOfPage":{"@id":"https:\/\/www.retedeldono.it\/magazine\/donazioni-per-disabili\/"},"wordCount":821,"commentCount":0,"image":{"@id":"https:\/\/www.retedeldono.it\/magazine\/donazioni-per-disabili\/#primaryimage"},"thumbnailUrl":"https:\/\/magazine.retedeldono.it\/wp-content\/uploads\/2023\/05\/pexels-ivan-samkov-8127503-1.jpg","articleSection":["Crowdfunding"],"inLanguage":"it-IT","potentialAction":[{"@type":"CommentAction","name":"Comment","target":["https:\/\/www.retedeldono.it\/magazine\/donazioni-per-disabili\/#respond"]}]},{"@type":"WebPage","@id":"https:\/\/www.retedeldono.it\/magazine\/donazioni-per-disabili\/","url":"https:\/\/www.retedeldono.it\/magazine\/donazioni-per-disabili\/","name":"Come fare donazioni per disabili - Rete del Dono Magazine","isPartOf":{"@id":"https:\/\/www.retedeldono.it\/magazine\/#website"},"primaryImageOfPage":{"@id":"https:\/\/www.retedeldono.it\/magazine\/donazioni-per-disabili\/#primaryimage"},"image":{"@id":"https:\/\/www.retedeldono.it\/magazine\/donazioni-per-disabili\/#primaryimage"},"thumbnailUrl":"https:\/\/magazine.retedeldono.it\/wp-content\/uploads\/2023\/05\/pexels-ivan-samkov-8127503-1.jpg","datePublished":"2023-05-09T07:39:13+00:00","dateModified":"2025-12-04T08:46:13+00:00","author":{"@id":"https:\/\/www.retedeldono.it\/magazine\/#\/schema\/person\/c6beeb7b05f412d2823480967d76ad54"},"description":"Grazie alle donazioni per disabili, associazioni che s\u2019impegnano per aiutare chi ne ha pi\u00f9 bisogno possono potenziare il proprio sostegno","breadcrumb":{"@id":"https:\/\/www.retedeldono.it\/magazine\/donazioni-per-disabili\/#breadcrumb"},"inLanguage":"it-IT","potentialAction":[{"@type":"ReadAction","target":["https:\/\/www.retedeldono.it\/magazine\/donazioni-per-disabili\/"]}]},{"@type":"ImageObject","inLanguage":"it-IT","@id":"https:\/\/www.retedeldono.it\/magazine\/donazioni-per-disabili\/#primaryimage","url":"https:\/\/magazine.retedeldono.it\/wp-content\/uploads\/2023\/05\/pexels-ivan-samkov-8127503-1.jpg","contentUrl":"https:\/\/magazine.retedeldono.it\/wp-content\/uploads\/2023\/05\/pexels-ivan-samkov-8127503-1.jpg","width":1000,"height":700,"caption":"donazioni per disabili"},{"@type":"BreadcrumbList","@id":"https:\/\/www.retedeldono.it\/magazine\/donazioni-per-disabili\/#breadcrumb","itemListElement":[{"@type":"ListItem","position":1,"name":"Home","item":"https:\/\/www.retedeldono.it\/magazine\/"},{"@type":"ListItem","position":2,"name":"Come fare donazioni per disabili"}]},{"@type":"WebSite","@id":"https:\/\/www.retedeldono.it\/magazine\/#website","url":"https:\/\/www.retedeldono.it\/magazine\/","name":"Rete del Dono Magazine","description":"Rete del Dono Magazine","potentialAction":[{"@type":"SearchAction","target":{"@type":"EntryPoint","urlTemplate":"https:\/\/www.retedeldono.it\/magazine\/?s={search_term_string}"},"query-input":{"@type":"PropertyValueSpecification","valueRequired":true,"valueName":"search_term_string"}}],"inLanguage":"it-IT"},{"@type":"Person","@id":"https:\/\/www.retedeldono.it\/magazine\/#\/schema\/person\/c6beeb7b05f412d2823480967d76ad54","name":"Valeria Vitali","image":{"@type":"ImageObject","inLanguage":"it-IT","@id":"https:\/\/secure.gravatar.com\/avatar\/ed06510965ea97eb2f14540fc0327ce5bf65b10d085192ae3b38003a07ff151a?s=96&d=mm&r=g","url":"https:\/\/secure.gravatar.com\/avatar\/ed06510965ea97eb2f14540fc0327ce5bf65b10d085192ae3b38003a07ff151a?s=96&d=mm&r=g","contentUrl":"https:\/\/secure.gravatar.com\/avatar\/ed06510965ea97eb2f14540fc0327ce5bf65b10d085192ae3b38003a07ff151a?s=96&d=mm&r=g","caption":"Valeria Vitali"},"description":"Dopo una laurea in Scienze Politiche presso Universit\u00e0 degli studi di Pavia e un Master in Cooperazione e Sviluppo a Barcellona, ha iniziato il suo percorso professionale in Italia, occupandosi di comunicazione, per poi allargare i suoi orizzonti all\u2019estero. \u00c8 proprio qui che nasce l\u2019idea di Rete del Dono, l\u2019idea di diffondere in Italia una rivoluzione culturale che avvicini le persone al dono, inteso come gesto di impegno civile. L\u2019innovazione digitale ha fatto la sua parte, facilitando e dando maggior concretezza a questo progetto costruito insieme ad Anna Siccardi.","url":"https:\/\/www.retedeldono.it\/magazine\/author\/valeria-vitali\/"}]}},"_links":{"self":[{"href":"https:\/\/www.retedeldono.it\/magazine\/wp-json\/wp\/v2\/posts\/2309","targetHints":{"allow":["GET"]}}],"collection":[{"href":"https:\/\/www.retedeldono.it\/magazine\/wp-json\/wp\/v2\/posts"}],"about":[{"href":"https:\/\/www.retedeldono.it\/magazine\/wp-json\/wp\/v2\/types\/post"}],"author":[{"embeddable":true,"href":"https:\/\/www.retedeldono.it\/magazine\/wp-json\/wp\/v2\/users\/6"}],"replies":[{"embeddable":true,"href":"https:\/\/www.retedeldono.it\/magazine\/wp-json\/wp\/v2\/comments?post=2309"}],"version-history":[{"count":1,"href":"https:\/\/www.retedeldono.it\/magazine\/wp-json\/wp\/v2\/posts\/2309\/revisions"}],"predecessor-version":[{"id":4361,"href":"https:\/\/www.retedeldono.it\/magazine\/wp-json\/wp\/v2\/posts\/2309\/revisions\/4361"}],"wp:featuredmedia":[{"embeddable":true,"href":"https:\/\/www.retedeldono.it\/magazine\/wp-json\/wp\/v2\/media\/2310"}],"wp:attachment":[{"href":"https:\/\/www.retedeldono.it\/magazine\/wp-json\/wp\/v2\/media?parent=2309"}],"wp:term":[{"taxonomy":"category","embeddable":true,"href":"https:\/\/www.retedeldono.it\/magazine\/wp-json\/wp\/v2\/categories?post=2309"},{"taxonomy":"post_tag","embeddable":true,"href":"https:\/\/www.retedeldono.it\/magazine\/wp-json\/wp\/v2\/tags?post=2309"}],"curies":[{"name":"wp","href":"https:\/\/api.w.org\/{rel}","templated":true}]}}