{"id":2312,"date":"2023-06-05T08:00:00","date_gmt":"2023-06-05T08:00:00","guid":{"rendered":"https:\/\/www.retedeldono.it\/magazine\/?p=2312"},"modified":"2023-06-15T10:19:36","modified_gmt":"2023-06-15T10:19:36","slug":"le-raccolte-fondi-per-la-giornata-mondiale-dellambiente","status":"publish","type":"post","link":"https:\/\/www.retedeldono.it\/magazine\/le-raccolte-fondi-per-la-giornata-mondiale-dellambiente\/","title":{"rendered":"Le raccolte fondi per la Giornata Mondiale dell\u2019Ambiente"},"content":{"rendered":"\n<p>Le cause legate alla <a href=\"https:\/\/www.retedeldono.it\/magazine\/sostenibilita-ambientale-crowdfunding\/\"><strong>sostenibilit\u00e0 ambientale<\/strong><\/a> e ai <strong>cambiamenti climatici<\/strong> hanno ormai raggiunto il grande pubblico anche in Italia. Ora si comprende che tutto ci\u00f2 che interessa alla salvaguardia della natura \u00e8 fortemente connesso ai temi del benessere umano e sociale. Un indicatore dell\u2019attenzione delle persone sono anche le campagne sul Climate Change lanciate in occasione della <a href=\"https:\/\/www.worldenvironmentday.global\/\"><strong>Giornata Mondiale dell\u2019Ambiente<\/strong><\/a> del <strong>5 giugno<\/strong>. Ecco alcune occasioni per celebrare questa ricorrenza con una donazione.<\/p>\n\n\n\n<h2 class=\"wp-block-heading\">Ampliare il Parco Nord Milano<\/h2>\n\n\n\n<p>50mila euro di obiettivo per ampliare il <strong>Parco Nord<\/strong> di ulteriori 18 ettari di terreno dell\u2019area della Balossa. \u00c8 la sfida per la Giornata Mondiale dell&#8217;Ambiente <a href=\"https:\/\/www.retedeldono.it\/it\/progetti\/parco-nord-milano\/insieme-per-la-terra\"><strong>Insieme per la Terra<\/strong><\/a> lanciata dall\u2019area verde a Nord di Milano, che conta gi\u00e0 640 ettari. Nato dalla riqualificazione dell\u2019ex-area industriale Breda, il parco vuole proseguire nella sua missione di creare ecosistemi naturali in terre urbane abbandonate. Bonifiche, piantumazioni, prati, laghetti e ciclabili per proteggere la terra dal consumo di suolo e restituire ai cittadini spazi verdi pubblici e fruibili. La donazione servir\u00e0 per l\u2019acquisto del terreno, rendendolo cos\u00ec patrimonio collettivo: ogni 10\u20ac si dona 1 metro quadrato di terra.<\/p>\n\n\n\n<h2 class=\"wp-block-heading\">Apicoltura in citt\u00e0<\/h2>\n\n\n\n<p><a href=\"https:\/\/www.retedeldono.it\/it\/vogliamo-piu-api-in-citta\"><strong>Vogliamo pi\u00f9 api in citt\u00e0!<\/strong><\/a> Con questo appello Cascina Cuccagna chiede di sostenere il proprio progetto di protezione degli insetti impollinatori. 4 arnie per un totale di 250.000 api di razza ligustica che, impollinando 120 milioni di fiori ogni giorno, garantiscono la biodiversit\u00e0 delle zone urbane e l\u2019agricoltura. L\u2019attivit\u00e0 di apicoltura urbana ha per\u00f2 bisogno di attenzioni particolari, per creare un habitat circostante favorevole. Servono fioriere di fiori melliferi il cui nettare, raccolto dalle api, viene trasformato in miele. E poi bisogna monitorare costantemente il loro benessere, indicatore della qualit\u00e0 dell\u2019ambiente. Sono gi\u00e0 stati raccolti quasi 6.500 euro.<\/p>\n\n\n\n<h2 class=\"wp-block-heading\">Una sede per Fridays for Future Torino<\/h2>\n\n\n\n<p>Giustizia Climatica Ora!, dopo la raccolta di grande successo per organizzare il <a href=\"https:\/\/www.retedeldono.it\/magazine\/crowdfunding-ambiente-climate-social-camp\/\"><strong>Climate Social Camp<\/strong><\/a> 2022 di Torino e il Meeting Europeo di Fridays for Future, torna con una <a href=\"https:\/\/www.retedeldono.it\/it\/sede-di-fridays-for-future\"><strong>nuova campagna<\/strong><\/a>. Obiettivo: creare a Torino una casa dei movimenti per il clima, luogo di aggregazione sociale e di generazione di cambiamento. La sede c\u2019\u00e8, \u00e8 in via Cigliano 7 e si chiamer\u00e0 Kontiki, come la zattera di legno su cui l\u2019esploratore e scrittore norvegese Thor Heyerdahl si avventur\u00f2 nell&#8217;Oceano Pacifico. Le spese per\u00f2 sono molte e l\u2019associazione chiede un aiuto ai tanti, soprattutto giovani e giovanissimi, che lo scorso anno si sono approcciati per la prima volta al dono proprio grazie alla loro causa.<\/p>\n","protected":false},"excerpt":{"rendered":"<p>Le cause legate alla sostenibilit\u00e0 ambientale e ai cambiamenti climatici hanno ormai raggiunto il grande pubblico anche in Italia. Ora si comprende che tutto ci\u00f2 che interessa alla salvaguardia della&#8230;<\/p>\n","protected":false},"author":11,"featured_media":2325,"comment_status":"open","ping_status":"open","sticky":true,"template":"","format":"standard","meta":{"_acf_changed":false,"footnotes":""},"categories":[16],"tags":[],"class_list":{"0":"post-2312","1":"post","2":"type-post","3":"status-publish","4":"format-standard","5":"has-post-thumbnail","7":"category-sostenibilita"},"acf":{"homepage_rdd":false},"yoast_head":"<!-- This site is optimized with the Yoast SEO plugin v27.5 - https:\/\/yoast.com\/product\/yoast-seo-wordpress\/ -->\n<title>Raccolte fondi Giornata Mondiale dell\u2019Ambiente Rete del Dono<\/title>\n<meta name=\"description\" content=\"Ecco alcune campagne sul Climate Change lanciate in occasione della Giornata Mondiale dell\u2019Ambiente del 5 giugno.\" \/>\n<meta name=\"robots\" content=\"index, follow, max-snippet:-1, max-image-preview:large, max-video-preview:-1\" \/>\n<link rel=\"canonical\" href=\"https:\/\/www.retedeldono.it\/magazine\/le-raccolte-fondi-per-la-giornata-mondiale-dellambiente\/\" \/>\n<meta property=\"og:locale\" content=\"it_IT\" \/>\n<meta property=\"og:type\" content=\"article\" \/>\n<meta property=\"og:title\" content=\"Raccolte fondi per la Giornata Mondiale dell\u2019Ambiente\" \/>\n<meta property=\"og:description\" content=\"Ecco alcune campagne lanciate in occasione della Giornata Mondiale dell\u2019Ambiente del 5 giugno.\" \/>\n<meta property=\"og:url\" content=\"https:\/\/www.retedeldono.it\/magazine\/le-raccolte-fondi-per-la-giornata-mondiale-dellambiente\/\" \/>\n<meta property=\"og:site_name\" content=\"Rete del Dono Magazine\" \/>\n<meta property=\"article:publisher\" content=\"https:\/\/www.facebook.com\/retedeldono\/\" \/>\n<meta property=\"article:published_time\" content=\"2023-06-05T08:00:00+00:00\" \/>\n<meta property=\"article:modified_time\" content=\"2023-06-15T10:19:36+00:00\" \/>\n<meta property=\"og:image\" content=\"https:\/\/magazine.retedeldono.it\/wp-content\/uploads\/2023\/06\/rete-del-dono-giornata-mondiale-ambiente.jpg\" \/>\n\t<meta property=\"og:image:width\" content=\"1000\" \/>\n\t<meta property=\"og:image:height\" content=\"700\" \/>\n\t<meta property=\"og:image:type\" content=\"image\/jpeg\" \/>\n<meta name=\"author\" content=\"Elisa Rosso\" \/>\n<meta name=\"twitter:card\" content=\"summary_large_image\" \/>\n<meta name=\"twitter:title\" content=\"Raccolte fondi per la Giornata Mondiale dell\u2019Ambiente\" \/>\n<meta name=\"twitter:description\" content=\"Ecco alcune campagne lanciate in occasione della Giornata Mondiale dell\u2019Ambiente del 5 giugno.\" \/>\n<meta name=\"twitter:image\" content=\"https:\/\/magazine.retedeldono.it\/wp-content\/uploads\/2023\/06\/rete-del-dono-giornata-mondiale-ambiente.jpg\" \/>\n<meta name=\"twitter:label1\" content=\"Scritto da\" \/>\n\t<meta name=\"twitter:data1\" content=\"Elisa Rosso\" \/>\n\t<meta name=\"twitter:label2\" content=\"Tempo di lettura stimato\" \/>\n\t<meta name=\"twitter:data2\" content=\"3 minuti\" \/>\n<script type=\"application\/ld+json\" class=\"yoast-schema-graph\">{\"@context\":\"https:\\\/\\\/schema.org\",\"@graph\":[{\"@type\":\"Article\",\"@id\":\"https:\\\/\\\/www.retedeldono.it\\\/magazine\\\/le-raccolte-fondi-per-la-giornata-mondiale-dellambiente\\\/#article\",\"isPartOf\":{\"@id\":\"https:\\\/\\\/www.retedeldono.it\\\/magazine\\\/le-raccolte-fondi-per-la-giornata-mondiale-dellambiente\\\/\"},\"author\":{\"name\":\"Elisa Rosso\",\"@id\":\"https:\\\/\\\/www.retedeldono.it\\\/magazine\\\/#\\\/schema\\\/person\\\/dd55a2becb70a4059624bae094c03583\"},\"headline\":\"Le raccolte fondi per la Giornata Mondiale dell\u2019Ambiente\",\"datePublished\":\"2023-06-05T08:00:00+00:00\",\"dateModified\":\"2023-06-15T10:19:36+00:00\",\"mainEntityOfPage\":{\"@id\":\"https:\\\/\\\/www.retedeldono.it\\\/magazine\\\/le-raccolte-fondi-per-la-giornata-mondiale-dellambiente\\\/\"},\"wordCount\":414,\"commentCount\":0,\"image\":{\"@id\":\"https:\\\/\\\/www.retedeldono.it\\\/magazine\\\/le-raccolte-fondi-per-la-giornata-mondiale-dellambiente\\\/#primaryimage\"},\"thumbnailUrl\":\"https:\\\/\\\/magazine.retedeldono.it\\\/wp-content\\\/uploads\\\/2023\\\/06\\\/rete-del-dono-giornata-mondiale-ambiente.jpg\",\"articleSection\":[\"Sostenibilit\u00e0\"],\"inLanguage\":\"it-IT\",\"potentialAction\":[{\"@type\":\"CommentAction\",\"name\":\"Comment\",\"target\":[\"https:\\\/\\\/www.retedeldono.it\\\/magazine\\\/le-raccolte-fondi-per-la-giornata-mondiale-dellambiente\\\/#respond\"]}]},{\"@type\":\"WebPage\",\"@id\":\"https:\\\/\\\/www.retedeldono.it\\\/magazine\\\/le-raccolte-fondi-per-la-giornata-mondiale-dellambiente\\\/\",\"url\":\"https:\\\/\\\/www.retedeldono.it\\\/magazine\\\/le-raccolte-fondi-per-la-giornata-mondiale-dellambiente\\\/\",\"name\":\"Raccolte fondi Giornata Mondiale dell\u2019Ambiente Rete del Dono\",\"isPartOf\":{\"@id\":\"https:\\\/\\\/www.retedeldono.it\\\/magazine\\\/#website\"},\"primaryImageOfPage\":{\"@id\":\"https:\\\/\\\/www.retedeldono.it\\\/magazine\\\/le-raccolte-fondi-per-la-giornata-mondiale-dellambiente\\\/#primaryimage\"},\"image\":{\"@id\":\"https:\\\/\\\/www.retedeldono.it\\\/magazine\\\/le-raccolte-fondi-per-la-giornata-mondiale-dellambiente\\\/#primaryimage\"},\"thumbnailUrl\":\"https:\\\/\\\/magazine.retedeldono.it\\\/wp-content\\\/uploads\\\/2023\\\/06\\\/rete-del-dono-giornata-mondiale-ambiente.jpg\",\"datePublished\":\"2023-06-05T08:00:00+00:00\",\"dateModified\":\"2023-06-15T10:19:36+00:00\",\"author\":{\"@id\":\"https:\\\/\\\/www.retedeldono.it\\\/magazine\\\/#\\\/schema\\\/person\\\/dd55a2becb70a4059624bae094c03583\"},\"description\":\"Ecco alcune campagne sul Climate Change lanciate in occasione della Giornata Mondiale dell\u2019Ambiente del 5 giugno.\",\"breadcrumb\":{\"@id\":\"https:\\\/\\\/www.retedeldono.it\\\/magazine\\\/le-raccolte-fondi-per-la-giornata-mondiale-dellambiente\\\/#breadcrumb\"},\"inLanguage\":\"it-IT\",\"potentialAction\":[{\"@type\":\"ReadAction\",\"target\":[\"https:\\\/\\\/www.retedeldono.it\\\/magazine\\\/le-raccolte-fondi-per-la-giornata-mondiale-dellambiente\\\/\"]}]},{\"@type\":\"ImageObject\",\"inLanguage\":\"it-IT\",\"@id\":\"https:\\\/\\\/www.retedeldono.it\\\/magazine\\\/le-raccolte-fondi-per-la-giornata-mondiale-dellambiente\\\/#primaryimage\",\"url\":\"https:\\\/\\\/magazine.retedeldono.it\\\/wp-content\\\/uploads\\\/2023\\\/06\\\/rete-del-dono-giornata-mondiale-ambiente.jpg\",\"contentUrl\":\"https:\\\/\\\/magazine.retedeldono.it\\\/wp-content\\\/uploads\\\/2023\\\/06\\\/rete-del-dono-giornata-mondiale-ambiente.jpg\",\"width\":1000,\"height\":700,\"caption\":\"giornata mondiale dell'ambiente\"},{\"@type\":\"BreadcrumbList\",\"@id\":\"https:\\\/\\\/www.retedeldono.it\\\/magazine\\\/le-raccolte-fondi-per-la-giornata-mondiale-dellambiente\\\/#breadcrumb\",\"itemListElement\":[{\"@type\":\"ListItem\",\"position\":1,\"name\":\"Home\",\"item\":\"https:\\\/\\\/www.retedeldono.it\\\/magazine\\\/\"},{\"@type\":\"ListItem\",\"position\":2,\"name\":\"Le raccolte fondi per la Giornata Mondiale dell\u2019Ambiente\"}]},{\"@type\":\"WebSite\",\"@id\":\"https:\\\/\\\/www.retedeldono.it\\\/magazine\\\/#website\",\"url\":\"https:\\\/\\\/www.retedeldono.it\\\/magazine\\\/\",\"name\":\"Rete del Dono Magazine\",\"description\":\"Rete del Dono Magazine\",\"potentialAction\":[{\"@type\":\"SearchAction\",\"target\":{\"@type\":\"EntryPoint\",\"urlTemplate\":\"https:\\\/\\\/www.retedeldono.it\\\/magazine\\\/?s={search_term_string}\"},\"query-input\":{\"@type\":\"PropertyValueSpecification\",\"valueRequired\":true,\"valueName\":\"search_term_string\"}}],\"inLanguage\":\"it-IT\"},{\"@type\":\"Person\",\"@id\":\"https:\\\/\\\/www.retedeldono.it\\\/magazine\\\/#\\\/schema\\\/person\\\/dd55a2becb70a4059624bae094c03583\",\"name\":\"Elisa Rosso\",\"image\":{\"@type\":\"ImageObject\",\"inLanguage\":\"it-IT\",\"@id\":\"https:\\\/\\\/secure.gravatar.com\\\/avatar\\\/3aec3818a0581b1c60c2bac3ae3e55d7a00f7084134cbdd18bc732f3d8a8b93f?s=96&d=mm&r=g\",\"url\":\"https:\\\/\\\/secure.gravatar.com\\\/avatar\\\/3aec3818a0581b1c60c2bac3ae3e55d7a00f7084134cbdd18bc732f3d8a8b93f?s=96&d=mm&r=g\",\"contentUrl\":\"https:\\\/\\\/secure.gravatar.com\\\/avatar\\\/3aec3818a0581b1c60c2bac3ae3e55d7a00f7084134cbdd18bc732f3d8a8b93f?s=96&d=mm&r=g\",\"caption\":\"Elisa Rosso\"},\"description\":\"Laureata in Scienze Internazionali e Diplomatiche presso Universit\u00e0 di Torino, lavora da sempre nel non profit e nel sociale con un significativa esperienza nel settore raccolta fondi di grandi e piccole ONP (Amnesty International e NutriAid). Nell\u2019autunno 2016 approda in Rete del Dono, dove si occupa di dare assistenza e consulenza alle ONP e alle Fondazioni per la promozione dei loro progetti e l'ottimizzazione delle campagne di raccolta fondi.\",\"url\":\"https:\\\/\\\/www.retedeldono.it\\\/magazine\\\/author\\\/elisa-rosso\\\/\"}]}<\/script>\n<!-- \/ Yoast SEO plugin. -->","yoast_head_json":{"title":"Raccolte fondi Giornata Mondiale dell\u2019Ambiente Rete del Dono","description":"Ecco alcune campagne sul Climate Change lanciate in occasione della Giornata Mondiale dell\u2019Ambiente del 5 giugno.","robots":{"index":"index","follow":"follow","max-snippet":"max-snippet:-1","max-image-preview":"max-image-preview:large","max-video-preview":"max-video-preview:-1"},"canonical":"https:\/\/www.retedeldono.it\/magazine\/le-raccolte-fondi-per-la-giornata-mondiale-dellambiente\/","og_locale":"it_IT","og_type":"article","og_title":"Raccolte fondi per la Giornata Mondiale dell\u2019Ambiente","og_description":"Ecco alcune campagne lanciate in occasione della Giornata Mondiale dell\u2019Ambiente del 5 giugno.","og_url":"https:\/\/www.retedeldono.it\/magazine\/le-raccolte-fondi-per-la-giornata-mondiale-dellambiente\/","og_site_name":"Rete del Dono Magazine","article_publisher":"https:\/\/www.facebook.com\/retedeldono\/","article_published_time":"2023-06-05T08:00:00+00:00","article_modified_time":"2023-06-15T10:19:36+00:00","og_image":[{"width":1000,"height":700,"url":"https:\/\/magazine.retedeldono.it\/wp-content\/uploads\/2023\/06\/rete-del-dono-giornata-mondiale-ambiente.jpg","type":"image\/jpeg"}],"author":"Elisa Rosso","twitter_card":"summary_large_image","twitter_title":"Raccolte fondi per la Giornata Mondiale dell\u2019Ambiente","twitter_description":"Ecco alcune campagne lanciate in occasione della Giornata Mondiale dell\u2019Ambiente del 5 giugno.","twitter_image":"https:\/\/magazine.retedeldono.it\/wp-content\/uploads\/2023\/06\/rete-del-dono-giornata-mondiale-ambiente.jpg","twitter_misc":{"Scritto da":"Elisa Rosso","Tempo di lettura stimato":"3 minuti"},"schema":{"@context":"https:\/\/schema.org","@graph":[{"@type":"Article","@id":"https:\/\/www.retedeldono.it\/magazine\/le-raccolte-fondi-per-la-giornata-mondiale-dellambiente\/#article","isPartOf":{"@id":"https:\/\/www.retedeldono.it\/magazine\/le-raccolte-fondi-per-la-giornata-mondiale-dellambiente\/"},"author":{"name":"Elisa Rosso","@id":"https:\/\/www.retedeldono.it\/magazine\/#\/schema\/person\/dd55a2becb70a4059624bae094c03583"},"headline":"Le raccolte fondi per la Giornata Mondiale dell\u2019Ambiente","datePublished":"2023-06-05T08:00:00+00:00","dateModified":"2023-06-15T10:19:36+00:00","mainEntityOfPage":{"@id":"https:\/\/www.retedeldono.it\/magazine\/le-raccolte-fondi-per-la-giornata-mondiale-dellambiente\/"},"wordCount":414,"commentCount":0,"image":{"@id":"https:\/\/www.retedeldono.it\/magazine\/le-raccolte-fondi-per-la-giornata-mondiale-dellambiente\/#primaryimage"},"thumbnailUrl":"https:\/\/magazine.retedeldono.it\/wp-content\/uploads\/2023\/06\/rete-del-dono-giornata-mondiale-ambiente.jpg","articleSection":["Sostenibilit\u00e0"],"inLanguage":"it-IT","potentialAction":[{"@type":"CommentAction","name":"Comment","target":["https:\/\/www.retedeldono.it\/magazine\/le-raccolte-fondi-per-la-giornata-mondiale-dellambiente\/#respond"]}]},{"@type":"WebPage","@id":"https:\/\/www.retedeldono.it\/magazine\/le-raccolte-fondi-per-la-giornata-mondiale-dellambiente\/","url":"https:\/\/www.retedeldono.it\/magazine\/le-raccolte-fondi-per-la-giornata-mondiale-dellambiente\/","name":"Raccolte fondi Giornata Mondiale dell\u2019Ambiente Rete del Dono","isPartOf":{"@id":"https:\/\/www.retedeldono.it\/magazine\/#website"},"primaryImageOfPage":{"@id":"https:\/\/www.retedeldono.it\/magazine\/le-raccolte-fondi-per-la-giornata-mondiale-dellambiente\/#primaryimage"},"image":{"@id":"https:\/\/www.retedeldono.it\/magazine\/le-raccolte-fondi-per-la-giornata-mondiale-dellambiente\/#primaryimage"},"thumbnailUrl":"https:\/\/magazine.retedeldono.it\/wp-content\/uploads\/2023\/06\/rete-del-dono-giornata-mondiale-ambiente.jpg","datePublished":"2023-06-05T08:00:00+00:00","dateModified":"2023-06-15T10:19:36+00:00","author":{"@id":"https:\/\/www.retedeldono.it\/magazine\/#\/schema\/person\/dd55a2becb70a4059624bae094c03583"},"description":"Ecco alcune campagne sul Climate Change lanciate in occasione della Giornata Mondiale dell\u2019Ambiente del 5 giugno.","breadcrumb":{"@id":"https:\/\/www.retedeldono.it\/magazine\/le-raccolte-fondi-per-la-giornata-mondiale-dellambiente\/#breadcrumb"},"inLanguage":"it-IT","potentialAction":[{"@type":"ReadAction","target":["https:\/\/www.retedeldono.it\/magazine\/le-raccolte-fondi-per-la-giornata-mondiale-dellambiente\/"]}]},{"@type":"ImageObject","inLanguage":"it-IT","@id":"https:\/\/www.retedeldono.it\/magazine\/le-raccolte-fondi-per-la-giornata-mondiale-dellambiente\/#primaryimage","url":"https:\/\/magazine.retedeldono.it\/wp-content\/uploads\/2023\/06\/rete-del-dono-giornata-mondiale-ambiente.jpg","contentUrl":"https:\/\/magazine.retedeldono.it\/wp-content\/uploads\/2023\/06\/rete-del-dono-giornata-mondiale-ambiente.jpg","width":1000,"height":700,"caption":"giornata mondiale dell'ambiente"},{"@type":"BreadcrumbList","@id":"https:\/\/www.retedeldono.it\/magazine\/le-raccolte-fondi-per-la-giornata-mondiale-dellambiente\/#breadcrumb","itemListElement":[{"@type":"ListItem","position":1,"name":"Home","item":"https:\/\/www.retedeldono.it\/magazine\/"},{"@type":"ListItem","position":2,"name":"Le raccolte fondi per la Giornata Mondiale dell\u2019Ambiente"}]},{"@type":"WebSite","@id":"https:\/\/www.retedeldono.it\/magazine\/#website","url":"https:\/\/www.retedeldono.it\/magazine\/","name":"Rete del Dono Magazine","description":"Rete del Dono Magazine","potentialAction":[{"@type":"SearchAction","target":{"@type":"EntryPoint","urlTemplate":"https:\/\/www.retedeldono.it\/magazine\/?s={search_term_string}"},"query-input":{"@type":"PropertyValueSpecification","valueRequired":true,"valueName":"search_term_string"}}],"inLanguage":"it-IT"},{"@type":"Person","@id":"https:\/\/www.retedeldono.it\/magazine\/#\/schema\/person\/dd55a2becb70a4059624bae094c03583","name":"Elisa Rosso","image":{"@type":"ImageObject","inLanguage":"it-IT","@id":"https:\/\/secure.gravatar.com\/avatar\/3aec3818a0581b1c60c2bac3ae3e55d7a00f7084134cbdd18bc732f3d8a8b93f?s=96&d=mm&r=g","url":"https:\/\/secure.gravatar.com\/avatar\/3aec3818a0581b1c60c2bac3ae3e55d7a00f7084134cbdd18bc732f3d8a8b93f?s=96&d=mm&r=g","contentUrl":"https:\/\/secure.gravatar.com\/avatar\/3aec3818a0581b1c60c2bac3ae3e55d7a00f7084134cbdd18bc732f3d8a8b93f?s=96&d=mm&r=g","caption":"Elisa Rosso"},"description":"Laureata in Scienze Internazionali e Diplomatiche presso Universit\u00e0 di Torino, lavora da sempre nel non profit e nel sociale con un significativa esperienza nel settore raccolta fondi di grandi e piccole ONP (Amnesty International e NutriAid). Nell\u2019autunno 2016 approda in Rete del Dono, dove si occupa di dare assistenza e consulenza alle ONP e alle Fondazioni per la promozione dei loro progetti e l'ottimizzazione delle campagne di raccolta fondi.","url":"https:\/\/www.retedeldono.it\/magazine\/author\/elisa-rosso\/"}]}},"_links":{"self":[{"href":"https:\/\/www.retedeldono.it\/magazine\/wp-json\/wp\/v2\/posts\/2312","targetHints":{"allow":["GET"]}}],"collection":[{"href":"https:\/\/www.retedeldono.it\/magazine\/wp-json\/wp\/v2\/posts"}],"about":[{"href":"https:\/\/www.retedeldono.it\/magazine\/wp-json\/wp\/v2\/types\/post"}],"author":[{"embeddable":true,"href":"https:\/\/www.retedeldono.it\/magazine\/wp-json\/wp\/v2\/users\/11"}],"replies":[{"embeddable":true,"href":"https:\/\/www.retedeldono.it\/magazine\/wp-json\/wp\/v2\/comments?post=2312"}],"version-history":[{"count":0,"href":"https:\/\/www.retedeldono.it\/magazine\/wp-json\/wp\/v2\/posts\/2312\/revisions"}],"wp:featuredmedia":[{"embeddable":true,"href":"https:\/\/www.retedeldono.it\/magazine\/wp-json\/wp\/v2\/media\/2325"}],"wp:attachment":[{"href":"https:\/\/www.retedeldono.it\/magazine\/wp-json\/wp\/v2\/media?parent=2312"}],"wp:term":[{"taxonomy":"category","embeddable":true,"href":"https:\/\/www.retedeldono.it\/magazine\/wp-json\/wp\/v2\/categories?post=2312"},{"taxonomy":"post_tag","embeddable":true,"href":"https:\/\/www.retedeldono.it\/magazine\/wp-json\/wp\/v2\/tags?post=2312"}],"curies":[{"name":"wp","href":"https:\/\/api.w.org\/{rel}","templated":true}]}}