{"id":2339,"date":"2023-06-09T14:44:19","date_gmt":"2023-06-09T14:44:19","guid":{"rendered":"https:\/\/www.retedeldono.it\/magazine\/?p=2339"},"modified":"2023-06-29T08:17:58","modified_gmt":"2023-06-29T08:17:58","slug":"festival-fundraising-futuro-digitale-sostenibile","status":"publish","type":"post","link":"https:\/\/www.retedeldono.it\/magazine\/festival-fundraising-futuro-digitale-sostenibile\/","title":{"rendered":"Festival del Fundraising: futuro digitale e sostenibile"},"content":{"rendered":"[vc_row type=&#8221;in_container&#8221; full_screen_row_position=&#8221;middle&#8221; column_margin=&#8221;default&#8221; column_direction=&#8221;default&#8221; column_direction_tablet=&#8221;default&#8221; column_direction_phone=&#8221;default&#8221; scene_position=&#8221;center&#8221; text_color=&#8221;dark&#8221; text_align=&#8221;left&#8221; row_border_radius=&#8221;none&#8221; row_border_radius_applies=&#8221;bg&#8221; overflow=&#8221;visible&#8221; overlay_strength=&#8221;0.3&#8243; gradient_direction=&#8221;left_to_right&#8221; shape_divider_position=&#8221;bottom&#8221; bg_image_animation=&#8221;none&#8221;][vc_column column_padding=&#8221;no-extra-padding&#8221; column_padding_tablet=&#8221;inherit&#8221; column_padding_phone=&#8221;inherit&#8221; column_padding_position=&#8221;all&#8221; column_element_spacing=&#8221;default&#8221; background_color_opacity=&#8221;1&#8243; background_hover_color_opacity=&#8221;1&#8243; column_shadow=&#8221;none&#8221; column_border_radius=&#8221;none&#8221; column_link_target=&#8221;_self&#8221; column_position=&#8221;default&#8221; gradient_direction=&#8221;left_to_right&#8221; overlay_strength=&#8221;0.3&#8243; width=&#8221;1\/1&#8243; tablet_width_inherit=&#8221;default&#8221; tablet_text_alignment=&#8221;default&#8221; phone_text_alignment=&#8221;default&#8221; animation_type=&#8221;default&#8221; bg_image_animation=&#8221;none&#8221; border_type=&#8221;simple&#8221; column_border_width=&#8221;none&#8221; column_border_style=&#8221;solid&#8221;][vc_column_text]\r\n<p>Il <strong><a href=\"https:\/\/www.festivaldelfundraising.it\/\" target=\"_blank\" rel=\"noreferrer noopener\">Festival del Fundraising<\/a><\/strong> non si smentisce mai: si torna a casa, dopo la <em>full-immersion<\/em> di tre giorni, con una sensazione di arricchimento che solo assistere a certi incontri sa dare. <strong>Un futuro pi\u00f9 sostenibile utilizzando il fundraising<\/strong>, raccolte fondi per sostenere progetti e cause come strumento per cambiare il mondo che ci circonda.<\/p>\r\n\r\n<p>Come sempre, alcuni incontri di grande richiamo lasciano il segno: <strong>Massimo Bottura<\/strong>, lo chef stellato con un occhio \u2013 e il cuore \u2013 rivolto al sociale, ci ha emozionato con il suo racconto di come sono nati l\u2019<strong>Associazione i Refettori <\/strong>\u2013 l\u2019idea geniale delle mense per i poveri firmate da grandi architetti e chef, ormai ce ne sono 13 nel mondo! &#8211; e il <strong>Tortellante<\/strong>, il laboratorio terapeutico \u2013 abilitativo dove giovani e adulti nello spettro autistico imparano a produrre pasta fresca fatta a mano. Alla base di tutto, la convinzione che la bellezza debba ispirare anche il sociale. \u201c<em>Quando si arriva a un certo punto<\/em>\u201d \u2013 dice Bottura \u2013 \u201c<em>\u00e8 giusto restituire, non per fare beneficenza, ma per coscienza e senso di responsabilit\u00e0<\/em>&#8220;. Altro che <strong>Masterchef<\/strong>, diciamo noi!<\/p>\r\n\r\n<p>E, siccome il tema di quest\u2019anno \u00e8 il valore dell\u2019imperfezione come sinonimo di maggior autenticit\u00e0, l\u2019intervento di <strong>Davide Cassani<\/strong> &#8211; ex ciclista professionista, ex commentatore televisivo di ciclismo, ex ct della nazionale e, a suo dire, eterno gregario \u2013 si inserisce perfettamente nel contesto: uno che avrebbe potuto fare molto di pi\u00f9, ma ha preferito mettersi al servizio della squadra. Lavorare in team e per un obiettivo comune<\/p>\r\n\r\n<p>Si \u00e8 parlato di tutto e di pi\u00f9 al festival: rispetto agli anni scorsi, la novit\u00e0 del 2023 sono stati i filoni tematici, una personalizzazione dei percorsi, con focus in particolare su cultura, sanit\u00e0, sport. Si \u00e8 parlato tanto anche di CSR, di digital marketing e ovviamente di intelligenza artificiale.<\/p>\r\n<p>\u00a0<\/p>\r\n\r\n<h2 class=\"wp-block-heading\">L&#8217;altra faccia del marketing con Skande<\/h2>\r\n\r\n<p>Di grande ispirazione \u00e8 stata l\u2019intervista di Valerio Melandri a <strong>Riccardo Scandellari<\/strong>.<br \/>Tema della chiacchierata: come sviluppare una strategia di comunicazione autentica e coinvolgente nelle attivit\u00e0 di fundraising.<br \/>Il primo grande suggerimento \u00e8 <strong>andare oltre la comunicazione istituzionale<\/strong>, stimolando chi ogni giorno si spende per il<em> brand<\/em> a comunicare in prima persona. Questo approccio da volto e umanit\u00e0 al lavoro che ogni giorno svolgiamo, evocando empatia e coinvolgimento. Anche i dati dimostrano che l\u2019interlocutore umano \u00e8 pi\u00f9 ascoltato del brand. Chi riveste un ruolo di rilievo dovrebbe pertanto raccontare cosa fa tutti i giorni con passione e determinazione.<br \/>Personalizzare il contenuto, facendo trapelare la propria passione, aggiunge ulteriore valore al racconto rendendolo davvero unico e di qualit\u00e0. Non solo. Avere ben presente l\u2019impatto che intendo generare \u00e8 un altro importante tassello.<br \/>Comunicare significa anche <strong>superare la paura di esporsi per ricavare autorevolezza<\/strong> e visibilit\u00e0 sui temi di cui si \u00e8 competente, diventare un punto di riferimento. \u00c8 l\u2019autorevolezza che ferma le persone, e le porta a leggere i nostri post non il contenuto degli stessi.<br \/>I social media sono un ottimo canale per avvicinare le persone, poi dobbiamo farle nostre intavolando un dialogo che vada oltre i social network e serva ad <strong>alimentare la fiducia<\/strong>.<\/p>\r\n<p>\u00a0<\/p>\r\n\r\n<h2 class=\"wp-block-heading\">Fundraising e Cultura<\/h2>\r\n\r\n<p>Quest\u2019anno si \u00e8 inaugurata la Prima Edizione di <strong>Fundraising Arts<\/strong> &#8211;<strong> Il Festival del Fundraising per le Arti e la Cultura<\/strong>, il filone dedicato esclusivamente al settore delle Arti e della Cultura.<\/p>\r\n\r\n<p>Un <strong>Festival nel Festival<\/strong>, un\u2019iniziativa che stava maturando da tempo e che ha avuto il grande merito di ricordare (qualora ce ne fosse bisogno) quanto sia fondamentale il fundraising per lo sviluppo e la sostenibilit\u00e0 economica di tante realt\u00e0 che costituiscono il patrimonio artistico-culturale del nostro paese: <strong>biblioteche<\/strong>, <strong>musei<\/strong>, <strong>teatri<\/strong>, <strong>festival<\/strong>, <strong>cinema<\/strong>, oltre alla fittissima rete do di organizzazioni artistiche-culturali attive nelle e per le comunit\u00e0 di riferimento.<\/p>\r\n\r\n<p>Come ha spiegato <strong>Marianna Martinoni<\/strong>, perfetta padrona di casa, \u00e8 stato un viaggio, breve ma intenso, alla scoperta della piramide del fundraising. Si \u00e8 parlato di <strong>partnership<\/strong>, <strong>sponsorship <\/strong>e <strong>membership<\/strong>, ma anche di corporate fundraising evidenziando le criticit\u00e0 del difficile equilibrio tra sostenibilit\u00e0 ed etica; di <a href=\"https:\/\/www.retedeldono.it\/landing\/art-bonus\"><strong>Art Bonus<\/strong><\/a>\u00a0e delle opportunit\u00e0 offerte da nuove forme di partenariato pubblico-privato e infine di crowdfunding con una storia che ha dimostrato che \u00e8 possibile creare audience mentre si fa fundraising e viceversa.<\/p>\r\n\r\n<p>Ben due sessioni sono state dedicate all\u2019Art Bonus, con due casi studio che ne hanno messo a luce molteplici aspetti, opportunit\u00e0 e sviluppi. In sintesi, abbiamo la <strong>pi\u00f9 potente agevolazione fiscale d\u2019Europa<\/strong> (<em>e forse del mondo<\/em>), purtroppo ancora poco conosciuta sia dagli addetti ai lavori che dai donatori, siano essi privati o aziende. La grande sfida di Enti e Organizzazioni culturali sar\u00e0 di informarsi e formarsi, di utilizzarla al meglio e di saperla spiegare in maniera semplice ai propri donatori.<\/p>\r\n<p>\u00a0<\/p>\r\n\r\n<h2 class=\"wp-block-heading\">AI &amp; SEO<\/h2>\r\n\r\n<p>Grande protagonista \u00e8 stato <strong>Giorgio Taverniti<\/strong>, uno dei massimi esperti italiani di SEO e Digital Marketing e co-fondatore di Search On Media Group. Il suo intervento sul tema <strong>SEO <\/strong>associata all&#8217;<strong>AI<\/strong> \u00e8 stato illuminante. <strong>L&#8217;AI ci supporta nel nostro processo creativo con la consapevolezza che l&#8217;output deve essere necessariamente personalizzato.<\/strong><br \/>L&#8217;importante \u00e8 <strong><a href=\"https:\/\/www.retedeldono.it\/magazine\/web-marketing-festival-2023-creare-contenuti-di-qualita-per-il-terzo-settore\/\">produrre contenuti pertinenti e di qualit\u00e0<\/a><\/strong>. Sugli articoli, ad esempio, sarebbe opportuno inserire tabelle, numeri e dati, o metterci la faccia con i video. Dobbiamo lavorare sul nostro sito come se fosse una biblioteca. Per farlo, bisogna tornare studenti e approfondire, studiare tutte le potenzialit\u00e0 di questo nuovo potente strumento.<\/p>\r\n\r\n<p>Altro intervento di rilievo \u00e8 quello di <strong>Jacopo Perfetti<\/strong>, che ci svela che <strong><a href=\"https:\/\/www.retedeldono.it\/magazine\/chat-gpt\/\">ChatGpt<\/a><\/strong>, o qualunque altro strumento di <strong>AI generativa<\/strong>, non serve solo per produrre contenuti testuali ma anche immagini, video musicali, analisi dei dati e persino App. l\u2019AI \u00e8 uno strumento potente a servizio della nostra creativit\u00e0. In linea con Taverniti, Perfetti ribadisce l\u2019importanza della personalizzazione. L&#8217;<strong>AI<\/strong> \u00e8 come l&#8217;avvento dei social media e dello smartphone nel 2010, <strong>una vera e propria rivoluzione digitale, culturale e strutturale<\/strong>. La chiave di volta \u00e8 saperla governare e gestire con consapevolezza e buon senso.<\/p>\r\n<p>&nbsp;<\/p>\r\n<h2 class=\"wp-block-heading\">Fundraising &amp; Sport<\/h2>\r\n\r\n<p><strong>Lo sport come potente veicolo di inclusione sociale<\/strong>: questo il <em>fil rouge<\/em> che \u00e8 emerso nei vari interventi che si sono succeduti nella sessione dedicata. \u00c8 fondamentale riconoscere il valore sociale dell\u2019attivit\u00e0 sportiva. In Italia ci sono 120 mila ASD, ma solo il 7% dichiara di fare inclusione: \u00e8 un dato fuorviante, perch\u00e9 in realt\u00e0 molti lo fanno e non se ne rendono conto. Questo significa che c\u2019\u00e8 una grande opportunit\u00e0 per far emergere un mondo che deve farsi conoscere.<\/p>\r\n\r\n<p>Si sono toccati vari temi, dal percorso verso la stabilit\u00e0 finanziaria di una <strong>ASD<\/strong>, allo <strong>Sport Bonus <\/strong>che ancora in pochissimi conoscono e dunque ne beneficiano: si tratta di un credito d\u2019imposta riservato alle imprese che effettuano erogazioni liberali per opere di manutenzione o ristrutturazioni straordinarie di impianti sportivi pubblici. Il 65% dell\u2019importo erogato viene riconosciuto in tre annualit\u00e0.<\/p>\r\n\r\n<p>Si \u00e8 parlato di <strong>crowdfunding<\/strong> per progetti legati allo <strong>sport<\/strong> e all\u2019<strong>inclusione<\/strong>, di quanto uno strumento del genere ben si presti al<strong> coinvolgimento della comunit\u00e0<\/strong>. Il fundraising crea una sorta di circuito virtuoso di restituzione in cui la comunit\u00e0 dona per un progetto di cui essa stessa beneficer\u00e0. In questo modo <strong>lo sport non vive solo di sponsorizzazioni ma anche di fundraising<\/strong>, decisamente un cambio di paradigma in termini di <strong>progettualit\u00e0<\/strong>, <strong>trasparenza<\/strong>, capacit\u00e0 di comunicare, governance e <strong>impatto ambientale e sociale.<\/strong><\/p>\r\n\r\n<p>Le dimensioni relazionali, in questo contesto, sono fondamentali per creare quel rapporto di fiducia e credibilit\u00e0 essenziali alla buona riuscita della raccolta fondi. Lo sa bene <strong><a href=\"https:\/\/www.retedeldono.it\/it\/onp\/playmore\">Playmore<\/a><\/strong>, che con la sua iniziativa RunChallenge, legata alla <strong><a href=\"https:\/\/www.retedeldono.it\/it\/milano-marathon\">Milano Marathon<\/a><\/strong>, ha raccolto su <strong>Rete del Dono<\/strong> oltre 166 mila euro, ma soprattutto ha creato una vera e propria comunit\u00e0, dove chiunque \u00e8 ben accolto e invitato a fare sport.<\/p>\r\n<p>\u00a0<\/p>\r\n[\/vc_column_text][\/vc_column][\/vc_row]","protected":false},"excerpt":{"rendered":"<p>[vc_row type=&#8221;in_container&#8221; full_screen_row_position=&#8221;middle&#8221; column_margin=&#8221;default&#8221; column_direction=&#8221;default&#8221; column_direction_tablet=&#8221;default&#8221; column_direction_phone=&#8221;default&#8221; scene_position=&#8221;center&#8221; text_color=&#8221;dark&#8221; text_align=&#8221;left&#8221; row_border_radius=&#8221;none&#8221; row_border_radius_applies=&#8221;bg&#8221; overflow=&#8221;visible&#8221; overlay_strength=&#8221;0.3&#8243; gradient_direction=&#8221;left_to_right&#8221; shape_divider_position=&#8221;bottom&#8221; bg_image_animation=&#8221;none&#8221;][vc_column column_padding=&#8221;no-extra-padding&#8221; column_padding_tablet=&#8221;inherit&#8221; column_padding_phone=&#8221;inherit&#8221; column_padding_position=&#8221;all&#8221; column_element_spacing=&#8221;default&#8221; background_color_opacity=&#8221;1&#8243; background_hover_color_opacity=&#8221;1&#8243; column_shadow=&#8221;none&#8221; column_border_radius=&#8221;none&#8221; column_link_target=&#8221;_self&#8221; column_position=&#8221;default&#8221; gradient_direction=&#8221;left_to_right&#8221; overlay_strength=&#8221;0.3&#8243;&#8230;<\/p>\n","protected":false},"author":7,"featured_media":2341,"comment_status":"open","ping_status":"open","sticky":true,"template":"","format":"standard","meta":{"_acf_changed":false,"footnotes":""},"categories":[17],"tags":[],"class_list":{"0":"post-2339","1":"post","2":"type-post","3":"status-publish","4":"format-standard","5":"has-post-thumbnail","7":"category-fundraising"},"acf":{"homepage_rdd":false},"yoast_head":"<!-- This site is optimized with the Yoast SEO plugin v27.5 - https:\/\/yoast.com\/product\/yoast-seo-wordpress\/ -->\n<title>Festival del Fundraising: futuro digitale e sostenibile - Rete del Dono<\/title>\n<meta name=\"description\" content=\"Le principali novit\u00e0 emerse dal Festival del Fundraising 2023: AI generativa e SEO, fundraising cultura, sport, digital marketing\" \/>\n<meta name=\"robots\" content=\"index, follow, max-snippet:-1, max-image-preview:large, max-video-preview:-1\" \/>\n<link rel=\"canonical\" href=\"https:\/\/www.retedeldono.it\/magazine\/festival-fundraising-futuro-digitale-sostenibile\/\" \/>\n<meta property=\"og:locale\" content=\"it_IT\" \/>\n<meta property=\"og:type\" content=\"article\" \/>\n<meta property=\"og:title\" content=\"Festival del Fundraising: futuro digitale e sostenibile\" \/>\n<meta property=\"og:description\" content=\"Le principali novit\u00e0 emerse dal Festival del Fundraising 2023: AI generativa e SEO, fundraising cultura, sport, digital marketing\" \/>\n<meta property=\"og:url\" content=\"https:\/\/www.retedeldono.it\/magazine\/festival-fundraising-futuro-digitale-sostenibile\/\" \/>\n<meta property=\"og:site_name\" content=\"Rete del Dono Magazine\" \/>\n<meta property=\"article:publisher\" content=\"https:\/\/www.facebook.com\/retedeldono\/\" \/>\n<meta property=\"article:published_time\" content=\"2023-06-09T14:44:19+00:00\" \/>\n<meta property=\"article:modified_time\" content=\"2023-06-29T08:17:58+00:00\" \/>\n<meta property=\"og:image\" content=\"https:\/\/magazine.retedeldono.it\/wp-content\/uploads\/2023\/06\/rete-del-dono-festival-fundraising-futuro-sostenibile.jpg\" \/>\n\t<meta property=\"og:image:width\" content=\"1000\" \/>\n\t<meta property=\"og:image:height\" content=\"700\" \/>\n\t<meta property=\"og:image:type\" content=\"image\/jpeg\" \/>\n<meta name=\"author\" content=\"Aldo Lubrani\" \/>\n<meta name=\"twitter:card\" content=\"summary_large_image\" \/>\n<meta name=\"twitter:title\" content=\"Festival del Fundraising: futuro digitale e sostenibile\" \/>\n<meta name=\"twitter:description\" content=\"Le principali novit\u00e0 emerse dal Festival del Fundraising 2023: AI generativa e SEO, fundraising cultura, sport, digital marketing\" \/>\n<meta name=\"twitter:image\" content=\"https:\/\/magazine.retedeldono.it\/wp-content\/uploads\/2023\/06\/rete-del-dono-festival-fundraising-futuro-sostenibile.jpg\" \/>\n<meta name=\"twitter:label1\" content=\"Scritto da\" \/>\n\t<meta name=\"twitter:data1\" content=\"Aldo Lubrani\" \/>\n\t<meta name=\"twitter:label2\" content=\"Tempo di lettura stimato\" \/>\n\t<meta name=\"twitter:data2\" content=\"7 minuti\" \/>\n<script type=\"application\/ld+json\" class=\"yoast-schema-graph\">{\"@context\":\"https:\\\/\\\/schema.org\",\"@graph\":[{\"@type\":\"Article\",\"@id\":\"https:\\\/\\\/www.retedeldono.it\\\/magazine\\\/festival-fundraising-futuro-digitale-sostenibile\\\/#article\",\"isPartOf\":{\"@id\":\"https:\\\/\\\/www.retedeldono.it\\\/magazine\\\/festival-fundraising-futuro-digitale-sostenibile\\\/\"},\"author\":{\"name\":\"Aldo Lubrani\",\"@id\":\"https:\\\/\\\/www.retedeldono.it\\\/magazine\\\/#\\\/schema\\\/person\\\/19118fc3b527ea22d276cc2b446f7353\"},\"headline\":\"Festival del Fundraising: futuro digitale e sostenibile\",\"datePublished\":\"2023-06-09T14:44:19+00:00\",\"dateModified\":\"2023-06-29T08:17:58+00:00\",\"mainEntityOfPage\":{\"@id\":\"https:\\\/\\\/www.retedeldono.it\\\/magazine\\\/festival-fundraising-futuro-digitale-sostenibile\\\/\"},\"wordCount\":1404,\"commentCount\":0,\"image\":{\"@id\":\"https:\\\/\\\/www.retedeldono.it\\\/magazine\\\/festival-fundraising-futuro-digitale-sostenibile\\\/#primaryimage\"},\"thumbnailUrl\":\"https:\\\/\\\/magazine.retedeldono.it\\\/wp-content\\\/uploads\\\/2023\\\/06\\\/rete-del-dono-festival-fundraising-futuro-sostenibile.jpg\",\"articleSection\":[\"Fundraising\"],\"inLanguage\":\"it-IT\",\"potentialAction\":[{\"@type\":\"CommentAction\",\"name\":\"Comment\",\"target\":[\"https:\\\/\\\/www.retedeldono.it\\\/magazine\\\/festival-fundraising-futuro-digitale-sostenibile\\\/#respond\"]}]},{\"@type\":\"WebPage\",\"@id\":\"https:\\\/\\\/www.retedeldono.it\\\/magazine\\\/festival-fundraising-futuro-digitale-sostenibile\\\/\",\"url\":\"https:\\\/\\\/www.retedeldono.it\\\/magazine\\\/festival-fundraising-futuro-digitale-sostenibile\\\/\",\"name\":\"Festival del Fundraising: futuro digitale e sostenibile - Rete del Dono\",\"isPartOf\":{\"@id\":\"https:\\\/\\\/www.retedeldono.it\\\/magazine\\\/#website\"},\"primaryImageOfPage\":{\"@id\":\"https:\\\/\\\/www.retedeldono.it\\\/magazine\\\/festival-fundraising-futuro-digitale-sostenibile\\\/#primaryimage\"},\"image\":{\"@id\":\"https:\\\/\\\/www.retedeldono.it\\\/magazine\\\/festival-fundraising-futuro-digitale-sostenibile\\\/#primaryimage\"},\"thumbnailUrl\":\"https:\\\/\\\/magazine.retedeldono.it\\\/wp-content\\\/uploads\\\/2023\\\/06\\\/rete-del-dono-festival-fundraising-futuro-sostenibile.jpg\",\"datePublished\":\"2023-06-09T14:44:19+00:00\",\"dateModified\":\"2023-06-29T08:17:58+00:00\",\"author\":{\"@id\":\"https:\\\/\\\/www.retedeldono.it\\\/magazine\\\/#\\\/schema\\\/person\\\/19118fc3b527ea22d276cc2b446f7353\"},\"description\":\"Le principali novit\u00e0 emerse dal Festival del Fundraising 2023: AI generativa e SEO, fundraising cultura, sport, digital marketing\",\"breadcrumb\":{\"@id\":\"https:\\\/\\\/www.retedeldono.it\\\/magazine\\\/festival-fundraising-futuro-digitale-sostenibile\\\/#breadcrumb\"},\"inLanguage\":\"it-IT\",\"potentialAction\":[{\"@type\":\"ReadAction\",\"target\":[\"https:\\\/\\\/www.retedeldono.it\\\/magazine\\\/festival-fundraising-futuro-digitale-sostenibile\\\/\"]}]},{\"@type\":\"ImageObject\",\"inLanguage\":\"it-IT\",\"@id\":\"https:\\\/\\\/www.retedeldono.it\\\/magazine\\\/festival-fundraising-futuro-digitale-sostenibile\\\/#primaryimage\",\"url\":\"https:\\\/\\\/magazine.retedeldono.it\\\/wp-content\\\/uploads\\\/2023\\\/06\\\/rete-del-dono-festival-fundraising-futuro-sostenibile.jpg\",\"contentUrl\":\"https:\\\/\\\/magazine.retedeldono.it\\\/wp-content\\\/uploads\\\/2023\\\/06\\\/rete-del-dono-festival-fundraising-futuro-sostenibile.jpg\",\"width\":1000,\"height\":700,\"caption\":\"Rete del Dono Festival del Fundraising Futuro Sostenibile\"},{\"@type\":\"BreadcrumbList\",\"@id\":\"https:\\\/\\\/www.retedeldono.it\\\/magazine\\\/festival-fundraising-futuro-digitale-sostenibile\\\/#breadcrumb\",\"itemListElement\":[{\"@type\":\"ListItem\",\"position\":1,\"name\":\"Home\",\"item\":\"https:\\\/\\\/www.retedeldono.it\\\/magazine\\\/\"},{\"@type\":\"ListItem\",\"position\":2,\"name\":\"Festival del Fundraising: futuro digitale e sostenibile\"}]},{\"@type\":\"WebSite\",\"@id\":\"https:\\\/\\\/www.retedeldono.it\\\/magazine\\\/#website\",\"url\":\"https:\\\/\\\/www.retedeldono.it\\\/magazine\\\/\",\"name\":\"Rete del Dono Magazine\",\"description\":\"Rete del Dono Magazine\",\"potentialAction\":[{\"@type\":\"SearchAction\",\"target\":{\"@type\":\"EntryPoint\",\"urlTemplate\":\"https:\\\/\\\/www.retedeldono.it\\\/magazine\\\/?s={search_term_string}\"},\"query-input\":{\"@type\":\"PropertyValueSpecification\",\"valueRequired\":true,\"valueName\":\"search_term_string\"}}],\"inLanguage\":\"it-IT\"},{\"@type\":\"Person\",\"@id\":\"https:\\\/\\\/www.retedeldono.it\\\/magazine\\\/#\\\/schema\\\/person\\\/19118fc3b527ea22d276cc2b446f7353\",\"name\":\"Aldo Lubrani\",\"image\":{\"@type\":\"ImageObject\",\"inLanguage\":\"it-IT\",\"@id\":\"https:\\\/\\\/secure.gravatar.com\\\/avatar\\\/e948991b445298d4342a4a232b29e90adbf8a4af10151e265f6e6f3e9a10f68c?s=96&d=mm&r=g\",\"url\":\"https:\\\/\\\/secure.gravatar.com\\\/avatar\\\/e948991b445298d4342a4a232b29e90adbf8a4af10151e265f6e6f3e9a10f68c?s=96&d=mm&r=g\",\"contentUrl\":\"https:\\\/\\\/secure.gravatar.com\\\/avatar\\\/e948991b445298d4342a4a232b29e90adbf8a4af10151e265f6e6f3e9a10f68c?s=96&d=mm&r=g\",\"caption\":\"Aldo Lubrani\"},\"description\":\"Laureato con lode in Relazioni Internazionali presso Universit\u00e0 degli studi Roma Tre, Master in Europrogettazione presso Europa Business School di Bologna. Google Digital Training Certificate. Lavoro da anni nel settore Digital, Fundraising e Non Profit. Su Rete del Dono ricopro il ruolo di Project Manager nell'ambito Comunicazione, Digital e Personal Fundraising. Appassionato di viaggi, natura, pittura.\",\"sameAs\":[\"https:\\\/\\\/www.retedeldono.it\"],\"url\":\"https:\\\/\\\/www.retedeldono.it\\\/magazine\\\/author\\\/aldo-lubrani\\\/\"}]}<\/script>\n<!-- \/ Yoast SEO plugin. -->","yoast_head_json":{"title":"Festival del Fundraising: futuro digitale e sostenibile - Rete del Dono","description":"Le principali novit\u00e0 emerse dal Festival del Fundraising 2023: AI generativa e SEO, fundraising cultura, sport, digital marketing","robots":{"index":"index","follow":"follow","max-snippet":"max-snippet:-1","max-image-preview":"max-image-preview:large","max-video-preview":"max-video-preview:-1"},"canonical":"https:\/\/www.retedeldono.it\/magazine\/festival-fundraising-futuro-digitale-sostenibile\/","og_locale":"it_IT","og_type":"article","og_title":"Festival del Fundraising: futuro digitale e sostenibile","og_description":"Le principali novit\u00e0 emerse dal Festival del Fundraising 2023: AI generativa e SEO, fundraising cultura, sport, digital marketing","og_url":"https:\/\/www.retedeldono.it\/magazine\/festival-fundraising-futuro-digitale-sostenibile\/","og_site_name":"Rete del Dono Magazine","article_publisher":"https:\/\/www.facebook.com\/retedeldono\/","article_published_time":"2023-06-09T14:44:19+00:00","article_modified_time":"2023-06-29T08:17:58+00:00","og_image":[{"width":1000,"height":700,"url":"https:\/\/magazine.retedeldono.it\/wp-content\/uploads\/2023\/06\/rete-del-dono-festival-fundraising-futuro-sostenibile.jpg","type":"image\/jpeg"}],"author":"Aldo Lubrani","twitter_card":"summary_large_image","twitter_title":"Festival del Fundraising: futuro digitale e sostenibile","twitter_description":"Le principali novit\u00e0 emerse dal Festival del Fundraising 2023: AI generativa e SEO, fundraising cultura, sport, digital marketing","twitter_image":"https:\/\/magazine.retedeldono.it\/wp-content\/uploads\/2023\/06\/rete-del-dono-festival-fundraising-futuro-sostenibile.jpg","twitter_misc":{"Scritto da":"Aldo Lubrani","Tempo di lettura stimato":"7 minuti"},"schema":{"@context":"https:\/\/schema.org","@graph":[{"@type":"Article","@id":"https:\/\/www.retedeldono.it\/magazine\/festival-fundraising-futuro-digitale-sostenibile\/#article","isPartOf":{"@id":"https:\/\/www.retedeldono.it\/magazine\/festival-fundraising-futuro-digitale-sostenibile\/"},"author":{"name":"Aldo Lubrani","@id":"https:\/\/www.retedeldono.it\/magazine\/#\/schema\/person\/19118fc3b527ea22d276cc2b446f7353"},"headline":"Festival del Fundraising: futuro digitale e sostenibile","datePublished":"2023-06-09T14:44:19+00:00","dateModified":"2023-06-29T08:17:58+00:00","mainEntityOfPage":{"@id":"https:\/\/www.retedeldono.it\/magazine\/festival-fundraising-futuro-digitale-sostenibile\/"},"wordCount":1404,"commentCount":0,"image":{"@id":"https:\/\/www.retedeldono.it\/magazine\/festival-fundraising-futuro-digitale-sostenibile\/#primaryimage"},"thumbnailUrl":"https:\/\/magazine.retedeldono.it\/wp-content\/uploads\/2023\/06\/rete-del-dono-festival-fundraising-futuro-sostenibile.jpg","articleSection":["Fundraising"],"inLanguage":"it-IT","potentialAction":[{"@type":"CommentAction","name":"Comment","target":["https:\/\/www.retedeldono.it\/magazine\/festival-fundraising-futuro-digitale-sostenibile\/#respond"]}]},{"@type":"WebPage","@id":"https:\/\/www.retedeldono.it\/magazine\/festival-fundraising-futuro-digitale-sostenibile\/","url":"https:\/\/www.retedeldono.it\/magazine\/festival-fundraising-futuro-digitale-sostenibile\/","name":"Festival del Fundraising: futuro digitale e sostenibile - Rete del Dono","isPartOf":{"@id":"https:\/\/www.retedeldono.it\/magazine\/#website"},"primaryImageOfPage":{"@id":"https:\/\/www.retedeldono.it\/magazine\/festival-fundraising-futuro-digitale-sostenibile\/#primaryimage"},"image":{"@id":"https:\/\/www.retedeldono.it\/magazine\/festival-fundraising-futuro-digitale-sostenibile\/#primaryimage"},"thumbnailUrl":"https:\/\/magazine.retedeldono.it\/wp-content\/uploads\/2023\/06\/rete-del-dono-festival-fundraising-futuro-sostenibile.jpg","datePublished":"2023-06-09T14:44:19+00:00","dateModified":"2023-06-29T08:17:58+00:00","author":{"@id":"https:\/\/www.retedeldono.it\/magazine\/#\/schema\/person\/19118fc3b527ea22d276cc2b446f7353"},"description":"Le principali novit\u00e0 emerse dal Festival del Fundraising 2023: AI generativa e SEO, fundraising cultura, sport, digital marketing","breadcrumb":{"@id":"https:\/\/www.retedeldono.it\/magazine\/festival-fundraising-futuro-digitale-sostenibile\/#breadcrumb"},"inLanguage":"it-IT","potentialAction":[{"@type":"ReadAction","target":["https:\/\/www.retedeldono.it\/magazine\/festival-fundraising-futuro-digitale-sostenibile\/"]}]},{"@type":"ImageObject","inLanguage":"it-IT","@id":"https:\/\/www.retedeldono.it\/magazine\/festival-fundraising-futuro-digitale-sostenibile\/#primaryimage","url":"https:\/\/magazine.retedeldono.it\/wp-content\/uploads\/2023\/06\/rete-del-dono-festival-fundraising-futuro-sostenibile.jpg","contentUrl":"https:\/\/magazine.retedeldono.it\/wp-content\/uploads\/2023\/06\/rete-del-dono-festival-fundraising-futuro-sostenibile.jpg","width":1000,"height":700,"caption":"Rete del Dono Festival del Fundraising Futuro Sostenibile"},{"@type":"BreadcrumbList","@id":"https:\/\/www.retedeldono.it\/magazine\/festival-fundraising-futuro-digitale-sostenibile\/#breadcrumb","itemListElement":[{"@type":"ListItem","position":1,"name":"Home","item":"https:\/\/www.retedeldono.it\/magazine\/"},{"@type":"ListItem","position":2,"name":"Festival del Fundraising: futuro digitale e sostenibile"}]},{"@type":"WebSite","@id":"https:\/\/www.retedeldono.it\/magazine\/#website","url":"https:\/\/www.retedeldono.it\/magazine\/","name":"Rete del Dono Magazine","description":"Rete del Dono Magazine","potentialAction":[{"@type":"SearchAction","target":{"@type":"EntryPoint","urlTemplate":"https:\/\/www.retedeldono.it\/magazine\/?s={search_term_string}"},"query-input":{"@type":"PropertyValueSpecification","valueRequired":true,"valueName":"search_term_string"}}],"inLanguage":"it-IT"},{"@type":"Person","@id":"https:\/\/www.retedeldono.it\/magazine\/#\/schema\/person\/19118fc3b527ea22d276cc2b446f7353","name":"Aldo Lubrani","image":{"@type":"ImageObject","inLanguage":"it-IT","@id":"https:\/\/secure.gravatar.com\/avatar\/e948991b445298d4342a4a232b29e90adbf8a4af10151e265f6e6f3e9a10f68c?s=96&d=mm&r=g","url":"https:\/\/secure.gravatar.com\/avatar\/e948991b445298d4342a4a232b29e90adbf8a4af10151e265f6e6f3e9a10f68c?s=96&d=mm&r=g","contentUrl":"https:\/\/secure.gravatar.com\/avatar\/e948991b445298d4342a4a232b29e90adbf8a4af10151e265f6e6f3e9a10f68c?s=96&d=mm&r=g","caption":"Aldo Lubrani"},"description":"Laureato con lode in Relazioni Internazionali presso Universit\u00e0 degli studi Roma Tre, Master in Europrogettazione presso Europa Business School di Bologna. Google Digital Training Certificate. Lavoro da anni nel settore Digital, Fundraising e Non Profit. Su Rete del Dono ricopro il ruolo di Project Manager nell'ambito Comunicazione, Digital e Personal Fundraising. Appassionato di viaggi, natura, pittura.","sameAs":["https:\/\/www.retedeldono.it"],"url":"https:\/\/www.retedeldono.it\/magazine\/author\/aldo-lubrani\/"}]}},"_links":{"self":[{"href":"https:\/\/www.retedeldono.it\/magazine\/wp-json\/wp\/v2\/posts\/2339","targetHints":{"allow":["GET"]}}],"collection":[{"href":"https:\/\/www.retedeldono.it\/magazine\/wp-json\/wp\/v2\/posts"}],"about":[{"href":"https:\/\/www.retedeldono.it\/magazine\/wp-json\/wp\/v2\/types\/post"}],"author":[{"embeddable":true,"href":"https:\/\/www.retedeldono.it\/magazine\/wp-json\/wp\/v2\/users\/7"}],"replies":[{"embeddable":true,"href":"https:\/\/www.retedeldono.it\/magazine\/wp-json\/wp\/v2\/comments?post=2339"}],"version-history":[{"count":0,"href":"https:\/\/www.retedeldono.it\/magazine\/wp-json\/wp\/v2\/posts\/2339\/revisions"}],"wp:featuredmedia":[{"embeddable":true,"href":"https:\/\/www.retedeldono.it\/magazine\/wp-json\/wp\/v2\/media\/2341"}],"wp:attachment":[{"href":"https:\/\/www.retedeldono.it\/magazine\/wp-json\/wp\/v2\/media?parent=2339"}],"wp:term":[{"taxonomy":"category","embeddable":true,"href":"https:\/\/www.retedeldono.it\/magazine\/wp-json\/wp\/v2\/categories?post=2339"},{"taxonomy":"post_tag","embeddable":true,"href":"https:\/\/www.retedeldono.it\/magazine\/wp-json\/wp\/v2\/tags?post=2339"}],"curies":[{"name":"wp","href":"https:\/\/api.w.org\/{rel}","templated":true}]}}