{"id":2351,"date":"2023-06-15T08:00:00","date_gmt":"2023-06-15T08:00:00","guid":{"rendered":"https:\/\/www.retedeldono.it\/magazine\/?p=2351"},"modified":"2023-08-17T13:04:17","modified_gmt":"2023-08-17T13:04:17","slug":"in-moto-per-una-buona-causa","status":"publish","type":"post","link":"https:\/\/www.retedeldono.it\/magazine\/in-moto-per-una-buona-causa\/","title":{"rendered":"Un&#8217;estate in moto per una buona causa"},"content":{"rendered":"\n<p>Di due ruote non ci sono solo quelle a pedali, che richiedono sudore e fatica. Un lungo viaggio in moto, per\u00f2, non \u00e8 meno avventuroso ed impegnativo. Ed \u00e8 anch\u2019esso un\u2019occasione molto attrattiva per sensibilizzare e chiedere donazioni per una causa solidale. Questi intrepidi <a href=\"https:\/\/www.retedeldono.it\/magazine\/personal-fundraising\/\" target=\"_blank\" rel=\"noreferrer noopener\"><strong>Personal Fundraiser<\/strong><\/a> sono l\u2019esempio che anche i <strong>bikers<\/strong>, proprio come i colleghi in <a href=\"https:\/\/www.retedeldono.it\/magazine\/raccogliere-fondi-bicicletta\/\" target=\"_blank\" rel=\"noreferrer noopener\"><strong>bicicletta<\/strong><\/a>, possono lanciare ottime campagne di raccolta fondi.<\/p>\n\n\n\n<h2 class=\"wp-block-heading\">Fino a Capo Nord a 73 anni<\/h2>\n\n\n\n<p>Non si finisce mai di stupire e di stupirsi. \u00c8 quello che deve aver pensato Fulvio Rosasco quando, insieme all\u2019amico Loris, ha messo nel mirino un sogno ancora non realizzato. <strong><a href=\"https:\/\/www.retedeldono.it\/it\/fulvio-loris-in-moto-fino-a-capo-nord-per-le-vele\">Un viaggio in moto fino a Capo Nord per un (quasi) neo motociclista 73enne<\/a>.<\/strong> \u201c<em>Ho scoperto la moto dopo la pensione, ma non sono uno che fa le cose a met\u00e0. In passato, appena avvicinatomi alla corsa, nel giro di 10 mesi avevo partecipato alla Maratona di New York. Stavolta volevo fare qualcosa di simile, percorrendo oltre 9mila km in 21 giorni. Partiremo da Como il 18 giugno e torneremo il 9 luglio<\/em>\u201d.<\/p>\n\n\n\n<h2 class=\"wp-block-heading\">In sella per la disabilit\u00e0<\/h2>\n\n\n\n<p>A itinerario pianificato e spese gi\u00e0 tutte sostenute di tasca propria, avviene per\u00f2 un incontro che d\u00e0 un nuovo senso a questa impresa. \u201c<em>Ad aprile scorso ho conosciuto l&#8217;Associazione Le Vele di Pioltello (Milano) durante una cena al Motoclub e mi ha colpito molto il loro progetto sul \u2018Dopo di noi\u2019. Tramite formazione e inserimento lavorativo punta ad accompagnare le persone con disabilit\u00e0 verso l\u2019autonomia e l\u2019inclusione sociale. Non posso aiutarli come volontario, ma ho deciso di sostenerli con una raccolta fondi<\/em>\u201d. Cos\u00ec quella che doveva essere solo una traversata estrema \u00e8 diventato un viaggio solidale.<\/p>\n\n\n\n<h2 class=\"wp-block-heading\">Obiettivo gi\u00e0 raggiunto!<\/h2>\n\n\n\n<p>E la campagna <a href=\"https:\/\/www.retedeldono.it\/fulvio-loris-in-moto-fino-a-capo-nord-per-le-vele\" target=\"_blank\" rel=\"noreferrer noopener\"><strong>In moto fino a Capo Nord per le Vele<\/strong><\/a> ha gi\u00e0 quasi raggiunto l\u2019obiettivo prima della partenza. \u201cHo raccolto 12.500 euro per ora attivando solo la cerchia degli amici tramite WhatsApp. Conoscevo Rete del Dono perch\u00e9 utilizzata dal mitico Fabrizio Cosi di \u2018Podisti da Marte\u2019. I loro consigli sono stati utili, come quello di mandare almeno due reminder alle persone. Non mi aspettavo questa risposta, soprattutto ora che c\u2019\u00e8 anche l\u2019<a href=\"https:\/\/www.retedeldono.it\/magazine\/come-donare-per-l-alluvione-in-emilia-romagna\/\" target=\"_blank\" rel=\"noreferrer noopener\"><strong>emergenza Emilia-Romagna<\/strong><\/a>. Anche se non conoscono direttamente l\u2019associazione, donano perch\u00e9 si fidano di me. Io sono pronto ad aumentare l\u2019obiettivo e a usare anche Instagram per raggiungere pi\u00f9 persone\u201d.<\/p>\n\n\n<div class=\"wp-block-image\">\n<figure class=\"aligncenter size-full\"><img loading=\"lazy\" decoding=\"async\" width=\"1000\" height=\"700\" src=\"https:\/\/www.retedeldono.it\/magazine\/wp-content\/uploads\/2023\/06\/Marco-Visona.jpg\" alt=\"\" class=\"wp-image-2361\" srcset=\"https:\/\/magazine.retedeldono.it\/wp-content\/uploads\/2023\/06\/Marco-Visona.jpg 1000w, https:\/\/magazine.retedeldono.it\/wp-content\/uploads\/2023\/06\/Marco-Visona-300x210.jpg 300w, https:\/\/magazine.retedeldono.it\/wp-content\/uploads\/2023\/06\/Marco-Visona-768x538.jpg 768w\" sizes=\"auto, (max-width: 1000px) 100vw, 1000px\" \/><\/figure>\n<\/div>\n\n\n<h2 class=\"wp-block-heading\">Il racing team solidale<\/h2>\n\n\n\n<p>Dalla strada alla pista. <a href=\"https:\/\/www.retedeldono.it\/it\/iniziative\/medici-con-lafrica-cuamm\/marco.vison%C3%A0\/in-pista-con-lafrica-2023\" target=\"_blank\" rel=\"noreferrer noopener\"><strong>In pista con l\u2019Africa 2023<\/strong><\/a> \u00e8 infatti la campagna lanciata dal <a href=\"https:\/\/www.teamimcla.org\/\" target=\"_blank\" rel=\"noreferrer noopener\"><strong>Team Imcla<\/strong><\/a>, la squadra corse del Moto Club In Moto con l&#8217;Africa ASD, affiliato alla Federazione Motociclistica Italiana. Piloti che insomma corrono per una buona causa: garantire le cure mediche alle popolazioni pi\u00f9 svantaggiate del pianeta. Nel 2023 il team sar\u00e0 presente in ben tre categorie del Campionato Italiano Velocit\u00e0 Classic e raccoglier\u00e0 fondi per <a href=\"https:\/\/www.mediciconlafrica.org\/\" target=\"_blank\" rel=\"noreferrer noopener\"><strong>Medici con l&#8217;Africa Cuamm<\/strong><\/a>. L\u2019ONG potr\u00e0 cos\u00ec acquistare le moto-ambulanze necessarie per trasportare le persone malate dai villaggi remoti ai centri sanitari in 8 paesi dell&#8217;Africa sub-sahariana. Facendo una donazione si partecipa all\u2019estrazione di due magliette ufficiali della squadra e di un ingresso al paddock per 2 persone al Misano Circuit del 14 e 15 ottobre.<\/p>\n","protected":false},"excerpt":{"rendered":"<p>Di due ruote non ci sono solo quelle a pedali, che richiedono sudore e fatica. Un lungo viaggio in moto, per\u00f2, non \u00e8 meno avventuroso ed impegnativo. Ed \u00e8 anch\u2019esso&#8230;<\/p>\n","protected":false},"author":7,"featured_media":2352,"comment_status":"open","ping_status":"open","sticky":true,"template":"","format":"standard","meta":{"_acf_changed":false,"footnotes":""},"categories":[17],"tags":[],"class_list":{"0":"post-2351","1":"post","2":"type-post","3":"status-publish","4":"format-standard","5":"has-post-thumbnail","7":"category-fundraising"},"acf":{"homepage_rdd":false},"yoast_head":"<!-- This site is optimized with the Yoast SEO plugin v27.5 - https:\/\/yoast.com\/product\/yoast-seo-wordpress\/ -->\n<title>Un&#039;estate in moto per una buona causa - Rete del Dono Magazine<\/title>\n<meta name=\"description\" content=\"Storie di intrepidi bikers Personal Fundraiser che quest&#039;estate si mettono in moto per una buona causa.\" \/>\n<meta name=\"robots\" content=\"index, follow, max-snippet:-1, max-image-preview:large, max-video-preview:-1\" \/>\n<link rel=\"canonical\" href=\"https:\/\/www.retedeldono.it\/magazine\/in-moto-per-una-buona-causa\/\" \/>\n<meta property=\"og:locale\" content=\"it_IT\" \/>\n<meta property=\"og:type\" content=\"article\" \/>\n<meta property=\"og:title\" content=\"Un&#039;estate in moto per una buona causa\" \/>\n<meta property=\"og:description\" content=\"Storie di intrepidi bikers Personal Fundraiser che quest&#039;estate si mettono in moto per una buona causa.\" \/>\n<meta property=\"og:url\" content=\"https:\/\/www.retedeldono.it\/magazine\/in-moto-per-una-buona-causa\/\" \/>\n<meta property=\"og:site_name\" content=\"Rete del Dono Magazine\" \/>\n<meta property=\"article:publisher\" content=\"https:\/\/www.facebook.com\/retedeldono\/\" \/>\n<meta property=\"article:published_time\" content=\"2023-06-15T08:00:00+00:00\" \/>\n<meta property=\"article:modified_time\" content=\"2023-08-17T13:04:17+00:00\" \/>\n<meta property=\"og:image\" content=\"https:\/\/magazine.retedeldono.it\/wp-content\/uploads\/2023\/06\/2_56.jpg\" \/>\n\t<meta property=\"og:image:width\" content=\"1000\" \/>\n\t<meta property=\"og:image:height\" content=\"700\" \/>\n\t<meta property=\"og:image:type\" content=\"image\/jpeg\" \/>\n<meta name=\"author\" content=\"Aldo Lubrani\" \/>\n<meta name=\"twitter:card\" content=\"summary_large_image\" \/>\n<meta name=\"twitter:title\" content=\"Un&#039;estate in moto per una buona causa\" \/>\n<meta name=\"twitter:description\" content=\"Storie di intrepidi bikers Personal Fundraiser che quest&#039;estate si mettono in moto per una buona causa.\" \/>\n<meta name=\"twitter:image\" content=\"https:\/\/magazine.retedeldono.it\/wp-content\/uploads\/2023\/06\/2_56.jpg\" \/>\n<meta name=\"twitter:label1\" content=\"Scritto da\" \/>\n\t<meta name=\"twitter:data1\" content=\"Aldo Lubrani\" \/>\n\t<meta name=\"twitter:label2\" content=\"Tempo di lettura stimato\" \/>\n\t<meta name=\"twitter:data2\" content=\"3 minuti\" \/>\n<script type=\"application\/ld+json\" class=\"yoast-schema-graph\">{\"@context\":\"https:\\\/\\\/schema.org\",\"@graph\":[{\"@type\":\"Article\",\"@id\":\"https:\\\/\\\/www.retedeldono.it\\\/magazine\\\/in-moto-per-una-buona-causa\\\/#article\",\"isPartOf\":{\"@id\":\"https:\\\/\\\/www.retedeldono.it\\\/magazine\\\/in-moto-per-una-buona-causa\\\/\"},\"author\":{\"name\":\"Aldo Lubrani\",\"@id\":\"https:\\\/\\\/www.retedeldono.it\\\/magazine\\\/#\\\/schema\\\/person\\\/19118fc3b527ea22d276cc2b446f7353\"},\"headline\":\"Un&#8217;estate in moto per una buona causa\",\"datePublished\":\"2023-06-15T08:00:00+00:00\",\"dateModified\":\"2023-08-17T13:04:17+00:00\",\"mainEntityOfPage\":{\"@id\":\"https:\\\/\\\/www.retedeldono.it\\\/magazine\\\/in-moto-per-una-buona-causa\\\/\"},\"wordCount\":519,\"commentCount\":0,\"image\":{\"@id\":\"https:\\\/\\\/www.retedeldono.it\\\/magazine\\\/in-moto-per-una-buona-causa\\\/#primaryimage\"},\"thumbnailUrl\":\"https:\\\/\\\/magazine.retedeldono.it\\\/wp-content\\\/uploads\\\/2023\\\/06\\\/2_56.jpg\",\"articleSection\":[\"Fundraising\"],\"inLanguage\":\"it-IT\",\"potentialAction\":[{\"@type\":\"CommentAction\",\"name\":\"Comment\",\"target\":[\"https:\\\/\\\/www.retedeldono.it\\\/magazine\\\/in-moto-per-una-buona-causa\\\/#respond\"]}]},{\"@type\":\"WebPage\",\"@id\":\"https:\\\/\\\/www.retedeldono.it\\\/magazine\\\/in-moto-per-una-buona-causa\\\/\",\"url\":\"https:\\\/\\\/www.retedeldono.it\\\/magazine\\\/in-moto-per-una-buona-causa\\\/\",\"name\":\"Un'estate in moto per una buona causa - Rete del Dono Magazine\",\"isPartOf\":{\"@id\":\"https:\\\/\\\/www.retedeldono.it\\\/magazine\\\/#website\"},\"primaryImageOfPage\":{\"@id\":\"https:\\\/\\\/www.retedeldono.it\\\/magazine\\\/in-moto-per-una-buona-causa\\\/#primaryimage\"},\"image\":{\"@id\":\"https:\\\/\\\/www.retedeldono.it\\\/magazine\\\/in-moto-per-una-buona-causa\\\/#primaryimage\"},\"thumbnailUrl\":\"https:\\\/\\\/magazine.retedeldono.it\\\/wp-content\\\/uploads\\\/2023\\\/06\\\/2_56.jpg\",\"datePublished\":\"2023-06-15T08:00:00+00:00\",\"dateModified\":\"2023-08-17T13:04:17+00:00\",\"author\":{\"@id\":\"https:\\\/\\\/www.retedeldono.it\\\/magazine\\\/#\\\/schema\\\/person\\\/19118fc3b527ea22d276cc2b446f7353\"},\"description\":\"Storie di intrepidi bikers Personal Fundraiser che quest'estate si mettono in moto per una buona causa.\",\"breadcrumb\":{\"@id\":\"https:\\\/\\\/www.retedeldono.it\\\/magazine\\\/in-moto-per-una-buona-causa\\\/#breadcrumb\"},\"inLanguage\":\"it-IT\",\"potentialAction\":[{\"@type\":\"ReadAction\",\"target\":[\"https:\\\/\\\/www.retedeldono.it\\\/magazine\\\/in-moto-per-una-buona-causa\\\/\"]}]},{\"@type\":\"ImageObject\",\"inLanguage\":\"it-IT\",\"@id\":\"https:\\\/\\\/www.retedeldono.it\\\/magazine\\\/in-moto-per-una-buona-causa\\\/#primaryimage\",\"url\":\"https:\\\/\\\/magazine.retedeldono.it\\\/wp-content\\\/uploads\\\/2023\\\/06\\\/2_56.jpg\",\"contentUrl\":\"https:\\\/\\\/magazine.retedeldono.it\\\/wp-content\\\/uploads\\\/2023\\\/06\\\/2_56.jpg\",\"width\":1000,\"height\":700,\"caption\":\"raccogliere-fondi-in-moto\"},{\"@type\":\"BreadcrumbList\",\"@id\":\"https:\\\/\\\/www.retedeldono.it\\\/magazine\\\/in-moto-per-una-buona-causa\\\/#breadcrumb\",\"itemListElement\":[{\"@type\":\"ListItem\",\"position\":1,\"name\":\"Home\",\"item\":\"https:\\\/\\\/www.retedeldono.it\\\/magazine\\\/\"},{\"@type\":\"ListItem\",\"position\":2,\"name\":\"Un&#8217;estate in moto per una buona causa\"}]},{\"@type\":\"WebSite\",\"@id\":\"https:\\\/\\\/www.retedeldono.it\\\/magazine\\\/#website\",\"url\":\"https:\\\/\\\/www.retedeldono.it\\\/magazine\\\/\",\"name\":\"Rete del Dono Magazine\",\"description\":\"Rete del Dono Magazine\",\"potentialAction\":[{\"@type\":\"SearchAction\",\"target\":{\"@type\":\"EntryPoint\",\"urlTemplate\":\"https:\\\/\\\/www.retedeldono.it\\\/magazine\\\/?s={search_term_string}\"},\"query-input\":{\"@type\":\"PropertyValueSpecification\",\"valueRequired\":true,\"valueName\":\"search_term_string\"}}],\"inLanguage\":\"it-IT\"},{\"@type\":\"Person\",\"@id\":\"https:\\\/\\\/www.retedeldono.it\\\/magazine\\\/#\\\/schema\\\/person\\\/19118fc3b527ea22d276cc2b446f7353\",\"name\":\"Aldo Lubrani\",\"image\":{\"@type\":\"ImageObject\",\"inLanguage\":\"it-IT\",\"@id\":\"https:\\\/\\\/secure.gravatar.com\\\/avatar\\\/e948991b445298d4342a4a232b29e90adbf8a4af10151e265f6e6f3e9a10f68c?s=96&d=mm&r=g\",\"url\":\"https:\\\/\\\/secure.gravatar.com\\\/avatar\\\/e948991b445298d4342a4a232b29e90adbf8a4af10151e265f6e6f3e9a10f68c?s=96&d=mm&r=g\",\"contentUrl\":\"https:\\\/\\\/secure.gravatar.com\\\/avatar\\\/e948991b445298d4342a4a232b29e90adbf8a4af10151e265f6e6f3e9a10f68c?s=96&d=mm&r=g\",\"caption\":\"Aldo Lubrani\"},\"description\":\"Laureato con lode in Relazioni Internazionali presso Universit\u00e0 degli studi Roma Tre, Master in Europrogettazione presso Europa Business School di Bologna. Google Digital Training Certificate. Lavoro da anni nel settore Digital, Fundraising e Non Profit. Su Rete del Dono ricopro il ruolo di Project Manager nell'ambito Comunicazione, Digital e Personal Fundraising. Appassionato di viaggi, natura, pittura.\",\"sameAs\":[\"https:\\\/\\\/www.retedeldono.it\"],\"url\":\"https:\\\/\\\/www.retedeldono.it\\\/magazine\\\/author\\\/aldo-lubrani\\\/\"}]}<\/script>\n<!-- \/ Yoast SEO plugin. -->","yoast_head_json":{"title":"Un'estate in moto per una buona causa - Rete del Dono Magazine","description":"Storie di intrepidi bikers Personal Fundraiser che quest'estate si mettono in moto per una buona causa.","robots":{"index":"index","follow":"follow","max-snippet":"max-snippet:-1","max-image-preview":"max-image-preview:large","max-video-preview":"max-video-preview:-1"},"canonical":"https:\/\/www.retedeldono.it\/magazine\/in-moto-per-una-buona-causa\/","og_locale":"it_IT","og_type":"article","og_title":"Un'estate in moto per una buona causa","og_description":"Storie di intrepidi bikers Personal Fundraiser che quest'estate si mettono in moto per una buona causa.","og_url":"https:\/\/www.retedeldono.it\/magazine\/in-moto-per-una-buona-causa\/","og_site_name":"Rete del Dono Magazine","article_publisher":"https:\/\/www.facebook.com\/retedeldono\/","article_published_time":"2023-06-15T08:00:00+00:00","article_modified_time":"2023-08-17T13:04:17+00:00","og_image":[{"width":1000,"height":700,"url":"https:\/\/magazine.retedeldono.it\/wp-content\/uploads\/2023\/06\/2_56.jpg","type":"image\/jpeg"}],"author":"Aldo Lubrani","twitter_card":"summary_large_image","twitter_title":"Un'estate in moto per una buona causa","twitter_description":"Storie di intrepidi bikers Personal Fundraiser che quest'estate si mettono in moto per una buona causa.","twitter_image":"https:\/\/magazine.retedeldono.it\/wp-content\/uploads\/2023\/06\/2_56.jpg","twitter_misc":{"Scritto da":"Aldo Lubrani","Tempo di lettura stimato":"3 minuti"},"schema":{"@context":"https:\/\/schema.org","@graph":[{"@type":"Article","@id":"https:\/\/www.retedeldono.it\/magazine\/in-moto-per-una-buona-causa\/#article","isPartOf":{"@id":"https:\/\/www.retedeldono.it\/magazine\/in-moto-per-una-buona-causa\/"},"author":{"name":"Aldo Lubrani","@id":"https:\/\/www.retedeldono.it\/magazine\/#\/schema\/person\/19118fc3b527ea22d276cc2b446f7353"},"headline":"Un&#8217;estate in moto per una buona causa","datePublished":"2023-06-15T08:00:00+00:00","dateModified":"2023-08-17T13:04:17+00:00","mainEntityOfPage":{"@id":"https:\/\/www.retedeldono.it\/magazine\/in-moto-per-una-buona-causa\/"},"wordCount":519,"commentCount":0,"image":{"@id":"https:\/\/www.retedeldono.it\/magazine\/in-moto-per-una-buona-causa\/#primaryimage"},"thumbnailUrl":"https:\/\/magazine.retedeldono.it\/wp-content\/uploads\/2023\/06\/2_56.jpg","articleSection":["Fundraising"],"inLanguage":"it-IT","potentialAction":[{"@type":"CommentAction","name":"Comment","target":["https:\/\/www.retedeldono.it\/magazine\/in-moto-per-una-buona-causa\/#respond"]}]},{"@type":"WebPage","@id":"https:\/\/www.retedeldono.it\/magazine\/in-moto-per-una-buona-causa\/","url":"https:\/\/www.retedeldono.it\/magazine\/in-moto-per-una-buona-causa\/","name":"Un'estate in moto per una buona causa - Rete del Dono Magazine","isPartOf":{"@id":"https:\/\/www.retedeldono.it\/magazine\/#website"},"primaryImageOfPage":{"@id":"https:\/\/www.retedeldono.it\/magazine\/in-moto-per-una-buona-causa\/#primaryimage"},"image":{"@id":"https:\/\/www.retedeldono.it\/magazine\/in-moto-per-una-buona-causa\/#primaryimage"},"thumbnailUrl":"https:\/\/magazine.retedeldono.it\/wp-content\/uploads\/2023\/06\/2_56.jpg","datePublished":"2023-06-15T08:00:00+00:00","dateModified":"2023-08-17T13:04:17+00:00","author":{"@id":"https:\/\/www.retedeldono.it\/magazine\/#\/schema\/person\/19118fc3b527ea22d276cc2b446f7353"},"description":"Storie di intrepidi bikers Personal Fundraiser che quest'estate si mettono in moto per una buona causa.","breadcrumb":{"@id":"https:\/\/www.retedeldono.it\/magazine\/in-moto-per-una-buona-causa\/#breadcrumb"},"inLanguage":"it-IT","potentialAction":[{"@type":"ReadAction","target":["https:\/\/www.retedeldono.it\/magazine\/in-moto-per-una-buona-causa\/"]}]},{"@type":"ImageObject","inLanguage":"it-IT","@id":"https:\/\/www.retedeldono.it\/magazine\/in-moto-per-una-buona-causa\/#primaryimage","url":"https:\/\/magazine.retedeldono.it\/wp-content\/uploads\/2023\/06\/2_56.jpg","contentUrl":"https:\/\/magazine.retedeldono.it\/wp-content\/uploads\/2023\/06\/2_56.jpg","width":1000,"height":700,"caption":"raccogliere-fondi-in-moto"},{"@type":"BreadcrumbList","@id":"https:\/\/www.retedeldono.it\/magazine\/in-moto-per-una-buona-causa\/#breadcrumb","itemListElement":[{"@type":"ListItem","position":1,"name":"Home","item":"https:\/\/www.retedeldono.it\/magazine\/"},{"@type":"ListItem","position":2,"name":"Un&#8217;estate in moto per una buona causa"}]},{"@type":"WebSite","@id":"https:\/\/www.retedeldono.it\/magazine\/#website","url":"https:\/\/www.retedeldono.it\/magazine\/","name":"Rete del Dono Magazine","description":"Rete del Dono Magazine","potentialAction":[{"@type":"SearchAction","target":{"@type":"EntryPoint","urlTemplate":"https:\/\/www.retedeldono.it\/magazine\/?s={search_term_string}"},"query-input":{"@type":"PropertyValueSpecification","valueRequired":true,"valueName":"search_term_string"}}],"inLanguage":"it-IT"},{"@type":"Person","@id":"https:\/\/www.retedeldono.it\/magazine\/#\/schema\/person\/19118fc3b527ea22d276cc2b446f7353","name":"Aldo Lubrani","image":{"@type":"ImageObject","inLanguage":"it-IT","@id":"https:\/\/secure.gravatar.com\/avatar\/e948991b445298d4342a4a232b29e90adbf8a4af10151e265f6e6f3e9a10f68c?s=96&d=mm&r=g","url":"https:\/\/secure.gravatar.com\/avatar\/e948991b445298d4342a4a232b29e90adbf8a4af10151e265f6e6f3e9a10f68c?s=96&d=mm&r=g","contentUrl":"https:\/\/secure.gravatar.com\/avatar\/e948991b445298d4342a4a232b29e90adbf8a4af10151e265f6e6f3e9a10f68c?s=96&d=mm&r=g","caption":"Aldo Lubrani"},"description":"Laureato con lode in Relazioni Internazionali presso Universit\u00e0 degli studi Roma Tre, Master in Europrogettazione presso Europa Business School di Bologna. Google Digital Training Certificate. Lavoro da anni nel settore Digital, Fundraising e Non Profit. Su Rete del Dono ricopro il ruolo di Project Manager nell'ambito Comunicazione, Digital e Personal Fundraising. Appassionato di viaggi, natura, pittura.","sameAs":["https:\/\/www.retedeldono.it"],"url":"https:\/\/www.retedeldono.it\/magazine\/author\/aldo-lubrani\/"}]}},"_links":{"self":[{"href":"https:\/\/www.retedeldono.it\/magazine\/wp-json\/wp\/v2\/posts\/2351","targetHints":{"allow":["GET"]}}],"collection":[{"href":"https:\/\/www.retedeldono.it\/magazine\/wp-json\/wp\/v2\/posts"}],"about":[{"href":"https:\/\/www.retedeldono.it\/magazine\/wp-json\/wp\/v2\/types\/post"}],"author":[{"embeddable":true,"href":"https:\/\/www.retedeldono.it\/magazine\/wp-json\/wp\/v2\/users\/7"}],"replies":[{"embeddable":true,"href":"https:\/\/www.retedeldono.it\/magazine\/wp-json\/wp\/v2\/comments?post=2351"}],"version-history":[{"count":0,"href":"https:\/\/www.retedeldono.it\/magazine\/wp-json\/wp\/v2\/posts\/2351\/revisions"}],"wp:featuredmedia":[{"embeddable":true,"href":"https:\/\/www.retedeldono.it\/magazine\/wp-json\/wp\/v2\/media\/2352"}],"wp:attachment":[{"href":"https:\/\/www.retedeldono.it\/magazine\/wp-json\/wp\/v2\/media?parent=2351"}],"wp:term":[{"taxonomy":"category","embeddable":true,"href":"https:\/\/www.retedeldono.it\/magazine\/wp-json\/wp\/v2\/categories?post=2351"},{"taxonomy":"post_tag","embeddable":true,"href":"https:\/\/www.retedeldono.it\/magazine\/wp-json\/wp\/v2\/tags?post=2351"}],"curies":[{"name":"wp","href":"https:\/\/api.w.org\/{rel}","templated":true}]}}