{"id":2376,"date":"2023-06-22T11:15:00","date_gmt":"2023-06-22T11:15:00","guid":{"rendered":"https:\/\/www.retedeldono.it\/magazine\/?p=2376"},"modified":"2023-07-13T08:39:33","modified_gmt":"2023-07-13T08:39:33","slug":"personal-fundraiser-in-bicicletta","status":"publish","type":"post","link":"https:\/\/www.retedeldono.it\/magazine\/personal-fundraiser-in-bicicletta\/","title":{"rendered":"Personal Fundraiser in bicicletta"},"content":{"rendered":"[vc_row type=&#8221;in_container&#8221; full_screen_row_position=&#8221;middle&#8221; column_margin=&#8221;default&#8221; column_direction=&#8221;default&#8221; column_direction_tablet=&#8221;default&#8221; column_direction_phone=&#8221;default&#8221; scene_position=&#8221;center&#8221; text_color=&#8221;dark&#8221; text_align=&#8221;left&#8221; row_border_radius=&#8221;none&#8221; row_border_radius_applies=&#8221;bg&#8221; overflow=&#8221;visible&#8221; overlay_strength=&#8221;0.3&#8243; gradient_direction=&#8221;left_to_right&#8221; shape_divider_position=&#8221;bottom&#8221; bg_image_animation=&#8221;none&#8221;][vc_column column_padding=&#8221;no-extra-padding&#8221; column_padding_tablet=&#8221;inherit&#8221; column_padding_phone=&#8221;inherit&#8221; column_padding_position=&#8221;all&#8221; column_element_spacing=&#8221;default&#8221; background_color_opacity=&#8221;1&#8243; background_hover_color_opacity=&#8221;1&#8243; column_shadow=&#8221;none&#8221; column_border_radius=&#8221;none&#8221; column_link_target=&#8221;_self&#8221; column_position=&#8221;default&#8221; gradient_direction=&#8221;left_to_right&#8221; overlay_strength=&#8221;0.3&#8243; width=&#8221;1\/1&#8243; tablet_width_inherit=&#8221;default&#8221; tablet_text_alignment=&#8221;default&#8221; phone_text_alignment=&#8221;default&#8221; animation_type=&#8221;default&#8221; bg_image_animation=&#8221;none&#8221; border_type=&#8221;simple&#8221; column_border_width=&#8221;none&#8221; column_border_style=&#8221;solid&#8221;][vc_column_text]\r\n<p>Alle porte dell\u2019estate riprende il cicloturismo e con esso tornano le grandi sfide solidali sulle due ruote. Viaggi avventurosi che associano alla fatica del ciclista l\u2019impegno di chi \u00e8 rimasto a casa: sostenere lui o lei e la causa per cui ha deciso di raccogliere fondi. Dopo le storie di alcuni <a href=\"https:\/\/www.retedeldono.it\/magazine\/in-moto-per-una-buona-causa\/\"><strong>motociclisti<\/strong><\/a>, ecco le campagne dei nostri <a href=\"https:\/\/www.retedeldono.it\/magazine\/personal-fundraising\/\"><strong>Personal Fundraiser<\/strong><\/a><strong> in <\/strong><a href=\"https:\/\/www.retedeldono.it\/magazine\/raccogliere-fondi-bicicletta\/\"><strong>bicicletta<\/strong><\/a>.<\/p>\r\n\r\n<p>&nbsp;<\/p>\r\n\r\n<div class=\"wp-block-buttons is-content-justification-center is-layout-flex wp-container-core-buttons-is-layout-16018d1d wp-block-buttons-is-layout-flex\">\r\n<div class=\"wp-block-button\"><a class=\"wp-block-button__link wp-element-button\" href=\"https:\/\/www.retedeldono.it\/it\/ciclismo-solidale\" target=\"_blank\" rel=\"noreferrer noopener\">CREA LA TUA RACCOLTA<\/a><\/div>\r\n<\/div>\r\n\r\n<p>&nbsp;<\/p>\r\n\r\n<h2 class=\"wp-block-heading\">Dai cammini alla bicicletta<\/h2>\r\n<p><span style=\"font-weight: 400;\">C\u2019\u00e8 chi non \u00e8 nuovo alle raccolte fondi solidali, ma \u00e8 la prima volta che ne affronta una in bicicletta. <\/span><b>Alessio<\/b><span style=\"font-weight: 400;\"> (<\/span><a href=\"https:\/\/www.instagram.com\/a.salty.life\/?hl=it\"><b>QUI<\/b><\/a><span style=\"font-weight: 400;\"> il suo profilo Instagram), infatti, dopo oltre 13mila km a piedi in questi anni, si \u00e8 fatto contagiare dall\u2019entusiasmo di tanti cicloviaggiatori incontrati lungo la strada e ha deciso che la seconda edizione di <\/span><a href=\"https:\/\/www.retedeldono.it\/it\/progetti\/fondazione-ricerca-fibrosi-cistica-ffc\/vivi-ogni-respiro\"><b>Vivi ogni respiro<\/b><\/a><span style=\"font-weight: 400;\"> sarebbe stata in sella a una due ruote. \u201cConvivo con la fibrosi cistica, una malattia genetica rara e degenerativa, che colpisce principalmente i polmoni. Ecco perch\u00e9 l\u2019anno scorso ho raccolto fondi per la Lega Italiana Fibrosi Cistica e quest\u2019anno invece lo faccio per la <\/span><b>Fondazione per la Ricerca sulla Fibrosi Cistica<\/b><span style=\"font-weight: 400;\">. Sono partito il 27 maggio da Sacile (PN), direzione Capo Nord, Norvegia. Spero che questa avventura \u2018fibrociclistica\u2019 possa sensibilizzare quante pi\u00f9 persone, e sta gi\u00e0 succedendo. Ho incontrato gi\u00e0 tante persone che all\u2019istante, con lo smartphone, hanno fatto una donazione\u201d.<\/span><\/p>\r\n<h2 class=\"wp-block-heading\">Da Brescia a Parigi per la ricerca<\/h2>\r\n\r\n<p>I mitici passi Stelvio, Gavia, Mortirolo, Bernina. Nel 2012 anche la Via Francigena dalla loro Brescia fino a Roma. Marco e Davide Morandini, gemelli di 27 anni, sono dei veri appassionati di ciclismo, cresciuti a pane e due ruote da pap\u00e0 Cesare e mamma Luisella. Quest&#8217;anno, per\u00f2, dopo i tanti traguardi raggiunti, hanno voluto superarsi. Insieme al pap\u00e0, infatti, hanno deciso di arrivare addirittura fino a Parigi. Oltre mille km per <strong>sostenere la ricerca sul cancro di AIRC<\/strong> con la loro campagna <a href=\"https:\/\/www.retedeldono.it\/it\/iniziative\/fondazione-airc\/davide.morandini\/1000-km-per-la-ricerca\"><strong>1000 km per la ricerca<\/strong><\/a>. Baster\u00e0 che le persone donino complessivamente 5 euro per ogni chilometro percorso per raggiungere l\u2019obiettivo dei 5.000 euro previsti. Hanno raccontato la loro impresa sui loro profili Instagram (<a href=\"https:\/\/www.instagram.com\/_marcomorandini_\/\"><strong>Marco<\/strong><\/a>, <a href=\"https:\/\/www.instagram.com\/_davidemorandini_\"><strong>Davide<\/strong><\/a>, <a href=\"https:\/\/www.instagram.com\/ilcesy69\/\"><strong>Cesare<\/strong><\/a>). Loro ci hanno messo gambe e fiato, a noi non resta che metterci il cuore.<\/p>\r\n\r\n<p>&nbsp;<\/p>\r\n\r\n<h2 class=\"wp-block-heading\">In sella per la Pediatria di Padova<\/h2>\r\n\r\n<p>Ha fatto invece il viaggio a ritroso <strong>Daniele Matterazzo<\/strong>, trentenne padovano anch\u2019egli non nuovo a imprese sportive. Nel 2021, infatti, percorse a piedi 1000 km in 30 giorni sulla Via Francigena per raccogliere fondi per la <a href=\"https:\/\/www.retedeldono.it\/it\/progetti\/fondazione-salus-pueri\/pedalando-per-la-pediatria-di-padova\"><strong>Fondazione Salus Pueri<\/strong><\/a> a favore dei bambini in cura presso la <strong>Pediatria di Padova<\/strong>. Obiettivo che si \u00e8 posto anche quest\u2019anno, salendo per\u00f2 in sella a una bicicletta. \u00c8 partito dall\u2019H\u00f4pital Necker-Enfants malades di Parigi, primo Ospedale pediatrico al mondo nato nel 1778, per giungere dopo 1200 km all\u2019Ospedale Pediatrico di Padova. Impresa ancor pi\u00f9 epica se pensiamo che Daniele, a soli 15 anni, fu ricoverato proprio l\u00ec a causa di un incidente in scooter e ne usc\u00ec dopo 6 mesi e 14 interventi chirurgici riportando un\u2019invalidit\u00e0 permanente al braccio sinistro. Con queste sfide vuole testimoniare che ogni difficolt\u00e0 pu\u00f2 essere affrontata. Daniele \u00e8 stato uno di quei piccoli pazienti e sa in prima persona quanto una pediatria possa fare davvero molto per il futuro di un bambino.<\/p>\r\n\r\n<p>&nbsp;<\/p>\r\n<div class=\"wp-block-image\">\r\n<figure class=\"aligncenter size-large\"><img loading=\"lazy\" decoding=\"async\" width=\"1024\" height=\"537\" class=\"wp-image-2379\" src=\"https:\/\/www.retedeldono.it\/magazine\/wp-content\/uploads\/2023\/06\/IMG_20230420_100011_042-1024x537.jpg\" alt=\"Personal Fundraiser in bicicletta\" srcset=\"https:\/\/magazine.retedeldono.it\/wp-content\/uploads\/2023\/06\/IMG_20230420_100011_042-1024x537.jpg 1024w, https:\/\/magazine.retedeldono.it\/wp-content\/uploads\/2023\/06\/IMG_20230420_100011_042-300x157.jpg 300w, https:\/\/magazine.retedeldono.it\/wp-content\/uploads\/2023\/06\/IMG_20230420_100011_042-768x403.jpg 768w, https:\/\/magazine.retedeldono.it\/wp-content\/uploads\/2023\/06\/IMG_20230420_100011_042.jpg 1280w\" sizes=\"auto, (max-width: 1024px) 100vw, 1024px\" \/><\/figure>\r\n<\/div>\r\n<p>&nbsp;<\/p>\r\n\r\n<h2 class=\"wp-block-heading\">In tandem per AIDO<\/h2>\r\n\r\n<p>Maurizio ha subito un trapianto di rene pochi mesi fa. La donatrice \u00e8 stata Giovanna, sua moglie, che con questo gesto gli ha permesso di evitare la dialisi e di riprendere il loro cammino insieme, ancora pi\u00f9 legati. Insieme si affrontano meglio le difficolt\u00e0 e la coppia ha voluto raccontarlo con la sua campagna <a href=\"https:\/\/www.retedeldono.it\/it\/iniziative\/maurizio.vanucci\/due-cuori-un-tandem\"><strong>Due cuori un tandem<\/strong><\/a>. Su un unico mezzo a due ruote partiranno a settembre da Riccione per un percorso ad anello di 1.500 km della durata di 25 giorni, per dire al mondo che si pu\u00f2 riprendere una vita normale e fare sport anche dopo un trapianto. Durante il viaggio, infatti, si fermeranno in alcune citt\u00e0 dove insieme ad <strong>AIDO (Associazione Italiana Donatori Organi)<\/strong> incontreranno i sindaci e la stampa per sensibilizzare pi\u00f9 persone possibili alla donazione di organi.<\/p>\r\n\r\n<p>&nbsp;<\/p>\r\n\r\n<h2 class=\"wp-block-heading\">Un Ironman per ABIO<\/h2>\r\n\r\n<p>Un\u2019impresa davvero estrema quella di Paolo, che sta percorrendo un totale di 6200 km in bicicletta. Il physique du role non gli manca, dato che in passato ha praticato triathlon e gareggiato in 6 competizioni su distanza Ironman. Con la sua sfida solidale <a href=\"https:\/\/www.retedeldono.it\/it\/abio-grosseto-paolo-in-capo-al-mondo-per-abio\">In capo al mondo per ABIO<\/a> \u00e8 partito da Grosseto in direzione Capo Nord e successivamente verso le Isole Lofoten. Basta 1 euro a chilometro per sostenere ABIO Grosseto, che offre un sostegno ai piccoli ricoverati e alle loro famiglie. Al fine di ridurre il possibile trauma legato all&#8217;ospedalizzazione l&#8217;associazione interviene soprattutto attraverso il gioco, uno strumento importante perch\u00e9 riporta il bambino in un&#8217;area nota, familiare, facendolo sentire &#8220;a casa&#8221;. I fondi raccolti verranno destinati all&#8217;acquisto di materiale ludico per l&#8217;accoglienza dei piccoli ricoverati e allo svolgimento di tutte le attivit\u00e0 che ABIO propone.<\/p>\r\n[\/vc_column_text][\/vc_column][\/vc_row]","protected":false},"excerpt":{"rendered":"<p>[vc_row type=&#8221;in_container&#8221; full_screen_row_position=&#8221;middle&#8221; column_margin=&#8221;default&#8221; column_direction=&#8221;default&#8221; column_direction_tablet=&#8221;default&#8221; column_direction_phone=&#8221;default&#8221; scene_position=&#8221;center&#8221; text_color=&#8221;dark&#8221; text_align=&#8221;left&#8221; row_border_radius=&#8221;none&#8221; row_border_radius_applies=&#8221;bg&#8221; overflow=&#8221;visible&#8221; overlay_strength=&#8221;0.3&#8243; gradient_direction=&#8221;left_to_right&#8221; shape_divider_position=&#8221;bottom&#8221; bg_image_animation=&#8221;none&#8221;][vc_column column_padding=&#8221;no-extra-padding&#8221; column_padding_tablet=&#8221;inherit&#8221; column_padding_phone=&#8221;inherit&#8221; column_padding_position=&#8221;all&#8221; column_element_spacing=&#8221;default&#8221; background_color_opacity=&#8221;1&#8243; background_hover_color_opacity=&#8221;1&#8243; column_shadow=&#8221;none&#8221; column_border_radius=&#8221;none&#8221; column_link_target=&#8221;_self&#8221; column_position=&#8221;default&#8221; gradient_direction=&#8221;left_to_right&#8221; overlay_strength=&#8221;0.3&#8243;&#8230;<\/p>\n","protected":false},"author":7,"featured_media":2378,"comment_status":"open","ping_status":"open","sticky":true,"template":"","format":"standard","meta":{"_acf_changed":false,"footnotes":""},"categories":[17],"tags":[],"class_list":{"0":"post-2376","1":"post","2":"type-post","3":"status-publish","4":"format-standard","5":"has-post-thumbnail","7":"category-fundraising"},"acf":{"homepage_rdd":false},"yoast_head":"<!-- This site is optimized with the Yoast SEO plugin v27.5 - https:\/\/yoast.com\/product\/yoast-seo-wordpress\/ -->\n<title>Personal Fundraiser in bicicletta - Rete del Dono Magazine<\/title>\n<meta name=\"description\" content=\"Alle porte dell\u2019estate tornano le grandi sfide solidali sulle due ruote. Ecco alcune campagne dei nostri Personal Fundraiser in bicicletta.\" \/>\n<meta name=\"robots\" content=\"index, follow, max-snippet:-1, max-image-preview:large, max-video-preview:-1\" \/>\n<link rel=\"canonical\" href=\"https:\/\/www.retedeldono.it\/magazine\/personal-fundraiser-in-bicicletta\/\" \/>\n<meta property=\"og:locale\" content=\"it_IT\" \/>\n<meta property=\"og:type\" content=\"article\" \/>\n<meta property=\"og:title\" content=\"Personal Fundraiser in bicicletta\" \/>\n<meta property=\"og:description\" content=\"Alle porte dell\u2019estate tornano le grandi sfide solidali sulle due ruote. Ecco alcune campagne dei nostri Personal Fundraiser in bicicletta.\" \/>\n<meta property=\"og:url\" content=\"https:\/\/www.retedeldono.it\/magazine\/personal-fundraiser-in-bicicletta\/\" \/>\n<meta property=\"og:site_name\" content=\"Rete del Dono Magazine\" \/>\n<meta property=\"article:publisher\" content=\"https:\/\/www.facebook.com\/retedeldono\/\" \/>\n<meta property=\"article:published_time\" content=\"2023-06-22T11:15:00+00:00\" \/>\n<meta property=\"article:modified_time\" content=\"2023-07-13T08:39:33+00:00\" \/>\n<meta property=\"og:image\" content=\"https:\/\/magazine.retedeldono.it\/wp-content\/uploads\/2023\/06\/foto3_ok.jpg\" \/>\n\t<meta property=\"og:image:width\" content=\"1000\" \/>\n\t<meta property=\"og:image:height\" content=\"700\" \/>\n\t<meta property=\"og:image:type\" content=\"image\/jpeg\" \/>\n<meta name=\"author\" content=\"Aldo Lubrani\" \/>\n<meta name=\"twitter:card\" content=\"summary_large_image\" \/>\n<meta name=\"twitter:title\" content=\"Personal Fundraiser in bicicletta\" \/>\n<meta name=\"twitter:description\" content=\"Alle porte dell\u2019estate tornano le grandi sfide solidali sulle due ruote. Ecco alcune campagne dei nostri Personal Fundraiser in bicicletta.\" \/>\n<meta name=\"twitter:image\" content=\"https:\/\/magazine.retedeldono.it\/wp-content\/uploads\/2023\/06\/foto3_ok.jpg\" \/>\n<meta name=\"twitter:label1\" content=\"Scritto da\" \/>\n\t<meta name=\"twitter:data1\" content=\"Aldo Lubrani\" \/>\n\t<meta name=\"twitter:label2\" content=\"Tempo di lettura stimato\" \/>\n\t<meta name=\"twitter:data2\" content=\"5 minuti\" \/>\n<script type=\"application\/ld+json\" class=\"yoast-schema-graph\">{\"@context\":\"https:\\\/\\\/schema.org\",\"@graph\":[{\"@type\":\"Article\",\"@id\":\"https:\\\/\\\/www.retedeldono.it\\\/magazine\\\/personal-fundraiser-in-bicicletta\\\/#article\",\"isPartOf\":{\"@id\":\"https:\\\/\\\/www.retedeldono.it\\\/magazine\\\/personal-fundraiser-in-bicicletta\\\/\"},\"author\":{\"name\":\"Aldo Lubrani\",\"@id\":\"https:\\\/\\\/www.retedeldono.it\\\/magazine\\\/#\\\/schema\\\/person\\\/19118fc3b527ea22d276cc2b446f7353\"},\"headline\":\"Personal Fundraiser in bicicletta\",\"datePublished\":\"2023-06-22T11:15:00+00:00\",\"dateModified\":\"2023-07-13T08:39:33+00:00\",\"mainEntityOfPage\":{\"@id\":\"https:\\\/\\\/www.retedeldono.it\\\/magazine\\\/personal-fundraiser-in-bicicletta\\\/\"},\"wordCount\":959,\"commentCount\":0,\"image\":{\"@id\":\"https:\\\/\\\/www.retedeldono.it\\\/magazine\\\/personal-fundraiser-in-bicicletta\\\/#primaryimage\"},\"thumbnailUrl\":\"https:\\\/\\\/magazine.retedeldono.it\\\/wp-content\\\/uploads\\\/2023\\\/06\\\/foto3_ok.jpg\",\"articleSection\":[\"Fundraising\"],\"inLanguage\":\"it-IT\",\"potentialAction\":[{\"@type\":\"CommentAction\",\"name\":\"Comment\",\"target\":[\"https:\\\/\\\/www.retedeldono.it\\\/magazine\\\/personal-fundraiser-in-bicicletta\\\/#respond\"]}]},{\"@type\":\"WebPage\",\"@id\":\"https:\\\/\\\/www.retedeldono.it\\\/magazine\\\/personal-fundraiser-in-bicicletta\\\/\",\"url\":\"https:\\\/\\\/www.retedeldono.it\\\/magazine\\\/personal-fundraiser-in-bicicletta\\\/\",\"name\":\"Personal Fundraiser in bicicletta - Rete del Dono Magazine\",\"isPartOf\":{\"@id\":\"https:\\\/\\\/www.retedeldono.it\\\/magazine\\\/#website\"},\"primaryImageOfPage\":{\"@id\":\"https:\\\/\\\/www.retedeldono.it\\\/magazine\\\/personal-fundraiser-in-bicicletta\\\/#primaryimage\"},\"image\":{\"@id\":\"https:\\\/\\\/www.retedeldono.it\\\/magazine\\\/personal-fundraiser-in-bicicletta\\\/#primaryimage\"},\"thumbnailUrl\":\"https:\\\/\\\/magazine.retedeldono.it\\\/wp-content\\\/uploads\\\/2023\\\/06\\\/foto3_ok.jpg\",\"datePublished\":\"2023-06-22T11:15:00+00:00\",\"dateModified\":\"2023-07-13T08:39:33+00:00\",\"author\":{\"@id\":\"https:\\\/\\\/www.retedeldono.it\\\/magazine\\\/#\\\/schema\\\/person\\\/19118fc3b527ea22d276cc2b446f7353\"},\"description\":\"Alle porte dell\u2019estate tornano le grandi sfide solidali sulle due ruote. Ecco alcune campagne dei nostri Personal Fundraiser in bicicletta.\",\"breadcrumb\":{\"@id\":\"https:\\\/\\\/www.retedeldono.it\\\/magazine\\\/personal-fundraiser-in-bicicletta\\\/#breadcrumb\"},\"inLanguage\":\"it-IT\",\"potentialAction\":[{\"@type\":\"ReadAction\",\"target\":[\"https:\\\/\\\/www.retedeldono.it\\\/magazine\\\/personal-fundraiser-in-bicicletta\\\/\"]}]},{\"@type\":\"ImageObject\",\"inLanguage\":\"it-IT\",\"@id\":\"https:\\\/\\\/www.retedeldono.it\\\/magazine\\\/personal-fundraiser-in-bicicletta\\\/#primaryimage\",\"url\":\"https:\\\/\\\/magazine.retedeldono.it\\\/wp-content\\\/uploads\\\/2023\\\/06\\\/foto3_ok.jpg\",\"contentUrl\":\"https:\\\/\\\/magazine.retedeldono.it\\\/wp-content\\\/uploads\\\/2023\\\/06\\\/foto3_ok.jpg\",\"width\":1000,\"height\":700,\"caption\":\"Personal Fundraiser in bicicletta: Marco e Davide\"},{\"@type\":\"BreadcrumbList\",\"@id\":\"https:\\\/\\\/www.retedeldono.it\\\/magazine\\\/personal-fundraiser-in-bicicletta\\\/#breadcrumb\",\"itemListElement\":[{\"@type\":\"ListItem\",\"position\":1,\"name\":\"Home\",\"item\":\"https:\\\/\\\/www.retedeldono.it\\\/magazine\\\/\"},{\"@type\":\"ListItem\",\"position\":2,\"name\":\"Personal Fundraiser in bicicletta\"}]},{\"@type\":\"WebSite\",\"@id\":\"https:\\\/\\\/www.retedeldono.it\\\/magazine\\\/#website\",\"url\":\"https:\\\/\\\/www.retedeldono.it\\\/magazine\\\/\",\"name\":\"Rete del Dono Magazine\",\"description\":\"Rete del Dono Magazine\",\"potentialAction\":[{\"@type\":\"SearchAction\",\"target\":{\"@type\":\"EntryPoint\",\"urlTemplate\":\"https:\\\/\\\/www.retedeldono.it\\\/magazine\\\/?s={search_term_string}\"},\"query-input\":{\"@type\":\"PropertyValueSpecification\",\"valueRequired\":true,\"valueName\":\"search_term_string\"}}],\"inLanguage\":\"it-IT\"},{\"@type\":\"Person\",\"@id\":\"https:\\\/\\\/www.retedeldono.it\\\/magazine\\\/#\\\/schema\\\/person\\\/19118fc3b527ea22d276cc2b446f7353\",\"name\":\"Aldo Lubrani\",\"image\":{\"@type\":\"ImageObject\",\"inLanguage\":\"it-IT\",\"@id\":\"https:\\\/\\\/secure.gravatar.com\\\/avatar\\\/e948991b445298d4342a4a232b29e90adbf8a4af10151e265f6e6f3e9a10f68c?s=96&d=mm&r=g\",\"url\":\"https:\\\/\\\/secure.gravatar.com\\\/avatar\\\/e948991b445298d4342a4a232b29e90adbf8a4af10151e265f6e6f3e9a10f68c?s=96&d=mm&r=g\",\"contentUrl\":\"https:\\\/\\\/secure.gravatar.com\\\/avatar\\\/e948991b445298d4342a4a232b29e90adbf8a4af10151e265f6e6f3e9a10f68c?s=96&d=mm&r=g\",\"caption\":\"Aldo Lubrani\"},\"description\":\"Laureato con lode in Relazioni Internazionali presso Universit\u00e0 degli studi Roma Tre, Master in Europrogettazione presso Europa Business School di Bologna. Google Digital Training Certificate. Lavoro da anni nel settore Digital, Fundraising e Non Profit. Su Rete del Dono ricopro il ruolo di Project Manager nell'ambito Comunicazione, Digital e Personal Fundraising. Appassionato di viaggi, natura, pittura.\",\"sameAs\":[\"https:\\\/\\\/www.retedeldono.it\"],\"url\":\"https:\\\/\\\/www.retedeldono.it\\\/magazine\\\/author\\\/aldo-lubrani\\\/\"}]}<\/script>\n<!-- \/ Yoast SEO plugin. -->","yoast_head_json":{"title":"Personal Fundraiser in bicicletta - Rete del Dono Magazine","description":"Alle porte dell\u2019estate tornano le grandi sfide solidali sulle due ruote. Ecco alcune campagne dei nostri Personal Fundraiser in bicicletta.","robots":{"index":"index","follow":"follow","max-snippet":"max-snippet:-1","max-image-preview":"max-image-preview:large","max-video-preview":"max-video-preview:-1"},"canonical":"https:\/\/www.retedeldono.it\/magazine\/personal-fundraiser-in-bicicletta\/","og_locale":"it_IT","og_type":"article","og_title":"Personal Fundraiser in bicicletta","og_description":"Alle porte dell\u2019estate tornano le grandi sfide solidali sulle due ruote. Ecco alcune campagne dei nostri Personal Fundraiser in bicicletta.","og_url":"https:\/\/www.retedeldono.it\/magazine\/personal-fundraiser-in-bicicletta\/","og_site_name":"Rete del Dono Magazine","article_publisher":"https:\/\/www.facebook.com\/retedeldono\/","article_published_time":"2023-06-22T11:15:00+00:00","article_modified_time":"2023-07-13T08:39:33+00:00","og_image":[{"width":1000,"height":700,"url":"https:\/\/magazine.retedeldono.it\/wp-content\/uploads\/2023\/06\/foto3_ok.jpg","type":"image\/jpeg"}],"author":"Aldo Lubrani","twitter_card":"summary_large_image","twitter_title":"Personal Fundraiser in bicicletta","twitter_description":"Alle porte dell\u2019estate tornano le grandi sfide solidali sulle due ruote. Ecco alcune campagne dei nostri Personal Fundraiser in bicicletta.","twitter_image":"https:\/\/magazine.retedeldono.it\/wp-content\/uploads\/2023\/06\/foto3_ok.jpg","twitter_misc":{"Scritto da":"Aldo Lubrani","Tempo di lettura stimato":"5 minuti"},"schema":{"@context":"https:\/\/schema.org","@graph":[{"@type":"Article","@id":"https:\/\/www.retedeldono.it\/magazine\/personal-fundraiser-in-bicicletta\/#article","isPartOf":{"@id":"https:\/\/www.retedeldono.it\/magazine\/personal-fundraiser-in-bicicletta\/"},"author":{"name":"Aldo Lubrani","@id":"https:\/\/www.retedeldono.it\/magazine\/#\/schema\/person\/19118fc3b527ea22d276cc2b446f7353"},"headline":"Personal Fundraiser in bicicletta","datePublished":"2023-06-22T11:15:00+00:00","dateModified":"2023-07-13T08:39:33+00:00","mainEntityOfPage":{"@id":"https:\/\/www.retedeldono.it\/magazine\/personal-fundraiser-in-bicicletta\/"},"wordCount":959,"commentCount":0,"image":{"@id":"https:\/\/www.retedeldono.it\/magazine\/personal-fundraiser-in-bicicletta\/#primaryimage"},"thumbnailUrl":"https:\/\/magazine.retedeldono.it\/wp-content\/uploads\/2023\/06\/foto3_ok.jpg","articleSection":["Fundraising"],"inLanguage":"it-IT","potentialAction":[{"@type":"CommentAction","name":"Comment","target":["https:\/\/www.retedeldono.it\/magazine\/personal-fundraiser-in-bicicletta\/#respond"]}]},{"@type":"WebPage","@id":"https:\/\/www.retedeldono.it\/magazine\/personal-fundraiser-in-bicicletta\/","url":"https:\/\/www.retedeldono.it\/magazine\/personal-fundraiser-in-bicicletta\/","name":"Personal Fundraiser in bicicletta - Rete del Dono Magazine","isPartOf":{"@id":"https:\/\/www.retedeldono.it\/magazine\/#website"},"primaryImageOfPage":{"@id":"https:\/\/www.retedeldono.it\/magazine\/personal-fundraiser-in-bicicletta\/#primaryimage"},"image":{"@id":"https:\/\/www.retedeldono.it\/magazine\/personal-fundraiser-in-bicicletta\/#primaryimage"},"thumbnailUrl":"https:\/\/magazine.retedeldono.it\/wp-content\/uploads\/2023\/06\/foto3_ok.jpg","datePublished":"2023-06-22T11:15:00+00:00","dateModified":"2023-07-13T08:39:33+00:00","author":{"@id":"https:\/\/www.retedeldono.it\/magazine\/#\/schema\/person\/19118fc3b527ea22d276cc2b446f7353"},"description":"Alle porte dell\u2019estate tornano le grandi sfide solidali sulle due ruote. Ecco alcune campagne dei nostri Personal Fundraiser in bicicletta.","breadcrumb":{"@id":"https:\/\/www.retedeldono.it\/magazine\/personal-fundraiser-in-bicicletta\/#breadcrumb"},"inLanguage":"it-IT","potentialAction":[{"@type":"ReadAction","target":["https:\/\/www.retedeldono.it\/magazine\/personal-fundraiser-in-bicicletta\/"]}]},{"@type":"ImageObject","inLanguage":"it-IT","@id":"https:\/\/www.retedeldono.it\/magazine\/personal-fundraiser-in-bicicletta\/#primaryimage","url":"https:\/\/magazine.retedeldono.it\/wp-content\/uploads\/2023\/06\/foto3_ok.jpg","contentUrl":"https:\/\/magazine.retedeldono.it\/wp-content\/uploads\/2023\/06\/foto3_ok.jpg","width":1000,"height":700,"caption":"Personal Fundraiser in bicicletta: Marco e Davide"},{"@type":"BreadcrumbList","@id":"https:\/\/www.retedeldono.it\/magazine\/personal-fundraiser-in-bicicletta\/#breadcrumb","itemListElement":[{"@type":"ListItem","position":1,"name":"Home","item":"https:\/\/www.retedeldono.it\/magazine\/"},{"@type":"ListItem","position":2,"name":"Personal Fundraiser in bicicletta"}]},{"@type":"WebSite","@id":"https:\/\/www.retedeldono.it\/magazine\/#website","url":"https:\/\/www.retedeldono.it\/magazine\/","name":"Rete del Dono Magazine","description":"Rete del Dono Magazine","potentialAction":[{"@type":"SearchAction","target":{"@type":"EntryPoint","urlTemplate":"https:\/\/www.retedeldono.it\/magazine\/?s={search_term_string}"},"query-input":{"@type":"PropertyValueSpecification","valueRequired":true,"valueName":"search_term_string"}}],"inLanguage":"it-IT"},{"@type":"Person","@id":"https:\/\/www.retedeldono.it\/magazine\/#\/schema\/person\/19118fc3b527ea22d276cc2b446f7353","name":"Aldo Lubrani","image":{"@type":"ImageObject","inLanguage":"it-IT","@id":"https:\/\/secure.gravatar.com\/avatar\/e948991b445298d4342a4a232b29e90adbf8a4af10151e265f6e6f3e9a10f68c?s=96&d=mm&r=g","url":"https:\/\/secure.gravatar.com\/avatar\/e948991b445298d4342a4a232b29e90adbf8a4af10151e265f6e6f3e9a10f68c?s=96&d=mm&r=g","contentUrl":"https:\/\/secure.gravatar.com\/avatar\/e948991b445298d4342a4a232b29e90adbf8a4af10151e265f6e6f3e9a10f68c?s=96&d=mm&r=g","caption":"Aldo Lubrani"},"description":"Laureato con lode in Relazioni Internazionali presso Universit\u00e0 degli studi Roma Tre, Master in Europrogettazione presso Europa Business School di Bologna. Google Digital Training Certificate. Lavoro da anni nel settore Digital, Fundraising e Non Profit. Su Rete del Dono ricopro il ruolo di Project Manager nell'ambito Comunicazione, Digital e Personal Fundraising. Appassionato di viaggi, natura, pittura.","sameAs":["https:\/\/www.retedeldono.it"],"url":"https:\/\/www.retedeldono.it\/magazine\/author\/aldo-lubrani\/"}]}},"_links":{"self":[{"href":"https:\/\/www.retedeldono.it\/magazine\/wp-json\/wp\/v2\/posts\/2376","targetHints":{"allow":["GET"]}}],"collection":[{"href":"https:\/\/www.retedeldono.it\/magazine\/wp-json\/wp\/v2\/posts"}],"about":[{"href":"https:\/\/www.retedeldono.it\/magazine\/wp-json\/wp\/v2\/types\/post"}],"author":[{"embeddable":true,"href":"https:\/\/www.retedeldono.it\/magazine\/wp-json\/wp\/v2\/users\/7"}],"replies":[{"embeddable":true,"href":"https:\/\/www.retedeldono.it\/magazine\/wp-json\/wp\/v2\/comments?post=2376"}],"version-history":[{"count":0,"href":"https:\/\/www.retedeldono.it\/magazine\/wp-json\/wp\/v2\/posts\/2376\/revisions"}],"wp:featuredmedia":[{"embeddable":true,"href":"https:\/\/www.retedeldono.it\/magazine\/wp-json\/wp\/v2\/media\/2378"}],"wp:attachment":[{"href":"https:\/\/www.retedeldono.it\/magazine\/wp-json\/wp\/v2\/media?parent=2376"}],"wp:term":[{"taxonomy":"category","embeddable":true,"href":"https:\/\/www.retedeldono.it\/magazine\/wp-json\/wp\/v2\/categories?post=2376"},{"taxonomy":"post_tag","embeddable":true,"href":"https:\/\/www.retedeldono.it\/magazine\/wp-json\/wp\/v2\/tags?post=2376"}],"curies":[{"name":"wp","href":"https:\/\/api.w.org\/{rel}","templated":true}]}}