{"id":2444,"date":"2023-07-06T08:00:00","date_gmt":"2023-07-06T08:00:00","guid":{"rendered":"https:\/\/www.retedeldono.it\/magazine\/?p=2444"},"modified":"2023-07-21T09:41:31","modified_gmt":"2023-07-21T09:41:31","slug":"un-cammino-e-una-serie-tv-per-agop-onlus","status":"publish","type":"post","link":"https:\/\/www.retedeldono.it\/magazine\/un-cammino-e-una-serie-tv-per-agop-onlus\/","title":{"rendered":"Un cammino e una serie tv per AGOP Onlus"},"content":{"rendered":"[vc_row type=&#8221;in_container&#8221; full_screen_row_position=&#8221;middle&#8221; column_margin=&#8221;default&#8221; column_direction=&#8221;default&#8221; column_direction_tablet=&#8221;default&#8221; column_direction_phone=&#8221;default&#8221; scene_position=&#8221;center&#8221; text_color=&#8221;dark&#8221; text_align=&#8221;left&#8221; row_border_radius=&#8221;none&#8221; row_border_radius_applies=&#8221;bg&#8221; overflow=&#8221;visible&#8221; overlay_strength=&#8221;0.3&#8243; gradient_direction=&#8221;left_to_right&#8221; shape_divider_position=&#8221;bottom&#8221; bg_image_animation=&#8221;none&#8221;][vc_column column_padding=&#8221;no-extra-padding&#8221; column_padding_tablet=&#8221;inherit&#8221; column_padding_phone=&#8221;inherit&#8221; column_padding_position=&#8221;all&#8221; column_element_spacing=&#8221;default&#8221; background_color_opacity=&#8221;1&#8243; background_hover_color_opacity=&#8221;1&#8243; column_shadow=&#8221;none&#8221; column_border_radius=&#8221;none&#8221; column_link_target=&#8221;_self&#8221; column_position=&#8221;default&#8221; gradient_direction=&#8221;left_to_right&#8221; overlay_strength=&#8221;0.3&#8243; width=&#8221;1\/1&#8243; tablet_width_inherit=&#8221;default&#8221; tablet_text_alignment=&#8221;default&#8221; phone_text_alignment=&#8221;default&#8221; animation_type=&#8221;default&#8221; bg_image_animation=&#8221;none&#8221; border_type=&#8221;simple&#8221; column_border_width=&#8221;none&#8221; column_border_style=&#8221;solid&#8221;][vc_column_text]\r\n<p>Un professore e alcuni adolescenti sulla Via Francigena. \u00c8 l\u2019idea di <strong>Giulio Testa<\/strong>, Personal Fundraiser ricorsivo che quest\u2019anno ha trovato un modo molto originale per <strong><a href=\"https:\/\/www.retedeldono.it\/magazine\/raccogliere-fondi-cammino-solidale\/\" target=\"_blank\" rel=\"noreferrer noopener\">raccogliere fondi<\/a><\/strong> in favore di <strong>AGOP Onlus (Associazione Genitori Oncologia Pediatrica)<\/strong>. La sua campagna <strong>\u201cIl viaggio Meraviglioso\u201d<\/strong>, infatti, diventer\u00e0 anche una <strong>serie televisiva<\/strong> che, oltre a sensibilizzare sull\u2019oncologia pediatrica, esplorer\u00e0 alcuni temi filosofici insieme ai ragazzi.<\/p>\r\n\r\n<p>&nbsp;<\/p>\r\n\r\n<div class=\"wp-block-buttons is-content-justification-center is-layout-flex wp-container-core-buttons-is-layout-16018d1d wp-block-buttons-is-layout-flex\">\r\n<div class=\"wp-block-button\"><strong><a class=\"wp-block-button__link wp-element-button\" href=\"https:\/\/www.retedeldono.it\/cammini-solidali\" target=\"_blank\" rel=\"noreferrer noopener\">CREA LA TUA RACCOLTA<\/a><\/strong><\/div>\r\n<\/div>\r\n\r\n<p>&nbsp;<\/p>\r\n\r\n<h2 class=\"wp-block-heading\">900 km tra solidariet\u00e0 e filosofia<\/h2>\r\n\r\n<p>Giulio non \u00e8 certo un Personal Fundraiser banale. Nel 2018, infatti, raccolse quasi 10.000 euro grazie a un viaggio a piedi in Nuova Zelanda. <a href=\"https:\/\/www.retedeldono.it\/it\/iniziative\/ass.-genitori-oncologia-pediatrica-agop\/giulio.testa\/te-araroa-un-mondo-a-colori\" target=\"_blank\" rel=\"noreferrer noopener\"><strong>Te Araroa. Un mondo a colori<\/strong><\/a> fu un\u2019avventura in solitaria di 3.000 km in 6 mesi che divenne anche un libro. Il cammino di quest&#8217;anno invece lo vuole condividere con alcuni adolescenti. Circa 800 km lungo la Via Francigena, da Nord verso Roma. Con lui, 5 ragazzi e ragazze gi\u00e0 noti al grande pubblico per aver partecipato al programma di Raidue &#8220;Il Collegio&#8221;. Giulio, docente di Storia e Filosofia, condivider\u00e0 con loro le gioie e le fatiche del cammino ma anche riflessioni sulla vita e su temi filosofici.<\/p>\r\n\r\n<p>&nbsp;<\/p>\r\n\r\n<h2 class=\"wp-block-heading\">Un doppio obiettivo<\/h2>\r\n\r\n<p>Un viaggio a piedi con una doppia finalit\u00e0. Da una parte contribuire alla costruzione della <a href=\"https:\/\/www.retedeldono.it\/it\/progetti\/agop-onlus\/la-casa-a-colori-per-bambini-oncologici\" target=\"_blank\" rel=\"noreferrer noopener\"><strong>\u201cCasa a Colori\u201d<\/strong><\/a>, ovvero un complesso di appartamenti offerti gratuitamente ai bambini e ai loro familiari che sono in cura al Policlinico Gemelli per malattie oncologiche. Un luogo in cui trovare assistenza infermieristica, riabilitativa e psico-oncologica ma anche uno spazio per giocare e divertirsi assieme. Dall\u2019altra parte Giulio vuole promuovere dei protocolli di coltivazione che permettono la giusta sinergia tra produzione elettrica rinnovabile e agricola, finanziando la realizzazione di nuovi impianti agrofotovoltaici grazie all\u2019azienda \u201cLe Greenhouse\u201d di Antonio Lancellotta.<\/p>\r\n\r\n<p>&nbsp;<\/p>\r\n\r\n<h2 class=\"wp-block-heading\">La serie tv<\/h2>\r\n\r\n<p>Di questa esperienza, che partir\u00e0 dal 17 luglio fino a fine agosto, verr\u00e0 realizzata una serie TV divisa in <strong>8 puntate<\/strong>. In ognuno di essi i camminatori tratteranno di un tema come la paura e la fiducia, le dipendenze, la bellezza in riferimento ai canoni social, il bullismo, la sostenibilit\u00e0, la solidariet\u00e0, la scuola e la cultura. Non mancher\u00e0 la giusta dose di filosofia \u201calla portata di tutti\u201d, per affrontare temi poco di moda come il fallimento, accettare e valorizzare la sofferenza, rispettare i limiti e le diverse nature umane, affievolire l\u2019ansia da prestazione e il fatto di doversi sentire sempre all\u2019altezza. Un mese e mezzo di cammino fisico e umano che cambier\u00e0 Giulio e gli adolescenti che viaggeranno con lui.<\/p>\r\n\r\n<p>&nbsp;<\/p>\r\n\r\n<h2 class=\"wp-block-heading\">L\u2019eco sui social<\/h2>\r\n\r\n<p>Un\u2019evoluzione che i 5 \u201ccollegiali\u201d (<a href=\"https:\/\/www.instagram.com\/francescocardamonee\/\" target=\"_blank\" rel=\"noreferrer noopener\"><strong>Francesco Cardamone<\/strong><\/a>, <a href=\"https:\/\/www.instagram.com\/auroravanessamorabitoo\/\" target=\"_blank\" rel=\"noreferrer noopener\"><strong>Aurora Morabito<\/strong><\/a>, <a href=\"https:\/\/www.instagram.com\/gaia_cascino___\/?hl=it\" target=\"_blank\" rel=\"noreferrer noopener\"><strong>Gaia Cascino<\/strong><\/a>, <a href=\"https:\/\/www.instagram.com\/mario_tricca_\/\" target=\"_blank\" rel=\"noreferrer noopener\"><strong>Mario Tricca<\/strong><\/a> e <a href=\"https:\/\/www.instagram.com\/giuliomaggio.official\/\" target=\"_blank\" rel=\"noreferrer noopener\"><strong>Giulio Maggio<\/strong><\/a>) condivideranno con le loro centinaia di migliaia di followers, cos\u00ec da diffondere anche la raccolta fondi. Ma per un impatto sui social ancora maggiore, in ogni episodio ci sar\u00e0 un\/una <strong>travel influencer<\/strong> che documenter\u00e0 la tappa sui propri canali Instagram e YouTube. L\u2019avventura, infine, sar\u00e0 raccontata anche sulla pagina facebook <a href=\"https:\/\/www.facebook.com\/isentieridellafilosofia\" target=\"_blank\" rel=\"noreferrer noopener\"><strong>\u201cI sentieri della Filosofia\u201d<\/strong><\/a> seguita da pi\u00f9 di 333 mila persone, dove lo stesso Giulio collabora con degli articoli settimanali del suo editoriale \u201cFiloviaggiando\u201d.<\/p>\r\n\r\n<p>&nbsp;<\/p>\r\n[\/vc_column_text][\/vc_column][\/vc_row]","protected":false},"excerpt":{"rendered":"<p>[vc_row type=&#8221;in_container&#8221; full_screen_row_position=&#8221;middle&#8221; column_margin=&#8221;default&#8221; column_direction=&#8221;default&#8221; column_direction_tablet=&#8221;default&#8221; column_direction_phone=&#8221;default&#8221; scene_position=&#8221;center&#8221; text_color=&#8221;dark&#8221; text_align=&#8221;left&#8221; row_border_radius=&#8221;none&#8221; row_border_radius_applies=&#8221;bg&#8221; overflow=&#8221;visible&#8221; overlay_strength=&#8221;0.3&#8243; gradient_direction=&#8221;left_to_right&#8221; shape_divider_position=&#8221;bottom&#8221; bg_image_animation=&#8221;none&#8221;][vc_column column_padding=&#8221;no-extra-padding&#8221; column_padding_tablet=&#8221;inherit&#8221; column_padding_phone=&#8221;inherit&#8221; column_padding_position=&#8221;all&#8221; column_element_spacing=&#8221;default&#8221; background_color_opacity=&#8221;1&#8243; background_hover_color_opacity=&#8221;1&#8243; column_shadow=&#8221;none&#8221; column_border_radius=&#8221;none&#8221; column_link_target=&#8221;_self&#8221; column_position=&#8221;default&#8221; gradient_direction=&#8221;left_to_right&#8221; overlay_strength=&#8221;0.3&#8243;&#8230;<\/p>\n","protected":false},"author":7,"featured_media":2445,"comment_status":"open","ping_status":"open","sticky":false,"template":"","format":"standard","meta":{"_acf_changed":false,"footnotes":""},"categories":[13],"tags":[],"class_list":{"0":"post-2444","1":"post","2":"type-post","3":"status-publish","4":"format-standard","5":"has-post-thumbnail","7":"category-crowdfunding"},"acf":{"homepage_rdd":false},"yoast_head":"<!-- This site is optimized with the Yoast SEO plugin v27.5 - https:\/\/yoast.com\/product\/yoast-seo-wordpress\/ -->\n<title>Un cammino e una serie tv per AGOP Onlus - Rete del Dono<\/title>\n<meta name=\"description\" content=\"Un professore e alcuni adolescenti sulla Via Francigena. Giulio Testa ha reso la sua raccolta fondi un cammino, ma anche una serie tv.\" \/>\n<meta name=\"robots\" content=\"index, follow, max-snippet:-1, max-image-preview:large, max-video-preview:-1\" \/>\n<link rel=\"canonical\" href=\"https:\/\/www.retedeldono.it\/magazine\/un-cammino-e-una-serie-tv-per-agop-onlus\/\" \/>\n<meta property=\"og:locale\" content=\"it_IT\" \/>\n<meta property=\"og:type\" content=\"article\" \/>\n<meta property=\"og:title\" content=\"Un cammino e una serie tv per AGOP Onlus\" \/>\n<meta property=\"og:description\" content=\"Un professore e alcuni adolescenti sulla Via Francigena. Giulio Testa ha reso la sua raccolta fondi un cammino, ma anche una serie tv.\" \/>\n<meta property=\"og:url\" content=\"https:\/\/www.retedeldono.it\/magazine\/un-cammino-e-una-serie-tv-per-agop-onlus\/\" \/>\n<meta property=\"og:site_name\" content=\"Rete del Dono Magazine\" \/>\n<meta property=\"article:publisher\" content=\"https:\/\/www.facebook.com\/retedeldono\/\" \/>\n<meta property=\"article:published_time\" content=\"2023-07-06T08:00:00+00:00\" \/>\n<meta property=\"article:modified_time\" content=\"2023-07-21T09:41:31+00:00\" \/>\n<meta property=\"og:image\" content=\"https:\/\/magazine.retedeldono.it\/wp-content\/uploads\/2023\/07\/rete-del-dono-magazine-giulio-testa.jpg\" \/>\n\t<meta property=\"og:image:width\" content=\"1000\" \/>\n\t<meta property=\"og:image:height\" content=\"700\" \/>\n\t<meta property=\"og:image:type\" content=\"image\/jpeg\" \/>\n<meta name=\"author\" content=\"Aldo Lubrani\" \/>\n<meta name=\"twitter:card\" content=\"summary_large_image\" \/>\n<meta name=\"twitter:title\" content=\"Un cammino e una serie tv per AGOP Onlus\" \/>\n<meta name=\"twitter:description\" content=\"Un professore e alcuni adolescenti sulla Via Francigena. Giulio Testa ha reso la sua raccolta fondi un cammino, ma anche una serie tv.\" \/>\n<meta name=\"twitter:image\" content=\"https:\/\/magazine.retedeldono.it\/wp-content\/uploads\/2023\/07\/rete-del-dono-magazine-giulio-testa.jpg\" \/>\n<meta name=\"twitter:label1\" content=\"Scritto da\" \/>\n\t<meta name=\"twitter:data1\" content=\"Aldo Lubrani\" \/>\n\t<meta name=\"twitter:label2\" content=\"Tempo di lettura stimato\" \/>\n\t<meta name=\"twitter:data2\" content=\"3 minuti\" \/>\n<script type=\"application\/ld+json\" class=\"yoast-schema-graph\">{\"@context\":\"https:\\\/\\\/schema.org\",\"@graph\":[{\"@type\":\"Article\",\"@id\":\"https:\\\/\\\/www.retedeldono.it\\\/magazine\\\/un-cammino-e-una-serie-tv-per-agop-onlus\\\/#article\",\"isPartOf\":{\"@id\":\"https:\\\/\\\/www.retedeldono.it\\\/magazine\\\/un-cammino-e-una-serie-tv-per-agop-onlus\\\/\"},\"author\":{\"name\":\"Aldo Lubrani\",\"@id\":\"https:\\\/\\\/www.retedeldono.it\\\/magazine\\\/#\\\/schema\\\/person\\\/19118fc3b527ea22d276cc2b446f7353\"},\"headline\":\"Un cammino e una serie tv per AGOP Onlus\",\"datePublished\":\"2023-07-06T08:00:00+00:00\",\"dateModified\":\"2023-07-21T09:41:31+00:00\",\"mainEntityOfPage\":{\"@id\":\"https:\\\/\\\/www.retedeldono.it\\\/magazine\\\/un-cammino-e-una-serie-tv-per-agop-onlus\\\/\"},\"wordCount\":661,\"commentCount\":0,\"image\":{\"@id\":\"https:\\\/\\\/www.retedeldono.it\\\/magazine\\\/un-cammino-e-una-serie-tv-per-agop-onlus\\\/#primaryimage\"},\"thumbnailUrl\":\"https:\\\/\\\/magazine.retedeldono.it\\\/wp-content\\\/uploads\\\/2023\\\/07\\\/rete-del-dono-magazine-giulio-testa.jpg\",\"articleSection\":[\"Crowdfunding\"],\"inLanguage\":\"it-IT\",\"potentialAction\":[{\"@type\":\"CommentAction\",\"name\":\"Comment\",\"target\":[\"https:\\\/\\\/www.retedeldono.it\\\/magazine\\\/un-cammino-e-una-serie-tv-per-agop-onlus\\\/#respond\"]}]},{\"@type\":\"WebPage\",\"@id\":\"https:\\\/\\\/www.retedeldono.it\\\/magazine\\\/un-cammino-e-una-serie-tv-per-agop-onlus\\\/\",\"url\":\"https:\\\/\\\/www.retedeldono.it\\\/magazine\\\/un-cammino-e-una-serie-tv-per-agop-onlus\\\/\",\"name\":\"Un cammino e una serie tv per AGOP Onlus - Rete del Dono\",\"isPartOf\":{\"@id\":\"https:\\\/\\\/www.retedeldono.it\\\/magazine\\\/#website\"},\"primaryImageOfPage\":{\"@id\":\"https:\\\/\\\/www.retedeldono.it\\\/magazine\\\/un-cammino-e-una-serie-tv-per-agop-onlus\\\/#primaryimage\"},\"image\":{\"@id\":\"https:\\\/\\\/www.retedeldono.it\\\/magazine\\\/un-cammino-e-una-serie-tv-per-agop-onlus\\\/#primaryimage\"},\"thumbnailUrl\":\"https:\\\/\\\/magazine.retedeldono.it\\\/wp-content\\\/uploads\\\/2023\\\/07\\\/rete-del-dono-magazine-giulio-testa.jpg\",\"datePublished\":\"2023-07-06T08:00:00+00:00\",\"dateModified\":\"2023-07-21T09:41:31+00:00\",\"author\":{\"@id\":\"https:\\\/\\\/www.retedeldono.it\\\/magazine\\\/#\\\/schema\\\/person\\\/19118fc3b527ea22d276cc2b446f7353\"},\"description\":\"Un professore e alcuni adolescenti sulla Via Francigena. Giulio Testa ha reso la sua raccolta fondi un cammino, ma anche una serie tv.\",\"breadcrumb\":{\"@id\":\"https:\\\/\\\/www.retedeldono.it\\\/magazine\\\/un-cammino-e-una-serie-tv-per-agop-onlus\\\/#breadcrumb\"},\"inLanguage\":\"it-IT\",\"potentialAction\":[{\"@type\":\"ReadAction\",\"target\":[\"https:\\\/\\\/www.retedeldono.it\\\/magazine\\\/un-cammino-e-una-serie-tv-per-agop-onlus\\\/\"]}]},{\"@type\":\"ImageObject\",\"inLanguage\":\"it-IT\",\"@id\":\"https:\\\/\\\/www.retedeldono.it\\\/magazine\\\/un-cammino-e-una-serie-tv-per-agop-onlus\\\/#primaryimage\",\"url\":\"https:\\\/\\\/magazine.retedeldono.it\\\/wp-content\\\/uploads\\\/2023\\\/07\\\/rete-del-dono-magazine-giulio-testa.jpg\",\"contentUrl\":\"https:\\\/\\\/magazine.retedeldono.it\\\/wp-content\\\/uploads\\\/2023\\\/07\\\/rete-del-dono-magazine-giulio-testa.jpg\",\"width\":1000,\"height\":700,\"caption\":\"un cammino e una serie tv\"},{\"@type\":\"BreadcrumbList\",\"@id\":\"https:\\\/\\\/www.retedeldono.it\\\/magazine\\\/un-cammino-e-una-serie-tv-per-agop-onlus\\\/#breadcrumb\",\"itemListElement\":[{\"@type\":\"ListItem\",\"position\":1,\"name\":\"Home\",\"item\":\"https:\\\/\\\/www.retedeldono.it\\\/magazine\\\/\"},{\"@type\":\"ListItem\",\"position\":2,\"name\":\"Un cammino e una serie tv per AGOP Onlus\"}]},{\"@type\":\"WebSite\",\"@id\":\"https:\\\/\\\/www.retedeldono.it\\\/magazine\\\/#website\",\"url\":\"https:\\\/\\\/www.retedeldono.it\\\/magazine\\\/\",\"name\":\"Rete del Dono Magazine\",\"description\":\"Rete del Dono Magazine\",\"potentialAction\":[{\"@type\":\"SearchAction\",\"target\":{\"@type\":\"EntryPoint\",\"urlTemplate\":\"https:\\\/\\\/www.retedeldono.it\\\/magazine\\\/?s={search_term_string}\"},\"query-input\":{\"@type\":\"PropertyValueSpecification\",\"valueRequired\":true,\"valueName\":\"search_term_string\"}}],\"inLanguage\":\"it-IT\"},{\"@type\":\"Person\",\"@id\":\"https:\\\/\\\/www.retedeldono.it\\\/magazine\\\/#\\\/schema\\\/person\\\/19118fc3b527ea22d276cc2b446f7353\",\"name\":\"Aldo Lubrani\",\"image\":{\"@type\":\"ImageObject\",\"inLanguage\":\"it-IT\",\"@id\":\"https:\\\/\\\/secure.gravatar.com\\\/avatar\\\/e948991b445298d4342a4a232b29e90adbf8a4af10151e265f6e6f3e9a10f68c?s=96&d=mm&r=g\",\"url\":\"https:\\\/\\\/secure.gravatar.com\\\/avatar\\\/e948991b445298d4342a4a232b29e90adbf8a4af10151e265f6e6f3e9a10f68c?s=96&d=mm&r=g\",\"contentUrl\":\"https:\\\/\\\/secure.gravatar.com\\\/avatar\\\/e948991b445298d4342a4a232b29e90adbf8a4af10151e265f6e6f3e9a10f68c?s=96&d=mm&r=g\",\"caption\":\"Aldo Lubrani\"},\"description\":\"Laureato con lode in Relazioni Internazionali presso Universit\u00e0 degli studi Roma Tre, Master in Europrogettazione presso Europa Business School di Bologna. Google Digital Training Certificate. Lavoro da anni nel settore Digital, Fundraising e Non Profit. Su Rete del Dono ricopro il ruolo di Project Manager nell'ambito Comunicazione, Digital e Personal Fundraising. Appassionato di viaggi, natura, pittura.\",\"sameAs\":[\"https:\\\/\\\/www.retedeldono.it\"],\"url\":\"https:\\\/\\\/www.retedeldono.it\\\/magazine\\\/author\\\/aldo-lubrani\\\/\"}]}<\/script>\n<!-- \/ Yoast SEO plugin. -->","yoast_head_json":{"title":"Un cammino e una serie tv per AGOP Onlus - Rete del Dono","description":"Un professore e alcuni adolescenti sulla Via Francigena. Giulio Testa ha reso la sua raccolta fondi un cammino, ma anche una serie tv.","robots":{"index":"index","follow":"follow","max-snippet":"max-snippet:-1","max-image-preview":"max-image-preview:large","max-video-preview":"max-video-preview:-1"},"canonical":"https:\/\/www.retedeldono.it\/magazine\/un-cammino-e-una-serie-tv-per-agop-onlus\/","og_locale":"it_IT","og_type":"article","og_title":"Un cammino e una serie tv per AGOP Onlus","og_description":"Un professore e alcuni adolescenti sulla Via Francigena. Giulio Testa ha reso la sua raccolta fondi un cammino, ma anche una serie tv.","og_url":"https:\/\/www.retedeldono.it\/magazine\/un-cammino-e-una-serie-tv-per-agop-onlus\/","og_site_name":"Rete del Dono Magazine","article_publisher":"https:\/\/www.facebook.com\/retedeldono\/","article_published_time":"2023-07-06T08:00:00+00:00","article_modified_time":"2023-07-21T09:41:31+00:00","og_image":[{"width":1000,"height":700,"url":"https:\/\/magazine.retedeldono.it\/wp-content\/uploads\/2023\/07\/rete-del-dono-magazine-giulio-testa.jpg","type":"image\/jpeg"}],"author":"Aldo Lubrani","twitter_card":"summary_large_image","twitter_title":"Un cammino e una serie tv per AGOP Onlus","twitter_description":"Un professore e alcuni adolescenti sulla Via Francigena. Giulio Testa ha reso la sua raccolta fondi un cammino, ma anche una serie tv.","twitter_image":"https:\/\/magazine.retedeldono.it\/wp-content\/uploads\/2023\/07\/rete-del-dono-magazine-giulio-testa.jpg","twitter_misc":{"Scritto da":"Aldo Lubrani","Tempo di lettura stimato":"3 minuti"},"schema":{"@context":"https:\/\/schema.org","@graph":[{"@type":"Article","@id":"https:\/\/www.retedeldono.it\/magazine\/un-cammino-e-una-serie-tv-per-agop-onlus\/#article","isPartOf":{"@id":"https:\/\/www.retedeldono.it\/magazine\/un-cammino-e-una-serie-tv-per-agop-onlus\/"},"author":{"name":"Aldo Lubrani","@id":"https:\/\/www.retedeldono.it\/magazine\/#\/schema\/person\/19118fc3b527ea22d276cc2b446f7353"},"headline":"Un cammino e una serie tv per AGOP Onlus","datePublished":"2023-07-06T08:00:00+00:00","dateModified":"2023-07-21T09:41:31+00:00","mainEntityOfPage":{"@id":"https:\/\/www.retedeldono.it\/magazine\/un-cammino-e-una-serie-tv-per-agop-onlus\/"},"wordCount":661,"commentCount":0,"image":{"@id":"https:\/\/www.retedeldono.it\/magazine\/un-cammino-e-una-serie-tv-per-agop-onlus\/#primaryimage"},"thumbnailUrl":"https:\/\/magazine.retedeldono.it\/wp-content\/uploads\/2023\/07\/rete-del-dono-magazine-giulio-testa.jpg","articleSection":["Crowdfunding"],"inLanguage":"it-IT","potentialAction":[{"@type":"CommentAction","name":"Comment","target":["https:\/\/www.retedeldono.it\/magazine\/un-cammino-e-una-serie-tv-per-agop-onlus\/#respond"]}]},{"@type":"WebPage","@id":"https:\/\/www.retedeldono.it\/magazine\/un-cammino-e-una-serie-tv-per-agop-onlus\/","url":"https:\/\/www.retedeldono.it\/magazine\/un-cammino-e-una-serie-tv-per-agop-onlus\/","name":"Un cammino e una serie tv per AGOP Onlus - Rete del Dono","isPartOf":{"@id":"https:\/\/www.retedeldono.it\/magazine\/#website"},"primaryImageOfPage":{"@id":"https:\/\/www.retedeldono.it\/magazine\/un-cammino-e-una-serie-tv-per-agop-onlus\/#primaryimage"},"image":{"@id":"https:\/\/www.retedeldono.it\/magazine\/un-cammino-e-una-serie-tv-per-agop-onlus\/#primaryimage"},"thumbnailUrl":"https:\/\/magazine.retedeldono.it\/wp-content\/uploads\/2023\/07\/rete-del-dono-magazine-giulio-testa.jpg","datePublished":"2023-07-06T08:00:00+00:00","dateModified":"2023-07-21T09:41:31+00:00","author":{"@id":"https:\/\/www.retedeldono.it\/magazine\/#\/schema\/person\/19118fc3b527ea22d276cc2b446f7353"},"description":"Un professore e alcuni adolescenti sulla Via Francigena. Giulio Testa ha reso la sua raccolta fondi un cammino, ma anche una serie tv.","breadcrumb":{"@id":"https:\/\/www.retedeldono.it\/magazine\/un-cammino-e-una-serie-tv-per-agop-onlus\/#breadcrumb"},"inLanguage":"it-IT","potentialAction":[{"@type":"ReadAction","target":["https:\/\/www.retedeldono.it\/magazine\/un-cammino-e-una-serie-tv-per-agop-onlus\/"]}]},{"@type":"ImageObject","inLanguage":"it-IT","@id":"https:\/\/www.retedeldono.it\/magazine\/un-cammino-e-una-serie-tv-per-agop-onlus\/#primaryimage","url":"https:\/\/magazine.retedeldono.it\/wp-content\/uploads\/2023\/07\/rete-del-dono-magazine-giulio-testa.jpg","contentUrl":"https:\/\/magazine.retedeldono.it\/wp-content\/uploads\/2023\/07\/rete-del-dono-magazine-giulio-testa.jpg","width":1000,"height":700,"caption":"un cammino e una serie tv"},{"@type":"BreadcrumbList","@id":"https:\/\/www.retedeldono.it\/magazine\/un-cammino-e-una-serie-tv-per-agop-onlus\/#breadcrumb","itemListElement":[{"@type":"ListItem","position":1,"name":"Home","item":"https:\/\/www.retedeldono.it\/magazine\/"},{"@type":"ListItem","position":2,"name":"Un cammino e una serie tv per AGOP Onlus"}]},{"@type":"WebSite","@id":"https:\/\/www.retedeldono.it\/magazine\/#website","url":"https:\/\/www.retedeldono.it\/magazine\/","name":"Rete del Dono Magazine","description":"Rete del Dono Magazine","potentialAction":[{"@type":"SearchAction","target":{"@type":"EntryPoint","urlTemplate":"https:\/\/www.retedeldono.it\/magazine\/?s={search_term_string}"},"query-input":{"@type":"PropertyValueSpecification","valueRequired":true,"valueName":"search_term_string"}}],"inLanguage":"it-IT"},{"@type":"Person","@id":"https:\/\/www.retedeldono.it\/magazine\/#\/schema\/person\/19118fc3b527ea22d276cc2b446f7353","name":"Aldo Lubrani","image":{"@type":"ImageObject","inLanguage":"it-IT","@id":"https:\/\/secure.gravatar.com\/avatar\/e948991b445298d4342a4a232b29e90adbf8a4af10151e265f6e6f3e9a10f68c?s=96&d=mm&r=g","url":"https:\/\/secure.gravatar.com\/avatar\/e948991b445298d4342a4a232b29e90adbf8a4af10151e265f6e6f3e9a10f68c?s=96&d=mm&r=g","contentUrl":"https:\/\/secure.gravatar.com\/avatar\/e948991b445298d4342a4a232b29e90adbf8a4af10151e265f6e6f3e9a10f68c?s=96&d=mm&r=g","caption":"Aldo Lubrani"},"description":"Laureato con lode in Relazioni Internazionali presso Universit\u00e0 degli studi Roma Tre, Master in Europrogettazione presso Europa Business School di Bologna. Google Digital Training Certificate. Lavoro da anni nel settore Digital, Fundraising e Non Profit. Su Rete del Dono ricopro il ruolo di Project Manager nell'ambito Comunicazione, Digital e Personal Fundraising. Appassionato di viaggi, natura, pittura.","sameAs":["https:\/\/www.retedeldono.it"],"url":"https:\/\/www.retedeldono.it\/magazine\/author\/aldo-lubrani\/"}]}},"_links":{"self":[{"href":"https:\/\/www.retedeldono.it\/magazine\/wp-json\/wp\/v2\/posts\/2444","targetHints":{"allow":["GET"]}}],"collection":[{"href":"https:\/\/www.retedeldono.it\/magazine\/wp-json\/wp\/v2\/posts"}],"about":[{"href":"https:\/\/www.retedeldono.it\/magazine\/wp-json\/wp\/v2\/types\/post"}],"author":[{"embeddable":true,"href":"https:\/\/www.retedeldono.it\/magazine\/wp-json\/wp\/v2\/users\/7"}],"replies":[{"embeddable":true,"href":"https:\/\/www.retedeldono.it\/magazine\/wp-json\/wp\/v2\/comments?post=2444"}],"version-history":[{"count":0,"href":"https:\/\/www.retedeldono.it\/magazine\/wp-json\/wp\/v2\/posts\/2444\/revisions"}],"wp:featuredmedia":[{"embeddable":true,"href":"https:\/\/www.retedeldono.it\/magazine\/wp-json\/wp\/v2\/media\/2445"}],"wp:attachment":[{"href":"https:\/\/www.retedeldono.it\/magazine\/wp-json\/wp\/v2\/media?parent=2444"}],"wp:term":[{"taxonomy":"category","embeddable":true,"href":"https:\/\/www.retedeldono.it\/magazine\/wp-json\/wp\/v2\/categories?post=2444"},{"taxonomy":"post_tag","embeddable":true,"href":"https:\/\/www.retedeldono.it\/magazine\/wp-json\/wp\/v2\/tags?post=2444"}],"curies":[{"name":"wp","href":"https:\/\/api.w.org\/{rel}","templated":true}]}}