{"id":2451,"date":"2023-07-13T08:00:00","date_gmt":"2023-07-13T08:00:00","guid":{"rendered":"https:\/\/www.retedeldono.it\/magazine\/?p=2451"},"modified":"2023-08-16T10:32:36","modified_gmt":"2023-08-16T10:32:36","slug":"massimo-ambrosini-e-il-suo-racconto-della-milano-marathon","status":"publish","type":"post","link":"https:\/\/www.retedeldono.it\/magazine\/massimo-ambrosini-e-il-suo-racconto-della-milano-marathon\/","title":{"rendered":"Massimo Ambrosini e il suo racconto della Milano Marathon"},"content":{"rendered":"\r\n<p><strong>Massimo Ambrosini, Nelson Dida, Billy Costacurta<\/strong>. Non \u00e8 la formazione di una partita di calcio stellare, ma una <strong>staffetta solidale <\/strong>che ha partecipato al <strong>Charity Program 2023<\/strong>. Perch\u00e9 alla <strong>Milano Marathon<\/strong> pu\u00f2 succedere anche questo. Per <strong>Massimo Ambrosini<\/strong> \u00e8 stata una \u2018prima volta\u2019 che non dimenticher\u00e0 tanto facilmente. Ecco la sua testimonianza per lanciare la <a href=\"https:\/\/www.milanomarathon.it\/\" target=\"_blank\" rel=\"noreferrer noopener\"><strong>Milano Marathon 2024<\/strong><\/a>, in programma per il <strong>7 aprile 2024<\/strong>.<\/p>\r\n\r\n\r\n\r\n<div class=\"wp-block-buttons is-content-justification-center is-layout-flex wp-container-core-buttons-is-layout-16018d1d wp-block-buttons-is-layout-flex\">\r\n<div class=\"wp-block-button\"><a class=\"wp-block-button__link wp-element-button\" href=\"https:\/\/www.retedeldono.it\/it\/milano-marathon\" target=\"_blank\" rel=\"noreferrer noopener\">SCOPRI COME PARTECIPARE A MILANO MARATHON 2024<\/a><\/div>\r\n<\/div>\r\n\r\n\r\n\r\n<h2 class=\"wp-block-heading\">Massimo Ambrosini alla Milano Marathon 2023<\/h2>\r\n\r\n\r\n\r\n<p>La campagna di Massimo Ambrosini alla Milano Marathon \u00e8 stata <a href=\"https:\/\/www.retedeldono.it\/it\/iniziative\/fondazione-italiana-diabete-onlus\/massimo.ambrosini\/born-to-run\"><strong>Born to Run<\/strong><\/a>, nata per sostenere <a href=\"https:\/\/fondazionediabete.org\/\"><strong>Fondazione Italiana Diabete<\/strong><\/a> e la sua ricerca per sconfiggere il diabete di tipo 1. \u201cL\u2019idea di partecipare al Charity Program attivandomi come personal fundraiser \u00e8 legata alla storia di mio figlio Alessandro, a cui da 9 mesi \u00e8 stata diagnosticata questa malattia. Un male autoimmune, cronico e degenerativo che \u00e8 attualmente incurabile: per questo l\u2019impegno della Fondazione d\u00e0 speranza a noi e a tutte le famiglie delle 200 mila persone che hanno questa malattia. Io e mia moglie abbiamo conosciuto persone fantastiche che ci stanno supportando molto, per questo quando mi hanno contattato non mi sono tirato indietro\u201d.<\/p>\r\n\r\n\r\n\r\n<h2 class=\"wp-block-heading\">Una storia sincera e personale<\/h2>\r\n\r\n\r\n\r\n<p>Massimo ha coinvolto qualche ex compagno di squadra del Milan e la campagna \u00e8 sbarcata su Rete del Dono: \u201cNon conoscevo la piattaforma, ma \u00e8 stata efficace e intuitiva da utilizzare. E poi il Crowdfunding \u00e8 uno strumento innovativo, in grado di raggiungere moltissime persone e realizzare una raccolta davvero dal basso\u201d. Di donatori infatti l&#8217;iniziativa ne ha raggiunti molti: oltre mille, raccogliendo quasi 50mila euro. \u201cLa mia notoriet\u00e0 ha influito. Ma anche la storia sincera di mio figlio ha toccato il cuore di tanti, che si sono rivisti nella preoccupazione di due genitori. Il valore aggiunto, al di l\u00e0 dell\u2019importo donato, \u00e8 che tante persone hanno potuto conoscere una causa come questa\u201d.<\/p>\r\n\r\n\r\n\r\n<h2 class=\"wp-block-heading\">I messaggi di speranza<\/h2>\r\n\r\n\r\n\r\n<p>Una valanga di solidariet\u00e0 che nobilita l\u2019animo e che ha davvero commosso Ambrosini: \u201cNon mi aspettavo un simile risultato, e soprattutto l\u2019ondata di affetto che ho potuto leggere dai messaggi di sostegno che quasi tutti i donatori hanno scritto sulla piattaforma. \u00c9 stata un\u2019esperienza che mi ha arricchito soprattutto umanamente. Mi ha fatto piacere sentire la vicinanza del mondo sportivo, ma anche di tantissime famiglie che stanno vivendo la nostra stessa situazione. \u00c8 sempre emozionante scoprire che insieme si pu\u00f2 affrontare qualsiasi sfida: mi piace pensare che forse questa iniziativa ha fatto sentire tante persone un po\u2019 meno sole nella lotta contro il diabete\u201d.<\/p>\r\n\r\n\r\n\r\n<h2 class=\"wp-block-heading\">Arrivederci alla Milano Marathon 2024<\/h2>\r\n\r\n\r\n\r\n<p>A diffondere la campagna hanno contribuito i seguitissimi profili social dell\u2019ex calciatore e un video virale molto ricondiviso. Anche i compagni di staffetta hanno fatto da cassa di risonanza tramite i loro profili. \u201cCompreso Andriy Shevchenko, che avrebbe dovuto correre con noi ma \u00e8 stato trattenuto in Ucraina a causa di questa maledetta guerra. Insieme a loro, stiamo gi\u00e0 pensando ad altre iniziative come a una cena benefica in autunno. Vogliamo impegnarci su pochi progetti preparati bene. Abbiamo imparato che le persone non chiedono altro che essere coinvolte e vogliamo dare loro nuove occasioni per donare\u201d. E chiss\u00e0, magari un\u2019altra occasione sar\u00e0 proprio la Milano Marathon 2024.<\/p>\r\n\r\n\r\n\r\n<p>A questo proposito, il Charity Program di Milano Marathon 2024 \u00e8 stato presentato marted\u00ec 11 luglio e da luned\u00ec 17 saranno aperte le iscrizioni per le non profit. Un sacco di novit\u00e0 in arrivo all\u2019insegna di un sempre maggior coinvolgimento della community e della citt\u00e0.<\/p>\r\n","protected":false},"excerpt":{"rendered":"<p>Massimo Ambrosini, Nelson Dida, Billy Costacurta. Non \u00e8 la formazione di una partita di calcio stellare, ma una staffetta solidale che ha partecipato al Charity Program 2023. Perch\u00e9 alla Milano&#8230;<\/p>\n","protected":false},"author":12,"featured_media":2397,"comment_status":"open","ping_status":"open","sticky":true,"template":"","format":"standard","meta":{"_acf_changed":false,"footnotes":""},"categories":[17],"tags":[],"class_list":{"0":"post-2451","1":"post","2":"type-post","3":"status-publish","4":"format-standard","5":"has-post-thumbnail","7":"category-fundraising"},"acf":{"homepage_rdd":false},"yoast_head":"<!-- This site is optimized with the Yoast SEO plugin v27.5 - https:\/\/yoast.com\/product\/yoast-seo-wordpress\/ -->\n<title>Massimo Ambrosini alla Milano Marathon - Rete del Dono<\/title>\n<meta name=\"description\" content=\"L&#039;esperienza di Massimo Ambrosini alla Milano Marathon per ispirare nuove partecipazioni: l&#039;edizione 2024 \u00e8 in programma per il 7 aprile 2024.\" \/>\n<meta name=\"robots\" content=\"index, follow, max-snippet:-1, max-image-preview:large, max-video-preview:-1\" \/>\n<link rel=\"canonical\" href=\"https:\/\/www.retedeldono.it\/magazine\/massimo-ambrosini-e-il-suo-racconto-della-milano-marathon\/\" \/>\n<meta property=\"og:locale\" content=\"it_IT\" \/>\n<meta property=\"og:type\" content=\"article\" \/>\n<meta property=\"og:title\" content=\"Massimo Ambrosini e il suo racconto della Milano Marathon\" \/>\n<meta property=\"og:description\" content=\"L&#039;esperienza di Massimo Ambrosini alla Milano Marathon per ispirare nuove partecipazioni: l&#039;edizione 2024 \u00e8 in programma per il 7 aprile 2024.\" \/>\n<meta property=\"og:url\" content=\"https:\/\/www.retedeldono.it\/magazine\/massimo-ambrosini-e-il-suo-racconto-della-milano-marathon\/\" \/>\n<meta property=\"og:site_name\" content=\"Rete del Dono Magazine\" \/>\n<meta property=\"article:publisher\" content=\"https:\/\/www.facebook.com\/retedeldono\/\" \/>\n<meta property=\"article:published_time\" content=\"2023-07-13T08:00:00+00:00\" \/>\n<meta property=\"article:modified_time\" content=\"2023-08-16T10:32:36+00:00\" \/>\n<meta property=\"og:image\" content=\"https:\/\/magazine.retedeldono.it\/wp-content\/uploads\/2023\/06\/Massimo-Ambrosini-Milano-Marathon.jpg\" \/>\n\t<meta property=\"og:image:width\" content=\"1000\" \/>\n\t<meta property=\"og:image:height\" content=\"630\" \/>\n\t<meta property=\"og:image:type\" content=\"image\/jpeg\" \/>\n<meta name=\"author\" content=\"Francesca Gervasoni\" \/>\n<meta name=\"twitter:card\" content=\"summary_large_image\" \/>\n<meta name=\"twitter:title\" content=\"Massimo Ambrosini e il suo racconto della Milano Marathon\" \/>\n<meta name=\"twitter:description\" content=\"L&#039;esperienza di Massimo Ambrosini alla Milano Marathon per ispirare nuove partecipazioni: l&#039;edizione 2024 \u00e8 in programma per il 7 aprile 2024.\" \/>\n<meta name=\"twitter:image\" content=\"https:\/\/magazine.retedeldono.it\/wp-content\/uploads\/2023\/06\/Massimo-Ambrosini-Milano-Marathon.jpg\" \/>\n<meta name=\"twitter:label1\" content=\"Scritto da\" \/>\n\t<meta name=\"twitter:data1\" content=\"Francesca Gervasoni\" \/>\n\t<meta name=\"twitter:label2\" content=\"Tempo di lettura stimato\" \/>\n\t<meta name=\"twitter:data2\" content=\"4 minuti\" \/>\n<script type=\"application\/ld+json\" class=\"yoast-schema-graph\">{\"@context\":\"https:\\\/\\\/schema.org\",\"@graph\":[{\"@type\":\"Article\",\"@id\":\"https:\\\/\\\/www.retedeldono.it\\\/magazine\\\/massimo-ambrosini-e-il-suo-racconto-della-milano-marathon\\\/#article\",\"isPartOf\":{\"@id\":\"https:\\\/\\\/www.retedeldono.it\\\/magazine\\\/massimo-ambrosini-e-il-suo-racconto-della-milano-marathon\\\/\"},\"author\":{\"name\":\"Francesca Gervasoni\",\"@id\":\"https:\\\/\\\/www.retedeldono.it\\\/magazine\\\/#\\\/schema\\\/person\\\/a35c81474fbabc7c769d83f87073545f\"},\"headline\":\"Massimo Ambrosini e il suo racconto della Milano Marathon\",\"datePublished\":\"2023-07-13T08:00:00+00:00\",\"dateModified\":\"2023-08-16T10:32:36+00:00\",\"mainEntityOfPage\":{\"@id\":\"https:\\\/\\\/www.retedeldono.it\\\/magazine\\\/massimo-ambrosini-e-il-suo-racconto-della-milano-marathon\\\/\"},\"wordCount\":566,\"commentCount\":0,\"image\":{\"@id\":\"https:\\\/\\\/www.retedeldono.it\\\/magazine\\\/massimo-ambrosini-e-il-suo-racconto-della-milano-marathon\\\/#primaryimage\"},\"thumbnailUrl\":\"https:\\\/\\\/magazine.retedeldono.it\\\/wp-content\\\/uploads\\\/2023\\\/06\\\/Massimo-Ambrosini-Milano-Marathon.jpg\",\"articleSection\":[\"Fundraising\"],\"inLanguage\":\"it-IT\",\"potentialAction\":[{\"@type\":\"CommentAction\",\"name\":\"Comment\",\"target\":[\"https:\\\/\\\/www.retedeldono.it\\\/magazine\\\/massimo-ambrosini-e-il-suo-racconto-della-milano-marathon\\\/#respond\"]}]},{\"@type\":\"WebPage\",\"@id\":\"https:\\\/\\\/www.retedeldono.it\\\/magazine\\\/massimo-ambrosini-e-il-suo-racconto-della-milano-marathon\\\/\",\"url\":\"https:\\\/\\\/www.retedeldono.it\\\/magazine\\\/massimo-ambrosini-e-il-suo-racconto-della-milano-marathon\\\/\",\"name\":\"Massimo Ambrosini alla Milano Marathon - Rete del Dono\",\"isPartOf\":{\"@id\":\"https:\\\/\\\/www.retedeldono.it\\\/magazine\\\/#website\"},\"primaryImageOfPage\":{\"@id\":\"https:\\\/\\\/www.retedeldono.it\\\/magazine\\\/massimo-ambrosini-e-il-suo-racconto-della-milano-marathon\\\/#primaryimage\"},\"image\":{\"@id\":\"https:\\\/\\\/www.retedeldono.it\\\/magazine\\\/massimo-ambrosini-e-il-suo-racconto-della-milano-marathon\\\/#primaryimage\"},\"thumbnailUrl\":\"https:\\\/\\\/magazine.retedeldono.it\\\/wp-content\\\/uploads\\\/2023\\\/06\\\/Massimo-Ambrosini-Milano-Marathon.jpg\",\"datePublished\":\"2023-07-13T08:00:00+00:00\",\"dateModified\":\"2023-08-16T10:32:36+00:00\",\"author\":{\"@id\":\"https:\\\/\\\/www.retedeldono.it\\\/magazine\\\/#\\\/schema\\\/person\\\/a35c81474fbabc7c769d83f87073545f\"},\"description\":\"L'esperienza di Massimo Ambrosini alla Milano Marathon per ispirare nuove partecipazioni: l'edizione 2024 \u00e8 in programma per il 7 aprile 2024.\",\"breadcrumb\":{\"@id\":\"https:\\\/\\\/www.retedeldono.it\\\/magazine\\\/massimo-ambrosini-e-il-suo-racconto-della-milano-marathon\\\/#breadcrumb\"},\"inLanguage\":\"it-IT\",\"potentialAction\":[{\"@type\":\"ReadAction\",\"target\":[\"https:\\\/\\\/www.retedeldono.it\\\/magazine\\\/massimo-ambrosini-e-il-suo-racconto-della-milano-marathon\\\/\"]}]},{\"@type\":\"ImageObject\",\"inLanguage\":\"it-IT\",\"@id\":\"https:\\\/\\\/www.retedeldono.it\\\/magazine\\\/massimo-ambrosini-e-il-suo-racconto-della-milano-marathon\\\/#primaryimage\",\"url\":\"https:\\\/\\\/magazine.retedeldono.it\\\/wp-content\\\/uploads\\\/2023\\\/06\\\/Massimo-Ambrosini-Milano-Marathon.jpg\",\"contentUrl\":\"https:\\\/\\\/magazine.retedeldono.it\\\/wp-content\\\/uploads\\\/2023\\\/06\\\/Massimo-Ambrosini-Milano-Marathon.jpg\",\"width\":1000,\"height\":630,\"caption\":\"Massimo-Ambrosini-Milano-Marathon\"},{\"@type\":\"BreadcrumbList\",\"@id\":\"https:\\\/\\\/www.retedeldono.it\\\/magazine\\\/massimo-ambrosini-e-il-suo-racconto-della-milano-marathon\\\/#breadcrumb\",\"itemListElement\":[{\"@type\":\"ListItem\",\"position\":1,\"name\":\"Home\",\"item\":\"https:\\\/\\\/www.retedeldono.it\\\/magazine\\\/\"},{\"@type\":\"ListItem\",\"position\":2,\"name\":\"Massimo Ambrosini e il suo racconto della Milano Marathon\"}]},{\"@type\":\"WebSite\",\"@id\":\"https:\\\/\\\/www.retedeldono.it\\\/magazine\\\/#website\",\"url\":\"https:\\\/\\\/www.retedeldono.it\\\/magazine\\\/\",\"name\":\"Rete del Dono Magazine\",\"description\":\"Rete del Dono Magazine\",\"potentialAction\":[{\"@type\":\"SearchAction\",\"target\":{\"@type\":\"EntryPoint\",\"urlTemplate\":\"https:\\\/\\\/www.retedeldono.it\\\/magazine\\\/?s={search_term_string}\"},\"query-input\":{\"@type\":\"PropertyValueSpecification\",\"valueRequired\":true,\"valueName\":\"search_term_string\"}}],\"inLanguage\":\"it-IT\"},{\"@type\":\"Person\",\"@id\":\"https:\\\/\\\/www.retedeldono.it\\\/magazine\\\/#\\\/schema\\\/person\\\/a35c81474fbabc7c769d83f87073545f\",\"name\":\"Francesca Gervasoni\",\"image\":{\"@type\":\"ImageObject\",\"inLanguage\":\"it-IT\",\"@id\":\"https:\\\/\\\/secure.gravatar.com\\\/avatar\\\/1825a523f3047a4b9194721a85cdea28f936ebf51e16a49a9e6504a59c37d892?s=96&d=mm&r=g\",\"url\":\"https:\\\/\\\/secure.gravatar.com\\\/avatar\\\/1825a523f3047a4b9194721a85cdea28f936ebf51e16a49a9e6504a59c37d892?s=96&d=mm&r=g\",\"contentUrl\":\"https:\\\/\\\/secure.gravatar.com\\\/avatar\\\/1825a523f3047a4b9194721a85cdea28f936ebf51e16a49a9e6504a59c37d892?s=96&d=mm&r=g\",\"caption\":\"Francesca Gervasoni\"},\"description\":\"Laureata in Filosofia presso Universit\u00e0 degli studi di Milano, ha un\u2019esperienza di 15 anni nel mondo delle agenzie di comunicazione per il mondo profit. Nel 2012 cambia vita e approda su Rete del Dono, dove mette in pratica quello che ha imparato nella precedente vita professionale, per aiutare ONP e aziende ad attivare campagne di raccolta fondi non profit. In Rete del Dono, ricopre il ruolo di Head of Charity Program e si occupa dei rapporti con le aziende.\",\"url\":\"https:\\\/\\\/www.retedeldono.it\\\/magazine\\\/author\\\/francesca-gervasoni\\\/\"}]}<\/script>\n<!-- \/ Yoast SEO plugin. -->","yoast_head_json":{"title":"Massimo Ambrosini alla Milano Marathon - Rete del Dono","description":"L'esperienza di Massimo Ambrosini alla Milano Marathon per ispirare nuove partecipazioni: l'edizione 2024 \u00e8 in programma per il 7 aprile 2024.","robots":{"index":"index","follow":"follow","max-snippet":"max-snippet:-1","max-image-preview":"max-image-preview:large","max-video-preview":"max-video-preview:-1"},"canonical":"https:\/\/www.retedeldono.it\/magazine\/massimo-ambrosini-e-il-suo-racconto-della-milano-marathon\/","og_locale":"it_IT","og_type":"article","og_title":"Massimo Ambrosini e il suo racconto della Milano Marathon","og_description":"L'esperienza di Massimo Ambrosini alla Milano Marathon per ispirare nuove partecipazioni: l'edizione 2024 \u00e8 in programma per il 7 aprile 2024.","og_url":"https:\/\/www.retedeldono.it\/magazine\/massimo-ambrosini-e-il-suo-racconto-della-milano-marathon\/","og_site_name":"Rete del Dono Magazine","article_publisher":"https:\/\/www.facebook.com\/retedeldono\/","article_published_time":"2023-07-13T08:00:00+00:00","article_modified_time":"2023-08-16T10:32:36+00:00","og_image":[{"width":1000,"height":630,"url":"https:\/\/magazine.retedeldono.it\/wp-content\/uploads\/2023\/06\/Massimo-Ambrosini-Milano-Marathon.jpg","type":"image\/jpeg"}],"author":"Francesca Gervasoni","twitter_card":"summary_large_image","twitter_title":"Massimo Ambrosini e il suo racconto della Milano Marathon","twitter_description":"L'esperienza di Massimo Ambrosini alla Milano Marathon per ispirare nuove partecipazioni: l'edizione 2024 \u00e8 in programma per il 7 aprile 2024.","twitter_image":"https:\/\/magazine.retedeldono.it\/wp-content\/uploads\/2023\/06\/Massimo-Ambrosini-Milano-Marathon.jpg","twitter_misc":{"Scritto da":"Francesca Gervasoni","Tempo di lettura stimato":"4 minuti"},"schema":{"@context":"https:\/\/schema.org","@graph":[{"@type":"Article","@id":"https:\/\/www.retedeldono.it\/magazine\/massimo-ambrosini-e-il-suo-racconto-della-milano-marathon\/#article","isPartOf":{"@id":"https:\/\/www.retedeldono.it\/magazine\/massimo-ambrosini-e-il-suo-racconto-della-milano-marathon\/"},"author":{"name":"Francesca Gervasoni","@id":"https:\/\/www.retedeldono.it\/magazine\/#\/schema\/person\/a35c81474fbabc7c769d83f87073545f"},"headline":"Massimo Ambrosini e il suo racconto della Milano Marathon","datePublished":"2023-07-13T08:00:00+00:00","dateModified":"2023-08-16T10:32:36+00:00","mainEntityOfPage":{"@id":"https:\/\/www.retedeldono.it\/magazine\/massimo-ambrosini-e-il-suo-racconto-della-milano-marathon\/"},"wordCount":566,"commentCount":0,"image":{"@id":"https:\/\/www.retedeldono.it\/magazine\/massimo-ambrosini-e-il-suo-racconto-della-milano-marathon\/#primaryimage"},"thumbnailUrl":"https:\/\/magazine.retedeldono.it\/wp-content\/uploads\/2023\/06\/Massimo-Ambrosini-Milano-Marathon.jpg","articleSection":["Fundraising"],"inLanguage":"it-IT","potentialAction":[{"@type":"CommentAction","name":"Comment","target":["https:\/\/www.retedeldono.it\/magazine\/massimo-ambrosini-e-il-suo-racconto-della-milano-marathon\/#respond"]}]},{"@type":"WebPage","@id":"https:\/\/www.retedeldono.it\/magazine\/massimo-ambrosini-e-il-suo-racconto-della-milano-marathon\/","url":"https:\/\/www.retedeldono.it\/magazine\/massimo-ambrosini-e-il-suo-racconto-della-milano-marathon\/","name":"Massimo Ambrosini alla Milano Marathon - Rete del Dono","isPartOf":{"@id":"https:\/\/www.retedeldono.it\/magazine\/#website"},"primaryImageOfPage":{"@id":"https:\/\/www.retedeldono.it\/magazine\/massimo-ambrosini-e-il-suo-racconto-della-milano-marathon\/#primaryimage"},"image":{"@id":"https:\/\/www.retedeldono.it\/magazine\/massimo-ambrosini-e-il-suo-racconto-della-milano-marathon\/#primaryimage"},"thumbnailUrl":"https:\/\/magazine.retedeldono.it\/wp-content\/uploads\/2023\/06\/Massimo-Ambrosini-Milano-Marathon.jpg","datePublished":"2023-07-13T08:00:00+00:00","dateModified":"2023-08-16T10:32:36+00:00","author":{"@id":"https:\/\/www.retedeldono.it\/magazine\/#\/schema\/person\/a35c81474fbabc7c769d83f87073545f"},"description":"L'esperienza di Massimo Ambrosini alla Milano Marathon per ispirare nuove partecipazioni: l'edizione 2024 \u00e8 in programma per il 7 aprile 2024.","breadcrumb":{"@id":"https:\/\/www.retedeldono.it\/magazine\/massimo-ambrosini-e-il-suo-racconto-della-milano-marathon\/#breadcrumb"},"inLanguage":"it-IT","potentialAction":[{"@type":"ReadAction","target":["https:\/\/www.retedeldono.it\/magazine\/massimo-ambrosini-e-il-suo-racconto-della-milano-marathon\/"]}]},{"@type":"ImageObject","inLanguage":"it-IT","@id":"https:\/\/www.retedeldono.it\/magazine\/massimo-ambrosini-e-il-suo-racconto-della-milano-marathon\/#primaryimage","url":"https:\/\/magazine.retedeldono.it\/wp-content\/uploads\/2023\/06\/Massimo-Ambrosini-Milano-Marathon.jpg","contentUrl":"https:\/\/magazine.retedeldono.it\/wp-content\/uploads\/2023\/06\/Massimo-Ambrosini-Milano-Marathon.jpg","width":1000,"height":630,"caption":"Massimo-Ambrosini-Milano-Marathon"},{"@type":"BreadcrumbList","@id":"https:\/\/www.retedeldono.it\/magazine\/massimo-ambrosini-e-il-suo-racconto-della-milano-marathon\/#breadcrumb","itemListElement":[{"@type":"ListItem","position":1,"name":"Home","item":"https:\/\/www.retedeldono.it\/magazine\/"},{"@type":"ListItem","position":2,"name":"Massimo Ambrosini e il suo racconto della Milano Marathon"}]},{"@type":"WebSite","@id":"https:\/\/www.retedeldono.it\/magazine\/#website","url":"https:\/\/www.retedeldono.it\/magazine\/","name":"Rete del Dono Magazine","description":"Rete del Dono Magazine","potentialAction":[{"@type":"SearchAction","target":{"@type":"EntryPoint","urlTemplate":"https:\/\/www.retedeldono.it\/magazine\/?s={search_term_string}"},"query-input":{"@type":"PropertyValueSpecification","valueRequired":true,"valueName":"search_term_string"}}],"inLanguage":"it-IT"},{"@type":"Person","@id":"https:\/\/www.retedeldono.it\/magazine\/#\/schema\/person\/a35c81474fbabc7c769d83f87073545f","name":"Francesca Gervasoni","image":{"@type":"ImageObject","inLanguage":"it-IT","@id":"https:\/\/secure.gravatar.com\/avatar\/1825a523f3047a4b9194721a85cdea28f936ebf51e16a49a9e6504a59c37d892?s=96&d=mm&r=g","url":"https:\/\/secure.gravatar.com\/avatar\/1825a523f3047a4b9194721a85cdea28f936ebf51e16a49a9e6504a59c37d892?s=96&d=mm&r=g","contentUrl":"https:\/\/secure.gravatar.com\/avatar\/1825a523f3047a4b9194721a85cdea28f936ebf51e16a49a9e6504a59c37d892?s=96&d=mm&r=g","caption":"Francesca Gervasoni"},"description":"Laureata in Filosofia presso Universit\u00e0 degli studi di Milano, ha un\u2019esperienza di 15 anni nel mondo delle agenzie di comunicazione per il mondo profit. Nel 2012 cambia vita e approda su Rete del Dono, dove mette in pratica quello che ha imparato nella precedente vita professionale, per aiutare ONP e aziende ad attivare campagne di raccolta fondi non profit. In Rete del Dono, ricopre il ruolo di Head of Charity Program e si occupa dei rapporti con le aziende.","url":"https:\/\/www.retedeldono.it\/magazine\/author\/francesca-gervasoni\/"}]}},"_links":{"self":[{"href":"https:\/\/www.retedeldono.it\/magazine\/wp-json\/wp\/v2\/posts\/2451","targetHints":{"allow":["GET"]}}],"collection":[{"href":"https:\/\/www.retedeldono.it\/magazine\/wp-json\/wp\/v2\/posts"}],"about":[{"href":"https:\/\/www.retedeldono.it\/magazine\/wp-json\/wp\/v2\/types\/post"}],"author":[{"embeddable":true,"href":"https:\/\/www.retedeldono.it\/magazine\/wp-json\/wp\/v2\/users\/12"}],"replies":[{"embeddable":true,"href":"https:\/\/www.retedeldono.it\/magazine\/wp-json\/wp\/v2\/comments?post=2451"}],"version-history":[{"count":0,"href":"https:\/\/www.retedeldono.it\/magazine\/wp-json\/wp\/v2\/posts\/2451\/revisions"}],"wp:featuredmedia":[{"embeddable":true,"href":"https:\/\/www.retedeldono.it\/magazine\/wp-json\/wp\/v2\/media\/2397"}],"wp:attachment":[{"href":"https:\/\/www.retedeldono.it\/magazine\/wp-json\/wp\/v2\/media?parent=2451"}],"wp:term":[{"taxonomy":"category","embeddable":true,"href":"https:\/\/www.retedeldono.it\/magazine\/wp-json\/wp\/v2\/categories?post=2451"},{"taxonomy":"post_tag","embeddable":true,"href":"https:\/\/www.retedeldono.it\/magazine\/wp-json\/wp\/v2\/tags?post=2451"}],"curies":[{"name":"wp","href":"https:\/\/api.w.org\/{rel}","templated":true}]}}