{"id":2461,"date":"2023-07-20T08:00:00","date_gmt":"2023-07-20T08:00:00","guid":{"rendered":"https:\/\/www.retedeldono.it\/magazine\/?p=2461"},"modified":"2023-08-16T10:34:39","modified_gmt":"2023-08-16T10:34:39","slug":"bcc-buccino-comuni-cilentani-una-banca-solidale","status":"publish","type":"post","link":"https:\/\/www.retedeldono.it\/magazine\/bcc-buccino-comuni-cilentani-una-banca-solidale\/","title":{"rendered":"BCC Buccino Comuni Cilentani, una banca solidale"},"content":{"rendered":"\n<p>Qual \u00e8 il modo giusto di fare banca? Di certo i numeri e i bilanci non bastano. La dimensione che appartiene alla sfera dei valori e della relazione \u00e8 fondamentale, ad esempio, per <strong>BCC Buccino Comuni Cilentani<\/strong>. Un istituto che sta sperimentando una nuova forma di sostegno al proprio territorio.<\/p>\n\n\n\n<h2 class=\"wp-block-heading\">Vicino al proprio territorio<\/h2>\n\n\n\n<p>\u201cAbbiamo rivisto le modalit\u00e0 con cui erogare i contributi\u201d spiega il&nbsp;<strong>Presidente Lucio Alfieri<\/strong>. &#8220;Infatti, oltre alla naturale attenzione che da sempre dedichiamo alla scuola attraverso importanti momenti di educazione finanziaria, alla cultura, alle tante iniziative mirate alla tutela dell\u2019ambiente, al mondo dell\u2019associazionismo e a quello sportivo, abbiamo deciso di allargare il campo. Le richieste di sostegno economico sono tante, ma il criterio territoriale non basta. Conosciamo le esigenze del nostro territorio e selezioniamo i progetti pi\u00f9 meritevoli per il loro impatto sociale\u201d. Ecco perch\u00e9 oggi l\u2019impegno della banca \u00e8 in contemporanea su pi\u00f9 fronti, con ben due campagne attive che la vedono protagonista.<\/p>\n\n\n\n<h2 class=\"wp-block-heading\">Orizzonte al centro<\/h2>\n\n\n\n<p>Quasi in dirittura d\u2019arrivo, con oltre 31mila euro raccolti, la campagna per l\u2019implementazione del <a href=\"https:\/\/www.retedeldono.it\/it\/orizzonte\" target=\"_blank\" rel=\"noreferrer noopener\"><strong>Centro Orizzonte di Agropoli<\/strong><\/a>. Una struttura dove l\u2019Associazione Orizzonte accoglie persone con disabilit\u00e0 con l&#8217;obiettivo di renderle il pi\u00f9 possibile autonome. Le attivit\u00e0 didattiche, di formazione e laboratoriali saranno ancora pi\u00f9 complete con la costruzione di una cucina. BCC Buccino Comuni Cilentani, al raggiungimento dell\u201980% della raccolta, contribuir\u00e0 con il restante 20% come ha gi\u00e0 fatto per la prima tranche di lavori.<\/p>\n\n\n<div class=\"wp-block-image\">\n<figure class=\"aligncenter size-large\"><img loading=\"lazy\" decoding=\"async\" width=\"1024\" height=\"538\" src=\"https:\/\/www.retedeldono.it\/magazine\/wp-content\/uploads\/2023\/07\/Seatrac_Crowdfunding_def_0-1024x538.png\" alt=\"BCC Buccino Comuni Cilentani\" class=\"wp-image-2467\" srcset=\"https:\/\/magazine.retedeldono.it\/wp-content\/uploads\/2023\/07\/Seatrac_Crowdfunding_def_0-1024x538.png 1024w, https:\/\/magazine.retedeldono.it\/wp-content\/uploads\/2023\/07\/Seatrac_Crowdfunding_def_0-300x158.png 300w, https:\/\/magazine.retedeldono.it\/wp-content\/uploads\/2023\/07\/Seatrac_Crowdfunding_def_0-768x403.png 768w, https:\/\/magazine.retedeldono.it\/wp-content\/uploads\/2023\/07\/Seatrac_Crowdfunding_def_0.png 1200w\" sizes=\"auto, (max-width: 1024px) 100vw, 1024px\" \/><\/figure>\n<\/div>\n\n\n<h2 class=\"wp-block-heading\">Il mare \u00e8 per tutti<\/h2>\n\n\n\n<p>La banca \u00e8 accanto anche all\u2019Associazione Gabry Little Hero per un progetto innovativo. <a href=\"https:\/\/www.retedeldono.it\/it\/il-mare-e-per-tutti\" target=\"_blank\" rel=\"noreferrer noopener\"><strong>Seatrac &#8211; Il mare \u00e8 per tutti<\/strong><\/a> si pone infatti l\u2019obiettivo di installare sulla spiaggia di Agropoli (SA) l\u2019unico dispositivo al mondo in grado di garantire l\u2019accesso al mare delle persone con difficolt\u00e0 motorie in piena autonomia. \u201cIn Italia esistono solo 3 passerelle di questo tipo e siamo orgogliosi di contribuire ad abbattere queste barriere, pi\u00f9 mentali che fisiche. L\u2019abbiamo gi\u00e0 inaugurata, ma la raccolta continua\u201d.<\/p>\n\n\n\n<h2 class=\"wp-block-heading\">Un lavoro di squadra<\/h2>\n\n\n\n<p>BCC Buccino Comuni Cilentani funge un po\u2019 da angelo custode di questi progetti. \u201cCi sentiamo parte di una squadra ampia, fatta di persone che si impegnano sul campo. Una rete di persone che spendono tempo e risorse per migliorare il luogo dove abitano\u201d. La banca non ha solo donato, ma ha attivato in prima persona le campagne di crowdfunding. \u201cAbbiamo coinvolto in primis i nostri dipendenti, i soci e le nostre agenzie per mostrare un impegno preso non solo come istituto, ma anche come singoli. E la risposta delle imprese del territorio \u00e8 andata oltre le aspettative. La gioia pi\u00f9 grande \u00e8 vedere ci\u00f2 che di concreto abbiamo contribuito a realizzare\u201d.<\/p>\n","protected":false},"excerpt":{"rendered":"<p>Qual \u00e8 il modo giusto di fare banca? Di certo i numeri e i bilanci non bastano. La dimensione che appartiene alla sfera dei valori e della relazione \u00e8 fondamentale,&#8230;<\/p>\n","protected":false},"author":11,"featured_media":2466,"comment_status":"open","ping_status":"open","sticky":true,"template":"","format":"standard","meta":{"_acf_changed":false,"footnotes":""},"categories":[13],"tags":[],"class_list":{"0":"post-2461","1":"post","2":"type-post","3":"status-publish","4":"format-standard","5":"has-post-thumbnail","7":"category-crowdfunding"},"acf":{"homepage_rdd":false},"yoast_head":"<!-- This site is optimized with the Yoast SEO plugin v27.5 - https:\/\/yoast.com\/product\/yoast-seo-wordpress\/ -->\n<title>BCC Buccino Comuni Cilentani, una banca solidale - Rete del Dono<\/title>\n<meta name=\"description\" content=\"Qual \u00e8 il modo giusto di fare banca? BCC Buccino Comuni Cilentani sta sperimentando una nuova forma di sostegno al proprio territorio.\" \/>\n<meta name=\"robots\" content=\"index, follow, max-snippet:-1, max-image-preview:large, max-video-preview:-1\" \/>\n<link rel=\"canonical\" href=\"https:\/\/www.retedeldono.it\/magazine\/bcc-buccino-comuni-cilentani-una-banca-solidale\/\" \/>\n<meta property=\"og:locale\" content=\"it_IT\" \/>\n<meta property=\"og:type\" content=\"article\" \/>\n<meta property=\"og:title\" content=\"BCC Buccino Comuni Cilentani, una banca solidale\" \/>\n<meta property=\"og:description\" content=\"Qual \u00e8 il modo giusto di fare banca? BCC Buccino Comuni Cilentani sta sperimentando una nuova forma di sostegno al proprio territorio.\" \/>\n<meta property=\"og:url\" content=\"https:\/\/www.retedeldono.it\/magazine\/bcc-buccino-comuni-cilentani-una-banca-solidale\/\" \/>\n<meta property=\"og:site_name\" content=\"Rete del Dono Magazine\" \/>\n<meta property=\"article:publisher\" content=\"https:\/\/www.facebook.com\/retedeldono\/\" \/>\n<meta property=\"article:published_time\" content=\"2023-07-20T08:00:00+00:00\" \/>\n<meta property=\"article:modified_time\" content=\"2023-08-16T10:34:39+00:00\" \/>\n<meta property=\"og:image\" content=\"https:\/\/magazine.retedeldono.it\/wp-content\/uploads\/2023\/07\/bcc-orizzonte-visual-1200x600-06-def.jpg\" \/>\n\t<meta property=\"og:image:width\" content=\"1043\" \/>\n\t<meta property=\"og:image:height\" content=\"680\" \/>\n\t<meta property=\"og:image:type\" content=\"image\/jpeg\" \/>\n<meta name=\"author\" content=\"Elisa Rosso\" \/>\n<meta name=\"twitter:card\" content=\"summary_large_image\" \/>\n<meta name=\"twitter:title\" content=\"BCC Buccino Comuni Cilentani, una banca solidale\" \/>\n<meta name=\"twitter:description\" content=\"Qual \u00e8 il modo giusto di fare banca? BCC Buccino Comuni Cilentani sta sperimentando una nuova forma di sostegno al proprio territorio.\" \/>\n<meta name=\"twitter:image\" content=\"https:\/\/magazine.retedeldono.it\/wp-content\/uploads\/2023\/07\/bcc-orizzonte-visual-1200x600-06-def.jpg\" \/>\n<meta name=\"twitter:label1\" content=\"Scritto da\" \/>\n\t<meta name=\"twitter:data1\" content=\"Elisa Rosso\" \/>\n\t<meta name=\"twitter:label2\" content=\"Tempo di lettura stimato\" \/>\n\t<meta name=\"twitter:data2\" content=\"3 minuti\" \/>\n<script type=\"application\/ld+json\" class=\"yoast-schema-graph\">{\"@context\":\"https:\\\/\\\/schema.org\",\"@graph\":[{\"@type\":\"Article\",\"@id\":\"https:\\\/\\\/www.retedeldono.it\\\/magazine\\\/bcc-buccino-comuni-cilentani-una-banca-solidale\\\/#article\",\"isPartOf\":{\"@id\":\"https:\\\/\\\/www.retedeldono.it\\\/magazine\\\/bcc-buccino-comuni-cilentani-una-banca-solidale\\\/\"},\"author\":{\"name\":\"Elisa Rosso\",\"@id\":\"https:\\\/\\\/www.retedeldono.it\\\/magazine\\\/#\\\/schema\\\/person\\\/dd55a2becb70a4059624bae094c03583\"},\"headline\":\"BCC Buccino Comuni Cilentani, una banca solidale\",\"datePublished\":\"2023-07-20T08:00:00+00:00\",\"dateModified\":\"2023-08-16T10:34:39+00:00\",\"mainEntityOfPage\":{\"@id\":\"https:\\\/\\\/www.retedeldono.it\\\/magazine\\\/bcc-buccino-comuni-cilentani-una-banca-solidale\\\/\"},\"wordCount\":446,\"commentCount\":0,\"image\":{\"@id\":\"https:\\\/\\\/www.retedeldono.it\\\/magazine\\\/bcc-buccino-comuni-cilentani-una-banca-solidale\\\/#primaryimage\"},\"thumbnailUrl\":\"https:\\\/\\\/magazine.retedeldono.it\\\/wp-content\\\/uploads\\\/2023\\\/07\\\/bcc-orizzonte-visual-1200x600-06-def.jpg\",\"articleSection\":[\"Crowdfunding\"],\"inLanguage\":\"it-IT\",\"potentialAction\":[{\"@type\":\"CommentAction\",\"name\":\"Comment\",\"target\":[\"https:\\\/\\\/www.retedeldono.it\\\/magazine\\\/bcc-buccino-comuni-cilentani-una-banca-solidale\\\/#respond\"]}]},{\"@type\":\"WebPage\",\"@id\":\"https:\\\/\\\/www.retedeldono.it\\\/magazine\\\/bcc-buccino-comuni-cilentani-una-banca-solidale\\\/\",\"url\":\"https:\\\/\\\/www.retedeldono.it\\\/magazine\\\/bcc-buccino-comuni-cilentani-una-banca-solidale\\\/\",\"name\":\"BCC Buccino Comuni Cilentani, una banca solidale - Rete del Dono\",\"isPartOf\":{\"@id\":\"https:\\\/\\\/www.retedeldono.it\\\/magazine\\\/#website\"},\"primaryImageOfPage\":{\"@id\":\"https:\\\/\\\/www.retedeldono.it\\\/magazine\\\/bcc-buccino-comuni-cilentani-una-banca-solidale\\\/#primaryimage\"},\"image\":{\"@id\":\"https:\\\/\\\/www.retedeldono.it\\\/magazine\\\/bcc-buccino-comuni-cilentani-una-banca-solidale\\\/#primaryimage\"},\"thumbnailUrl\":\"https:\\\/\\\/magazine.retedeldono.it\\\/wp-content\\\/uploads\\\/2023\\\/07\\\/bcc-orizzonte-visual-1200x600-06-def.jpg\",\"datePublished\":\"2023-07-20T08:00:00+00:00\",\"dateModified\":\"2023-08-16T10:34:39+00:00\",\"author\":{\"@id\":\"https:\\\/\\\/www.retedeldono.it\\\/magazine\\\/#\\\/schema\\\/person\\\/dd55a2becb70a4059624bae094c03583\"},\"description\":\"Qual \u00e8 il modo giusto di fare banca? BCC Buccino Comuni Cilentani sta sperimentando una nuova forma di sostegno al proprio territorio.\",\"breadcrumb\":{\"@id\":\"https:\\\/\\\/www.retedeldono.it\\\/magazine\\\/bcc-buccino-comuni-cilentani-una-banca-solidale\\\/#breadcrumb\"},\"inLanguage\":\"it-IT\",\"potentialAction\":[{\"@type\":\"ReadAction\",\"target\":[\"https:\\\/\\\/www.retedeldono.it\\\/magazine\\\/bcc-buccino-comuni-cilentani-una-banca-solidale\\\/\"]}]},{\"@type\":\"ImageObject\",\"inLanguage\":\"it-IT\",\"@id\":\"https:\\\/\\\/www.retedeldono.it\\\/magazine\\\/bcc-buccino-comuni-cilentani-una-banca-solidale\\\/#primaryimage\",\"url\":\"https:\\\/\\\/magazine.retedeldono.it\\\/wp-content\\\/uploads\\\/2023\\\/07\\\/bcc-orizzonte-visual-1200x600-06-def.jpg\",\"contentUrl\":\"https:\\\/\\\/magazine.retedeldono.it\\\/wp-content\\\/uploads\\\/2023\\\/07\\\/bcc-orizzonte-visual-1200x600-06-def.jpg\",\"width\":1043,\"height\":680,\"caption\":\"BCC Buccino Comuni Cilentani\"},{\"@type\":\"BreadcrumbList\",\"@id\":\"https:\\\/\\\/www.retedeldono.it\\\/magazine\\\/bcc-buccino-comuni-cilentani-una-banca-solidale\\\/#breadcrumb\",\"itemListElement\":[{\"@type\":\"ListItem\",\"position\":1,\"name\":\"Home\",\"item\":\"https:\\\/\\\/www.retedeldono.it\\\/magazine\\\/\"},{\"@type\":\"ListItem\",\"position\":2,\"name\":\"BCC Buccino Comuni Cilentani, una banca solidale\"}]},{\"@type\":\"WebSite\",\"@id\":\"https:\\\/\\\/www.retedeldono.it\\\/magazine\\\/#website\",\"url\":\"https:\\\/\\\/www.retedeldono.it\\\/magazine\\\/\",\"name\":\"Rete del Dono Magazine\",\"description\":\"Rete del Dono Magazine\",\"potentialAction\":[{\"@type\":\"SearchAction\",\"target\":{\"@type\":\"EntryPoint\",\"urlTemplate\":\"https:\\\/\\\/www.retedeldono.it\\\/magazine\\\/?s={search_term_string}\"},\"query-input\":{\"@type\":\"PropertyValueSpecification\",\"valueRequired\":true,\"valueName\":\"search_term_string\"}}],\"inLanguage\":\"it-IT\"},{\"@type\":\"Person\",\"@id\":\"https:\\\/\\\/www.retedeldono.it\\\/magazine\\\/#\\\/schema\\\/person\\\/dd55a2becb70a4059624bae094c03583\",\"name\":\"Elisa Rosso\",\"image\":{\"@type\":\"ImageObject\",\"inLanguage\":\"it-IT\",\"@id\":\"https:\\\/\\\/secure.gravatar.com\\\/avatar\\\/3aec3818a0581b1c60c2bac3ae3e55d7a00f7084134cbdd18bc732f3d8a8b93f?s=96&d=mm&r=g\",\"url\":\"https:\\\/\\\/secure.gravatar.com\\\/avatar\\\/3aec3818a0581b1c60c2bac3ae3e55d7a00f7084134cbdd18bc732f3d8a8b93f?s=96&d=mm&r=g\",\"contentUrl\":\"https:\\\/\\\/secure.gravatar.com\\\/avatar\\\/3aec3818a0581b1c60c2bac3ae3e55d7a00f7084134cbdd18bc732f3d8a8b93f?s=96&d=mm&r=g\",\"caption\":\"Elisa Rosso\"},\"description\":\"Laureata in Scienze Internazionali e Diplomatiche presso Universit\u00e0 di Torino, lavora da sempre nel non profit e nel sociale con un significativa esperienza nel settore raccolta fondi di grandi e piccole ONP (Amnesty International e NutriAid). Nell\u2019autunno 2016 approda in Rete del Dono, dove si occupa di dare assistenza e consulenza alle ONP e alle Fondazioni per la promozione dei loro progetti e l'ottimizzazione delle campagne di raccolta fondi.\",\"url\":\"https:\\\/\\\/www.retedeldono.it\\\/magazine\\\/author\\\/elisa-rosso\\\/\"}]}<\/script>\n<!-- \/ Yoast SEO plugin. -->","yoast_head_json":{"title":"BCC Buccino Comuni Cilentani, una banca solidale - Rete del Dono","description":"Qual \u00e8 il modo giusto di fare banca? BCC Buccino Comuni Cilentani sta sperimentando una nuova forma di sostegno al proprio territorio.","robots":{"index":"index","follow":"follow","max-snippet":"max-snippet:-1","max-image-preview":"max-image-preview:large","max-video-preview":"max-video-preview:-1"},"canonical":"https:\/\/www.retedeldono.it\/magazine\/bcc-buccino-comuni-cilentani-una-banca-solidale\/","og_locale":"it_IT","og_type":"article","og_title":"BCC Buccino Comuni Cilentani, una banca solidale","og_description":"Qual \u00e8 il modo giusto di fare banca? BCC Buccino Comuni Cilentani sta sperimentando una nuova forma di sostegno al proprio territorio.","og_url":"https:\/\/www.retedeldono.it\/magazine\/bcc-buccino-comuni-cilentani-una-banca-solidale\/","og_site_name":"Rete del Dono Magazine","article_publisher":"https:\/\/www.facebook.com\/retedeldono\/","article_published_time":"2023-07-20T08:00:00+00:00","article_modified_time":"2023-08-16T10:34:39+00:00","og_image":[{"width":1043,"height":680,"url":"https:\/\/magazine.retedeldono.it\/wp-content\/uploads\/2023\/07\/bcc-orizzonte-visual-1200x600-06-def.jpg","type":"image\/jpeg"}],"author":"Elisa Rosso","twitter_card":"summary_large_image","twitter_title":"BCC Buccino Comuni Cilentani, una banca solidale","twitter_description":"Qual \u00e8 il modo giusto di fare banca? BCC Buccino Comuni Cilentani sta sperimentando una nuova forma di sostegno al proprio territorio.","twitter_image":"https:\/\/magazine.retedeldono.it\/wp-content\/uploads\/2023\/07\/bcc-orizzonte-visual-1200x600-06-def.jpg","twitter_misc":{"Scritto da":"Elisa Rosso","Tempo di lettura stimato":"3 minuti"},"schema":{"@context":"https:\/\/schema.org","@graph":[{"@type":"Article","@id":"https:\/\/www.retedeldono.it\/magazine\/bcc-buccino-comuni-cilentani-una-banca-solidale\/#article","isPartOf":{"@id":"https:\/\/www.retedeldono.it\/magazine\/bcc-buccino-comuni-cilentani-una-banca-solidale\/"},"author":{"name":"Elisa Rosso","@id":"https:\/\/www.retedeldono.it\/magazine\/#\/schema\/person\/dd55a2becb70a4059624bae094c03583"},"headline":"BCC Buccino Comuni Cilentani, una banca solidale","datePublished":"2023-07-20T08:00:00+00:00","dateModified":"2023-08-16T10:34:39+00:00","mainEntityOfPage":{"@id":"https:\/\/www.retedeldono.it\/magazine\/bcc-buccino-comuni-cilentani-una-banca-solidale\/"},"wordCount":446,"commentCount":0,"image":{"@id":"https:\/\/www.retedeldono.it\/magazine\/bcc-buccino-comuni-cilentani-una-banca-solidale\/#primaryimage"},"thumbnailUrl":"https:\/\/magazine.retedeldono.it\/wp-content\/uploads\/2023\/07\/bcc-orizzonte-visual-1200x600-06-def.jpg","articleSection":["Crowdfunding"],"inLanguage":"it-IT","potentialAction":[{"@type":"CommentAction","name":"Comment","target":["https:\/\/www.retedeldono.it\/magazine\/bcc-buccino-comuni-cilentani-una-banca-solidale\/#respond"]}]},{"@type":"WebPage","@id":"https:\/\/www.retedeldono.it\/magazine\/bcc-buccino-comuni-cilentani-una-banca-solidale\/","url":"https:\/\/www.retedeldono.it\/magazine\/bcc-buccino-comuni-cilentani-una-banca-solidale\/","name":"BCC Buccino Comuni Cilentani, una banca solidale - Rete del Dono","isPartOf":{"@id":"https:\/\/www.retedeldono.it\/magazine\/#website"},"primaryImageOfPage":{"@id":"https:\/\/www.retedeldono.it\/magazine\/bcc-buccino-comuni-cilentani-una-banca-solidale\/#primaryimage"},"image":{"@id":"https:\/\/www.retedeldono.it\/magazine\/bcc-buccino-comuni-cilentani-una-banca-solidale\/#primaryimage"},"thumbnailUrl":"https:\/\/magazine.retedeldono.it\/wp-content\/uploads\/2023\/07\/bcc-orizzonte-visual-1200x600-06-def.jpg","datePublished":"2023-07-20T08:00:00+00:00","dateModified":"2023-08-16T10:34:39+00:00","author":{"@id":"https:\/\/www.retedeldono.it\/magazine\/#\/schema\/person\/dd55a2becb70a4059624bae094c03583"},"description":"Qual \u00e8 il modo giusto di fare banca? BCC Buccino Comuni Cilentani sta sperimentando una nuova forma di sostegno al proprio territorio.","breadcrumb":{"@id":"https:\/\/www.retedeldono.it\/magazine\/bcc-buccino-comuni-cilentani-una-banca-solidale\/#breadcrumb"},"inLanguage":"it-IT","potentialAction":[{"@type":"ReadAction","target":["https:\/\/www.retedeldono.it\/magazine\/bcc-buccino-comuni-cilentani-una-banca-solidale\/"]}]},{"@type":"ImageObject","inLanguage":"it-IT","@id":"https:\/\/www.retedeldono.it\/magazine\/bcc-buccino-comuni-cilentani-una-banca-solidale\/#primaryimage","url":"https:\/\/magazine.retedeldono.it\/wp-content\/uploads\/2023\/07\/bcc-orizzonte-visual-1200x600-06-def.jpg","contentUrl":"https:\/\/magazine.retedeldono.it\/wp-content\/uploads\/2023\/07\/bcc-orizzonte-visual-1200x600-06-def.jpg","width":1043,"height":680,"caption":"BCC Buccino Comuni Cilentani"},{"@type":"BreadcrumbList","@id":"https:\/\/www.retedeldono.it\/magazine\/bcc-buccino-comuni-cilentani-una-banca-solidale\/#breadcrumb","itemListElement":[{"@type":"ListItem","position":1,"name":"Home","item":"https:\/\/www.retedeldono.it\/magazine\/"},{"@type":"ListItem","position":2,"name":"BCC Buccino Comuni Cilentani, una banca solidale"}]},{"@type":"WebSite","@id":"https:\/\/www.retedeldono.it\/magazine\/#website","url":"https:\/\/www.retedeldono.it\/magazine\/","name":"Rete del Dono Magazine","description":"Rete del Dono Magazine","potentialAction":[{"@type":"SearchAction","target":{"@type":"EntryPoint","urlTemplate":"https:\/\/www.retedeldono.it\/magazine\/?s={search_term_string}"},"query-input":{"@type":"PropertyValueSpecification","valueRequired":true,"valueName":"search_term_string"}}],"inLanguage":"it-IT"},{"@type":"Person","@id":"https:\/\/www.retedeldono.it\/magazine\/#\/schema\/person\/dd55a2becb70a4059624bae094c03583","name":"Elisa Rosso","image":{"@type":"ImageObject","inLanguage":"it-IT","@id":"https:\/\/secure.gravatar.com\/avatar\/3aec3818a0581b1c60c2bac3ae3e55d7a00f7084134cbdd18bc732f3d8a8b93f?s=96&d=mm&r=g","url":"https:\/\/secure.gravatar.com\/avatar\/3aec3818a0581b1c60c2bac3ae3e55d7a00f7084134cbdd18bc732f3d8a8b93f?s=96&d=mm&r=g","contentUrl":"https:\/\/secure.gravatar.com\/avatar\/3aec3818a0581b1c60c2bac3ae3e55d7a00f7084134cbdd18bc732f3d8a8b93f?s=96&d=mm&r=g","caption":"Elisa Rosso"},"description":"Laureata in Scienze Internazionali e Diplomatiche presso Universit\u00e0 di Torino, lavora da sempre nel non profit e nel sociale con un significativa esperienza nel settore raccolta fondi di grandi e piccole ONP (Amnesty International e NutriAid). Nell\u2019autunno 2016 approda in Rete del Dono, dove si occupa di dare assistenza e consulenza alle ONP e alle Fondazioni per la promozione dei loro progetti e l'ottimizzazione delle campagne di raccolta fondi.","url":"https:\/\/www.retedeldono.it\/magazine\/author\/elisa-rosso\/"}]}},"_links":{"self":[{"href":"https:\/\/www.retedeldono.it\/magazine\/wp-json\/wp\/v2\/posts\/2461","targetHints":{"allow":["GET"]}}],"collection":[{"href":"https:\/\/www.retedeldono.it\/magazine\/wp-json\/wp\/v2\/posts"}],"about":[{"href":"https:\/\/www.retedeldono.it\/magazine\/wp-json\/wp\/v2\/types\/post"}],"author":[{"embeddable":true,"href":"https:\/\/www.retedeldono.it\/magazine\/wp-json\/wp\/v2\/users\/11"}],"replies":[{"embeddable":true,"href":"https:\/\/www.retedeldono.it\/magazine\/wp-json\/wp\/v2\/comments?post=2461"}],"version-history":[{"count":0,"href":"https:\/\/www.retedeldono.it\/magazine\/wp-json\/wp\/v2\/posts\/2461\/revisions"}],"wp:featuredmedia":[{"embeddable":true,"href":"https:\/\/www.retedeldono.it\/magazine\/wp-json\/wp\/v2\/media\/2466"}],"wp:attachment":[{"href":"https:\/\/www.retedeldono.it\/magazine\/wp-json\/wp\/v2\/media?parent=2461"}],"wp:term":[{"taxonomy":"category","embeddable":true,"href":"https:\/\/www.retedeldono.it\/magazine\/wp-json\/wp\/v2\/categories?post=2461"},{"taxonomy":"post_tag","embeddable":true,"href":"https:\/\/www.retedeldono.it\/magazine\/wp-json\/wp\/v2\/tags?post=2461"}],"curies":[{"name":"wp","href":"https:\/\/api.w.org\/{rel}","templated":true}]}}