{"id":2489,"date":"2023-07-27T08:00:00","date_gmt":"2023-07-27T08:00:00","guid":{"rendered":"https:\/\/www.retedeldono.it\/magazine\/?p=2489"},"modified":"2023-07-24T11:08:14","modified_gmt":"2023-07-24T11:08:14","slug":"cooperative-sociali-raccogliere-fondi-per-linclusione-lavorativa","status":"publish","type":"post","link":"https:\/\/www.retedeldono.it\/magazine\/cooperative-sociali-raccogliere-fondi-per-linclusione-lavorativa\/","title":{"rendered":"Cooperative Sociali: raccogliere fondi per l&#8217;inclusione lavorativa"},"content":{"rendered":"\n<p>Nel Terzo Settore, le <a href=\"https:\/\/www.retedeldono.it\/magazine\/cooperativa-sociale\/\" target=\"_blank\" rel=\"noreferrer noopener\"><strong>Cooperative Sociali<\/strong><\/a> ricoprono il ruolo fondamentale di agire sui bisogni di persone e territori in modo proattivo e spesso innovativo: la risposta alle fragilit\u00e0 non \u00e8 diretta e assistenziale, ma parte dalle risorse di ciascuno per generare lavoro e inclusione sociale. Ecco due campagne che fanno leva proprio su questo approccio.<\/p>\n\n\n\n<h2 class=\"wp-block-heading\">Dolci come il miele<\/h2>\n\n\n\n<p>Una nuova linea di produzione per favorire ancora di pi\u00f9 l\u2019occupazione di giovani ragazzi e ragazze con disabilit\u00e0. Questo l\u2019obiettivo di <a href=\"https:\/\/www.retedeldono.it\/it\/beefrolla\" target=\"_blank\" rel=\"noreferrer noopener\"><strong>Beefrolla<\/strong><\/a>, iniziativa della cooperativa sociale <a href=\"https:\/\/frollalab.it\/\" target=\"_blank\" rel=\"noreferrer noopener\"><strong>Frolla Microbiscottificio<\/strong><\/a> di Osimo (AN) che, in collaborazione con l\u2019<a href=\"https:\/\/www.giorgiopoeta.com\/\" target=\"_blank\" rel=\"noreferrer noopener\"><strong>azienda agricola Giorgio Poeta<\/strong><\/a>, vuole iniziare un progetto di apicoltura. \u201cInstalleremo delle arnie all&#8217;interno dell\u2019apiario dell&#8217;azienda agricola, cos\u00ec i nostri ragazzi potranno sperimentare le fasi produttive del miele sotto la guida di un esperto\u201d spiega il <strong>Presidente Jacopo Corona<\/strong>. \u201cIl miele che produrremo diverr\u00e0 un nuovo ingrediente per il nostro biscottificio, ma \u00e8 anche possibile preordinarlo in vasetto per sostenere il progetto\u201d.<\/p>\n\n\n\n<h2 class=\"wp-block-heading\">Nati con il crowdfunding<\/h2>\n\n\n\n<p>Frolla non \u00e8 nuova ad iniziative del genere. \u201cSiamo nati nel 2018 proprio grazie ad una campagna di crowdfunding. Abbiamo fatto affidamento sui nostri donatori anche per l\u2019acquisto di un furgoncino per vendere i nostri prodotti nelle piazze e per aprire il reparto cioccolateria. Oggi gestiamo anche un bar e un e-commerce e abbiamo 21 giovani con disabilit\u00e0 inseriti professionalmente\u201d. \u00c8 la prima volta che usano Rete del Dono: \u201cCi hanno supportati passo passo e l\u2019apertura della pagina \u00e8 stata rapidissima, cosa che in questo periodo estivo \u00e8 fondamentale per non perdere l\u2019attenzione delle persone\u201d.<\/p>\n\n\n\n<h2 class=\"wp-block-heading\">Un\u2019impresa collettiva<\/h2>\n\n\n\n<p>I lavoratori e le loro famiglie, i clienti affezionati e i sostenitori: attorno a Frolla ruotano tante persone, che sono pronte ogni volta ad attivarsi nella raccolta. \u201cParliamo sempre al plurale perch\u00e9 ci sentiamo davvero un\u2019impresa collettiva, dove fare rete \u00e8 fondamentale. In fase di prelancio abbiamo chiesto pareri, via email e WhatsApp, sul progetto e ora ci muoveremo sui social e attraverso le testate giornalistiche regionali. L\u2019obiettivo \u00e8 anche quello di ampliare il nostro database e farci conoscere da sempre pi\u00f9 persone\u201d.<\/p>\n\n\n<div class=\"wp-block-image\">\n<figure class=\"aligncenter size-large\"><img loading=\"lazy\" decoding=\"async\" width=\"1024\" height=\"538\" src=\"https:\/\/www.retedeldono.it\/magazine\/wp-content\/uploads\/2023\/07\/3_110-1024x538.jpg\" alt=\"\" class=\"wp-image-2490\" srcset=\"https:\/\/magazine.retedeldono.it\/wp-content\/uploads\/2023\/07\/3_110-1024x538.jpg 1024w, https:\/\/magazine.retedeldono.it\/wp-content\/uploads\/2023\/07\/3_110-300x158.jpg 300w, https:\/\/magazine.retedeldono.it\/wp-content\/uploads\/2023\/07\/3_110-768x403.jpg 768w, https:\/\/magazine.retedeldono.it\/wp-content\/uploads\/2023\/07\/3_110.jpg 1200w\" sizes=\"auto, (max-width: 1024px) 100vw, 1024px\" \/><\/figure>\n<\/div>\n\n\n<h2 class=\"wp-block-heading\">Un orto giardino per tutti<\/h2>\n\n\n\n<p>Creare un luogo inclusivo, accessibile e sostenibile \u00e8 invece il sogno della <a href=\"http:\/\/www.tumso.it\/\" target=\"_blank\" rel=\"noreferrer noopener\"><strong>Cooperativa Tum S\u00f2<\/strong><\/a>.\u201cIn Bolognese Tum s\u00f2 significa \u2018prendimi su\u2019 ed \u00e8 ci\u00f2 che vogliamo fare, con il nostro <a href=\"https:\/\/www.retedeldono.it\/it\/tum-so-societa-cooperativa-sociale\/orto-giardino-degli-angeli\" target=\"_blank\" rel=\"noreferrer noopener\"><strong>OrtoGiardino degli Angeli<\/strong><\/a>, nei confronti di tante persone in cerca della propria strada, pi\u00f9 o meno svantaggiate\u201d racconta la <strong>Responsabile Claudia Conti<\/strong>. \u201cSar\u00e0 uno spazio di orientamento lavorativo in cui sperimentare l\u2019agricoltura sociale e preservare la biodiversit\u00e0, ma si aprir\u00e0 anche ad enti non profit e scuole del territorio per attivit\u00e0 socio educative\u201d.<\/p>\n\n\n\n<h2 class=\"wp-block-heading\">Coltivare il futuro<\/h2>\n\n\n\n<p>L\u2019area agricola di concezione innovativa sorger\u00e0 all\u2019interno del Camping Le Querce, gestito dal 2017 dalla cooperativa. \u201cVogliamo favorire anche un turismo consapevole e sostenibile. I nostri ospiti scopriranno un sistema senza sprechi che al centro avr\u00e0 il recupero delle acque piovane e grigie grazie a un biolaghetto e una ristorazione a km 0 favorita proprio dalla coltivazione in loco di piante aromatiche, officinali e orticole\u201d.<\/p>\n\n\n\n<h2 class=\"wp-block-heading\">La primissima raccolta fondi<\/h2>\n\n\n\n<p>Proprio l\u2019ampia e consolidata platea di frequentatori del campeggio sono i primi destinatari di questa campagna. \u201cLi stiamo sollecitando tramite Newsletter e WhatsApp, e raccontiamo il progetto a ogni nuovo ospite. Abbiamo conosciuto Rete del Dono grazie alla nostra consulente in fundraising ed \u00e8 la prima volta che ci lanciamo in una raccolta fondi. Ogni volta che arriva una notifica di donazione \u00e8 un\u2019emozione, ma \u00e8 una sorpresa soprattutto aver superato l\u2019imbarazzo del chiedere. Lo abbiamo fatto proprio leggendo un messaggio di un donatore, che ha scritto \u2018La ricchezza pi\u00f9 grande non \u00e8 il ricevere ma il donare\u2019\u201d.<\/p>\n","protected":false},"excerpt":{"rendered":"<p>Nel Terzo Settore, le Cooperative Sociali ricoprono il ruolo fondamentale di agire sui bisogni di persone e territori in modo proattivo e spesso innovativo: la risposta alle fragilit\u00e0 non \u00e8&#8230;<\/p>\n","protected":false},"author":11,"featured_media":2491,"comment_status":"open","ping_status":"open","sticky":false,"template":"","format":"standard","meta":{"_acf_changed":false,"footnotes":""},"categories":[13],"tags":[],"class_list":{"0":"post-2489","1":"post","2":"type-post","3":"status-publish","4":"format-standard","5":"has-post-thumbnail","7":"category-crowdfunding"},"acf":{"homepage_rdd":false},"yoast_head":"<!-- This site is optimized with the Yoast SEO plugin v27.5 - https:\/\/yoast.com\/product\/yoast-seo-wordpress\/ -->\n<title>Cooperative Sociali: raccolte e inclusione lavorativa - Rete del Dono<\/title>\n<meta name=\"description\" content=\"Le Cooperative Sociali agiscono sui bisogni di persone e territori creando inclusione lavorativa. Due esempi di raccolte fondi.\" \/>\n<meta name=\"robots\" content=\"index, follow, max-snippet:-1, max-image-preview:large, max-video-preview:-1\" \/>\n<link rel=\"canonical\" href=\"https:\/\/www.retedeldono.it\/magazine\/cooperative-sociali-raccogliere-fondi-per-linclusione-lavorativa\/\" \/>\n<meta property=\"og:locale\" content=\"it_IT\" \/>\n<meta property=\"og:type\" content=\"article\" \/>\n<meta property=\"og:title\" content=\"Cooperative Sociali: raccogliere fondi per l&#039;inclusione lavorativa\" \/>\n<meta property=\"og:description\" content=\"Le Cooperative Sociali agiscono sui bisogni di persone e territori creando inclusione lavorativa. Due esempi di raccolte fondi.\" \/>\n<meta property=\"og:url\" content=\"https:\/\/www.retedeldono.it\/magazine\/cooperative-sociali-raccogliere-fondi-per-linclusione-lavorativa\/\" \/>\n<meta property=\"og:site_name\" content=\"Rete del Dono Magazine\" \/>\n<meta property=\"article:publisher\" content=\"https:\/\/www.facebook.com\/retedeldono\/\" \/>\n<meta property=\"article:published_time\" content=\"2023-07-27T08:00:00+00:00\" \/>\n<meta property=\"og:image\" content=\"https:\/\/magazine.retedeldono.it\/wp-content\/uploads\/2023\/07\/WhatsApp-Image-2023-07-06-at-10.24.44.jpeg\" \/>\n\t<meta property=\"og:image:width\" content=\"1051\" \/>\n\t<meta property=\"og:image:height\" content=\"700\" \/>\n\t<meta property=\"og:image:type\" content=\"image\/jpeg\" \/>\n<meta name=\"author\" content=\"Elisa Rosso\" \/>\n<meta name=\"twitter:card\" content=\"summary_large_image\" \/>\n<meta name=\"twitter:title\" content=\"Cooperative Sociali: raccogliere fondi per l&#039;inclusione lavorativa\" \/>\n<meta name=\"twitter:description\" content=\"Le Cooperative Sociali agiscono sui bisogni di persone e territori creando inclusione lavorativa. Due esempi di raccolte fondi.\" \/>\n<meta name=\"twitter:image\" content=\"https:\/\/magazine.retedeldono.it\/wp-content\/uploads\/2023\/07\/WhatsApp-Image-2023-07-06-at-10.24.44.jpeg\" \/>\n<meta name=\"twitter:label1\" content=\"Scritto da\" \/>\n\t<meta name=\"twitter:data1\" content=\"Elisa Rosso\" \/>\n\t<meta name=\"twitter:label2\" content=\"Tempo di lettura stimato\" \/>\n\t<meta name=\"twitter:data2\" content=\"4 minuti\" \/>\n<script type=\"application\/ld+json\" class=\"yoast-schema-graph\">{\"@context\":\"https:\\\/\\\/schema.org\",\"@graph\":[{\"@type\":\"Article\",\"@id\":\"https:\\\/\\\/www.retedeldono.it\\\/magazine\\\/cooperative-sociali-raccogliere-fondi-per-linclusione-lavorativa\\\/#article\",\"isPartOf\":{\"@id\":\"https:\\\/\\\/www.retedeldono.it\\\/magazine\\\/cooperative-sociali-raccogliere-fondi-per-linclusione-lavorativa\\\/\"},\"author\":{\"name\":\"Elisa Rosso\",\"@id\":\"https:\\\/\\\/www.retedeldono.it\\\/magazine\\\/#\\\/schema\\\/person\\\/dd55a2becb70a4059624bae094c03583\"},\"headline\":\"Cooperative Sociali: raccogliere fondi per l&#8217;inclusione lavorativa\",\"datePublished\":\"2023-07-27T08:00:00+00:00\",\"mainEntityOfPage\":{\"@id\":\"https:\\\/\\\/www.retedeldono.it\\\/magazine\\\/cooperative-sociali-raccogliere-fondi-per-linclusione-lavorativa\\\/\"},\"wordCount\":607,\"commentCount\":0,\"image\":{\"@id\":\"https:\\\/\\\/www.retedeldono.it\\\/magazine\\\/cooperative-sociali-raccogliere-fondi-per-linclusione-lavorativa\\\/#primaryimage\"},\"thumbnailUrl\":\"https:\\\/\\\/magazine.retedeldono.it\\\/wp-content\\\/uploads\\\/2023\\\/07\\\/WhatsApp-Image-2023-07-06-at-10.24.44.jpeg\",\"articleSection\":[\"Crowdfunding\"],\"inLanguage\":\"it-IT\",\"potentialAction\":[{\"@type\":\"CommentAction\",\"name\":\"Comment\",\"target\":[\"https:\\\/\\\/www.retedeldono.it\\\/magazine\\\/cooperative-sociali-raccogliere-fondi-per-linclusione-lavorativa\\\/#respond\"]}]},{\"@type\":\"WebPage\",\"@id\":\"https:\\\/\\\/www.retedeldono.it\\\/magazine\\\/cooperative-sociali-raccogliere-fondi-per-linclusione-lavorativa\\\/\",\"url\":\"https:\\\/\\\/www.retedeldono.it\\\/magazine\\\/cooperative-sociali-raccogliere-fondi-per-linclusione-lavorativa\\\/\",\"name\":\"Cooperative Sociali: raccolte e inclusione lavorativa - Rete del Dono\",\"isPartOf\":{\"@id\":\"https:\\\/\\\/www.retedeldono.it\\\/magazine\\\/#website\"},\"primaryImageOfPage\":{\"@id\":\"https:\\\/\\\/www.retedeldono.it\\\/magazine\\\/cooperative-sociali-raccogliere-fondi-per-linclusione-lavorativa\\\/#primaryimage\"},\"image\":{\"@id\":\"https:\\\/\\\/www.retedeldono.it\\\/magazine\\\/cooperative-sociali-raccogliere-fondi-per-linclusione-lavorativa\\\/#primaryimage\"},\"thumbnailUrl\":\"https:\\\/\\\/magazine.retedeldono.it\\\/wp-content\\\/uploads\\\/2023\\\/07\\\/WhatsApp-Image-2023-07-06-at-10.24.44.jpeg\",\"datePublished\":\"2023-07-27T08:00:00+00:00\",\"author\":{\"@id\":\"https:\\\/\\\/www.retedeldono.it\\\/magazine\\\/#\\\/schema\\\/person\\\/dd55a2becb70a4059624bae094c03583\"},\"description\":\"Le Cooperative Sociali agiscono sui bisogni di persone e territori creando inclusione lavorativa. Due esempi di raccolte fondi.\",\"breadcrumb\":{\"@id\":\"https:\\\/\\\/www.retedeldono.it\\\/magazine\\\/cooperative-sociali-raccogliere-fondi-per-linclusione-lavorativa\\\/#breadcrumb\"},\"inLanguage\":\"it-IT\",\"potentialAction\":[{\"@type\":\"ReadAction\",\"target\":[\"https:\\\/\\\/www.retedeldono.it\\\/magazine\\\/cooperative-sociali-raccogliere-fondi-per-linclusione-lavorativa\\\/\"]}]},{\"@type\":\"ImageObject\",\"inLanguage\":\"it-IT\",\"@id\":\"https:\\\/\\\/www.retedeldono.it\\\/magazine\\\/cooperative-sociali-raccogliere-fondi-per-linclusione-lavorativa\\\/#primaryimage\",\"url\":\"https:\\\/\\\/magazine.retedeldono.it\\\/wp-content\\\/uploads\\\/2023\\\/07\\\/WhatsApp-Image-2023-07-06-at-10.24.44.jpeg\",\"contentUrl\":\"https:\\\/\\\/magazine.retedeldono.it\\\/wp-content\\\/uploads\\\/2023\\\/07\\\/WhatsApp-Image-2023-07-06-at-10.24.44.jpeg\",\"width\":1051,\"height\":700,\"caption\":\"cooperative-sociali-inclusione-lavorativa\"},{\"@type\":\"BreadcrumbList\",\"@id\":\"https:\\\/\\\/www.retedeldono.it\\\/magazine\\\/cooperative-sociali-raccogliere-fondi-per-linclusione-lavorativa\\\/#breadcrumb\",\"itemListElement\":[{\"@type\":\"ListItem\",\"position\":1,\"name\":\"Home\",\"item\":\"https:\\\/\\\/www.retedeldono.it\\\/magazine\\\/\"},{\"@type\":\"ListItem\",\"position\":2,\"name\":\"Cooperative Sociali: raccogliere fondi per l&#8217;inclusione lavorativa\"}]},{\"@type\":\"WebSite\",\"@id\":\"https:\\\/\\\/www.retedeldono.it\\\/magazine\\\/#website\",\"url\":\"https:\\\/\\\/www.retedeldono.it\\\/magazine\\\/\",\"name\":\"Rete del Dono Magazine\",\"description\":\"Rete del Dono Magazine\",\"potentialAction\":[{\"@type\":\"SearchAction\",\"target\":{\"@type\":\"EntryPoint\",\"urlTemplate\":\"https:\\\/\\\/www.retedeldono.it\\\/magazine\\\/?s={search_term_string}\"},\"query-input\":{\"@type\":\"PropertyValueSpecification\",\"valueRequired\":true,\"valueName\":\"search_term_string\"}}],\"inLanguage\":\"it-IT\"},{\"@type\":\"Person\",\"@id\":\"https:\\\/\\\/www.retedeldono.it\\\/magazine\\\/#\\\/schema\\\/person\\\/dd55a2becb70a4059624bae094c03583\",\"name\":\"Elisa Rosso\",\"image\":{\"@type\":\"ImageObject\",\"inLanguage\":\"it-IT\",\"@id\":\"https:\\\/\\\/secure.gravatar.com\\\/avatar\\\/3aec3818a0581b1c60c2bac3ae3e55d7a00f7084134cbdd18bc732f3d8a8b93f?s=96&d=mm&r=g\",\"url\":\"https:\\\/\\\/secure.gravatar.com\\\/avatar\\\/3aec3818a0581b1c60c2bac3ae3e55d7a00f7084134cbdd18bc732f3d8a8b93f?s=96&d=mm&r=g\",\"contentUrl\":\"https:\\\/\\\/secure.gravatar.com\\\/avatar\\\/3aec3818a0581b1c60c2bac3ae3e55d7a00f7084134cbdd18bc732f3d8a8b93f?s=96&d=mm&r=g\",\"caption\":\"Elisa Rosso\"},\"description\":\"Laureata in Scienze Internazionali e Diplomatiche presso Universit\u00e0 di Torino, lavora da sempre nel non profit e nel sociale con un significativa esperienza nel settore raccolta fondi di grandi e piccole ONP (Amnesty International e NutriAid). Nell\u2019autunno 2016 approda in Rete del Dono, dove si occupa di dare assistenza e consulenza alle ONP e alle Fondazioni per la promozione dei loro progetti e l'ottimizzazione delle campagne di raccolta fondi.\",\"url\":\"https:\\\/\\\/www.retedeldono.it\\\/magazine\\\/author\\\/elisa-rosso\\\/\"}]}<\/script>\n<!-- \/ Yoast SEO plugin. -->","yoast_head_json":{"title":"Cooperative Sociali: raccolte e inclusione lavorativa - Rete del Dono","description":"Le Cooperative Sociali agiscono sui bisogni di persone e territori creando inclusione lavorativa. Due esempi di raccolte fondi.","robots":{"index":"index","follow":"follow","max-snippet":"max-snippet:-1","max-image-preview":"max-image-preview:large","max-video-preview":"max-video-preview:-1"},"canonical":"https:\/\/www.retedeldono.it\/magazine\/cooperative-sociali-raccogliere-fondi-per-linclusione-lavorativa\/","og_locale":"it_IT","og_type":"article","og_title":"Cooperative Sociali: raccogliere fondi per l'inclusione lavorativa","og_description":"Le Cooperative Sociali agiscono sui bisogni di persone e territori creando inclusione lavorativa. Due esempi di raccolte fondi.","og_url":"https:\/\/www.retedeldono.it\/magazine\/cooperative-sociali-raccogliere-fondi-per-linclusione-lavorativa\/","og_site_name":"Rete del Dono Magazine","article_publisher":"https:\/\/www.facebook.com\/retedeldono\/","article_published_time":"2023-07-27T08:00:00+00:00","og_image":[{"width":1051,"height":700,"url":"https:\/\/magazine.retedeldono.it\/wp-content\/uploads\/2023\/07\/WhatsApp-Image-2023-07-06-at-10.24.44.jpeg","type":"image\/jpeg"}],"author":"Elisa Rosso","twitter_card":"summary_large_image","twitter_title":"Cooperative Sociali: raccogliere fondi per l'inclusione lavorativa","twitter_description":"Le Cooperative Sociali agiscono sui bisogni di persone e territori creando inclusione lavorativa. Due esempi di raccolte fondi.","twitter_image":"https:\/\/magazine.retedeldono.it\/wp-content\/uploads\/2023\/07\/WhatsApp-Image-2023-07-06-at-10.24.44.jpeg","twitter_misc":{"Scritto da":"Elisa Rosso","Tempo di lettura stimato":"4 minuti"},"schema":{"@context":"https:\/\/schema.org","@graph":[{"@type":"Article","@id":"https:\/\/www.retedeldono.it\/magazine\/cooperative-sociali-raccogliere-fondi-per-linclusione-lavorativa\/#article","isPartOf":{"@id":"https:\/\/www.retedeldono.it\/magazine\/cooperative-sociali-raccogliere-fondi-per-linclusione-lavorativa\/"},"author":{"name":"Elisa Rosso","@id":"https:\/\/www.retedeldono.it\/magazine\/#\/schema\/person\/dd55a2becb70a4059624bae094c03583"},"headline":"Cooperative Sociali: raccogliere fondi per l&#8217;inclusione lavorativa","datePublished":"2023-07-27T08:00:00+00:00","mainEntityOfPage":{"@id":"https:\/\/www.retedeldono.it\/magazine\/cooperative-sociali-raccogliere-fondi-per-linclusione-lavorativa\/"},"wordCount":607,"commentCount":0,"image":{"@id":"https:\/\/www.retedeldono.it\/magazine\/cooperative-sociali-raccogliere-fondi-per-linclusione-lavorativa\/#primaryimage"},"thumbnailUrl":"https:\/\/magazine.retedeldono.it\/wp-content\/uploads\/2023\/07\/WhatsApp-Image-2023-07-06-at-10.24.44.jpeg","articleSection":["Crowdfunding"],"inLanguage":"it-IT","potentialAction":[{"@type":"CommentAction","name":"Comment","target":["https:\/\/www.retedeldono.it\/magazine\/cooperative-sociali-raccogliere-fondi-per-linclusione-lavorativa\/#respond"]}]},{"@type":"WebPage","@id":"https:\/\/www.retedeldono.it\/magazine\/cooperative-sociali-raccogliere-fondi-per-linclusione-lavorativa\/","url":"https:\/\/www.retedeldono.it\/magazine\/cooperative-sociali-raccogliere-fondi-per-linclusione-lavorativa\/","name":"Cooperative Sociali: raccolte e inclusione lavorativa - Rete del Dono","isPartOf":{"@id":"https:\/\/www.retedeldono.it\/magazine\/#website"},"primaryImageOfPage":{"@id":"https:\/\/www.retedeldono.it\/magazine\/cooperative-sociali-raccogliere-fondi-per-linclusione-lavorativa\/#primaryimage"},"image":{"@id":"https:\/\/www.retedeldono.it\/magazine\/cooperative-sociali-raccogliere-fondi-per-linclusione-lavorativa\/#primaryimage"},"thumbnailUrl":"https:\/\/magazine.retedeldono.it\/wp-content\/uploads\/2023\/07\/WhatsApp-Image-2023-07-06-at-10.24.44.jpeg","datePublished":"2023-07-27T08:00:00+00:00","author":{"@id":"https:\/\/www.retedeldono.it\/magazine\/#\/schema\/person\/dd55a2becb70a4059624bae094c03583"},"description":"Le Cooperative Sociali agiscono sui bisogni di persone e territori creando inclusione lavorativa. Due esempi di raccolte fondi.","breadcrumb":{"@id":"https:\/\/www.retedeldono.it\/magazine\/cooperative-sociali-raccogliere-fondi-per-linclusione-lavorativa\/#breadcrumb"},"inLanguage":"it-IT","potentialAction":[{"@type":"ReadAction","target":["https:\/\/www.retedeldono.it\/magazine\/cooperative-sociali-raccogliere-fondi-per-linclusione-lavorativa\/"]}]},{"@type":"ImageObject","inLanguage":"it-IT","@id":"https:\/\/www.retedeldono.it\/magazine\/cooperative-sociali-raccogliere-fondi-per-linclusione-lavorativa\/#primaryimage","url":"https:\/\/magazine.retedeldono.it\/wp-content\/uploads\/2023\/07\/WhatsApp-Image-2023-07-06-at-10.24.44.jpeg","contentUrl":"https:\/\/magazine.retedeldono.it\/wp-content\/uploads\/2023\/07\/WhatsApp-Image-2023-07-06-at-10.24.44.jpeg","width":1051,"height":700,"caption":"cooperative-sociali-inclusione-lavorativa"},{"@type":"BreadcrumbList","@id":"https:\/\/www.retedeldono.it\/magazine\/cooperative-sociali-raccogliere-fondi-per-linclusione-lavorativa\/#breadcrumb","itemListElement":[{"@type":"ListItem","position":1,"name":"Home","item":"https:\/\/www.retedeldono.it\/magazine\/"},{"@type":"ListItem","position":2,"name":"Cooperative Sociali: raccogliere fondi per l&#8217;inclusione lavorativa"}]},{"@type":"WebSite","@id":"https:\/\/www.retedeldono.it\/magazine\/#website","url":"https:\/\/www.retedeldono.it\/magazine\/","name":"Rete del Dono Magazine","description":"Rete del Dono Magazine","potentialAction":[{"@type":"SearchAction","target":{"@type":"EntryPoint","urlTemplate":"https:\/\/www.retedeldono.it\/magazine\/?s={search_term_string}"},"query-input":{"@type":"PropertyValueSpecification","valueRequired":true,"valueName":"search_term_string"}}],"inLanguage":"it-IT"},{"@type":"Person","@id":"https:\/\/www.retedeldono.it\/magazine\/#\/schema\/person\/dd55a2becb70a4059624bae094c03583","name":"Elisa Rosso","image":{"@type":"ImageObject","inLanguage":"it-IT","@id":"https:\/\/secure.gravatar.com\/avatar\/3aec3818a0581b1c60c2bac3ae3e55d7a00f7084134cbdd18bc732f3d8a8b93f?s=96&d=mm&r=g","url":"https:\/\/secure.gravatar.com\/avatar\/3aec3818a0581b1c60c2bac3ae3e55d7a00f7084134cbdd18bc732f3d8a8b93f?s=96&d=mm&r=g","contentUrl":"https:\/\/secure.gravatar.com\/avatar\/3aec3818a0581b1c60c2bac3ae3e55d7a00f7084134cbdd18bc732f3d8a8b93f?s=96&d=mm&r=g","caption":"Elisa Rosso"},"description":"Laureata in Scienze Internazionali e Diplomatiche presso Universit\u00e0 di Torino, lavora da sempre nel non profit e nel sociale con un significativa esperienza nel settore raccolta fondi di grandi e piccole ONP (Amnesty International e NutriAid). Nell\u2019autunno 2016 approda in Rete del Dono, dove si occupa di dare assistenza e consulenza alle ONP e alle Fondazioni per la promozione dei loro progetti e l'ottimizzazione delle campagne di raccolta fondi.","url":"https:\/\/www.retedeldono.it\/magazine\/author\/elisa-rosso\/"}]}},"_links":{"self":[{"href":"https:\/\/www.retedeldono.it\/magazine\/wp-json\/wp\/v2\/posts\/2489","targetHints":{"allow":["GET"]}}],"collection":[{"href":"https:\/\/www.retedeldono.it\/magazine\/wp-json\/wp\/v2\/posts"}],"about":[{"href":"https:\/\/www.retedeldono.it\/magazine\/wp-json\/wp\/v2\/types\/post"}],"author":[{"embeddable":true,"href":"https:\/\/www.retedeldono.it\/magazine\/wp-json\/wp\/v2\/users\/11"}],"replies":[{"embeddable":true,"href":"https:\/\/www.retedeldono.it\/magazine\/wp-json\/wp\/v2\/comments?post=2489"}],"version-history":[{"count":0,"href":"https:\/\/www.retedeldono.it\/magazine\/wp-json\/wp\/v2\/posts\/2489\/revisions"}],"wp:featuredmedia":[{"embeddable":true,"href":"https:\/\/www.retedeldono.it\/magazine\/wp-json\/wp\/v2\/media\/2491"}],"wp:attachment":[{"href":"https:\/\/www.retedeldono.it\/magazine\/wp-json\/wp\/v2\/media?parent=2489"}],"wp:term":[{"taxonomy":"category","embeddable":true,"href":"https:\/\/www.retedeldono.it\/magazine\/wp-json\/wp\/v2\/categories?post=2489"},{"taxonomy":"post_tag","embeddable":true,"href":"https:\/\/www.retedeldono.it\/magazine\/wp-json\/wp\/v2\/tags?post=2489"}],"curies":[{"name":"wp","href":"https:\/\/api.w.org\/{rel}","templated":true}]}}