{"id":2500,"date":"2023-08-03T08:00:00","date_gmt":"2023-08-03T08:00:00","guid":{"rendered":"https:\/\/www.retedeldono.it\/magazine\/?p=2500"},"modified":"2023-08-17T13:06:09","modified_gmt":"2023-08-17T13:06:09","slug":"la-cura-dei-volontari-personal-fundraiser","status":"publish","type":"post","link":"https:\/\/www.retedeldono.it\/magazine\/la-cura-dei-volontari-personal-fundraiser\/","title":{"rendered":"La cura dei volontari Personal Fundraiser"},"content":{"rendered":"\r\n<p>Raccogliere fondi per la <a href=\"https:\/\/www.retedeldono.it\/magazine\/crowdfunding-e-cooperazione-internazionale\/\" target=\"_blank\" rel=\"noreferrer noopener\"><strong>cooperazione internazionale<\/strong><\/a> non \u00e8 facile, soprattutto con il Crowdfunding. Eppure <strong>AMKA Onlus<\/strong> ci riesce, grazie a un programma di coltivazione e <strong>cura dei propri volontari Personal Fundraiser<\/strong> che negli anni le ha permesso di costruire una community solida, affezionata ed entusiasta, in grado di attivare ogni volta centinaia di donatori.<\/p>\r\n\r\n\r\n\r\n<h2 class=\"wp-block-heading\">La campagna 2023<\/h2>\r\n\r\n\r\n\r\n<p>Dopo <a href=\"https:\/\/www.retedeldono.it\/it\/progetti\/amka\/lets-congo-dalla-parte-dei-giovani\" target=\"_blank\" rel=\"noreferrer noopener\"><strong>Let\u2019s Congo<\/strong><\/a> nel 2021 (oltre 20mila euro raccolti) e <a href=\"https:\/\/www.retedeldono.it\/it\/progetti\/amka\/amka-%C3%A8-donna-uguaglianza-e-diritti\" target=\"_blank\" rel=\"noreferrer noopener\"><strong>AMKA \u00e8 Donna<\/strong><\/a> nel 2022 (oltre 25mila euro), l\u2019associazione quest\u2019anno ha lanciato <a href=\"https:\/\/www.retedeldono.it\/it\/costruiamo-indipendenza\" target=\"_blank\" rel=\"noreferrer noopener\"><strong>Costruiamo indipendenza<\/strong><\/a>. \u201cLa formula \u00e8 sempre la stessa\u201d spiega <strong>Alessandra Castellani, Responsabile Raccolta Fondi<\/strong>. \u201cAbbiamo creato una campagna portante incentrata sull\u2019operativit\u00e0 sul campo dei volontari in partenza. Il filo conduttore quest\u2019anno \u00e8 l\u2019autosostenibilit\u00e0 delle comunit\u00e0 locali e dei progetti. Poi le raccolte dei singoli Personal Fundraiser hanno obiettivi specifici, a seconda del progetto e del Paese (Repubblica Democratica del Congo o Guatemala) di destinazione del loro viaggio\u201d.<\/p>\r\n\r\n\r\n\r\n<h2 class=\"wp-block-heading\">Una formazione specifica<\/h2>\r\n\r\n\r\n\r\n<p>Favorire l\u2019accesso a cure mediche e servizi igienici essenziali; promuovere la capacit\u00e0 delle donne di contribuire allo sviluppo della propria famiglia; offrire un&#8217;istruzione di qualit\u00e0 alle giovani generazioni; combattere l\u2019insicurezza alimentare e la malnutrizione. Le singole raccolte fondi sono varie e hanno <strong>come testimonial i volontari stessi impegnati sul campo<\/strong>. \u201cIl nostro Laboratorio di Formazione al Volontariato internazionale dura 4 mesi e termina con l\u2019esperienza all\u2019estero. Il coinvolgimento in attivit\u00e0 concrete anche in Italia fa parte del pacchetto, cos\u00ec come \u00e8 richiesto (senza diventare obbligatorio) l\u2019impegno di aprire una raccolta fondi\u201d.<\/p>\r\n\r\n\r\n\r\n<h2 class=\"wp-block-heading\">Il coinvolgimento dei Personal Fundraiser passati<\/h2>\r\n\r\n\r\n\r\n<p>L\u2019attivismo e la comunicazione di ci\u00f2 che si fa \u00e8, insomma, uno degli obiettivi della formazione pre partenza. Gi\u00e0 questa \u00e8 una novit\u00e0, perch\u00e9 spesso le organizzazioni tralasciano del tutto questi aspetti e si concentrano solo sul racconto delle comunit\u00e0 locali e della situazione umanitaria dei luoghi di destinazione. \u201cIl nostro percorso anno dopo anno \u00e8 sempre pi\u00f9 strutturato. Quasi un corso professionalizzante, dove spieghiamo le <strong>tecniche base del fundraising<\/strong> e <strong>coinvolgiamo i Personal Fundraiser delle passate edizioni<\/strong> per presentare i propri case studies. Con i loro consigli pratici, abbassano le paure di chi non si sente all\u2019altezza e generano entusiasmo e spirito di emulazione\u201d.<\/p>\r\n\r\n\r\n\r\n<h2 class=\"wp-block-heading\">I vantaggi di questo approccio<\/h2>\r\n\r\n\r\n\r\n<p>Oltre al successo della campagna, questa impostazione affinata nel tempo sta portando una serie di benefici all\u2019organizzazione.<\/p>\r\n\r\n\r\n\r\n<ol class=\"wp-block-list\">\r\n<li><strong>Aumenta la fidelizzazione dei volontari.<\/strong> \u201cInserire anche una raccolta fondi tra gli obiettivi del viaggio massimizza la percezione che ciascun partente ha del proprio impatto\u201d. La sfida solidale, poi, crea unione e condivisione tra i Personal Fundraiser e aumenta il legame con l\u2019organizzazione.<\/li>\r\n\r\n\r\n\r\n<li><strong>Allunga la durata dell\u2019impegno.<\/strong> Coinvolgere i \u201cvecchi\u201d Personal Fundraiser come formatori negli anni successivi \u00e8 un modo per valorizzare, anche a distanza di tempo, il loro impegno. \u201c\u00c8 anche un pretesto per invitarli a partecipare alla vita associativa, cosa che di solito invece tende a scemare dopo il ritorno dal viaggio e la conclusione del percorso\u201d.<\/li>\r\n\r\n\r\n\r\n<li><strong>Favorisce la trasparenza.<\/strong> La percezione di trasparenza dell\u2019associazione cresce grazie alle tante persone che ci mettono la faccia e, presso le proprie cerchie, garantiscono sul buon operato dell\u2019organizzazione. \u201cOgni percorso termina con la rendicontazione della propria esperienza, sia narrativa che economico-finanziaria\u201d.<\/li>\r\n\r\n\r\n\r\n<li><strong>Le raccolte personali vanno meglio.<\/strong> Condividendo trucchi, consigliandosi a vicenda e grazie a un buon coinvolgimento emotivo, anche chi si sente meno portato per una raccolta fondi di solito raggiunge l\u2019obiettivo. \u201cCi sorprendiamo ogni anno di come persone diverse riescono a trovare ognuna il suo modo di coinvolgere i donatori\u201d.<\/li>\r\n\r\n\r\n\r\n<li><strong>Una meccanica pensata ad hoc per la piattaforma.<\/strong> \u201cDopo 3 anni ci rendiamo conto che aver studiato il funzionamento di Rete del Dono e avervi adattato questo meccanismo rende tutto pi\u00f9 naturale. Sfruttiamo al massimo la tecnologia che abbiamo a disposizione\u201d.<\/li>\r\n<\/ol>\r\n","protected":false},"excerpt":{"rendered":"<p>Raccogliere fondi per la cooperazione internazionale non \u00e8 facile, soprattutto con il Crowdfunding. Eppure AMKA Onlus ci riesce, grazie a un programma di coltivazione e cura dei propri volontari Personal&#8230;<\/p>\n","protected":false},"author":11,"featured_media":2502,"comment_status":"open","ping_status":"open","sticky":true,"template":"","format":"standard","meta":{"_acf_changed":false,"footnotes":""},"categories":[17],"tags":[],"class_list":{"0":"post-2500","1":"post","2":"type-post","3":"status-publish","4":"format-standard","5":"has-post-thumbnail","7":"category-fundraising"},"acf":{"homepage_rdd":true},"yoast_head":"<!-- This site is optimized with the Yoast SEO plugin v27.5 - https:\/\/yoast.com\/product\/yoast-seo-wordpress\/ -->\n<title>La cura dei volontari Personal Fundraiser - Rete del Dono<\/title>\n<meta name=\"description\" content=\"Ecco come AMKA Onlus crea raccolte fondi di successo grazie a un programma di coltivazione e cura dei propri volontari Personal Fundraiser.\" \/>\n<meta name=\"robots\" content=\"index, follow, max-snippet:-1, max-image-preview:large, max-video-preview:-1\" \/>\n<link rel=\"canonical\" href=\"https:\/\/www.retedeldono.it\/magazine\/la-cura-dei-volontari-personal-fundraiser\/\" \/>\n<meta property=\"og:locale\" content=\"it_IT\" \/>\n<meta property=\"og:type\" content=\"article\" \/>\n<meta property=\"og:title\" content=\"La cura dei volontari Personal Fundraiser\" \/>\n<meta property=\"og:description\" content=\"Ecco come AMKA Onlus crea raccolte fondi di successo grazie a un programma di coltivazione e cura dei propri volontari Personal Fundraiser.\" \/>\n<meta property=\"og:url\" content=\"https:\/\/www.retedeldono.it\/magazine\/la-cura-dei-volontari-personal-fundraiser\/\" \/>\n<meta property=\"og:site_name\" content=\"Rete del Dono Magazine\" \/>\n<meta property=\"article:publisher\" content=\"https:\/\/www.facebook.com\/retedeldono\/\" \/>\n<meta property=\"article:published_time\" content=\"2023-08-03T08:00:00+00:00\" \/>\n<meta property=\"article:modified_time\" content=\"2023-08-17T13:06:09+00:00\" \/>\n<meta property=\"og:image\" content=\"https:\/\/magazine.retedeldono.it\/wp-content\/uploads\/2023\/07\/COSTRUIAMO_INDIPENDENZA_RETEDELDONO.png\" \/>\n\t<meta property=\"og:image:width\" content=\"1032\" \/>\n\t<meta property=\"og:image:height\" content=\"700\" \/>\n\t<meta property=\"og:image:type\" content=\"image\/png\" \/>\n<meta name=\"author\" content=\"Elisa Rosso\" \/>\n<meta name=\"twitter:card\" content=\"summary_large_image\" \/>\n<meta name=\"twitter:title\" content=\"La cura dei volontari Personal Fundraiser\" \/>\n<meta name=\"twitter:description\" content=\"Ecco come AMKA Onlus crea raccolte fondi di successo grazie a un programma di coltivazione e cura dei propri volontari Personal Fundraiser.\" \/>\n<meta name=\"twitter:image\" content=\"https:\/\/magazine.retedeldono.it\/wp-content\/uploads\/2023\/07\/COSTRUIAMO_INDIPENDENZA_RETEDELDONO.png\" \/>\n<meta name=\"twitter:label1\" content=\"Scritto da\" \/>\n\t<meta name=\"twitter:data1\" content=\"Elisa Rosso\" \/>\n\t<meta name=\"twitter:label2\" content=\"Tempo di lettura stimato\" \/>\n\t<meta name=\"twitter:data2\" content=\"4 minuti\" \/>\n<script type=\"application\/ld+json\" class=\"yoast-schema-graph\">{\"@context\":\"https:\\\/\\\/schema.org\",\"@graph\":[{\"@type\":\"Article\",\"@id\":\"https:\\\/\\\/www.retedeldono.it\\\/magazine\\\/la-cura-dei-volontari-personal-fundraiser\\\/#article\",\"isPartOf\":{\"@id\":\"https:\\\/\\\/www.retedeldono.it\\\/magazine\\\/la-cura-dei-volontari-personal-fundraiser\\\/\"},\"author\":{\"name\":\"Elisa Rosso\",\"@id\":\"https:\\\/\\\/www.retedeldono.it\\\/magazine\\\/#\\\/schema\\\/person\\\/dd55a2becb70a4059624bae094c03583\"},\"headline\":\"La cura dei volontari Personal Fundraiser\",\"datePublished\":\"2023-08-03T08:00:00+00:00\",\"dateModified\":\"2023-08-17T13:06:09+00:00\",\"mainEntityOfPage\":{\"@id\":\"https:\\\/\\\/www.retedeldono.it\\\/magazine\\\/la-cura-dei-volontari-personal-fundraiser\\\/\"},\"wordCount\":615,\"commentCount\":0,\"image\":{\"@id\":\"https:\\\/\\\/www.retedeldono.it\\\/magazine\\\/la-cura-dei-volontari-personal-fundraiser\\\/#primaryimage\"},\"thumbnailUrl\":\"https:\\\/\\\/magazine.retedeldono.it\\\/wp-content\\\/uploads\\\/2023\\\/07\\\/COSTRUIAMO_INDIPENDENZA_RETEDELDONO.png\",\"articleSection\":[\"Fundraising\"],\"inLanguage\":\"it-IT\",\"potentialAction\":[{\"@type\":\"CommentAction\",\"name\":\"Comment\",\"target\":[\"https:\\\/\\\/www.retedeldono.it\\\/magazine\\\/la-cura-dei-volontari-personal-fundraiser\\\/#respond\"]}]},{\"@type\":\"WebPage\",\"@id\":\"https:\\\/\\\/www.retedeldono.it\\\/magazine\\\/la-cura-dei-volontari-personal-fundraiser\\\/\",\"url\":\"https:\\\/\\\/www.retedeldono.it\\\/magazine\\\/la-cura-dei-volontari-personal-fundraiser\\\/\",\"name\":\"La cura dei volontari Personal Fundraiser - Rete del Dono\",\"isPartOf\":{\"@id\":\"https:\\\/\\\/www.retedeldono.it\\\/magazine\\\/#website\"},\"primaryImageOfPage\":{\"@id\":\"https:\\\/\\\/www.retedeldono.it\\\/magazine\\\/la-cura-dei-volontari-personal-fundraiser\\\/#primaryimage\"},\"image\":{\"@id\":\"https:\\\/\\\/www.retedeldono.it\\\/magazine\\\/la-cura-dei-volontari-personal-fundraiser\\\/#primaryimage\"},\"thumbnailUrl\":\"https:\\\/\\\/magazine.retedeldono.it\\\/wp-content\\\/uploads\\\/2023\\\/07\\\/COSTRUIAMO_INDIPENDENZA_RETEDELDONO.png\",\"datePublished\":\"2023-08-03T08:00:00+00:00\",\"dateModified\":\"2023-08-17T13:06:09+00:00\",\"author\":{\"@id\":\"https:\\\/\\\/www.retedeldono.it\\\/magazine\\\/#\\\/schema\\\/person\\\/dd55a2becb70a4059624bae094c03583\"},\"description\":\"Ecco come AMKA Onlus crea raccolte fondi di successo grazie a un programma di coltivazione e cura dei propri volontari Personal Fundraiser.\",\"breadcrumb\":{\"@id\":\"https:\\\/\\\/www.retedeldono.it\\\/magazine\\\/la-cura-dei-volontari-personal-fundraiser\\\/#breadcrumb\"},\"inLanguage\":\"it-IT\",\"potentialAction\":[{\"@type\":\"ReadAction\",\"target\":[\"https:\\\/\\\/www.retedeldono.it\\\/magazine\\\/la-cura-dei-volontari-personal-fundraiser\\\/\"]}]},{\"@type\":\"ImageObject\",\"inLanguage\":\"it-IT\",\"@id\":\"https:\\\/\\\/www.retedeldono.it\\\/magazine\\\/la-cura-dei-volontari-personal-fundraiser\\\/#primaryimage\",\"url\":\"https:\\\/\\\/magazine.retedeldono.it\\\/wp-content\\\/uploads\\\/2023\\\/07\\\/COSTRUIAMO_INDIPENDENZA_RETEDELDONO.png\",\"contentUrl\":\"https:\\\/\\\/magazine.retedeldono.it\\\/wp-content\\\/uploads\\\/2023\\\/07\\\/COSTRUIAMO_INDIPENDENZA_RETEDELDONO.png\",\"width\":1032,\"height\":700,\"caption\":\"cura dei volontari Personal Fundraiser\"},{\"@type\":\"BreadcrumbList\",\"@id\":\"https:\\\/\\\/www.retedeldono.it\\\/magazine\\\/la-cura-dei-volontari-personal-fundraiser\\\/#breadcrumb\",\"itemListElement\":[{\"@type\":\"ListItem\",\"position\":1,\"name\":\"Home\",\"item\":\"https:\\\/\\\/www.retedeldono.it\\\/magazine\\\/\"},{\"@type\":\"ListItem\",\"position\":2,\"name\":\"La cura dei volontari Personal Fundraiser\"}]},{\"@type\":\"WebSite\",\"@id\":\"https:\\\/\\\/www.retedeldono.it\\\/magazine\\\/#website\",\"url\":\"https:\\\/\\\/www.retedeldono.it\\\/magazine\\\/\",\"name\":\"Rete del Dono Magazine\",\"description\":\"Rete del Dono Magazine\",\"potentialAction\":[{\"@type\":\"SearchAction\",\"target\":{\"@type\":\"EntryPoint\",\"urlTemplate\":\"https:\\\/\\\/www.retedeldono.it\\\/magazine\\\/?s={search_term_string}\"},\"query-input\":{\"@type\":\"PropertyValueSpecification\",\"valueRequired\":true,\"valueName\":\"search_term_string\"}}],\"inLanguage\":\"it-IT\"},{\"@type\":\"Person\",\"@id\":\"https:\\\/\\\/www.retedeldono.it\\\/magazine\\\/#\\\/schema\\\/person\\\/dd55a2becb70a4059624bae094c03583\",\"name\":\"Elisa Rosso\",\"image\":{\"@type\":\"ImageObject\",\"inLanguage\":\"it-IT\",\"@id\":\"https:\\\/\\\/secure.gravatar.com\\\/avatar\\\/3aec3818a0581b1c60c2bac3ae3e55d7a00f7084134cbdd18bc732f3d8a8b93f?s=96&d=mm&r=g\",\"url\":\"https:\\\/\\\/secure.gravatar.com\\\/avatar\\\/3aec3818a0581b1c60c2bac3ae3e55d7a00f7084134cbdd18bc732f3d8a8b93f?s=96&d=mm&r=g\",\"contentUrl\":\"https:\\\/\\\/secure.gravatar.com\\\/avatar\\\/3aec3818a0581b1c60c2bac3ae3e55d7a00f7084134cbdd18bc732f3d8a8b93f?s=96&d=mm&r=g\",\"caption\":\"Elisa Rosso\"},\"description\":\"Laureata in Scienze Internazionali e Diplomatiche presso Universit\u00e0 di Torino, lavora da sempre nel non profit e nel sociale con un significativa esperienza nel settore raccolta fondi di grandi e piccole ONP (Amnesty International e NutriAid). Nell\u2019autunno 2016 approda in Rete del Dono, dove si occupa di dare assistenza e consulenza alle ONP e alle Fondazioni per la promozione dei loro progetti e l'ottimizzazione delle campagne di raccolta fondi.\",\"url\":\"https:\\\/\\\/www.retedeldono.it\\\/magazine\\\/author\\\/elisa-rosso\\\/\"}]}<\/script>\n<!-- \/ Yoast SEO plugin. -->","yoast_head_json":{"title":"La cura dei volontari Personal Fundraiser - Rete del Dono","description":"Ecco come AMKA Onlus crea raccolte fondi di successo grazie a un programma di coltivazione e cura dei propri volontari Personal Fundraiser.","robots":{"index":"index","follow":"follow","max-snippet":"max-snippet:-1","max-image-preview":"max-image-preview:large","max-video-preview":"max-video-preview:-1"},"canonical":"https:\/\/www.retedeldono.it\/magazine\/la-cura-dei-volontari-personal-fundraiser\/","og_locale":"it_IT","og_type":"article","og_title":"La cura dei volontari Personal Fundraiser","og_description":"Ecco come AMKA Onlus crea raccolte fondi di successo grazie a un programma di coltivazione e cura dei propri volontari Personal Fundraiser.","og_url":"https:\/\/www.retedeldono.it\/magazine\/la-cura-dei-volontari-personal-fundraiser\/","og_site_name":"Rete del Dono Magazine","article_publisher":"https:\/\/www.facebook.com\/retedeldono\/","article_published_time":"2023-08-03T08:00:00+00:00","article_modified_time":"2023-08-17T13:06:09+00:00","og_image":[{"width":1032,"height":700,"url":"https:\/\/magazine.retedeldono.it\/wp-content\/uploads\/2023\/07\/COSTRUIAMO_INDIPENDENZA_RETEDELDONO.png","type":"image\/png"}],"author":"Elisa Rosso","twitter_card":"summary_large_image","twitter_title":"La cura dei volontari Personal Fundraiser","twitter_description":"Ecco come AMKA Onlus crea raccolte fondi di successo grazie a un programma di coltivazione e cura dei propri volontari Personal Fundraiser.","twitter_image":"https:\/\/magazine.retedeldono.it\/wp-content\/uploads\/2023\/07\/COSTRUIAMO_INDIPENDENZA_RETEDELDONO.png","twitter_misc":{"Scritto da":"Elisa Rosso","Tempo di lettura stimato":"4 minuti"},"schema":{"@context":"https:\/\/schema.org","@graph":[{"@type":"Article","@id":"https:\/\/www.retedeldono.it\/magazine\/la-cura-dei-volontari-personal-fundraiser\/#article","isPartOf":{"@id":"https:\/\/www.retedeldono.it\/magazine\/la-cura-dei-volontari-personal-fundraiser\/"},"author":{"name":"Elisa Rosso","@id":"https:\/\/www.retedeldono.it\/magazine\/#\/schema\/person\/dd55a2becb70a4059624bae094c03583"},"headline":"La cura dei volontari Personal Fundraiser","datePublished":"2023-08-03T08:00:00+00:00","dateModified":"2023-08-17T13:06:09+00:00","mainEntityOfPage":{"@id":"https:\/\/www.retedeldono.it\/magazine\/la-cura-dei-volontari-personal-fundraiser\/"},"wordCount":615,"commentCount":0,"image":{"@id":"https:\/\/www.retedeldono.it\/magazine\/la-cura-dei-volontari-personal-fundraiser\/#primaryimage"},"thumbnailUrl":"https:\/\/magazine.retedeldono.it\/wp-content\/uploads\/2023\/07\/COSTRUIAMO_INDIPENDENZA_RETEDELDONO.png","articleSection":["Fundraising"],"inLanguage":"it-IT","potentialAction":[{"@type":"CommentAction","name":"Comment","target":["https:\/\/www.retedeldono.it\/magazine\/la-cura-dei-volontari-personal-fundraiser\/#respond"]}]},{"@type":"WebPage","@id":"https:\/\/www.retedeldono.it\/magazine\/la-cura-dei-volontari-personal-fundraiser\/","url":"https:\/\/www.retedeldono.it\/magazine\/la-cura-dei-volontari-personal-fundraiser\/","name":"La cura dei volontari Personal Fundraiser - Rete del Dono","isPartOf":{"@id":"https:\/\/www.retedeldono.it\/magazine\/#website"},"primaryImageOfPage":{"@id":"https:\/\/www.retedeldono.it\/magazine\/la-cura-dei-volontari-personal-fundraiser\/#primaryimage"},"image":{"@id":"https:\/\/www.retedeldono.it\/magazine\/la-cura-dei-volontari-personal-fundraiser\/#primaryimage"},"thumbnailUrl":"https:\/\/magazine.retedeldono.it\/wp-content\/uploads\/2023\/07\/COSTRUIAMO_INDIPENDENZA_RETEDELDONO.png","datePublished":"2023-08-03T08:00:00+00:00","dateModified":"2023-08-17T13:06:09+00:00","author":{"@id":"https:\/\/www.retedeldono.it\/magazine\/#\/schema\/person\/dd55a2becb70a4059624bae094c03583"},"description":"Ecco come AMKA Onlus crea raccolte fondi di successo grazie a un programma di coltivazione e cura dei propri volontari Personal Fundraiser.","breadcrumb":{"@id":"https:\/\/www.retedeldono.it\/magazine\/la-cura-dei-volontari-personal-fundraiser\/#breadcrumb"},"inLanguage":"it-IT","potentialAction":[{"@type":"ReadAction","target":["https:\/\/www.retedeldono.it\/magazine\/la-cura-dei-volontari-personal-fundraiser\/"]}]},{"@type":"ImageObject","inLanguage":"it-IT","@id":"https:\/\/www.retedeldono.it\/magazine\/la-cura-dei-volontari-personal-fundraiser\/#primaryimage","url":"https:\/\/magazine.retedeldono.it\/wp-content\/uploads\/2023\/07\/COSTRUIAMO_INDIPENDENZA_RETEDELDONO.png","contentUrl":"https:\/\/magazine.retedeldono.it\/wp-content\/uploads\/2023\/07\/COSTRUIAMO_INDIPENDENZA_RETEDELDONO.png","width":1032,"height":700,"caption":"cura dei volontari Personal Fundraiser"},{"@type":"BreadcrumbList","@id":"https:\/\/www.retedeldono.it\/magazine\/la-cura-dei-volontari-personal-fundraiser\/#breadcrumb","itemListElement":[{"@type":"ListItem","position":1,"name":"Home","item":"https:\/\/www.retedeldono.it\/magazine\/"},{"@type":"ListItem","position":2,"name":"La cura dei volontari Personal Fundraiser"}]},{"@type":"WebSite","@id":"https:\/\/www.retedeldono.it\/magazine\/#website","url":"https:\/\/www.retedeldono.it\/magazine\/","name":"Rete del Dono Magazine","description":"Rete del Dono Magazine","potentialAction":[{"@type":"SearchAction","target":{"@type":"EntryPoint","urlTemplate":"https:\/\/www.retedeldono.it\/magazine\/?s={search_term_string}"},"query-input":{"@type":"PropertyValueSpecification","valueRequired":true,"valueName":"search_term_string"}}],"inLanguage":"it-IT"},{"@type":"Person","@id":"https:\/\/www.retedeldono.it\/magazine\/#\/schema\/person\/dd55a2becb70a4059624bae094c03583","name":"Elisa Rosso","image":{"@type":"ImageObject","inLanguage":"it-IT","@id":"https:\/\/secure.gravatar.com\/avatar\/3aec3818a0581b1c60c2bac3ae3e55d7a00f7084134cbdd18bc732f3d8a8b93f?s=96&d=mm&r=g","url":"https:\/\/secure.gravatar.com\/avatar\/3aec3818a0581b1c60c2bac3ae3e55d7a00f7084134cbdd18bc732f3d8a8b93f?s=96&d=mm&r=g","contentUrl":"https:\/\/secure.gravatar.com\/avatar\/3aec3818a0581b1c60c2bac3ae3e55d7a00f7084134cbdd18bc732f3d8a8b93f?s=96&d=mm&r=g","caption":"Elisa Rosso"},"description":"Laureata in Scienze Internazionali e Diplomatiche presso Universit\u00e0 di Torino, lavora da sempre nel non profit e nel sociale con un significativa esperienza nel settore raccolta fondi di grandi e piccole ONP (Amnesty International e NutriAid). Nell\u2019autunno 2016 approda in Rete del Dono, dove si occupa di dare assistenza e consulenza alle ONP e alle Fondazioni per la promozione dei loro progetti e l'ottimizzazione delle campagne di raccolta fondi.","url":"https:\/\/www.retedeldono.it\/magazine\/author\/elisa-rosso\/"}]}},"_links":{"self":[{"href":"https:\/\/www.retedeldono.it\/magazine\/wp-json\/wp\/v2\/posts\/2500","targetHints":{"allow":["GET"]}}],"collection":[{"href":"https:\/\/www.retedeldono.it\/magazine\/wp-json\/wp\/v2\/posts"}],"about":[{"href":"https:\/\/www.retedeldono.it\/magazine\/wp-json\/wp\/v2\/types\/post"}],"author":[{"embeddable":true,"href":"https:\/\/www.retedeldono.it\/magazine\/wp-json\/wp\/v2\/users\/11"}],"replies":[{"embeddable":true,"href":"https:\/\/www.retedeldono.it\/magazine\/wp-json\/wp\/v2\/comments?post=2500"}],"version-history":[{"count":0,"href":"https:\/\/www.retedeldono.it\/magazine\/wp-json\/wp\/v2\/posts\/2500\/revisions"}],"wp:featuredmedia":[{"embeddable":true,"href":"https:\/\/www.retedeldono.it\/magazine\/wp-json\/wp\/v2\/media\/2502"}],"wp:attachment":[{"href":"https:\/\/www.retedeldono.it\/magazine\/wp-json\/wp\/v2\/media?parent=2500"}],"wp:term":[{"taxonomy":"category","embeddable":true,"href":"https:\/\/www.retedeldono.it\/magazine\/wp-json\/wp\/v2\/categories?post=2500"},{"taxonomy":"post_tag","embeddable":true,"href":"https:\/\/www.retedeldono.it\/magazine\/wp-json\/wp\/v2\/tags?post=2500"}],"curies":[{"name":"wp","href":"https:\/\/api.w.org\/{rel}","templated":true}]}}