{"id":2511,"date":"2023-08-24T08:00:00","date_gmt":"2023-08-24T08:00:00","guid":{"rendered":"https:\/\/www.retedeldono.it\/magazine\/?p=2511"},"modified":"2023-09-07T15:09:49","modified_gmt":"2023-09-07T15:09:49","slug":"barcolana-2023-la-seconda-edizione-del-charity-program","status":"publish","type":"post","link":"https:\/\/www.retedeldono.it\/magazine\/barcolana-2023-la-seconda-edizione-del-charity-program\/","title":{"rendered":"Barcolana 2023: la seconda edizione del Charity Program"},"content":{"rendered":"[vc_row type=&#8221;in_container&#8221; full_screen_row_position=&#8221;middle&#8221; column_margin=&#8221;default&#8221; column_direction=&#8221;default&#8221; column_direction_tablet=&#8221;default&#8221; column_direction_phone=&#8221;default&#8221; scene_position=&#8221;center&#8221; text_color=&#8221;dark&#8221; text_align=&#8221;left&#8221; row_border_radius=&#8221;none&#8221; row_border_radius_applies=&#8221;bg&#8221; overflow=&#8221;visible&#8221; overlay_strength=&#8221;0.3&#8243; gradient_direction=&#8221;left_to_right&#8221; shape_divider_position=&#8221;bottom&#8221; bg_image_animation=&#8221;none&#8221;][vc_column column_padding=&#8221;no-extra-padding&#8221; column_padding_tablet=&#8221;inherit&#8221; column_padding_phone=&#8221;inherit&#8221; column_padding_position=&#8221;all&#8221; column_element_spacing=&#8221;default&#8221; background_color_opacity=&#8221;1&#8243; background_hover_color_opacity=&#8221;1&#8243; column_shadow=&#8221;none&#8221; column_border_radius=&#8221;none&#8221; column_link_target=&#8221;_self&#8221; column_position=&#8221;default&#8221; gradient_direction=&#8221;left_to_right&#8221; overlay_strength=&#8221;0.3&#8243; width=&#8221;1\/1&#8243; tablet_width_inherit=&#8221;default&#8221; tablet_text_alignment=&#8221;default&#8221; phone_text_alignment=&#8221;default&#8221; animation_type=&#8221;default&#8221; bg_image_animation=&#8221;none&#8221; border_type=&#8221;simple&#8221; column_border_width=&#8221;none&#8221; column_border_style=&#8221;solid&#8221;][vc_column_text]\r\n<p><strong>Domenica 8 ottobre 2023<\/strong> torna la <a href=\"https:\/\/www.retedeldono.it\/barcolana\" target=\"_blank\" rel=\"noreferrer noopener\"><strong>Barcolana<\/strong><\/a> di Trieste, la regata velica pi\u00f9 grande del mondo. E, dopo l\u2019ottimo esordio del <strong>Charity Program<\/strong> lo scorso anno, anche questa <strong>55esima edizione<\/strong> rilancia l\u2019iniziativa che permette ad ogni equipaggio di gareggiare raccogliendo fondi per una causa benefica.<\/p>\r\n<p>\u00a0<\/p>\r\n\r\n<div class=\"wp-block-buttons is-content-justification-center is-layout-flex wp-container-core-buttons-is-layout-16018d1d wp-block-buttons-is-layout-flex\">\r\n<div class=\"wp-block-button\" style=\"text-align: center;\"><a class=\"wp-block-button__link has-background wp-element-button\" style=\"border-radius: 15px; background-color: #00a8c4;\" href=\"https:\/\/www.retedeldono.it\/barcolana\">Diventa anche tu un equipaggio solidale: scopri come<\/a><\/div>\r\n<p><\/p>\r\n<\/div>\r\n<p>\u00a0<\/p>\r\n\r\n<h2 class=\"wp-block-heading\">Cos\u2019\u00e8 la Barcolana<\/h2>\r\n\r\n<p>\u201cLa <a href=\"https:\/\/www.barcolana.it\/\" target=\"_blank\" rel=\"noreferrer noopener\">Barcolana<\/a> fa di Trieste la capitale europea della vela, attirando quasi mezzo milione di persone\u201d racconta <strong>Marco Perelli Rocco<\/strong>, socio di vecchia data e regatante. \u201cOgni anno il golfo, dal colle di Grignano e il Castello di Miramare fino alla citt\u00e0, si riempie di oltre 2.000 imbarcazioni provenienti da tutto il mondo\u201d. La regata prevede la partenza degli equipaggi nei pressi di Miramare. Da l\u00ec sono circa 13 miglia nautiche fino al traguardo, posto nei pressi del Porto Vecchio di Trieste. \u201cAlla manifestazione principale si aggiungono tanti eventi collaterali, come la Barcolina, la Barcolana 4Fun e la gara notturna che parte al tramonto dal Molo Audace, con una cornice di pubblico da stadio\u201d.<\/p>\r\n<p>\u00a0<\/p>\r\n\r\n<h2 class=\"wp-block-heading\">Il Charity Program di Barcolana 2022<\/h2>\r\n\r\n<p>La <a href=\"https:\/\/www.retedeldono.it\/magazine\/barcolana-2022-regata-solidale-rete-del-dono\/\" target=\"_blank\" rel=\"noreferrer noopener\"><strong>prima edizione del Charity Program<\/strong><\/a> \u00e8 stata un successo. \u201cPartecipando alla Milano Marathon 2019 fui impressionato da quanto avesse raccolto Rete del Dono e cos\u00ec proposi di portare il Charity Program in Barcolana. Nel 2022 hanno aderito oltre 20 associazioni e abbiamo riscontrato grande entusiasmo tra gli equipaggi. Alcuni, il giorno prima della gara, hanno organizzato una festa sulla barca invitando anche i rappresentanti delle Organizzazioni non profit sostenute, per dare loro pi\u00f9 visibilit\u00e0 possibile\u201d.<\/p>\r\n<p> &#8220;L\u2019anno scorso abbiamo ottenuto un grande risultato &#8211; ha commentato <strong>Mitja Gialuz<\/strong>, presidente della Societ\u00e0 Velica di Barcola e Grignano &#8211; e, insieme a Rete del Dono, Barcolana ha fatto una raccolta molto importante. Quest\u2019anno il nostro obiettivo \u00e8 di fare ancora meglio. Non abbiamo voluto sostenere una sola attivit\u00e0, ma abbiamo preferito dar modo all\u2019armatore e agli equipaggi di scegliere la organizzazione non profit a cui legarsi. In questo modo, domenica 8 ottobre, le barche che parteciperanno alla Barcolana scenderanno in acqua non solo per regatare, ma anche per sostenere e dare risalto alle numerose onlus che partecipano al progetto\u201d.<\/p>\r\n\r\n<h2 class=\"wp-block-heading\">Barcolana 2023: Charity Program con il vento in poppa<\/h2>\r\n\r\n<p>Tra le novit\u00e0 di quest&#8217;anno la possibilit\u00e0 per gli equipaggi di <strong>scegliere, gi\u00e0 in fase di iscrizione, l\u2019organizzazione da sostenere<\/strong>: questo permette di dare grande visibilit\u00e0 al programma e alla possibilit\u00e0 di attivarsi come equipaggi personal fundraiser. Comunicazione e visibilit\u00e0 sono infatti elementi fondamentali per promuovere il Charity Program; tra le altre iniziative \u00e8 previsto uno stand presso il Villaggio Barcolana dove, dal 21 settembre, gli equipaggi potranno ricevere informazioni sul Charity Program.<\/p>\r\n<p>\u00a0<\/p>\r\n\r\n<h2 class=\"wp-block-heading\">Barcolana 2023: le campagne gi\u00e0 attive<\/h2>\r\n\r\n<p>C\u2019\u00e8 naturalmente chi non si riduce all\u2019ultimo e ha gi\u00e0 attivato la propria raccolta. Tra i 20 progetti attivi, c\u2019\u00e8 <a href=\"https:\/\/www.retedeldono.it\/it\/progetti\/fondazione-airc\/insieme-per-airc-nastrorosaairc-0\" target=\"_blank\" rel=\"noreferrer noopener\"><strong>Insieme per AIRC<\/strong><\/a> a cui contribuiscono anche Marco e il fratello Pietro con la loro Ufo ribattezzata \u2018Goofy per AIRC\u2019. \u201cHo corso una 40ina di Barcolane &#8211; ricorda Perelli Rocco &#8211; e sono in AIRC da sempre, mio padre \u00e8 stato anche Presidente del Comitato Regionale. \u00c8 naturale per me impegnarmi concretamente. Nel mese del Nastro Rosa, sosteniamo la ricerca scientifica sul tumore al seno. Le vittorie ottenute con \u2018Goofy\u2019 (4 Campionati nazionali di classe) servono anche a dare visibilit\u00e0 alla causa\u201d. Anche Lorenzo Bussani, che con la sua \u2018Phenomena\u2019 \u00e8 sempre nelle prime posizioni, bisser\u00e0 l\u2019impegno del 2022 e quest\u2019anno si attiva in favore dell\u2019<a href=\"https:\/\/www.retedeldono.it\/it\/progetti\/abc-bambini-chirurgici-del-burlo\/buon-vento-per-i-bambini-chirurgici-0\" target=\"_blank\" rel=\"noreferrer noopener\"><strong>Ospedale Pediatrico Burlo Garofolo<\/strong><\/a> di Trieste.<\/p>\r\n<p>\u00a0<\/p>\r\n\r\n<h2 class=\"wp-block-heading\">Barcolana 2023: gli obiettivi del Charity Program<\/h2>\r\n\r\n<p>Dopo un\u2019ottima prima edizione, il Charity Program si pone 2 obiettivi.<\/p>\r\n<p>\u00a0<\/p>\r\n\r\n<ul class=\"wp-block-list\">\r\n<li style=\"list-style-type: none;\">\r\n<ul>\r\n<li><strong>Maggiore comunicazione.<\/strong> Per consolidare i numeri, tutti gli equipaggi devono essere ben informati dell\u2019iniziativa e di come funziona. \u201cNon essendoci una formula a parte come la staffetta della Milano Marathon &#8211; conferma Perelli Rocco &#8211; il sostegno a una ONP non \u00e8 obbligatorio e per questo ci vogliamo inventare nuove idee. Stiamo ipotizzando ad esempio una festa delle associazioni per consegnare i loro adesivi da apporre sulle vele delle barche che partecipano alla Barcolana by night\u201d.<\/li>\r\n\r\n\r\n\r\n<li><strong>Partnership con le aziende.<\/strong> L\u2019esperienza della prima edizione ha mostrato la forza delle donazioni aziendali. \u201cAttivare un\u2019azienda, da parte di associazioni ed equipaggi, d\u00e0 una grande accelerata alla raccolta. Sia perch\u00e9, tramite le newsletter interne, si possono raggiungere tutti i dipendenti sia per l&#8217;efficacia dei \u2018matching program\u2019, con i quali le aziende si impegnano a raddoppiare le donazioni fatte dai singoli. E chiss\u00e0, magari in futuro potremo coinvolgere anche qualche sponsor ufficiale di Barcolana anche nel Charity Program\u201d.<\/li>\r\n<\/ul>\r\n<\/li>\r\n<\/ul>\r\n<p>\u00a0<\/p>\r\n\r\n<p style=\"text-align: center;\"><a class=\"wp-block-button__link has-background wp-element-button\" style=\"border-radius: 15px; background-color: #00a8c4;\" href=\"https:\/\/www.retedeldono.it\/barcolana\">Scopri Barcolana Charity Program<\/a><\/p>\r\n[\/vc_column_text][\/vc_column][\/vc_row]","protected":false},"excerpt":{"rendered":"<p>[vc_row type=&#8221;in_container&#8221; full_screen_row_position=&#8221;middle&#8221; column_margin=&#8221;default&#8221; column_direction=&#8221;default&#8221; column_direction_tablet=&#8221;default&#8221; column_direction_phone=&#8221;default&#8221; scene_position=&#8221;center&#8221; text_color=&#8221;dark&#8221; text_align=&#8221;left&#8221; row_border_radius=&#8221;none&#8221; row_border_radius_applies=&#8221;bg&#8221; overflow=&#8221;visible&#8221; overlay_strength=&#8221;0.3&#8243; gradient_direction=&#8221;left_to_right&#8221; shape_divider_position=&#8221;bottom&#8221; bg_image_animation=&#8221;none&#8221;][vc_column column_padding=&#8221;no-extra-padding&#8221; column_padding_tablet=&#8221;inherit&#8221; column_padding_phone=&#8221;inherit&#8221; column_padding_position=&#8221;all&#8221; column_element_spacing=&#8221;default&#8221; background_color_opacity=&#8221;1&#8243; background_hover_color_opacity=&#8221;1&#8243; column_shadow=&#8221;none&#8221; column_border_radius=&#8221;none&#8221; column_link_target=&#8221;_self&#8221; column_position=&#8221;default&#8221; gradient_direction=&#8221;left_to_right&#8221; overlay_strength=&#8221;0.3&#8243;&#8230;<\/p>\n","protected":false},"author":12,"featured_media":2512,"comment_status":"open","ping_status":"open","sticky":true,"template":"","format":"standard","meta":{"_acf_changed":false,"footnotes":""},"categories":[13],"tags":[],"class_list":{"0":"post-2511","1":"post","2":"type-post","3":"status-publish","4":"format-standard","5":"has-post-thumbnail","7":"category-crowdfunding"},"acf":{"homepage_rdd":false},"yoast_head":"<!-- This site is optimized with the Yoast SEO plugin v27.5 - https:\/\/yoast.com\/product\/yoast-seo-wordpress\/ -->\n<title>Barcolana 2023: il Charity Program - Rete del Dono Magazine<\/title>\n<meta name=\"description\" content=\"L&#039;8 ottobre si tiene la Barcolana 2023. Anche questa 55esima edizione, dopo l&#039;ottimo esordio dello scorso anno, ripropone il Charity Program.\" \/>\n<meta name=\"robots\" content=\"index, follow, max-snippet:-1, max-image-preview:large, max-video-preview:-1\" \/>\n<link rel=\"canonical\" href=\"https:\/\/www.retedeldono.it\/magazine\/barcolana-2023-la-seconda-edizione-del-charity-program\/\" \/>\n<meta property=\"og:locale\" content=\"it_IT\" \/>\n<meta property=\"og:type\" content=\"article\" \/>\n<meta property=\"og:title\" content=\"Barcolana 2023: la seconda edizione del Charity Program\" \/>\n<meta property=\"og:description\" content=\"L&#039;8 ottobre si tiene la Barcolana 2023. Anche questa 55esima edizione, dopo l&#039;ottimo esordio dello scorso anno, ripropone il Charity Program.\" \/>\n<meta property=\"og:url\" content=\"https:\/\/www.retedeldono.it\/magazine\/barcolana-2023-la-seconda-edizione-del-charity-program\/\" \/>\n<meta property=\"og:site_name\" content=\"Rete del Dono Magazine\" \/>\n<meta property=\"article:publisher\" content=\"https:\/\/www.facebook.com\/retedeldono\/\" \/>\n<meta property=\"article:published_time\" content=\"2023-08-24T08:00:00+00:00\" \/>\n<meta property=\"article:modified_time\" content=\"2023-09-07T15:09:49+00:00\" \/>\n<meta property=\"og:image\" content=\"https:\/\/magazine.retedeldono.it\/wp-content\/uploads\/2023\/08\/12087248_10205854311451032_7366559917519682084_o.jpg\" \/>\n\t<meta property=\"og:image:width\" content=\"1007\" \/>\n\t<meta property=\"og:image:height\" content=\"700\" \/>\n\t<meta property=\"og:image:type\" content=\"image\/jpeg\" \/>\n<meta name=\"author\" content=\"Francesca Gervasoni\" \/>\n<meta name=\"twitter:card\" content=\"summary_large_image\" \/>\n<meta name=\"twitter:title\" content=\"Barcolana 2023: la seconda edizione del Charity Program\" \/>\n<meta name=\"twitter:description\" content=\"L&#039;8 ottobre si tiene la Barcolana 2023. Anche questa 55esima edizione, dopo l&#039;ottimo esordio dello scorso anno, ripropone il Charity Program.\" \/>\n<meta name=\"twitter:image\" content=\"https:\/\/magazine.retedeldono.it\/wp-content\/uploads\/2023\/08\/12087248_10205854311451032_7366559917519682084_o.jpg\" \/>\n<meta name=\"twitter:label1\" content=\"Scritto da\" \/>\n\t<meta name=\"twitter:data1\" content=\"Francesca Gervasoni\" \/>\n\t<meta name=\"twitter:label2\" content=\"Tempo di lettura stimato\" \/>\n\t<meta name=\"twitter:data2\" content=\"5 minuti\" \/>\n<script type=\"application\/ld+json\" class=\"yoast-schema-graph\">{\"@context\":\"https:\\\/\\\/schema.org\",\"@graph\":[{\"@type\":\"Article\",\"@id\":\"https:\\\/\\\/www.retedeldono.it\\\/magazine\\\/barcolana-2023-la-seconda-edizione-del-charity-program\\\/#article\",\"isPartOf\":{\"@id\":\"https:\\\/\\\/www.retedeldono.it\\\/magazine\\\/barcolana-2023-la-seconda-edizione-del-charity-program\\\/\"},\"author\":{\"name\":\"Francesca Gervasoni\",\"@id\":\"https:\\\/\\\/www.retedeldono.it\\\/magazine\\\/#\\\/schema\\\/person\\\/a35c81474fbabc7c769d83f87073545f\"},\"headline\":\"Barcolana 2023: la seconda edizione del Charity Program\",\"datePublished\":\"2023-08-24T08:00:00+00:00\",\"dateModified\":\"2023-09-07T15:09:49+00:00\",\"mainEntityOfPage\":{\"@id\":\"https:\\\/\\\/www.retedeldono.it\\\/magazine\\\/barcolana-2023-la-seconda-edizione-del-charity-program\\\/\"},\"wordCount\":896,\"commentCount\":0,\"image\":{\"@id\":\"https:\\\/\\\/www.retedeldono.it\\\/magazine\\\/barcolana-2023-la-seconda-edizione-del-charity-program\\\/#primaryimage\"},\"thumbnailUrl\":\"https:\\\/\\\/magazine.retedeldono.it\\\/wp-content\\\/uploads\\\/2023\\\/08\\\/12087248_10205854311451032_7366559917519682084_o.jpg\",\"articleSection\":[\"Crowdfunding\"],\"inLanguage\":\"it-IT\",\"potentialAction\":[{\"@type\":\"CommentAction\",\"name\":\"Comment\",\"target\":[\"https:\\\/\\\/www.retedeldono.it\\\/magazine\\\/barcolana-2023-la-seconda-edizione-del-charity-program\\\/#respond\"]}]},{\"@type\":\"WebPage\",\"@id\":\"https:\\\/\\\/www.retedeldono.it\\\/magazine\\\/barcolana-2023-la-seconda-edizione-del-charity-program\\\/\",\"url\":\"https:\\\/\\\/www.retedeldono.it\\\/magazine\\\/barcolana-2023-la-seconda-edizione-del-charity-program\\\/\",\"name\":\"Barcolana 2023: il Charity Program - Rete del Dono Magazine\",\"isPartOf\":{\"@id\":\"https:\\\/\\\/www.retedeldono.it\\\/magazine\\\/#website\"},\"primaryImageOfPage\":{\"@id\":\"https:\\\/\\\/www.retedeldono.it\\\/magazine\\\/barcolana-2023-la-seconda-edizione-del-charity-program\\\/#primaryimage\"},\"image\":{\"@id\":\"https:\\\/\\\/www.retedeldono.it\\\/magazine\\\/barcolana-2023-la-seconda-edizione-del-charity-program\\\/#primaryimage\"},\"thumbnailUrl\":\"https:\\\/\\\/magazine.retedeldono.it\\\/wp-content\\\/uploads\\\/2023\\\/08\\\/12087248_10205854311451032_7366559917519682084_o.jpg\",\"datePublished\":\"2023-08-24T08:00:00+00:00\",\"dateModified\":\"2023-09-07T15:09:49+00:00\",\"author\":{\"@id\":\"https:\\\/\\\/www.retedeldono.it\\\/magazine\\\/#\\\/schema\\\/person\\\/a35c81474fbabc7c769d83f87073545f\"},\"description\":\"L'8 ottobre si tiene la Barcolana 2023. Anche questa 55esima edizione, dopo l'ottimo esordio dello scorso anno, ripropone il Charity Program.\",\"breadcrumb\":{\"@id\":\"https:\\\/\\\/www.retedeldono.it\\\/magazine\\\/barcolana-2023-la-seconda-edizione-del-charity-program\\\/#breadcrumb\"},\"inLanguage\":\"it-IT\",\"potentialAction\":[{\"@type\":\"ReadAction\",\"target\":[\"https:\\\/\\\/www.retedeldono.it\\\/magazine\\\/barcolana-2023-la-seconda-edizione-del-charity-program\\\/\"]}]},{\"@type\":\"ImageObject\",\"inLanguage\":\"it-IT\",\"@id\":\"https:\\\/\\\/www.retedeldono.it\\\/magazine\\\/barcolana-2023-la-seconda-edizione-del-charity-program\\\/#primaryimage\",\"url\":\"https:\\\/\\\/magazine.retedeldono.it\\\/wp-content\\\/uploads\\\/2023\\\/08\\\/12087248_10205854311451032_7366559917519682084_o.jpg\",\"contentUrl\":\"https:\\\/\\\/magazine.retedeldono.it\\\/wp-content\\\/uploads\\\/2023\\\/08\\\/12087248_10205854311451032_7366559917519682084_o.jpg\",\"width\":1007,\"height\":700,\"caption\":\"Barcolana 2023 Charity Program\"},{\"@type\":\"BreadcrumbList\",\"@id\":\"https:\\\/\\\/www.retedeldono.it\\\/magazine\\\/barcolana-2023-la-seconda-edizione-del-charity-program\\\/#breadcrumb\",\"itemListElement\":[{\"@type\":\"ListItem\",\"position\":1,\"name\":\"Home\",\"item\":\"https:\\\/\\\/www.retedeldono.it\\\/magazine\\\/\"},{\"@type\":\"ListItem\",\"position\":2,\"name\":\"Barcolana 2023: la seconda edizione del Charity Program\"}]},{\"@type\":\"WebSite\",\"@id\":\"https:\\\/\\\/www.retedeldono.it\\\/magazine\\\/#website\",\"url\":\"https:\\\/\\\/www.retedeldono.it\\\/magazine\\\/\",\"name\":\"Rete del Dono Magazine\",\"description\":\"Rete del Dono Magazine\",\"potentialAction\":[{\"@type\":\"SearchAction\",\"target\":{\"@type\":\"EntryPoint\",\"urlTemplate\":\"https:\\\/\\\/www.retedeldono.it\\\/magazine\\\/?s={search_term_string}\"},\"query-input\":{\"@type\":\"PropertyValueSpecification\",\"valueRequired\":true,\"valueName\":\"search_term_string\"}}],\"inLanguage\":\"it-IT\"},{\"@type\":\"Person\",\"@id\":\"https:\\\/\\\/www.retedeldono.it\\\/magazine\\\/#\\\/schema\\\/person\\\/a35c81474fbabc7c769d83f87073545f\",\"name\":\"Francesca Gervasoni\",\"image\":{\"@type\":\"ImageObject\",\"inLanguage\":\"it-IT\",\"@id\":\"https:\\\/\\\/secure.gravatar.com\\\/avatar\\\/1825a523f3047a4b9194721a85cdea28f936ebf51e16a49a9e6504a59c37d892?s=96&d=mm&r=g\",\"url\":\"https:\\\/\\\/secure.gravatar.com\\\/avatar\\\/1825a523f3047a4b9194721a85cdea28f936ebf51e16a49a9e6504a59c37d892?s=96&d=mm&r=g\",\"contentUrl\":\"https:\\\/\\\/secure.gravatar.com\\\/avatar\\\/1825a523f3047a4b9194721a85cdea28f936ebf51e16a49a9e6504a59c37d892?s=96&d=mm&r=g\",\"caption\":\"Francesca Gervasoni\"},\"description\":\"Laureata in Filosofia presso Universit\u00e0 degli studi di Milano, ha un\u2019esperienza di 15 anni nel mondo delle agenzie di comunicazione per il mondo profit. Nel 2012 cambia vita e approda su Rete del Dono, dove mette in pratica quello che ha imparato nella precedente vita professionale, per aiutare ONP e aziende ad attivare campagne di raccolta fondi non profit. In Rete del Dono, ricopre il ruolo di Head of Charity Program e si occupa dei rapporti con le aziende.\",\"url\":\"https:\\\/\\\/www.retedeldono.it\\\/magazine\\\/author\\\/francesca-gervasoni\\\/\"}]}<\/script>\n<!-- \/ Yoast SEO plugin. -->","yoast_head_json":{"title":"Barcolana 2023: il Charity Program - Rete del Dono Magazine","description":"L'8 ottobre si tiene la Barcolana 2023. Anche questa 55esima edizione, dopo l'ottimo esordio dello scorso anno, ripropone il Charity Program.","robots":{"index":"index","follow":"follow","max-snippet":"max-snippet:-1","max-image-preview":"max-image-preview:large","max-video-preview":"max-video-preview:-1"},"canonical":"https:\/\/www.retedeldono.it\/magazine\/barcolana-2023-la-seconda-edizione-del-charity-program\/","og_locale":"it_IT","og_type":"article","og_title":"Barcolana 2023: la seconda edizione del Charity Program","og_description":"L'8 ottobre si tiene la Barcolana 2023. Anche questa 55esima edizione, dopo l'ottimo esordio dello scorso anno, ripropone il Charity Program.","og_url":"https:\/\/www.retedeldono.it\/magazine\/barcolana-2023-la-seconda-edizione-del-charity-program\/","og_site_name":"Rete del Dono Magazine","article_publisher":"https:\/\/www.facebook.com\/retedeldono\/","article_published_time":"2023-08-24T08:00:00+00:00","article_modified_time":"2023-09-07T15:09:49+00:00","og_image":[{"width":1007,"height":700,"url":"https:\/\/magazine.retedeldono.it\/wp-content\/uploads\/2023\/08\/12087248_10205854311451032_7366559917519682084_o.jpg","type":"image\/jpeg"}],"author":"Francesca Gervasoni","twitter_card":"summary_large_image","twitter_title":"Barcolana 2023: la seconda edizione del Charity Program","twitter_description":"L'8 ottobre si tiene la Barcolana 2023. Anche questa 55esima edizione, dopo l'ottimo esordio dello scorso anno, ripropone il Charity Program.","twitter_image":"https:\/\/magazine.retedeldono.it\/wp-content\/uploads\/2023\/08\/12087248_10205854311451032_7366559917519682084_o.jpg","twitter_misc":{"Scritto da":"Francesca Gervasoni","Tempo di lettura stimato":"5 minuti"},"schema":{"@context":"https:\/\/schema.org","@graph":[{"@type":"Article","@id":"https:\/\/www.retedeldono.it\/magazine\/barcolana-2023-la-seconda-edizione-del-charity-program\/#article","isPartOf":{"@id":"https:\/\/www.retedeldono.it\/magazine\/barcolana-2023-la-seconda-edizione-del-charity-program\/"},"author":{"name":"Francesca Gervasoni","@id":"https:\/\/www.retedeldono.it\/magazine\/#\/schema\/person\/a35c81474fbabc7c769d83f87073545f"},"headline":"Barcolana 2023: la seconda edizione del Charity Program","datePublished":"2023-08-24T08:00:00+00:00","dateModified":"2023-09-07T15:09:49+00:00","mainEntityOfPage":{"@id":"https:\/\/www.retedeldono.it\/magazine\/barcolana-2023-la-seconda-edizione-del-charity-program\/"},"wordCount":896,"commentCount":0,"image":{"@id":"https:\/\/www.retedeldono.it\/magazine\/barcolana-2023-la-seconda-edizione-del-charity-program\/#primaryimage"},"thumbnailUrl":"https:\/\/magazine.retedeldono.it\/wp-content\/uploads\/2023\/08\/12087248_10205854311451032_7366559917519682084_o.jpg","articleSection":["Crowdfunding"],"inLanguage":"it-IT","potentialAction":[{"@type":"CommentAction","name":"Comment","target":["https:\/\/www.retedeldono.it\/magazine\/barcolana-2023-la-seconda-edizione-del-charity-program\/#respond"]}]},{"@type":"WebPage","@id":"https:\/\/www.retedeldono.it\/magazine\/barcolana-2023-la-seconda-edizione-del-charity-program\/","url":"https:\/\/www.retedeldono.it\/magazine\/barcolana-2023-la-seconda-edizione-del-charity-program\/","name":"Barcolana 2023: il Charity Program - Rete del Dono Magazine","isPartOf":{"@id":"https:\/\/www.retedeldono.it\/magazine\/#website"},"primaryImageOfPage":{"@id":"https:\/\/www.retedeldono.it\/magazine\/barcolana-2023-la-seconda-edizione-del-charity-program\/#primaryimage"},"image":{"@id":"https:\/\/www.retedeldono.it\/magazine\/barcolana-2023-la-seconda-edizione-del-charity-program\/#primaryimage"},"thumbnailUrl":"https:\/\/magazine.retedeldono.it\/wp-content\/uploads\/2023\/08\/12087248_10205854311451032_7366559917519682084_o.jpg","datePublished":"2023-08-24T08:00:00+00:00","dateModified":"2023-09-07T15:09:49+00:00","author":{"@id":"https:\/\/www.retedeldono.it\/magazine\/#\/schema\/person\/a35c81474fbabc7c769d83f87073545f"},"description":"L'8 ottobre si tiene la Barcolana 2023. Anche questa 55esima edizione, dopo l'ottimo esordio dello scorso anno, ripropone il Charity Program.","breadcrumb":{"@id":"https:\/\/www.retedeldono.it\/magazine\/barcolana-2023-la-seconda-edizione-del-charity-program\/#breadcrumb"},"inLanguage":"it-IT","potentialAction":[{"@type":"ReadAction","target":["https:\/\/www.retedeldono.it\/magazine\/barcolana-2023-la-seconda-edizione-del-charity-program\/"]}]},{"@type":"ImageObject","inLanguage":"it-IT","@id":"https:\/\/www.retedeldono.it\/magazine\/barcolana-2023-la-seconda-edizione-del-charity-program\/#primaryimage","url":"https:\/\/magazine.retedeldono.it\/wp-content\/uploads\/2023\/08\/12087248_10205854311451032_7366559917519682084_o.jpg","contentUrl":"https:\/\/magazine.retedeldono.it\/wp-content\/uploads\/2023\/08\/12087248_10205854311451032_7366559917519682084_o.jpg","width":1007,"height":700,"caption":"Barcolana 2023 Charity Program"},{"@type":"BreadcrumbList","@id":"https:\/\/www.retedeldono.it\/magazine\/barcolana-2023-la-seconda-edizione-del-charity-program\/#breadcrumb","itemListElement":[{"@type":"ListItem","position":1,"name":"Home","item":"https:\/\/www.retedeldono.it\/magazine\/"},{"@type":"ListItem","position":2,"name":"Barcolana 2023: la seconda edizione del Charity Program"}]},{"@type":"WebSite","@id":"https:\/\/www.retedeldono.it\/magazine\/#website","url":"https:\/\/www.retedeldono.it\/magazine\/","name":"Rete del Dono Magazine","description":"Rete del Dono Magazine","potentialAction":[{"@type":"SearchAction","target":{"@type":"EntryPoint","urlTemplate":"https:\/\/www.retedeldono.it\/magazine\/?s={search_term_string}"},"query-input":{"@type":"PropertyValueSpecification","valueRequired":true,"valueName":"search_term_string"}}],"inLanguage":"it-IT"},{"@type":"Person","@id":"https:\/\/www.retedeldono.it\/magazine\/#\/schema\/person\/a35c81474fbabc7c769d83f87073545f","name":"Francesca Gervasoni","image":{"@type":"ImageObject","inLanguage":"it-IT","@id":"https:\/\/secure.gravatar.com\/avatar\/1825a523f3047a4b9194721a85cdea28f936ebf51e16a49a9e6504a59c37d892?s=96&d=mm&r=g","url":"https:\/\/secure.gravatar.com\/avatar\/1825a523f3047a4b9194721a85cdea28f936ebf51e16a49a9e6504a59c37d892?s=96&d=mm&r=g","contentUrl":"https:\/\/secure.gravatar.com\/avatar\/1825a523f3047a4b9194721a85cdea28f936ebf51e16a49a9e6504a59c37d892?s=96&d=mm&r=g","caption":"Francesca Gervasoni"},"description":"Laureata in Filosofia presso Universit\u00e0 degli studi di Milano, ha un\u2019esperienza di 15 anni nel mondo delle agenzie di comunicazione per il mondo profit. Nel 2012 cambia vita e approda su Rete del Dono, dove mette in pratica quello che ha imparato nella precedente vita professionale, per aiutare ONP e aziende ad attivare campagne di raccolta fondi non profit. In Rete del Dono, ricopre il ruolo di Head of Charity Program e si occupa dei rapporti con le aziende.","url":"https:\/\/www.retedeldono.it\/magazine\/author\/francesca-gervasoni\/"}]}},"_links":{"self":[{"href":"https:\/\/www.retedeldono.it\/magazine\/wp-json\/wp\/v2\/posts\/2511","targetHints":{"allow":["GET"]}}],"collection":[{"href":"https:\/\/www.retedeldono.it\/magazine\/wp-json\/wp\/v2\/posts"}],"about":[{"href":"https:\/\/www.retedeldono.it\/magazine\/wp-json\/wp\/v2\/types\/post"}],"author":[{"embeddable":true,"href":"https:\/\/www.retedeldono.it\/magazine\/wp-json\/wp\/v2\/users\/12"}],"replies":[{"embeddable":true,"href":"https:\/\/www.retedeldono.it\/magazine\/wp-json\/wp\/v2\/comments?post=2511"}],"version-history":[{"count":2,"href":"https:\/\/www.retedeldono.it\/magazine\/wp-json\/wp\/v2\/posts\/2511\/revisions"}],"predecessor-version":[{"id":2759,"href":"https:\/\/www.retedeldono.it\/magazine\/wp-json\/wp\/v2\/posts\/2511\/revisions\/2759"}],"wp:featuredmedia":[{"embeddable":true,"href":"https:\/\/www.retedeldono.it\/magazine\/wp-json\/wp\/v2\/media\/2512"}],"wp:attachment":[{"href":"https:\/\/www.retedeldono.it\/magazine\/wp-json\/wp\/v2\/media?parent=2511"}],"wp:term":[{"taxonomy":"category","embeddable":true,"href":"https:\/\/www.retedeldono.it\/magazine\/wp-json\/wp\/v2\/categories?post=2511"},{"taxonomy":"post_tag","embeddable":true,"href":"https:\/\/www.retedeldono.it\/magazine\/wp-json\/wp\/v2\/tags?post=2511"}],"curies":[{"name":"wp","href":"https:\/\/api.w.org\/{rel}","templated":true}]}}