{"id":2520,"date":"2023-08-10T08:00:00","date_gmt":"2023-08-10T08:00:00","guid":{"rendered":"https:\/\/www.retedeldono.it\/magazine\/?p=2520"},"modified":"2023-08-25T10:13:12","modified_gmt":"2023-08-25T10:13:12","slug":"personal-fundraiser-in-montagna","status":"publish","type":"post","link":"https:\/\/www.retedeldono.it\/magazine\/personal-fundraiser-in-montagna\/","title":{"rendered":"Personal fundraiser in montagna"},"content":{"rendered":"\r\n<p>Ad ogni <a href=\"https:\/\/www.retedeldono.it\/magazine\/personal-fundraising\/\" target=\"_blank\" rel=\"noreferrer noopener\"><strong>Personal Fundraiser<\/strong><\/a> sportivo la sua disciplina: c\u2019\u00e8 chi <a href=\"https:\/\/www.retedeldono.it\/magazine\/maratone-solidali-storie-di-runner-personal-fundraiser\/\" target=\"_blank\" rel=\"noreferrer noopener\"><strong>corre<\/strong><\/a>, chi va in <a href=\"https:\/\/www.retedeldono.it\/magazine\/personal-fundraiser-in-bicicletta\/\" target=\"_blank\" rel=\"noreferrer noopener\"><strong>bicicletta<\/strong><\/a> e chi <a href=\"https:\/\/www.retedeldono.it\/magazine\/un-cammino-e-una-serie-tv-per-agop-onlus\/\" target=\"_blank\" rel=\"noreferrer noopener\"><strong>cammina<\/strong><\/a>. Chi fa pi\u00f9 fatica, chi merita maggiori donazioni? Non \u00e8 la domanda giusta da porsi. Di certo, per\u00f2, imprese di grande fascino sono quelle che si svolgono in <strong>montagna<\/strong>, al cospetto di vette che allo stesso tempo spaventano e attirano a s\u00e9 con il gusto irresistibile della sfida. Due avventure in alta quota dei nostri Personal fundraiser in montagna.<\/p>\r\n\r\n\r\n\r\n<h2 class=\"wp-block-heading\">Personal fundraiser in montagna: Marcus alla Dolomites Skyrace<\/h2>\r\n\r\n\r\n\r\n<p>Non camminare, bens\u00ec correre in montagna. \u00c8 ci\u00f2 che da qualche anno ha iniziato a fare <strong>Marcus Vukojevic<\/strong>, nel meraviglioso contesto delle Dolomiti della Val di Fassa dove abita. \u201cAlla mia prima partecipazione alla <strong>DoloMyths Run Skyrace<\/strong>, lunga 22 km, ho chiuso 155\u00ba su 800 con un tempo di 2 ore e 47 minuti. Quest\u2019anno, nell\u2019edizione svoltasi il 15 e 16 luglio scorsi, puntavo a stare sotto le 2 ore e mezza. Ho per\u00f2 voluto abbinare alla mia impresa sportiva anche quella solidale, raccogliendo fondi a sostegno di Fondazione AIRC\u201d. Una scelta naturale, per chi in passato ha toccato con mano il rischio di perdere un proprio caro a causa del cancro. Marcus, cos\u00ec, ha contattato AIRC che lo ha subito supportato, suggerendo Rete del Dono come piattaforma.<\/p>\r\n\r\n\r\n<div class=\"wp-block-image\">\r\n<figure class=\"aligncenter size-large\"><img loading=\"lazy\" decoding=\"async\" width=\"1024\" height=\"683\" class=\"wp-image-2523\" src=\"https:\/\/www.retedeldono.it\/magazine\/wp-content\/uploads\/2023\/08\/ft00000580_21-1024x683.jpg\" alt=\"Personal-fundraiser-in-montagna-Marcus\" srcset=\"https:\/\/magazine.retedeldono.it\/wp-content\/uploads\/2023\/08\/ft00000580_21-1024x683.jpg 1024w, https:\/\/magazine.retedeldono.it\/wp-content\/uploads\/2023\/08\/ft00000580_21-300x200.jpg 300w, https:\/\/magazine.retedeldono.it\/wp-content\/uploads\/2023\/08\/ft00000580_21-768x512.jpg 768w, https:\/\/magazine.retedeldono.it\/wp-content\/uploads\/2023\/08\/ft00000580_21-1536x1024.jpg 1536w, https:\/\/magazine.retedeldono.it\/wp-content\/uploads\/2023\/08\/ft00000580_21-2048x1365.jpg 2048w, https:\/\/magazine.retedeldono.it\/wp-content\/uploads\/2023\/08\/ft00000580_21-900x600.jpg 900w\" sizes=\"auto, (max-width: 1024px) 100vw, 1024px\" \/><\/figure>\r\n<\/div>\r\n\r\n\r\n<h2 class=\"wp-block-heading\">Due gare per la stessa raccolta<\/h2>\r\n\r\n\r\n\r\n<p>\u201cLa campagna <a href=\"https:\/\/www.retedeldono.it\/it\/dolomites-skyrace-in-vetta-per-airc\"><strong>Dolomites Skyrace &#8211; In vetta per AIRC<\/strong><\/a> \u00e8 nata in un lampo e per me \u00e8 stata una spinta motivazionale in pi\u00f9\u201d. E se la gara non \u00e8 andata esattamente secondo i piani, il sorprendente supporto sui social lo ha convinto a raddoppiare l\u2019impegno. \u201cHo completato la salita con un tempo di 20 minuti inferiore, ma in discesa un infortunio mi ha rallentato molto e non ho raggiunto l\u2019obiettivo sportivo. Quello solidale per\u00f2 \u00e8 pi\u00f9 vivo che mai, perch\u00e9 ho deciso di bissare e il 26 agosto rilancer\u00f2 la campagna partecipando a un\u2019altra gara di trail running. Tanto chiedere non costa nulla e, come alcune persone mi hanno scritto, queste iniziative possono essere d\u2019ispirazione per altri\u201d.<\/p>\r\n\r\n\r\n<div class=\"wp-block-image\">\r\n<figure class=\"aligncenter size-large\"><img loading=\"lazy\" decoding=\"async\" width=\"1024\" height=\"538\" class=\"wp-image-2521\" src=\"https:\/\/www.retedeldono.it\/magazine\/wp-content\/uploads\/2023\/08\/F4D3C3B9-29AF-4535-8958-5BE281D4BCFD-1024x538.jpg\" alt=\"Personal-fundraiser-montagna-Leonardo\" srcset=\"https:\/\/magazine.retedeldono.it\/wp-content\/uploads\/2023\/08\/F4D3C3B9-29AF-4535-8958-5BE281D4BCFD-1024x538.jpg 1024w, https:\/\/magazine.retedeldono.it\/wp-content\/uploads\/2023\/08\/F4D3C3B9-29AF-4535-8958-5BE281D4BCFD-300x158.jpg 300w, https:\/\/magazine.retedeldono.it\/wp-content\/uploads\/2023\/08\/F4D3C3B9-29AF-4535-8958-5BE281D4BCFD-768x403.jpg 768w, https:\/\/magazine.retedeldono.it\/wp-content\/uploads\/2023\/08\/F4D3C3B9-29AF-4535-8958-5BE281D4BCFD.jpg 1200w\" sizes=\"auto, (max-width: 1024px) 100vw, 1024px\" \/><\/figure>\r\n<\/div>\r\n\r\n\r\n<h2 class=\"wp-block-heading\">Personal fundraiser in montagna: Leonardo in cima al Monte Bianco<\/h2>\r\n\r\n\r\n\r\n<p>Una sfida che verr\u00e0 raccontata in un <strong>video su YouTube<\/strong>, ma anche un mezzo per sensibilizzare sulla ricerca sul cancro. <strong>Leonardo Urbani<\/strong> ama ispirare i suoi followers, soprattutto su <a href=\"https:\/\/www.youtube.com\/channel\/UC0kF4Et6bq8d_5UyTF0yXoA\"><strong>YouTube<\/strong><\/a> e <a href=\"https:\/\/www.instagram.com\/leo.urbans\/\"><strong>Instagram<\/strong><\/a>, con video in cui affronta varie imprese partendo da zero. \u201cVoglio mostrare quanto potenziale ci sia dentro ognuno di noi. I canali social possono, devono essere usati per fare del bene e cos\u00ec ho deciso di unire all\u2019impresa di scalare il Monte Bianco una raccolta fondi in favore di Fondazione AIRC\u201d. Obiettivo di settembre, dunque, raggiungere il tetto d\u2019Europa e portare a 4.807 m di quota la bandiera di AIRC con stampati i nomi di tutti i donatori della campagna <a href=\"https:\/\/www.retedeldono.it\/it\/leonardo-urbani\/sul-monte-bianco-per-airc\"><strong>Sul Monte Bianco per AIRC<\/strong><\/a>.<\/p>\r\n\r\n\r\n\r\n<h2 class=\"wp-block-heading\">Una sfida per attivare i propri followers<\/h2>\r\n\r\n\r\n\r\n<p>Una prima volta sia da alpinista che da fundraiser. \u201cIl messaggio anche questa volta \u00e8: qualsiasi persona pu\u00f2 farlo! Pensa che <strong>l\u2019idea me l\u2019ha data un mio follower<\/strong>, incontrato alla Rome the Marathon. Io lo avevo ispirato nel fare running e lui stava correndo per beneficenza. Ho detto: perch\u00e9 non ci ho mai pensato? Poi Rete del Dono \u00e8 intuitivo, fondamentale poter aggiornare i donatori sui tuoi allenamenti\u201d. E poter entrare in relazione con i donatori tramite pillole video sui social, per Leo \u00e8 decisivo. \u201cSento un <strong>surplus motivazionale<\/strong> incredibile. Faccio video per ispirare altri, ma lo stupore e la carica mi torna indietro tutta dai messaggi e dalle donazioni. \u00c8 bello poter attivare i tuoi followers non solo come spettatori dei tuoi contenuti, ma per fare qualcosa di importante insieme\u201d.<\/p>\r\n","protected":false},"excerpt":{"rendered":"<p>Ad ogni Personal Fundraiser sportivo la sua disciplina: c\u2019\u00e8 chi corre, chi va in bicicletta e chi cammina. Chi fa pi\u00f9 fatica, chi merita maggiori donazioni? Non \u00e8 la domanda&#8230;<\/p>\n","protected":false},"author":7,"featured_media":2522,"comment_status":"open","ping_status":"open","sticky":true,"template":"","format":"standard","meta":{"_acf_changed":false,"footnotes":""},"categories":[13],"tags":[],"class_list":{"0":"post-2520","1":"post","2":"type-post","3":"status-publish","4":"format-standard","5":"has-post-thumbnail","7":"category-crowdfunding"},"acf":{"homepage_rdd":false},"yoast_head":"<!-- This site is optimized with the Yoast SEO plugin v27.5 - https:\/\/yoast.com\/product\/yoast-seo-wordpress\/ -->\n<title>Personal fundraiser in montagna - Rete del Dono Magazine<\/title>\n<meta name=\"description\" content=\"C\u2019\u00e8 chi, per raccogliere fondi, corre, va in bicicletta o cammina. Ma non solo: ecco due avventure dei nostri Personal fundraiser in montagna.\" \/>\n<meta name=\"robots\" content=\"index, follow, max-snippet:-1, max-image-preview:large, max-video-preview:-1\" \/>\n<link rel=\"canonical\" href=\"https:\/\/www.retedeldono.it\/magazine\/personal-fundraiser-in-montagna\/\" \/>\n<meta property=\"og:locale\" content=\"it_IT\" \/>\n<meta property=\"og:type\" content=\"article\" \/>\n<meta property=\"og:title\" content=\"Personal fundraiser in montagna\" \/>\n<meta property=\"og:description\" content=\"C\u2019\u00e8 chi, per raccogliere fondi, corre, va in bicicletta o cammina. Ma non solo: ecco due avventure dei nostri Personal fundraiser in montagna.\" \/>\n<meta property=\"og:url\" content=\"https:\/\/www.retedeldono.it\/magazine\/personal-fundraiser-in-montagna\/\" \/>\n<meta property=\"og:site_name\" content=\"Rete del Dono Magazine\" \/>\n<meta property=\"article:publisher\" content=\"https:\/\/www.facebook.com\/retedeldono\/\" \/>\n<meta property=\"article:published_time\" content=\"2023-08-10T08:00:00+00:00\" \/>\n<meta property=\"article:modified_time\" content=\"2023-08-25T10:13:12+00:00\" \/>\n<meta property=\"og:image\" content=\"https:\/\/magazine.retedeldono.it\/wp-content\/uploads\/2023\/08\/ft00000580_6.jpg\" \/>\n\t<meta property=\"og:image:width\" content=\"1000\" \/>\n\t<meta property=\"og:image:height\" content=\"700\" \/>\n\t<meta property=\"og:image:type\" content=\"image\/jpeg\" \/>\n<meta name=\"author\" content=\"Aldo Lubrani\" \/>\n<meta name=\"twitter:card\" content=\"summary_large_image\" \/>\n<meta name=\"twitter:title\" content=\"Personal fundraiser in montagna\" \/>\n<meta name=\"twitter:description\" content=\"C\u2019\u00e8 chi, per raccogliere fondi, corre, va in bicicletta o cammina. Ma non solo: ecco due avventure dei nostri Personal fundraiser in montagna.\" \/>\n<meta name=\"twitter:image\" content=\"https:\/\/magazine.retedeldono.it\/wp-content\/uploads\/2023\/08\/ft00000580_6.jpg\" \/>\n<meta name=\"twitter:label1\" content=\"Scritto da\" \/>\n\t<meta name=\"twitter:data1\" content=\"Aldo Lubrani\" \/>\n\t<meta name=\"twitter:label2\" content=\"Tempo di lettura stimato\" \/>\n\t<meta name=\"twitter:data2\" content=\"4 minuti\" \/>\n<script type=\"application\/ld+json\" class=\"yoast-schema-graph\">{\"@context\":\"https:\\\/\\\/schema.org\",\"@graph\":[{\"@type\":\"Article\",\"@id\":\"https:\\\/\\\/www.retedeldono.it\\\/magazine\\\/personal-fundraiser-in-montagna\\\/#article\",\"isPartOf\":{\"@id\":\"https:\\\/\\\/www.retedeldono.it\\\/magazine\\\/personal-fundraiser-in-montagna\\\/\"},\"author\":{\"name\":\"Aldo Lubrani\",\"@id\":\"https:\\\/\\\/www.retedeldono.it\\\/magazine\\\/#\\\/schema\\\/person\\\/19118fc3b527ea22d276cc2b446f7353\"},\"headline\":\"Personal fundraiser in montagna\",\"datePublished\":\"2023-08-10T08:00:00+00:00\",\"dateModified\":\"2023-08-25T10:13:12+00:00\",\"mainEntityOfPage\":{\"@id\":\"https:\\\/\\\/www.retedeldono.it\\\/magazine\\\/personal-fundraiser-in-montagna\\\/\"},\"wordCount\":595,\"commentCount\":0,\"image\":{\"@id\":\"https:\\\/\\\/www.retedeldono.it\\\/magazine\\\/personal-fundraiser-in-montagna\\\/#primaryimage\"},\"thumbnailUrl\":\"https:\\\/\\\/magazine.retedeldono.it\\\/wp-content\\\/uploads\\\/2023\\\/08\\\/ft00000580_6.jpg\",\"articleSection\":[\"Crowdfunding\"],\"inLanguage\":\"it-IT\",\"potentialAction\":[{\"@type\":\"CommentAction\",\"name\":\"Comment\",\"target\":[\"https:\\\/\\\/www.retedeldono.it\\\/magazine\\\/personal-fundraiser-in-montagna\\\/#respond\"]}]},{\"@type\":\"WebPage\",\"@id\":\"https:\\\/\\\/www.retedeldono.it\\\/magazine\\\/personal-fundraiser-in-montagna\\\/\",\"url\":\"https:\\\/\\\/www.retedeldono.it\\\/magazine\\\/personal-fundraiser-in-montagna\\\/\",\"name\":\"Personal fundraiser in montagna - Rete del Dono Magazine\",\"isPartOf\":{\"@id\":\"https:\\\/\\\/www.retedeldono.it\\\/magazine\\\/#website\"},\"primaryImageOfPage\":{\"@id\":\"https:\\\/\\\/www.retedeldono.it\\\/magazine\\\/personal-fundraiser-in-montagna\\\/#primaryimage\"},\"image\":{\"@id\":\"https:\\\/\\\/www.retedeldono.it\\\/magazine\\\/personal-fundraiser-in-montagna\\\/#primaryimage\"},\"thumbnailUrl\":\"https:\\\/\\\/magazine.retedeldono.it\\\/wp-content\\\/uploads\\\/2023\\\/08\\\/ft00000580_6.jpg\",\"datePublished\":\"2023-08-10T08:00:00+00:00\",\"dateModified\":\"2023-08-25T10:13:12+00:00\",\"author\":{\"@id\":\"https:\\\/\\\/www.retedeldono.it\\\/magazine\\\/#\\\/schema\\\/person\\\/19118fc3b527ea22d276cc2b446f7353\"},\"description\":\"C\u2019\u00e8 chi, per raccogliere fondi, corre, va in bicicletta o cammina. Ma non solo: ecco due avventure dei nostri Personal fundraiser in montagna.\",\"breadcrumb\":{\"@id\":\"https:\\\/\\\/www.retedeldono.it\\\/magazine\\\/personal-fundraiser-in-montagna\\\/#breadcrumb\"},\"inLanguage\":\"it-IT\",\"potentialAction\":[{\"@type\":\"ReadAction\",\"target\":[\"https:\\\/\\\/www.retedeldono.it\\\/magazine\\\/personal-fundraiser-in-montagna\\\/\"]}]},{\"@type\":\"ImageObject\",\"inLanguage\":\"it-IT\",\"@id\":\"https:\\\/\\\/www.retedeldono.it\\\/magazine\\\/personal-fundraiser-in-montagna\\\/#primaryimage\",\"url\":\"https:\\\/\\\/magazine.retedeldono.it\\\/wp-content\\\/uploads\\\/2023\\\/08\\\/ft00000580_6.jpg\",\"contentUrl\":\"https:\\\/\\\/magazine.retedeldono.it\\\/wp-content\\\/uploads\\\/2023\\\/08\\\/ft00000580_6.jpg\",\"width\":1000,\"height\":700,\"caption\":\"Personal-fundraiser-in-montagna-Marcus\"},{\"@type\":\"BreadcrumbList\",\"@id\":\"https:\\\/\\\/www.retedeldono.it\\\/magazine\\\/personal-fundraiser-in-montagna\\\/#breadcrumb\",\"itemListElement\":[{\"@type\":\"ListItem\",\"position\":1,\"name\":\"Home\",\"item\":\"https:\\\/\\\/www.retedeldono.it\\\/magazine\\\/\"},{\"@type\":\"ListItem\",\"position\":2,\"name\":\"Personal fundraiser in montagna\"}]},{\"@type\":\"WebSite\",\"@id\":\"https:\\\/\\\/www.retedeldono.it\\\/magazine\\\/#website\",\"url\":\"https:\\\/\\\/www.retedeldono.it\\\/magazine\\\/\",\"name\":\"Rete del Dono Magazine\",\"description\":\"Rete del Dono Magazine\",\"potentialAction\":[{\"@type\":\"SearchAction\",\"target\":{\"@type\":\"EntryPoint\",\"urlTemplate\":\"https:\\\/\\\/www.retedeldono.it\\\/magazine\\\/?s={search_term_string}\"},\"query-input\":{\"@type\":\"PropertyValueSpecification\",\"valueRequired\":true,\"valueName\":\"search_term_string\"}}],\"inLanguage\":\"it-IT\"},{\"@type\":\"Person\",\"@id\":\"https:\\\/\\\/www.retedeldono.it\\\/magazine\\\/#\\\/schema\\\/person\\\/19118fc3b527ea22d276cc2b446f7353\",\"name\":\"Aldo Lubrani\",\"image\":{\"@type\":\"ImageObject\",\"inLanguage\":\"it-IT\",\"@id\":\"https:\\\/\\\/secure.gravatar.com\\\/avatar\\\/e948991b445298d4342a4a232b29e90adbf8a4af10151e265f6e6f3e9a10f68c?s=96&d=mm&r=g\",\"url\":\"https:\\\/\\\/secure.gravatar.com\\\/avatar\\\/e948991b445298d4342a4a232b29e90adbf8a4af10151e265f6e6f3e9a10f68c?s=96&d=mm&r=g\",\"contentUrl\":\"https:\\\/\\\/secure.gravatar.com\\\/avatar\\\/e948991b445298d4342a4a232b29e90adbf8a4af10151e265f6e6f3e9a10f68c?s=96&d=mm&r=g\",\"caption\":\"Aldo Lubrani\"},\"description\":\"Laureato con lode in Relazioni Internazionali presso Universit\u00e0 degli studi Roma Tre, Master in Europrogettazione presso Europa Business School di Bologna. Google Digital Training Certificate. Lavoro da anni nel settore Digital, Fundraising e Non Profit. Su Rete del Dono ricopro il ruolo di Project Manager nell'ambito Comunicazione, Digital e Personal Fundraising. Appassionato di viaggi, natura, pittura.\",\"sameAs\":[\"https:\\\/\\\/www.retedeldono.it\"],\"url\":\"https:\\\/\\\/www.retedeldono.it\\\/magazine\\\/author\\\/aldo-lubrani\\\/\"}]}<\/script>\n<!-- \/ Yoast SEO plugin. -->","yoast_head_json":{"title":"Personal fundraiser in montagna - Rete del Dono Magazine","description":"C\u2019\u00e8 chi, per raccogliere fondi, corre, va in bicicletta o cammina. Ma non solo: ecco due avventure dei nostri Personal fundraiser in montagna.","robots":{"index":"index","follow":"follow","max-snippet":"max-snippet:-1","max-image-preview":"max-image-preview:large","max-video-preview":"max-video-preview:-1"},"canonical":"https:\/\/www.retedeldono.it\/magazine\/personal-fundraiser-in-montagna\/","og_locale":"it_IT","og_type":"article","og_title":"Personal fundraiser in montagna","og_description":"C\u2019\u00e8 chi, per raccogliere fondi, corre, va in bicicletta o cammina. Ma non solo: ecco due avventure dei nostri Personal fundraiser in montagna.","og_url":"https:\/\/www.retedeldono.it\/magazine\/personal-fundraiser-in-montagna\/","og_site_name":"Rete del Dono Magazine","article_publisher":"https:\/\/www.facebook.com\/retedeldono\/","article_published_time":"2023-08-10T08:00:00+00:00","article_modified_time":"2023-08-25T10:13:12+00:00","og_image":[{"width":1000,"height":700,"url":"https:\/\/magazine.retedeldono.it\/wp-content\/uploads\/2023\/08\/ft00000580_6.jpg","type":"image\/jpeg"}],"author":"Aldo Lubrani","twitter_card":"summary_large_image","twitter_title":"Personal fundraiser in montagna","twitter_description":"C\u2019\u00e8 chi, per raccogliere fondi, corre, va in bicicletta o cammina. Ma non solo: ecco due avventure dei nostri Personal fundraiser in montagna.","twitter_image":"https:\/\/magazine.retedeldono.it\/wp-content\/uploads\/2023\/08\/ft00000580_6.jpg","twitter_misc":{"Scritto da":"Aldo Lubrani","Tempo di lettura stimato":"4 minuti"},"schema":{"@context":"https:\/\/schema.org","@graph":[{"@type":"Article","@id":"https:\/\/www.retedeldono.it\/magazine\/personal-fundraiser-in-montagna\/#article","isPartOf":{"@id":"https:\/\/www.retedeldono.it\/magazine\/personal-fundraiser-in-montagna\/"},"author":{"name":"Aldo Lubrani","@id":"https:\/\/www.retedeldono.it\/magazine\/#\/schema\/person\/19118fc3b527ea22d276cc2b446f7353"},"headline":"Personal fundraiser in montagna","datePublished":"2023-08-10T08:00:00+00:00","dateModified":"2023-08-25T10:13:12+00:00","mainEntityOfPage":{"@id":"https:\/\/www.retedeldono.it\/magazine\/personal-fundraiser-in-montagna\/"},"wordCount":595,"commentCount":0,"image":{"@id":"https:\/\/www.retedeldono.it\/magazine\/personal-fundraiser-in-montagna\/#primaryimage"},"thumbnailUrl":"https:\/\/magazine.retedeldono.it\/wp-content\/uploads\/2023\/08\/ft00000580_6.jpg","articleSection":["Crowdfunding"],"inLanguage":"it-IT","potentialAction":[{"@type":"CommentAction","name":"Comment","target":["https:\/\/www.retedeldono.it\/magazine\/personal-fundraiser-in-montagna\/#respond"]}]},{"@type":"WebPage","@id":"https:\/\/www.retedeldono.it\/magazine\/personal-fundraiser-in-montagna\/","url":"https:\/\/www.retedeldono.it\/magazine\/personal-fundraiser-in-montagna\/","name":"Personal fundraiser in montagna - Rete del Dono Magazine","isPartOf":{"@id":"https:\/\/www.retedeldono.it\/magazine\/#website"},"primaryImageOfPage":{"@id":"https:\/\/www.retedeldono.it\/magazine\/personal-fundraiser-in-montagna\/#primaryimage"},"image":{"@id":"https:\/\/www.retedeldono.it\/magazine\/personal-fundraiser-in-montagna\/#primaryimage"},"thumbnailUrl":"https:\/\/magazine.retedeldono.it\/wp-content\/uploads\/2023\/08\/ft00000580_6.jpg","datePublished":"2023-08-10T08:00:00+00:00","dateModified":"2023-08-25T10:13:12+00:00","author":{"@id":"https:\/\/www.retedeldono.it\/magazine\/#\/schema\/person\/19118fc3b527ea22d276cc2b446f7353"},"description":"C\u2019\u00e8 chi, per raccogliere fondi, corre, va in bicicletta o cammina. Ma non solo: ecco due avventure dei nostri Personal fundraiser in montagna.","breadcrumb":{"@id":"https:\/\/www.retedeldono.it\/magazine\/personal-fundraiser-in-montagna\/#breadcrumb"},"inLanguage":"it-IT","potentialAction":[{"@type":"ReadAction","target":["https:\/\/www.retedeldono.it\/magazine\/personal-fundraiser-in-montagna\/"]}]},{"@type":"ImageObject","inLanguage":"it-IT","@id":"https:\/\/www.retedeldono.it\/magazine\/personal-fundraiser-in-montagna\/#primaryimage","url":"https:\/\/magazine.retedeldono.it\/wp-content\/uploads\/2023\/08\/ft00000580_6.jpg","contentUrl":"https:\/\/magazine.retedeldono.it\/wp-content\/uploads\/2023\/08\/ft00000580_6.jpg","width":1000,"height":700,"caption":"Personal-fundraiser-in-montagna-Marcus"},{"@type":"BreadcrumbList","@id":"https:\/\/www.retedeldono.it\/magazine\/personal-fundraiser-in-montagna\/#breadcrumb","itemListElement":[{"@type":"ListItem","position":1,"name":"Home","item":"https:\/\/www.retedeldono.it\/magazine\/"},{"@type":"ListItem","position":2,"name":"Personal fundraiser in montagna"}]},{"@type":"WebSite","@id":"https:\/\/www.retedeldono.it\/magazine\/#website","url":"https:\/\/www.retedeldono.it\/magazine\/","name":"Rete del Dono Magazine","description":"Rete del Dono Magazine","potentialAction":[{"@type":"SearchAction","target":{"@type":"EntryPoint","urlTemplate":"https:\/\/www.retedeldono.it\/magazine\/?s={search_term_string}"},"query-input":{"@type":"PropertyValueSpecification","valueRequired":true,"valueName":"search_term_string"}}],"inLanguage":"it-IT"},{"@type":"Person","@id":"https:\/\/www.retedeldono.it\/magazine\/#\/schema\/person\/19118fc3b527ea22d276cc2b446f7353","name":"Aldo Lubrani","image":{"@type":"ImageObject","inLanguage":"it-IT","@id":"https:\/\/secure.gravatar.com\/avatar\/e948991b445298d4342a4a232b29e90adbf8a4af10151e265f6e6f3e9a10f68c?s=96&d=mm&r=g","url":"https:\/\/secure.gravatar.com\/avatar\/e948991b445298d4342a4a232b29e90adbf8a4af10151e265f6e6f3e9a10f68c?s=96&d=mm&r=g","contentUrl":"https:\/\/secure.gravatar.com\/avatar\/e948991b445298d4342a4a232b29e90adbf8a4af10151e265f6e6f3e9a10f68c?s=96&d=mm&r=g","caption":"Aldo Lubrani"},"description":"Laureato con lode in Relazioni Internazionali presso Universit\u00e0 degli studi Roma Tre, Master in Europrogettazione presso Europa Business School di Bologna. Google Digital Training Certificate. Lavoro da anni nel settore Digital, Fundraising e Non Profit. Su Rete del Dono ricopro il ruolo di Project Manager nell'ambito Comunicazione, Digital e Personal Fundraising. Appassionato di viaggi, natura, pittura.","sameAs":["https:\/\/www.retedeldono.it"],"url":"https:\/\/www.retedeldono.it\/magazine\/author\/aldo-lubrani\/"}]}},"_links":{"self":[{"href":"https:\/\/www.retedeldono.it\/magazine\/wp-json\/wp\/v2\/posts\/2520","targetHints":{"allow":["GET"]}}],"collection":[{"href":"https:\/\/www.retedeldono.it\/magazine\/wp-json\/wp\/v2\/posts"}],"about":[{"href":"https:\/\/www.retedeldono.it\/magazine\/wp-json\/wp\/v2\/types\/post"}],"author":[{"embeddable":true,"href":"https:\/\/www.retedeldono.it\/magazine\/wp-json\/wp\/v2\/users\/7"}],"replies":[{"embeddable":true,"href":"https:\/\/www.retedeldono.it\/magazine\/wp-json\/wp\/v2\/comments?post=2520"}],"version-history":[{"count":0,"href":"https:\/\/www.retedeldono.it\/magazine\/wp-json\/wp\/v2\/posts\/2520\/revisions"}],"wp:featuredmedia":[{"embeddable":true,"href":"https:\/\/www.retedeldono.it\/magazine\/wp-json\/wp\/v2\/media\/2522"}],"wp:attachment":[{"href":"https:\/\/www.retedeldono.it\/magazine\/wp-json\/wp\/v2\/media?parent=2520"}],"wp:term":[{"taxonomy":"category","embeddable":true,"href":"https:\/\/www.retedeldono.it\/magazine\/wp-json\/wp\/v2\/categories?post=2520"},{"taxonomy":"post_tag","embeddable":true,"href":"https:\/\/www.retedeldono.it\/magazine\/wp-json\/wp\/v2\/tags?post=2520"}],"curies":[{"name":"wp","href":"https:\/\/api.w.org\/{rel}","templated":true}]}}