{"id":2529,"date":"2023-08-19T08:00:00","date_gmt":"2023-08-19T08:00:00","guid":{"rendered":"https:\/\/www.retedeldono.it\/magazine\/?p=2529"},"modified":"2023-09-01T10:01:06","modified_gmt":"2023-09-01T10:01:06","slug":"giornata-mondiale-dellaiuto-umanitario-le-raccolte-fondi","status":"publish","type":"post","link":"https:\/\/www.retedeldono.it\/magazine\/giornata-mondiale-dellaiuto-umanitario-le-raccolte-fondi\/","title":{"rendered":"Giornata Mondiale dell\u2019Aiuto Umanitario: le raccolte fondi"},"content":{"rendered":"\n<p>Al giorno d\u2019oggi, gli aiuti umanitari sono una risorsa vitale ancora per milioni di persone. La <strong>Giornata Mondiale dell&#8217;Aiuto Umanitario<\/strong>, che si celebra il <strong>19 agosto<\/strong> di ogni anno, \u00e8 l\u2019occasione per riconoscere il lavoro degli operatori umanitari e promuovere la <a href=\"https:\/\/www.retedeldono.it\/magazine\/solidarieta\/\" target=\"_blank\" rel=\"noreferrer noopener\"><strong>solidariet\u00e0<\/strong><\/a> e la <a href=\"https:\/\/www.retedeldono.it\/magazine\/organizzazioni-non-governative\/\" target=\"_blank\" rel=\"noreferrer noopener\"><strong>cooperazione internazionale<\/strong><\/a> verso le popolazioni in difficolt\u00e0. Ecco alcuni progetti che meritano attenzione in questa giornata.<\/p>\n\n\n\n<h2 class=\"wp-block-heading\">Cos\u2019\u00e8 la Giornata Mondiale dell\u2019Aiuto Umanitario<\/h2>\n\n\n\n<p>Istituita dall\u2019ONU nel 2009, la data ricorda l\u2019attacco al quartiere delle Nazioni Unite a Baghdad (Iraq) del 19 agosto 2003, in cui persero la vita 22 persone tra cui l\u2019allora Alto Commissario delle Nazioni Unite per i diritti umani, Sergio Vieira de Mello. La giornata onora la dedizione, il coraggio e, talvolta, il sacrificio di chi opera in contesti di emergenza per portare assistenza alle persone colpite da calamit\u00e0 naturali, conflitti o <a href=\"https:\/\/www.retedeldono.it\/magazine\/vaccini-africa\/\" target=\"_blank\" rel=\"noreferrer noopener\"><strong>epidemie<\/strong><\/a>. L\u2019aiuto umanitario si basa sui principi fondamentali di umanit\u00e0, neutralit\u00e0, imparzialit\u00e0, indipendenza. Secondo il diritto internazionale consuetudinario, agli operatori umanitari deve essere sempre garantito l\u2019accesso ai Paesi colpiti da crisi umanitarie.<\/p>\n\n\n\n<h2 class=\"wp-block-heading\">Le raccolte fondi per l\u2019Ucraina<\/h2>\n\n\n\n<p>Il conflitto in Ucraina prosegue e la macchina degli aiuti non ha calato l\u2019attenzione su questa crisi. La campagna <a href=\"https:\/\/www.retedeldono.it\/progetti\/unbroken\/help-ukrainians-remain-unbroken\" target=\"_blank\" rel=\"noreferrer noopener\"><strong>Unbroken<\/strong><\/a>, che ha gi\u00e0 raccolto quasi 10mila euro, sostiene un centro medico che ha gi\u00e0 curato oltre 13.000 adulti e bambini feriti nel conflitto, tra cui 1.800 bambini incappati in mine. I loro ospedali si occupano anche di riabilitazione fisica e psicologica e hanno gi\u00e0 fornito oltre 150 protesi. L\u2019iniziativa <a href=\"https:\/\/www.retedeldono.it\/it\/progetti\/odv-societa-di-san-vincenzo-de-paoli\/il-convoglio-un-bilico-per-la-pace\" target=\"_blank\" rel=\"noreferrer noopener\"><strong>Il Convoglio<\/strong><\/a> della <strong>Societ\u00e0 San Vincenzo de Paoli di Varese<\/strong> si occupa invece di inviare beni di prima necessit\u00e0 (generi alimentari, prodotti per l\u2019igiene personale e per l\u2019infanzia, medicine) alle popolazioni pi\u00f9 colpite dalla guerra. Ogni viaggio viene documentato sulla pagina Facebook dell\u2019iniziativa.<\/p>\n\n\n\n<h2 class=\"wp-block-heading\">Le campagne in favore dei migranti<\/h2>\n\n\n\n<p>Le <a href=\"https:\/\/blog.retedeldono.it\/it\/crowdfunding-cause-migranti\" target=\"_blank\" rel=\"noreferrer noopener\"><strong>crisi migratorie<\/strong><\/a> sono spesso temi politicamente divisivi, ma rappresentano una delle principali emergenze del nostro tempo. <a href=\"https:\/\/www.retedeldono.it\/writing-solidarity\" target=\"_blank\" rel=\"noreferrer noopener\"><strong>Writing solidarity<\/strong><\/a> \u00e8 un grande evento charity che si svolger\u00e0 al Teatro Garbatella a Roma il 2 e 3 settembre prossimi, promosso da \u2018<a href=\"https:\/\/francescotrento.it\/didattica\/\" target=\"_blank\" rel=\"noreferrer noopener\">Come si scrive una grande storia<\/a>\u2019, la scuola solidale di scrittura e sceneggiatura fondata da Francesco Trento. In regalo lezioni di scrittura e sceneggiatura per chi doner\u00e0 in favore dell\u2019attivista italo-marocchina Nawal Soufi, \u201cPremio cittadino europeo\u201d per il suo impegno a fianco dei rifugiati, dei profughi e richiedenti asilo lungo le frontiere d\u2019Europa. <a href=\"https:\/\/www.retedeldono.it\/it\/progetti\/sos-mediterranee-italia\/sosteniamo-i-naufraghi-del-mediterraneo\" target=\"_blank\" rel=\"noreferrer noopener\"><strong>SOS Mediterranee Italia<\/strong><\/a> chiede supporto per continuare le operazioni di soccorso in mare, che dal 2016 ad oggi hanno salvato da terribili naufragi oltre 35.000 persone.<\/p>\n\n\n\n<h2 class=\"wp-block-heading\">Per il terremoto in Siria e Turchia<\/h2>\n\n\n\n<p>Il violento terremoto che il 5 e 6 febbraio scorsi ha devastato ampie regioni di Turchia e Siria ha causato devastazioni, oltre 20 mila morti e decine di migliaia di feriti e sfollati. Importante l\u2019impegno di <a href=\"https:\/\/www.retedeldono.it\/it\/progetti\/fondazione-patrizio-paoletti\/emergenza-terremoto-sostieni-anche-tu\" target=\"_blank\" rel=\"noreferrer noopener\"><strong>Fondazione Patrizio Paoletti<\/strong><\/a>, che con circa 80 mila euro raccolti sostiene progetti psicopedagogici per rielaborare il vissuto traumatico di bambini e famiglie. <a href=\"https:\/\/www.retedeldono.it\/it\/terre-des-hommes-per-terremoto-in-siria\" target=\"_blank\" rel=\"noreferrer noopener\"><strong>Terre des Hommes<\/strong><\/a> \u00e8 presente in entrambi i paesi e si occupa del soccorso pi\u00f9 essenziale con la distribuzione di tende, coperte, cibo, acqua e aiuto medico. La sua raccolta fondi ha gi\u00e0 superato i 5.500 euro, ma il bisogno \u00e8 ancora grande soprattutto in Siria, dove la popolazione \u00e8 gi\u00e0 allo stremo dopo 12 anni di incessante guerra.<\/p>\n\n\n\n<h2 class=\"wp-block-heading\">Altri progetti di cooperazione<\/h2>\n\n\n\n<p>Ci sono per\u00f2 anche emergenze umanitarie invisibili, che non arrivano ai nostri notiziari. Come quelle che ogni giorno affronta <a href=\"https:\/\/www.retedeldono.it\/it\/progetti\/unicef-italia\/con-lunicef-per-ogni-bambino\" target=\"_blank\" rel=\"noreferrer noopener\"><strong>Unicef<\/strong><\/a>, che da oltre 75 anni opera in 190 Paesi per garantire un futuro migliore ai bambini. Combattere la malnutrizione, permettere l\u2019accesso ad acqua potabile e vaccini, garantire protezione e istruzione sono gli obiettivi che, con una donazione, si pu\u00f2 contribuire a raggiungere. <a href=\"https:\/\/www.retedeldono.it\/it\/cuamm\/luceperlui\" target=\"_blank\" rel=\"noreferrer noopener\"><strong>Luce per Lui<\/strong><\/a> di Medici con l\u2019Africa Cuamm \u00e8 invece una campagna per sostenere l\u2019Ospedale di Lui in Sud Sudan, unica struttura sanitaria per servire una popolazione di circa 170.000 abitanti. Alla struttura serve urgentemente una manutenzione della rete elettrica, i cui malfunzionamenti causano notevoli disagi alle attivit\u00e0 dei medici e intaccano la conservazione corretta di farmaci e materiale biologico.<\/p>\n","protected":false},"excerpt":{"rendered":"<p>Al giorno d\u2019oggi, gli aiuti umanitari sono una risorsa vitale ancora per milioni di persone. La Giornata Mondiale dell&#8217;Aiuto Umanitario, che si celebra il 19 agosto di ogni anno, \u00e8&#8230;<\/p>\n","protected":false},"author":11,"featured_media":2530,"comment_status":"open","ping_status":"open","sticky":false,"template":"","format":"standard","meta":{"_acf_changed":false,"footnotes":""},"categories":[13],"tags":[],"class_list":{"0":"post-2529","1":"post","2":"type-post","3":"status-publish","4":"format-standard","5":"has-post-thumbnail","7":"category-crowdfunding"},"acf":{"homepage_rdd":false},"yoast_head":"<!-- This site is optimized with the Yoast SEO plugin v27.5 - https:\/\/yoast.com\/product\/yoast-seo-wordpress\/ -->\n<title>Giornata Mondiale dell\u2019Aiuto Umanitario: le raccolte fondi - Rete del Dono<\/title>\n<meta name=\"description\" content=\"La Giornata Mondiale dell&#039;Aiuto Umanitario del 19 agosto \u00e8 l\u2019occasione per promuovere alcune raccolte fondi di cooperazione internazionale.\" \/>\n<meta name=\"robots\" content=\"index, follow, max-snippet:-1, max-image-preview:large, max-video-preview:-1\" \/>\n<link rel=\"canonical\" href=\"https:\/\/www.retedeldono.it\/magazine\/giornata-mondiale-dellaiuto-umanitario-le-raccolte-fondi\/\" \/>\n<meta property=\"og:locale\" content=\"it_IT\" \/>\n<meta property=\"og:type\" content=\"article\" \/>\n<meta property=\"og:title\" content=\"Giornata Mondiale dell\u2019Aiuto Umanitario: le raccolte fondi\" \/>\n<meta property=\"og:description\" content=\"La Giornata Mondiale dell&#039;Aiuto Umanitario del 19 agosto \u00e8 l\u2019occasione per promuovere alcune raccolte fondi di cooperazione internazionale.\" \/>\n<meta property=\"og:url\" content=\"https:\/\/www.retedeldono.it\/magazine\/giornata-mondiale-dellaiuto-umanitario-le-raccolte-fondi\/\" \/>\n<meta property=\"og:site_name\" content=\"Rete del Dono Magazine\" \/>\n<meta property=\"article:publisher\" content=\"https:\/\/www.facebook.com\/retedeldono\/\" \/>\n<meta property=\"article:published_time\" content=\"2023-08-19T08:00:00+00:00\" \/>\n<meta property=\"article:modified_time\" content=\"2023-09-01T10:01:06+00:00\" \/>\n<meta property=\"og:image\" content=\"https:\/\/magazine.retedeldono.it\/wp-content\/uploads\/2023\/08\/245492970_6267502959989575_8707874599237706052_n.jpg\" \/>\n\t<meta property=\"og:image:width\" content=\"1000\" \/>\n\t<meta property=\"og:image:height\" content=\"700\" \/>\n\t<meta property=\"og:image:type\" content=\"image\/jpeg\" \/>\n<meta name=\"author\" content=\"Elisa Rosso\" \/>\n<meta name=\"twitter:card\" content=\"summary_large_image\" \/>\n<meta name=\"twitter:title\" content=\"Giornata Mondiale dell\u2019Aiuto Umanitario: le raccolte fondi\" \/>\n<meta name=\"twitter:description\" content=\"La Giornata Mondiale dell&#039;Aiuto Umanitario del 19 agosto \u00e8 l\u2019occasione per promuovere alcune raccolte fondi di cooperazione internazionale.\" \/>\n<meta name=\"twitter:image\" content=\"https:\/\/magazine.retedeldono.it\/wp-content\/uploads\/2023\/08\/245492970_6267502959989575_8707874599237706052_n.jpg\" \/>\n<meta name=\"twitter:label1\" content=\"Scritto da\" \/>\n\t<meta name=\"twitter:data1\" content=\"Elisa Rosso\" \/>\n\t<meta name=\"twitter:label2\" content=\"Tempo di lettura stimato\" \/>\n\t<meta name=\"twitter:data2\" content=\"4 minuti\" \/>\n<script type=\"application\/ld+json\" class=\"yoast-schema-graph\">{\"@context\":\"https:\\\/\\\/schema.org\",\"@graph\":[{\"@type\":\"Article\",\"@id\":\"https:\\\/\\\/www.retedeldono.it\\\/magazine\\\/giornata-mondiale-dellaiuto-umanitario-le-raccolte-fondi\\\/#article\",\"isPartOf\":{\"@id\":\"https:\\\/\\\/www.retedeldono.it\\\/magazine\\\/giornata-mondiale-dellaiuto-umanitario-le-raccolte-fondi\\\/\"},\"author\":{\"name\":\"Elisa Rosso\",\"@id\":\"https:\\\/\\\/www.retedeldono.it\\\/magazine\\\/#\\\/schema\\\/person\\\/dd55a2becb70a4059624bae094c03583\"},\"headline\":\"Giornata Mondiale dell\u2019Aiuto Umanitario: le raccolte fondi\",\"datePublished\":\"2023-08-19T08:00:00+00:00\",\"dateModified\":\"2023-09-01T10:01:06+00:00\",\"mainEntityOfPage\":{\"@id\":\"https:\\\/\\\/www.retedeldono.it\\\/magazine\\\/giornata-mondiale-dellaiuto-umanitario-le-raccolte-fondi\\\/\"},\"wordCount\":664,\"commentCount\":0,\"image\":{\"@id\":\"https:\\\/\\\/www.retedeldono.it\\\/magazine\\\/giornata-mondiale-dellaiuto-umanitario-le-raccolte-fondi\\\/#primaryimage\"},\"thumbnailUrl\":\"https:\\\/\\\/magazine.retedeldono.it\\\/wp-content\\\/uploads\\\/2023\\\/08\\\/245492970_6267502959989575_8707874599237706052_n.jpg\",\"articleSection\":[\"Crowdfunding\"],\"inLanguage\":\"it-IT\",\"potentialAction\":[{\"@type\":\"CommentAction\",\"name\":\"Comment\",\"target\":[\"https:\\\/\\\/www.retedeldono.it\\\/magazine\\\/giornata-mondiale-dellaiuto-umanitario-le-raccolte-fondi\\\/#respond\"]}]},{\"@type\":\"WebPage\",\"@id\":\"https:\\\/\\\/www.retedeldono.it\\\/magazine\\\/giornata-mondiale-dellaiuto-umanitario-le-raccolte-fondi\\\/\",\"url\":\"https:\\\/\\\/www.retedeldono.it\\\/magazine\\\/giornata-mondiale-dellaiuto-umanitario-le-raccolte-fondi\\\/\",\"name\":\"Giornata Mondiale dell\u2019Aiuto Umanitario: le raccolte fondi - Rete del Dono\",\"isPartOf\":{\"@id\":\"https:\\\/\\\/www.retedeldono.it\\\/magazine\\\/#website\"},\"primaryImageOfPage\":{\"@id\":\"https:\\\/\\\/www.retedeldono.it\\\/magazine\\\/giornata-mondiale-dellaiuto-umanitario-le-raccolte-fondi\\\/#primaryimage\"},\"image\":{\"@id\":\"https:\\\/\\\/www.retedeldono.it\\\/magazine\\\/giornata-mondiale-dellaiuto-umanitario-le-raccolte-fondi\\\/#primaryimage\"},\"thumbnailUrl\":\"https:\\\/\\\/magazine.retedeldono.it\\\/wp-content\\\/uploads\\\/2023\\\/08\\\/245492970_6267502959989575_8707874599237706052_n.jpg\",\"datePublished\":\"2023-08-19T08:00:00+00:00\",\"dateModified\":\"2023-09-01T10:01:06+00:00\",\"author\":{\"@id\":\"https:\\\/\\\/www.retedeldono.it\\\/magazine\\\/#\\\/schema\\\/person\\\/dd55a2becb70a4059624bae094c03583\"},\"description\":\"La Giornata Mondiale dell'Aiuto Umanitario del 19 agosto \u00e8 l\u2019occasione per promuovere alcune raccolte fondi di cooperazione internazionale.\",\"breadcrumb\":{\"@id\":\"https:\\\/\\\/www.retedeldono.it\\\/magazine\\\/giornata-mondiale-dellaiuto-umanitario-le-raccolte-fondi\\\/#breadcrumb\"},\"inLanguage\":\"it-IT\",\"potentialAction\":[{\"@type\":\"ReadAction\",\"target\":[\"https:\\\/\\\/www.retedeldono.it\\\/magazine\\\/giornata-mondiale-dellaiuto-umanitario-le-raccolte-fondi\\\/\"]}]},{\"@type\":\"ImageObject\",\"inLanguage\":\"it-IT\",\"@id\":\"https:\\\/\\\/www.retedeldono.it\\\/magazine\\\/giornata-mondiale-dellaiuto-umanitario-le-raccolte-fondi\\\/#primaryimage\",\"url\":\"https:\\\/\\\/magazine.retedeldono.it\\\/wp-content\\\/uploads\\\/2023\\\/08\\\/245492970_6267502959989575_8707874599237706052_n.jpg\",\"contentUrl\":\"https:\\\/\\\/magazine.retedeldono.it\\\/wp-content\\\/uploads\\\/2023\\\/08\\\/245492970_6267502959989575_8707874599237706052_n.jpg\",\"width\":1000,\"height\":700,\"caption\":\"Giornata Mondiale dell\u2019Aiuto Umanitario\"},{\"@type\":\"BreadcrumbList\",\"@id\":\"https:\\\/\\\/www.retedeldono.it\\\/magazine\\\/giornata-mondiale-dellaiuto-umanitario-le-raccolte-fondi\\\/#breadcrumb\",\"itemListElement\":[{\"@type\":\"ListItem\",\"position\":1,\"name\":\"Home\",\"item\":\"https:\\\/\\\/www.retedeldono.it\\\/magazine\\\/\"},{\"@type\":\"ListItem\",\"position\":2,\"name\":\"Giornata Mondiale dell\u2019Aiuto Umanitario: le raccolte fondi\"}]},{\"@type\":\"WebSite\",\"@id\":\"https:\\\/\\\/www.retedeldono.it\\\/magazine\\\/#website\",\"url\":\"https:\\\/\\\/www.retedeldono.it\\\/magazine\\\/\",\"name\":\"Rete del Dono Magazine\",\"description\":\"Rete del Dono Magazine\",\"potentialAction\":[{\"@type\":\"SearchAction\",\"target\":{\"@type\":\"EntryPoint\",\"urlTemplate\":\"https:\\\/\\\/www.retedeldono.it\\\/magazine\\\/?s={search_term_string}\"},\"query-input\":{\"@type\":\"PropertyValueSpecification\",\"valueRequired\":true,\"valueName\":\"search_term_string\"}}],\"inLanguage\":\"it-IT\"},{\"@type\":\"Person\",\"@id\":\"https:\\\/\\\/www.retedeldono.it\\\/magazine\\\/#\\\/schema\\\/person\\\/dd55a2becb70a4059624bae094c03583\",\"name\":\"Elisa Rosso\",\"image\":{\"@type\":\"ImageObject\",\"inLanguage\":\"it-IT\",\"@id\":\"https:\\\/\\\/secure.gravatar.com\\\/avatar\\\/3aec3818a0581b1c60c2bac3ae3e55d7a00f7084134cbdd18bc732f3d8a8b93f?s=96&d=mm&r=g\",\"url\":\"https:\\\/\\\/secure.gravatar.com\\\/avatar\\\/3aec3818a0581b1c60c2bac3ae3e55d7a00f7084134cbdd18bc732f3d8a8b93f?s=96&d=mm&r=g\",\"contentUrl\":\"https:\\\/\\\/secure.gravatar.com\\\/avatar\\\/3aec3818a0581b1c60c2bac3ae3e55d7a00f7084134cbdd18bc732f3d8a8b93f?s=96&d=mm&r=g\",\"caption\":\"Elisa Rosso\"},\"description\":\"Laureata in Scienze Internazionali e Diplomatiche presso Universit\u00e0 di Torino, lavora da sempre nel non profit e nel sociale con un significativa esperienza nel settore raccolta fondi di grandi e piccole ONP (Amnesty International e NutriAid). Nell\u2019autunno 2016 approda in Rete del Dono, dove si occupa di dare assistenza e consulenza alle ONP e alle Fondazioni per la promozione dei loro progetti e l'ottimizzazione delle campagne di raccolta fondi.\",\"url\":\"https:\\\/\\\/www.retedeldono.it\\\/magazine\\\/author\\\/elisa-rosso\\\/\"}]}<\/script>\n<!-- \/ Yoast SEO plugin. -->","yoast_head_json":{"title":"Giornata Mondiale dell\u2019Aiuto Umanitario: le raccolte fondi - Rete del Dono","description":"La Giornata Mondiale dell'Aiuto Umanitario del 19 agosto \u00e8 l\u2019occasione per promuovere alcune raccolte fondi di cooperazione internazionale.","robots":{"index":"index","follow":"follow","max-snippet":"max-snippet:-1","max-image-preview":"max-image-preview:large","max-video-preview":"max-video-preview:-1"},"canonical":"https:\/\/www.retedeldono.it\/magazine\/giornata-mondiale-dellaiuto-umanitario-le-raccolte-fondi\/","og_locale":"it_IT","og_type":"article","og_title":"Giornata Mondiale dell\u2019Aiuto Umanitario: le raccolte fondi","og_description":"La Giornata Mondiale dell'Aiuto Umanitario del 19 agosto \u00e8 l\u2019occasione per promuovere alcune raccolte fondi di cooperazione internazionale.","og_url":"https:\/\/www.retedeldono.it\/magazine\/giornata-mondiale-dellaiuto-umanitario-le-raccolte-fondi\/","og_site_name":"Rete del Dono Magazine","article_publisher":"https:\/\/www.facebook.com\/retedeldono\/","article_published_time":"2023-08-19T08:00:00+00:00","article_modified_time":"2023-09-01T10:01:06+00:00","og_image":[{"width":1000,"height":700,"url":"https:\/\/magazine.retedeldono.it\/wp-content\/uploads\/2023\/08\/245492970_6267502959989575_8707874599237706052_n.jpg","type":"image\/jpeg"}],"author":"Elisa Rosso","twitter_card":"summary_large_image","twitter_title":"Giornata Mondiale dell\u2019Aiuto Umanitario: le raccolte fondi","twitter_description":"La Giornata Mondiale dell'Aiuto Umanitario del 19 agosto \u00e8 l\u2019occasione per promuovere alcune raccolte fondi di cooperazione internazionale.","twitter_image":"https:\/\/magazine.retedeldono.it\/wp-content\/uploads\/2023\/08\/245492970_6267502959989575_8707874599237706052_n.jpg","twitter_misc":{"Scritto da":"Elisa Rosso","Tempo di lettura stimato":"4 minuti"},"schema":{"@context":"https:\/\/schema.org","@graph":[{"@type":"Article","@id":"https:\/\/www.retedeldono.it\/magazine\/giornata-mondiale-dellaiuto-umanitario-le-raccolte-fondi\/#article","isPartOf":{"@id":"https:\/\/www.retedeldono.it\/magazine\/giornata-mondiale-dellaiuto-umanitario-le-raccolte-fondi\/"},"author":{"name":"Elisa Rosso","@id":"https:\/\/www.retedeldono.it\/magazine\/#\/schema\/person\/dd55a2becb70a4059624bae094c03583"},"headline":"Giornata Mondiale dell\u2019Aiuto Umanitario: le raccolte fondi","datePublished":"2023-08-19T08:00:00+00:00","dateModified":"2023-09-01T10:01:06+00:00","mainEntityOfPage":{"@id":"https:\/\/www.retedeldono.it\/magazine\/giornata-mondiale-dellaiuto-umanitario-le-raccolte-fondi\/"},"wordCount":664,"commentCount":0,"image":{"@id":"https:\/\/www.retedeldono.it\/magazine\/giornata-mondiale-dellaiuto-umanitario-le-raccolte-fondi\/#primaryimage"},"thumbnailUrl":"https:\/\/magazine.retedeldono.it\/wp-content\/uploads\/2023\/08\/245492970_6267502959989575_8707874599237706052_n.jpg","articleSection":["Crowdfunding"],"inLanguage":"it-IT","potentialAction":[{"@type":"CommentAction","name":"Comment","target":["https:\/\/www.retedeldono.it\/magazine\/giornata-mondiale-dellaiuto-umanitario-le-raccolte-fondi\/#respond"]}]},{"@type":"WebPage","@id":"https:\/\/www.retedeldono.it\/magazine\/giornata-mondiale-dellaiuto-umanitario-le-raccolte-fondi\/","url":"https:\/\/www.retedeldono.it\/magazine\/giornata-mondiale-dellaiuto-umanitario-le-raccolte-fondi\/","name":"Giornata Mondiale dell\u2019Aiuto Umanitario: le raccolte fondi - Rete del Dono","isPartOf":{"@id":"https:\/\/www.retedeldono.it\/magazine\/#website"},"primaryImageOfPage":{"@id":"https:\/\/www.retedeldono.it\/magazine\/giornata-mondiale-dellaiuto-umanitario-le-raccolte-fondi\/#primaryimage"},"image":{"@id":"https:\/\/www.retedeldono.it\/magazine\/giornata-mondiale-dellaiuto-umanitario-le-raccolte-fondi\/#primaryimage"},"thumbnailUrl":"https:\/\/magazine.retedeldono.it\/wp-content\/uploads\/2023\/08\/245492970_6267502959989575_8707874599237706052_n.jpg","datePublished":"2023-08-19T08:00:00+00:00","dateModified":"2023-09-01T10:01:06+00:00","author":{"@id":"https:\/\/www.retedeldono.it\/magazine\/#\/schema\/person\/dd55a2becb70a4059624bae094c03583"},"description":"La Giornata Mondiale dell'Aiuto Umanitario del 19 agosto \u00e8 l\u2019occasione per promuovere alcune raccolte fondi di cooperazione internazionale.","breadcrumb":{"@id":"https:\/\/www.retedeldono.it\/magazine\/giornata-mondiale-dellaiuto-umanitario-le-raccolte-fondi\/#breadcrumb"},"inLanguage":"it-IT","potentialAction":[{"@type":"ReadAction","target":["https:\/\/www.retedeldono.it\/magazine\/giornata-mondiale-dellaiuto-umanitario-le-raccolte-fondi\/"]}]},{"@type":"ImageObject","inLanguage":"it-IT","@id":"https:\/\/www.retedeldono.it\/magazine\/giornata-mondiale-dellaiuto-umanitario-le-raccolte-fondi\/#primaryimage","url":"https:\/\/magazine.retedeldono.it\/wp-content\/uploads\/2023\/08\/245492970_6267502959989575_8707874599237706052_n.jpg","contentUrl":"https:\/\/magazine.retedeldono.it\/wp-content\/uploads\/2023\/08\/245492970_6267502959989575_8707874599237706052_n.jpg","width":1000,"height":700,"caption":"Giornata Mondiale dell\u2019Aiuto Umanitario"},{"@type":"BreadcrumbList","@id":"https:\/\/www.retedeldono.it\/magazine\/giornata-mondiale-dellaiuto-umanitario-le-raccolte-fondi\/#breadcrumb","itemListElement":[{"@type":"ListItem","position":1,"name":"Home","item":"https:\/\/www.retedeldono.it\/magazine\/"},{"@type":"ListItem","position":2,"name":"Giornata Mondiale dell\u2019Aiuto Umanitario: le raccolte fondi"}]},{"@type":"WebSite","@id":"https:\/\/www.retedeldono.it\/magazine\/#website","url":"https:\/\/www.retedeldono.it\/magazine\/","name":"Rete del Dono Magazine","description":"Rete del Dono Magazine","potentialAction":[{"@type":"SearchAction","target":{"@type":"EntryPoint","urlTemplate":"https:\/\/www.retedeldono.it\/magazine\/?s={search_term_string}"},"query-input":{"@type":"PropertyValueSpecification","valueRequired":true,"valueName":"search_term_string"}}],"inLanguage":"it-IT"},{"@type":"Person","@id":"https:\/\/www.retedeldono.it\/magazine\/#\/schema\/person\/dd55a2becb70a4059624bae094c03583","name":"Elisa Rosso","image":{"@type":"ImageObject","inLanguage":"it-IT","@id":"https:\/\/secure.gravatar.com\/avatar\/3aec3818a0581b1c60c2bac3ae3e55d7a00f7084134cbdd18bc732f3d8a8b93f?s=96&d=mm&r=g","url":"https:\/\/secure.gravatar.com\/avatar\/3aec3818a0581b1c60c2bac3ae3e55d7a00f7084134cbdd18bc732f3d8a8b93f?s=96&d=mm&r=g","contentUrl":"https:\/\/secure.gravatar.com\/avatar\/3aec3818a0581b1c60c2bac3ae3e55d7a00f7084134cbdd18bc732f3d8a8b93f?s=96&d=mm&r=g","caption":"Elisa Rosso"},"description":"Laureata in Scienze Internazionali e Diplomatiche presso Universit\u00e0 di Torino, lavora da sempre nel non profit e nel sociale con un significativa esperienza nel settore raccolta fondi di grandi e piccole ONP (Amnesty International e NutriAid). Nell\u2019autunno 2016 approda in Rete del Dono, dove si occupa di dare assistenza e consulenza alle ONP e alle Fondazioni per la promozione dei loro progetti e l'ottimizzazione delle campagne di raccolta fondi.","url":"https:\/\/www.retedeldono.it\/magazine\/author\/elisa-rosso\/"}]}},"_links":{"self":[{"href":"https:\/\/www.retedeldono.it\/magazine\/wp-json\/wp\/v2\/posts\/2529","targetHints":{"allow":["GET"]}}],"collection":[{"href":"https:\/\/www.retedeldono.it\/magazine\/wp-json\/wp\/v2\/posts"}],"about":[{"href":"https:\/\/www.retedeldono.it\/magazine\/wp-json\/wp\/v2\/types\/post"}],"author":[{"embeddable":true,"href":"https:\/\/www.retedeldono.it\/magazine\/wp-json\/wp\/v2\/users\/11"}],"replies":[{"embeddable":true,"href":"https:\/\/www.retedeldono.it\/magazine\/wp-json\/wp\/v2\/comments?post=2529"}],"version-history":[{"count":0,"href":"https:\/\/www.retedeldono.it\/magazine\/wp-json\/wp\/v2\/posts\/2529\/revisions"}],"wp:featuredmedia":[{"embeddable":true,"href":"https:\/\/www.retedeldono.it\/magazine\/wp-json\/wp\/v2\/media\/2530"}],"wp:attachment":[{"href":"https:\/\/www.retedeldono.it\/magazine\/wp-json\/wp\/v2\/media?parent=2529"}],"wp:term":[{"taxonomy":"category","embeddable":true,"href":"https:\/\/www.retedeldono.it\/magazine\/wp-json\/wp\/v2\/categories?post=2529"},{"taxonomy":"post_tag","embeddable":true,"href":"https:\/\/www.retedeldono.it\/magazine\/wp-json\/wp\/v2\/tags?post=2529"}],"curies":[{"name":"wp","href":"https:\/\/api.w.org\/{rel}","templated":true}]}}