{"id":2696,"date":"2023-09-07T08:00:00","date_gmt":"2023-09-07T08:00:00","guid":{"rendered":"https:\/\/www.retedeldono.it\/magazine\/?p=2696"},"modified":"2023-09-07T15:08:55","modified_gmt":"2023-09-07T15:08:55","slug":"la-maratona-alzheimer-per-la-giornata-mondiale-dellalzheimer","status":"publish","type":"post","link":"https:\/\/www.retedeldono.it\/magazine\/la-maratona-alzheimer-per-la-giornata-mondiale-dellalzheimer\/","title":{"rendered":"La Maratona Alzheimer per la Giornata mondiale dell&#8217;Alzheimer"},"content":{"rendered":"\n<p>Ogni anno il 21 settembre si celebra in tutto il mondo la <strong>Giornata mondiale dell&#8217;Alzheimer<\/strong>, istituita nel 1994 dall&#8217;Organizzazione Mondiale della Sanit\u00e0. E il <strong>10 settembre<\/strong> torna la <a href=\"https:\/\/www.maratonaalzheimer.it\/it\/\" target=\"_blank\" rel=\"noreferrer noopener\"><strong>Maratona Alzheimer<\/strong><\/a>, manifestazione sportiva giunta alla sua XII edizione che vuole sensibilizzare sui diritti delle persone con demenza e Alzheimer e raccogliere fondi per la ricerca scientifica.<\/p>\n\n\n\n<h2 class=\"wp-block-heading\">Per la ricerca e la prevenzione<\/h2>\n\n\n\n<p>L\u2019evento, nato nel 2012, accende i riflettori su una malattia spesso silenziosa, che \u00e8 talvolta ancora vissuta come stigma sociale. \u201cIn Italia sono oltre 1 milione le persone affette da demenza, di cui circa 600.000 con Alzheimer\u201d spiega <strong>Giorgia Battelli, Responsabile della raccolta fondi<\/strong>. \u201cDagli ultimi studi si \u00e8 appreso che l\u2019Alzheimer opera per decenni in maniera asintomatica, ed \u00e8 proprio in questa fase che bisogna intervenire per cambiare il processo naturale della malattia. Per questo <strong>Fondazione Maratona Alzheimer<\/strong> quest\u2019anno supporta un innovativo progetto di ricerca sulla prevenzione secondaria che vede come partner Fondazione Iret, che si dedica allo studio delle malattie neurodegenerative\u201d.<\/p>\n\n\n\n<h2 class=\"wp-block-heading\">Da Cesena a tutta Italia<\/h2>\n\n\n\n<p>I primi anni la manifestazione ha saputo attirare un\u2019ampia partecipazione nel proprio territorio, quello della comunit\u00e0 romagnola e cesenate. Poi, pian piano, la Maratona Alzheimer ha assunto un <strong>carattere nazionale<\/strong>, diventando un momento importante per tante associazioni che si occupano di questa causa. \u201cOggi \u00e8 una vera e propria marcia per i diritti delle persone con Alzheimer, che nel 2019 ha raggiunto quasi le 5.000 persone. Obiettivo di quest\u2019anno <strong>superare le 4.000 presenze<\/strong>, anche con l\u2019aiuto della maratona virtuale che abbiamo lasciato attiva dopo l\u2019edizione tenutasi in pandemia\u201d.<\/p>\n\n\n\n<h2 class=\"wp-block-heading\">La raccolta fondi<\/h2>\n\n\n\n<p>A partecipare non sono solo persone direttamente legate alla causa, ma anche infermieri, addetti ai lavori o runner solidali che vogliono sfidare se stessi nella mezza maratona. \u201cFin dalla prima edizione ci siamo affidati alla piattaforma di Rete del Dono per puntare sulla raccolta fondi e sul Personal Fundraising. Quest\u2019anno sosteniamo anche un nuovo ambizioso progetto, quello di realizzare il <strong>primo Centro di Documentazione e Ricerca Alzheimer presso Casa Fabbrani<\/strong>, che ha sede a Mercato Saraceno (sulle colline di Cesena)\u201d. Obiettivo che pare raggiungibile, dato che la campagna <a href=\"https:\/\/www.retedeldono.it\/it\/progetti\/fondazione-maratona-alzheimer\/una-maratona-per-la-ricerca-alzheimer\" target=\"_blank\" rel=\"noreferrer noopener\"><strong>Una Maratona per la Ricerca Alzheimer<\/strong><\/a> ha gi\u00e0 raggiunto quasi met\u00e0 dell\u2019obiettivo previsto.<\/p>\n\n\n\n<h2 class=\"wp-block-heading\">La cura dei runner solidali<\/h2>\n\n\n\n<p>Questo grazie a uno zoccolo duro di runner ormai affezionati, ma non solo. \u201cCome il gruppo Facebook di runner <strong>Cuoricini Group<\/strong> e le associazioni sportive <strong>Life Runner e Berunners<\/strong>. Cerchiamo di seguire singolarmente ogni runner, dall\u2019apertura della pagina a qualche consiglio su come agganciare i propri contatti e usare i social\u201d. Le aziende vengono coinvolte soprattutto nelle Maratone di Roma e Milano, ma corre anche qualche dipendente della Dorelan di Forl\u00ec e del Gruppo Martini. Ognuno con la sua motivazione, ma quest\u2019anno garegger\u00e0 un corridore speciale. \u201cUn runner che lo scorso anno non \u00e8 riuscito a completare la gara, scoprendo in seguito una malattia che \u00e8 riuscito a prendere per tempo e curare. Oggi \u00e8 pronto a riprovarci: per lui completare la mezza maratona avr\u00e0 un doppio valore!\u201d.<\/p>\n","protected":false},"excerpt":{"rendered":"<p>Ogni anno il 21 settembre si celebra in tutto il mondo la Giornata mondiale dell&#8217;Alzheimer, istituita nel 1994 dall&#8217;Organizzazione Mondiale della Sanit\u00e0. E il 10 settembre torna la Maratona Alzheimer,&#8230;<\/p>\n","protected":false},"author":12,"featured_media":2698,"comment_status":"open","ping_status":"open","sticky":true,"template":"","format":"standard","meta":{"_acf_changed":false,"footnotes":""},"categories":[13],"tags":[],"class_list":{"0":"post-2696","1":"post","2":"type-post","3":"status-publish","4":"format-standard","5":"has-post-thumbnail","7":"category-crowdfunding"},"acf":{"homepage_rdd":true},"yoast_head":"<!-- This site is optimized with the Yoast SEO plugin v27.5 - https:\/\/yoast.com\/product\/yoast-seo-wordpress\/ -->\n<title>La Maratona Alzheimer per la Giornata mondiale dell&#039;Alzheimer - Rete del Dono Magazine<\/title>\n<meta name=\"description\" content=\"In occasione della Giornata mondiale dell&#039;Alzheimer del 21 settembre, il 10 settembre si tiene la XII edizione della Maratona Alzheimer.\" \/>\n<meta name=\"robots\" content=\"index, follow, max-snippet:-1, max-image-preview:large, max-video-preview:-1\" \/>\n<link rel=\"canonical\" href=\"https:\/\/www.retedeldono.it\/magazine\/la-maratona-alzheimer-per-la-giornata-mondiale-dellalzheimer\/\" \/>\n<meta property=\"og:locale\" content=\"it_IT\" \/>\n<meta property=\"og:type\" content=\"article\" \/>\n<meta property=\"og:title\" content=\"La Maratona Alzheimer per la Giornata mondiale dell&#039;Alzheimer\" \/>\n<meta property=\"og:description\" content=\"In occasione della Giornata mondiale dell&#039;Alzheimer del 21 settembre, il 10 settembre si tiene la XII edizione della Maratona Alzheimer.\" \/>\n<meta property=\"og:url\" content=\"https:\/\/www.retedeldono.it\/magazine\/la-maratona-alzheimer-per-la-giornata-mondiale-dellalzheimer\/\" \/>\n<meta property=\"og:site_name\" content=\"Rete del Dono Magazine\" \/>\n<meta property=\"article:publisher\" content=\"https:\/\/www.facebook.com\/retedeldono\/\" \/>\n<meta property=\"article:published_time\" content=\"2023-09-07T08:00:00+00:00\" \/>\n<meta property=\"article:modified_time\" content=\"2023-09-07T15:08:55+00:00\" \/>\n<meta property=\"og:image\" content=\"https:\/\/magazine.retedeldono.it\/wp-content\/uploads\/2023\/09\/1_pvQN6tJ.width-1125.png\" \/>\n\t<meta property=\"og:image:width\" content=\"1000\" \/>\n\t<meta property=\"og:image:height\" content=\"700\" \/>\n\t<meta property=\"og:image:type\" content=\"image\/png\" \/>\n<meta name=\"author\" content=\"Francesca Gervasoni\" \/>\n<meta name=\"twitter:card\" content=\"summary_large_image\" \/>\n<meta name=\"twitter:title\" content=\"La Maratona Alzheimer per la Giornata mondiale dell&#039;Alzheimer\" \/>\n<meta name=\"twitter:description\" content=\"In occasione della Giornata mondiale dell&#039;Alzheimer del 21 settembre, il 10 settembre si tiene la XII edizione della Maratona Alzheimer.\" \/>\n<meta name=\"twitter:image\" content=\"https:\/\/magazine.retedeldono.it\/wp-content\/uploads\/2023\/09\/1_pvQN6tJ.width-1125.png\" \/>\n<meta name=\"twitter:label1\" content=\"Scritto da\" \/>\n\t<meta name=\"twitter:data1\" content=\"Francesca Gervasoni\" \/>\n\t<meta name=\"twitter:label2\" content=\"Tempo di lettura stimato\" \/>\n\t<meta name=\"twitter:data2\" content=\"3 minuti\" \/>\n<script type=\"application\/ld+json\" class=\"yoast-schema-graph\">{\"@context\":\"https:\\\/\\\/schema.org\",\"@graph\":[{\"@type\":\"Article\",\"@id\":\"https:\\\/\\\/www.retedeldono.it\\\/magazine\\\/la-maratona-alzheimer-per-la-giornata-mondiale-dellalzheimer\\\/#article\",\"isPartOf\":{\"@id\":\"https:\\\/\\\/www.retedeldono.it\\\/magazine\\\/la-maratona-alzheimer-per-la-giornata-mondiale-dellalzheimer\\\/\"},\"author\":{\"name\":\"Francesca Gervasoni\",\"@id\":\"https:\\\/\\\/www.retedeldono.it\\\/magazine\\\/#\\\/schema\\\/person\\\/a35c81474fbabc7c769d83f87073545f\"},\"headline\":\"La Maratona Alzheimer per la Giornata mondiale dell&#8217;Alzheimer\",\"datePublished\":\"2023-09-07T08:00:00+00:00\",\"dateModified\":\"2023-09-07T15:08:55+00:00\",\"mainEntityOfPage\":{\"@id\":\"https:\\\/\\\/www.retedeldono.it\\\/magazine\\\/la-maratona-alzheimer-per-la-giornata-mondiale-dellalzheimer\\\/\"},\"wordCount\":500,\"commentCount\":0,\"image\":{\"@id\":\"https:\\\/\\\/www.retedeldono.it\\\/magazine\\\/la-maratona-alzheimer-per-la-giornata-mondiale-dellalzheimer\\\/#primaryimage\"},\"thumbnailUrl\":\"https:\\\/\\\/magazine.retedeldono.it\\\/wp-content\\\/uploads\\\/2023\\\/09\\\/1_pvQN6tJ.width-1125.png\",\"articleSection\":[\"Crowdfunding\"],\"inLanguage\":\"it-IT\",\"potentialAction\":[{\"@type\":\"CommentAction\",\"name\":\"Comment\",\"target\":[\"https:\\\/\\\/www.retedeldono.it\\\/magazine\\\/la-maratona-alzheimer-per-la-giornata-mondiale-dellalzheimer\\\/#respond\"]}]},{\"@type\":\"WebPage\",\"@id\":\"https:\\\/\\\/www.retedeldono.it\\\/magazine\\\/la-maratona-alzheimer-per-la-giornata-mondiale-dellalzheimer\\\/\",\"url\":\"https:\\\/\\\/www.retedeldono.it\\\/magazine\\\/la-maratona-alzheimer-per-la-giornata-mondiale-dellalzheimer\\\/\",\"name\":\"La Maratona Alzheimer per la Giornata mondiale dell'Alzheimer - Rete del Dono Magazine\",\"isPartOf\":{\"@id\":\"https:\\\/\\\/www.retedeldono.it\\\/magazine\\\/#website\"},\"primaryImageOfPage\":{\"@id\":\"https:\\\/\\\/www.retedeldono.it\\\/magazine\\\/la-maratona-alzheimer-per-la-giornata-mondiale-dellalzheimer\\\/#primaryimage\"},\"image\":{\"@id\":\"https:\\\/\\\/www.retedeldono.it\\\/magazine\\\/la-maratona-alzheimer-per-la-giornata-mondiale-dellalzheimer\\\/#primaryimage\"},\"thumbnailUrl\":\"https:\\\/\\\/magazine.retedeldono.it\\\/wp-content\\\/uploads\\\/2023\\\/09\\\/1_pvQN6tJ.width-1125.png\",\"datePublished\":\"2023-09-07T08:00:00+00:00\",\"dateModified\":\"2023-09-07T15:08:55+00:00\",\"author\":{\"@id\":\"https:\\\/\\\/www.retedeldono.it\\\/magazine\\\/#\\\/schema\\\/person\\\/a35c81474fbabc7c769d83f87073545f\"},\"description\":\"In occasione della Giornata mondiale dell'Alzheimer del 21 settembre, il 10 settembre si tiene la XII edizione della Maratona Alzheimer.\",\"breadcrumb\":{\"@id\":\"https:\\\/\\\/www.retedeldono.it\\\/magazine\\\/la-maratona-alzheimer-per-la-giornata-mondiale-dellalzheimer\\\/#breadcrumb\"},\"inLanguage\":\"it-IT\",\"potentialAction\":[{\"@type\":\"ReadAction\",\"target\":[\"https:\\\/\\\/www.retedeldono.it\\\/magazine\\\/la-maratona-alzheimer-per-la-giornata-mondiale-dellalzheimer\\\/\"]}]},{\"@type\":\"ImageObject\",\"inLanguage\":\"it-IT\",\"@id\":\"https:\\\/\\\/www.retedeldono.it\\\/magazine\\\/la-maratona-alzheimer-per-la-giornata-mondiale-dellalzheimer\\\/#primaryimage\",\"url\":\"https:\\\/\\\/magazine.retedeldono.it\\\/wp-content\\\/uploads\\\/2023\\\/09\\\/1_pvQN6tJ.width-1125.png\",\"contentUrl\":\"https:\\\/\\\/magazine.retedeldono.it\\\/wp-content\\\/uploads\\\/2023\\\/09\\\/1_pvQN6tJ.width-1125.png\",\"width\":1000,\"height\":700,\"caption\":\"Maratona Alzheimer\"},{\"@type\":\"BreadcrumbList\",\"@id\":\"https:\\\/\\\/www.retedeldono.it\\\/magazine\\\/la-maratona-alzheimer-per-la-giornata-mondiale-dellalzheimer\\\/#breadcrumb\",\"itemListElement\":[{\"@type\":\"ListItem\",\"position\":1,\"name\":\"Home\",\"item\":\"https:\\\/\\\/www.retedeldono.it\\\/magazine\\\/\"},{\"@type\":\"ListItem\",\"position\":2,\"name\":\"La Maratona Alzheimer per la Giornata mondiale dell&#8217;Alzheimer\"}]},{\"@type\":\"WebSite\",\"@id\":\"https:\\\/\\\/www.retedeldono.it\\\/magazine\\\/#website\",\"url\":\"https:\\\/\\\/www.retedeldono.it\\\/magazine\\\/\",\"name\":\"Rete del Dono Magazine\",\"description\":\"Rete del Dono Magazine\",\"potentialAction\":[{\"@type\":\"SearchAction\",\"target\":{\"@type\":\"EntryPoint\",\"urlTemplate\":\"https:\\\/\\\/www.retedeldono.it\\\/magazine\\\/?s={search_term_string}\"},\"query-input\":{\"@type\":\"PropertyValueSpecification\",\"valueRequired\":true,\"valueName\":\"search_term_string\"}}],\"inLanguage\":\"it-IT\"},{\"@type\":\"Person\",\"@id\":\"https:\\\/\\\/www.retedeldono.it\\\/magazine\\\/#\\\/schema\\\/person\\\/a35c81474fbabc7c769d83f87073545f\",\"name\":\"Francesca Gervasoni\",\"image\":{\"@type\":\"ImageObject\",\"inLanguage\":\"it-IT\",\"@id\":\"https:\\\/\\\/secure.gravatar.com\\\/avatar\\\/1825a523f3047a4b9194721a85cdea28f936ebf51e16a49a9e6504a59c37d892?s=96&d=mm&r=g\",\"url\":\"https:\\\/\\\/secure.gravatar.com\\\/avatar\\\/1825a523f3047a4b9194721a85cdea28f936ebf51e16a49a9e6504a59c37d892?s=96&d=mm&r=g\",\"contentUrl\":\"https:\\\/\\\/secure.gravatar.com\\\/avatar\\\/1825a523f3047a4b9194721a85cdea28f936ebf51e16a49a9e6504a59c37d892?s=96&d=mm&r=g\",\"caption\":\"Francesca Gervasoni\"},\"description\":\"Laureata in Filosofia presso Universit\u00e0 degli studi di Milano, ha un\u2019esperienza di 15 anni nel mondo delle agenzie di comunicazione per il mondo profit. Nel 2012 cambia vita e approda su Rete del Dono, dove mette in pratica quello che ha imparato nella precedente vita professionale, per aiutare ONP e aziende ad attivare campagne di raccolta fondi non profit. In Rete del Dono, ricopre il ruolo di Head of Charity Program e si occupa dei rapporti con le aziende.\",\"url\":\"https:\\\/\\\/www.retedeldono.it\\\/magazine\\\/author\\\/francesca-gervasoni\\\/\"}]}<\/script>\n<!-- \/ Yoast SEO plugin. -->","yoast_head_json":{"title":"La Maratona Alzheimer per la Giornata mondiale dell'Alzheimer - Rete del Dono Magazine","description":"In occasione della Giornata mondiale dell'Alzheimer del 21 settembre, il 10 settembre si tiene la XII edizione della Maratona Alzheimer.","robots":{"index":"index","follow":"follow","max-snippet":"max-snippet:-1","max-image-preview":"max-image-preview:large","max-video-preview":"max-video-preview:-1"},"canonical":"https:\/\/www.retedeldono.it\/magazine\/la-maratona-alzheimer-per-la-giornata-mondiale-dellalzheimer\/","og_locale":"it_IT","og_type":"article","og_title":"La Maratona Alzheimer per la Giornata mondiale dell'Alzheimer","og_description":"In occasione della Giornata mondiale dell'Alzheimer del 21 settembre, il 10 settembre si tiene la XII edizione della Maratona Alzheimer.","og_url":"https:\/\/www.retedeldono.it\/magazine\/la-maratona-alzheimer-per-la-giornata-mondiale-dellalzheimer\/","og_site_name":"Rete del Dono Magazine","article_publisher":"https:\/\/www.facebook.com\/retedeldono\/","article_published_time":"2023-09-07T08:00:00+00:00","article_modified_time":"2023-09-07T15:08:55+00:00","og_image":[{"width":1000,"height":700,"url":"https:\/\/magazine.retedeldono.it\/wp-content\/uploads\/2023\/09\/1_pvQN6tJ.width-1125.png","type":"image\/png"}],"author":"Francesca Gervasoni","twitter_card":"summary_large_image","twitter_title":"La Maratona Alzheimer per la Giornata mondiale dell'Alzheimer","twitter_description":"In occasione della Giornata mondiale dell'Alzheimer del 21 settembre, il 10 settembre si tiene la XII edizione della Maratona Alzheimer.","twitter_image":"https:\/\/magazine.retedeldono.it\/wp-content\/uploads\/2023\/09\/1_pvQN6tJ.width-1125.png","twitter_misc":{"Scritto da":"Francesca Gervasoni","Tempo di lettura stimato":"3 minuti"},"schema":{"@context":"https:\/\/schema.org","@graph":[{"@type":"Article","@id":"https:\/\/www.retedeldono.it\/magazine\/la-maratona-alzheimer-per-la-giornata-mondiale-dellalzheimer\/#article","isPartOf":{"@id":"https:\/\/www.retedeldono.it\/magazine\/la-maratona-alzheimer-per-la-giornata-mondiale-dellalzheimer\/"},"author":{"name":"Francesca Gervasoni","@id":"https:\/\/www.retedeldono.it\/magazine\/#\/schema\/person\/a35c81474fbabc7c769d83f87073545f"},"headline":"La Maratona Alzheimer per la Giornata mondiale dell&#8217;Alzheimer","datePublished":"2023-09-07T08:00:00+00:00","dateModified":"2023-09-07T15:08:55+00:00","mainEntityOfPage":{"@id":"https:\/\/www.retedeldono.it\/magazine\/la-maratona-alzheimer-per-la-giornata-mondiale-dellalzheimer\/"},"wordCount":500,"commentCount":0,"image":{"@id":"https:\/\/www.retedeldono.it\/magazine\/la-maratona-alzheimer-per-la-giornata-mondiale-dellalzheimer\/#primaryimage"},"thumbnailUrl":"https:\/\/magazine.retedeldono.it\/wp-content\/uploads\/2023\/09\/1_pvQN6tJ.width-1125.png","articleSection":["Crowdfunding"],"inLanguage":"it-IT","potentialAction":[{"@type":"CommentAction","name":"Comment","target":["https:\/\/www.retedeldono.it\/magazine\/la-maratona-alzheimer-per-la-giornata-mondiale-dellalzheimer\/#respond"]}]},{"@type":"WebPage","@id":"https:\/\/www.retedeldono.it\/magazine\/la-maratona-alzheimer-per-la-giornata-mondiale-dellalzheimer\/","url":"https:\/\/www.retedeldono.it\/magazine\/la-maratona-alzheimer-per-la-giornata-mondiale-dellalzheimer\/","name":"La Maratona Alzheimer per la Giornata mondiale dell'Alzheimer - Rete del Dono Magazine","isPartOf":{"@id":"https:\/\/www.retedeldono.it\/magazine\/#website"},"primaryImageOfPage":{"@id":"https:\/\/www.retedeldono.it\/magazine\/la-maratona-alzheimer-per-la-giornata-mondiale-dellalzheimer\/#primaryimage"},"image":{"@id":"https:\/\/www.retedeldono.it\/magazine\/la-maratona-alzheimer-per-la-giornata-mondiale-dellalzheimer\/#primaryimage"},"thumbnailUrl":"https:\/\/magazine.retedeldono.it\/wp-content\/uploads\/2023\/09\/1_pvQN6tJ.width-1125.png","datePublished":"2023-09-07T08:00:00+00:00","dateModified":"2023-09-07T15:08:55+00:00","author":{"@id":"https:\/\/www.retedeldono.it\/magazine\/#\/schema\/person\/a35c81474fbabc7c769d83f87073545f"},"description":"In occasione della Giornata mondiale dell'Alzheimer del 21 settembre, il 10 settembre si tiene la XII edizione della Maratona Alzheimer.","breadcrumb":{"@id":"https:\/\/www.retedeldono.it\/magazine\/la-maratona-alzheimer-per-la-giornata-mondiale-dellalzheimer\/#breadcrumb"},"inLanguage":"it-IT","potentialAction":[{"@type":"ReadAction","target":["https:\/\/www.retedeldono.it\/magazine\/la-maratona-alzheimer-per-la-giornata-mondiale-dellalzheimer\/"]}]},{"@type":"ImageObject","inLanguage":"it-IT","@id":"https:\/\/www.retedeldono.it\/magazine\/la-maratona-alzheimer-per-la-giornata-mondiale-dellalzheimer\/#primaryimage","url":"https:\/\/magazine.retedeldono.it\/wp-content\/uploads\/2023\/09\/1_pvQN6tJ.width-1125.png","contentUrl":"https:\/\/magazine.retedeldono.it\/wp-content\/uploads\/2023\/09\/1_pvQN6tJ.width-1125.png","width":1000,"height":700,"caption":"Maratona Alzheimer"},{"@type":"BreadcrumbList","@id":"https:\/\/www.retedeldono.it\/magazine\/la-maratona-alzheimer-per-la-giornata-mondiale-dellalzheimer\/#breadcrumb","itemListElement":[{"@type":"ListItem","position":1,"name":"Home","item":"https:\/\/www.retedeldono.it\/magazine\/"},{"@type":"ListItem","position":2,"name":"La Maratona Alzheimer per la Giornata mondiale dell&#8217;Alzheimer"}]},{"@type":"WebSite","@id":"https:\/\/www.retedeldono.it\/magazine\/#website","url":"https:\/\/www.retedeldono.it\/magazine\/","name":"Rete del Dono Magazine","description":"Rete del Dono Magazine","potentialAction":[{"@type":"SearchAction","target":{"@type":"EntryPoint","urlTemplate":"https:\/\/www.retedeldono.it\/magazine\/?s={search_term_string}"},"query-input":{"@type":"PropertyValueSpecification","valueRequired":true,"valueName":"search_term_string"}}],"inLanguage":"it-IT"},{"@type":"Person","@id":"https:\/\/www.retedeldono.it\/magazine\/#\/schema\/person\/a35c81474fbabc7c769d83f87073545f","name":"Francesca Gervasoni","image":{"@type":"ImageObject","inLanguage":"it-IT","@id":"https:\/\/secure.gravatar.com\/avatar\/1825a523f3047a4b9194721a85cdea28f936ebf51e16a49a9e6504a59c37d892?s=96&d=mm&r=g","url":"https:\/\/secure.gravatar.com\/avatar\/1825a523f3047a4b9194721a85cdea28f936ebf51e16a49a9e6504a59c37d892?s=96&d=mm&r=g","contentUrl":"https:\/\/secure.gravatar.com\/avatar\/1825a523f3047a4b9194721a85cdea28f936ebf51e16a49a9e6504a59c37d892?s=96&d=mm&r=g","caption":"Francesca Gervasoni"},"description":"Laureata in Filosofia presso Universit\u00e0 degli studi di Milano, ha un\u2019esperienza di 15 anni nel mondo delle agenzie di comunicazione per il mondo profit. Nel 2012 cambia vita e approda su Rete del Dono, dove mette in pratica quello che ha imparato nella precedente vita professionale, per aiutare ONP e aziende ad attivare campagne di raccolta fondi non profit. In Rete del Dono, ricopre il ruolo di Head of Charity Program e si occupa dei rapporti con le aziende.","url":"https:\/\/www.retedeldono.it\/magazine\/author\/francesca-gervasoni\/"}]}},"_links":{"self":[{"href":"https:\/\/www.retedeldono.it\/magazine\/wp-json\/wp\/v2\/posts\/2696","targetHints":{"allow":["GET"]}}],"collection":[{"href":"https:\/\/www.retedeldono.it\/magazine\/wp-json\/wp\/v2\/posts"}],"about":[{"href":"https:\/\/www.retedeldono.it\/magazine\/wp-json\/wp\/v2\/types\/post"}],"author":[{"embeddable":true,"href":"https:\/\/www.retedeldono.it\/magazine\/wp-json\/wp\/v2\/users\/12"}],"replies":[{"embeddable":true,"href":"https:\/\/www.retedeldono.it\/magazine\/wp-json\/wp\/v2\/comments?post=2696"}],"version-history":[{"count":1,"href":"https:\/\/www.retedeldono.it\/magazine\/wp-json\/wp\/v2\/posts\/2696\/revisions"}],"predecessor-version":[{"id":2700,"href":"https:\/\/www.retedeldono.it\/magazine\/wp-json\/wp\/v2\/posts\/2696\/revisions\/2700"}],"wp:featuredmedia":[{"embeddable":true,"href":"https:\/\/www.retedeldono.it\/magazine\/wp-json\/wp\/v2\/media\/2698"}],"wp:attachment":[{"href":"https:\/\/www.retedeldono.it\/magazine\/wp-json\/wp\/v2\/media?parent=2696"}],"wp:term":[{"taxonomy":"category","embeddable":true,"href":"https:\/\/www.retedeldono.it\/magazine\/wp-json\/wp\/v2\/categories?post=2696"},{"taxonomy":"post_tag","embeddable":true,"href":"https:\/\/www.retedeldono.it\/magazine\/wp-json\/wp\/v2\/tags?post=2696"}],"curies":[{"name":"wp","href":"https:\/\/api.w.org\/{rel}","templated":true}]}}