{"id":2716,"date":"2023-09-14T07:15:47","date_gmt":"2023-09-14T07:15:47","guid":{"rendered":"https:\/\/www.retedeldono.it\/magazine\/?p=2716"},"modified":"2023-09-15T12:04:47","modified_gmt":"2023-09-15T12:04:47","slug":"azione-cattolica-di-milano-da-volontari-a-personal-fundraiser","status":"publish","type":"post","link":"https:\/\/www.retedeldono.it\/magazine\/azione-cattolica-di-milano-da-volontari-a-personal-fundraiser\/","title":{"rendered":"Azione Cattolica di Milano: da volontari a Personal Fundraiser"},"content":{"rendered":"\n<p>Sei giovani <strong>in partenza per il Kurdistan iracheno<\/strong>, con la speranza che questa esperienza possa arricchire se stessi e le persone che incontreranno sulla loro strada. Ma anche quelle che lasceranno a casa, coinvolgendole in una raccolta fondi per portarle un po\u2019 con s\u00e9 in questo viaggio. Cos\u00ec \u00e8 nata la campagna <a href=\"https:\/\/www.retedeldono.it\/progetti\/azione-cattolica-ambrosiana\/sei-volontari-a-erbil\" target=\"_blank\" rel=\"noreferrer noopener\"><strong>Sei volontari a Erbil<\/strong><\/a> che dimostra come, ancora una volta, il <a href=\"https:\/\/www.retedeldono.it\/magazine\/crowdfunding-e-cooperazione-internazionale\/\" target=\"_blank\" rel=\"noreferrer noopener\"><strong>fundraising legato alla cooperazione internazionale<\/strong><\/a> passa dal Personal Fundraising.<\/p>\n\n\n\n<h2 class=\"wp-block-heading\">La collaborazione con Terre des Hommes<\/h2>\n\n\n\n<p>\u201cL\u2019opportunit\u00e0 del viaggio nasce da Miriam, che da 8 anni lavora a Erbil per <a href=\"https:\/\/terredeshommes.it\" target=\"_blank\" rel=\"noreferrer noopener\">Terre des Hommes Italia<\/a>\u201d racconta <strong>Luana dalla Mora, Responsabile della Comunicazione di <a href=\"https:\/\/azionecattolicamilano.it\" target=\"_blank\" rel=\"noreferrer noopener\">Azione Cattolica Ambrosiana<\/a><\/strong>. \u201cOra che la situazione nella regione \u00e8 stabile, abbiamo potuto attivare un campo di volontariato in cui coinvolgere alcuni giovani di AC\u201d. All\u2019appello hanno risposto Erica, Gaia, Laura, Noemi, Silvia e Giuseppe, studenti universitari desiderosi di confrontarsi con una cultura diversa e conoscere da vicino la realt\u00e0 dei rifugiati in un paese martoriato dalla guerra. \u201cPartiranno a fine settembre, per collaborare alle attivit\u00e0 di educative e di animazione nei <strong>centri diurni gestiti da Terre des Hommes<\/strong>\u201d.<\/p>\n\n\n\n<h2 class=\"wp-block-heading\">Obiettivo pi\u00f9 che raddoppiato<\/h2>\n\n\n\n<p>In attesa della partenza, per\u00f2, i ragazzi non sono voluti restare con le mani in mano: da qui l\u2019idea di raccogliere <strong>fondi e materiale scolastico da destinare ai progetti<\/strong> che visiteranno. \u201cIl primo obiettivo di raccolta, 3.500 euro, \u00e8 stato sbriciolato in poche settimane nonostante siamo partiti a inizio agosto. Ora la cifra \u00e8 pi\u00f9 che raddoppiata\u201d. E pensare che Azione Cattolica \u00e8 rimasta nelle retrovie, valorizzando &#8211; in pieno stile AC &#8211; il <strong>protagonismo di questi giovani<\/strong> e affidandosi al loro spirito di inventiva. \u201cComunicheremo il progetto ai nostri soci, tramite Newsletter, solo a pochi giorni dalla partenza e questo incrementer\u00e0 ulteriormente le donazioni\u201d.<\/p>\n\n\n\n<h2 class=\"wp-block-heading\">La cura dei volontari Personal Fundraiser<\/h2>\n\n\n\n<p>L\u2019associazione ha compiuto l\u2019unico lavoro davvero indispensabile in questi casi: la <a href=\"https:\/\/www.retedeldono.it\/magazine\/la-cura-dei-volontari-personal-fundraiser\/\" target=\"_blank\" rel=\"noreferrer noopener\"><strong>cura dei Personal Fundraiser<\/strong><\/a>. \u201c\u00c8 la prima esperienza per tutti, cos\u00ec con il prezioso aiuto di Rete del Dono abbiamo organizzato dei momenti di formazione e creato un gruppo WhatsApp per coordinarci e condividere consigli e best practices\u201d. \u201cOgni Personal Fundraiser pu\u00f2 trovare il suo canale per raggiungere il proprio obiettivo\u201d aggiunge <strong>Stefano Padoan, consulente di Fundraising sul progetto<\/strong>. \u201cC\u2019\u00e8 chi sta valorizzando la sua vena artistica, chi conta di realizzare un progetto di filmmaking sul campo, chi ha puntato sulla coesione del suo paese d\u2019origine per mobilitarlo in blocco a suon di passaparola\u201d.<\/p>\n\n\n\n<h2 class=\"wp-block-heading\">Tra digitale e strumenti vintage<\/h2>\n\n\n\n<p>Da dei giovani studenti ci si aspetterebbe un massiccio uso dei social. \u201cInvece finora hanno puntato quasi esclusivamente sul racconto di persona, un modo pi\u00f9 \u2018caldo\u2019 per introdurre stati e messaggi <strong>WhatsApp e Telegram<\/strong>. Qualcuno user\u00e0 le stories di Instagram per diffondere ulteriormente il link della campagna. E c\u2019\u00e8 anche chi, alla vecchia maniera, ha organizzato un <strong>incontro<\/strong> nel proprio oratorio e sta facendo girare per il paese un <strong>volantino<\/strong> personalizzato, guadagnandosi anche un\u2019uscita sul giornale\u201d. E la risposta ha sorpreso un po\u2019 tutti, sia per la prontezza delle persone pi\u00f9 vicine che per la generosit\u00e0 di anonimi. Ma soprattutto per i tanti messaggi di supporto di amici del cuore o sconosciuti.<\/p>\n\n\n\n<h2 class=\"wp-block-heading\">Crowdfunding? Pi\u00f9 facile farlo che spiegarlo<\/h2>\n\n\n\n<p>Tanti infatti si aspettano, pretendono quasi una restituzione dell\u2019esperienza di cui ormai, da donatori, si sentono un po\u2019 parte. \u201cIl gruppo vuole <strong>aggiornare sulle attivit\u00e0<\/strong> non solo dopo, ma anche durante il campo con foto e video\u201d spiega <strong>Luana<\/strong>. \u201cAver lanciato questa raccolta, al di l\u00e0 del riscontro economico, ha aiutato questi giovani a fare gruppo: da agosto con la testa sono gi\u00e0 in Iraq. \u00c8 come se il loro viaggio fosse iniziato due mesi prima con questa campagna. La lezione, per loro e l\u2019associazione, \u00e8 che <strong>il Crowdfunding \u00e8 pi\u00f9 facile farlo che spiegarlo<\/strong>\u201d.<\/p>\n","protected":false},"excerpt":{"rendered":"<p>Sei giovani in partenza per il Kurdistan iracheno, con la speranza che questa esperienza possa arricchire se stessi e le persone che incontreranno sulla loro strada. Ma anche quelle che&#8230;<\/p>\n","protected":false},"author":7,"featured_media":2717,"comment_status":"open","ping_status":"open","sticky":true,"template":"","format":"standard","meta":{"_acf_changed":false,"footnotes":""},"categories":[13],"tags":[],"class_list":{"0":"post-2716","1":"post","2":"type-post","3":"status-publish","4":"format-standard","5":"has-post-thumbnail","7":"category-crowdfunding"},"acf":{"homepage_rdd":true},"yoast_head":"<!-- This site is optimized with the Yoast SEO plugin v27.5 - https:\/\/yoast.com\/product\/yoast-seo-wordpress\/ -->\n<title>Azione Cattolica di Milano: da volontari a Personal Fundraiser - Rete del Dono Magazine<\/title>\n<meta name=\"description\" content=\"Sei giovani di Azione Cattolica di Milano in partenza per il Kurdistan iracheno sono diventati volontari personal fundraiser.\" \/>\n<meta name=\"robots\" content=\"index, follow, max-snippet:-1, max-image-preview:large, max-video-preview:-1\" \/>\n<link rel=\"canonical\" href=\"https:\/\/www.retedeldono.it\/magazine\/azione-cattolica-di-milano-da-volontari-a-personal-fundraiser\/\" \/>\n<meta property=\"og:locale\" content=\"it_IT\" \/>\n<meta property=\"og:type\" content=\"article\" \/>\n<meta property=\"og:title\" content=\"Azione Cattolica di Milano: da volontari a Personal Fundraiser\" \/>\n<meta property=\"og:description\" content=\"Sei giovani di Azione Cattolica di Milano in partenza per il Kurdistan iracheno sono diventati volontari personal fundraiser.\" \/>\n<meta property=\"og:url\" content=\"https:\/\/www.retedeldono.it\/magazine\/azione-cattolica-di-milano-da-volontari-a-personal-fundraiser\/\" \/>\n<meta property=\"og:site_name\" content=\"Rete del Dono Magazine\" \/>\n<meta property=\"article:publisher\" content=\"https:\/\/www.facebook.com\/retedeldono\/\" \/>\n<meta property=\"article:published_time\" content=\"2023-09-14T07:15:47+00:00\" \/>\n<meta property=\"article:modified_time\" content=\"2023-09-15T12:04:47+00:00\" \/>\n<meta property=\"og:image\" content=\"https:\/\/magazine.retedeldono.it\/wp-content\/uploads\/2023\/09\/erbil.png\" \/>\n\t<meta property=\"og:image:width\" content=\"1018\" \/>\n\t<meta property=\"og:image:height\" content=\"700\" \/>\n\t<meta property=\"og:image:type\" content=\"image\/png\" \/>\n<meta name=\"author\" content=\"Aldo Lubrani\" \/>\n<meta name=\"twitter:card\" content=\"summary_large_image\" \/>\n<meta name=\"twitter:title\" content=\"Azione Cattolica di Milano: da volontari a Personal Fundraiser\" \/>\n<meta name=\"twitter:description\" content=\"Sei giovani di Azione Cattolica di Milano in partenza per il Kurdistan iracheno sono diventati volontari personal fundraiser.\" \/>\n<meta name=\"twitter:image\" content=\"https:\/\/magazine.retedeldono.it\/wp-content\/uploads\/2023\/09\/erbil.png\" \/>\n<meta name=\"twitter:label1\" content=\"Scritto da\" \/>\n\t<meta name=\"twitter:data1\" content=\"Aldo Lubrani\" \/>\n\t<meta name=\"twitter:label2\" content=\"Tempo di lettura stimato\" \/>\n\t<meta name=\"twitter:data2\" content=\"4 minuti\" \/>\n<script type=\"application\/ld+json\" class=\"yoast-schema-graph\">{\"@context\":\"https:\\\/\\\/schema.org\",\"@graph\":[{\"@type\":\"Article\",\"@id\":\"https:\\\/\\\/www.retedeldono.it\\\/magazine\\\/azione-cattolica-di-milano-da-volontari-a-personal-fundraiser\\\/#article\",\"isPartOf\":{\"@id\":\"https:\\\/\\\/www.retedeldono.it\\\/magazine\\\/azione-cattolica-di-milano-da-volontari-a-personal-fundraiser\\\/\"},\"author\":{\"name\":\"Aldo Lubrani\",\"@id\":\"https:\\\/\\\/www.retedeldono.it\\\/magazine\\\/#\\\/schema\\\/person\\\/19118fc3b527ea22d276cc2b446f7353\"},\"headline\":\"Azione Cattolica di Milano: da volontari a Personal Fundraiser\",\"datePublished\":\"2023-09-14T07:15:47+00:00\",\"dateModified\":\"2023-09-15T12:04:47+00:00\",\"mainEntityOfPage\":{\"@id\":\"https:\\\/\\\/www.retedeldono.it\\\/magazine\\\/azione-cattolica-di-milano-da-volontari-a-personal-fundraiser\\\/\"},\"wordCount\":628,\"commentCount\":0,\"image\":{\"@id\":\"https:\\\/\\\/www.retedeldono.it\\\/magazine\\\/azione-cattolica-di-milano-da-volontari-a-personal-fundraiser\\\/#primaryimage\"},\"thumbnailUrl\":\"https:\\\/\\\/magazine.retedeldono.it\\\/wp-content\\\/uploads\\\/2023\\\/09\\\/erbil.png\",\"articleSection\":[\"Crowdfunding\"],\"inLanguage\":\"it-IT\",\"potentialAction\":[{\"@type\":\"CommentAction\",\"name\":\"Comment\",\"target\":[\"https:\\\/\\\/www.retedeldono.it\\\/magazine\\\/azione-cattolica-di-milano-da-volontari-a-personal-fundraiser\\\/#respond\"]}]},{\"@type\":\"WebPage\",\"@id\":\"https:\\\/\\\/www.retedeldono.it\\\/magazine\\\/azione-cattolica-di-milano-da-volontari-a-personal-fundraiser\\\/\",\"url\":\"https:\\\/\\\/www.retedeldono.it\\\/magazine\\\/azione-cattolica-di-milano-da-volontari-a-personal-fundraiser\\\/\",\"name\":\"Azione Cattolica di Milano: da volontari a Personal Fundraiser - Rete del Dono Magazine\",\"isPartOf\":{\"@id\":\"https:\\\/\\\/www.retedeldono.it\\\/magazine\\\/#website\"},\"primaryImageOfPage\":{\"@id\":\"https:\\\/\\\/www.retedeldono.it\\\/magazine\\\/azione-cattolica-di-milano-da-volontari-a-personal-fundraiser\\\/#primaryimage\"},\"image\":{\"@id\":\"https:\\\/\\\/www.retedeldono.it\\\/magazine\\\/azione-cattolica-di-milano-da-volontari-a-personal-fundraiser\\\/#primaryimage\"},\"thumbnailUrl\":\"https:\\\/\\\/magazine.retedeldono.it\\\/wp-content\\\/uploads\\\/2023\\\/09\\\/erbil.png\",\"datePublished\":\"2023-09-14T07:15:47+00:00\",\"dateModified\":\"2023-09-15T12:04:47+00:00\",\"author\":{\"@id\":\"https:\\\/\\\/www.retedeldono.it\\\/magazine\\\/#\\\/schema\\\/person\\\/19118fc3b527ea22d276cc2b446f7353\"},\"description\":\"Sei giovani di Azione Cattolica di Milano in partenza per il Kurdistan iracheno sono diventati volontari personal fundraiser.\",\"breadcrumb\":{\"@id\":\"https:\\\/\\\/www.retedeldono.it\\\/magazine\\\/azione-cattolica-di-milano-da-volontari-a-personal-fundraiser\\\/#breadcrumb\"},\"inLanguage\":\"it-IT\",\"potentialAction\":[{\"@type\":\"ReadAction\",\"target\":[\"https:\\\/\\\/www.retedeldono.it\\\/magazine\\\/azione-cattolica-di-milano-da-volontari-a-personal-fundraiser\\\/\"]}]},{\"@type\":\"ImageObject\",\"inLanguage\":\"it-IT\",\"@id\":\"https:\\\/\\\/www.retedeldono.it\\\/magazine\\\/azione-cattolica-di-milano-da-volontari-a-personal-fundraiser\\\/#primaryimage\",\"url\":\"https:\\\/\\\/magazine.retedeldono.it\\\/wp-content\\\/uploads\\\/2023\\\/09\\\/erbil.png\",\"contentUrl\":\"https:\\\/\\\/magazine.retedeldono.it\\\/wp-content\\\/uploads\\\/2023\\\/09\\\/erbil.png\",\"width\":1018,\"height\":700,\"caption\":\"volontari personal fundraiser\"},{\"@type\":\"BreadcrumbList\",\"@id\":\"https:\\\/\\\/www.retedeldono.it\\\/magazine\\\/azione-cattolica-di-milano-da-volontari-a-personal-fundraiser\\\/#breadcrumb\",\"itemListElement\":[{\"@type\":\"ListItem\",\"position\":1,\"name\":\"Home\",\"item\":\"https:\\\/\\\/www.retedeldono.it\\\/magazine\\\/\"},{\"@type\":\"ListItem\",\"position\":2,\"name\":\"Azione Cattolica di Milano: da volontari a Personal Fundraiser\"}]},{\"@type\":\"WebSite\",\"@id\":\"https:\\\/\\\/www.retedeldono.it\\\/magazine\\\/#website\",\"url\":\"https:\\\/\\\/www.retedeldono.it\\\/magazine\\\/\",\"name\":\"Rete del Dono Magazine\",\"description\":\"Rete del Dono Magazine\",\"potentialAction\":[{\"@type\":\"SearchAction\",\"target\":{\"@type\":\"EntryPoint\",\"urlTemplate\":\"https:\\\/\\\/www.retedeldono.it\\\/magazine\\\/?s={search_term_string}\"},\"query-input\":{\"@type\":\"PropertyValueSpecification\",\"valueRequired\":true,\"valueName\":\"search_term_string\"}}],\"inLanguage\":\"it-IT\"},{\"@type\":\"Person\",\"@id\":\"https:\\\/\\\/www.retedeldono.it\\\/magazine\\\/#\\\/schema\\\/person\\\/19118fc3b527ea22d276cc2b446f7353\",\"name\":\"Aldo Lubrani\",\"image\":{\"@type\":\"ImageObject\",\"inLanguage\":\"it-IT\",\"@id\":\"https:\\\/\\\/secure.gravatar.com\\\/avatar\\\/e948991b445298d4342a4a232b29e90adbf8a4af10151e265f6e6f3e9a10f68c?s=96&d=mm&r=g\",\"url\":\"https:\\\/\\\/secure.gravatar.com\\\/avatar\\\/e948991b445298d4342a4a232b29e90adbf8a4af10151e265f6e6f3e9a10f68c?s=96&d=mm&r=g\",\"contentUrl\":\"https:\\\/\\\/secure.gravatar.com\\\/avatar\\\/e948991b445298d4342a4a232b29e90adbf8a4af10151e265f6e6f3e9a10f68c?s=96&d=mm&r=g\",\"caption\":\"Aldo Lubrani\"},\"description\":\"Laureato con lode in Relazioni Internazionali presso Universit\u00e0 degli studi Roma Tre, Master in Europrogettazione presso Europa Business School di Bologna. Google Digital Training Certificate. Lavoro da anni nel settore Digital, Fundraising e Non Profit. Su Rete del Dono ricopro il ruolo di Project Manager nell'ambito Comunicazione, Digital e Personal Fundraising. Appassionato di viaggi, natura, pittura.\",\"sameAs\":[\"https:\\\/\\\/www.retedeldono.it\"],\"url\":\"https:\\\/\\\/www.retedeldono.it\\\/magazine\\\/author\\\/aldo-lubrani\\\/\"}]}<\/script>\n<!-- \/ Yoast SEO plugin. -->","yoast_head_json":{"title":"Azione Cattolica di Milano: da volontari a Personal Fundraiser - Rete del Dono Magazine","description":"Sei giovani di Azione Cattolica di Milano in partenza per il Kurdistan iracheno sono diventati volontari personal fundraiser.","robots":{"index":"index","follow":"follow","max-snippet":"max-snippet:-1","max-image-preview":"max-image-preview:large","max-video-preview":"max-video-preview:-1"},"canonical":"https:\/\/www.retedeldono.it\/magazine\/azione-cattolica-di-milano-da-volontari-a-personal-fundraiser\/","og_locale":"it_IT","og_type":"article","og_title":"Azione Cattolica di Milano: da volontari a Personal Fundraiser","og_description":"Sei giovani di Azione Cattolica di Milano in partenza per il Kurdistan iracheno sono diventati volontari personal fundraiser.","og_url":"https:\/\/www.retedeldono.it\/magazine\/azione-cattolica-di-milano-da-volontari-a-personal-fundraiser\/","og_site_name":"Rete del Dono Magazine","article_publisher":"https:\/\/www.facebook.com\/retedeldono\/","article_published_time":"2023-09-14T07:15:47+00:00","article_modified_time":"2023-09-15T12:04:47+00:00","og_image":[{"width":1018,"height":700,"url":"https:\/\/magazine.retedeldono.it\/wp-content\/uploads\/2023\/09\/erbil.png","type":"image\/png"}],"author":"Aldo Lubrani","twitter_card":"summary_large_image","twitter_title":"Azione Cattolica di Milano: da volontari a Personal Fundraiser","twitter_description":"Sei giovani di Azione Cattolica di Milano in partenza per il Kurdistan iracheno sono diventati volontari personal fundraiser.","twitter_image":"https:\/\/magazine.retedeldono.it\/wp-content\/uploads\/2023\/09\/erbil.png","twitter_misc":{"Scritto da":"Aldo Lubrani","Tempo di lettura stimato":"4 minuti"},"schema":{"@context":"https:\/\/schema.org","@graph":[{"@type":"Article","@id":"https:\/\/www.retedeldono.it\/magazine\/azione-cattolica-di-milano-da-volontari-a-personal-fundraiser\/#article","isPartOf":{"@id":"https:\/\/www.retedeldono.it\/magazine\/azione-cattolica-di-milano-da-volontari-a-personal-fundraiser\/"},"author":{"name":"Aldo Lubrani","@id":"https:\/\/www.retedeldono.it\/magazine\/#\/schema\/person\/19118fc3b527ea22d276cc2b446f7353"},"headline":"Azione Cattolica di Milano: da volontari a Personal Fundraiser","datePublished":"2023-09-14T07:15:47+00:00","dateModified":"2023-09-15T12:04:47+00:00","mainEntityOfPage":{"@id":"https:\/\/www.retedeldono.it\/magazine\/azione-cattolica-di-milano-da-volontari-a-personal-fundraiser\/"},"wordCount":628,"commentCount":0,"image":{"@id":"https:\/\/www.retedeldono.it\/magazine\/azione-cattolica-di-milano-da-volontari-a-personal-fundraiser\/#primaryimage"},"thumbnailUrl":"https:\/\/magazine.retedeldono.it\/wp-content\/uploads\/2023\/09\/erbil.png","articleSection":["Crowdfunding"],"inLanguage":"it-IT","potentialAction":[{"@type":"CommentAction","name":"Comment","target":["https:\/\/www.retedeldono.it\/magazine\/azione-cattolica-di-milano-da-volontari-a-personal-fundraiser\/#respond"]}]},{"@type":"WebPage","@id":"https:\/\/www.retedeldono.it\/magazine\/azione-cattolica-di-milano-da-volontari-a-personal-fundraiser\/","url":"https:\/\/www.retedeldono.it\/magazine\/azione-cattolica-di-milano-da-volontari-a-personal-fundraiser\/","name":"Azione Cattolica di Milano: da volontari a Personal Fundraiser - Rete del Dono Magazine","isPartOf":{"@id":"https:\/\/www.retedeldono.it\/magazine\/#website"},"primaryImageOfPage":{"@id":"https:\/\/www.retedeldono.it\/magazine\/azione-cattolica-di-milano-da-volontari-a-personal-fundraiser\/#primaryimage"},"image":{"@id":"https:\/\/www.retedeldono.it\/magazine\/azione-cattolica-di-milano-da-volontari-a-personal-fundraiser\/#primaryimage"},"thumbnailUrl":"https:\/\/magazine.retedeldono.it\/wp-content\/uploads\/2023\/09\/erbil.png","datePublished":"2023-09-14T07:15:47+00:00","dateModified":"2023-09-15T12:04:47+00:00","author":{"@id":"https:\/\/www.retedeldono.it\/magazine\/#\/schema\/person\/19118fc3b527ea22d276cc2b446f7353"},"description":"Sei giovani di Azione Cattolica di Milano in partenza per il Kurdistan iracheno sono diventati volontari personal fundraiser.","breadcrumb":{"@id":"https:\/\/www.retedeldono.it\/magazine\/azione-cattolica-di-milano-da-volontari-a-personal-fundraiser\/#breadcrumb"},"inLanguage":"it-IT","potentialAction":[{"@type":"ReadAction","target":["https:\/\/www.retedeldono.it\/magazine\/azione-cattolica-di-milano-da-volontari-a-personal-fundraiser\/"]}]},{"@type":"ImageObject","inLanguage":"it-IT","@id":"https:\/\/www.retedeldono.it\/magazine\/azione-cattolica-di-milano-da-volontari-a-personal-fundraiser\/#primaryimage","url":"https:\/\/magazine.retedeldono.it\/wp-content\/uploads\/2023\/09\/erbil.png","contentUrl":"https:\/\/magazine.retedeldono.it\/wp-content\/uploads\/2023\/09\/erbil.png","width":1018,"height":700,"caption":"volontari personal fundraiser"},{"@type":"BreadcrumbList","@id":"https:\/\/www.retedeldono.it\/magazine\/azione-cattolica-di-milano-da-volontari-a-personal-fundraiser\/#breadcrumb","itemListElement":[{"@type":"ListItem","position":1,"name":"Home","item":"https:\/\/www.retedeldono.it\/magazine\/"},{"@type":"ListItem","position":2,"name":"Azione Cattolica di Milano: da volontari a Personal Fundraiser"}]},{"@type":"WebSite","@id":"https:\/\/www.retedeldono.it\/magazine\/#website","url":"https:\/\/www.retedeldono.it\/magazine\/","name":"Rete del Dono Magazine","description":"Rete del Dono Magazine","potentialAction":[{"@type":"SearchAction","target":{"@type":"EntryPoint","urlTemplate":"https:\/\/www.retedeldono.it\/magazine\/?s={search_term_string}"},"query-input":{"@type":"PropertyValueSpecification","valueRequired":true,"valueName":"search_term_string"}}],"inLanguage":"it-IT"},{"@type":"Person","@id":"https:\/\/www.retedeldono.it\/magazine\/#\/schema\/person\/19118fc3b527ea22d276cc2b446f7353","name":"Aldo Lubrani","image":{"@type":"ImageObject","inLanguage":"it-IT","@id":"https:\/\/secure.gravatar.com\/avatar\/e948991b445298d4342a4a232b29e90adbf8a4af10151e265f6e6f3e9a10f68c?s=96&d=mm&r=g","url":"https:\/\/secure.gravatar.com\/avatar\/e948991b445298d4342a4a232b29e90adbf8a4af10151e265f6e6f3e9a10f68c?s=96&d=mm&r=g","contentUrl":"https:\/\/secure.gravatar.com\/avatar\/e948991b445298d4342a4a232b29e90adbf8a4af10151e265f6e6f3e9a10f68c?s=96&d=mm&r=g","caption":"Aldo Lubrani"},"description":"Laureato con lode in Relazioni Internazionali presso Universit\u00e0 degli studi Roma Tre, Master in Europrogettazione presso Europa Business School di Bologna. Google Digital Training Certificate. Lavoro da anni nel settore Digital, Fundraising e Non Profit. Su Rete del Dono ricopro il ruolo di Project Manager nell'ambito Comunicazione, Digital e Personal Fundraising. Appassionato di viaggi, natura, pittura.","sameAs":["https:\/\/www.retedeldono.it"],"url":"https:\/\/www.retedeldono.it\/magazine\/author\/aldo-lubrani\/"}]}},"_links":{"self":[{"href":"https:\/\/www.retedeldono.it\/magazine\/wp-json\/wp\/v2\/posts\/2716","targetHints":{"allow":["GET"]}}],"collection":[{"href":"https:\/\/www.retedeldono.it\/magazine\/wp-json\/wp\/v2\/posts"}],"about":[{"href":"https:\/\/www.retedeldono.it\/magazine\/wp-json\/wp\/v2\/types\/post"}],"author":[{"embeddable":true,"href":"https:\/\/www.retedeldono.it\/magazine\/wp-json\/wp\/v2\/users\/7"}],"replies":[{"embeddable":true,"href":"https:\/\/www.retedeldono.it\/magazine\/wp-json\/wp\/v2\/comments?post=2716"}],"version-history":[{"count":5,"href":"https:\/\/www.retedeldono.it\/magazine\/wp-json\/wp\/v2\/posts\/2716\/revisions"}],"predecessor-version":[{"id":2726,"href":"https:\/\/www.retedeldono.it\/magazine\/wp-json\/wp\/v2\/posts\/2716\/revisions\/2726"}],"wp:featuredmedia":[{"embeddable":true,"href":"https:\/\/www.retedeldono.it\/magazine\/wp-json\/wp\/v2\/media\/2717"}],"wp:attachment":[{"href":"https:\/\/www.retedeldono.it\/magazine\/wp-json\/wp\/v2\/media?parent=2716"}],"wp:term":[{"taxonomy":"category","embeddable":true,"href":"https:\/\/www.retedeldono.it\/magazine\/wp-json\/wp\/v2\/categories?post=2716"},{"taxonomy":"post_tag","embeddable":true,"href":"https:\/\/www.retedeldono.it\/magazine\/wp-json\/wp\/v2\/tags?post=2716"}],"curies":[{"name":"wp","href":"https:\/\/api.w.org\/{rel}","templated":true}]}}