{"id":2731,"date":"2023-09-21T08:00:00","date_gmt":"2023-09-21T08:00:00","guid":{"rendered":"https:\/\/www.retedeldono.it\/magazine\/?p=2731"},"modified":"2023-09-20T14:03:23","modified_gmt":"2023-09-20T14:03:23","slug":"pedalando-per-la-ricerca-il-team-di-personal-fundraiser","status":"publish","type":"post","link":"https:\/\/www.retedeldono.it\/magazine\/pedalando-per-la-ricerca-il-team-di-personal-fundraiser\/","title":{"rendered":"Pedalando per la ricerca, il team di personal fundraiser"},"content":{"rendered":"\r\n<p>Se il sogno di un ciclista \u00e8 correre il Tour de France, quello di un <a href=\"https:\/\/www.retedeldono.it\/magazine\/raccogliere-fondi-bicicletta\/\" target=\"_blank\" rel=\"noreferrer noopener\"><strong>ciclista solidale<\/strong><\/a> \u00e8 diventare un personal fundraiser professionista. <strong>Alessandro Mucci<\/strong> ci sta riuscendo con la sua <a href=\"https:\/\/www.retedeldono.it\/it\/iniziative\/fondazione-airc\/alessandro.mucci\/pedalando-per-la-ricerca-2023\" target=\"_blank\" rel=\"noreferrer noopener\"><strong>Pedalando per la ricerca<\/strong><\/a>, che negli anni da iniziativa personale \u00e8 diventata un vero e proprio team di raccolta fondi.<\/p>\r\n\r\n\r\n\r\n<div class=\"wp-block-buttons is-content-justification-center is-layout-flex wp-container-core-buttons-is-layout-16018d1d wp-block-buttons-is-layout-flex\">\r\n<div class=\"wp-block-button\"><a class=\"wp-block-button__link wp-element-button\" href=\"https:\/\/www.retedeldono.it\/scegli-iniziativa\" target=\"_blank\" rel=\"noreferrer noopener\">Fai come Alessandro, crea la tua raccolta<\/a><\/div>\r\n<\/div>\r\n\r\n\r\n\r\n<h2 class=\"wp-block-heading\">La prima edizione di Pedalando per la ricerca<\/h2>\r\n\r\n\r\n\r\n<p>\u00c8 infatti il quarto anno di fila che Alessandro e soci sono montati in sella per supportare la ricerca contro il tumore di <strong>Fondazione AIRC<\/strong>. \u201cHo cominciato a pedalare per AIRC <strong>nel 2020, quando mia madre si \u00e8 ammalata di tumore<\/strong> e io, come regalo di compleanno, a giugno sono partito. A 23 anni, con un pizzico di incoscienza, avevo approfittato della fine del primo lockdown per attraversare le zone del terremoto del centro Italia, ancora pi\u00f9 deserte in quei mesi\u201d. Un messaggio di speranza per la madre (poi guarita) e per le persone che, stupite, lo vedevano faticare in quei luoghi. \u201cDa quel momento, ogni anno ho sempre organizzato un viaggio in bici solidale\u201d.<\/p>\r\n\r\n\r\n<div class=\"wp-block-image\">\r\n<figure class=\"aligncenter size-large\"><img loading=\"lazy\" decoding=\"async\" width=\"1024\" height=\"538\" class=\"wp-image-2728\" src=\"https:\/\/www.retedeldono.it\/magazine\/wp-content\/uploads\/2023\/09\/pedalando-per-la-ricerca-02-1024x538.jpg\" alt=\"pedalando-per-la-ricerca\" srcset=\"https:\/\/magazine.retedeldono.it\/wp-content\/uploads\/2023\/09\/pedalando-per-la-ricerca-02-1024x538.jpg 1024w, https:\/\/magazine.retedeldono.it\/wp-content\/uploads\/2023\/09\/pedalando-per-la-ricerca-02-300x158.jpg 300w, https:\/\/magazine.retedeldono.it\/wp-content\/uploads\/2023\/09\/pedalando-per-la-ricerca-02-768x403.jpg 768w, https:\/\/magazine.retedeldono.it\/wp-content\/uploads\/2023\/09\/pedalando-per-la-ricerca-02.jpg 1200w\" sizes=\"auto, (max-width: 1024px) 100vw, 1024px\" \/><\/figure>\r\n<\/div>\r\n\r\n\r\n<h2 class=\"wp-block-heading\">Pedalando per la ricerca 2023: tutte le iniziative<\/h2>\r\n\r\n\r\n\r\n<p>Tre anni e 25.000 euro raccolti pi\u00f9 tardi, eccolo ancora sulle strade. Questa volta, per\u00f2, <strong>accanto a lui ci sono amici vecchi e nuovi<\/strong> che gli stanno permettendo di moltiplicare gli sforzi e di aver gi\u00e0 ampiamente raggiunto l\u2019obiettivo di raccolta. \u201cIn agosto <a href=\"https:\/\/blog.retedeldono.it\/it\/1000km-AIRC-Ciro-Russo-vincitore-RDD-Challenge\" target=\"_blank\" rel=\"noreferrer noopener\"><strong>Ciro Russo<\/strong><\/a>, Valentina Giorgis e Gennaro Russo hanno percorso Rivoli &#8211; Santiago de Compostela, mentre Fabiano Altobello \u00e8 andato da Torino a Bruxelles. Io con Marco, Alberto e Marco ho percorso un Torino &#8211; Firenze no-stop e, insieme all\u2019influencer <a href=\"https:\/\/www.instagram.com\/stefanoellea\/\" target=\"_blank\" rel=\"noreferrer noopener\"><strong>Stefano La Mastra<\/strong><\/a>, siamo appena tornati dal viaggio da Barcellona a Genova\u201d.<\/p>\r\n\r\n\r\n<div class=\"wp-block-image\">\r\n<figure class=\"aligncenter size-large\"><img loading=\"lazy\" decoding=\"async\" width=\"1024\" height=\"538\" class=\"wp-image-2727\" src=\"https:\/\/www.retedeldono.it\/magazine\/wp-content\/uploads\/2023\/09\/pedalando-per-la-ricerca-03-1024x538.jpg\" alt=\"pedalando-per-la-ricerca\" srcset=\"https:\/\/magazine.retedeldono.it\/wp-content\/uploads\/2023\/09\/pedalando-per-la-ricerca-03-1024x538.jpg 1024w, https:\/\/magazine.retedeldono.it\/wp-content\/uploads\/2023\/09\/pedalando-per-la-ricerca-03-300x158.jpg 300w, https:\/\/magazine.retedeldono.it\/wp-content\/uploads\/2023\/09\/pedalando-per-la-ricerca-03-768x403.jpg 768w, https:\/\/magazine.retedeldono.it\/wp-content\/uploads\/2023\/09\/pedalando-per-la-ricerca-03.jpg 1200w\" sizes=\"auto, (max-width: 1024px) 100vw, 1024px\" \/><\/figure>\r\n<\/div>\r\n\r\n\r\n<h2 class=\"wp-block-heading\">Da Personal Fundraiser solitari a team<\/h2>\r\n\r\n\r\n\r\n<p>Tante imprese sportive diverse riunite sotto un <strong>unico brand<\/strong>: quello di Pedalando per la ricerca, che \u00e8 un marchio sempre meno focalizzato solo su Alessandro. \u201cDa professionista di digital marketing volevo creare qualcosa che mi identificasse come persona, ma che potesse anche <strong>facilitare chiunque volesse<\/strong>, come me, <strong>coniugare solidariet\u00e0 e viaggiare ecologico<\/strong>. Questo \u00e8 il primo anno che a me e Stefano si sono uniti altri ciclisti solidali. Fabiano, ad esempio, ha partecipato a una festa di Pedalando per la ricerca e mi ha chiesto se quest\u2019estate avrebbe potuto aggiungersi con la sua iniziativa\u201d.<\/p>\r\n\r\n\r\n<div class=\"wp-block-image\">\r\n<figure class=\"aligncenter size-large\"><img loading=\"lazy\" decoding=\"async\" width=\"1024\" height=\"538\" class=\"wp-image-2730\" src=\"https:\/\/www.retedeldono.it\/magazine\/wp-content\/uploads\/2023\/09\/pedalando-per-la-ricerca-01-1024x538.jpg\" alt=\"pedalando-per-la-ricerca\" srcset=\"https:\/\/magazine.retedeldono.it\/wp-content\/uploads\/2023\/09\/pedalando-per-la-ricerca-01-1024x538.jpg 1024w, https:\/\/magazine.retedeldono.it\/wp-content\/uploads\/2023\/09\/pedalando-per-la-ricerca-01-300x158.jpg 300w, https:\/\/magazine.retedeldono.it\/wp-content\/uploads\/2023\/09\/pedalando-per-la-ricerca-01-768x403.jpg 768w, https:\/\/magazine.retedeldono.it\/wp-content\/uploads\/2023\/09\/pedalando-per-la-ricerca-01.jpg 1200w\" sizes=\"auto, (max-width: 1024px) 100vw, 1024px\" \/><\/figure>\r\n<\/div>\r\n\r\n\r\n<h2 class=\"wp-block-heading\">L\u2019unione fa la forza<\/h2>\r\n\r\n\r\n\r\n<p>Agli amici ciclisti Alessandro d\u00e0 consigli di comunicazione o di logistica o ancora estende gli accordi con alcuni sponsor tecnici da lui acquisiti. Una sorta di \u2018agenzia\u2019 di Personal Fundraising, che accompagna il ciclista solidale dalla pianificazione del viaggio al reperimento di eventuali sponsor e patrocini. \u201cOgni persona in pi\u00f9 permette di allargare il network e d\u00e0 una carica di motivazione in pi\u00f9, soprattutto per chi lo fa ogni anno. La piattaforma \u00e8 sempre Rete del Dono: mi fu suggerita da AIRC quando cominciai e non la cambierei mai, perch\u00e9 offre supporto personalizzato a chiunque voglia aprire una campagna\u201d.<\/p>\r\n\r\n\r\n\r\n<div class=\"wp-block-buttons is-content-justification-center is-layout-flex wp-container-core-buttons-is-layout-16018d1d wp-block-buttons-is-layout-flex\">\r\n<div class=\"wp-block-button\"><a class=\"wp-block-button__link wp-element-button\" href=\"https:\/\/www.retedeldono.it\/it\/iniziative\/fondazione-airc\/alessandro.mucci\/pedalando-per-la-ricerca-2023\" target=\"_blank\" rel=\"noreferrer noopener\">Scopri di pi\u00f9 su Pedalando per la Ricerca<\/a><\/div>\r\n<\/div>\r\n\r\n\r\n\r\n<h2 class=\"wp-block-heading\">Come diventare un Personal Fundraiser professionista<\/h2>\r\n\r\n\r\n\r\n<p>Data la sua esperienza, ecco i consigli di Alessandro:<\/p>\r\n\r\n\r\n\r\n<ul class=\"wp-block-list\">\r\n<li><strong>Reperite sponsor.<\/strong> Il viaggio parte almeno 5 mesi prima del primo colpo di pedale. \u201cPreparate un piccolo business plan per avere un\u2019idea dei costi. Poi, con alcune slides, presentatevi da potenziali aziende donatrici e Comuni interessati al vostro viaggio, a cui fare richieste specifiche (cibo, hotel, attrezzature). Bastano importi piccoli, di poche centinaia di euro. Nel farlo, partite dai contatti che avete e dagli esercizi commerciali che conoscete\u201d.<\/li>\r\n\r\n\r\n\r\n<li><strong>Trasparenza e chiarezza.<\/strong> Spiegate bene come si dona, facendo anche un video tutorial, e a chi andranno i fondi raccolti.<\/li>\r\n\r\n\r\n\r\n<li><strong>Cambiate format.<\/strong> Se siete PF ricorsivi, replicare sempre lo stesso format alla lunga fa calare il raccolto. \u201cProvate a diversificare, inserendo ad esempio una maglietta come reward per la donazione\u201d.<\/li>\r\n\r\n\r\n\r\n<li><strong>Comunicate costantemente.<\/strong> C\u2019\u00e8 tanto da dire sul vostro impegno. Perch\u00e9 lo fate, che caratteristiche ha il progetto che sostenete e quanto \u00e8 impattante sulla vita delle persone. \u201cLa storia che hai da raccontare conta sempre di pi\u00f9. Create l\u2019aspettativa gi\u00e0 prima della partenza e poi raccontate il viaggio tappa dopo tappa. Gli strumenti ci sono: WhatsApp, Facebook, Instagram. Dirette e stories sono le migliori per condividere il link della pagina di donazione. E &#8211; perch\u00e9 no? &#8211; pu\u00f2 funzionare anche LinkedIn\u201d.<\/li>\r\n<\/ul>\r\n","protected":false},"excerpt":{"rendered":"<p>Se il sogno di un ciclista \u00e8 correre il Tour de France, quello di un ciclista solidale \u00e8 diventare un personal fundraiser professionista. Alessandro Mucci ci sta riuscendo con la&#8230;<\/p>\n","protected":false},"author":7,"featured_media":2729,"comment_status":"open","ping_status":"open","sticky":true,"template":"","format":"standard","meta":{"_acf_changed":false,"footnotes":""},"categories":[17],"tags":[],"class_list":{"0":"post-2731","1":"post","2":"type-post","3":"status-publish","4":"format-standard","5":"has-post-thumbnail","7":"category-fundraising"},"acf":{"homepage_rdd":true},"yoast_head":"<!-- This site is optimized with the Yoast SEO plugin v27.5 - https:\/\/yoast.com\/product\/yoast-seo-wordpress\/ -->\n<title>Pedalando per la ricerca, il team di personal fundraiser - Rete del Dono Magazine<\/title>\n<meta name=\"description\" content=\"Pedalando per la ricerca negli anni si \u00e8 trasformata da iniziativa solitaria di Alessandro Mucci a un vero e proprio team di raccolta fondi.\" \/>\n<meta name=\"robots\" content=\"index, follow, max-snippet:-1, max-image-preview:large, max-video-preview:-1\" \/>\n<link rel=\"canonical\" href=\"https:\/\/www.retedeldono.it\/magazine\/pedalando-per-la-ricerca-il-team-di-personal-fundraiser\/\" \/>\n<meta property=\"og:locale\" content=\"it_IT\" \/>\n<meta property=\"og:type\" content=\"article\" \/>\n<meta property=\"og:title\" content=\"Pedalando per la ricerca, il team di personal fundraiser\" \/>\n<meta property=\"og:description\" content=\"Pedalando per la ricerca negli anni si \u00e8 trasformata da iniziativa solitaria di Alessandro Mucci a un vero e proprio team di raccolta fondi.\" \/>\n<meta property=\"og:url\" content=\"https:\/\/www.retedeldono.it\/magazine\/pedalando-per-la-ricerca-il-team-di-personal-fundraiser\/\" \/>\n<meta property=\"og:site_name\" content=\"Rete del Dono Magazine\" \/>\n<meta property=\"article:publisher\" content=\"https:\/\/www.facebook.com\/retedeldono\/\" \/>\n<meta property=\"article:published_time\" content=\"2023-09-21T08:00:00+00:00\" \/>\n<meta property=\"og:image\" content=\"https:\/\/magazine.retedeldono.it\/wp-content\/uploads\/2023\/09\/pedalando-per-la-ricerca.jpg\" \/>\n\t<meta property=\"og:image:width\" content=\"1031\" \/>\n\t<meta property=\"og:image:height\" content=\"700\" \/>\n\t<meta property=\"og:image:type\" content=\"image\/jpeg\" \/>\n<meta name=\"author\" content=\"Aldo Lubrani\" \/>\n<meta name=\"twitter:card\" content=\"summary_large_image\" \/>\n<meta name=\"twitter:title\" content=\"Pedalando per la ricerca, il team di personal fundraiser\" \/>\n<meta name=\"twitter:description\" content=\"Pedalando per la ricerca negli anni si \u00e8 trasformata da iniziativa solitaria di Alessandro Mucci a un vero e proprio team di raccolta fondi.\" \/>\n<meta name=\"twitter:image\" content=\"https:\/\/magazine.retedeldono.it\/wp-content\/uploads\/2023\/09\/pedalando-per-la-ricerca.jpg\" \/>\n<meta name=\"twitter:label1\" content=\"Scritto da\" \/>\n\t<meta name=\"twitter:data1\" content=\"Aldo Lubrani\" \/>\n\t<meta name=\"twitter:label2\" content=\"Tempo di lettura stimato\" \/>\n\t<meta name=\"twitter:data2\" content=\"5 minuti\" \/>\n<script type=\"application\/ld+json\" class=\"yoast-schema-graph\">{\"@context\":\"https:\\\/\\\/schema.org\",\"@graph\":[{\"@type\":\"Article\",\"@id\":\"https:\\\/\\\/www.retedeldono.it\\\/magazine\\\/pedalando-per-la-ricerca-il-team-di-personal-fundraiser\\\/#article\",\"isPartOf\":{\"@id\":\"https:\\\/\\\/www.retedeldono.it\\\/magazine\\\/pedalando-per-la-ricerca-il-team-di-personal-fundraiser\\\/\"},\"author\":{\"name\":\"Aldo Lubrani\",\"@id\":\"https:\\\/\\\/www.retedeldono.it\\\/magazine\\\/#\\\/schema\\\/person\\\/19118fc3b527ea22d276cc2b446f7353\"},\"headline\":\"Pedalando per la ricerca, il team di personal fundraiser\",\"datePublished\":\"2023-09-21T08:00:00+00:00\",\"mainEntityOfPage\":{\"@id\":\"https:\\\/\\\/www.retedeldono.it\\\/magazine\\\/pedalando-per-la-ricerca-il-team-di-personal-fundraiser\\\/\"},\"wordCount\":708,\"commentCount\":0,\"image\":{\"@id\":\"https:\\\/\\\/www.retedeldono.it\\\/magazine\\\/pedalando-per-la-ricerca-il-team-di-personal-fundraiser\\\/#primaryimage\"},\"thumbnailUrl\":\"https:\\\/\\\/magazine.retedeldono.it\\\/wp-content\\\/uploads\\\/2023\\\/09\\\/pedalando-per-la-ricerca.jpg\",\"articleSection\":[\"Fundraising\"],\"inLanguage\":\"it-IT\",\"potentialAction\":[{\"@type\":\"CommentAction\",\"name\":\"Comment\",\"target\":[\"https:\\\/\\\/www.retedeldono.it\\\/magazine\\\/pedalando-per-la-ricerca-il-team-di-personal-fundraiser\\\/#respond\"]}]},{\"@type\":\"WebPage\",\"@id\":\"https:\\\/\\\/www.retedeldono.it\\\/magazine\\\/pedalando-per-la-ricerca-il-team-di-personal-fundraiser\\\/\",\"url\":\"https:\\\/\\\/www.retedeldono.it\\\/magazine\\\/pedalando-per-la-ricerca-il-team-di-personal-fundraiser\\\/\",\"name\":\"Pedalando per la ricerca, il team di personal fundraiser - Rete del Dono Magazine\",\"isPartOf\":{\"@id\":\"https:\\\/\\\/www.retedeldono.it\\\/magazine\\\/#website\"},\"primaryImageOfPage\":{\"@id\":\"https:\\\/\\\/www.retedeldono.it\\\/magazine\\\/pedalando-per-la-ricerca-il-team-di-personal-fundraiser\\\/#primaryimage\"},\"image\":{\"@id\":\"https:\\\/\\\/www.retedeldono.it\\\/magazine\\\/pedalando-per-la-ricerca-il-team-di-personal-fundraiser\\\/#primaryimage\"},\"thumbnailUrl\":\"https:\\\/\\\/magazine.retedeldono.it\\\/wp-content\\\/uploads\\\/2023\\\/09\\\/pedalando-per-la-ricerca.jpg\",\"datePublished\":\"2023-09-21T08:00:00+00:00\",\"author\":{\"@id\":\"https:\\\/\\\/www.retedeldono.it\\\/magazine\\\/#\\\/schema\\\/person\\\/19118fc3b527ea22d276cc2b446f7353\"},\"description\":\"Pedalando per la ricerca negli anni si \u00e8 trasformata da iniziativa solitaria di Alessandro Mucci a un vero e proprio team di raccolta fondi.\",\"breadcrumb\":{\"@id\":\"https:\\\/\\\/www.retedeldono.it\\\/magazine\\\/pedalando-per-la-ricerca-il-team-di-personal-fundraiser\\\/#breadcrumb\"},\"inLanguage\":\"it-IT\",\"potentialAction\":[{\"@type\":\"ReadAction\",\"target\":[\"https:\\\/\\\/www.retedeldono.it\\\/magazine\\\/pedalando-per-la-ricerca-il-team-di-personal-fundraiser\\\/\"]}]},{\"@type\":\"ImageObject\",\"inLanguage\":\"it-IT\",\"@id\":\"https:\\\/\\\/www.retedeldono.it\\\/magazine\\\/pedalando-per-la-ricerca-il-team-di-personal-fundraiser\\\/#primaryimage\",\"url\":\"https:\\\/\\\/magazine.retedeldono.it\\\/wp-content\\\/uploads\\\/2023\\\/09\\\/pedalando-per-la-ricerca.jpg\",\"contentUrl\":\"https:\\\/\\\/magazine.retedeldono.it\\\/wp-content\\\/uploads\\\/2023\\\/09\\\/pedalando-per-la-ricerca.jpg\",\"width\":1031,\"height\":700,\"caption\":\"pedalando-per-la-ricerca\"},{\"@type\":\"BreadcrumbList\",\"@id\":\"https:\\\/\\\/www.retedeldono.it\\\/magazine\\\/pedalando-per-la-ricerca-il-team-di-personal-fundraiser\\\/#breadcrumb\",\"itemListElement\":[{\"@type\":\"ListItem\",\"position\":1,\"name\":\"Home\",\"item\":\"https:\\\/\\\/www.retedeldono.it\\\/magazine\\\/\"},{\"@type\":\"ListItem\",\"position\":2,\"name\":\"Pedalando per la ricerca, il team di personal fundraiser\"}]},{\"@type\":\"WebSite\",\"@id\":\"https:\\\/\\\/www.retedeldono.it\\\/magazine\\\/#website\",\"url\":\"https:\\\/\\\/www.retedeldono.it\\\/magazine\\\/\",\"name\":\"Rete del Dono Magazine\",\"description\":\"Rete del Dono Magazine\",\"potentialAction\":[{\"@type\":\"SearchAction\",\"target\":{\"@type\":\"EntryPoint\",\"urlTemplate\":\"https:\\\/\\\/www.retedeldono.it\\\/magazine\\\/?s={search_term_string}\"},\"query-input\":{\"@type\":\"PropertyValueSpecification\",\"valueRequired\":true,\"valueName\":\"search_term_string\"}}],\"inLanguage\":\"it-IT\"},{\"@type\":\"Person\",\"@id\":\"https:\\\/\\\/www.retedeldono.it\\\/magazine\\\/#\\\/schema\\\/person\\\/19118fc3b527ea22d276cc2b446f7353\",\"name\":\"Aldo Lubrani\",\"image\":{\"@type\":\"ImageObject\",\"inLanguage\":\"it-IT\",\"@id\":\"https:\\\/\\\/secure.gravatar.com\\\/avatar\\\/e948991b445298d4342a4a232b29e90adbf8a4af10151e265f6e6f3e9a10f68c?s=96&d=mm&r=g\",\"url\":\"https:\\\/\\\/secure.gravatar.com\\\/avatar\\\/e948991b445298d4342a4a232b29e90adbf8a4af10151e265f6e6f3e9a10f68c?s=96&d=mm&r=g\",\"contentUrl\":\"https:\\\/\\\/secure.gravatar.com\\\/avatar\\\/e948991b445298d4342a4a232b29e90adbf8a4af10151e265f6e6f3e9a10f68c?s=96&d=mm&r=g\",\"caption\":\"Aldo Lubrani\"},\"description\":\"Laureato con lode in Relazioni Internazionali presso Universit\u00e0 degli studi Roma Tre, Master in Europrogettazione presso Europa Business School di Bologna. Google Digital Training Certificate. Lavoro da anni nel settore Digital, Fundraising e Non Profit. Su Rete del Dono ricopro il ruolo di Project Manager nell'ambito Comunicazione, Digital e Personal Fundraising. Appassionato di viaggi, natura, pittura.\",\"sameAs\":[\"https:\\\/\\\/www.retedeldono.it\"],\"url\":\"https:\\\/\\\/www.retedeldono.it\\\/magazine\\\/author\\\/aldo-lubrani\\\/\"}]}<\/script>\n<!-- \/ Yoast SEO plugin. -->","yoast_head_json":{"title":"Pedalando per la ricerca, il team di personal fundraiser - Rete del Dono Magazine","description":"Pedalando per la ricerca negli anni si \u00e8 trasformata da iniziativa solitaria di Alessandro Mucci a un vero e proprio team di raccolta fondi.","robots":{"index":"index","follow":"follow","max-snippet":"max-snippet:-1","max-image-preview":"max-image-preview:large","max-video-preview":"max-video-preview:-1"},"canonical":"https:\/\/www.retedeldono.it\/magazine\/pedalando-per-la-ricerca-il-team-di-personal-fundraiser\/","og_locale":"it_IT","og_type":"article","og_title":"Pedalando per la ricerca, il team di personal fundraiser","og_description":"Pedalando per la ricerca negli anni si \u00e8 trasformata da iniziativa solitaria di Alessandro Mucci a un vero e proprio team di raccolta fondi.","og_url":"https:\/\/www.retedeldono.it\/magazine\/pedalando-per-la-ricerca-il-team-di-personal-fundraiser\/","og_site_name":"Rete del Dono Magazine","article_publisher":"https:\/\/www.facebook.com\/retedeldono\/","article_published_time":"2023-09-21T08:00:00+00:00","og_image":[{"width":1031,"height":700,"url":"https:\/\/magazine.retedeldono.it\/wp-content\/uploads\/2023\/09\/pedalando-per-la-ricerca.jpg","type":"image\/jpeg"}],"author":"Aldo Lubrani","twitter_card":"summary_large_image","twitter_title":"Pedalando per la ricerca, il team di personal fundraiser","twitter_description":"Pedalando per la ricerca negli anni si \u00e8 trasformata da iniziativa solitaria di Alessandro Mucci a un vero e proprio team di raccolta fondi.","twitter_image":"https:\/\/magazine.retedeldono.it\/wp-content\/uploads\/2023\/09\/pedalando-per-la-ricerca.jpg","twitter_misc":{"Scritto da":"Aldo Lubrani","Tempo di lettura stimato":"5 minuti"},"schema":{"@context":"https:\/\/schema.org","@graph":[{"@type":"Article","@id":"https:\/\/www.retedeldono.it\/magazine\/pedalando-per-la-ricerca-il-team-di-personal-fundraiser\/#article","isPartOf":{"@id":"https:\/\/www.retedeldono.it\/magazine\/pedalando-per-la-ricerca-il-team-di-personal-fundraiser\/"},"author":{"name":"Aldo Lubrani","@id":"https:\/\/www.retedeldono.it\/magazine\/#\/schema\/person\/19118fc3b527ea22d276cc2b446f7353"},"headline":"Pedalando per la ricerca, il team di personal fundraiser","datePublished":"2023-09-21T08:00:00+00:00","mainEntityOfPage":{"@id":"https:\/\/www.retedeldono.it\/magazine\/pedalando-per-la-ricerca-il-team-di-personal-fundraiser\/"},"wordCount":708,"commentCount":0,"image":{"@id":"https:\/\/www.retedeldono.it\/magazine\/pedalando-per-la-ricerca-il-team-di-personal-fundraiser\/#primaryimage"},"thumbnailUrl":"https:\/\/magazine.retedeldono.it\/wp-content\/uploads\/2023\/09\/pedalando-per-la-ricerca.jpg","articleSection":["Fundraising"],"inLanguage":"it-IT","potentialAction":[{"@type":"CommentAction","name":"Comment","target":["https:\/\/www.retedeldono.it\/magazine\/pedalando-per-la-ricerca-il-team-di-personal-fundraiser\/#respond"]}]},{"@type":"WebPage","@id":"https:\/\/www.retedeldono.it\/magazine\/pedalando-per-la-ricerca-il-team-di-personal-fundraiser\/","url":"https:\/\/www.retedeldono.it\/magazine\/pedalando-per-la-ricerca-il-team-di-personal-fundraiser\/","name":"Pedalando per la ricerca, il team di personal fundraiser - Rete del Dono Magazine","isPartOf":{"@id":"https:\/\/www.retedeldono.it\/magazine\/#website"},"primaryImageOfPage":{"@id":"https:\/\/www.retedeldono.it\/magazine\/pedalando-per-la-ricerca-il-team-di-personal-fundraiser\/#primaryimage"},"image":{"@id":"https:\/\/www.retedeldono.it\/magazine\/pedalando-per-la-ricerca-il-team-di-personal-fundraiser\/#primaryimage"},"thumbnailUrl":"https:\/\/magazine.retedeldono.it\/wp-content\/uploads\/2023\/09\/pedalando-per-la-ricerca.jpg","datePublished":"2023-09-21T08:00:00+00:00","author":{"@id":"https:\/\/www.retedeldono.it\/magazine\/#\/schema\/person\/19118fc3b527ea22d276cc2b446f7353"},"description":"Pedalando per la ricerca negli anni si \u00e8 trasformata da iniziativa solitaria di Alessandro Mucci a un vero e proprio team di raccolta fondi.","breadcrumb":{"@id":"https:\/\/www.retedeldono.it\/magazine\/pedalando-per-la-ricerca-il-team-di-personal-fundraiser\/#breadcrumb"},"inLanguage":"it-IT","potentialAction":[{"@type":"ReadAction","target":["https:\/\/www.retedeldono.it\/magazine\/pedalando-per-la-ricerca-il-team-di-personal-fundraiser\/"]}]},{"@type":"ImageObject","inLanguage":"it-IT","@id":"https:\/\/www.retedeldono.it\/magazine\/pedalando-per-la-ricerca-il-team-di-personal-fundraiser\/#primaryimage","url":"https:\/\/magazine.retedeldono.it\/wp-content\/uploads\/2023\/09\/pedalando-per-la-ricerca.jpg","contentUrl":"https:\/\/magazine.retedeldono.it\/wp-content\/uploads\/2023\/09\/pedalando-per-la-ricerca.jpg","width":1031,"height":700,"caption":"pedalando-per-la-ricerca"},{"@type":"BreadcrumbList","@id":"https:\/\/www.retedeldono.it\/magazine\/pedalando-per-la-ricerca-il-team-di-personal-fundraiser\/#breadcrumb","itemListElement":[{"@type":"ListItem","position":1,"name":"Home","item":"https:\/\/www.retedeldono.it\/magazine\/"},{"@type":"ListItem","position":2,"name":"Pedalando per la ricerca, il team di personal fundraiser"}]},{"@type":"WebSite","@id":"https:\/\/www.retedeldono.it\/magazine\/#website","url":"https:\/\/www.retedeldono.it\/magazine\/","name":"Rete del Dono Magazine","description":"Rete del Dono Magazine","potentialAction":[{"@type":"SearchAction","target":{"@type":"EntryPoint","urlTemplate":"https:\/\/www.retedeldono.it\/magazine\/?s={search_term_string}"},"query-input":{"@type":"PropertyValueSpecification","valueRequired":true,"valueName":"search_term_string"}}],"inLanguage":"it-IT"},{"@type":"Person","@id":"https:\/\/www.retedeldono.it\/magazine\/#\/schema\/person\/19118fc3b527ea22d276cc2b446f7353","name":"Aldo Lubrani","image":{"@type":"ImageObject","inLanguage":"it-IT","@id":"https:\/\/secure.gravatar.com\/avatar\/e948991b445298d4342a4a232b29e90adbf8a4af10151e265f6e6f3e9a10f68c?s=96&d=mm&r=g","url":"https:\/\/secure.gravatar.com\/avatar\/e948991b445298d4342a4a232b29e90adbf8a4af10151e265f6e6f3e9a10f68c?s=96&d=mm&r=g","contentUrl":"https:\/\/secure.gravatar.com\/avatar\/e948991b445298d4342a4a232b29e90adbf8a4af10151e265f6e6f3e9a10f68c?s=96&d=mm&r=g","caption":"Aldo Lubrani"},"description":"Laureato con lode in Relazioni Internazionali presso Universit\u00e0 degli studi Roma Tre, Master in Europrogettazione presso Europa Business School di Bologna. Google Digital Training Certificate. Lavoro da anni nel settore Digital, Fundraising e Non Profit. Su Rete del Dono ricopro il ruolo di Project Manager nell'ambito Comunicazione, Digital e Personal Fundraising. Appassionato di viaggi, natura, pittura.","sameAs":["https:\/\/www.retedeldono.it"],"url":"https:\/\/www.retedeldono.it\/magazine\/author\/aldo-lubrani\/"}]}},"_links":{"self":[{"href":"https:\/\/www.retedeldono.it\/magazine\/wp-json\/wp\/v2\/posts\/2731","targetHints":{"allow":["GET"]}}],"collection":[{"href":"https:\/\/www.retedeldono.it\/magazine\/wp-json\/wp\/v2\/posts"}],"about":[{"href":"https:\/\/www.retedeldono.it\/magazine\/wp-json\/wp\/v2\/types\/post"}],"author":[{"embeddable":true,"href":"https:\/\/www.retedeldono.it\/magazine\/wp-json\/wp\/v2\/users\/7"}],"replies":[{"embeddable":true,"href":"https:\/\/www.retedeldono.it\/magazine\/wp-json\/wp\/v2\/comments?post=2731"}],"version-history":[{"count":2,"href":"https:\/\/www.retedeldono.it\/magazine\/wp-json\/wp\/v2\/posts\/2731\/revisions"}],"predecessor-version":[{"id":2734,"href":"https:\/\/www.retedeldono.it\/magazine\/wp-json\/wp\/v2\/posts\/2731\/revisions\/2734"}],"wp:featuredmedia":[{"embeddable":true,"href":"https:\/\/www.retedeldono.it\/magazine\/wp-json\/wp\/v2\/media\/2729"}],"wp:attachment":[{"href":"https:\/\/www.retedeldono.it\/magazine\/wp-json\/wp\/v2\/media?parent=2731"}],"wp:term":[{"taxonomy":"category","embeddable":true,"href":"https:\/\/www.retedeldono.it\/magazine\/wp-json\/wp\/v2\/categories?post=2731"},{"taxonomy":"post_tag","embeddable":true,"href":"https:\/\/www.retedeldono.it\/magazine\/wp-json\/wp\/v2\/tags?post=2731"}],"curies":[{"name":"wp","href":"https:\/\/api.w.org\/{rel}","templated":true}]}}