{"id":2735,"date":"2023-11-02T09:59:59","date_gmt":"2023-11-02T09:59:59","guid":{"rendered":"https:\/\/www.retedeldono.it\/magazine\/?p=2735"},"modified":"2025-12-03T13:57:48","modified_gmt":"2025-12-03T13:57:48","slug":"social-media-raccolta-fondi","status":"publish","type":"post","link":"https:\/\/www.retedeldono.it\/magazine\/social-media-raccolta-fondi\/","title":{"rendered":"Come utilizzare i social media nella raccolta fondi"},"content":{"rendered":"\r\n<h2 class=\"wp-block-heading\">I social media sono in grado di amplificare l\u2019audience di una campagna di raccolta fondi, massimizzandone l\u2019efficacia: ecco come impostare una strategia vincente<\/h2>\r\n\r\n\r\n\r\n<div class=\"wp-block-spacer\" style=\"height: 50px;\" aria-hidden=\"true\">\u00a0<\/div>\r\n\r\n\r\n\r\n<p>I <strong>social media<\/strong> possono aiutarti a <a href=\"https:\/\/www.retedeldono.it\/magazine\/personal-fundraiser-natale-raccolta-fondi\/\"><strong>raccogliere fondi<\/strong><\/a> e a raggiungere <strong><a href=\"https:\/\/www.retedeldono.it\/magazine\/cooperative-sociali-raccogliere-fondi-per-linclusione-lavorativa\/\">potenziali donatori<\/a><\/strong> per la tua <strong>campagna di <a href=\"https:\/\/www.retedeldono.it\/magazine\/crowdfunding-e-cooperazione-internazionale\/\">crowdfunding<\/a><\/strong>. Una ricerca pubblicata nel <strong>febbraio del 2023<\/strong>, condotta da <strong>We are Social<\/strong> e <strong>Meltwater<\/strong>, conferma ci\u00f2 che in fondo sappiamo gi\u00e0, ricavandolo dalla nostra esperienza quotidiana: in Italia 50,7 milioni di persone, ossia l\u2019<strong>86% <\/strong>del totale, \u00e8 connessa a Internet, e di queste <strong>44 milioni<\/strong> utilizzano i <strong>social<\/strong>. Ecco perch\u00e9 i social media per ogni raccolta fondi sono cruciali.<\/p>\r\n\r\n\r\n\r\n<p>L\u2019estrema diffusione e capillarit\u00e0 dei social media e dei <strong><a href=\"https:\/\/www.retedeldono.it\/magazine\/raccolta-fondi-facebook\/\">social network<\/a><\/strong> non \u00e8 l\u2019unico aspetto su cui concentrarci: \u00e8 noto infatti come, pubblicando contenuti o seguendo determinati canali, ogni utente lascia molte <strong>informazioni<\/strong> su di s\u00e9 e sui suoi <strong>valori<\/strong>. Ci\u00f2 permette una <strong>targettizzazione<\/strong> davvero mirata e quindi la possibilit\u00e0 di raggiungere le <strong>persone pi\u00f9 predisposte<\/strong> ad ascoltare il nostro messaggio.<\/p>\r\n\r\n\r\n\r\n<div class=\"wp-block-spacer\" style=\"height: 50px;\" aria-hidden=\"true\">\u00a0<\/div>\r\n\r\n\r\n\r\n<div class=\"wp-block-buttons is-layout-flex wp-block-buttons-is-layout-flex\">\r\n<div class=\"wp-block-button\"><strong><a class=\"wp-block-button__link has-background wp-element-button\" style=\"border-radius: 15px; background-color: #e96f27;\" href=\"https:\/\/www.retedeldono.it\/landing\/rete-del-dono-guida-onp-comunicazione?utm_source=Blog&amp;utm_medium=direct&amp;utm_campaign=CTA_social_media_raccolta_fondi_top\">Scopri la guida alla comunicazione di Rete del Dono<\/a><\/strong><\/div>\r\n<\/div>\r\n\r\n\r\n\r\n<div class=\"wp-block-spacer\" style=\"height: 50px;\" aria-hidden=\"true\">\u00a0<\/div>\r\n\r\n\r\n\r\n<h2 class=\"wp-block-heading\">Social media e non profit<\/h2>\r\n\r\n\r\n\r\n<p>Tra <strong>social <\/strong>e mondo non profit, sin dagli esordi, si \u00e8 instaurato un <strong>ottimo rapporto<\/strong>. Il mondo del <strong><a href=\"https:\/\/www.retedeldono.it\/magazine\/terzo-settore-evoluzione\/\">Terzo Settore<\/a><\/strong> usa i social con successo per cercare <strong>visibilit\u00e0<\/strong> e <strong>sensibilizzare<\/strong> alla propria causa. In quasi 10 anni, oltre all\u2019emergenza Coronavirus, che ha accelerato i processi di digital transformation, la tendenza \u00e8 sempre stata quella di <strong>maggiori investimenti<\/strong> sui canali digitali e sui social in particolare. Negli ultimi anni la <strong>simbiosi<\/strong> \u00e8 divenuta ancora pi\u00f9 forte e oggi le varie piattaforme social hanno <strong>speciali procedure<\/strong> per fare s\u00ec che utenti e associazioni possano creare, sponsorizzare e gestire le <strong><a href=\"https:\/\/www.retedeldono.it\/magazine\/esempio-lettera-per-raccolta-fondi\/\">raccolte fondi<\/a><\/strong>. \u00c8 possibile sviluppare <strong>relazioni pi\u00f9 strette<\/strong> con i donatori e tenerli <strong>aggiornati<\/strong> su tutte le novit\u00e0 ad un costo davvero basso. Secondo NP Source ben il 55% degli utenti che interagiscono con un\u2019<a href=\"https:\/\/www.retedeldono.it\/magazine\/organizzazioni-non-governative\/\"><strong>organizzazione non profit<\/strong> <\/a>sui social \u00e8 un utente che realizza azioni concrete, dona oggetti o denaro, oppure fa volontariato o partecipa agli eventi.<\/p>\r\n\r\n\r\n\r\n<div class=\"wp-block-spacer\" style=\"height: 50px;\" aria-hidden=\"true\">\u00a0<\/div>\r\n\r\n\r\n\r\n<h2 class=\"wp-block-heading\">Come costruire una strategia social media per raccolta fondi<\/h2>\r\n\r\n\r\n\r\n<p>Non \u00e8 raro che nuovi donatori arrivino all\u2019associazione proprio attraverso i social. I <strong><a href=\"https:\/\/www.retedeldono.it\/magazine\/messaggistica-raccolta-fondi\/\">canali social<\/a><\/strong> spesso non sono altro che un\u2019integrazione di pi\u00f9 strumenti (eventi, chiamate dirette, messaggistica\u2026) che possiamo gestire in modo <strong>sincronizzato<\/strong>, ottimizzando le possibilit\u00e0 di raggiungere persone disposte a supportare la nostra causa. Ecco quali sono gli <strong>obiettivi<\/strong> da porsi e i <strong>passi da seguire<\/strong> per sviluppare una campagna social per la tua raccolta fondi.<\/p>\r\n\r\n\r\n\r\n<ul class=\"wp-block-list\">\r\n<li><strong>Costruire una <a href=\"https:\/\/www.retedeldono.it\/magazine\/come-coinvolgere-la-community-nella-raccolta-fondi\/\">community<\/a>. <\/strong>Le persone che ti seguono sono quelle che condividono la mission della tua organizzazione, sono i sostenitori pi\u00f9 convinti che si riuniscono e hanno l\u2019opportunit\u00e0 di incontrarsi e discutere. Su Facebook le community hanno molto spazio di manovra, con la possibilit\u00e0 addirittura per gli utenti di condividere i propri contenuti.<\/li>\r\n\r\n\r\n\r\n<li><strong>Mantenere aggiornati e coinvolti i <a href=\"https:\/\/www.retedeldono.it\/magazine\/la-cura-dei-volontari-personal-fundraiser\/\">donatori<\/a><\/strong> <strong>esistenti<\/strong> attraverso post, notizie e campagne; inoltre potrai rendere il tutto un po\u2019 pi\u00f9 interattivo utilizzando sondaggi, concorsi o quiz.<\/li>\r\n\r\n\r\n\r\n<li><strong>Trovare nuovi sostenitori<\/strong>, aumentando la propria copertura: \u00e8 possibile farlo in tanti modi, anche utilizzando una campagna hashtag, che ha la capacit\u00e0 di raggiungere anche gli amici e i contatti dei fan\/follower.<\/li>\r\n\r\n\r\n\r\n<li>Utilizzare gli <strong>strumenti di<\/strong> <strong>sponsorizzazione<\/strong> delle diverse piattaforme social e metterle in sinergia con le campagne di comunicazione pi\u00f9 tradizionali, come una campagna sulla carta stampata.<\/li>\r\n\r\n\r\n\r\n<li><strong>Puntare sui gruppi<\/strong>: su <a href=\"https:\/\/www.retedeldono.it\/magazine\/donare-3-0-2023-il-digitale-supera-il-contante\/\">Facebook<\/a> si tratta di realt\u00e0 spesso molto numerose di persone che si riuniscono attorno a un determinato tema o necessit\u00e0. Puoi lasciare dei messaggi da parte della tua organizzazione non profit se pensi che possa essere di interesse.<\/li>\r\n<\/ul>\r\n\r\n\r\n\r\n<div class=\"wp-block-spacer\" style=\"height: 50px;\" aria-hidden=\"true\">\u00a0<\/div>\r\n\r\n\r\n\r\n<h2 class=\"wp-block-heading\">L\u2019importanza dei contenuti nei social media per raccolta fondi<\/h2>\r\n\r\n\r\n\r\n<p>Per creare una campagna di fundraising sui social che funzioni non dimenticare di veicolare <strong>contenuti di qualit\u00e0<\/strong>, che creino <strong><a href=\"https:\/\/www.retedeldono.it\/magazine\/maratone-solidali-aziende-e-coinvolgimento-dei-dipendenti\/\">engagement<\/a><\/strong>, ossia coinvolgimento. Per questo studia il messaggio e i contenuti multimediali in modo attento, dedicando il tempo che serve ad individuare il taglio giusto. Ovviamente una delle possibilit\u00e0 pi\u00f9 efficaci \u00e8 quella di raccontare, attraverso i social, le <strong>storie delle persone<\/strong> che la tua associazione supporta. La testimonianza delle persone direttamente implicate ha la capacit\u00e0 di <strong>emozionare<\/strong>, spingendo i donatori a voler contribuire.<\/p>\r\n<p>&nbsp;<\/p>\r\n\r\n\r\n\r\n<div class=\"wp-block-spacer\" style=\"height: 50px;\" aria-hidden=\"true\"><strong><a class=\"wp-block-button__link has-background wp-element-button\" style=\"border-radius: 15px; background-color: #e96f27;\" href=\"https:\/\/www.retedeldono.it\/landing\/rete-del-dono-guida-onp-comunicazione?utm_source=Blog&amp;utm_medium=direct&amp;utm_campaign=CTA_social_media_raccolta_fondi_down\">Scopri la guida alla comunicazione di Rete del Dono<\/a><\/strong><\/div>\r\n\r\n\r\n\r\n<h2 class=\"wp-block-heading\">Challenge e altre idee creative<\/h2>\r\n\r\n\r\n\r\n<p>Puoi pensare di utilizzare anche una challenge, ossia una <strong>sfida<\/strong>, che pu\u00f2 essere anche divertente. Un esempio \u00e8 la campagna di <strong>GOSH<\/strong>, importante ospedale pediatrico con sede nel Regno Unito (Great Ormond Street Hospital), che durante il periodo di Natale del 2020 lanci\u00f2 la <strong><a href=\"https:\/\/www.cresta-awards.com\/?action=ows:entries.details&amp;e=70431&amp;project_year=2021\">#Whamageddon<\/a><\/strong>. Obiettivo evitare di sentire, per l\u2019intero periodo festivo, la canzone Last Christmas degli Wham. I partecipanti, se fossero stati \u201craggiunti\u201d dalle note della canzone, avrebbero proceduto a fare una donazione. E avrebbero pubblicato la loro sconfitta con l\u2019hashtag sui loro profili social.<\/p>\r\n\r\n\r\n\r\n<p>Un\u2019altra strada per ottenere coinvolgimento \u00e8 quella che prevede di creare un qualcosa che le persone possano <strong>apprezzare<\/strong> ed <strong>utilizzare<\/strong>. Un esempio vincente \u00e8 quello di <strong>Refuge<\/strong>, ente che d\u00e0 assistenza a donne e bambini vittime di violenza domestica. Nel 2020 ha ideato <strong><em>Background of support<\/em><\/strong>, \u00a0uno sfondo scaricabile che poteva essere utilizzato durante le <strong>videochiamate<\/strong> su diverse piattaforme all\u2019epoca sovrautilizzate per via dell\u2019emergenza Coronavirus. Il background segnalava i numeri delle vittime di abusi ed era presente un <strong>QR code<\/strong> che permetteva di donare in modo semplice e veloce.<\/p>\r\n\r\n\r\n","protected":false},"excerpt":{"rendered":"<p>I social media sono in grado di amplificare l\u2019audience di una campagna di raccolta fondi, massimizzandone l\u2019efficacia: ecco come impostare una strategia vincente I social media possono aiutarti a raccogliere&#8230;<\/p>\n","protected":false},"author":7,"featured_media":2737,"comment_status":"open","ping_status":"open","sticky":false,"template":"","format":"standard","meta":{"_acf_changed":false,"footnotes":""},"categories":[22],"tags":[],"class_list":{"0":"post-2735","1":"post","2":"type-post","3":"status-publish","4":"format-standard","5":"has-post-thumbnail","7":"category-digital"},"acf":{"homepage_rdd":false},"yoast_head":"<!-- This site is optimized with the Yoast SEO plugin v27.5 - https:\/\/yoast.com\/product\/yoast-seo-wordpress\/ -->\n<title>Come utilizzare i social media nella raccolta fondi - Rete del Dono Magazine<\/title>\n<meta name=\"description\" content=\"I social media sono in grado di amplificare l\u2019audience di una campagna raccolta fondi, massimizzando l\u2019efficacia: come creare una strategia\" \/>\n<meta name=\"robots\" content=\"index, follow, max-snippet:-1, max-image-preview:large, max-video-preview:-1\" \/>\n<link rel=\"canonical\" href=\"https:\/\/www.retedeldono.it\/magazine\/social-media-raccolta-fondi\/\" \/>\n<meta property=\"og:locale\" content=\"it_IT\" \/>\n<meta property=\"og:type\" content=\"article\" \/>\n<meta property=\"og:title\" content=\"Come utilizzare i social media nella raccolta fondi - Rete del Dono Magazine\" \/>\n<meta property=\"og:description\" content=\"I social media sono in grado di amplificare l\u2019audience di una campagna raccolta fondi, massimizzando l\u2019efficacia: come creare una strategia\" \/>\n<meta property=\"og:url\" content=\"https:\/\/www.retedeldono.it\/magazine\/social-media-raccolta-fondi\/\" \/>\n<meta property=\"og:site_name\" content=\"Rete del Dono Magazine\" \/>\n<meta property=\"article:publisher\" content=\"https:\/\/www.facebook.com\/retedeldono\/\" \/>\n<meta property=\"article:published_time\" content=\"2023-11-02T09:59:59+00:00\" \/>\n<meta property=\"article:modified_time\" content=\"2025-12-03T13:57:48+00:00\" \/>\n<meta property=\"og:image\" content=\"https:\/\/magazine.retedeldono.it\/wp-content\/uploads\/2023\/09\/social-media-raccolta-fondi.jpg\" \/>\n\t<meta property=\"og:image:width\" content=\"1000\" \/>\n\t<meta property=\"og:image:height\" content=\"700\" \/>\n\t<meta property=\"og:image:type\" content=\"image\/jpeg\" \/>\n<meta name=\"author\" content=\"Aldo Lubrani\" \/>\n<meta name=\"twitter:card\" content=\"summary_large_image\" \/>\n<meta name=\"twitter:label1\" content=\"Scritto da\" \/>\n\t<meta name=\"twitter:data1\" content=\"Aldo Lubrani\" \/>\n\t<meta name=\"twitter:label2\" content=\"Tempo di lettura stimato\" \/>\n\t<meta name=\"twitter:data2\" content=\"5 minuti\" \/>\n<script type=\"application\/ld+json\" class=\"yoast-schema-graph\">{\"@context\":\"https:\\\/\\\/schema.org\",\"@graph\":[{\"@type\":\"Article\",\"@id\":\"https:\\\/\\\/www.retedeldono.it\\\/magazine\\\/social-media-raccolta-fondi\\\/#article\",\"isPartOf\":{\"@id\":\"https:\\\/\\\/www.retedeldono.it\\\/magazine\\\/social-media-raccolta-fondi\\\/\"},\"author\":{\"name\":\"Aldo Lubrani\",\"@id\":\"https:\\\/\\\/www.retedeldono.it\\\/magazine\\\/#\\\/schema\\\/person\\\/19118fc3b527ea22d276cc2b446f7353\"},\"headline\":\"Come utilizzare i social media nella raccolta fondi\",\"datePublished\":\"2023-11-02T09:59:59+00:00\",\"dateModified\":\"2025-12-03T13:57:48+00:00\",\"mainEntityOfPage\":{\"@id\":\"https:\\\/\\\/www.retedeldono.it\\\/magazine\\\/social-media-raccolta-fondi\\\/\"},\"wordCount\":872,\"commentCount\":0,\"image\":{\"@id\":\"https:\\\/\\\/www.retedeldono.it\\\/magazine\\\/social-media-raccolta-fondi\\\/#primaryimage\"},\"thumbnailUrl\":\"https:\\\/\\\/magazine.retedeldono.it\\\/wp-content\\\/uploads\\\/2023\\\/09\\\/social-media-raccolta-fondi.jpg\",\"articleSection\":[\"Digital\"],\"inLanguage\":\"it-IT\",\"potentialAction\":[{\"@type\":\"CommentAction\",\"name\":\"Comment\",\"target\":[\"https:\\\/\\\/www.retedeldono.it\\\/magazine\\\/social-media-raccolta-fondi\\\/#respond\"]}]},{\"@type\":\"WebPage\",\"@id\":\"https:\\\/\\\/www.retedeldono.it\\\/magazine\\\/social-media-raccolta-fondi\\\/\",\"url\":\"https:\\\/\\\/www.retedeldono.it\\\/magazine\\\/social-media-raccolta-fondi\\\/\",\"name\":\"Come utilizzare i social media nella raccolta fondi - Rete del Dono Magazine\",\"isPartOf\":{\"@id\":\"https:\\\/\\\/www.retedeldono.it\\\/magazine\\\/#website\"},\"primaryImageOfPage\":{\"@id\":\"https:\\\/\\\/www.retedeldono.it\\\/magazine\\\/social-media-raccolta-fondi\\\/#primaryimage\"},\"image\":{\"@id\":\"https:\\\/\\\/www.retedeldono.it\\\/magazine\\\/social-media-raccolta-fondi\\\/#primaryimage\"},\"thumbnailUrl\":\"https:\\\/\\\/magazine.retedeldono.it\\\/wp-content\\\/uploads\\\/2023\\\/09\\\/social-media-raccolta-fondi.jpg\",\"datePublished\":\"2023-11-02T09:59:59+00:00\",\"dateModified\":\"2025-12-03T13:57:48+00:00\",\"author\":{\"@id\":\"https:\\\/\\\/www.retedeldono.it\\\/magazine\\\/#\\\/schema\\\/person\\\/19118fc3b527ea22d276cc2b446f7353\"},\"description\":\"I social media sono in grado di amplificare l\u2019audience di una campagna raccolta fondi, massimizzando l\u2019efficacia: come creare una strategia\",\"breadcrumb\":{\"@id\":\"https:\\\/\\\/www.retedeldono.it\\\/magazine\\\/social-media-raccolta-fondi\\\/#breadcrumb\"},\"inLanguage\":\"it-IT\",\"potentialAction\":[{\"@type\":\"ReadAction\",\"target\":[\"https:\\\/\\\/www.retedeldono.it\\\/magazine\\\/social-media-raccolta-fondi\\\/\"]}]},{\"@type\":\"ImageObject\",\"inLanguage\":\"it-IT\",\"@id\":\"https:\\\/\\\/www.retedeldono.it\\\/magazine\\\/social-media-raccolta-fondi\\\/#primaryimage\",\"url\":\"https:\\\/\\\/magazine.retedeldono.it\\\/wp-content\\\/uploads\\\/2023\\\/09\\\/social-media-raccolta-fondi.jpg\",\"contentUrl\":\"https:\\\/\\\/magazine.retedeldono.it\\\/wp-content\\\/uploads\\\/2023\\\/09\\\/social-media-raccolta-fondi.jpg\",\"width\":1000,\"height\":700,\"caption\":\"social media raccolta fondi\"},{\"@type\":\"BreadcrumbList\",\"@id\":\"https:\\\/\\\/www.retedeldono.it\\\/magazine\\\/social-media-raccolta-fondi\\\/#breadcrumb\",\"itemListElement\":[{\"@type\":\"ListItem\",\"position\":1,\"name\":\"Home\",\"item\":\"https:\\\/\\\/www.retedeldono.it\\\/magazine\\\/\"},{\"@type\":\"ListItem\",\"position\":2,\"name\":\"Come utilizzare i social media nella raccolta fondi\"}]},{\"@type\":\"WebSite\",\"@id\":\"https:\\\/\\\/www.retedeldono.it\\\/magazine\\\/#website\",\"url\":\"https:\\\/\\\/www.retedeldono.it\\\/magazine\\\/\",\"name\":\"Rete del Dono Magazine\",\"description\":\"Rete del Dono Magazine\",\"potentialAction\":[{\"@type\":\"SearchAction\",\"target\":{\"@type\":\"EntryPoint\",\"urlTemplate\":\"https:\\\/\\\/www.retedeldono.it\\\/magazine\\\/?s={search_term_string}\"},\"query-input\":{\"@type\":\"PropertyValueSpecification\",\"valueRequired\":true,\"valueName\":\"search_term_string\"}}],\"inLanguage\":\"it-IT\"},{\"@type\":\"Person\",\"@id\":\"https:\\\/\\\/www.retedeldono.it\\\/magazine\\\/#\\\/schema\\\/person\\\/19118fc3b527ea22d276cc2b446f7353\",\"name\":\"Aldo Lubrani\",\"image\":{\"@type\":\"ImageObject\",\"inLanguage\":\"it-IT\",\"@id\":\"https:\\\/\\\/secure.gravatar.com\\\/avatar\\\/e948991b445298d4342a4a232b29e90adbf8a4af10151e265f6e6f3e9a10f68c?s=96&d=mm&r=g\",\"url\":\"https:\\\/\\\/secure.gravatar.com\\\/avatar\\\/e948991b445298d4342a4a232b29e90adbf8a4af10151e265f6e6f3e9a10f68c?s=96&d=mm&r=g\",\"contentUrl\":\"https:\\\/\\\/secure.gravatar.com\\\/avatar\\\/e948991b445298d4342a4a232b29e90adbf8a4af10151e265f6e6f3e9a10f68c?s=96&d=mm&r=g\",\"caption\":\"Aldo Lubrani\"},\"description\":\"Laureato con lode in Relazioni Internazionali presso Universit\u00e0 degli studi Roma Tre, Master in Europrogettazione presso Europa Business School di Bologna. Google Digital Training Certificate. Lavoro da anni nel settore Digital, Fundraising e Non Profit. Su Rete del Dono ricopro il ruolo di Project Manager nell'ambito Comunicazione, Digital e Personal Fundraising. Appassionato di viaggi, natura, pittura.\",\"sameAs\":[\"https:\\\/\\\/www.retedeldono.it\"],\"url\":\"https:\\\/\\\/www.retedeldono.it\\\/magazine\\\/author\\\/aldo-lubrani\\\/\"}]}<\/script>\n<!-- \/ Yoast SEO plugin. -->","yoast_head_json":{"title":"Come utilizzare i social media nella raccolta fondi - Rete del Dono Magazine","description":"I social media sono in grado di amplificare l\u2019audience di una campagna raccolta fondi, massimizzando l\u2019efficacia: come creare una strategia","robots":{"index":"index","follow":"follow","max-snippet":"max-snippet:-1","max-image-preview":"max-image-preview:large","max-video-preview":"max-video-preview:-1"},"canonical":"https:\/\/www.retedeldono.it\/magazine\/social-media-raccolta-fondi\/","og_locale":"it_IT","og_type":"article","og_title":"Come utilizzare i social media nella raccolta fondi - Rete del Dono Magazine","og_description":"I social media sono in grado di amplificare l\u2019audience di una campagna raccolta fondi, massimizzando l\u2019efficacia: come creare una strategia","og_url":"https:\/\/www.retedeldono.it\/magazine\/social-media-raccolta-fondi\/","og_site_name":"Rete del Dono Magazine","article_publisher":"https:\/\/www.facebook.com\/retedeldono\/","article_published_time":"2023-11-02T09:59:59+00:00","article_modified_time":"2025-12-03T13:57:48+00:00","og_image":[{"width":1000,"height":700,"url":"https:\/\/magazine.retedeldono.it\/wp-content\/uploads\/2023\/09\/social-media-raccolta-fondi.jpg","type":"image\/jpeg"}],"author":"Aldo Lubrani","twitter_card":"summary_large_image","twitter_misc":{"Scritto da":"Aldo Lubrani","Tempo di lettura stimato":"5 minuti"},"schema":{"@context":"https:\/\/schema.org","@graph":[{"@type":"Article","@id":"https:\/\/www.retedeldono.it\/magazine\/social-media-raccolta-fondi\/#article","isPartOf":{"@id":"https:\/\/www.retedeldono.it\/magazine\/social-media-raccolta-fondi\/"},"author":{"name":"Aldo Lubrani","@id":"https:\/\/www.retedeldono.it\/magazine\/#\/schema\/person\/19118fc3b527ea22d276cc2b446f7353"},"headline":"Come utilizzare i social media nella raccolta fondi","datePublished":"2023-11-02T09:59:59+00:00","dateModified":"2025-12-03T13:57:48+00:00","mainEntityOfPage":{"@id":"https:\/\/www.retedeldono.it\/magazine\/social-media-raccolta-fondi\/"},"wordCount":872,"commentCount":0,"image":{"@id":"https:\/\/www.retedeldono.it\/magazine\/social-media-raccolta-fondi\/#primaryimage"},"thumbnailUrl":"https:\/\/magazine.retedeldono.it\/wp-content\/uploads\/2023\/09\/social-media-raccolta-fondi.jpg","articleSection":["Digital"],"inLanguage":"it-IT","potentialAction":[{"@type":"CommentAction","name":"Comment","target":["https:\/\/www.retedeldono.it\/magazine\/social-media-raccolta-fondi\/#respond"]}]},{"@type":"WebPage","@id":"https:\/\/www.retedeldono.it\/magazine\/social-media-raccolta-fondi\/","url":"https:\/\/www.retedeldono.it\/magazine\/social-media-raccolta-fondi\/","name":"Come utilizzare i social media nella raccolta fondi - Rete del Dono Magazine","isPartOf":{"@id":"https:\/\/www.retedeldono.it\/magazine\/#website"},"primaryImageOfPage":{"@id":"https:\/\/www.retedeldono.it\/magazine\/social-media-raccolta-fondi\/#primaryimage"},"image":{"@id":"https:\/\/www.retedeldono.it\/magazine\/social-media-raccolta-fondi\/#primaryimage"},"thumbnailUrl":"https:\/\/magazine.retedeldono.it\/wp-content\/uploads\/2023\/09\/social-media-raccolta-fondi.jpg","datePublished":"2023-11-02T09:59:59+00:00","dateModified":"2025-12-03T13:57:48+00:00","author":{"@id":"https:\/\/www.retedeldono.it\/magazine\/#\/schema\/person\/19118fc3b527ea22d276cc2b446f7353"},"description":"I social media sono in grado di amplificare l\u2019audience di una campagna raccolta fondi, massimizzando l\u2019efficacia: come creare una strategia","breadcrumb":{"@id":"https:\/\/www.retedeldono.it\/magazine\/social-media-raccolta-fondi\/#breadcrumb"},"inLanguage":"it-IT","potentialAction":[{"@type":"ReadAction","target":["https:\/\/www.retedeldono.it\/magazine\/social-media-raccolta-fondi\/"]}]},{"@type":"ImageObject","inLanguage":"it-IT","@id":"https:\/\/www.retedeldono.it\/magazine\/social-media-raccolta-fondi\/#primaryimage","url":"https:\/\/magazine.retedeldono.it\/wp-content\/uploads\/2023\/09\/social-media-raccolta-fondi.jpg","contentUrl":"https:\/\/magazine.retedeldono.it\/wp-content\/uploads\/2023\/09\/social-media-raccolta-fondi.jpg","width":1000,"height":700,"caption":"social media raccolta fondi"},{"@type":"BreadcrumbList","@id":"https:\/\/www.retedeldono.it\/magazine\/social-media-raccolta-fondi\/#breadcrumb","itemListElement":[{"@type":"ListItem","position":1,"name":"Home","item":"https:\/\/www.retedeldono.it\/magazine\/"},{"@type":"ListItem","position":2,"name":"Come utilizzare i social media nella raccolta fondi"}]},{"@type":"WebSite","@id":"https:\/\/www.retedeldono.it\/magazine\/#website","url":"https:\/\/www.retedeldono.it\/magazine\/","name":"Rete del Dono Magazine","description":"Rete del Dono Magazine","potentialAction":[{"@type":"SearchAction","target":{"@type":"EntryPoint","urlTemplate":"https:\/\/www.retedeldono.it\/magazine\/?s={search_term_string}"},"query-input":{"@type":"PropertyValueSpecification","valueRequired":true,"valueName":"search_term_string"}}],"inLanguage":"it-IT"},{"@type":"Person","@id":"https:\/\/www.retedeldono.it\/magazine\/#\/schema\/person\/19118fc3b527ea22d276cc2b446f7353","name":"Aldo Lubrani","image":{"@type":"ImageObject","inLanguage":"it-IT","@id":"https:\/\/secure.gravatar.com\/avatar\/e948991b445298d4342a4a232b29e90adbf8a4af10151e265f6e6f3e9a10f68c?s=96&d=mm&r=g","url":"https:\/\/secure.gravatar.com\/avatar\/e948991b445298d4342a4a232b29e90adbf8a4af10151e265f6e6f3e9a10f68c?s=96&d=mm&r=g","contentUrl":"https:\/\/secure.gravatar.com\/avatar\/e948991b445298d4342a4a232b29e90adbf8a4af10151e265f6e6f3e9a10f68c?s=96&d=mm&r=g","caption":"Aldo Lubrani"},"description":"Laureato con lode in Relazioni Internazionali presso Universit\u00e0 degli studi Roma Tre, Master in Europrogettazione presso Europa Business School di Bologna. Google Digital Training Certificate. Lavoro da anni nel settore Digital, Fundraising e Non Profit. Su Rete del Dono ricopro il ruolo di Project Manager nell'ambito Comunicazione, Digital e Personal Fundraising. Appassionato di viaggi, natura, pittura.","sameAs":["https:\/\/www.retedeldono.it"],"url":"https:\/\/www.retedeldono.it\/magazine\/author\/aldo-lubrani\/"}]}},"_links":{"self":[{"href":"https:\/\/www.retedeldono.it\/magazine\/wp-json\/wp\/v2\/posts\/2735","targetHints":{"allow":["GET"]}}],"collection":[{"href":"https:\/\/www.retedeldono.it\/magazine\/wp-json\/wp\/v2\/posts"}],"about":[{"href":"https:\/\/www.retedeldono.it\/magazine\/wp-json\/wp\/v2\/types\/post"}],"author":[{"embeddable":true,"href":"https:\/\/www.retedeldono.it\/magazine\/wp-json\/wp\/v2\/users\/7"}],"replies":[{"embeddable":true,"href":"https:\/\/www.retedeldono.it\/magazine\/wp-json\/wp\/v2\/comments?post=2735"}],"version-history":[{"count":5,"href":"https:\/\/www.retedeldono.it\/magazine\/wp-json\/wp\/v2\/posts\/2735\/revisions"}],"predecessor-version":[{"id":4321,"href":"https:\/\/www.retedeldono.it\/magazine\/wp-json\/wp\/v2\/posts\/2735\/revisions\/4321"}],"wp:featuredmedia":[{"embeddable":true,"href":"https:\/\/www.retedeldono.it\/magazine\/wp-json\/wp\/v2\/media\/2737"}],"wp:attachment":[{"href":"https:\/\/www.retedeldono.it\/magazine\/wp-json\/wp\/v2\/media?parent=2735"}],"wp:term":[{"taxonomy":"category","embeddable":true,"href":"https:\/\/www.retedeldono.it\/magazine\/wp-json\/wp\/v2\/categories?post=2735"},{"taxonomy":"post_tag","embeddable":true,"href":"https:\/\/www.retedeldono.it\/magazine\/wp-json\/wp\/v2\/tags?post=2735"}],"curies":[{"name":"wp","href":"https:\/\/api.w.org\/{rel}","templated":true}]}}