{"id":2790,"date":"2023-10-18T07:32:42","date_gmt":"2023-10-18T07:32:42","guid":{"rendered":"https:\/\/www.retedeldono.it\/magazine\/?p=2790"},"modified":"2025-12-03T14:10:13","modified_gmt":"2025-12-03T14:10:13","slug":"si-puo-guarire-da-un-tumore-maligno","status":"publish","type":"post","link":"https:\/\/www.retedeldono.it\/magazine\/si-puo-guarire-da-un-tumore-maligno\/","title":{"rendered":"Si pu\u00f2 guarire da un tumore maligno?"},"content":{"rendered":"\r\n<h2 class=\"wp-block-heading\">Grazie agli enormi progressi della scienza e della ricerca oggi, in molti casi, si pu\u00f2 guarire da un tumore maligno: \u00e8 fondamentale sostenere gli studi in questo settore affinch\u00e9 il cancro diventi a pieno titolo una malattia curabile<\/h2>\r\n\r\n\r\n\r\n<div class=\"wp-block-spacer\" style=\"height: 50px;\" aria-hidden=\"true\">\u00a0<\/div>\r\n\r\n\r\n\r\n<p><strong>Si pu\u00f2 guarire da un tumore maligno? La risposta \u00e8 s\u00ec.<\/strong> Si pu\u00f2 guarire, in molti casi. Ci sono persone che hanno avuto una diagnosi di <strong><a href=\"https:\/\/www.retedeldono.it\/magazine\/donazione-ricerca-cancro\/\">tumore<\/a><\/strong> e che, dopo la cura, hanno conquistato un\u2019aspettativa di vita pari a chi non ha mai avuto tale diagnosi (<strong>un paziente su quattro in Italia<\/strong>). Queste persone si possono definire \u201cguarite\u201d dal tumore. Per alcuni tipi di tumore la percentuale di persone guarite \u00e8 molto alta, per altre resta ancora minoritaria.<\/p>\r\n\r\n\r\n\r\n<p>La <strong><a href=\"https:\/\/www.retedeldono.it\/magazine\/pedalando-per-la-ricerca-il-team-di-personal-fundraiser\/\">ricerca<\/a><\/strong> in questo campo sta facendo passi da gigante &#8211; <a href=\"https:\/\/osservatorio.favo.it\/dodicesimo-rapporto\/parte-prima\/indicatori-guarigione\/\" target=\"_blank\" rel=\"noreferrer noopener\"><strong>la probabilit\u00e0 di guarire \u00e8 aumentata di circa il 10% in 10 anni per la maggior parte dei tumori<\/strong><\/a> &#8211; e possiamo sperare concretamente che nei prossimi anni il numero di persone guarite dal cancro cresca in modo significativo. Ricordando che \u00e8 determinante e di fondamentale importanza la <strong>diagnosi precoce<\/strong>: ovvero, occorre fare prevenzione e controlli periodici.<\/p>\r\n\r\n\r\n\r\n<div class=\"wp-block-spacer\" style=\"height: 50px;\" aria-hidden=\"true\">\u00a0<\/div>\r\n\r\n\r\n\r\n<div class=\"wp-block-buttons is-layout-flex wp-block-buttons-is-layout-flex\">\r\n<div class=\"wp-block-button\"><strong><a class=\"wp-block-button__link has-background wp-element-button\" style=\"border-radius: 15px; background-color: #e96f27;\" href=\"https:\/\/www.retedeldono.it\/?utm_source=Blog&amp;utm_medium=direct&amp;utm_campaign=CTA_si_pu%C3%B2_guarire_da_un_tumore_maligno_top\">Scopri i progetti di Rete del Dono<\/a><\/strong><\/div>\r\n<\/div>\r\n\r\n\r\n\r\n<div class=\"wp-block-spacer\" style=\"height: 50px;\" aria-hidden=\"true\">\u00a0<\/div>\r\n\r\n\r\n\r\n<h2 class=\"wp-block-heading\">Si pu\u00f2 guarire da un tumore maligno? I dati e lo stato attuale<\/h2>\r\n\r\n\r\n\r\n<p>Sommando le diverse tipologie di tumore, la probabilit\u00e0 di guarire dopo un tumore in <strong>Europa<\/strong> \u00e8 pari al <strong>39% negli uomini<\/strong> e al \u00a0<strong>51% nelle donne<\/strong>. I dati sono stati elaborati da uno studio pubblicato nel 2020 sulla rivista International Journal of Epidemiology. L\u2019et\u00e0 \u00e8 una variabile importante: guariscono i due terzi dei pazienti che hanno avuto la diagnosi prima dei 45 anni di et\u00e0, un terzo di coloro che sono stati diagnosticati a partire dai 65 anni.<\/p>\r\n\r\n\r\n\r\n<p>Aggiungiamo inoltre che per i pazienti che non guariranno, la <strong>sopravvivenza<\/strong> \u00e8 <strong>aumentata<\/strong> <strong>notevolmente<\/strong>, seppur con differenze significative a seconda del tipo di tumore. Oggi, in Italia, passando ai dati di Asco, ci sono circa <strong>3,6 milioni di persone<\/strong> vive dopo una diagnosi di tumore, con un aumento del <strong>37%<\/strong> rispetto a <strong>10 anni fa<\/strong>.<\/p>\r\n\r\n\r\n\r\n<div class=\"wp-block-spacer\" style=\"height: 50px;\" aria-hidden=\"true\">\u00a0<\/div>\r\n\r\n\r\n\r\n<h2 class=\"wp-block-heading\">Il concetto di guarigione<\/h2>\r\n\r\n\r\n\r\n<p>Non \u00e8 semplice definire il concetto di guarigione. In questo caso, guardando ai dati, ci si attiene alla riconquista di un\u2019<strong>aspettativa di vita <\/strong>pari a chi non ha avuto questa malattia, dunque alla vita della popolazione generale. Questo \u00e8 un dato importantissimo. Un altro dato a cui si fa solitamente riferimento \u00e8 l\u2019assenza di segni della malattia a <strong>cinque anni<\/strong> dalla diagnosi: in questo caso si parla di <strong>remissione completa della malattia<\/strong>.<\/p>\r\n\r\n\r\n\r\n<p>Dopodich\u00e9, \u00e8 altrettanto vero che dopo una diagnosi di tumore molte cose cambiano, su tanti piani. In primis sul piano <strong>psicologico<\/strong>: occorre convivere talvolta con la <strong>paura<\/strong>, in altri casi con una diversa <strong>consapevolezza<\/strong>. Ci sono poi diversi <strong>esami e controlli<\/strong> da sostenere, seppure in funzione preventiva. Esiste anche la possibilit\u00e0 che il cancro, una volta curato, diventi una <strong>malattia<\/strong> <strong>cronica<\/strong> ma non progressiva, richiedendo un trattamento costante.<\/p>\r\n\r\n\r\n\r\n<p>Inoltre \u00e8 purtroppo vero che, anche ad anni dalla diagnosi &#8211; e dalla guarigione &#8211; gli ex pazienti oncologici devono confrontarsi con questa condizione ormai superata in molti ambiti della vita. Uno dei principali \u00e8 quello dei <strong>finanziamenti economici<\/strong>, che ancora oggi vengono spesso negati a chi \u00e8 stato malato di tumore. Occorre quindi aggiornare la societ\u00e0 e la percezione comune ai passi avanti che la scienza ha compiuto. Si parla sempre pi\u00f9 spesso, relativamente a questo tema, della necessit\u00e0 di un vero e proprio \u201c<strong>diritto all\u2019oblio<\/strong>\u201d, diritto sostenuto e richiesto anche dall\u2019Associazione Italiana di Oncologia Medica (AIOM).<\/p>\r\n\r\n\r\n\r\n<div class=\"wp-block-spacer\" style=\"height: 50px;\" aria-hidden=\"true\">\u00a0<\/div>\r\n\r\n\r\n\r\n<div class=\"wp-block-buttons is-layout-flex wp-block-buttons-is-layout-flex\">\r\n<div class=\"wp-block-button\"><strong><a class=\"wp-block-button__link has-background wp-element-button\" style=\"border-radius: 15px; background-color: #e96f27;\" href=\"https:\/\/www.retedeldono.it\/?utm_source=Blog&amp;utm_medium=direct&amp;utm_campaign=CTA_si_pu%C3%B2_guarire_da_un_tumore_maligno_central\">Scopri i progetti di Rete del Dono<\/a><\/strong><\/div>\r\n<\/div>\r\n\r\n\r\n\r\n<div class=\"wp-block-spacer\" style=\"height: 50px;\" aria-hidden=\"true\">\u00a0<\/div>\r\n\r\n\r\n\r\n<h2 class=\"wp-block-heading\">Guarire da un tumore maligno: sostenere la ricerca<\/h2>\r\n\r\n\r\n\r\n<p>La ricerca \u00e8 tutto, quando si parla di guarire da un tumore maligno. Per questo \u00e8 importante sostenere le realt\u00e0 che operano in questo campo. In Italia, realt\u00e0 come <strong>Fondazione AIRC<\/strong>, <strong>Fondazione Veronesi<\/strong>, <strong>LILT<\/strong> e molte altre ancora operano quotidianamente nella ricerca, nella prevenzione, nella sensibilizzazione e nella diffusione di stili di vita sani, cos\u00ec come nel sostegno alle persone e alle famiglie che convivono con il cancro.<\/p>\r\n\r\n\r\n\r\n<p>Ci sono diversi modi per <strong>sostenere la ricerca<\/strong> e fare in modo che guarire da un tumore maligno diventi, nel tempo, la normalit\u00e0. Uno di questi consiste nell\u2019<a href=\"https:\/\/www.retedeldono.it\/it\/progetti\/associazione-italiana-per-la-ricerca-sul-cancro\/contro-il-cancro-io-ci-sono\"><strong>effettuare una donazione tramite un portale di crowdfunding<\/strong><\/a>. Un modo sicuro per fare arrivare il proprio contributo a realt\u00e0 verificate e autorevoli nel campo della ricerca, proprio come AIRC.<\/p>\r\n\r\n\r\n\r\n<p>Se invece vuoi <strong>metterti in gioco in prima persona<\/strong>, per te stesso o per una persona vicina, puoi <strong><a href=\"https:\/\/www.retedeldono.it\/magazine\/esempio-lettera-per-raccolta-fondi\/\">attivare una raccolta fondi<\/a><\/strong> sul sito di Rete del Dono e chiedere il contributo dal basso di tante persone per raggiungere il tuo obiettivo. Nonostante il lavoro enorme del Sistema Sanitario, le cure per combattere il cancro sono <strong>costose<\/strong> e in alcuni casi possono rappresentare un <strong>ostacolo<\/strong> per le famiglie. In casi come questi il <strong><a href=\"https:\/\/www.retedeldono.it\/magazine\/crowdfunding-strategia\/\">crowdfunding <\/a><\/strong>pu\u00f2 fare la differenza.<\/p>\r\n\r\n\r\n\r\n<p>Oppure pensiamo alla situazione di cui abbiamo parlato in precedenza: una persona guarita da un tumore maligno che si vede negare un <strong>finanziamento<\/strong>. Anche in questa circostanza l\u2019aiuto di tutti \u00e8 <strong>fondamentale<\/strong>, non soltanto per arrivare all\u2019obiettivo economico prefissato, ma anche per iniziare a guardare con occhi diversi il <strong>percorso di cura e di guarigione<\/strong> dei pazienti oncologici, che sono sempre e comunque, e prima di tutto, persone, non malati.<\/p>\r\n\r\n\r\n\r\n<div class=\"wp-block-spacer\" style=\"height: 50px;\" aria-hidden=\"true\">\u00a0<\/div>\r\n\r\n\r\n\r\n<div class=\"wp-block-buttons is-layout-flex wp-block-buttons-is-layout-flex\">\r\n<div class=\"wp-block-button\"><strong><a class=\"wp-block-button__link has-background wp-element-button\" style=\"border-radius: 15px; background-color: #e96f27;\" href=\"https:\/\/www.retedeldono.it\/?utm_source=Blog&amp;utm_medium=direct&amp;utm_campaign=CTA_si_pu%C3%B2_guarire_da_un_tumore_maligno_down\">Scopri i progetti di Rete del Dono<\/a><\/strong><\/div>\r\n<\/div>\r\n","protected":false},"excerpt":{"rendered":"<p>Grazie agli enormi progressi della scienza e della ricerca oggi, in molti casi, si pu\u00f2 guarire da un tumore maligno: \u00e8 fondamentale sostenere gli studi in questo settore affinch\u00e9 il&#8230;<\/p>\n","protected":false},"author":7,"featured_media":2791,"comment_status":"open","ping_status":"open","sticky":false,"template":"","format":"standard","meta":{"_acf_changed":false,"footnotes":""},"categories":[1],"tags":[],"class_list":{"0":"post-2790","1":"post","2":"type-post","3":"status-publish","4":"format-standard","5":"has-post-thumbnail","7":"category-community"},"acf":{"homepage_rdd":false},"yoast_head":"<!-- This site is optimized with the Yoast SEO plugin v27.5 - https:\/\/yoast.com\/product\/yoast-seo-wordpress\/ -->\n<title>Si pu\u00f2 guarire da un tumore maligno? - Rete del Dono Magazine<\/title>\n<meta name=\"description\" content=\"Grazie agli enormi progressi della scienza oggi, in molti casi, si pu\u00f2 guarire da un tumore maligno: \u00e8 fondamentale sostenere la ricerca\" \/>\n<meta name=\"robots\" content=\"index, follow, max-snippet:-1, max-image-preview:large, max-video-preview:-1\" \/>\n<link rel=\"canonical\" href=\"https:\/\/www.retedeldono.it\/magazine\/si-puo-guarire-da-un-tumore-maligno\/\" \/>\n<meta property=\"og:locale\" content=\"it_IT\" \/>\n<meta property=\"og:type\" content=\"article\" \/>\n<meta property=\"og:title\" content=\"Si pu\u00f2 guarire da un tumore maligno? - Rete del Dono Magazine\" \/>\n<meta property=\"og:description\" content=\"Grazie agli enormi progressi della scienza oggi, in molti casi, si pu\u00f2 guarire da un tumore maligno: \u00e8 fondamentale sostenere la ricerca\" \/>\n<meta property=\"og:url\" content=\"https:\/\/www.retedeldono.it\/magazine\/si-puo-guarire-da-un-tumore-maligno\/\" \/>\n<meta property=\"og:site_name\" content=\"Rete del Dono Magazine\" \/>\n<meta property=\"article:publisher\" content=\"https:\/\/www.facebook.com\/retedeldono\/\" \/>\n<meta property=\"article:published_time\" content=\"2023-10-18T07:32:42+00:00\" \/>\n<meta property=\"article:modified_time\" content=\"2025-12-03T14:10:13+00:00\" \/>\n<meta property=\"og:image\" content=\"https:\/\/magazine.retedeldono.it\/wp-content\/uploads\/2023\/10\/si-puo-guarire-da-un-tumore-maligno-1.jpg\" \/>\n\t<meta property=\"og:image:width\" content=\"1000\" \/>\n\t<meta property=\"og:image:height\" content=\"700\" \/>\n\t<meta property=\"og:image:type\" content=\"image\/jpeg\" \/>\n<meta name=\"author\" content=\"Aldo Lubrani\" \/>\n<meta name=\"twitter:card\" content=\"summary_large_image\" \/>\n<meta name=\"twitter:label1\" content=\"Scritto da\" \/>\n\t<meta name=\"twitter:data1\" content=\"Aldo Lubrani\" \/>\n\t<meta name=\"twitter:label2\" content=\"Tempo di lettura stimato\" \/>\n\t<meta name=\"twitter:data2\" content=\"5 minuti\" \/>\n<script type=\"application\/ld+json\" class=\"yoast-schema-graph\">{\"@context\":\"https:\\\/\\\/schema.org\",\"@graph\":[{\"@type\":\"Article\",\"@id\":\"https:\\\/\\\/www.retedeldono.it\\\/magazine\\\/si-puo-guarire-da-un-tumore-maligno\\\/#article\",\"isPartOf\":{\"@id\":\"https:\\\/\\\/www.retedeldono.it\\\/magazine\\\/si-puo-guarire-da-un-tumore-maligno\\\/\"},\"author\":{\"name\":\"Aldo Lubrani\",\"@id\":\"https:\\\/\\\/www.retedeldono.it\\\/magazine\\\/#\\\/schema\\\/person\\\/19118fc3b527ea22d276cc2b446f7353\"},\"headline\":\"Si pu\u00f2 guarire da un tumore maligno?\",\"datePublished\":\"2023-10-18T07:32:42+00:00\",\"dateModified\":\"2025-12-03T14:10:13+00:00\",\"mainEntityOfPage\":{\"@id\":\"https:\\\/\\\/www.retedeldono.it\\\/magazine\\\/si-puo-guarire-da-un-tumore-maligno\\\/\"},\"wordCount\":861,\"commentCount\":0,\"image\":{\"@id\":\"https:\\\/\\\/www.retedeldono.it\\\/magazine\\\/si-puo-guarire-da-un-tumore-maligno\\\/#primaryimage\"},\"thumbnailUrl\":\"https:\\\/\\\/magazine.retedeldono.it\\\/wp-content\\\/uploads\\\/2023\\\/10\\\/si-puo-guarire-da-un-tumore-maligno-1.jpg\",\"articleSection\":[\"Community\"],\"inLanguage\":\"it-IT\",\"potentialAction\":[{\"@type\":\"CommentAction\",\"name\":\"Comment\",\"target\":[\"https:\\\/\\\/www.retedeldono.it\\\/magazine\\\/si-puo-guarire-da-un-tumore-maligno\\\/#respond\"]}]},{\"@type\":\"WebPage\",\"@id\":\"https:\\\/\\\/www.retedeldono.it\\\/magazine\\\/si-puo-guarire-da-un-tumore-maligno\\\/\",\"url\":\"https:\\\/\\\/www.retedeldono.it\\\/magazine\\\/si-puo-guarire-da-un-tumore-maligno\\\/\",\"name\":\"Si pu\u00f2 guarire da un tumore maligno? - Rete del Dono Magazine\",\"isPartOf\":{\"@id\":\"https:\\\/\\\/www.retedeldono.it\\\/magazine\\\/#website\"},\"primaryImageOfPage\":{\"@id\":\"https:\\\/\\\/www.retedeldono.it\\\/magazine\\\/si-puo-guarire-da-un-tumore-maligno\\\/#primaryimage\"},\"image\":{\"@id\":\"https:\\\/\\\/www.retedeldono.it\\\/magazine\\\/si-puo-guarire-da-un-tumore-maligno\\\/#primaryimage\"},\"thumbnailUrl\":\"https:\\\/\\\/magazine.retedeldono.it\\\/wp-content\\\/uploads\\\/2023\\\/10\\\/si-puo-guarire-da-un-tumore-maligno-1.jpg\",\"datePublished\":\"2023-10-18T07:32:42+00:00\",\"dateModified\":\"2025-12-03T14:10:13+00:00\",\"author\":{\"@id\":\"https:\\\/\\\/www.retedeldono.it\\\/magazine\\\/#\\\/schema\\\/person\\\/19118fc3b527ea22d276cc2b446f7353\"},\"description\":\"Grazie agli enormi progressi della scienza oggi, in molti casi, si pu\u00f2 guarire da un tumore maligno: \u00e8 fondamentale sostenere la ricerca\",\"breadcrumb\":{\"@id\":\"https:\\\/\\\/www.retedeldono.it\\\/magazine\\\/si-puo-guarire-da-un-tumore-maligno\\\/#breadcrumb\"},\"inLanguage\":\"it-IT\",\"potentialAction\":[{\"@type\":\"ReadAction\",\"target\":[\"https:\\\/\\\/www.retedeldono.it\\\/magazine\\\/si-puo-guarire-da-un-tumore-maligno\\\/\"]}]},{\"@type\":\"ImageObject\",\"inLanguage\":\"it-IT\",\"@id\":\"https:\\\/\\\/www.retedeldono.it\\\/magazine\\\/si-puo-guarire-da-un-tumore-maligno\\\/#primaryimage\",\"url\":\"https:\\\/\\\/magazine.retedeldono.it\\\/wp-content\\\/uploads\\\/2023\\\/10\\\/si-puo-guarire-da-un-tumore-maligno-1.jpg\",\"contentUrl\":\"https:\\\/\\\/magazine.retedeldono.it\\\/wp-content\\\/uploads\\\/2023\\\/10\\\/si-puo-guarire-da-un-tumore-maligno-1.jpg\",\"width\":1000,\"height\":700},{\"@type\":\"BreadcrumbList\",\"@id\":\"https:\\\/\\\/www.retedeldono.it\\\/magazine\\\/si-puo-guarire-da-un-tumore-maligno\\\/#breadcrumb\",\"itemListElement\":[{\"@type\":\"ListItem\",\"position\":1,\"name\":\"Home\",\"item\":\"https:\\\/\\\/www.retedeldono.it\\\/magazine\\\/\"},{\"@type\":\"ListItem\",\"position\":2,\"name\":\"Si pu\u00f2 guarire da un tumore maligno?\"}]},{\"@type\":\"WebSite\",\"@id\":\"https:\\\/\\\/www.retedeldono.it\\\/magazine\\\/#website\",\"url\":\"https:\\\/\\\/www.retedeldono.it\\\/magazine\\\/\",\"name\":\"Rete del Dono Magazine\",\"description\":\"Rete del Dono Magazine\",\"potentialAction\":[{\"@type\":\"SearchAction\",\"target\":{\"@type\":\"EntryPoint\",\"urlTemplate\":\"https:\\\/\\\/www.retedeldono.it\\\/magazine\\\/?s={search_term_string}\"},\"query-input\":{\"@type\":\"PropertyValueSpecification\",\"valueRequired\":true,\"valueName\":\"search_term_string\"}}],\"inLanguage\":\"it-IT\"},{\"@type\":\"Person\",\"@id\":\"https:\\\/\\\/www.retedeldono.it\\\/magazine\\\/#\\\/schema\\\/person\\\/19118fc3b527ea22d276cc2b446f7353\",\"name\":\"Aldo Lubrani\",\"image\":{\"@type\":\"ImageObject\",\"inLanguage\":\"it-IT\",\"@id\":\"https:\\\/\\\/secure.gravatar.com\\\/avatar\\\/e948991b445298d4342a4a232b29e90adbf8a4af10151e265f6e6f3e9a10f68c?s=96&d=mm&r=g\",\"url\":\"https:\\\/\\\/secure.gravatar.com\\\/avatar\\\/e948991b445298d4342a4a232b29e90adbf8a4af10151e265f6e6f3e9a10f68c?s=96&d=mm&r=g\",\"contentUrl\":\"https:\\\/\\\/secure.gravatar.com\\\/avatar\\\/e948991b445298d4342a4a232b29e90adbf8a4af10151e265f6e6f3e9a10f68c?s=96&d=mm&r=g\",\"caption\":\"Aldo Lubrani\"},\"description\":\"Laureato con lode in Relazioni Internazionali presso Universit\u00e0 degli studi Roma Tre, Master in Europrogettazione presso Europa Business School di Bologna. Google Digital Training Certificate. Lavoro da anni nel settore Digital, Fundraising e Non Profit. Su Rete del Dono ricopro il ruolo di Project Manager nell'ambito Comunicazione, Digital e Personal Fundraising. Appassionato di viaggi, natura, pittura.\",\"sameAs\":[\"https:\\\/\\\/www.retedeldono.it\"],\"url\":\"https:\\\/\\\/www.retedeldono.it\\\/magazine\\\/author\\\/aldo-lubrani\\\/\"}]}<\/script>\n<!-- \/ Yoast SEO plugin. -->","yoast_head_json":{"title":"Si pu\u00f2 guarire da un tumore maligno? - Rete del Dono Magazine","description":"Grazie agli enormi progressi della scienza oggi, in molti casi, si pu\u00f2 guarire da un tumore maligno: \u00e8 fondamentale sostenere la ricerca","robots":{"index":"index","follow":"follow","max-snippet":"max-snippet:-1","max-image-preview":"max-image-preview:large","max-video-preview":"max-video-preview:-1"},"canonical":"https:\/\/www.retedeldono.it\/magazine\/si-puo-guarire-da-un-tumore-maligno\/","og_locale":"it_IT","og_type":"article","og_title":"Si pu\u00f2 guarire da un tumore maligno? - Rete del Dono Magazine","og_description":"Grazie agli enormi progressi della scienza oggi, in molti casi, si pu\u00f2 guarire da un tumore maligno: \u00e8 fondamentale sostenere la ricerca","og_url":"https:\/\/www.retedeldono.it\/magazine\/si-puo-guarire-da-un-tumore-maligno\/","og_site_name":"Rete del Dono Magazine","article_publisher":"https:\/\/www.facebook.com\/retedeldono\/","article_published_time":"2023-10-18T07:32:42+00:00","article_modified_time":"2025-12-03T14:10:13+00:00","og_image":[{"width":1000,"height":700,"url":"https:\/\/magazine.retedeldono.it\/wp-content\/uploads\/2023\/10\/si-puo-guarire-da-un-tumore-maligno-1.jpg","type":"image\/jpeg"}],"author":"Aldo Lubrani","twitter_card":"summary_large_image","twitter_misc":{"Scritto da":"Aldo Lubrani","Tempo di lettura stimato":"5 minuti"},"schema":{"@context":"https:\/\/schema.org","@graph":[{"@type":"Article","@id":"https:\/\/www.retedeldono.it\/magazine\/si-puo-guarire-da-un-tumore-maligno\/#article","isPartOf":{"@id":"https:\/\/www.retedeldono.it\/magazine\/si-puo-guarire-da-un-tumore-maligno\/"},"author":{"name":"Aldo Lubrani","@id":"https:\/\/www.retedeldono.it\/magazine\/#\/schema\/person\/19118fc3b527ea22d276cc2b446f7353"},"headline":"Si pu\u00f2 guarire da un tumore maligno?","datePublished":"2023-10-18T07:32:42+00:00","dateModified":"2025-12-03T14:10:13+00:00","mainEntityOfPage":{"@id":"https:\/\/www.retedeldono.it\/magazine\/si-puo-guarire-da-un-tumore-maligno\/"},"wordCount":861,"commentCount":0,"image":{"@id":"https:\/\/www.retedeldono.it\/magazine\/si-puo-guarire-da-un-tumore-maligno\/#primaryimage"},"thumbnailUrl":"https:\/\/magazine.retedeldono.it\/wp-content\/uploads\/2023\/10\/si-puo-guarire-da-un-tumore-maligno-1.jpg","articleSection":["Community"],"inLanguage":"it-IT","potentialAction":[{"@type":"CommentAction","name":"Comment","target":["https:\/\/www.retedeldono.it\/magazine\/si-puo-guarire-da-un-tumore-maligno\/#respond"]}]},{"@type":"WebPage","@id":"https:\/\/www.retedeldono.it\/magazine\/si-puo-guarire-da-un-tumore-maligno\/","url":"https:\/\/www.retedeldono.it\/magazine\/si-puo-guarire-da-un-tumore-maligno\/","name":"Si pu\u00f2 guarire da un tumore maligno? - Rete del Dono Magazine","isPartOf":{"@id":"https:\/\/www.retedeldono.it\/magazine\/#website"},"primaryImageOfPage":{"@id":"https:\/\/www.retedeldono.it\/magazine\/si-puo-guarire-da-un-tumore-maligno\/#primaryimage"},"image":{"@id":"https:\/\/www.retedeldono.it\/magazine\/si-puo-guarire-da-un-tumore-maligno\/#primaryimage"},"thumbnailUrl":"https:\/\/magazine.retedeldono.it\/wp-content\/uploads\/2023\/10\/si-puo-guarire-da-un-tumore-maligno-1.jpg","datePublished":"2023-10-18T07:32:42+00:00","dateModified":"2025-12-03T14:10:13+00:00","author":{"@id":"https:\/\/www.retedeldono.it\/magazine\/#\/schema\/person\/19118fc3b527ea22d276cc2b446f7353"},"description":"Grazie agli enormi progressi della scienza oggi, in molti casi, si pu\u00f2 guarire da un tumore maligno: \u00e8 fondamentale sostenere la ricerca","breadcrumb":{"@id":"https:\/\/www.retedeldono.it\/magazine\/si-puo-guarire-da-un-tumore-maligno\/#breadcrumb"},"inLanguage":"it-IT","potentialAction":[{"@type":"ReadAction","target":["https:\/\/www.retedeldono.it\/magazine\/si-puo-guarire-da-un-tumore-maligno\/"]}]},{"@type":"ImageObject","inLanguage":"it-IT","@id":"https:\/\/www.retedeldono.it\/magazine\/si-puo-guarire-da-un-tumore-maligno\/#primaryimage","url":"https:\/\/magazine.retedeldono.it\/wp-content\/uploads\/2023\/10\/si-puo-guarire-da-un-tumore-maligno-1.jpg","contentUrl":"https:\/\/magazine.retedeldono.it\/wp-content\/uploads\/2023\/10\/si-puo-guarire-da-un-tumore-maligno-1.jpg","width":1000,"height":700},{"@type":"BreadcrumbList","@id":"https:\/\/www.retedeldono.it\/magazine\/si-puo-guarire-da-un-tumore-maligno\/#breadcrumb","itemListElement":[{"@type":"ListItem","position":1,"name":"Home","item":"https:\/\/www.retedeldono.it\/magazine\/"},{"@type":"ListItem","position":2,"name":"Si pu\u00f2 guarire da un tumore maligno?"}]},{"@type":"WebSite","@id":"https:\/\/www.retedeldono.it\/magazine\/#website","url":"https:\/\/www.retedeldono.it\/magazine\/","name":"Rete del Dono Magazine","description":"Rete del Dono Magazine","potentialAction":[{"@type":"SearchAction","target":{"@type":"EntryPoint","urlTemplate":"https:\/\/www.retedeldono.it\/magazine\/?s={search_term_string}"},"query-input":{"@type":"PropertyValueSpecification","valueRequired":true,"valueName":"search_term_string"}}],"inLanguage":"it-IT"},{"@type":"Person","@id":"https:\/\/www.retedeldono.it\/magazine\/#\/schema\/person\/19118fc3b527ea22d276cc2b446f7353","name":"Aldo Lubrani","image":{"@type":"ImageObject","inLanguage":"it-IT","@id":"https:\/\/secure.gravatar.com\/avatar\/e948991b445298d4342a4a232b29e90adbf8a4af10151e265f6e6f3e9a10f68c?s=96&d=mm&r=g","url":"https:\/\/secure.gravatar.com\/avatar\/e948991b445298d4342a4a232b29e90adbf8a4af10151e265f6e6f3e9a10f68c?s=96&d=mm&r=g","contentUrl":"https:\/\/secure.gravatar.com\/avatar\/e948991b445298d4342a4a232b29e90adbf8a4af10151e265f6e6f3e9a10f68c?s=96&d=mm&r=g","caption":"Aldo Lubrani"},"description":"Laureato con lode in Relazioni Internazionali presso Universit\u00e0 degli studi Roma Tre, Master in Europrogettazione presso Europa Business School di Bologna. Google Digital Training Certificate. Lavoro da anni nel settore Digital, Fundraising e Non Profit. Su Rete del Dono ricopro il ruolo di Project Manager nell'ambito Comunicazione, Digital e Personal Fundraising. Appassionato di viaggi, natura, pittura.","sameAs":["https:\/\/www.retedeldono.it"],"url":"https:\/\/www.retedeldono.it\/magazine\/author\/aldo-lubrani\/"}]}},"_links":{"self":[{"href":"https:\/\/www.retedeldono.it\/magazine\/wp-json\/wp\/v2\/posts\/2790","targetHints":{"allow":["GET"]}}],"collection":[{"href":"https:\/\/www.retedeldono.it\/magazine\/wp-json\/wp\/v2\/posts"}],"about":[{"href":"https:\/\/www.retedeldono.it\/magazine\/wp-json\/wp\/v2\/types\/post"}],"author":[{"embeddable":true,"href":"https:\/\/www.retedeldono.it\/magazine\/wp-json\/wp\/v2\/users\/7"}],"replies":[{"embeddable":true,"href":"https:\/\/www.retedeldono.it\/magazine\/wp-json\/wp\/v2\/comments?post=2790"}],"version-history":[{"count":2,"href":"https:\/\/www.retedeldono.it\/magazine\/wp-json\/wp\/v2\/posts\/2790\/revisions"}],"predecessor-version":[{"id":4332,"href":"https:\/\/www.retedeldono.it\/magazine\/wp-json\/wp\/v2\/posts\/2790\/revisions\/4332"}],"wp:featuredmedia":[{"embeddable":true,"href":"https:\/\/www.retedeldono.it\/magazine\/wp-json\/wp\/v2\/media\/2791"}],"wp:attachment":[{"href":"https:\/\/www.retedeldono.it\/magazine\/wp-json\/wp\/v2\/media?parent=2790"}],"wp:term":[{"taxonomy":"category","embeddable":true,"href":"https:\/\/www.retedeldono.it\/magazine\/wp-json\/wp\/v2\/categories?post=2790"},{"taxonomy":"post_tag","embeddable":true,"href":"https:\/\/www.retedeldono.it\/magazine\/wp-json\/wp\/v2\/tags?post=2790"}],"curies":[{"name":"wp","href":"https:\/\/api.w.org\/{rel}","templated":true}]}}