{"id":2841,"date":"2023-11-10T22:38:43","date_gmt":"2023-11-10T22:38:43","guid":{"rendered":"https:\/\/magazine.retedeldono.it\/?p=2841"},"modified":"2023-11-10T23:25:34","modified_gmt":"2023-11-10T23:25:34","slug":"venicemarathon-2023-tutti-i-premiati-delledizione-da-record","status":"publish","type":"post","link":"https:\/\/www.retedeldono.it\/magazine\/venicemarathon-2023-tutti-i-premiati-delledizione-da-record\/","title":{"rendered":"VeniceMarathon 2023, tutti i premiati dell\u2019edizione da record"},"content":{"rendered":"\n<p>La <a href=\"https:\/\/www.venicemarathon.it\/\" target=\"_blank\" rel=\"noreferrer noopener\"><strong>VeniceMarathon<\/strong><\/a> 2023 \u00e8 ormai un appuntamento imperdibile e di portata internazionale per gli amanti del running e non solo. La 37esima edizione del 22 ottobre scorso, infatti, ha stupito per il numero finora mai raggiunto di <strong>iscritti (oltre 30.000)<\/strong>, ma anche per il <a href=\"https:\/\/www.retedeldono.it\/it\/venicemarathon\" target=\"_blank\" rel=\"noreferrer noopener\"><strong>Charity Program<\/strong><\/a> che ha raggiunto ad oggi la <strong>cifra record di 116.276 euro<\/strong> e la raccolta non \u00e8 ancora finita! Ecco le tre organizzazioni che abbiamo premiato per il successo delle loro campagne.<\/p>\n\n\n\n<h2 class=\"wp-block-heading\">Rotary Distretto 2060<\/h2>\n\n\n\n<p>Tra le 22 associazioni partecipanti, sul gradino pi\u00f9 alto del podio \u00e8 salita una veterana della maratona. Con la sua raccolta, <strong>Rotary Distretto 2060 <\/strong>ha dato un ulteriore contributo alla campagna internazionale <a href=\"https:\/\/www.retedeldono.it\/it\/progetti\/progetto-rotary-distretto-2060-onlus\/run-to-end-polio-vm2023\" target=\"_blank\" rel=\"noreferrer noopener\"><strong>End Polio Now<\/strong><\/a>. \u201cOrmai ci sono solo 2 casi di Polio al mondo, siamo ad un passo dal dichiarare l\u2019eradicazione della malattia\u201d spiega <strong>Massimiliano Buson, Responsabile distrettuale della campagna End Polio Now<\/strong>. \u201cSiamo stati tra i primi a credere nella VeniceMarathon, che cade nel periodo della Giornata Mondiale della Poliomielite e per questo da oltre 10 anni \u00e8 un appuntamento fisso per il nostro Distretto\u201d.<\/p>\n\n\n\n<h2 class=\"wp-block-heading\">Rotary e il supporto alla Family Run<\/h2>\n\n\n\n<p>Con <strong>oltre 250 iscritti<\/strong> tra maratona, mezza maratona e 10 km, infatti, la manifestazione \u00e8 un momento di socialit\u00e0 importante che coinvolge soci, amici e familiari. \u201cLe nostre canotte rosse quest\u2019anno si sono fatte riconoscere, perch\u00e9 ogni singolo Club \u00e8 riuscito a coinvolgere almeno una trentina di persone\u201d. Non a caso il primo premio tra i Fundraiser Gruppi \u00e8 andato ad <strong>Anna e Christian<\/strong>. Una partecipazione capillare impreziosita dal supporto dato dal Rotary alla <strong>Family Run<\/strong>. \u201cQuest\u2019anno sono stati oltre <strong>20.000 i ragazzi coinvolti<\/strong>, che nelle proprie scuole hanno conosciuto la forza del dono\u201d.<\/p>\n\n\n<div class=\"wp-block-image\">\n<figure class=\"aligncenter size-full\"><img loading=\"lazy\" decoding=\"async\" width=\"1024\" height=\"768\" src=\"https:\/\/magazine.retedeldono.it\/wp-content\/uploads\/2023\/11\/GRUPPO-1.jpg\" alt=\"\" class=\"wp-image-2846\" srcset=\"https:\/\/magazine.retedeldono.it\/wp-content\/uploads\/2023\/11\/GRUPPO-1.jpg 1024w, https:\/\/magazine.retedeldono.it\/wp-content\/uploads\/2023\/11\/GRUPPO-1-300x225.jpg 300w, https:\/\/magazine.retedeldono.it\/wp-content\/uploads\/2023\/11\/GRUPPO-1-768x576.jpg 768w\" sizes=\"auto, (max-width: 1024px) 100vw, 1024px\" \/><\/figure>\n<\/div>\n\n\n<h2 class=\"wp-block-heading\">Fondazione Banca degli Occhi<\/h2>\n\n\n\n<p>La seconda classificata \u00e8 stata la campagna <a href=\"https:\/\/www.retedeldono.it\/progetti\/fondazione-banca-degli-occhi\/corri-x-la-vista-x-10\" target=\"_blank\" rel=\"noreferrer noopener\"><strong>Corri x la vista X 10<\/strong><\/a> di <strong>Fondazione Banca degli Occhi<\/strong>. \u201cPer noi \u00e8 gi\u00e0 stato un traguardo partecipare alla VeniceMarathon per la decima volta\u201d dice <strong>Enrico Vidale, Responsabile Comunicazione e Raccolta Fondi<\/strong>. \u201cIn pi\u00f9 \u00e8 stata una delle edizioni pi\u00f9 importanti dal punto di vista dei numeri, con <strong>280 runner<\/strong> che hanno dimostrato di condividere la nostra missione\u201d. Uno spirito di squadra che ha portato al secondo e terzo posto nella categoria Top Fundraiser Gruppi, rispettivamente da parte di\u00a0 <strong>The Vintage Runners <\/strong>e de la <strong>Folgorante<\/strong>.<\/p>\n\n\n\n<h2 class=\"wp-block-heading\">Gruppi di Fundraiser agguerriti<\/h2>\n\n\n\n<p>Squadre di corridori affezionate alla causa, se pensiamo che la Folgorante ha conosciuto l\u2019associazione 10 anni fa grazie a una donazione di tessuti oculari da parte di un membro del gruppo e da allora non si sono pi\u00f9 fermati. \u201cLe Vintage Runners invece sono imprenditrici che da 3 anni danno il massimo per noi, organizzando molti eventi collaterali. Sono proprio le attivit\u00e0 promosse dai fundraiser che legano la nostra causa ai territori. Penso alla <strong>famiglia di Nicol\u00f2, che ha coinvolto nella corsa tutto il Comune di Colceresa<\/strong>, amministrazione comunale in testa. \u00c8 proprio vero che la forza del dono \u00e8 quello che ci unisce\u201d.<\/p>\n\n\n<div class=\"wp-block-image\">\n<figure class=\"aligncenter size-large\"><img loading=\"lazy\" decoding=\"async\" width=\"1024\" height=\"538\" src=\"https:\/\/magazine.retedeldono.it\/wp-content\/uploads\/2023\/11\/x10-rara-bellezza-1024x538.jpg\" alt=\"\" class=\"wp-image-2847\" srcset=\"https:\/\/magazine.retedeldono.it\/wp-content\/uploads\/2023\/11\/x10-rara-bellezza-1024x538.jpg 1024w, https:\/\/magazine.retedeldono.it\/wp-content\/uploads\/2023\/11\/x10-rara-bellezza-300x158.jpg 300w, https:\/\/magazine.retedeldono.it\/wp-content\/uploads\/2023\/11\/x10-rara-bellezza-768x403.jpg 768w, https:\/\/magazine.retedeldono.it\/wp-content\/uploads\/2023\/11\/x10-rara-bellezza.jpg 1200w\" sizes=\"auto, (max-width: 1024px) 100vw, 1024px\" \/><\/figure>\n<\/div>\n\n\n<h2 class=\"wp-block-heading\">Associazione Linfa per le Neurofibromatosi<\/h2>\n\n\n\n<p>Sul terzo gradino del podio, un\u2019organizzazione alla sua <strong>prima partecipazione<\/strong>: <strong>Linfa<\/strong>. \u201cTra le malattie rare &#8211; spiega <strong>Silvia Cecconi, Responsabile Progetti<\/strong> &#8211; la <strong>Neurofibromatosi <\/strong>\u00e8 una delle pi\u00f9 diffuse, perch\u00e9 colpisce 1 bambino su 2.500. Ed \u00e8 poco conosciuta, motivo per cui da oltre 10 anni ci occupiamo di <strong>divulgazione medico-scientifica e ricerca<\/strong>\u201d. Il progetto <a href=\"https:\/\/www.retedeldono.it\/it\/progetti\/linfa\/%E2%80%9Cuna-sfida-per-la-vita%E2%80%9D\" target=\"_blank\" rel=\"noreferrer noopener\"><strong>Una sfida per la vita<\/strong><\/a> ha l\u2019obiettivo di studiare gli indicatori biologici di ciascun paziente per arrivare a una diagnosi precoce da un lato, e dall\u2019altro a nuovi farmaci e terapie. Linfa, partendo dai membri del direttivo, ha saputo coinvolgere <strong>90 corridori<\/strong>.<\/p>\n\n\n\n<h2 class=\"wp-block-heading\">Un Personal Fundraising sorprendente<\/h2>\n\n\n\n<p>Ed \u00e8 dai runner solidali che sono arrivate le soddisfazioni maggiori: i tre Top Fundraiser sono tutti di Linfa. I Main Ambassador <strong>Mauro Prosperi<\/strong>, pentatleta olimpionico e ultramaratoneta, <strong>Marzia Sorrentino<\/strong> e <strong>Anna Enrica Maniero<\/strong>, mamma di due gemelle con la Neurofibromatosi<strong>. <\/strong>\u201cPer ringraziarli &#8211; spiega <strong>Caterina Gobbi, Responsabile della Comunicazione &#8211; <\/strong>abbiamo organizzato un <strong>evento<\/strong> coinvolgendo medici da tutta Italia, la <a href=\"https:\/\/www.ctf.org\/\" target=\"_blank\" rel=\"noreferrer noopener\"><strong>Children\u2019s Tumor Foundation<\/strong><\/a> e la <a href=\"https:\/\/www.childhoodtumourtrust.org.uk\/\" target=\"_blank\" rel=\"noreferrer noopener\"><strong>Childhood Tumour Trust<\/strong><\/a>, in partnership con <strong>Alexion<\/strong> (farmaceutica specializzata in malattie rare)\u201d.<\/p>\n\n\n<div class=\"wp-block-image\">\n<figure class=\"aligncenter size-large\"><img loading=\"lazy\" decoding=\"async\" width=\"1024\" height=\"538\" src=\"https:\/\/magazine.retedeldono.it\/wp-content\/uploads\/2023\/11\/FB_IMG_1689390618502_0-1024x538.jpg\" alt=\"\" class=\"wp-image-2848\" srcset=\"https:\/\/magazine.retedeldono.it\/wp-content\/uploads\/2023\/11\/FB_IMG_1689390618502_0-1024x538.jpg 1024w, https:\/\/magazine.retedeldono.it\/wp-content\/uploads\/2023\/11\/FB_IMG_1689390618502_0-300x158.jpg 300w, https:\/\/magazine.retedeldono.it\/wp-content\/uploads\/2023\/11\/FB_IMG_1689390618502_0-768x403.jpg 768w, https:\/\/magazine.retedeldono.it\/wp-content\/uploads\/2023\/11\/FB_IMG_1689390618502_0.jpg 1200w\" sizes=\"auto, (max-width: 1024px) 100vw, 1024px\" \/><\/figure>\n<\/div>\n\n\n<h2 class=\"wp-block-heading\">VeniceMarathon 2023, tutti i premiati<\/h2>\n\n\n\n<h3 class=\"wp-block-heading\">Top ONP<\/h3>\n\n\n\n<ul class=\"wp-block-list\">\n<li>3a classificata Linfa, che ha superato i 18.000 euro raccolti.<\/li>\n\n\n\n<li>2a classificata Fondazione Banca degli Occhi con oltre 25.000 euro.<\/li>\n\n\n\n<li>1a classificata Rotary Distretto 2060 con oltre 39.000 euro.<\/li>\n<\/ul>\n\n\n\n<p>Alle prime due va anche il premio di Rete del Dono per gli ETS che hanno superato i 20mila euro di raccolta, rispettivamente da 2.000 e 1.500 euro.<\/p>\n\n\n\n<h3 class=\"wp-block-heading\">Top fundraiser individui<\/h3>\n\n\n\n<ul class=\"wp-block-list\">\n<li>3o classificato <strong><a href=\"https:\/\/www.retedeldono.it\/it\/iniziative\/linfa\/mauro.prosperi\/una-sfida-per-la-vita\" target=\"_blank\" rel=\"noreferrer noopener\">Mauro Prosperi<\/a><\/strong> con 1.344 euro per Linfa.<\/li>\n\n\n\n<li>2a classificata <a href=\"https:\/\/www.retedeldono.it\/it\/iniziative\/linfa\/marzia.sorrentino\/da-dubai-a-venezia-per-i-bimbi-di-linfa\" target=\"_blank\" rel=\"noreferrer noopener\"><strong>Marzia Sorrentino<\/strong><\/a> con 1.798 euro per Linfa.<\/li>\n\n\n\n<li>1a classificata <strong><a href=\"https:\/\/www.retedeldono.it\/it\/iniziative\/linfa\/anna-enrica.maniero\/diventare-forte-per-i-bimbi-di-linfa\" target=\"_blank\" rel=\"noreferrer noopener\">Anna Enrica Maniero<\/a><\/strong> con ben 8.003 euro raccolti per Linfa.<\/li>\n<\/ul>\n\n\n\n<ul class=\"wp-block-list\"><\/ul>\n\n\n\n<ul class=\"wp-block-list\"><\/ul>\n\n\n\n<h3 class=\"wp-block-heading\">Top Fundraiser Gruppi<\/h3>\n\n\n\n<ul class=\"wp-block-list\">\n<li>3o classificato <strong><a href=\"https:\/\/www.retedeldono.it\/it\/iniziative\/fondazione-banca-degli-occhi\/la.folgorante\/bubu-jones-e-i-predatori-del-dono\" target=\"_blank\" rel=\"noreferrer noopener\">La Folgorante<\/a><\/strong> per Fondazione Banca degli Occhi con 5.241 euro.<\/li>\n\n\n\n<li>2e classificate <strong><a href=\"https:\/\/www.retedeldono.it\/it\/iniziative\/fondazione-banca-degli-occhi\/antonella.valerio\/the-vintage-runners-0\" target=\"_blank\" rel=\"noreferrer noopener\">The Vintage Runners<\/a><\/strong> per Fondazione Banca degli Occhi con 8.895 euro.<\/li>\n\n\n\n<li>1i classificati <strong><a href=\"https:\/\/www.retedeldono.it\/it\/iniziative\/progetto-rotary-distretto-2060-onlus\/anna.favero\/anna-e-christian-per-end-polio-now\" target=\"_blank\" rel=\"noreferrer noopener\">Anna e Christian<\/a><\/strong> per Club Rotary e i Club Rotaract del Distretto 2060 con 20.350 euro.<\/li>\n<\/ul>\n\n\n\n<ul class=\"wp-block-list\"><\/ul>\n\n\n\n<ul class=\"wp-block-list\"><\/ul>\n","protected":false},"excerpt":{"rendered":"<p>La VeniceMarathon 2023 \u00e8 ormai un appuntamento imperdibile e di portata internazionale per gli amanti del running e non solo. La 37esima edizione del 22 ottobre scorso, infatti, ha stupito&#8230;<\/p>\n","protected":false},"author":12,"featured_media":2843,"comment_status":"open","ping_status":"open","sticky":false,"template":"","format":"standard","meta":{"_acf_changed":false,"footnotes":""},"categories":[17],"tags":[],"class_list":{"0":"post-2841","1":"post","2":"type-post","3":"status-publish","4":"format-standard","5":"has-post-thumbnail","7":"category-fundraising"},"acf":{"homepage_rdd":false},"yoast_head":"<!-- This site is optimized with the Yoast SEO plugin v27.5 - https:\/\/yoast.com\/product\/yoast-seo-wordpress\/ -->\n<title>VeniceMarathon 2023, tutti i premiati dell\u2019edizione da record - Rete del Dono Magazine<\/title>\n<meta name=\"description\" content=\"Il Charity Program della VeniceMarathon 2023 ha raggiunto una cifra record. Ecco le 3 organizzazioni che hanno raccolto di pi\u00f9.\" \/>\n<meta name=\"robots\" content=\"index, follow, max-snippet:-1, max-image-preview:large, max-video-preview:-1\" \/>\n<link rel=\"canonical\" href=\"https:\/\/www.retedeldono.it\/magazine\/venicemarathon-2023-tutti-i-premiati-delledizione-da-record\/\" \/>\n<meta property=\"og:locale\" content=\"it_IT\" \/>\n<meta property=\"og:type\" content=\"article\" \/>\n<meta property=\"og:title\" content=\"VeniceMarathon 2023, tutti i premiati dell\u2019edizione da record\" \/>\n<meta property=\"og:description\" content=\"Il Charity Program della VeniceMarathon 2023 ha raggiunto una cifra record. Ecco le 3 organizzazioni che hanno raccolto di pi\u00f9.\" \/>\n<meta property=\"og:url\" content=\"https:\/\/www.retedeldono.it\/magazine\/venicemarathon-2023-tutti-i-premiati-delledizione-da-record\/\" \/>\n<meta property=\"og:site_name\" content=\"Rete del Dono Magazine\" \/>\n<meta property=\"article:publisher\" content=\"https:\/\/www.facebook.com\/retedeldono\/\" \/>\n<meta property=\"article:published_time\" content=\"2023-11-10T22:38:43+00:00\" \/>\n<meta property=\"article:modified_time\" content=\"2023-11-10T23:25:34+00:00\" \/>\n<meta property=\"og:image\" content=\"https:\/\/magazine.retedeldono.it\/wp-content\/uploads\/2023\/11\/image002.jpg\" \/>\n\t<meta property=\"og:image:width\" content=\"1000\" \/>\n\t<meta property=\"og:image:height\" content=\"700\" \/>\n\t<meta property=\"og:image:type\" content=\"image\/jpeg\" \/>\n<meta name=\"author\" content=\"Francesca Gervasoni\" \/>\n<meta name=\"twitter:card\" content=\"summary_large_image\" \/>\n<meta name=\"twitter:title\" content=\"VeniceMarathon 2023, tutti i premiati dell\u2019edizione da record\" \/>\n<meta name=\"twitter:description\" content=\"Il Charity Program della VeniceMarathon 2023 ha raggiunto una cifra record. Ecco le 3 organizzazioni che hanno raccolto di pi\u00f9.\" \/>\n<meta name=\"twitter:image\" content=\"https:\/\/magazine.retedeldono.it\/wp-content\/uploads\/2023\/11\/image002.jpg\" \/>\n<meta name=\"twitter:label1\" content=\"Scritto da\" \/>\n\t<meta name=\"twitter:data1\" content=\"Francesca Gervasoni\" \/>\n\t<meta name=\"twitter:label2\" content=\"Tempo di lettura stimato\" \/>\n\t<meta name=\"twitter:data2\" content=\"5 minuti\" \/>\n<script type=\"application\/ld+json\" class=\"yoast-schema-graph\">{\"@context\":\"https:\\\/\\\/schema.org\",\"@graph\":[{\"@type\":\"Article\",\"@id\":\"https:\\\/\\\/www.retedeldono.it\\\/magazine\\\/venicemarathon-2023-tutti-i-premiati-delledizione-da-record\\\/#article\",\"isPartOf\":{\"@id\":\"https:\\\/\\\/www.retedeldono.it\\\/magazine\\\/venicemarathon-2023-tutti-i-premiati-delledizione-da-record\\\/\"},\"author\":{\"name\":\"Francesca Gervasoni\",\"@id\":\"https:\\\/\\\/www.retedeldono.it\\\/magazine\\\/#\\\/schema\\\/person\\\/a35c81474fbabc7c769d83f87073545f\"},\"headline\":\"VeniceMarathon 2023, tutti i premiati dell\u2019edizione da record\",\"datePublished\":\"2023-11-10T22:38:43+00:00\",\"dateModified\":\"2023-11-10T23:25:34+00:00\",\"mainEntityOfPage\":{\"@id\":\"https:\\\/\\\/www.retedeldono.it\\\/magazine\\\/venicemarathon-2023-tutti-i-premiati-delledizione-da-record\\\/\"},\"wordCount\":778,\"commentCount\":0,\"image\":{\"@id\":\"https:\\\/\\\/www.retedeldono.it\\\/magazine\\\/venicemarathon-2023-tutti-i-premiati-delledizione-da-record\\\/#primaryimage\"},\"thumbnailUrl\":\"https:\\\/\\\/magazine.retedeldono.it\\\/wp-content\\\/uploads\\\/2023\\\/11\\\/image002.jpg\",\"articleSection\":[\"Fundraising\"],\"inLanguage\":\"it-IT\",\"potentialAction\":[{\"@type\":\"CommentAction\",\"name\":\"Comment\",\"target\":[\"https:\\\/\\\/www.retedeldono.it\\\/magazine\\\/venicemarathon-2023-tutti-i-premiati-delledizione-da-record\\\/#respond\"]}]},{\"@type\":\"WebPage\",\"@id\":\"https:\\\/\\\/www.retedeldono.it\\\/magazine\\\/venicemarathon-2023-tutti-i-premiati-delledizione-da-record\\\/\",\"url\":\"https:\\\/\\\/www.retedeldono.it\\\/magazine\\\/venicemarathon-2023-tutti-i-premiati-delledizione-da-record\\\/\",\"name\":\"VeniceMarathon 2023, tutti i premiati dell\u2019edizione da record - Rete del Dono Magazine\",\"isPartOf\":{\"@id\":\"https:\\\/\\\/www.retedeldono.it\\\/magazine\\\/#website\"},\"primaryImageOfPage\":{\"@id\":\"https:\\\/\\\/www.retedeldono.it\\\/magazine\\\/venicemarathon-2023-tutti-i-premiati-delledizione-da-record\\\/#primaryimage\"},\"image\":{\"@id\":\"https:\\\/\\\/www.retedeldono.it\\\/magazine\\\/venicemarathon-2023-tutti-i-premiati-delledizione-da-record\\\/#primaryimage\"},\"thumbnailUrl\":\"https:\\\/\\\/magazine.retedeldono.it\\\/wp-content\\\/uploads\\\/2023\\\/11\\\/image002.jpg\",\"datePublished\":\"2023-11-10T22:38:43+00:00\",\"dateModified\":\"2023-11-10T23:25:34+00:00\",\"author\":{\"@id\":\"https:\\\/\\\/www.retedeldono.it\\\/magazine\\\/#\\\/schema\\\/person\\\/a35c81474fbabc7c769d83f87073545f\"},\"description\":\"Il Charity Program della VeniceMarathon 2023 ha raggiunto una cifra record. Ecco le 3 organizzazioni che hanno raccolto di pi\u00f9.\",\"breadcrumb\":{\"@id\":\"https:\\\/\\\/www.retedeldono.it\\\/magazine\\\/venicemarathon-2023-tutti-i-premiati-delledizione-da-record\\\/#breadcrumb\"},\"inLanguage\":\"it-IT\",\"potentialAction\":[{\"@type\":\"ReadAction\",\"target\":[\"https:\\\/\\\/www.retedeldono.it\\\/magazine\\\/venicemarathon-2023-tutti-i-premiati-delledizione-da-record\\\/\"]}]},{\"@type\":\"ImageObject\",\"inLanguage\":\"it-IT\",\"@id\":\"https:\\\/\\\/www.retedeldono.it\\\/magazine\\\/venicemarathon-2023-tutti-i-premiati-delledizione-da-record\\\/#primaryimage\",\"url\":\"https:\\\/\\\/magazine.retedeldono.it\\\/wp-content\\\/uploads\\\/2023\\\/11\\\/image002.jpg\",\"contentUrl\":\"https:\\\/\\\/magazine.retedeldono.it\\\/wp-content\\\/uploads\\\/2023\\\/11\\\/image002.jpg\",\"width\":1000,\"height\":700,\"caption\":\"venicemarathon_2023\"},{\"@type\":\"BreadcrumbList\",\"@id\":\"https:\\\/\\\/www.retedeldono.it\\\/magazine\\\/venicemarathon-2023-tutti-i-premiati-delledizione-da-record\\\/#breadcrumb\",\"itemListElement\":[{\"@type\":\"ListItem\",\"position\":1,\"name\":\"Home\",\"item\":\"https:\\\/\\\/www.retedeldono.it\\\/magazine\\\/\"},{\"@type\":\"ListItem\",\"position\":2,\"name\":\"VeniceMarathon 2023, tutti i premiati dell\u2019edizione da record\"}]},{\"@type\":\"WebSite\",\"@id\":\"https:\\\/\\\/www.retedeldono.it\\\/magazine\\\/#website\",\"url\":\"https:\\\/\\\/www.retedeldono.it\\\/magazine\\\/\",\"name\":\"Rete del Dono Magazine\",\"description\":\"Rete del Dono Magazine\",\"potentialAction\":[{\"@type\":\"SearchAction\",\"target\":{\"@type\":\"EntryPoint\",\"urlTemplate\":\"https:\\\/\\\/www.retedeldono.it\\\/magazine\\\/?s={search_term_string}\"},\"query-input\":{\"@type\":\"PropertyValueSpecification\",\"valueRequired\":true,\"valueName\":\"search_term_string\"}}],\"inLanguage\":\"it-IT\"},{\"@type\":\"Person\",\"@id\":\"https:\\\/\\\/www.retedeldono.it\\\/magazine\\\/#\\\/schema\\\/person\\\/a35c81474fbabc7c769d83f87073545f\",\"name\":\"Francesca Gervasoni\",\"image\":{\"@type\":\"ImageObject\",\"inLanguage\":\"it-IT\",\"@id\":\"https:\\\/\\\/secure.gravatar.com\\\/avatar\\\/1825a523f3047a4b9194721a85cdea28f936ebf51e16a49a9e6504a59c37d892?s=96&d=mm&r=g\",\"url\":\"https:\\\/\\\/secure.gravatar.com\\\/avatar\\\/1825a523f3047a4b9194721a85cdea28f936ebf51e16a49a9e6504a59c37d892?s=96&d=mm&r=g\",\"contentUrl\":\"https:\\\/\\\/secure.gravatar.com\\\/avatar\\\/1825a523f3047a4b9194721a85cdea28f936ebf51e16a49a9e6504a59c37d892?s=96&d=mm&r=g\",\"caption\":\"Francesca Gervasoni\"},\"description\":\"Laureata in Filosofia presso Universit\u00e0 degli studi di Milano, ha un\u2019esperienza di 15 anni nel mondo delle agenzie di comunicazione per il mondo profit. Nel 2012 cambia vita e approda su Rete del Dono, dove mette in pratica quello che ha imparato nella precedente vita professionale, per aiutare ONP e aziende ad attivare campagne di raccolta fondi non profit. In Rete del Dono, ricopre il ruolo di Head of Charity Program e si occupa dei rapporti con le aziende.\",\"url\":\"https:\\\/\\\/www.retedeldono.it\\\/magazine\\\/author\\\/francesca-gervasoni\\\/\"}]}<\/script>\n<!-- \/ Yoast SEO plugin. -->","yoast_head_json":{"title":"VeniceMarathon 2023, tutti i premiati dell\u2019edizione da record - Rete del Dono Magazine","description":"Il Charity Program della VeniceMarathon 2023 ha raggiunto una cifra record. Ecco le 3 organizzazioni che hanno raccolto di pi\u00f9.","robots":{"index":"index","follow":"follow","max-snippet":"max-snippet:-1","max-image-preview":"max-image-preview:large","max-video-preview":"max-video-preview:-1"},"canonical":"https:\/\/www.retedeldono.it\/magazine\/venicemarathon-2023-tutti-i-premiati-delledizione-da-record\/","og_locale":"it_IT","og_type":"article","og_title":"VeniceMarathon 2023, tutti i premiati dell\u2019edizione da record","og_description":"Il Charity Program della VeniceMarathon 2023 ha raggiunto una cifra record. Ecco le 3 organizzazioni che hanno raccolto di pi\u00f9.","og_url":"https:\/\/www.retedeldono.it\/magazine\/venicemarathon-2023-tutti-i-premiati-delledizione-da-record\/","og_site_name":"Rete del Dono Magazine","article_publisher":"https:\/\/www.facebook.com\/retedeldono\/","article_published_time":"2023-11-10T22:38:43+00:00","article_modified_time":"2023-11-10T23:25:34+00:00","og_image":[{"width":1000,"height":700,"url":"https:\/\/magazine.retedeldono.it\/wp-content\/uploads\/2023\/11\/image002.jpg","type":"image\/jpeg"}],"author":"Francesca Gervasoni","twitter_card":"summary_large_image","twitter_title":"VeniceMarathon 2023, tutti i premiati dell\u2019edizione da record","twitter_description":"Il Charity Program della VeniceMarathon 2023 ha raggiunto una cifra record. Ecco le 3 organizzazioni che hanno raccolto di pi\u00f9.","twitter_image":"https:\/\/magazine.retedeldono.it\/wp-content\/uploads\/2023\/11\/image002.jpg","twitter_misc":{"Scritto da":"Francesca Gervasoni","Tempo di lettura stimato":"5 minuti"},"schema":{"@context":"https:\/\/schema.org","@graph":[{"@type":"Article","@id":"https:\/\/www.retedeldono.it\/magazine\/venicemarathon-2023-tutti-i-premiati-delledizione-da-record\/#article","isPartOf":{"@id":"https:\/\/www.retedeldono.it\/magazine\/venicemarathon-2023-tutti-i-premiati-delledizione-da-record\/"},"author":{"name":"Francesca Gervasoni","@id":"https:\/\/www.retedeldono.it\/magazine\/#\/schema\/person\/a35c81474fbabc7c769d83f87073545f"},"headline":"VeniceMarathon 2023, tutti i premiati dell\u2019edizione da record","datePublished":"2023-11-10T22:38:43+00:00","dateModified":"2023-11-10T23:25:34+00:00","mainEntityOfPage":{"@id":"https:\/\/www.retedeldono.it\/magazine\/venicemarathon-2023-tutti-i-premiati-delledizione-da-record\/"},"wordCount":778,"commentCount":0,"image":{"@id":"https:\/\/www.retedeldono.it\/magazine\/venicemarathon-2023-tutti-i-premiati-delledizione-da-record\/#primaryimage"},"thumbnailUrl":"https:\/\/magazine.retedeldono.it\/wp-content\/uploads\/2023\/11\/image002.jpg","articleSection":["Fundraising"],"inLanguage":"it-IT","potentialAction":[{"@type":"CommentAction","name":"Comment","target":["https:\/\/www.retedeldono.it\/magazine\/venicemarathon-2023-tutti-i-premiati-delledizione-da-record\/#respond"]}]},{"@type":"WebPage","@id":"https:\/\/www.retedeldono.it\/magazine\/venicemarathon-2023-tutti-i-premiati-delledizione-da-record\/","url":"https:\/\/www.retedeldono.it\/magazine\/venicemarathon-2023-tutti-i-premiati-delledizione-da-record\/","name":"VeniceMarathon 2023, tutti i premiati dell\u2019edizione da record - Rete del Dono Magazine","isPartOf":{"@id":"https:\/\/www.retedeldono.it\/magazine\/#website"},"primaryImageOfPage":{"@id":"https:\/\/www.retedeldono.it\/magazine\/venicemarathon-2023-tutti-i-premiati-delledizione-da-record\/#primaryimage"},"image":{"@id":"https:\/\/www.retedeldono.it\/magazine\/venicemarathon-2023-tutti-i-premiati-delledizione-da-record\/#primaryimage"},"thumbnailUrl":"https:\/\/magazine.retedeldono.it\/wp-content\/uploads\/2023\/11\/image002.jpg","datePublished":"2023-11-10T22:38:43+00:00","dateModified":"2023-11-10T23:25:34+00:00","author":{"@id":"https:\/\/www.retedeldono.it\/magazine\/#\/schema\/person\/a35c81474fbabc7c769d83f87073545f"},"description":"Il Charity Program della VeniceMarathon 2023 ha raggiunto una cifra record. Ecco le 3 organizzazioni che hanno raccolto di pi\u00f9.","breadcrumb":{"@id":"https:\/\/www.retedeldono.it\/magazine\/venicemarathon-2023-tutti-i-premiati-delledizione-da-record\/#breadcrumb"},"inLanguage":"it-IT","potentialAction":[{"@type":"ReadAction","target":["https:\/\/www.retedeldono.it\/magazine\/venicemarathon-2023-tutti-i-premiati-delledizione-da-record\/"]}]},{"@type":"ImageObject","inLanguage":"it-IT","@id":"https:\/\/www.retedeldono.it\/magazine\/venicemarathon-2023-tutti-i-premiati-delledizione-da-record\/#primaryimage","url":"https:\/\/magazine.retedeldono.it\/wp-content\/uploads\/2023\/11\/image002.jpg","contentUrl":"https:\/\/magazine.retedeldono.it\/wp-content\/uploads\/2023\/11\/image002.jpg","width":1000,"height":700,"caption":"venicemarathon_2023"},{"@type":"BreadcrumbList","@id":"https:\/\/www.retedeldono.it\/magazine\/venicemarathon-2023-tutti-i-premiati-delledizione-da-record\/#breadcrumb","itemListElement":[{"@type":"ListItem","position":1,"name":"Home","item":"https:\/\/www.retedeldono.it\/magazine\/"},{"@type":"ListItem","position":2,"name":"VeniceMarathon 2023, tutti i premiati dell\u2019edizione da record"}]},{"@type":"WebSite","@id":"https:\/\/www.retedeldono.it\/magazine\/#website","url":"https:\/\/www.retedeldono.it\/magazine\/","name":"Rete del Dono Magazine","description":"Rete del Dono Magazine","potentialAction":[{"@type":"SearchAction","target":{"@type":"EntryPoint","urlTemplate":"https:\/\/www.retedeldono.it\/magazine\/?s={search_term_string}"},"query-input":{"@type":"PropertyValueSpecification","valueRequired":true,"valueName":"search_term_string"}}],"inLanguage":"it-IT"},{"@type":"Person","@id":"https:\/\/www.retedeldono.it\/magazine\/#\/schema\/person\/a35c81474fbabc7c769d83f87073545f","name":"Francesca Gervasoni","image":{"@type":"ImageObject","inLanguage":"it-IT","@id":"https:\/\/secure.gravatar.com\/avatar\/1825a523f3047a4b9194721a85cdea28f936ebf51e16a49a9e6504a59c37d892?s=96&d=mm&r=g","url":"https:\/\/secure.gravatar.com\/avatar\/1825a523f3047a4b9194721a85cdea28f936ebf51e16a49a9e6504a59c37d892?s=96&d=mm&r=g","contentUrl":"https:\/\/secure.gravatar.com\/avatar\/1825a523f3047a4b9194721a85cdea28f936ebf51e16a49a9e6504a59c37d892?s=96&d=mm&r=g","caption":"Francesca Gervasoni"},"description":"Laureata in Filosofia presso Universit\u00e0 degli studi di Milano, ha un\u2019esperienza di 15 anni nel mondo delle agenzie di comunicazione per il mondo profit. Nel 2012 cambia vita e approda su Rete del Dono, dove mette in pratica quello che ha imparato nella precedente vita professionale, per aiutare ONP e aziende ad attivare campagne di raccolta fondi non profit. In Rete del Dono, ricopre il ruolo di Head of Charity Program e si occupa dei rapporti con le aziende.","url":"https:\/\/www.retedeldono.it\/magazine\/author\/francesca-gervasoni\/"}]}},"_links":{"self":[{"href":"https:\/\/www.retedeldono.it\/magazine\/wp-json\/wp\/v2\/posts\/2841","targetHints":{"allow":["GET"]}}],"collection":[{"href":"https:\/\/www.retedeldono.it\/magazine\/wp-json\/wp\/v2\/posts"}],"about":[{"href":"https:\/\/www.retedeldono.it\/magazine\/wp-json\/wp\/v2\/types\/post"}],"author":[{"embeddable":true,"href":"https:\/\/www.retedeldono.it\/magazine\/wp-json\/wp\/v2\/users\/12"}],"replies":[{"embeddable":true,"href":"https:\/\/www.retedeldono.it\/magazine\/wp-json\/wp\/v2\/comments?post=2841"}],"version-history":[{"count":4,"href":"https:\/\/www.retedeldono.it\/magazine\/wp-json\/wp\/v2\/posts\/2841\/revisions"}],"predecessor-version":[{"id":2855,"href":"https:\/\/www.retedeldono.it\/magazine\/wp-json\/wp\/v2\/posts\/2841\/revisions\/2855"}],"wp:featuredmedia":[{"embeddable":true,"href":"https:\/\/www.retedeldono.it\/magazine\/wp-json\/wp\/v2\/media\/2843"}],"wp:attachment":[{"href":"https:\/\/www.retedeldono.it\/magazine\/wp-json\/wp\/v2\/media?parent=2841"}],"wp:term":[{"taxonomy":"category","embeddable":true,"href":"https:\/\/www.retedeldono.it\/magazine\/wp-json\/wp\/v2\/categories?post=2841"},{"taxonomy":"post_tag","embeddable":true,"href":"https:\/\/www.retedeldono.it\/magazine\/wp-json\/wp\/v2\/tags?post=2841"}],"curies":[{"name":"wp","href":"https:\/\/api.w.org\/{rel}","templated":true}]}}