{"id":2850,"date":"2023-11-10T23:22:45","date_gmt":"2023-11-10T23:22:45","guid":{"rendered":"https:\/\/magazine.retedeldono.it\/?p=2850"},"modified":"2023-11-10T23:22:48","modified_gmt":"2023-11-10T23:22:48","slug":"piu-fundraising-piu-cultura-2023-il-fundraising-culturale-sempre-piu-strategico","status":"publish","type":"post","link":"https:\/\/www.retedeldono.it\/magazine\/piu-fundraising-piu-cultura-2023-il-fundraising-culturale-sempre-piu-strategico\/","title":{"rendered":"Pi\u00f9 Fundraising Pi\u00f9 Cultura 2023, il fundraising culturale sempre pi\u00f9 strategico"},"content":{"rendered":"\n<p>Il fundraising \u00e8 considerato sempre pi\u00f9 <strong>strategico<\/strong> all\u2019interno delle organizzazioni culturali. \u00c8 l\u2019importante segnale che emerge dalla quarta edizione di <a href=\"https:\/\/www.scuolafundraising.it\/pfpc\/\" target=\"_blank\" rel=\"noreferrer noopener\"><strong>Pi\u00f9 Fundraising Pi\u00f9 Cultura<\/strong><\/a>, evento organizzato dalla Scuola di Fundraising di Roma e co-prodotto con Patrimonio Cultura e l\u2019Associazione Fundraising Lab. Ne abbiamo parlato con <strong>Massimo Coen Cagli<\/strong>, <strong>direttore scientifico della Scuola di Fundraising di Roma.<\/strong><\/p>\n\n\n\n<h2 class=\"wp-block-heading\">Servono politiche nuove<\/h2>\n\n\n\n<p><em>\u201cMolte realt\u00e0 private e pubbliche hanno manifestato una volont\u00e0 di destinare maggiore importanza al fundraising, visto non pi\u00f9 solo come mero strumento per recuperare quei fondi che lo Stato non riesce pi\u00f9 a erogare\u201d<\/em> ci spiega. <em>\u201cLa crescita della raccolta fondi culturale, nonostante il periodo di crisi, \u00e8 segno che il nostro Paese \u00e8 pronto a sostenere la cultura\u201d<\/em>. <strong>Servono<\/strong> per\u00f2 <strong>politiche per agevolare donatori e ETS<\/strong>. <em>\u201cLe istanze sostenute anche da aziende e istituzioni non trovano ancora un\u2019adeguata risposta sul piano dei provvedimenti da parte delle istituzioni pubbliche\u201d<\/em>.<\/p>\n\n\n\n<h2 class=\"wp-block-heading\">Art Bonus e non solo<\/h2>\n\n\n\n<p>Misure che per altro non richiederebbero ingenti investimenti economici o la creazione di nuove leggi, ma produrrebbero impatti estremamente positivi sotto il profilo della sostenibilit\u00e0 della cultura. <em>\u201cPensiamo allo sviluppo positivo dell\u2019Art Bonus: oggi \u00e8 destinato esclusivamente alle istituzioni pubbliche, ma in Italia la cultura \u00e8 animata ogni giorno da decine di migliaia di organizzazioni non profit. <strong>Allargare la platea dei soggetti beneficiari<\/strong> aumenterebbe molto il suo impatto. O ancora, istituire il <strong>DonoPA<\/strong> al posto di PagoPA (non adatto alle donazioni) sarebbe a costo zero. Infine, anche la possibile reintroduzione del <strong>2&#215;1000 per la cultura<\/strong> andrebbe in questa direzione\u201d<\/em>.<\/p>\n\n\n\n<h2 class=\"wp-block-heading\">Un approccio strategico al fundraising<\/h2>\n\n\n\n<p>Le organizzazioni lo stanno capendo: di fundraising non si possono occupare solo i tecnici o chi sa applicare leggi e agevolazioni fiscali. <em>\u201cI<strong> gruppi dirigenti iniziano a farsene carico<\/strong> al pari di temi importanti come la progettazione culturale e le pubbliche relazioni. Ecco perch\u00e9, sul fronte della formazione al fundraising, deve essercene una specifica per i suoli apicali\u201d<\/em>. Dell\u2019importanza strategica del fundraising sono consapevoli soprattutto le aziende. <em>\u201cUna novit\u00e0 emersa \u00e8 che i fundraiser favoriscono il dialogo tra aziende e mondo della cultura, che esse percepiscono come importante canale di relazione con il proprio territorio\u201d<\/em>.<\/p>\n\n\n\n<h2 class=\"wp-block-heading\">La coprogettazione con le aziende<\/h2>\n\n\n\n<p>Le aziende non si avvicinano pi\u00f9 alla cultura con il ruolo di finanziatori, ma come <em>\u201csoggetti attivi che vogliono lavorare al fianco delle istituzioni\u201d<\/em>. Usando le parole di <strong>Vera Donatelli di BPER Banca<\/strong>, si abbandona il concetto di sponsorship per abbracciare quello pi\u00f9 profondo di <strong>partnership per sviluppare progetti culturali<\/strong> che rispecchino obiettivi comuni e che producano valore, benessere e welfare per la comunit\u00e0. <em>\u201cSi elimina cos\u00ec la divisione tra fondazioni, aziende e comunit\u00e0. La cultura reinserisce le aziende nel tessuto sociale di cui fanno parte, per ricostituire un\u2019unica comunit\u00e0. Non essendo benefattori esterni ma parte integrante della comunit\u00e0, il loro apporto genera benefici anche per esse stesse\u201d<\/em>.<\/p>\n\n\n\n<h2 class=\"wp-block-heading\">Il fundraising per coinvolgere le comunit\u00e0<\/h2>\n\n\n\n<p>Proprio su questo versante, i fundraiser giocano un ruolo fondamentale. <em>\u201cAnche <a href=\"https:\/\/www.icom-italia.org\/\" target=\"_blank\" rel=\"noreferrer noopener\">ICOM Italia<\/a> ha evidenziato come siano i traghettatori delle istituzioni culturali verso un diverso rapporto con la comunit\u00e0. Il <strong>cittadino non \u00e8 pi\u00f9 solo un fruitore di cultura o donatore, ma partecipa<\/strong> alla governance delle organizzazioni, trattando davvero la cultura come bene comune\u201d<\/em>. Anche per <strong>Gregorio Arena, fondatore di Labsus-Laboratorio sulla sussidiariet\u00e0<\/strong>, il dono \u00e8 un\u2019opportunit\u00e0 per creare una connessione sentimentale con la propria comunit\u00e0. Il lavoro del fundraiser non viene dunque dopo l\u2019ideazione di un progetto per trovare finanziamenti, ma interviene nel processo di creazione della proposta. <em>\u201cPer questo ha un ruolo sociale importante, quello di <strong>creare legami<\/strong> per accrescere il capitale sociale dei territori\u201d<\/em>.<\/p>\n\n\n\n<h2 class=\"wp-block-heading\">Formazione e capacity building<\/h2>\n\n\n\n<p>Se, insomma, sei un\u2019organizzazione culturale e non hai al tuo interno dei fundraiser, non stai facendo bene il tuo lavoro di cura e sviluppo dei beni culturali. <em>\u201cAnche <a href=\"https:\/\/www.fondazionescuolapatrimonio.it\/\" target=\"_blank\" rel=\"noreferrer noopener\">Fondazione Scuola dei beni e delle attivit\u00e0 culturali<\/a>, che ha in capo formazione degli operatori nel mondo della cultura, ha annunciato che investir\u00e0 di pi\u00f9 nel fundraising\u201d<\/em>. Non basta per\u00f2 formare nuovi operatori, serve anche un percorso di <strong>Capacity building per le organizzazioni<\/strong> su questa sorta di transizione economica. <em>\u201cIl modello che non si basa solo sui fondi pubblici, ma guarda a una pluralit\u00e0 di fondi anche di privati. Le organizzazioni di rappresentanza del mondo culturale dovrebbero assumersi maggiori responsabilit\u00e0 in termini di rafforzamento delle competenze dei propri associati. Il percorso positivo per\u00f2 \u00e8 iniziato\u201d<\/em>.<\/p>\n\n\n\n<h2 class=\"wp-block-heading\">Il digital fundraising<\/h2>\n\n\n\n<p>Sul fronte della transizione digitale delle organizzazioni, il Crowdfunding \u00e8 stato l\u2019apripista. <em>\u201cAprendo al mondo del dono digitale, ha accelerato un processo ancora in corso e che vede il Metaverso e la digitalizzazione di patrimonio culturale come un orizzonte promettente. E questa \u00e8 la strada da percorrere non solo per le grandi istituzioni, ma soprattutto per le medie e piccole: esempio lampante la <strong>campagna di crowdfunding realizzata su Rete del Dono \u2018Una Montagna di Libri\u2019<\/strong>, che ha finanziato una festa internazionale della letteratura sulle Dolomiti\u201d<\/em>. L\u2019attivazione di una community di donatori ha evidenziato come il Crowdfunding sia anche in grado di intrecciare persone e reti sociali per un progetto culturale comune che altrimenti non sarebbe finanziabile.<\/p>\n","protected":false},"excerpt":{"rendered":"<p>Il fundraising \u00e8 considerato sempre pi\u00f9 strategico all\u2019interno delle organizzazioni culturali. \u00c8 l\u2019importante segnale che emerge dalla quarta edizione di Pi\u00f9 Fundraising Pi\u00f9 Cultura, evento organizzato dalla Scuola di Fundraising&#8230;<\/p>\n","protected":false},"author":6,"featured_media":2853,"comment_status":"open","ping_status":"open","sticky":false,"template":"","format":"standard","meta":{"_acf_changed":false,"footnotes":""},"categories":[17],"tags":[],"class_list":{"0":"post-2850","1":"post","2":"type-post","3":"status-publish","4":"format-standard","5":"has-post-thumbnail","7":"category-fundraising"},"acf":{"homepage_rdd":false},"yoast_head":"<!-- This site is optimized with the Yoast SEO plugin v27.5 - https:\/\/yoast.com\/product\/yoast-seo-wordpress\/ -->\n<title>Pi\u00f9 Fundraising Pi\u00f9 Cultura, il fundraising culturale ora \u00e8 strategico<\/title>\n<meta name=\"description\" content=\"Il fundraising \u00e8 sempre pi\u00f9 strategico nelle organizzazioni culturali. Intervista a Massimo Coen Cagli su Pi\u00f9 Fundraising Pi\u00f9 Cultura 2023.\" \/>\n<meta name=\"robots\" content=\"index, follow, max-snippet:-1, max-image-preview:large, max-video-preview:-1\" \/>\n<link rel=\"canonical\" href=\"https:\/\/www.retedeldono.it\/magazine\/piu-fundraising-piu-cultura-2023-il-fundraising-culturale-sempre-piu-strategico\/\" \/>\n<meta property=\"og:locale\" content=\"it_IT\" \/>\n<meta property=\"og:type\" content=\"article\" \/>\n<meta property=\"og:title\" content=\"Pi\u00f9 Fundraising Pi\u00f9 Cultura 2023, il fundraising culturale sempre pi\u00f9 strategico\" \/>\n<meta property=\"og:description\" content=\"Il fundraising \u00e8 sempre pi\u00f9 strategico nelle organizzazioni culturali. Intervista a Massimo Coen Cagli su Pi\u00f9 Fundraising Pi\u00f9 Cultura 2023.\" \/>\n<meta property=\"og:url\" content=\"https:\/\/www.retedeldono.it\/magazine\/piu-fundraising-piu-cultura-2023-il-fundraising-culturale-sempre-piu-strategico\/\" \/>\n<meta property=\"og:site_name\" content=\"Rete del Dono Magazine\" \/>\n<meta property=\"article:publisher\" content=\"https:\/\/www.facebook.com\/retedeldono\/\" \/>\n<meta property=\"article:published_time\" content=\"2023-11-10T23:22:45+00:00\" \/>\n<meta property=\"article:modified_time\" content=\"2023-11-10T23:22:48+00:00\" \/>\n<meta property=\"og:image\" content=\"https:\/\/magazine.retedeldono.it\/wp-content\/uploads\/2023\/11\/Fundraising-2022-68.jpg\" \/>\n\t<meta property=\"og:image:width\" content=\"1000\" \/>\n\t<meta property=\"og:image:height\" content=\"700\" \/>\n\t<meta property=\"og:image:type\" content=\"image\/jpeg\" \/>\n<meta name=\"author\" content=\"Valeria Vitali\" \/>\n<meta name=\"twitter:card\" content=\"summary_large_image\" \/>\n<meta name=\"twitter:title\" content=\"Pi\u00f9 Fundraising Pi\u00f9 Cultura 2023, il fundraising culturale sempre pi\u00f9 strategico\" \/>\n<meta name=\"twitter:description\" content=\"Il fundraising \u00e8 sempre pi\u00f9 strategico nelle organizzazioni culturali. Intervista a Massimo Coen Cagli su Pi\u00f9 Fundraising Pi\u00f9 Cultura 2023.\" \/>\n<meta name=\"twitter:image\" content=\"https:\/\/magazine.retedeldono.it\/wp-content\/uploads\/2023\/11\/Fundraising-2022-68.jpg\" \/>\n<meta name=\"twitter:label1\" content=\"Scritto da\" \/>\n\t<meta name=\"twitter:data1\" content=\"Valeria Vitali\" \/>\n\t<meta name=\"twitter:label2\" content=\"Tempo di lettura stimato\" \/>\n\t<meta name=\"twitter:data2\" content=\"5 minuti\" \/>\n<script type=\"application\/ld+json\" class=\"yoast-schema-graph\">{\"@context\":\"https:\\\/\\\/schema.org\",\"@graph\":[{\"@type\":\"Article\",\"@id\":\"https:\\\/\\\/www.retedeldono.it\\\/magazine\\\/piu-fundraising-piu-cultura-2023-il-fundraising-culturale-sempre-piu-strategico\\\/#article\",\"isPartOf\":{\"@id\":\"https:\\\/\\\/www.retedeldono.it\\\/magazine\\\/piu-fundraising-piu-cultura-2023-il-fundraising-culturale-sempre-piu-strategico\\\/\"},\"author\":{\"name\":\"Valeria Vitali\",\"@id\":\"https:\\\/\\\/www.retedeldono.it\\\/magazine\\\/#\\\/schema\\\/person\\\/c6beeb7b05f412d2823480967d76ad54\"},\"headline\":\"Pi\u00f9 Fundraising Pi\u00f9 Cultura 2023, il fundraising culturale sempre pi\u00f9 strategico\",\"datePublished\":\"2023-11-10T23:22:45+00:00\",\"dateModified\":\"2023-11-10T23:22:48+00:00\",\"mainEntityOfPage\":{\"@id\":\"https:\\\/\\\/www.retedeldono.it\\\/magazine\\\/piu-fundraising-piu-cultura-2023-il-fundraising-culturale-sempre-piu-strategico\\\/\"},\"wordCount\":844,\"commentCount\":0,\"image\":{\"@id\":\"https:\\\/\\\/www.retedeldono.it\\\/magazine\\\/piu-fundraising-piu-cultura-2023-il-fundraising-culturale-sempre-piu-strategico\\\/#primaryimage\"},\"thumbnailUrl\":\"https:\\\/\\\/magazine.retedeldono.it\\\/wp-content\\\/uploads\\\/2023\\\/11\\\/Fundraising-2022-68.jpg\",\"articleSection\":[\"Fundraising\"],\"inLanguage\":\"it-IT\",\"potentialAction\":[{\"@type\":\"CommentAction\",\"name\":\"Comment\",\"target\":[\"https:\\\/\\\/www.retedeldono.it\\\/magazine\\\/piu-fundraising-piu-cultura-2023-il-fundraising-culturale-sempre-piu-strategico\\\/#respond\"]}]},{\"@type\":\"WebPage\",\"@id\":\"https:\\\/\\\/www.retedeldono.it\\\/magazine\\\/piu-fundraising-piu-cultura-2023-il-fundraising-culturale-sempre-piu-strategico\\\/\",\"url\":\"https:\\\/\\\/www.retedeldono.it\\\/magazine\\\/piu-fundraising-piu-cultura-2023-il-fundraising-culturale-sempre-piu-strategico\\\/\",\"name\":\"Pi\u00f9 Fundraising Pi\u00f9 Cultura, il fundraising culturale ora \u00e8 strategico\",\"isPartOf\":{\"@id\":\"https:\\\/\\\/www.retedeldono.it\\\/magazine\\\/#website\"},\"primaryImageOfPage\":{\"@id\":\"https:\\\/\\\/www.retedeldono.it\\\/magazine\\\/piu-fundraising-piu-cultura-2023-il-fundraising-culturale-sempre-piu-strategico\\\/#primaryimage\"},\"image\":{\"@id\":\"https:\\\/\\\/www.retedeldono.it\\\/magazine\\\/piu-fundraising-piu-cultura-2023-il-fundraising-culturale-sempre-piu-strategico\\\/#primaryimage\"},\"thumbnailUrl\":\"https:\\\/\\\/magazine.retedeldono.it\\\/wp-content\\\/uploads\\\/2023\\\/11\\\/Fundraising-2022-68.jpg\",\"datePublished\":\"2023-11-10T23:22:45+00:00\",\"dateModified\":\"2023-11-10T23:22:48+00:00\",\"author\":{\"@id\":\"https:\\\/\\\/www.retedeldono.it\\\/magazine\\\/#\\\/schema\\\/person\\\/c6beeb7b05f412d2823480967d76ad54\"},\"description\":\"Il fundraising \u00e8 sempre pi\u00f9 strategico nelle organizzazioni culturali. Intervista a Massimo Coen Cagli su Pi\u00f9 Fundraising Pi\u00f9 Cultura 2023.\",\"breadcrumb\":{\"@id\":\"https:\\\/\\\/www.retedeldono.it\\\/magazine\\\/piu-fundraising-piu-cultura-2023-il-fundraising-culturale-sempre-piu-strategico\\\/#breadcrumb\"},\"inLanguage\":\"it-IT\",\"potentialAction\":[{\"@type\":\"ReadAction\",\"target\":[\"https:\\\/\\\/www.retedeldono.it\\\/magazine\\\/piu-fundraising-piu-cultura-2023-il-fundraising-culturale-sempre-piu-strategico\\\/\"]}]},{\"@type\":\"ImageObject\",\"inLanguage\":\"it-IT\",\"@id\":\"https:\\\/\\\/www.retedeldono.it\\\/magazine\\\/piu-fundraising-piu-cultura-2023-il-fundraising-culturale-sempre-piu-strategico\\\/#primaryimage\",\"url\":\"https:\\\/\\\/magazine.retedeldono.it\\\/wp-content\\\/uploads\\\/2023\\\/11\\\/Fundraising-2022-68.jpg\",\"contentUrl\":\"https:\\\/\\\/magazine.retedeldono.it\\\/wp-content\\\/uploads\\\/2023\\\/11\\\/Fundraising-2022-68.jpg\",\"width\":1000,\"height\":700,\"caption\":\"Pi\u00f9 Fundraising Pi\u00f9 Cultura_2023\"},{\"@type\":\"BreadcrumbList\",\"@id\":\"https:\\\/\\\/www.retedeldono.it\\\/magazine\\\/piu-fundraising-piu-cultura-2023-il-fundraising-culturale-sempre-piu-strategico\\\/#breadcrumb\",\"itemListElement\":[{\"@type\":\"ListItem\",\"position\":1,\"name\":\"Home\",\"item\":\"https:\\\/\\\/www.retedeldono.it\\\/magazine\\\/\"},{\"@type\":\"ListItem\",\"position\":2,\"name\":\"Pi\u00f9 Fundraising Pi\u00f9 Cultura 2023, il fundraising culturale sempre pi\u00f9 strategico\"}]},{\"@type\":\"WebSite\",\"@id\":\"https:\\\/\\\/www.retedeldono.it\\\/magazine\\\/#website\",\"url\":\"https:\\\/\\\/www.retedeldono.it\\\/magazine\\\/\",\"name\":\"Rete del Dono Magazine\",\"description\":\"Rete del Dono Magazine\",\"potentialAction\":[{\"@type\":\"SearchAction\",\"target\":{\"@type\":\"EntryPoint\",\"urlTemplate\":\"https:\\\/\\\/www.retedeldono.it\\\/magazine\\\/?s={search_term_string}\"},\"query-input\":{\"@type\":\"PropertyValueSpecification\",\"valueRequired\":true,\"valueName\":\"search_term_string\"}}],\"inLanguage\":\"it-IT\"},{\"@type\":\"Person\",\"@id\":\"https:\\\/\\\/www.retedeldono.it\\\/magazine\\\/#\\\/schema\\\/person\\\/c6beeb7b05f412d2823480967d76ad54\",\"name\":\"Valeria Vitali\",\"image\":{\"@type\":\"ImageObject\",\"inLanguage\":\"it-IT\",\"@id\":\"https:\\\/\\\/secure.gravatar.com\\\/avatar\\\/ed06510965ea97eb2f14540fc0327ce5bf65b10d085192ae3b38003a07ff151a?s=96&d=mm&r=g\",\"url\":\"https:\\\/\\\/secure.gravatar.com\\\/avatar\\\/ed06510965ea97eb2f14540fc0327ce5bf65b10d085192ae3b38003a07ff151a?s=96&d=mm&r=g\",\"contentUrl\":\"https:\\\/\\\/secure.gravatar.com\\\/avatar\\\/ed06510965ea97eb2f14540fc0327ce5bf65b10d085192ae3b38003a07ff151a?s=96&d=mm&r=g\",\"caption\":\"Valeria Vitali\"},\"description\":\"Dopo una laurea in Scienze Politiche presso Universit\u00e0 degli studi di Pavia e un Master in Cooperazione e Sviluppo a Barcellona, ha iniziato il suo percorso professionale in Italia, occupandosi di comunicazione, per poi allargare i suoi orizzonti all\u2019estero. \u00c8 proprio qui che nasce l\u2019idea di Rete del Dono, l\u2019idea di diffondere in Italia una rivoluzione culturale che avvicini le persone al dono, inteso come gesto di impegno civile. L\u2019innovazione digitale ha fatto la sua parte, facilitando e dando maggior concretezza a questo progetto costruito insieme ad Anna Siccardi.\",\"url\":\"https:\\\/\\\/www.retedeldono.it\\\/magazine\\\/author\\\/valeria-vitali\\\/\"}]}<\/script>\n<!-- \/ Yoast SEO plugin. -->","yoast_head_json":{"title":"Pi\u00f9 Fundraising Pi\u00f9 Cultura, il fundraising culturale ora \u00e8 strategico","description":"Il fundraising \u00e8 sempre pi\u00f9 strategico nelle organizzazioni culturali. Intervista a Massimo Coen Cagli su Pi\u00f9 Fundraising Pi\u00f9 Cultura 2023.","robots":{"index":"index","follow":"follow","max-snippet":"max-snippet:-1","max-image-preview":"max-image-preview:large","max-video-preview":"max-video-preview:-1"},"canonical":"https:\/\/www.retedeldono.it\/magazine\/piu-fundraising-piu-cultura-2023-il-fundraising-culturale-sempre-piu-strategico\/","og_locale":"it_IT","og_type":"article","og_title":"Pi\u00f9 Fundraising Pi\u00f9 Cultura 2023, il fundraising culturale sempre pi\u00f9 strategico","og_description":"Il fundraising \u00e8 sempre pi\u00f9 strategico nelle organizzazioni culturali. Intervista a Massimo Coen Cagli su Pi\u00f9 Fundraising Pi\u00f9 Cultura 2023.","og_url":"https:\/\/www.retedeldono.it\/magazine\/piu-fundraising-piu-cultura-2023-il-fundraising-culturale-sempre-piu-strategico\/","og_site_name":"Rete del Dono Magazine","article_publisher":"https:\/\/www.facebook.com\/retedeldono\/","article_published_time":"2023-11-10T23:22:45+00:00","article_modified_time":"2023-11-10T23:22:48+00:00","og_image":[{"width":1000,"height":700,"url":"https:\/\/magazine.retedeldono.it\/wp-content\/uploads\/2023\/11\/Fundraising-2022-68.jpg","type":"image\/jpeg"}],"author":"Valeria Vitali","twitter_card":"summary_large_image","twitter_title":"Pi\u00f9 Fundraising Pi\u00f9 Cultura 2023, il fundraising culturale sempre pi\u00f9 strategico","twitter_description":"Il fundraising \u00e8 sempre pi\u00f9 strategico nelle organizzazioni culturali. Intervista a Massimo Coen Cagli su Pi\u00f9 Fundraising Pi\u00f9 Cultura 2023.","twitter_image":"https:\/\/magazine.retedeldono.it\/wp-content\/uploads\/2023\/11\/Fundraising-2022-68.jpg","twitter_misc":{"Scritto da":"Valeria Vitali","Tempo di lettura stimato":"5 minuti"},"schema":{"@context":"https:\/\/schema.org","@graph":[{"@type":"Article","@id":"https:\/\/www.retedeldono.it\/magazine\/piu-fundraising-piu-cultura-2023-il-fundraising-culturale-sempre-piu-strategico\/#article","isPartOf":{"@id":"https:\/\/www.retedeldono.it\/magazine\/piu-fundraising-piu-cultura-2023-il-fundraising-culturale-sempre-piu-strategico\/"},"author":{"name":"Valeria Vitali","@id":"https:\/\/www.retedeldono.it\/magazine\/#\/schema\/person\/c6beeb7b05f412d2823480967d76ad54"},"headline":"Pi\u00f9 Fundraising Pi\u00f9 Cultura 2023, il fundraising culturale sempre pi\u00f9 strategico","datePublished":"2023-11-10T23:22:45+00:00","dateModified":"2023-11-10T23:22:48+00:00","mainEntityOfPage":{"@id":"https:\/\/www.retedeldono.it\/magazine\/piu-fundraising-piu-cultura-2023-il-fundraising-culturale-sempre-piu-strategico\/"},"wordCount":844,"commentCount":0,"image":{"@id":"https:\/\/www.retedeldono.it\/magazine\/piu-fundraising-piu-cultura-2023-il-fundraising-culturale-sempre-piu-strategico\/#primaryimage"},"thumbnailUrl":"https:\/\/magazine.retedeldono.it\/wp-content\/uploads\/2023\/11\/Fundraising-2022-68.jpg","articleSection":["Fundraising"],"inLanguage":"it-IT","potentialAction":[{"@type":"CommentAction","name":"Comment","target":["https:\/\/www.retedeldono.it\/magazine\/piu-fundraising-piu-cultura-2023-il-fundraising-culturale-sempre-piu-strategico\/#respond"]}]},{"@type":"WebPage","@id":"https:\/\/www.retedeldono.it\/magazine\/piu-fundraising-piu-cultura-2023-il-fundraising-culturale-sempre-piu-strategico\/","url":"https:\/\/www.retedeldono.it\/magazine\/piu-fundraising-piu-cultura-2023-il-fundraising-culturale-sempre-piu-strategico\/","name":"Pi\u00f9 Fundraising Pi\u00f9 Cultura, il fundraising culturale ora \u00e8 strategico","isPartOf":{"@id":"https:\/\/www.retedeldono.it\/magazine\/#website"},"primaryImageOfPage":{"@id":"https:\/\/www.retedeldono.it\/magazine\/piu-fundraising-piu-cultura-2023-il-fundraising-culturale-sempre-piu-strategico\/#primaryimage"},"image":{"@id":"https:\/\/www.retedeldono.it\/magazine\/piu-fundraising-piu-cultura-2023-il-fundraising-culturale-sempre-piu-strategico\/#primaryimage"},"thumbnailUrl":"https:\/\/magazine.retedeldono.it\/wp-content\/uploads\/2023\/11\/Fundraising-2022-68.jpg","datePublished":"2023-11-10T23:22:45+00:00","dateModified":"2023-11-10T23:22:48+00:00","author":{"@id":"https:\/\/www.retedeldono.it\/magazine\/#\/schema\/person\/c6beeb7b05f412d2823480967d76ad54"},"description":"Il fundraising \u00e8 sempre pi\u00f9 strategico nelle organizzazioni culturali. Intervista a Massimo Coen Cagli su Pi\u00f9 Fundraising Pi\u00f9 Cultura 2023.","breadcrumb":{"@id":"https:\/\/www.retedeldono.it\/magazine\/piu-fundraising-piu-cultura-2023-il-fundraising-culturale-sempre-piu-strategico\/#breadcrumb"},"inLanguage":"it-IT","potentialAction":[{"@type":"ReadAction","target":["https:\/\/www.retedeldono.it\/magazine\/piu-fundraising-piu-cultura-2023-il-fundraising-culturale-sempre-piu-strategico\/"]}]},{"@type":"ImageObject","inLanguage":"it-IT","@id":"https:\/\/www.retedeldono.it\/magazine\/piu-fundraising-piu-cultura-2023-il-fundraising-culturale-sempre-piu-strategico\/#primaryimage","url":"https:\/\/magazine.retedeldono.it\/wp-content\/uploads\/2023\/11\/Fundraising-2022-68.jpg","contentUrl":"https:\/\/magazine.retedeldono.it\/wp-content\/uploads\/2023\/11\/Fundraising-2022-68.jpg","width":1000,"height":700,"caption":"Pi\u00f9 Fundraising Pi\u00f9 Cultura_2023"},{"@type":"BreadcrumbList","@id":"https:\/\/www.retedeldono.it\/magazine\/piu-fundraising-piu-cultura-2023-il-fundraising-culturale-sempre-piu-strategico\/#breadcrumb","itemListElement":[{"@type":"ListItem","position":1,"name":"Home","item":"https:\/\/www.retedeldono.it\/magazine\/"},{"@type":"ListItem","position":2,"name":"Pi\u00f9 Fundraising Pi\u00f9 Cultura 2023, il fundraising culturale sempre pi\u00f9 strategico"}]},{"@type":"WebSite","@id":"https:\/\/www.retedeldono.it\/magazine\/#website","url":"https:\/\/www.retedeldono.it\/magazine\/","name":"Rete del Dono Magazine","description":"Rete del Dono Magazine","potentialAction":[{"@type":"SearchAction","target":{"@type":"EntryPoint","urlTemplate":"https:\/\/www.retedeldono.it\/magazine\/?s={search_term_string}"},"query-input":{"@type":"PropertyValueSpecification","valueRequired":true,"valueName":"search_term_string"}}],"inLanguage":"it-IT"},{"@type":"Person","@id":"https:\/\/www.retedeldono.it\/magazine\/#\/schema\/person\/c6beeb7b05f412d2823480967d76ad54","name":"Valeria Vitali","image":{"@type":"ImageObject","inLanguage":"it-IT","@id":"https:\/\/secure.gravatar.com\/avatar\/ed06510965ea97eb2f14540fc0327ce5bf65b10d085192ae3b38003a07ff151a?s=96&d=mm&r=g","url":"https:\/\/secure.gravatar.com\/avatar\/ed06510965ea97eb2f14540fc0327ce5bf65b10d085192ae3b38003a07ff151a?s=96&d=mm&r=g","contentUrl":"https:\/\/secure.gravatar.com\/avatar\/ed06510965ea97eb2f14540fc0327ce5bf65b10d085192ae3b38003a07ff151a?s=96&d=mm&r=g","caption":"Valeria Vitali"},"description":"Dopo una laurea in Scienze Politiche presso Universit\u00e0 degli studi di Pavia e un Master in Cooperazione e Sviluppo a Barcellona, ha iniziato il suo percorso professionale in Italia, occupandosi di comunicazione, per poi allargare i suoi orizzonti all\u2019estero. \u00c8 proprio qui che nasce l\u2019idea di Rete del Dono, l\u2019idea di diffondere in Italia una rivoluzione culturale che avvicini le persone al dono, inteso come gesto di impegno civile. L\u2019innovazione digitale ha fatto la sua parte, facilitando e dando maggior concretezza a questo progetto costruito insieme ad Anna Siccardi.","url":"https:\/\/www.retedeldono.it\/magazine\/author\/valeria-vitali\/"}]}},"_links":{"self":[{"href":"https:\/\/www.retedeldono.it\/magazine\/wp-json\/wp\/v2\/posts\/2850","targetHints":{"allow":["GET"]}}],"collection":[{"href":"https:\/\/www.retedeldono.it\/magazine\/wp-json\/wp\/v2\/posts"}],"about":[{"href":"https:\/\/www.retedeldono.it\/magazine\/wp-json\/wp\/v2\/types\/post"}],"author":[{"embeddable":true,"href":"https:\/\/www.retedeldono.it\/magazine\/wp-json\/wp\/v2\/users\/6"}],"replies":[{"embeddable":true,"href":"https:\/\/www.retedeldono.it\/magazine\/wp-json\/wp\/v2\/comments?post=2850"}],"version-history":[{"count":1,"href":"https:\/\/www.retedeldono.it\/magazine\/wp-json\/wp\/v2\/posts\/2850\/revisions"}],"predecessor-version":[{"id":2851,"href":"https:\/\/www.retedeldono.it\/magazine\/wp-json\/wp\/v2\/posts\/2850\/revisions\/2851"}],"wp:featuredmedia":[{"embeddable":true,"href":"https:\/\/www.retedeldono.it\/magazine\/wp-json\/wp\/v2\/media\/2853"}],"wp:attachment":[{"href":"https:\/\/www.retedeldono.it\/magazine\/wp-json\/wp\/v2\/media?parent=2850"}],"wp:term":[{"taxonomy":"category","embeddable":true,"href":"https:\/\/www.retedeldono.it\/magazine\/wp-json\/wp\/v2\/categories?post=2850"},{"taxonomy":"post_tag","embeddable":true,"href":"https:\/\/www.retedeldono.it\/magazine\/wp-json\/wp\/v2\/tags?post=2850"}],"curies":[{"name":"wp","href":"https:\/\/api.w.org\/{rel}","templated":true}]}}