{"id":2856,"date":"2023-11-16T08:00:00","date_gmt":"2023-11-16T08:00:00","guid":{"rendered":"https:\/\/magazine.retedeldono.it\/?p=2856"},"modified":"2023-11-27T11:50:34","modified_gmt":"2023-11-27T11:50:34","slug":"zuppa-della-bonta-il-digitale-scende-in-piazza","status":"publish","type":"post","link":"https:\/\/www.retedeldono.it\/magazine\/zuppa-della-bonta-il-digitale-scende-in-piazza\/","title":{"rendered":"Zuppa della Bont\u00e0, il digitale scende in piazza"},"content":{"rendered":"\r\n<p>Da dopo la pandemia, tante iniziative che avevano scoperto il digitale non sono pi\u00f9 tornate indietro. Sono nate cos\u00ec campagne che, una volta tornate anche per strada, sanno ibridare alla perfezione online e offline per sfruttare al massimo i punti di forza di entrambi i canali. \u00c8 il caso di <a href=\"https:\/\/www.retedeldono.it\/it\/la-zuppa-della-bonta-2023\" target=\"_blank\" rel=\"noreferrer noopener\"><strong>Zuppa della Bont\u00e0<\/strong><\/a> di <strong>Progetto Arca <\/strong>che in questa nona edizione ha raddoppiato il suo primo obiettivo e ora \u00e8 vicina a quota 30.000 euro.<\/p>\r\n\r\n\r\n\r\n<h2 class=\"wp-block-heading\">Zuppa della Bont\u00e0 nelle piazze<\/h2>\r\n\r\n\r\n\r\n<p>Un euro a zuppa per garantire migliaia di pasti caldi ai senzatetto nei duri mesi invernali. \u00c8 l\u2019obiettivo che si pone questa campagna ormai tradizionale, scesa in piazza il <strong>27 e 28 ottobre scorsi<\/strong>. \u201cQuest\u2019anno siamo riusciti a tornare presenti in tutte le piazze che coprivamo anche prima del Covid\u201d spiega <strong>Martina Cito, Responsabile Fundraising<\/strong>. \u201cAbbiamo mobilitato anche le nostre unit\u00e0 di Cucina Mobile, che cos\u00ec a lato degli stand hanno potuto fare una dimostrazione di come operano ogni sera. Nel futuro vorremmo coinvolgerle in un Cooking Show che funga da evento di lancio\u201d.<\/p>\r\n\r\n\r\n<div class=\"wp-block-image\">\r\n<figure class=\"aligncenter size-large\"><img loading=\"lazy\" decoding=\"async\" width=\"1024\" height=\"683\" class=\"wp-image-2860\" src=\"https:\/\/magazine.retedeldono.it\/wp-content\/uploads\/2023\/11\/Zuppa2023Sabato24-1024x683.jpg\" alt=\"zuppa-della-bont\u00e0-digitale\" srcset=\"https:\/\/magazine.retedeldono.it\/wp-content\/uploads\/2023\/11\/Zuppa2023Sabato24-1024x683.jpg 1024w, https:\/\/magazine.retedeldono.it\/wp-content\/uploads\/2023\/11\/Zuppa2023Sabato24-300x200.jpg 300w, https:\/\/magazine.retedeldono.it\/wp-content\/uploads\/2023\/11\/Zuppa2023Sabato24-768x512.jpg 768w, https:\/\/magazine.retedeldono.it\/wp-content\/uploads\/2023\/11\/Zuppa2023Sabato24-1536x1024.jpg 1536w, https:\/\/magazine.retedeldono.it\/wp-content\/uploads\/2023\/11\/Zuppa2023Sabato24-2048x1365.jpg 2048w, https:\/\/magazine.retedeldono.it\/wp-content\/uploads\/2023\/11\/Zuppa2023Sabato24-900x600.jpg 900w\" sizes=\"auto, (max-width: 1024px) 100vw, 1024px\" \/><\/figure>\r\n<\/div>\r\n\r\n\r\n<h2 class=\"wp-block-heading\">Zuppa della Bont\u00e0 in digitale<\/h2>\r\n\r\n\r\n\r\n<p>Ancor prima di allestire i banchetti, per\u00f2, la raccolta aveva gi\u00e0 superato i 20.000 euro. Merito del Personal fundraising, che da 2 anni affianca lo sforzo dei volontari attivi nei due giorni dell\u2019evento. \u201cSul fronte digital, siamo partiti ancora prima dell\u2019anno scorso: il 4 ottobre, in concomitanza con la Giornata del Dono e il compleanno del nostro Presidente. Non tutti i nostri sostenitori, infatti, sentono nelle proprie corde la presenza in piazza o possono garantire un turno. Cos\u00ec, attivare parenti e conoscenti tramite una raccolta fondi su Rete del Dono diventa un\u2019occasione per contribuire ugualmente\u201d.\u00a0<\/p>\r\n\r\n\r\n<div class=\"wp-block-image\">\r\n<figure class=\"aligncenter size-large\"><img loading=\"lazy\" decoding=\"async\" width=\"1024\" height=\"683\" class=\"wp-image-2861\" src=\"https:\/\/magazine.retedeldono.it\/wp-content\/uploads\/2023\/11\/Zuppa2023Sabato40-1024x683.jpg\" alt=\"zuppa-della-bont\u00e0-digitale\" srcset=\"https:\/\/magazine.retedeldono.it\/wp-content\/uploads\/2023\/11\/Zuppa2023Sabato40-1024x683.jpg 1024w, https:\/\/magazine.retedeldono.it\/wp-content\/uploads\/2023\/11\/Zuppa2023Sabato40-300x200.jpg 300w, https:\/\/magazine.retedeldono.it\/wp-content\/uploads\/2023\/11\/Zuppa2023Sabato40-768x512.jpg 768w, https:\/\/magazine.retedeldono.it\/wp-content\/uploads\/2023\/11\/Zuppa2023Sabato40-1536x1024.jpg 1536w, https:\/\/magazine.retedeldono.it\/wp-content\/uploads\/2023\/11\/Zuppa2023Sabato40-2048x1365.jpg 2048w, https:\/\/magazine.retedeldono.it\/wp-content\/uploads\/2023\/11\/Zuppa2023Sabato40-900x600.jpg 900w\" sizes=\"auto, (max-width: 1024px) 100vw, 1024px\" \/><\/figure>\r\n<\/div>\r\n\r\n\r\n<h2 class=\"wp-block-heading\">Sinergia vincente<\/h2>\r\n\r\n\r\n\r\n<p>Molti, per\u00f2, si attivano sul doppio fronte. \u201cAnno dopo anno notiamo che chi si \u00e8 impegnato inizialmente solo sul digitale ha poi voglia di andare anche in piazza. Per noi \u00e8 il massimo, perch\u00e9 entriamo in contatto diretto con chi si era avvicinato tramite l\u2019online. E dopo i due giorni di banchetti, aumentano anche le donazioni su Rete del Dono magari da parte di chi non \u00e8 riuscito a venire a trovarci allo stand\u201d. Per connettere digitale e offline, l\u2019associazione fornisce ai Personal fundraiser lo stesso sacchetto di zuppa che viene regalato ai donatori anche presso i banchetti.<\/p>\r\n\r\n\r\n\r\n<h2 class=\"wp-block-heading\">Oltre il reward istituzionale<\/h2>\r\n\r\n\r\n\r\n<p>A partire dal reward istituzionale, ci sono Personal fundraiser che ci mettono del loro. \u201cCome una nostra sostenitrice, che ogni settimana pubblica sulla sua pagina di donazione una ricetta a base della nostra zuppa. C\u2019\u00e8 anche chi aggiunge un regalo personalizzato, come un racconto\u201d. E se i veterani vanno con il pilota automatico, \u00e8 fondamentale la cura dei nuovi. \u201cDopo una formazione iniziale, li seguiamo con messaggi per ricordare loro le azioni che possono intraprendere. In questa edizione abbiamo aggiunto anche un Q&amp;A a met\u00e0 campagna\u201d.<\/p>\r\n\r\n\r\n<div class=\"wp-block-image\">\r\n<figure class=\"aligncenter size-large\"><img loading=\"lazy\" decoding=\"async\" width=\"1024\" height=\"683\" class=\"wp-image-2863\" src=\"https:\/\/magazine.retedeldono.it\/wp-content\/uploads\/2023\/11\/Zuppa2023Sabato86-1024x683.jpg\" alt=\"zuppa-della-bont\u00e0-digitale\" srcset=\"https:\/\/magazine.retedeldono.it\/wp-content\/uploads\/2023\/11\/Zuppa2023Sabato86-1024x683.jpg 1024w, https:\/\/magazine.retedeldono.it\/wp-content\/uploads\/2023\/11\/Zuppa2023Sabato86-300x200.jpg 300w, https:\/\/magazine.retedeldono.it\/wp-content\/uploads\/2023\/11\/Zuppa2023Sabato86-768x512.jpg 768w, https:\/\/magazine.retedeldono.it\/wp-content\/uploads\/2023\/11\/Zuppa2023Sabato86-1536x1024.jpg 1536w, https:\/\/magazine.retedeldono.it\/wp-content\/uploads\/2023\/11\/Zuppa2023Sabato86-2048x1365.jpg 2048w, https:\/\/magazine.retedeldono.it\/wp-content\/uploads\/2023\/11\/Zuppa2023Sabato86-900x600.jpg 900w\" sizes=\"auto, (max-width: 1024px) 100vw, 1024px\" \/><\/figure>\r\n<\/div>\r\n\r\n\r\n<h2 class=\"wp-block-heading\">I vantaggi di una campagna online e offline<\/h2>\r\n\r\n\r\n\r\n<ol class=\"wp-block-list\">\r\n<li><strong>Allunga la durata dell\u2019evento.<\/strong> Da quando vive anche sul digitale, Zuppa della Bont\u00e0 non \u00e8 pi\u00f9 un semplice evento di 2 giorni, ma \u00e8 impostata come una vera e propria campagna di 2 mesi e mezzo.<\/li>\r\n\r\n\r\n\r\n<li><strong>Raggiunge molte pi\u00f9 persone.<\/strong> Con pi\u00f9 tempo per promuoverla, l\u2019entusiasmo dei volontari arriva non solo alle persone che si incrociano in piazza ma anche in modo capillare ai propri contatti.<\/li>\r\n\r\n\r\n\r\n<li><strong>Arriva ovunque.<\/strong> Ad essere coinvolte non sono pi\u00f9 solo le citt\u00e0 toccate dall\u2019evento, ma potenzialmente chiunque sul territorio italiano.<\/li>\r\n\r\n\r\n\r\n<li><strong>Permette un\u2019attivazione personalizzata.<\/strong> \u201cPer stare in piazza ci vuole tempo, energia e anche la capacit\u00e0 di non farsi problemi nell\u2019avvicinare degli sconosciuti. Chi invece si trova a suo agio con amici e conoscenti, nell\u2019online trova la propria dimensione\u201d.<\/li>\r\n<\/ol>\r\n","protected":false},"excerpt":{"rendered":"<p>Da dopo la pandemia, tante iniziative che avevano scoperto il digitale non sono pi\u00f9 tornate indietro. Sono nate cos\u00ec campagne che, una volta tornate anche per strada, sanno ibridare alla&#8230;<\/p>\n","protected":false},"author":7,"featured_media":2859,"comment_status":"open","ping_status":"open","sticky":true,"template":"","format":"standard","meta":{"_acf_changed":false,"footnotes":""},"categories":[22],"tags":[],"class_list":{"0":"post-2856","1":"post","2":"type-post","3":"status-publish","4":"format-standard","5":"has-post-thumbnail","7":"category-digital"},"acf":{"homepage_rdd":true},"yoast_head":"<!-- This site is optimized with the Yoast SEO plugin v27.5 - https:\/\/yoast.com\/product\/yoast-seo-wordpress\/ -->\n<title>Zuppa della Bont\u00e0, il digitale scende in piazza - Rete del Dono Magazine<\/title>\n<meta name=\"description\" content=\"Le campagne migliori? Quelle che sanno ibridare online e offline. Come Zuppa della Bont\u00e0: digitale e banchetti in una sinergia perfetta.\" \/>\n<meta name=\"robots\" content=\"index, follow, max-snippet:-1, max-image-preview:large, max-video-preview:-1\" \/>\n<link rel=\"canonical\" href=\"https:\/\/www.retedeldono.it\/magazine\/zuppa-della-bonta-il-digitale-scende-in-piazza\/\" \/>\n<meta property=\"og:locale\" content=\"it_IT\" \/>\n<meta property=\"og:type\" content=\"article\" \/>\n<meta property=\"og:title\" content=\"Zuppa della Bont\u00e0, il digitale scende in piazza\" \/>\n<meta property=\"og:description\" content=\"Le campagne migliori? Quelle che sanno ibridare online e offline. Come Zuppa della Bont\u00e0: digitale e banchetti in una sinergia perfetta.\" \/>\n<meta property=\"og:url\" content=\"https:\/\/www.retedeldono.it\/magazine\/zuppa-della-bonta-il-digitale-scende-in-piazza\/\" \/>\n<meta property=\"og:site_name\" content=\"Rete del Dono Magazine\" \/>\n<meta property=\"article:publisher\" content=\"https:\/\/www.facebook.com\/retedeldono\/\" \/>\n<meta property=\"article:published_time\" content=\"2023-11-16T08:00:00+00:00\" \/>\n<meta property=\"article:modified_time\" content=\"2023-11-27T11:50:34+00:00\" \/>\n<meta property=\"og:image\" content=\"https:\/\/magazine.retedeldono.it\/wp-content\/uploads\/2023\/11\/Principale.jpg\" \/>\n\t<meta property=\"og:image:width\" content=\"1016\" \/>\n\t<meta property=\"og:image:height\" content=\"700\" \/>\n\t<meta property=\"og:image:type\" content=\"image\/jpeg\" \/>\n<meta name=\"author\" content=\"Aldo Lubrani\" \/>\n<meta name=\"twitter:card\" content=\"summary_large_image\" \/>\n<meta name=\"twitter:title\" content=\"Zuppa della Bont\u00e0, il digitale scende in piazza\" \/>\n<meta name=\"twitter:description\" content=\"Le campagne migliori? Quelle che sanno ibridare online e offline. Come Zuppa della Bont\u00e0: digitale e banchetti in una sinergia perfetta.\" \/>\n<meta name=\"twitter:image\" content=\"https:\/\/magazine.retedeldono.it\/wp-content\/uploads\/2023\/11\/Principale.jpg\" \/>\n<meta name=\"twitter:label1\" content=\"Scritto da\" \/>\n\t<meta name=\"twitter:data1\" content=\"Aldo Lubrani\" \/>\n\t<meta name=\"twitter:label2\" content=\"Tempo di lettura stimato\" \/>\n\t<meta name=\"twitter:data2\" content=\"4 minuti\" \/>\n<script type=\"application\/ld+json\" class=\"yoast-schema-graph\">{\"@context\":\"https:\\\/\\\/schema.org\",\"@graph\":[{\"@type\":\"Article\",\"@id\":\"https:\\\/\\\/www.retedeldono.it\\\/magazine\\\/zuppa-della-bonta-il-digitale-scende-in-piazza\\\/#article\",\"isPartOf\":{\"@id\":\"https:\\\/\\\/www.retedeldono.it\\\/magazine\\\/zuppa-della-bonta-il-digitale-scende-in-piazza\\\/\"},\"author\":{\"name\":\"Aldo Lubrani\",\"@id\":\"https:\\\/\\\/www.retedeldono.it\\\/magazine\\\/#\\\/schema\\\/person\\\/19118fc3b527ea22d276cc2b446f7353\"},\"headline\":\"Zuppa della Bont\u00e0, il digitale scende in piazza\",\"datePublished\":\"2023-11-16T08:00:00+00:00\",\"dateModified\":\"2023-11-27T11:50:34+00:00\",\"mainEntityOfPage\":{\"@id\":\"https:\\\/\\\/www.retedeldono.it\\\/magazine\\\/zuppa-della-bonta-il-digitale-scende-in-piazza\\\/\"},\"wordCount\":601,\"commentCount\":0,\"image\":{\"@id\":\"https:\\\/\\\/www.retedeldono.it\\\/magazine\\\/zuppa-della-bonta-il-digitale-scende-in-piazza\\\/#primaryimage\"},\"thumbnailUrl\":\"https:\\\/\\\/magazine.retedeldono.it\\\/wp-content\\\/uploads\\\/2023\\\/11\\\/Principale.jpg\",\"articleSection\":[\"Digital\"],\"inLanguage\":\"it-IT\",\"potentialAction\":[{\"@type\":\"CommentAction\",\"name\":\"Comment\",\"target\":[\"https:\\\/\\\/www.retedeldono.it\\\/magazine\\\/zuppa-della-bonta-il-digitale-scende-in-piazza\\\/#respond\"]}]},{\"@type\":\"WebPage\",\"@id\":\"https:\\\/\\\/www.retedeldono.it\\\/magazine\\\/zuppa-della-bonta-il-digitale-scende-in-piazza\\\/\",\"url\":\"https:\\\/\\\/www.retedeldono.it\\\/magazine\\\/zuppa-della-bonta-il-digitale-scende-in-piazza\\\/\",\"name\":\"Zuppa della Bont\u00e0, il digitale scende in piazza - Rete del Dono Magazine\",\"isPartOf\":{\"@id\":\"https:\\\/\\\/www.retedeldono.it\\\/magazine\\\/#website\"},\"primaryImageOfPage\":{\"@id\":\"https:\\\/\\\/www.retedeldono.it\\\/magazine\\\/zuppa-della-bonta-il-digitale-scende-in-piazza\\\/#primaryimage\"},\"image\":{\"@id\":\"https:\\\/\\\/www.retedeldono.it\\\/magazine\\\/zuppa-della-bonta-il-digitale-scende-in-piazza\\\/#primaryimage\"},\"thumbnailUrl\":\"https:\\\/\\\/magazine.retedeldono.it\\\/wp-content\\\/uploads\\\/2023\\\/11\\\/Principale.jpg\",\"datePublished\":\"2023-11-16T08:00:00+00:00\",\"dateModified\":\"2023-11-27T11:50:34+00:00\",\"author\":{\"@id\":\"https:\\\/\\\/www.retedeldono.it\\\/magazine\\\/#\\\/schema\\\/person\\\/19118fc3b527ea22d276cc2b446f7353\"},\"description\":\"Le campagne migliori? Quelle che sanno ibridare online e offline. Come Zuppa della Bont\u00e0: digitale e banchetti in una sinergia perfetta.\",\"breadcrumb\":{\"@id\":\"https:\\\/\\\/www.retedeldono.it\\\/magazine\\\/zuppa-della-bonta-il-digitale-scende-in-piazza\\\/#breadcrumb\"},\"inLanguage\":\"it-IT\",\"potentialAction\":[{\"@type\":\"ReadAction\",\"target\":[\"https:\\\/\\\/www.retedeldono.it\\\/magazine\\\/zuppa-della-bonta-il-digitale-scende-in-piazza\\\/\"]}]},{\"@type\":\"ImageObject\",\"inLanguage\":\"it-IT\",\"@id\":\"https:\\\/\\\/www.retedeldono.it\\\/magazine\\\/zuppa-della-bonta-il-digitale-scende-in-piazza\\\/#primaryimage\",\"url\":\"https:\\\/\\\/magazine.retedeldono.it\\\/wp-content\\\/uploads\\\/2023\\\/11\\\/Principale.jpg\",\"contentUrl\":\"https:\\\/\\\/magazine.retedeldono.it\\\/wp-content\\\/uploads\\\/2023\\\/11\\\/Principale.jpg\",\"width\":1016,\"height\":700,\"caption\":\"zuppa-della-bont\u00e0-digitale\"},{\"@type\":\"BreadcrumbList\",\"@id\":\"https:\\\/\\\/www.retedeldono.it\\\/magazine\\\/zuppa-della-bonta-il-digitale-scende-in-piazza\\\/#breadcrumb\",\"itemListElement\":[{\"@type\":\"ListItem\",\"position\":1,\"name\":\"Home\",\"item\":\"https:\\\/\\\/www.retedeldono.it\\\/magazine\\\/\"},{\"@type\":\"ListItem\",\"position\":2,\"name\":\"Zuppa della Bont\u00e0, il digitale scende in piazza\"}]},{\"@type\":\"WebSite\",\"@id\":\"https:\\\/\\\/www.retedeldono.it\\\/magazine\\\/#website\",\"url\":\"https:\\\/\\\/www.retedeldono.it\\\/magazine\\\/\",\"name\":\"Rete del Dono Magazine\",\"description\":\"Rete del Dono Magazine\",\"potentialAction\":[{\"@type\":\"SearchAction\",\"target\":{\"@type\":\"EntryPoint\",\"urlTemplate\":\"https:\\\/\\\/www.retedeldono.it\\\/magazine\\\/?s={search_term_string}\"},\"query-input\":{\"@type\":\"PropertyValueSpecification\",\"valueRequired\":true,\"valueName\":\"search_term_string\"}}],\"inLanguage\":\"it-IT\"},{\"@type\":\"Person\",\"@id\":\"https:\\\/\\\/www.retedeldono.it\\\/magazine\\\/#\\\/schema\\\/person\\\/19118fc3b527ea22d276cc2b446f7353\",\"name\":\"Aldo Lubrani\",\"image\":{\"@type\":\"ImageObject\",\"inLanguage\":\"it-IT\",\"@id\":\"https:\\\/\\\/secure.gravatar.com\\\/avatar\\\/e948991b445298d4342a4a232b29e90adbf8a4af10151e265f6e6f3e9a10f68c?s=96&d=mm&r=g\",\"url\":\"https:\\\/\\\/secure.gravatar.com\\\/avatar\\\/e948991b445298d4342a4a232b29e90adbf8a4af10151e265f6e6f3e9a10f68c?s=96&d=mm&r=g\",\"contentUrl\":\"https:\\\/\\\/secure.gravatar.com\\\/avatar\\\/e948991b445298d4342a4a232b29e90adbf8a4af10151e265f6e6f3e9a10f68c?s=96&d=mm&r=g\",\"caption\":\"Aldo Lubrani\"},\"description\":\"Laureato con lode in Relazioni Internazionali presso Universit\u00e0 degli studi Roma Tre, Master in Europrogettazione presso Europa Business School di Bologna. Google Digital Training Certificate. Lavoro da anni nel settore Digital, Fundraising e Non Profit. Su Rete del Dono ricopro il ruolo di Project Manager nell'ambito Comunicazione, Digital e Personal Fundraising. Appassionato di viaggi, natura, pittura.\",\"sameAs\":[\"https:\\\/\\\/www.retedeldono.it\"],\"url\":\"https:\\\/\\\/www.retedeldono.it\\\/magazine\\\/author\\\/aldo-lubrani\\\/\"}]}<\/script>\n<!-- \/ Yoast SEO plugin. -->","yoast_head_json":{"title":"Zuppa della Bont\u00e0, il digitale scende in piazza - Rete del Dono Magazine","description":"Le campagne migliori? Quelle che sanno ibridare online e offline. Come Zuppa della Bont\u00e0: digitale e banchetti in una sinergia perfetta.","robots":{"index":"index","follow":"follow","max-snippet":"max-snippet:-1","max-image-preview":"max-image-preview:large","max-video-preview":"max-video-preview:-1"},"canonical":"https:\/\/www.retedeldono.it\/magazine\/zuppa-della-bonta-il-digitale-scende-in-piazza\/","og_locale":"it_IT","og_type":"article","og_title":"Zuppa della Bont\u00e0, il digitale scende in piazza","og_description":"Le campagne migliori? Quelle che sanno ibridare online e offline. Come Zuppa della Bont\u00e0: digitale e banchetti in una sinergia perfetta.","og_url":"https:\/\/www.retedeldono.it\/magazine\/zuppa-della-bonta-il-digitale-scende-in-piazza\/","og_site_name":"Rete del Dono Magazine","article_publisher":"https:\/\/www.facebook.com\/retedeldono\/","article_published_time":"2023-11-16T08:00:00+00:00","article_modified_time":"2023-11-27T11:50:34+00:00","og_image":[{"width":1016,"height":700,"url":"https:\/\/magazine.retedeldono.it\/wp-content\/uploads\/2023\/11\/Principale.jpg","type":"image\/jpeg"}],"author":"Aldo Lubrani","twitter_card":"summary_large_image","twitter_title":"Zuppa della Bont\u00e0, il digitale scende in piazza","twitter_description":"Le campagne migliori? Quelle che sanno ibridare online e offline. Come Zuppa della Bont\u00e0: digitale e banchetti in una sinergia perfetta.","twitter_image":"https:\/\/magazine.retedeldono.it\/wp-content\/uploads\/2023\/11\/Principale.jpg","twitter_misc":{"Scritto da":"Aldo Lubrani","Tempo di lettura stimato":"4 minuti"},"schema":{"@context":"https:\/\/schema.org","@graph":[{"@type":"Article","@id":"https:\/\/www.retedeldono.it\/magazine\/zuppa-della-bonta-il-digitale-scende-in-piazza\/#article","isPartOf":{"@id":"https:\/\/www.retedeldono.it\/magazine\/zuppa-della-bonta-il-digitale-scende-in-piazza\/"},"author":{"name":"Aldo Lubrani","@id":"https:\/\/www.retedeldono.it\/magazine\/#\/schema\/person\/19118fc3b527ea22d276cc2b446f7353"},"headline":"Zuppa della Bont\u00e0, il digitale scende in piazza","datePublished":"2023-11-16T08:00:00+00:00","dateModified":"2023-11-27T11:50:34+00:00","mainEntityOfPage":{"@id":"https:\/\/www.retedeldono.it\/magazine\/zuppa-della-bonta-il-digitale-scende-in-piazza\/"},"wordCount":601,"commentCount":0,"image":{"@id":"https:\/\/www.retedeldono.it\/magazine\/zuppa-della-bonta-il-digitale-scende-in-piazza\/#primaryimage"},"thumbnailUrl":"https:\/\/magazine.retedeldono.it\/wp-content\/uploads\/2023\/11\/Principale.jpg","articleSection":["Digital"],"inLanguage":"it-IT","potentialAction":[{"@type":"CommentAction","name":"Comment","target":["https:\/\/www.retedeldono.it\/magazine\/zuppa-della-bonta-il-digitale-scende-in-piazza\/#respond"]}]},{"@type":"WebPage","@id":"https:\/\/www.retedeldono.it\/magazine\/zuppa-della-bonta-il-digitale-scende-in-piazza\/","url":"https:\/\/www.retedeldono.it\/magazine\/zuppa-della-bonta-il-digitale-scende-in-piazza\/","name":"Zuppa della Bont\u00e0, il digitale scende in piazza - Rete del Dono Magazine","isPartOf":{"@id":"https:\/\/www.retedeldono.it\/magazine\/#website"},"primaryImageOfPage":{"@id":"https:\/\/www.retedeldono.it\/magazine\/zuppa-della-bonta-il-digitale-scende-in-piazza\/#primaryimage"},"image":{"@id":"https:\/\/www.retedeldono.it\/magazine\/zuppa-della-bonta-il-digitale-scende-in-piazza\/#primaryimage"},"thumbnailUrl":"https:\/\/magazine.retedeldono.it\/wp-content\/uploads\/2023\/11\/Principale.jpg","datePublished":"2023-11-16T08:00:00+00:00","dateModified":"2023-11-27T11:50:34+00:00","author":{"@id":"https:\/\/www.retedeldono.it\/magazine\/#\/schema\/person\/19118fc3b527ea22d276cc2b446f7353"},"description":"Le campagne migliori? Quelle che sanno ibridare online e offline. Come Zuppa della Bont\u00e0: digitale e banchetti in una sinergia perfetta.","breadcrumb":{"@id":"https:\/\/www.retedeldono.it\/magazine\/zuppa-della-bonta-il-digitale-scende-in-piazza\/#breadcrumb"},"inLanguage":"it-IT","potentialAction":[{"@type":"ReadAction","target":["https:\/\/www.retedeldono.it\/magazine\/zuppa-della-bonta-il-digitale-scende-in-piazza\/"]}]},{"@type":"ImageObject","inLanguage":"it-IT","@id":"https:\/\/www.retedeldono.it\/magazine\/zuppa-della-bonta-il-digitale-scende-in-piazza\/#primaryimage","url":"https:\/\/magazine.retedeldono.it\/wp-content\/uploads\/2023\/11\/Principale.jpg","contentUrl":"https:\/\/magazine.retedeldono.it\/wp-content\/uploads\/2023\/11\/Principale.jpg","width":1016,"height":700,"caption":"zuppa-della-bont\u00e0-digitale"},{"@type":"BreadcrumbList","@id":"https:\/\/www.retedeldono.it\/magazine\/zuppa-della-bonta-il-digitale-scende-in-piazza\/#breadcrumb","itemListElement":[{"@type":"ListItem","position":1,"name":"Home","item":"https:\/\/www.retedeldono.it\/magazine\/"},{"@type":"ListItem","position":2,"name":"Zuppa della Bont\u00e0, il digitale scende in piazza"}]},{"@type":"WebSite","@id":"https:\/\/www.retedeldono.it\/magazine\/#website","url":"https:\/\/www.retedeldono.it\/magazine\/","name":"Rete del Dono Magazine","description":"Rete del Dono Magazine","potentialAction":[{"@type":"SearchAction","target":{"@type":"EntryPoint","urlTemplate":"https:\/\/www.retedeldono.it\/magazine\/?s={search_term_string}"},"query-input":{"@type":"PropertyValueSpecification","valueRequired":true,"valueName":"search_term_string"}}],"inLanguage":"it-IT"},{"@type":"Person","@id":"https:\/\/www.retedeldono.it\/magazine\/#\/schema\/person\/19118fc3b527ea22d276cc2b446f7353","name":"Aldo Lubrani","image":{"@type":"ImageObject","inLanguage":"it-IT","@id":"https:\/\/secure.gravatar.com\/avatar\/e948991b445298d4342a4a232b29e90adbf8a4af10151e265f6e6f3e9a10f68c?s=96&d=mm&r=g","url":"https:\/\/secure.gravatar.com\/avatar\/e948991b445298d4342a4a232b29e90adbf8a4af10151e265f6e6f3e9a10f68c?s=96&d=mm&r=g","contentUrl":"https:\/\/secure.gravatar.com\/avatar\/e948991b445298d4342a4a232b29e90adbf8a4af10151e265f6e6f3e9a10f68c?s=96&d=mm&r=g","caption":"Aldo Lubrani"},"description":"Laureato con lode in Relazioni Internazionali presso Universit\u00e0 degli studi Roma Tre, Master in Europrogettazione presso Europa Business School di Bologna. Google Digital Training Certificate. Lavoro da anni nel settore Digital, Fundraising e Non Profit. Su Rete del Dono ricopro il ruolo di Project Manager nell'ambito Comunicazione, Digital e Personal Fundraising. Appassionato di viaggi, natura, pittura.","sameAs":["https:\/\/www.retedeldono.it"],"url":"https:\/\/www.retedeldono.it\/magazine\/author\/aldo-lubrani\/"}]}},"_links":{"self":[{"href":"https:\/\/www.retedeldono.it\/magazine\/wp-json\/wp\/v2\/posts\/2856","targetHints":{"allow":["GET"]}}],"collection":[{"href":"https:\/\/www.retedeldono.it\/magazine\/wp-json\/wp\/v2\/posts"}],"about":[{"href":"https:\/\/www.retedeldono.it\/magazine\/wp-json\/wp\/v2\/types\/post"}],"author":[{"embeddable":true,"href":"https:\/\/www.retedeldono.it\/magazine\/wp-json\/wp\/v2\/users\/7"}],"replies":[{"embeddable":true,"href":"https:\/\/www.retedeldono.it\/magazine\/wp-json\/wp\/v2\/comments?post=2856"}],"version-history":[{"count":3,"href":"https:\/\/www.retedeldono.it\/magazine\/wp-json\/wp\/v2\/posts\/2856\/revisions"}],"predecessor-version":[{"id":2887,"href":"https:\/\/www.retedeldono.it\/magazine\/wp-json\/wp\/v2\/posts\/2856\/revisions\/2887"}],"wp:featuredmedia":[{"embeddable":true,"href":"https:\/\/www.retedeldono.it\/magazine\/wp-json\/wp\/v2\/media\/2859"}],"wp:attachment":[{"href":"https:\/\/www.retedeldono.it\/magazine\/wp-json\/wp\/v2\/media?parent=2856"}],"wp:term":[{"taxonomy":"category","embeddable":true,"href":"https:\/\/www.retedeldono.it\/magazine\/wp-json\/wp\/v2\/categories?post=2856"},{"taxonomy":"post_tag","embeddable":true,"href":"https:\/\/www.retedeldono.it\/magazine\/wp-json\/wp\/v2\/tags?post=2856"}],"curies":[{"name":"wp","href":"https:\/\/api.w.org\/{rel}","templated":true}]}}